{"id":5105,"date":"2025-12-05T01:54:54","date_gmt":"2025-12-05T00:54:54","guid":{"rendered":"https:\/\/velipost.com\/?p=5105"},"modified":"2025-12-05T01:54:57","modified_gmt":"2025-12-05T00:54:57","slug":"bellegarde-determine-serein-et-ambitieux-pour-la-coupe-du-monde","status":"publish","type":"post","link":"https:\/\/velipost.com\/?p=5105","title":{"rendered":"Bellegarde : d\u00e9termin\u00e9, serein et ambitieux pour la Coupe du monde"},"content":{"rendered":"\n<p>Interrog\u00e9 par\u00a0<em>Foot Mercato<\/em>\u00a0sur le retour historique d\u2019Ha\u00efti en Coupe du monde, Jean-Ricner Bellegarde s\u2019est confi\u00e9 \u00e0\u00a0<em>Foot Mercato<\/em>\u00a0avec un discours m\u00ealant d\u00e9termination et lucidit\u00e9. Pour le milieu de terrain, les Grenadiers abordent ce rendez-vous sans pression excessive, conscients de l\u2019ampleur du d\u00e9fi mais refusant de se consid\u00e9rer comme des outsiders condamn\u00e9s d\u2019avance. \u00ab On arrive sans pression\u2026 Rien n\u2019est jou\u00e9 d\u2019avance \u00bb, affirme-t-il, soulignant la volont\u00e9 de l\u2019\u00e9quipe de jouer son football et de se mesurer aux grandes nations avec ambition et confiance.<\/p>\n\n\n\n<p>Bellegarde met en avant un \u00e9l\u00e9ment central : la force collective. Selon lui, la pression p\u00e8sera davantage sur les adversaires que sur Ha\u00efti, qui n\u2019a rien \u00e0 perdre mais tout \u00e0 gagner. La cl\u00e9, insiste-t-il, r\u00e9sidera dans la solidarit\u00e9, les efforts communs et la capacit\u00e9 du groupe \u00e0 rester uni face aux d\u00e9fis. \u00ab R\u00e9aliser une grande performance contre une grosse \u00e9quipe serait extraordinaire. Sortir des poules ? Ce serait l\u00e9gendaire \u00bb, d\u00e9clare-t-il, conscient de la port\u00e9e historique qu\u2019un tel exploit repr\u00e9senterait pour le football ha\u00eftien.<\/p>\n\n\n\n<p>Dans un m\u00e9lange de r\u00e9alisme et d\u2019ambition assum\u00e9e, le joueur rappelle que participer \u00e0 la Coupe du monde est d\u00e9j\u00e0 un moment exceptionnel pour Ha\u00efti. Toutefois, l\u2019objectif reste clair : laisser une trace, marquer les m\u00e9moires et inscrire ce retour dans l\u2019histoire du sport national. \u00ab On va profiter\u2026 mais on veut aussi marquer l\u2019histoire \u00bb, conclut Bellegarde, d\u00e9termin\u00e9 \u00e0 faire de cette participation un chapitre marquant du parcours des Grenadiers sur la sc\u00e8ne mondiale.<\/p>\n\n    <div class=\"xs_social_share_widget xs_share_url after_content \t\tmain_content  wslu-style-3 wslu-share-box-shaped wslu-fill-brand-hover-colored wslu-share-m-5 wslu-none wslu-share-horizontal wslu-theme-font-no wslu-main_content\">\n\n\t\t\n        <ul>\n\t\t\t                    <li class=\"xs-share-li twitter                        wslu-no-extra-data\">\n                        <a href=\"javascript:void(0);\"\n                           id=\"xs_feed_twitter\"\n                           onclick=\"xs_social_sharer(this);\"\n                           data-pid=\"5105\"\n                           data-uri_hash=\"59137a1f6847dd9f8f2118f456bf5a7e\"\n                           data-key=\"twitter\"\n                           data-xs-href=\"https:\/\/twitter.com\/intent\/tweet?text=Bellegarde+%3A+d%C3%A9termin%C3%A9%2C+serein+et+ambitieux+pour+la+Coupe+du+monde+https%3A%2F%2Fvelipost.com%2Findex.php%3Frest_route%3D%252Fwp%252Fv2%252Fposts%252F5105&amp;original_referer=https%3A%2F%2Fvelipost.com%2Findex.php%3Frest_route%3D%252Fwp%252Fv2%252Fposts%252F5105&amp;related=xpeedstudio\">\n\n                            <div class=\"xs-social-icon\">\n                                <span class=\"met-social met-social-twitter\"><\/span>\n                            <\/div>\n\n\t\t\t\t\t\t\t\n                            <div class=\"wslu-hover-content\">\n                                <div class=\"xs-social-followers\">\n\t\t\t\t\t\t\t\t\t10                                <\/div>\n                                <div class=\"xs-social-follower-text\">\n\t\t\t\t\t\t\t\t\tShare                                <\/div>\n                                <div class=\"xs-social-follower-label\">\n\t\t\t\t\t\t\t\t\tTwitter                                <\/div>\n                            <\/div>\n                        <\/a>\n                    <\/li>\n\t\t\t\t\t                    <li class=\"xs-share-li telegram                        wslu-no-extra-data\">\n                        <a href=\"javascript:void(0);\"\n                           id=\"xs_feed_telegram\"\n                           onclick=\"xs_social_sharer(this);\"\n                           data-pid=\"5105\"\n                           data-uri_hash=\"59137a1f6847dd9f8f2118f456bf5a7e\"\n                           data-key=\"telegram\"\n                           data-xs-href=\"https:\/\/telegram.me\/share\/url?url=https%3A%2F%2Fvelipost.com%2Findex.php%3Frest_route%3D%252Fwp%252Fv2%252Fposts%252F5105&amp;text=Bellegarde+%3A+d%C3%A9termin%C3%A9%2C+serein+et+ambitieux+pour+la+Coupe+du+monde\">\n\n                            <div class=\"xs-social-icon\">\n                                <span class=\"met-social met-social-telegram\"><\/span>\n                            <\/div>\n\n\t\t\t\t\t\t\t\n                            <div class=\"wslu-hover-content\">\n                                <div class=\"xs-social-followers\">\n\t\t\t\t\t\t\t\t\t0                                <\/div>\n                                <div class=\"xs-social-follower-text\">\n\t\t\t\t\t\t\t\t\tShare                                <\/div>\n                                <div class=\"xs-social-follower-label\">\n\t\t\t\t\t\t\t\t\tTelegram                                <\/div>\n                            <\/div>\n                        <\/a>\n                    <\/li>\n\t\t\t\t\t                    <li class=\"xs-share-li email                        wslu-no-extra-data\">\n                        <a href=\"javascript:void(0);\"\n                           id=\"xs_feed_email\"\n                           onclick=\"xs_social_sharer(this);\"\n                           data-pid=\"5105\"\n                           data-uri_hash=\"59137a1f6847dd9f8f2118f456bf5a7e\"\n                           data-key=\"email\"\n                           data-xs-href=\"mailto:?body=Title%3A+Bellegarde+%3A+d%C3%A9termin%C3%A9%2C+serein+et+ambitieux+pour+la+Coupe+du+monde+%5Cn%5Cn+URL%3A+https%3A%2F%2Fvelipost.com%2Findex.php%3Frest_route%3D%252Fwp%252Fv2%252Fposts%252F5105&amp;subject=Bellegarde+%3A+d%C3%A9termin%C3%A9%2C+serein+et+ambitieux+pour+la+Coupe+du+monde\">\n\n                            <div class=\"xs-social-icon\">\n                                <span class=\"met-social met-social-email\"><\/span>\n                            <\/div>\n\n\t\t\t\t\t\t\t\n                            <div class=\"wslu-hover-content\">\n                                <div class=\"xs-social-followers\">\n\t\t\t\t\t\t\t\t\t0                                <\/div>\n                                <div class=\"xs-social-follower-text\">\n\t\t\t\t\t\t\t\t\tShare                                <\/div>\n                                <div class=\"xs-social-follower-label\">\n\t\t\t\t\t\t\t\t\tEmail                                <\/div>\n                            <\/div>\n                        <\/a>\n                    <\/li>\n\t\t\t\t\t        <\/ul>\n    <\/div> \n","protected":false},"excerpt":{"rendered":"<p>Interrog\u00e9 par\u00a0Foot Mercato\u00a0sur le retour historique d\u2019Ha\u00efti en Coupe du monde, Jean-Ricner Bellegarde s\u2019est confi\u00e9 \u00e0\u00a0Foot Mercato\u00a0avec un discours m\u00ealant d\u00e9termination et lucidit\u00e9. Pour<\/p>\n","protected":false},"author":1,"featured_media":5106,"comment_status":"open","ping_status":"open","sticky":false,"template":"","format":"standard","meta":{"_uag_custom_page_level_css":"","footnotes":"","jetpack_publicize_message":"","jetpack_publicize_feature_enabled":true,"jetpack_social_post_already_shared":true,"jetpack_social_options":{"image_generator_settings":{"template":"highway","default_image_id":0,"font":"","enabled":false},"version":2}},"categories":[102],"tags":[],"class_list":["post-5105","post","type-post","status-publish","format-standard","has-post-thumbnail","hentry","category-football"],"yoast_head":"<!-- This site is optimized with the Yoast SEO plugin v25.3.1 - https:\/\/yoast.com\/wordpress\/plugins\/seo\/ -->\n<title>Bellegarde : d\u00e9termin\u00e9, serein et ambitieux pour la Coupe du monde &#8211; VeliPost<\/title>\n<meta name=\"robots\" content=\"index, follow, max-snippet:-1, max-image-preview:large, max-video-preview:-1\" \/>\n<link rel=\"canonical\" href=\"https:\/\/velipost.com\/?p=5105\" \/>\n<meta property=\"og:locale\" content=\"fr_FR\" \/>\n<meta property=\"og:type\" content=\"article\" \/>\n<meta property=\"og:title\" content=\"Bellegarde : d\u00e9termin\u00e9, serein et ambitieux pour la Coupe du monde &#8211; VeliPost\" \/>\n<meta property=\"og:description\" content=\"Interrog\u00e9 par\u00a0Foot Mercato\u00a0sur le retour historique d\u2019Ha\u00efti en Coupe du monde, Jean-Ricner Bellegarde s\u2019est confi\u00e9 \u00e0\u00a0Foot Mercato\u00a0avec un discours m\u00ealant d\u00e9termination et lucidit\u00e9. Pour\" \/>\n<meta property=\"og:url\" content=\"https:\/\/velipost.com\/?p=5105\" \/>\n<meta property=\"og:site_name\" content=\"VeliPost\" \/>\n<meta property=\"article:publisher\" content=\"https:\/\/www.facebook.com\/veliposthaiti\" \/>\n<meta property=\"article:published_time\" content=\"2025-12-05T00:54:54+00:00\" \/>\n<meta property=\"article:modified_time\" content=\"2025-12-05T00:54:57+00:00\" \/>\n<meta property=\"og:image\" content=\"https:\/\/velipost.com\/wp-content\/uploads\/2025\/12\/Bellegarde.jpg\" \/>\n\t<meta property=\"og:image:width\" content=\"1170\" \/>\n\t<meta property=\"og:image:height\" content=\"603\" \/>\n\t<meta property=\"og:image:type\" content=\"image\/jpeg\" \/>\n<meta name=\"author\" content=\"VeliPost\" \/>\n<meta name=\"twitter:card\" content=\"summary_large_image\" \/>\n<meta name=\"twitter:creator\" content=\"@veliposthaiti\" \/>\n<meta name=\"twitter:site\" content=\"@veliposthaiti\" \/>\n<meta name=\"twitter:label1\" content=\"\u00c9crit par\" \/>\n\t<meta name=\"twitter:data1\" content=\"VeliPost\" \/>\n\t<meta name=\"twitter:label2\" content=\"Dur\u00e9e de lecture estim\u00e9e\" \/>\n\t<meta name=\"twitter:data2\" content=\"2 minutes\" \/>\n<script type=\"application\/ld+json\" class=\"yoast-schema-graph\">{\"@context\":\"https:\/\/schema.org\",\"@graph\":[{\"@type\":\"Article\",\"@id\":\"https:\/\/velipost.com\/?p=5105#article\",\"isPartOf\":{\"@id\":\"https:\/\/velipost.com\/?p=5105\"},\"author\":{\"name\":\"VeliPost\",\"@id\":\"https:\/\/velipost.com\/#\/schema\/person\/32ff49a53c9c1bb24302ee8ece058096\"},\"headline\":\"Bellegarde : d\u00e9termin\u00e9, serein et ambitieux pour la Coupe du monde\",\"datePublished\":\"2025-12-05T00:54:54+00:00\",\"dateModified\":\"2025-12-05T00:54:57+00:00\",\"mainEntityOfPage\":{\"@id\":\"https:\/\/velipost.com\/?p=5105\"},\"wordCount\":281,\"commentCount\":0,\"publisher\":{\"@id\":\"https:\/\/velipost.com\/#organization\"},\"image\":{\"@id\":\"https:\/\/velipost.com\/?p=5105#primaryimage\"},\"thumbnailUrl\":\"https:\/\/velipost.com\/wp-content\/uploads\/2025\/12\/Bellegarde.jpg\",\"articleSection\":[\"Football\"],\"inLanguage\":\"fr-FR\",\"potentialAction\":[{\"@type\":\"CommentAction\",\"name\":\"Comment\",\"target\":[\"https:\/\/velipost.com\/?p=5105#respond\"]}]},{\"@type\":\"WebPage\",\"@id\":\"https:\/\/velipost.com\/?p=5105\",\"url\":\"https:\/\/velipost.com\/?p=5105\",\"name\":\"Bellegarde : d\u00e9termin\u00e9, serein et ambitieux pour la Coupe du monde &#8211; VeliPost\",\"isPartOf\":{\"@id\":\"https:\/\/velipost.com\/#website\"},\"primaryImageOfPage\":{\"@id\":\"https:\/\/velipost.com\/?p=5105#primaryimage\"},\"image\":{\"@id\":\"https:\/\/velipost.com\/?p=5105#primaryimage\"},\"thumbnailUrl\":\"https:\/\/velipost.com\/wp-content\/uploads\/2025\/12\/Bellegarde.jpg\",\"datePublished\":\"2025-12-05T00:54:54+00:00\",\"dateModified\":\"2025-12-05T00:54:57+00:00\",\"breadcrumb\":{\"@id\":\"https:\/\/velipost.com\/?p=5105#breadcrumb\"},\"inLanguage\":\"fr-FR\",\"potentialAction\":[{\"@type\":\"ReadAction\",\"target\":[\"https:\/\/velipost.com\/?p=5105\"]}]},{\"@type\":\"ImageObject\",\"inLanguage\":\"fr-FR\",\"@id\":\"https:\/\/velipost.com\/?p=5105#primaryimage\",\"url\":\"https:\/\/velipost.com\/wp-content\/uploads\/2025\/12\/Bellegarde.jpg\",\"contentUrl\":\"https:\/\/velipost.com\/wp-content\/uploads\/2025\/12\/Bellegarde.jpg\",\"width\":1170,\"height\":603},{\"@type\":\"BreadcrumbList\",\"@id\":\"https:\/\/velipost.com\/?p=5105#breadcrumb\",\"itemListElement\":[{\"@type\":\"ListItem\",\"position\":1,\"name\":\"Accueil\",\"item\":\"https:\/\/velipost.com\/\"},{\"@type\":\"ListItem\",\"position\":2,\"name\":\"Bellegarde : d\u00e9termin\u00e9, serein et ambitieux pour la Coupe du monde\"}]},{\"@type\":\"WebSite\",\"@id\":\"https:\/\/velipost.com\/#website\",\"url\":\"https:\/\/velipost.com\/\",\"name\":\"VeliPost\",\"description\":\"L\u2019info en un clic\",\"publisher\":{\"@id\":\"https:\/\/velipost.com\/#organization\"},\"potentialAction\":[{\"@type\":\"SearchAction\",\"target\":{\"@type\":\"EntryPoint\",\"urlTemplate\":\"https:\/\/velipost.com\/?s={search_term_string}\"},\"query-input\":{\"@type\":\"PropertyValueSpecification\",\"valueRequired\":true,\"valueName\":\"search_term_string\"}}],\"inLanguage\":\"fr-FR\"},{\"@type\":\"Organization\",\"@id\":\"https:\/\/velipost.com\/#organization\",\"name\":\"VeliPost\",\"url\":\"https:\/\/velipost.com\/\",\"logo\":{\"@type\":\"ImageObject\",\"inLanguage\":\"fr-FR\",\"@id\":\"https:\/\/velipost.com\/#\/schema\/logo\/image\/\",\"url\":\"https:\/\/velipost.com\/wp-content\/uploads\/2024\/08\/cropped-VP-logo-piti.png\",\"contentUrl\":\"https:\/\/velipost.com\/wp-content\/uploads\/2024\/08\/cropped-VP-logo-piti.png\",\"width\":201,\"height\":69,\"caption\":\"VeliPost\"},\"image\":{\"@id\":\"https:\/\/velipost.com\/#\/schema\/logo\/image\/\"},\"sameAs\":[\"https:\/\/www.facebook.com\/veliposthaiti\",\"https:\/\/x.com\/veliposthaiti\",\"https:\/\/www.instagram.com\/veliposthaiti\"]},{\"@type\":\"Person\",\"@id\":\"https:\/\/velipost.com\/#\/schema\/person\/32ff49a53c9c1bb24302ee8ece058096\",\"name\":\"VeliPost\",\"image\":{\"@type\":\"ImageObject\",\"inLanguage\":\"fr-FR\",\"@id\":\"https:\/\/velipost.com\/#\/schema\/person\/image\/\",\"url\":\"https:\/\/secure.gravatar.com\/avatar\/57c226c264de62f794185a89596d4a37b85a5ad20aca30d9d5a478b27d8c8d9d?s=96&d=mm&r=g\",\"contentUrl\":\"https:\/\/secure.gravatar.com\/avatar\/57c226c264de62f794185a89596d4a37b85a5ad20aca30d9d5a478b27d8c8d9d?s=96&d=mm&r=g\",\"caption\":\"VeliPost\"},\"sameAs\":[\"https:\/\/velipost.com\"],\"url\":\"https:\/\/velipost.com\/?author=1\"}]}<\/script>\n<!-- \/ Yoast SEO plugin. -->","yoast_head_json":{"title":"Bellegarde : d\u00e9termin\u00e9, serein et ambitieux pour la Coupe du monde &#8211; VeliPost","robots":{"index":"index","follow":"follow","max-snippet":"max-snippet:-1","max-image-preview":"max-image-preview:large","max-video-preview":"max-video-preview:-1"},"canonical":"https:\/\/velipost.com\/?p=5105","og_locale":"fr_FR","og_type":"article","og_title":"Bellegarde : d\u00e9termin\u00e9, serein et ambitieux pour la Coupe du monde &#8211; VeliPost","og_description":"Interrog\u00e9 par\u00a0Foot Mercato\u00a0sur le retour historique d\u2019Ha\u00efti en Coupe du monde, Jean-Ricner Bellegarde s\u2019est confi\u00e9 \u00e0\u00a0Foot Mercato\u00a0avec un discours m\u00ealant d\u00e9termination et lucidit\u00e9. Pour","og_url":"https:\/\/velipost.com\/?p=5105","og_site_name":"VeliPost","article_publisher":"https:\/\/www.facebook.com\/veliposthaiti","article_published_time":"2025-12-05T00:54:54+00:00","article_modified_time":"2025-12-05T00:54:57+00:00","og_image":[{"width":1170,"height":603,"url":"https:\/\/velipost.com\/wp-content\/uploads\/2025\/12\/Bellegarde.jpg","type":"image\/jpeg"}],"author":"VeliPost","twitter_card":"summary_large_image","twitter_creator":"@veliposthaiti","twitter_site":"@veliposthaiti","twitter_misc":{"\u00c9crit par":"VeliPost","Dur\u00e9e de lecture estim\u00e9e":"2 minutes"},"schema":{"@context":"https:\/\/schema.org","@graph":[{"@type":"Article","@id":"https:\/\/velipost.com\/?p=5105#article","isPartOf":{"@id":"https:\/\/velipost.com\/?p=5105"},"author":{"name":"VeliPost","@id":"https:\/\/velipost.com\/#\/schema\/person\/32ff49a53c9c1bb24302ee8ece058096"},"headline":"Bellegarde : d\u00e9termin\u00e9, serein et ambitieux pour la Coupe du monde","datePublished":"2025-12-05T00:54:54+00:00","dateModified":"2025-12-05T00:54:57+00:00","mainEntityOfPage":{"@id":"https:\/\/velipost.com\/?p=5105"},"wordCount":281,"commentCount":0,"publisher":{"@id":"https:\/\/velipost.com\/#organization"},"image":{"@id":"https:\/\/velipost.com\/?p=5105#primaryimage"},"thumbnailUrl":"https:\/\/velipost.com\/wp-content\/uploads\/2025\/12\/Bellegarde.jpg","articleSection":["Football"],"inLanguage":"fr-FR","potentialAction":[{"@type":"CommentAction","name":"Comment","target":["https:\/\/velipost.com\/?p=5105#respond"]}]},{"@type":"WebPage","@id":"https:\/\/velipost.com\/?p=5105","url":"https:\/\/velipost.com\/?p=5105","name":"Bellegarde : d\u00e9termin\u00e9, serein et ambitieux pour la Coupe du monde &#8211; VeliPost","isPartOf":{"@id":"https:\/\/velipost.com\/#website"},"primaryImageOfPage":{"@id":"https:\/\/velipost.com\/?p=5105#primaryimage"},"image":{"@id":"https:\/\/velipost.com\/?p=5105#primaryimage"},"thumbnailUrl":"https:\/\/velipost.com\/wp-content\/uploads\/2025\/12\/Bellegarde.jpg","datePublished":"2025-12-05T00:54:54+00:00","dateModified":"2025-12-05T00:54:57+00:00","breadcrumb":{"@id":"https:\/\/velipost.com\/?p=5105#breadcrumb"},"inLanguage":"fr-FR","potentialAction":[{"@type":"ReadAction","target":["https:\/\/velipost.com\/?p=5105"]}]},{"@type":"ImageObject","inLanguage":"fr-FR","@id":"https:\/\/velipost.com\/?p=5105#primaryimage","url":"https:\/\/velipost.com\/wp-content\/uploads\/2025\/12\/Bellegarde.jpg","contentUrl":"https:\/\/velipost.com\/wp-content\/uploads\/2025\/12\/Bellegarde.jpg","width":1170,"height":603},{"@type":"BreadcrumbList","@id":"https:\/\/velipost.com\/?p=5105#breadcrumb","itemListElement":[{"@type":"ListItem","position":1,"name":"Accueil","item":"https:\/\/velipost.com\/"},{"@type":"ListItem","position":2,"name":"Bellegarde : d\u00e9termin\u00e9, serein et ambitieux pour la Coupe du monde"}]},{"@type":"WebSite","@id":"https:\/\/velipost.com\/#website","url":"https:\/\/velipost.com\/","name":"VeliPost","description":"L\u2019info en un clic","publisher":{"@id":"https:\/\/velipost.com\/#organization"},"potentialAction":[{"@type":"SearchAction","target":{"@type":"EntryPoint","urlTemplate":"https:\/\/velipost.com\/?s={search_term_string}"},"query-input":{"@type":"PropertyValueSpecification","valueRequired":true,"valueName":"search_term_string"}}],"inLanguage":"fr-FR"},{"@type":"Organization","@id":"https:\/\/velipost.com\/#organization","name":"VeliPost","url":"https:\/\/velipost.com\/","logo":{"@type":"ImageObject","inLanguage":"fr-FR","@id":"https:\/\/velipost.com\/#\/schema\/logo\/image\/","url":"https:\/\/velipost.com\/wp-content\/uploads\/2024\/08\/cropped-VP-logo-piti.png","contentUrl":"https:\/\/velipost.com\/wp-content\/uploads\/2024\/08\/cropped-VP-logo-piti.png","width":201,"height":69,"caption":"VeliPost"},"image":{"@id":"https:\/\/velipost.com\/#\/schema\/logo\/image\/"},"sameAs":["https:\/\/www.facebook.com\/veliposthaiti","https:\/\/x.com\/veliposthaiti","https:\/\/www.instagram.com\/veliposthaiti"]},{"@type":"Person","@id":"https:\/\/velipost.com\/#\/schema\/person\/32ff49a53c9c1bb24302ee8ece058096","name":"VeliPost","image":{"@type":"ImageObject","inLanguage":"fr-FR","@id":"https:\/\/velipost.com\/#\/schema\/person\/image\/","url":"https:\/\/secure.gravatar.com\/avatar\/57c226c264de62f794185a89596d4a37b85a5ad20aca30d9d5a478b27d8c8d9d?s=96&d=mm&r=g","contentUrl":"https:\/\/secure.gravatar.com\/avatar\/57c226c264de62f794185a89596d4a37b85a5ad20aca30d9d5a478b27d8c8d9d?s=96&d=mm&r=g","caption":"VeliPost"},"sameAs":["https:\/\/velipost.com"],"url":"https:\/\/velipost.com\/?author=1"}]}},"views":0,"jetpack_publicize_connections":[],"uagb_featured_image_src":{"full":["https:\/\/velipost.com\/wp-content\/uploads\/2025\/12\/Bellegarde.jpg",1170,603,false],"thumbnail":["https:\/\/velipost.com\/wp-content\/uploads\/2025\/12\/Bellegarde-150x150.jpg",150,150,true],"medium":["https:\/\/velipost.com\/wp-content\/uploads\/2025\/12\/Bellegarde-300x155.jpg",300,155,true],"medium_large":["https:\/\/velipost.com\/wp-content\/uploads\/2025\/12\/Bellegarde-768x396.jpg",715,369,true],"large":["https:\/\/velipost.com\/wp-content\/uploads\/2025\/12\/Bellegarde-1024x528.jpg",715,369,true],"1536x1536":["https:\/\/velipost.com\/wp-content\/uploads\/2025\/12\/Bellegarde.jpg",1170,603,false],"2048x2048":["https:\/\/velipost.com\/wp-content\/uploads\/2025\/12\/Bellegarde.jpg",1170,603,false],"colornews-big-slider":["https:\/\/velipost.com\/wp-content\/uploads\/2025\/12\/Bellegarde-1070x470.jpg",1070,470,true],"colornews-big-slider-thumb":["https:\/\/velipost.com\/wp-content\/uploads\/2025\/12\/Bellegarde-184x109.jpg",184,109,true],"colornews-featured-post-medium":["https:\/\/velipost.com\/wp-content\/uploads\/2025\/12\/Bellegarde-345x265.jpg",345,265,true],"colornews-featured-post-small":["https:\/\/velipost.com\/wp-content\/uploads\/2025\/12\/Bellegarde-115x73.jpg",115,73,true],"colornews-random-posts":["https:\/\/velipost.com\/wp-content\/uploads\/2025\/12\/Bellegarde-215x215.jpg",215,215,true],"colornews-featured-image":["https:\/\/velipost.com\/wp-content\/uploads\/2025\/12\/Bellegarde-715x400.jpg",715,400,true],"mailpoet_newsletter_max":["https:\/\/velipost.com\/wp-content\/uploads\/2025\/12\/Bellegarde.jpg",1170,603,false]},"uagb_author_info":{"display_name":"VeliPost","author_link":"https:\/\/velipost.com\/?author=1"},"uagb_comment_info":0,"uagb_excerpt":"Interrog\u00e9 par\u00a0Foot Mercato\u00a0sur le retour historique d\u2019Ha\u00efti en Coupe du monde, Jean-Ricner Bellegarde s\u2019est confi\u00e9 \u00e0\u00a0Foot Mercato\u00a0avec un discours m\u00ealant d\u00e9termination et lucidit\u00e9. Pour","_links":{"self":[{"href":"https:\/\/velipost.com\/index.php?rest_route=\/wp\/v2\/posts\/5105","targetHints":{"allow":["GET"]}}],"collection":[{"href":"https:\/\/velipost.com\/index.php?rest_route=\/wp\/v2\/posts"}],"about":[{"href":"https:\/\/velipost.com\/index.php?rest_route=\/wp\/v2\/types\/post"}],"author":[{"embeddable":true,"href":"https:\/\/velipost.com\/index.php?rest_route=\/wp\/v2\/users\/1"}],"replies":[{"embeddable":true,"href":"https:\/\/velipost.com\/index.php?rest_route=%2Fwp%2Fv2%2Fcomments&post=5105"}],"version-history":[{"count":1,"href":"https:\/\/velipost.com\/index.php?rest_route=\/wp\/v2\/posts\/5105\/revisions"}],"predecessor-version":[{"id":5107,"href":"https:\/\/velipost.com\/index.php?rest_route=\/wp\/v2\/posts\/5105\/revisions\/5107"}],"wp:featuredmedia":[{"embeddable":true,"href":"https:\/\/velipost.com\/index.php?rest_route=\/wp\/v2\/media\/5106"}],"wp:attachment":[{"href":"https:\/\/velipost.com\/index.php?rest_route=%2Fwp%2Fv2%2Fmedia&parent=5105"}],"wp:term":[{"taxonomy":"category","embeddable":true,"href":"https:\/\/velipost.com\/index.php?rest_route=%2Fwp%2Fv2%2Fcategories&post=5105"},{"taxonomy":"post_tag","embeddable":true,"href":"https:\/\/velipost.com\/index.php?rest_route=%2Fwp%2Fv2%2Ftags&post=5105"}],"curies":[{"name":"wp","href":"https:\/\/api.w.org\/{rel}","templated":true}]}}