{"id":5091,"date":"2025-12-04T05:00:46","date_gmt":"2025-12-04T04:00:46","guid":{"rendered":"https:\/\/velipost.com\/?p=5091"},"modified":"2025-12-04T05:00:48","modified_gmt":"2025-12-04T04:00:48","slug":"le-cpp-et-plusieurs-organisations-deposent-une-plainte-a-ligpnh-pour-violences-policieres-envers-le-journaliste-rudy-eveillard","status":"publish","type":"post","link":"https:\/\/velipost.com\/?p=5091","title":{"rendered":"Le CPP et plusieurs organisations d\u00e9posent une plainte \u00e0 l&rsquo;IGPNH pour violences polici\u00e8res envers le journaliste Rudy Eveillard"},"content":{"rendered":"\n<p>Plusieurs organisations de d\u00e9fense des droits humains et de la presse ont d\u00e9pos\u00e9 une plainte \u00e0 l\u2019Inspection g\u00e9n\u00e9rale de la Police nationale d\u2019Ha\u00efti (PNH) contre des violences pr\u00e9sum\u00e9es subies par le journaliste Rudy Eveillard, de Radio UNI FM. Le Collectif des Professionnels de la Presse (CPP), l\u2019ORDEDH, le MIDDHA et JASMA demandent l\u2019ouverture imm\u00e9diate d\u2019une enqu\u00eate administrative et disciplinaire.<\/p>\n\n\n\n<p>Selon la plainte, les faits se seraient produits le 26 novembre 2025. Rudy Eveillard, en route pour ses activit\u00e9s professionnelles, a \u00e9t\u00e9 intercept\u00e9 par un groupe de policiers \u00ab sans motif l\u00e9gal \u00bb, frapp\u00e9 violemment et contraint de monter dans un v\u00e9hicule de renfort. Il a ensuite \u00e9t\u00e9 transf\u00e9r\u00e9 dans un second v\u00e9hicule Toyota RAV4, o\u00f9 se trouvaient quatre agents en tenue civile et gilets pare-balles. Le journaliste a \u00e9t\u00e9 lib\u00e9r\u00e9 que plusieurs heures plus tard, sous contrainte.<\/p>\n\n\n\n<p>Les organisations r\u00e9clament que l\u2019Inspection g\u00e9n\u00e9rale enregistre officiellement la plainte, ouvre une enqu\u00eate exhaustive pour identifier les agents impliqu\u00e9s et applique les sanctions pr\u00e9vues par le r\u00e8glement interne de la PNH. Elles demandent \u00e9galement que le dossier soit transmis au Parquet pour d\u2019\u00e9ventuelles poursuites p\u00e9nales pour abus d\u2019autorit\u00e9 et voies de fait.<\/p>\n\n\n\n<p>Dans leur correspondance, les signataires d\u00e9noncent une \u00ab tendance r\u00e9currente de violences visant les journalistes \u00bb dans l\u2019exercice de leur m\u00e9tier. La plainte a \u00e9t\u00e9 sign\u00e9e par Rudy Eveillard, Lenz Beth Ferlyn Alpar\u00e8te pour le CPP, ainsi que par Me Darbenzky Gilbert (ORDEDH), Me Frantz Louisneus (MIDDHA) et Me Ismond J\u00e9r\u00f4me (JASMA).<\/p>\n\n    <div class=\"xs_social_share_widget xs_share_url after_content \t\tmain_content  wslu-style-3 wslu-share-box-shaped wslu-fill-brand-hover-colored wslu-share-m-5 wslu-none wslu-share-horizontal wslu-theme-font-no wslu-main_content\">\n\n\t\t\n        <ul>\n\t\t\t                    <li class=\"xs-share-li twitter                        wslu-no-extra-data\">\n                        <a href=\"javascript:void(0);\"\n                           id=\"xs_feed_twitter\"\n                           onclick=\"xs_social_sharer(this);\"\n                           data-pid=\"5091\"\n                           data-uri_hash=\"87b2b9ec7f22b127267fb4a9245f75a2\"\n                           data-key=\"twitter\"\n                           data-xs-href=\"https:\/\/twitter.com\/intent\/tweet?text=Le+CPP+et+plusieurs+organisations+d%C3%A9posent+une+plainte+%C3%A0+l%26rsquo%3BIGPNH+pour+violences+polici%C3%A8res+envers+le+journaliste+Rudy+Eveillard+https%3A%2F%2Fvelipost.com%2Findex.php%3Frest_route%3D%252Fwp%252Fv2%252Fposts%252F5091&amp;original_referer=https%3A%2F%2Fvelipost.com%2Findex.php%3Frest_route%3D%252Fwp%252Fv2%252Fposts%252F5091&amp;related=xpeedstudio\">\n\n                            <div class=\"xs-social-icon\">\n                                <span class=\"met-social met-social-twitter\"><\/span>\n                            <\/div>\n\n\t\t\t\t\t\t\t\n                            <div class=\"wslu-hover-content\">\n                                <div class=\"xs-social-followers\">\n\t\t\t\t\t\t\t\t\t10                                <\/div>\n                                <div class=\"xs-social-follower-text\">\n\t\t\t\t\t\t\t\t\tShare                                <\/div>\n                                <div class=\"xs-social-follower-label\">\n\t\t\t\t\t\t\t\t\tTwitter                                <\/div>\n                            <\/div>\n                        <\/a>\n                    <\/li>\n\t\t\t\t\t                    <li class=\"xs-share-li telegram                        wslu-no-extra-data\">\n                        <a href=\"javascript:void(0);\"\n                           id=\"xs_feed_telegram\"\n                           onclick=\"xs_social_sharer(this);\"\n                           data-pid=\"5091\"\n                           data-uri_hash=\"87b2b9ec7f22b127267fb4a9245f75a2\"\n                           data-key=\"telegram\"\n                           data-xs-href=\"https:\/\/telegram.me\/share\/url?url=https%3A%2F%2Fvelipost.com%2Findex.php%3Frest_route%3D%252Fwp%252Fv2%252Fposts%252F5091&amp;text=Le+CPP+et+plusieurs+organisations+d%C3%A9posent+une+plainte+%C3%A0+l%26rsquo%3BIGPNH+pour+violences+polici%C3%A8res+envers+le+journaliste+Rudy+Eveillard\">\n\n                            <div class=\"xs-social-icon\">\n                                <span class=\"met-social met-social-telegram\"><\/span>\n                            <\/div>\n\n\t\t\t\t\t\t\t\n                            <div class=\"wslu-hover-content\">\n                                <div class=\"xs-social-followers\">\n\t\t\t\t\t\t\t\t\t0                                <\/div>\n                                <div class=\"xs-social-follower-text\">\n\t\t\t\t\t\t\t\t\tShare                                <\/div>\n                                <div class=\"xs-social-follower-label\">\n\t\t\t\t\t\t\t\t\tTelegram                                <\/div>\n                            <\/div>\n                        <\/a>\n                    <\/li>\n\t\t\t\t\t                    <li class=\"xs-share-li email                        wslu-no-extra-data\">\n                        <a href=\"javascript:void(0);\"\n                           id=\"xs_feed_email\"\n                           onclick=\"xs_social_sharer(this);\"\n                           data-pid=\"5091\"\n                           data-uri_hash=\"87b2b9ec7f22b127267fb4a9245f75a2\"\n                           data-key=\"email\"\n                           data-xs-href=\"mailto:?body=Title%3A+Le+CPP+et+plusieurs+organisations+d%C3%A9posent+une+plainte+%C3%A0+l%26rsquo%3BIGPNH+pour+violences+polici%C3%A8res+envers+le+journaliste+Rudy+Eveillard+%5Cn%5Cn+URL%3A+https%3A%2F%2Fvelipost.com%2Findex.php%3Frest_route%3D%252Fwp%252Fv2%252Fposts%252F5091&amp;subject=Le+CPP+et+plusieurs+organisations+d%C3%A9posent+une+plainte+%C3%A0+l%26rsquo%3BIGPNH+pour+violences+polici%C3%A8res+envers+le+journaliste+Rudy+Eveillard\">\n\n                            <div class=\"xs-social-icon\">\n                                <span class=\"met-social met-social-email\"><\/span>\n                            <\/div>\n\n\t\t\t\t\t\t\t\n                            <div class=\"wslu-hover-content\">\n                                <div class=\"xs-social-followers\">\n\t\t\t\t\t\t\t\t\t0                                <\/div>\n                                <div class=\"xs-social-follower-text\">\n\t\t\t\t\t\t\t\t\tShare                                <\/div>\n                                <div class=\"xs-social-follower-label\">\n\t\t\t\t\t\t\t\t\tEmail                                <\/div>\n                            <\/div>\n                        <\/a>\n                    <\/li>\n\t\t\t\t\t        <\/ul>\n    <\/div> \n","protected":false},"excerpt":{"rendered":"<p>Plusieurs organisations de d\u00e9fense des droits humains et de la presse ont d\u00e9pos\u00e9 une plainte \u00e0 l\u2019Inspection g\u00e9n\u00e9rale de la Police nationale d\u2019Ha\u00efti (PNH)<\/p>\n","protected":false},"author":1,"featured_media":5093,"comment_status":"open","ping_status":"open","sticky":false,"template":"","format":"standard","meta":{"_uag_custom_page_level_css":"","footnotes":"","jetpack_publicize_message":"","jetpack_publicize_feature_enabled":true,"jetpack_social_post_already_shared":true,"jetpack_social_options":{"image_generator_settings":{"template":"highway","default_image_id":0,"font":"","enabled":false},"version":2}},"categories":[94],"tags":[],"class_list":["post-5091","post","type-post","status-publish","format-standard","has-post-thumbnail","hentry","category-a-la-une"],"yoast_head":"<!-- This site is optimized with the Yoast SEO plugin v25.3.1 - https:\/\/yoast.com\/wordpress\/plugins\/seo\/ -->\n<title>Le CPP et plusieurs organisations d\u00e9posent une plainte \u00e0 l&#039;IGPNH pour violences polici\u00e8res envers le journaliste Rudy Eveillard &#8211; VeliPost<\/title>\n<meta name=\"robots\" content=\"index, follow, max-snippet:-1, max-image-preview:large, max-video-preview:-1\" \/>\n<link rel=\"canonical\" href=\"https:\/\/velipost.com\/?p=5091\" \/>\n<meta property=\"og:locale\" content=\"fr_FR\" \/>\n<meta property=\"og:type\" content=\"article\" \/>\n<meta property=\"og:title\" content=\"Le CPP et plusieurs organisations d\u00e9posent une plainte \u00e0 l&#039;IGPNH pour violences polici\u00e8res envers le journaliste Rudy Eveillard &#8211; VeliPost\" \/>\n<meta property=\"og:description\" content=\"Plusieurs organisations de d\u00e9fense des droits humains et de la presse ont d\u00e9pos\u00e9 une plainte \u00e0 l\u2019Inspection g\u00e9n\u00e9rale de la Police nationale d\u2019Ha\u00efti (PNH)\" \/>\n<meta property=\"og:url\" content=\"https:\/\/velipost.com\/?p=5091\" \/>\n<meta property=\"og:site_name\" content=\"VeliPost\" \/>\n<meta property=\"article:publisher\" content=\"https:\/\/www.facebook.com\/veliposthaiti\" \/>\n<meta property=\"article:published_time\" content=\"2025-12-04T04:00:46+00:00\" \/>\n<meta property=\"article:modified_time\" content=\"2025-12-04T04:00:48+00:00\" \/>\n<meta property=\"og:image\" content=\"https:\/\/velipost.com\/wp-content\/uploads\/2025\/12\/Roody-Eveillard.jpg\" \/>\n\t<meta property=\"og:image:width\" content=\"1170\" \/>\n\t<meta property=\"og:image:height\" content=\"603\" \/>\n\t<meta property=\"og:image:type\" content=\"image\/jpeg\" \/>\n<meta name=\"author\" content=\"VeliPost\" \/>\n<meta name=\"twitter:card\" content=\"summary_large_image\" \/>\n<meta name=\"twitter:creator\" content=\"@veliposthaiti\" \/>\n<meta name=\"twitter:site\" content=\"@veliposthaiti\" \/>\n<meta name=\"twitter:label1\" content=\"\u00c9crit par\" \/>\n\t<meta name=\"twitter:data1\" content=\"VeliPost\" \/>\n\t<meta name=\"twitter:label2\" content=\"Dur\u00e9e de lecture estim\u00e9e\" \/>\n\t<meta name=\"twitter:data2\" content=\"2 minutes\" \/>\n<script type=\"application\/ld+json\" class=\"yoast-schema-graph\">{\"@context\":\"https:\/\/schema.org\",\"@graph\":[{\"@type\":\"Article\",\"@id\":\"https:\/\/velipost.com\/?p=5091#article\",\"isPartOf\":{\"@id\":\"https:\/\/velipost.com\/?p=5091\"},\"author\":{\"name\":\"VeliPost\",\"@id\":\"https:\/\/velipost.com\/#\/schema\/person\/32ff49a53c9c1bb24302ee8ece058096\"},\"headline\":\"Le CPP et plusieurs organisations d\u00e9posent une plainte \u00e0 l&rsquo;IGPNH pour violences polici\u00e8res envers le journaliste Rudy Eveillard\",\"datePublished\":\"2025-12-04T04:00:46+00:00\",\"dateModified\":\"2025-12-04T04:00:48+00:00\",\"mainEntityOfPage\":{\"@id\":\"https:\/\/velipost.com\/?p=5091\"},\"wordCount\":293,\"commentCount\":0,\"publisher\":{\"@id\":\"https:\/\/velipost.com\/#organization\"},\"image\":{\"@id\":\"https:\/\/velipost.com\/?p=5091#primaryimage\"},\"thumbnailUrl\":\"https:\/\/velipost.com\/wp-content\/uploads\/2025\/12\/Roody-Eveillard.jpg\",\"articleSection\":[\"A la Une\"],\"inLanguage\":\"fr-FR\",\"potentialAction\":[{\"@type\":\"CommentAction\",\"name\":\"Comment\",\"target\":[\"https:\/\/velipost.com\/?p=5091#respond\"]}]},{\"@type\":\"WebPage\",\"@id\":\"https:\/\/velipost.com\/?p=5091\",\"url\":\"https:\/\/velipost.com\/?p=5091\",\"name\":\"Le CPP et plusieurs organisations d\u00e9posent une plainte \u00e0 l'IGPNH pour violences polici\u00e8res envers le journaliste Rudy Eveillard &#8211; VeliPost\",\"isPartOf\":{\"@id\":\"https:\/\/velipost.com\/#website\"},\"primaryImageOfPage\":{\"@id\":\"https:\/\/velipost.com\/?p=5091#primaryimage\"},\"image\":{\"@id\":\"https:\/\/velipost.com\/?p=5091#primaryimage\"},\"thumbnailUrl\":\"https:\/\/velipost.com\/wp-content\/uploads\/2025\/12\/Roody-Eveillard.jpg\",\"datePublished\":\"2025-12-04T04:00:46+00:00\",\"dateModified\":\"2025-12-04T04:00:48+00:00\",\"breadcrumb\":{\"@id\":\"https:\/\/velipost.com\/?p=5091#breadcrumb\"},\"inLanguage\":\"fr-FR\",\"potentialAction\":[{\"@type\":\"ReadAction\",\"target\":[\"https:\/\/velipost.com\/?p=5091\"]}]},{\"@type\":\"ImageObject\",\"inLanguage\":\"fr-FR\",\"@id\":\"https:\/\/velipost.com\/?p=5091#primaryimage\",\"url\":\"https:\/\/velipost.com\/wp-content\/uploads\/2025\/12\/Roody-Eveillard.jpg\",\"contentUrl\":\"https:\/\/velipost.com\/wp-content\/uploads\/2025\/12\/Roody-Eveillard.jpg\",\"width\":1170,\"height\":603},{\"@type\":\"BreadcrumbList\",\"@id\":\"https:\/\/velipost.com\/?p=5091#breadcrumb\",\"itemListElement\":[{\"@type\":\"ListItem\",\"position\":1,\"name\":\"Accueil\",\"item\":\"https:\/\/velipost.com\/\"},{\"@type\":\"ListItem\",\"position\":2,\"name\":\"Le CPP et plusieurs organisations d\u00e9posent une plainte \u00e0 l&rsquo;IGPNH pour violences polici\u00e8res envers le journaliste Rudy Eveillard\"}]},{\"@type\":\"WebSite\",\"@id\":\"https:\/\/velipost.com\/#website\",\"url\":\"https:\/\/velipost.com\/\",\"name\":\"VeliPost\",\"description\":\"L\u2019info en un clic\",\"publisher\":{\"@id\":\"https:\/\/velipost.com\/#organization\"},\"potentialAction\":[{\"@type\":\"SearchAction\",\"target\":{\"@type\":\"EntryPoint\",\"urlTemplate\":\"https:\/\/velipost.com\/?s={search_term_string}\"},\"query-input\":{\"@type\":\"PropertyValueSpecification\",\"valueRequired\":true,\"valueName\":\"search_term_string\"}}],\"inLanguage\":\"fr-FR\"},{\"@type\":\"Organization\",\"@id\":\"https:\/\/velipost.com\/#organization\",\"name\":\"VeliPost\",\"url\":\"https:\/\/velipost.com\/\",\"logo\":{\"@type\":\"ImageObject\",\"inLanguage\":\"fr-FR\",\"@id\":\"https:\/\/velipost.com\/#\/schema\/logo\/image\/\",\"url\":\"https:\/\/velipost.com\/wp-content\/uploads\/2024\/08\/cropped-VP-logo-piti.png\",\"contentUrl\":\"https:\/\/velipost.com\/wp-content\/uploads\/2024\/08\/cropped-VP-logo-piti.png\",\"width\":201,\"height\":69,\"caption\":\"VeliPost\"},\"image\":{\"@id\":\"https:\/\/velipost.com\/#\/schema\/logo\/image\/\"},\"sameAs\":[\"https:\/\/www.facebook.com\/veliposthaiti\",\"https:\/\/x.com\/veliposthaiti\",\"https:\/\/www.instagram.com\/veliposthaiti\"]},{\"@type\":\"Person\",\"@id\":\"https:\/\/velipost.com\/#\/schema\/person\/32ff49a53c9c1bb24302ee8ece058096\",\"name\":\"VeliPost\",\"image\":{\"@type\":\"ImageObject\",\"inLanguage\":\"fr-FR\",\"@id\":\"https:\/\/velipost.com\/#\/schema\/person\/image\/\",\"url\":\"https:\/\/secure.gravatar.com\/avatar\/57c226c264de62f794185a89596d4a37b85a5ad20aca30d9d5a478b27d8c8d9d?s=96&d=mm&r=g\",\"contentUrl\":\"https:\/\/secure.gravatar.com\/avatar\/57c226c264de62f794185a89596d4a37b85a5ad20aca30d9d5a478b27d8c8d9d?s=96&d=mm&r=g\",\"caption\":\"VeliPost\"},\"sameAs\":[\"https:\/\/velipost.com\"],\"url\":\"https:\/\/velipost.com\/?author=1\"}]}<\/script>\n<!-- \/ Yoast SEO plugin. -->","yoast_head_json":{"title":"Le CPP et plusieurs organisations d\u00e9posent une plainte \u00e0 l'IGPNH pour violences polici\u00e8res envers le journaliste Rudy Eveillard &#8211; VeliPost","robots":{"index":"index","follow":"follow","max-snippet":"max-snippet:-1","max-image-preview":"max-image-preview:large","max-video-preview":"max-video-preview:-1"},"canonical":"https:\/\/velipost.com\/?p=5091","og_locale":"fr_FR","og_type":"article","og_title":"Le CPP et plusieurs organisations d\u00e9posent une plainte \u00e0 l'IGPNH pour violences polici\u00e8res envers le journaliste Rudy Eveillard &#8211; VeliPost","og_description":"Plusieurs organisations de d\u00e9fense des droits humains et de la presse ont d\u00e9pos\u00e9 une plainte \u00e0 l\u2019Inspection g\u00e9n\u00e9rale de la Police nationale d\u2019Ha\u00efti (PNH)","og_url":"https:\/\/velipost.com\/?p=5091","og_site_name":"VeliPost","article_publisher":"https:\/\/www.facebook.com\/veliposthaiti","article_published_time":"2025-12-04T04:00:46+00:00","article_modified_time":"2025-12-04T04:00:48+00:00","og_image":[{"width":1170,"height":603,"url":"https:\/\/velipost.com\/wp-content\/uploads\/2025\/12\/Roody-Eveillard.jpg","type":"image\/jpeg"}],"author":"VeliPost","twitter_card":"summary_large_image","twitter_creator":"@veliposthaiti","twitter_site":"@veliposthaiti","twitter_misc":{"\u00c9crit par":"VeliPost","Dur\u00e9e de lecture estim\u00e9e":"2 minutes"},"schema":{"@context":"https:\/\/schema.org","@graph":[{"@type":"Article","@id":"https:\/\/velipost.com\/?p=5091#article","isPartOf":{"@id":"https:\/\/velipost.com\/?p=5091"},"author":{"name":"VeliPost","@id":"https:\/\/velipost.com\/#\/schema\/person\/32ff49a53c9c1bb24302ee8ece058096"},"headline":"Le CPP et plusieurs organisations d\u00e9posent une plainte \u00e0 l&rsquo;IGPNH pour violences polici\u00e8res envers le journaliste Rudy Eveillard","datePublished":"2025-12-04T04:00:46+00:00","dateModified":"2025-12-04T04:00:48+00:00","mainEntityOfPage":{"@id":"https:\/\/velipost.com\/?p=5091"},"wordCount":293,"commentCount":0,"publisher":{"@id":"https:\/\/velipost.com\/#organization"},"image":{"@id":"https:\/\/velipost.com\/?p=5091#primaryimage"},"thumbnailUrl":"https:\/\/velipost.com\/wp-content\/uploads\/2025\/12\/Roody-Eveillard.jpg","articleSection":["A la Une"],"inLanguage":"fr-FR","potentialAction":[{"@type":"CommentAction","name":"Comment","target":["https:\/\/velipost.com\/?p=5091#respond"]}]},{"@type":"WebPage","@id":"https:\/\/velipost.com\/?p=5091","url":"https:\/\/velipost.com\/?p=5091","name":"Le CPP et plusieurs organisations d\u00e9posent une plainte \u00e0 l'IGPNH pour violences polici\u00e8res envers le journaliste Rudy Eveillard &#8211; VeliPost","isPartOf":{"@id":"https:\/\/velipost.com\/#website"},"primaryImageOfPage":{"@id":"https:\/\/velipost.com\/?p=5091#primaryimage"},"image":{"@id":"https:\/\/velipost.com\/?p=5091#primaryimage"},"thumbnailUrl":"https:\/\/velipost.com\/wp-content\/uploads\/2025\/12\/Roody-Eveillard.jpg","datePublished":"2025-12-04T04:00:46+00:00","dateModified":"2025-12-04T04:00:48+00:00","breadcrumb":{"@id":"https:\/\/velipost.com\/?p=5091#breadcrumb"},"inLanguage":"fr-FR","potentialAction":[{"@type":"ReadAction","target":["https:\/\/velipost.com\/?p=5091"]}]},{"@type":"ImageObject","inLanguage":"fr-FR","@id":"https:\/\/velipost.com\/?p=5091#primaryimage","url":"https:\/\/velipost.com\/wp-content\/uploads\/2025\/12\/Roody-Eveillard.jpg","contentUrl":"https:\/\/velipost.com\/wp-content\/uploads\/2025\/12\/Roody-Eveillard.jpg","width":1170,"height":603},{"@type":"BreadcrumbList","@id":"https:\/\/velipost.com\/?p=5091#breadcrumb","itemListElement":[{"@type":"ListItem","position":1,"name":"Accueil","item":"https:\/\/velipost.com\/"},{"@type":"ListItem","position":2,"name":"Le CPP et plusieurs organisations d\u00e9posent une plainte \u00e0 l&rsquo;IGPNH pour violences polici\u00e8res envers le journaliste Rudy Eveillard"}]},{"@type":"WebSite","@id":"https:\/\/velipost.com\/#website","url":"https:\/\/velipost.com\/","name":"VeliPost","description":"L\u2019info en un clic","publisher":{"@id":"https:\/\/velipost.com\/#organization"},"potentialAction":[{"@type":"SearchAction","target":{"@type":"EntryPoint","urlTemplate":"https:\/\/velipost.com\/?s={search_term_string}"},"query-input":{"@type":"PropertyValueSpecification","valueRequired":true,"valueName":"search_term_string"}}],"inLanguage":"fr-FR"},{"@type":"Organization","@id":"https:\/\/velipost.com\/#organization","name":"VeliPost","url":"https:\/\/velipost.com\/","logo":{"@type":"ImageObject","inLanguage":"fr-FR","@id":"https:\/\/velipost.com\/#\/schema\/logo\/image\/","url":"https:\/\/velipost.com\/wp-content\/uploads\/2024\/08\/cropped-VP-logo-piti.png","contentUrl":"https:\/\/velipost.com\/wp-content\/uploads\/2024\/08\/cropped-VP-logo-piti.png","width":201,"height":69,"caption":"VeliPost"},"image":{"@id":"https:\/\/velipost.com\/#\/schema\/logo\/image\/"},"sameAs":["https:\/\/www.facebook.com\/veliposthaiti","https:\/\/x.com\/veliposthaiti","https:\/\/www.instagram.com\/veliposthaiti"]},{"@type":"Person","@id":"https:\/\/velipost.com\/#\/schema\/person\/32ff49a53c9c1bb24302ee8ece058096","name":"VeliPost","image":{"@type":"ImageObject","inLanguage":"fr-FR","@id":"https:\/\/velipost.com\/#\/schema\/person\/image\/","url":"https:\/\/secure.gravatar.com\/avatar\/57c226c264de62f794185a89596d4a37b85a5ad20aca30d9d5a478b27d8c8d9d?s=96&d=mm&r=g","contentUrl":"https:\/\/secure.gravatar.com\/avatar\/57c226c264de62f794185a89596d4a37b85a5ad20aca30d9d5a478b27d8c8d9d?s=96&d=mm&r=g","caption":"VeliPost"},"sameAs":["https:\/\/velipost.com"],"url":"https:\/\/velipost.com\/?author=1"}]}},"views":0,"jetpack_publicize_connections":[],"uagb_featured_image_src":{"full":["https:\/\/velipost.com\/wp-content\/uploads\/2025\/12\/Roody-Eveillard.jpg",1170,603,false],"thumbnail":["https:\/\/velipost.com\/wp-content\/uploads\/2025\/12\/Roody-Eveillard-150x150.jpg",150,150,true],"medium":["https:\/\/velipost.com\/wp-content\/uploads\/2025\/12\/Roody-Eveillard-300x155.jpg",300,155,true],"medium_large":["https:\/\/velipost.com\/wp-content\/uploads\/2025\/12\/Roody-Eveillard-768x396.jpg",715,369,true],"large":["https:\/\/velipost.com\/wp-content\/uploads\/2025\/12\/Roody-Eveillard-1024x528.jpg",715,369,true],"1536x1536":["https:\/\/velipost.com\/wp-content\/uploads\/2025\/12\/Roody-Eveillard.jpg",1170,603,false],"2048x2048":["https:\/\/velipost.com\/wp-content\/uploads\/2025\/12\/Roody-Eveillard.jpg",1170,603,false],"colornews-big-slider":["https:\/\/velipost.com\/wp-content\/uploads\/2025\/12\/Roody-Eveillard-1070x470.jpg",1070,470,true],"colornews-big-slider-thumb":["https:\/\/velipost.com\/wp-content\/uploads\/2025\/12\/Roody-Eveillard-184x109.jpg",184,109,true],"colornews-featured-post-medium":["https:\/\/velipost.com\/wp-content\/uploads\/2025\/12\/Roody-Eveillard-345x265.jpg",345,265,true],"colornews-featured-post-small":["https:\/\/velipost.com\/wp-content\/uploads\/2025\/12\/Roody-Eveillard-115x73.jpg",115,73,true],"colornews-random-posts":["https:\/\/velipost.com\/wp-content\/uploads\/2025\/12\/Roody-Eveillard-215x215.jpg",215,215,true],"colornews-featured-image":["https:\/\/velipost.com\/wp-content\/uploads\/2025\/12\/Roody-Eveillard-715x400.jpg",715,400,true],"mailpoet_newsletter_max":["https:\/\/velipost.com\/wp-content\/uploads\/2025\/12\/Roody-Eveillard.jpg",1170,603,false]},"uagb_author_info":{"display_name":"VeliPost","author_link":"https:\/\/velipost.com\/?author=1"},"uagb_comment_info":0,"uagb_excerpt":"Plusieurs organisations de d\u00e9fense des droits humains et de la presse ont d\u00e9pos\u00e9 une plainte \u00e0 l\u2019Inspection g\u00e9n\u00e9rale de la Police nationale d\u2019Ha\u00efti (PNH)","_links":{"self":[{"href":"https:\/\/velipost.com\/index.php?rest_route=\/wp\/v2\/posts\/5091","targetHints":{"allow":["GET"]}}],"collection":[{"href":"https:\/\/velipost.com\/index.php?rest_route=\/wp\/v2\/posts"}],"about":[{"href":"https:\/\/velipost.com\/index.php?rest_route=\/wp\/v2\/types\/post"}],"author":[{"embeddable":true,"href":"https:\/\/velipost.com\/index.php?rest_route=\/wp\/v2\/users\/1"}],"replies":[{"embeddable":true,"href":"https:\/\/velipost.com\/index.php?rest_route=%2Fwp%2Fv2%2Fcomments&post=5091"}],"version-history":[{"count":1,"href":"https:\/\/velipost.com\/index.php?rest_route=\/wp\/v2\/posts\/5091\/revisions"}],"predecessor-version":[{"id":5094,"href":"https:\/\/velipost.com\/index.php?rest_route=\/wp\/v2\/posts\/5091\/revisions\/5094"}],"wp:featuredmedia":[{"embeddable":true,"href":"https:\/\/velipost.com\/index.php?rest_route=\/wp\/v2\/media\/5093"}],"wp:attachment":[{"href":"https:\/\/velipost.com\/index.php?rest_route=%2Fwp%2Fv2%2Fmedia&parent=5091"}],"wp:term":[{"taxonomy":"category","embeddable":true,"href":"https:\/\/velipost.com\/index.php?rest_route=%2Fwp%2Fv2%2Fcategories&post=5091"},{"taxonomy":"post_tag","embeddable":true,"href":"https:\/\/velipost.com\/index.php?rest_route=%2Fwp%2Fv2%2Ftags&post=5091"}],"curies":[{"name":"wp","href":"https:\/\/api.w.org\/{rel}","templated":true}]}}