{"id":5054,"date":"2025-11-30T22:04:06","date_gmt":"2025-11-30T21:04:06","guid":{"rendered":"https:\/\/velipost.com\/?p=5054"},"modified":"2025-11-30T22:04:08","modified_gmt":"2025-11-30T21:04:08","slug":"haiti-le-collectif-des-professionnels-de-la-presse-alerte-sur-les-menaces-de-gangs-contre-des-journalistes","status":"publish","type":"post","link":"https:\/\/velipost.com\/?p=5054","title":{"rendered":"Ha\u00efti : le Collectif des Professionnels de la Presse alerte sur les menaces de gangs contre des journalistes"},"content":{"rendered":"\n<p>Dans une note d\u2019alerte publi\u00e9e ce 30 novembre, le Collectif des Professionnels de la Presse (CPP) a d\u00e9nonc\u00e9 l\u2019augmentation des menaces, agressions et actes d\u2019intimidation perp\u00e9tr\u00e9s par des groupes arm\u00e9s contre des journalistes, une situation qui fragilise davantage le droit \u00e0 l\u2019information et la libert\u00e9 d\u2019expression dans le pays.<\/p>\n\n\n\n<p>Le CPP a particuli\u00e8rement condamn\u00e9 les menaces prof\u00e9r\u00e9es contre le journaliste et pr\u00e9sentateur Ronald Desormes, animateur du journal Premye Okazyon sur Radio Cara\u00efbes FM. Une vid\u00e9o circulant massivement sur les r\u00e9seaux sociaux montre Jimmy Ch\u00e9rizier, surnomm\u00e9 Barbecue, chef de gang influent, lan\u00e7ant des menaces directes \u00e0 son encontre. Cette prise de parole publique, selon le collectif, met non seulement en danger la vie du journaliste, mais envoie aussi un message d\u2019intimidation \u00e0 toute la corporation m\u00e9diatique ha\u00eftienne.<\/p>\n\n\n\n<p>Au-del\u00e0 d\u2019un cas individuel, le CPP a soulign\u00e9 la port\u00e9e symbolique de cette attaque. \u00ab S\u2019attaquer \u00e0 un journaliste, c\u2019est s\u2019attaquer au droit du peuple d\u2019\u00eatre inform\u00e9 \u00bb, a rappel\u00e9 l\u2019organisation, qui consid\u00e8re la presse comme une composante vitale de la d\u00e9mocratie. Par leur r\u00f4le de veille, d\u2019analyse et de diffusion d\u2019informations, les journalistes se retrouvent aujourd\u2019hui expos\u00e9s \u00e0 une violence qui d\u00e9passe le cadre du simple exercice professionnel.<\/p>\n\n\n\n<p>Face \u00e0 cette situation, le collectif a lanc\u00e9 un appel pressant aux plus hautes instances de l\u2019\u00c9tat \u2014 la Pr\u00e9sidence, le Gouvernement, le Minist\u00e8re de la Justice et de la S\u00e9curit\u00e9 publique, ainsi que la Direction g\u00e9n\u00e9rale de la Police nationale d\u2019Ha\u00efti (PNH) \u2014 pour l\u2019adoption de mesures concr\u00e8tes visant \u00e0 s\u00e9curiser les professionnels des m\u00e9dias. Le CPP a insist\u00e9 sur l\u2019obligation constitutionnelle et morale de l\u2019\u00c9tat ha\u00eftien de prot\u00e9ger ceux qui travaillent au service de l\u2019information publique, dans un pays o\u00f9 informer peut d\u00e9sormais co\u00fbter la vie.<\/p>\n\n\n\n<p>Le CPP a \u00e9galement appel\u00e9 \u00e0 la mobilisation de la soci\u00e9t\u00e9 civile, des organisations de droits humains et de la communaut\u00e9 internationale, afin qu\u2019elles continuent d\u2019accompagner et de d\u00e9fendre un secteur m\u00e9diatique de plus en plus menac\u00e9. Malgr\u00e9 les obstacles, l\u2019organisation r\u00e9affirme son engagement dans la lutte pour la protection des journalistes et la pr\u00e9servation de l\u2019espace m\u00e9diatique, indispensable au fonctionnement d\u2019une soci\u00e9t\u00e9 d\u00e9mocratique.<\/p>\n\n    <div class=\"xs_social_share_widget xs_share_url after_content \t\tmain_content  wslu-style-3 wslu-share-box-shaped wslu-fill-brand-hover-colored wslu-share-m-5 wslu-none wslu-share-horizontal wslu-theme-font-no wslu-main_content\">\n\n\t\t\n        <ul>\n\t\t\t                    <li class=\"xs-share-li twitter                        wslu-no-extra-data\">\n                        <a href=\"javascript:void(0);\"\n                           id=\"xs_feed_twitter\"\n                           onclick=\"xs_social_sharer(this);\"\n                           data-pid=\"5054\"\n                           data-uri_hash=\"fbb1fecb9754bd718fdc892a6a592f9c\"\n                           data-key=\"twitter\"\n                           data-xs-href=\"https:\/\/twitter.com\/intent\/tweet?text=Ha%C3%AFti+%3A+le+Collectif+des+Professionnels+de+la+Presse+alerte+sur+les+menaces+de+gangs+contre+des+journalistes+https%3A%2F%2Fvelipost.com%2Findex.php%3Frest_route%3D%252Fwp%252Fv2%252Fposts%252F5054&amp;original_referer=https%3A%2F%2Fvelipost.com%2Findex.php%3Frest_route%3D%252Fwp%252Fv2%252Fposts%252F5054&amp;related=xpeedstudio\">\n\n                            <div class=\"xs-social-icon\">\n                                <span class=\"met-social met-social-twitter\"><\/span>\n                            <\/div>\n\n\t\t\t\t\t\t\t\n                            <div class=\"wslu-hover-content\">\n                                <div class=\"xs-social-followers\">\n\t\t\t\t\t\t\t\t\t10                                <\/div>\n                                <div class=\"xs-social-follower-text\">\n\t\t\t\t\t\t\t\t\tShare                                <\/div>\n                                <div class=\"xs-social-follower-label\">\n\t\t\t\t\t\t\t\t\tTwitter                                <\/div>\n                            <\/div>\n                        <\/a>\n                    <\/li>\n\t\t\t\t\t                    <li class=\"xs-share-li telegram                        wslu-no-extra-data\">\n                        <a href=\"javascript:void(0);\"\n                           id=\"xs_feed_telegram\"\n                           onclick=\"xs_social_sharer(this);\"\n                           data-pid=\"5054\"\n                           data-uri_hash=\"fbb1fecb9754bd718fdc892a6a592f9c\"\n                           data-key=\"telegram\"\n                           data-xs-href=\"https:\/\/telegram.me\/share\/url?url=https%3A%2F%2Fvelipost.com%2Findex.php%3Frest_route%3D%252Fwp%252Fv2%252Fposts%252F5054&amp;text=Ha%C3%AFti+%3A+le+Collectif+des+Professionnels+de+la+Presse+alerte+sur+les+menaces+de+gangs+contre+des+journalistes\">\n\n                            <div class=\"xs-social-icon\">\n                                <span class=\"met-social met-social-telegram\"><\/span>\n                            <\/div>\n\n\t\t\t\t\t\t\t\n                            <div class=\"wslu-hover-content\">\n                                <div class=\"xs-social-followers\">\n\t\t\t\t\t\t\t\t\t0                                <\/div>\n                                <div class=\"xs-social-follower-text\">\n\t\t\t\t\t\t\t\t\tShare                                <\/div>\n                                <div class=\"xs-social-follower-label\">\n\t\t\t\t\t\t\t\t\tTelegram                                <\/div>\n                            <\/div>\n                        <\/a>\n                    <\/li>\n\t\t\t\t\t                    <li class=\"xs-share-li email                        wslu-no-extra-data\">\n                        <a href=\"javascript:void(0);\"\n                           id=\"xs_feed_email\"\n                           onclick=\"xs_social_sharer(this);\"\n                           data-pid=\"5054\"\n                           data-uri_hash=\"fbb1fecb9754bd718fdc892a6a592f9c\"\n                           data-key=\"email\"\n                           data-xs-href=\"mailto:?body=Title%3A+Ha%C3%AFti+%3A+le+Collectif+des+Professionnels+de+la+Presse+alerte+sur+les+menaces+de+gangs+contre+des+journalistes+%5Cn%5Cn+URL%3A+https%3A%2F%2Fvelipost.com%2Findex.php%3Frest_route%3D%252Fwp%252Fv2%252Fposts%252F5054&amp;subject=Ha%C3%AFti+%3A+le+Collectif+des+Professionnels+de+la+Presse+alerte+sur+les+menaces+de+gangs+contre+des+journalistes\">\n\n                            <div class=\"xs-social-icon\">\n                                <span class=\"met-social met-social-email\"><\/span>\n                            <\/div>\n\n\t\t\t\t\t\t\t\n                            <div class=\"wslu-hover-content\">\n                                <div class=\"xs-social-followers\">\n\t\t\t\t\t\t\t\t\t0                                <\/div>\n                                <div class=\"xs-social-follower-text\">\n\t\t\t\t\t\t\t\t\tShare                                <\/div>\n                                <div class=\"xs-social-follower-label\">\n\t\t\t\t\t\t\t\t\tEmail                                <\/div>\n                            <\/div>\n                        <\/a>\n                    <\/li>\n\t\t\t\t\t        <\/ul>\n    <\/div> \n","protected":false},"excerpt":{"rendered":"<p>Dans une note d\u2019alerte publi\u00e9e ce 30 novembre, le Collectif des Professionnels de la Presse (CPP) a d\u00e9nonc\u00e9 l\u2019augmentation des menaces, agressions et actes<\/p>\n","protected":false},"author":1,"featured_media":5055,"comment_status":"open","ping_status":"open","sticky":false,"template":"","format":"standard","meta":{"_uag_custom_page_level_css":"","footnotes":"","jetpack_publicize_message":"","jetpack_publicize_feature_enabled":true,"jetpack_social_post_already_shared":true,"jetpack_social_options":{"image_generator_settings":{"template":"highway","default_image_id":0,"font":"","enabled":false},"version":2}},"categories":[94],"tags":[],"class_list":["post-5054","post","type-post","status-publish","format-standard","has-post-thumbnail","hentry","category-a-la-une"],"yoast_head":"<!-- This site is optimized with the Yoast SEO plugin v25.3.1 - https:\/\/yoast.com\/wordpress\/plugins\/seo\/ -->\n<title>Ha\u00efti : le Collectif des Professionnels de la Presse alerte sur les menaces de gangs contre des journalistes &#8211; VeliPost<\/title>\n<meta name=\"robots\" content=\"index, follow, max-snippet:-1, max-image-preview:large, max-video-preview:-1\" \/>\n<link rel=\"canonical\" href=\"https:\/\/velipost.com\/?p=5054\" \/>\n<meta property=\"og:locale\" content=\"fr_FR\" \/>\n<meta property=\"og:type\" content=\"article\" \/>\n<meta property=\"og:title\" content=\"Ha\u00efti : le Collectif des Professionnels de la Presse alerte sur les menaces de gangs contre des journalistes &#8211; VeliPost\" \/>\n<meta property=\"og:description\" content=\"Dans une note d\u2019alerte publi\u00e9e ce 30 novembre, le Collectif des Professionnels de la Presse (CPP) a d\u00e9nonc\u00e9 l\u2019augmentation des menaces, agressions et actes\" \/>\n<meta property=\"og:url\" content=\"https:\/\/velipost.com\/?p=5054\" \/>\n<meta property=\"og:site_name\" content=\"VeliPost\" \/>\n<meta property=\"article:publisher\" content=\"https:\/\/www.facebook.com\/veliposthaiti\" \/>\n<meta property=\"article:published_time\" content=\"2025-11-30T21:04:06+00:00\" \/>\n<meta property=\"article:modified_time\" content=\"2025-11-30T21:04:08+00:00\" \/>\n<meta property=\"og:image\" content=\"https:\/\/velipost.com\/wp-content\/uploads\/2025\/11\/cpp-ronald.jpg\" \/>\n\t<meta property=\"og:image:width\" content=\"1170\" \/>\n\t<meta property=\"og:image:height\" content=\"603\" \/>\n\t<meta property=\"og:image:type\" content=\"image\/jpeg\" \/>\n<meta name=\"author\" content=\"VeliPost\" \/>\n<meta name=\"twitter:card\" content=\"summary_large_image\" \/>\n<meta name=\"twitter:creator\" content=\"@veliposthaiti\" \/>\n<meta name=\"twitter:site\" content=\"@veliposthaiti\" \/>\n<meta name=\"twitter:label1\" content=\"\u00c9crit par\" \/>\n\t<meta name=\"twitter:data1\" content=\"VeliPost\" \/>\n\t<meta name=\"twitter:label2\" content=\"Dur\u00e9e de lecture estim\u00e9e\" \/>\n\t<meta name=\"twitter:data2\" content=\"2 minutes\" \/>\n<script type=\"application\/ld+json\" class=\"yoast-schema-graph\">{\"@context\":\"https:\/\/schema.org\",\"@graph\":[{\"@type\":\"Article\",\"@id\":\"https:\/\/velipost.com\/?p=5054#article\",\"isPartOf\":{\"@id\":\"https:\/\/velipost.com\/?p=5054\"},\"author\":{\"name\":\"VeliPost\",\"@id\":\"https:\/\/velipost.com\/#\/schema\/person\/32ff49a53c9c1bb24302ee8ece058096\"},\"headline\":\"Ha\u00efti : le Collectif des Professionnels de la Presse alerte sur les menaces de gangs contre des journalistes\",\"datePublished\":\"2025-11-30T21:04:06+00:00\",\"dateModified\":\"2025-11-30T21:04:08+00:00\",\"mainEntityOfPage\":{\"@id\":\"https:\/\/velipost.com\/?p=5054\"},\"wordCount\":421,\"commentCount\":0,\"publisher\":{\"@id\":\"https:\/\/velipost.com\/#organization\"},\"image\":{\"@id\":\"https:\/\/velipost.com\/?p=5054#primaryimage\"},\"thumbnailUrl\":\"https:\/\/velipost.com\/wp-content\/uploads\/2025\/11\/cpp-ronald.jpg\",\"articleSection\":[\"A la Une\"],\"inLanguage\":\"fr-FR\",\"potentialAction\":[{\"@type\":\"CommentAction\",\"name\":\"Comment\",\"target\":[\"https:\/\/velipost.com\/?p=5054#respond\"]}]},{\"@type\":\"WebPage\",\"@id\":\"https:\/\/velipost.com\/?p=5054\",\"url\":\"https:\/\/velipost.com\/?p=5054\",\"name\":\"Ha\u00efti : le Collectif des Professionnels de la Presse alerte sur les menaces de gangs contre des journalistes &#8211; VeliPost\",\"isPartOf\":{\"@id\":\"https:\/\/velipost.com\/#website\"},\"primaryImageOfPage\":{\"@id\":\"https:\/\/velipost.com\/?p=5054#primaryimage\"},\"image\":{\"@id\":\"https:\/\/velipost.com\/?p=5054#primaryimage\"},\"thumbnailUrl\":\"https:\/\/velipost.com\/wp-content\/uploads\/2025\/11\/cpp-ronald.jpg\",\"datePublished\":\"2025-11-30T21:04:06+00:00\",\"dateModified\":\"2025-11-30T21:04:08+00:00\",\"breadcrumb\":{\"@id\":\"https:\/\/velipost.com\/?p=5054#breadcrumb\"},\"inLanguage\":\"fr-FR\",\"potentialAction\":[{\"@type\":\"ReadAction\",\"target\":[\"https:\/\/velipost.com\/?p=5054\"]}]},{\"@type\":\"ImageObject\",\"inLanguage\":\"fr-FR\",\"@id\":\"https:\/\/velipost.com\/?p=5054#primaryimage\",\"url\":\"https:\/\/velipost.com\/wp-content\/uploads\/2025\/11\/cpp-ronald.jpg\",\"contentUrl\":\"https:\/\/velipost.com\/wp-content\/uploads\/2025\/11\/cpp-ronald.jpg\",\"width\":1170,\"height\":603},{\"@type\":\"BreadcrumbList\",\"@id\":\"https:\/\/velipost.com\/?p=5054#breadcrumb\",\"itemListElement\":[{\"@type\":\"ListItem\",\"position\":1,\"name\":\"Accueil\",\"item\":\"https:\/\/velipost.com\/\"},{\"@type\":\"ListItem\",\"position\":2,\"name\":\"Ha\u00efti : le Collectif des Professionnels de la Presse alerte sur les menaces de gangs contre des journalistes\"}]},{\"@type\":\"WebSite\",\"@id\":\"https:\/\/velipost.com\/#website\",\"url\":\"https:\/\/velipost.com\/\",\"name\":\"VeliPost\",\"description\":\"L\u2019info en un clic\",\"publisher\":{\"@id\":\"https:\/\/velipost.com\/#organization\"},\"potentialAction\":[{\"@type\":\"SearchAction\",\"target\":{\"@type\":\"EntryPoint\",\"urlTemplate\":\"https:\/\/velipost.com\/?s={search_term_string}\"},\"query-input\":{\"@type\":\"PropertyValueSpecification\",\"valueRequired\":true,\"valueName\":\"search_term_string\"}}],\"inLanguage\":\"fr-FR\"},{\"@type\":\"Organization\",\"@id\":\"https:\/\/velipost.com\/#organization\",\"name\":\"VeliPost\",\"url\":\"https:\/\/velipost.com\/\",\"logo\":{\"@type\":\"ImageObject\",\"inLanguage\":\"fr-FR\",\"@id\":\"https:\/\/velipost.com\/#\/schema\/logo\/image\/\",\"url\":\"https:\/\/velipost.com\/wp-content\/uploads\/2024\/08\/cropped-VP-logo-piti.png\",\"contentUrl\":\"https:\/\/velipost.com\/wp-content\/uploads\/2024\/08\/cropped-VP-logo-piti.png\",\"width\":201,\"height\":69,\"caption\":\"VeliPost\"},\"image\":{\"@id\":\"https:\/\/velipost.com\/#\/schema\/logo\/image\/\"},\"sameAs\":[\"https:\/\/www.facebook.com\/veliposthaiti\",\"https:\/\/x.com\/veliposthaiti\",\"https:\/\/www.instagram.com\/veliposthaiti\"]},{\"@type\":\"Person\",\"@id\":\"https:\/\/velipost.com\/#\/schema\/person\/32ff49a53c9c1bb24302ee8ece058096\",\"name\":\"VeliPost\",\"image\":{\"@type\":\"ImageObject\",\"inLanguage\":\"fr-FR\",\"@id\":\"https:\/\/velipost.com\/#\/schema\/person\/image\/\",\"url\":\"https:\/\/secure.gravatar.com\/avatar\/57c226c264de62f794185a89596d4a37b85a5ad20aca30d9d5a478b27d8c8d9d?s=96&d=mm&r=g\",\"contentUrl\":\"https:\/\/secure.gravatar.com\/avatar\/57c226c264de62f794185a89596d4a37b85a5ad20aca30d9d5a478b27d8c8d9d?s=96&d=mm&r=g\",\"caption\":\"VeliPost\"},\"sameAs\":[\"https:\/\/velipost.com\"],\"url\":\"https:\/\/velipost.com\/?author=1\"}]}<\/script>\n<!-- \/ Yoast SEO plugin. -->","yoast_head_json":{"title":"Ha\u00efti : le Collectif des Professionnels de la Presse alerte sur les menaces de gangs contre des journalistes &#8211; VeliPost","robots":{"index":"index","follow":"follow","max-snippet":"max-snippet:-1","max-image-preview":"max-image-preview:large","max-video-preview":"max-video-preview:-1"},"canonical":"https:\/\/velipost.com\/?p=5054","og_locale":"fr_FR","og_type":"article","og_title":"Ha\u00efti : le Collectif des Professionnels de la Presse alerte sur les menaces de gangs contre des journalistes &#8211; VeliPost","og_description":"Dans une note d\u2019alerte publi\u00e9e ce 30 novembre, le Collectif des Professionnels de la Presse (CPP) a d\u00e9nonc\u00e9 l\u2019augmentation des menaces, agressions et actes","og_url":"https:\/\/velipost.com\/?p=5054","og_site_name":"VeliPost","article_publisher":"https:\/\/www.facebook.com\/veliposthaiti","article_published_time":"2025-11-30T21:04:06+00:00","article_modified_time":"2025-11-30T21:04:08+00:00","og_image":[{"width":1170,"height":603,"url":"https:\/\/velipost.com\/wp-content\/uploads\/2025\/11\/cpp-ronald.jpg","type":"image\/jpeg"}],"author":"VeliPost","twitter_card":"summary_large_image","twitter_creator":"@veliposthaiti","twitter_site":"@veliposthaiti","twitter_misc":{"\u00c9crit par":"VeliPost","Dur\u00e9e de lecture estim\u00e9e":"2 minutes"},"schema":{"@context":"https:\/\/schema.org","@graph":[{"@type":"Article","@id":"https:\/\/velipost.com\/?p=5054#article","isPartOf":{"@id":"https:\/\/velipost.com\/?p=5054"},"author":{"name":"VeliPost","@id":"https:\/\/velipost.com\/#\/schema\/person\/32ff49a53c9c1bb24302ee8ece058096"},"headline":"Ha\u00efti : le Collectif des Professionnels de la Presse alerte sur les menaces de gangs contre des journalistes","datePublished":"2025-11-30T21:04:06+00:00","dateModified":"2025-11-30T21:04:08+00:00","mainEntityOfPage":{"@id":"https:\/\/velipost.com\/?p=5054"},"wordCount":421,"commentCount":0,"publisher":{"@id":"https:\/\/velipost.com\/#organization"},"image":{"@id":"https:\/\/velipost.com\/?p=5054#primaryimage"},"thumbnailUrl":"https:\/\/velipost.com\/wp-content\/uploads\/2025\/11\/cpp-ronald.jpg","articleSection":["A la Une"],"inLanguage":"fr-FR","potentialAction":[{"@type":"CommentAction","name":"Comment","target":["https:\/\/velipost.com\/?p=5054#respond"]}]},{"@type":"WebPage","@id":"https:\/\/velipost.com\/?p=5054","url":"https:\/\/velipost.com\/?p=5054","name":"Ha\u00efti : le Collectif des Professionnels de la Presse alerte sur les menaces de gangs contre des journalistes &#8211; VeliPost","isPartOf":{"@id":"https:\/\/velipost.com\/#website"},"primaryImageOfPage":{"@id":"https:\/\/velipost.com\/?p=5054#primaryimage"},"image":{"@id":"https:\/\/velipost.com\/?p=5054#primaryimage"},"thumbnailUrl":"https:\/\/velipost.com\/wp-content\/uploads\/2025\/11\/cpp-ronald.jpg","datePublished":"2025-11-30T21:04:06+00:00","dateModified":"2025-11-30T21:04:08+00:00","breadcrumb":{"@id":"https:\/\/velipost.com\/?p=5054#breadcrumb"},"inLanguage":"fr-FR","potentialAction":[{"@type":"ReadAction","target":["https:\/\/velipost.com\/?p=5054"]}]},{"@type":"ImageObject","inLanguage":"fr-FR","@id":"https:\/\/velipost.com\/?p=5054#primaryimage","url":"https:\/\/velipost.com\/wp-content\/uploads\/2025\/11\/cpp-ronald.jpg","contentUrl":"https:\/\/velipost.com\/wp-content\/uploads\/2025\/11\/cpp-ronald.jpg","width":1170,"height":603},{"@type":"BreadcrumbList","@id":"https:\/\/velipost.com\/?p=5054#breadcrumb","itemListElement":[{"@type":"ListItem","position":1,"name":"Accueil","item":"https:\/\/velipost.com\/"},{"@type":"ListItem","position":2,"name":"Ha\u00efti : le Collectif des Professionnels de la Presse alerte sur les menaces de gangs contre des journalistes"}]},{"@type":"WebSite","@id":"https:\/\/velipost.com\/#website","url":"https:\/\/velipost.com\/","name":"VeliPost","description":"L\u2019info en un clic","publisher":{"@id":"https:\/\/velipost.com\/#organization"},"potentialAction":[{"@type":"SearchAction","target":{"@type":"EntryPoint","urlTemplate":"https:\/\/velipost.com\/?s={search_term_string}"},"query-input":{"@type":"PropertyValueSpecification","valueRequired":true,"valueName":"search_term_string"}}],"inLanguage":"fr-FR"},{"@type":"Organization","@id":"https:\/\/velipost.com\/#organization","name":"VeliPost","url":"https:\/\/velipost.com\/","logo":{"@type":"ImageObject","inLanguage":"fr-FR","@id":"https:\/\/velipost.com\/#\/schema\/logo\/image\/","url":"https:\/\/velipost.com\/wp-content\/uploads\/2024\/08\/cropped-VP-logo-piti.png","contentUrl":"https:\/\/velipost.com\/wp-content\/uploads\/2024\/08\/cropped-VP-logo-piti.png","width":201,"height":69,"caption":"VeliPost"},"image":{"@id":"https:\/\/velipost.com\/#\/schema\/logo\/image\/"},"sameAs":["https:\/\/www.facebook.com\/veliposthaiti","https:\/\/x.com\/veliposthaiti","https:\/\/www.instagram.com\/veliposthaiti"]},{"@type":"Person","@id":"https:\/\/velipost.com\/#\/schema\/person\/32ff49a53c9c1bb24302ee8ece058096","name":"VeliPost","image":{"@type":"ImageObject","inLanguage":"fr-FR","@id":"https:\/\/velipost.com\/#\/schema\/person\/image\/","url":"https:\/\/secure.gravatar.com\/avatar\/57c226c264de62f794185a89596d4a37b85a5ad20aca30d9d5a478b27d8c8d9d?s=96&d=mm&r=g","contentUrl":"https:\/\/secure.gravatar.com\/avatar\/57c226c264de62f794185a89596d4a37b85a5ad20aca30d9d5a478b27d8c8d9d?s=96&d=mm&r=g","caption":"VeliPost"},"sameAs":["https:\/\/velipost.com"],"url":"https:\/\/velipost.com\/?author=1"}]}},"views":0,"jetpack_publicize_connections":[],"uagb_featured_image_src":{"full":["https:\/\/velipost.com\/wp-content\/uploads\/2025\/11\/cpp-ronald.jpg",1170,603,false],"thumbnail":["https:\/\/velipost.com\/wp-content\/uploads\/2025\/11\/cpp-ronald-150x150.jpg",150,150,true],"medium":["https:\/\/velipost.com\/wp-content\/uploads\/2025\/11\/cpp-ronald-300x155.jpg",300,155,true],"medium_large":["https:\/\/velipost.com\/wp-content\/uploads\/2025\/11\/cpp-ronald-768x396.jpg",715,369,true],"large":["https:\/\/velipost.com\/wp-content\/uploads\/2025\/11\/cpp-ronald-1024x528.jpg",715,369,true],"1536x1536":["https:\/\/velipost.com\/wp-content\/uploads\/2025\/11\/cpp-ronald.jpg",1170,603,false],"2048x2048":["https:\/\/velipost.com\/wp-content\/uploads\/2025\/11\/cpp-ronald.jpg",1170,603,false],"colornews-big-slider":["https:\/\/velipost.com\/wp-content\/uploads\/2025\/11\/cpp-ronald-1070x470.jpg",1070,470,true],"colornews-big-slider-thumb":["https:\/\/velipost.com\/wp-content\/uploads\/2025\/11\/cpp-ronald-184x109.jpg",184,109,true],"colornews-featured-post-medium":["https:\/\/velipost.com\/wp-content\/uploads\/2025\/11\/cpp-ronald-345x265.jpg",345,265,true],"colornews-featured-post-small":["https:\/\/velipost.com\/wp-content\/uploads\/2025\/11\/cpp-ronald-115x73.jpg",115,73,true],"colornews-random-posts":["https:\/\/velipost.com\/wp-content\/uploads\/2025\/11\/cpp-ronald-215x215.jpg",215,215,true],"colornews-featured-image":["https:\/\/velipost.com\/wp-content\/uploads\/2025\/11\/cpp-ronald-715x400.jpg",715,400,true],"mailpoet_newsletter_max":["https:\/\/velipost.com\/wp-content\/uploads\/2025\/11\/cpp-ronald.jpg",1170,603,false]},"uagb_author_info":{"display_name":"VeliPost","author_link":"https:\/\/velipost.com\/?author=1"},"uagb_comment_info":0,"uagb_excerpt":"Dans une note d\u2019alerte publi\u00e9e ce 30 novembre, le Collectif des Professionnels de la Presse (CPP) a d\u00e9nonc\u00e9 l\u2019augmentation des menaces, agressions et actes","_links":{"self":[{"href":"https:\/\/velipost.com\/index.php?rest_route=\/wp\/v2\/posts\/5054","targetHints":{"allow":["GET"]}}],"collection":[{"href":"https:\/\/velipost.com\/index.php?rest_route=\/wp\/v2\/posts"}],"about":[{"href":"https:\/\/velipost.com\/index.php?rest_route=\/wp\/v2\/types\/post"}],"author":[{"embeddable":true,"href":"https:\/\/velipost.com\/index.php?rest_route=\/wp\/v2\/users\/1"}],"replies":[{"embeddable":true,"href":"https:\/\/velipost.com\/index.php?rest_route=%2Fwp%2Fv2%2Fcomments&post=5054"}],"version-history":[{"count":1,"href":"https:\/\/velipost.com\/index.php?rest_route=\/wp\/v2\/posts\/5054\/revisions"}],"predecessor-version":[{"id":5056,"href":"https:\/\/velipost.com\/index.php?rest_route=\/wp\/v2\/posts\/5054\/revisions\/5056"}],"wp:featuredmedia":[{"embeddable":true,"href":"https:\/\/velipost.com\/index.php?rest_route=\/wp\/v2\/media\/5055"}],"wp:attachment":[{"href":"https:\/\/velipost.com\/index.php?rest_route=%2Fwp%2Fv2%2Fmedia&parent=5054"}],"wp:term":[{"taxonomy":"category","embeddable":true,"href":"https:\/\/velipost.com\/index.php?rest_route=%2Fwp%2Fv2%2Fcategories&post=5054"},{"taxonomy":"post_tag","embeddable":true,"href":"https:\/\/velipost.com\/index.php?rest_route=%2Fwp%2Fv2%2Ftags&post=5054"}],"curies":[{"name":"wp","href":"https:\/\/api.w.org\/{rel}","templated":true}]}}