{"id":5020,"date":"2025-11-28T01:33:57","date_gmt":"2025-11-28T00:33:57","guid":{"rendered":"https:\/\/velipost.com\/?p=5020"},"modified":"2025-11-28T01:34:00","modified_gmt":"2025-11-28T00:34:00","slug":"alix-didier-fils-aime-annonce-une-nouvelle-strategie-anti-gangs-et-conditionne-les-elections-a-la-securite","status":"publish","type":"post","link":"https:\/\/velipost.com\/?p=5020","title":{"rendered":"Alix Didier Fils-Aim\u00e9 annonce une nouvelle strat\u00e9gie anti-gangs et conditionne les \u00e9lections \u00e0 la s\u00e9curit\u00e9"},"content":{"rendered":"\n<p>Le Premier ministre ha\u00eftien, Alix Didier Fils-Aim\u00e9, a particip\u00e9 ce jeudi \u00e0 la conf\u00e9rence de la Table Sectorielle sur la S\u00e9curit\u00e9 (TSS), une initiative du CARDH qui s\u2019est d\u00e9roul\u00e9e \u00e0 l\u2019H\u00f4tel Karibe. La rencontre, qui a r\u00e9uni les principaux acteurs de la s\u00e9curit\u00e9 publique ainsi que des partenaires internationaux, a port\u00e9 sur la restructuration du dispositif de lutte contre les gangs arm\u00e9s.<\/p>\n\n\n\n<p>Devant une assistance compos\u00e9e de policiers, de militaires, de responsables judiciaires et d\u2019organisations de d\u00e9fense des droits humains, le Chef du Gouvernement a r\u00e9v\u00e9l\u00e9 que la Mission multinationale d\u2019appui \u00e0 la s\u00e9curit\u00e9 (MMAS) sera transform\u00e9e en Force de R\u00e9pression des Gangs (FRG). Ce nouveau corps, plus strat\u00e9gique et op\u00e9rationnel, doit selon lui acc\u00e9l\u00e9rer la reprise des zones contr\u00f4l\u00e9es par les groupes criminels et restaurer l\u2019ordre dans les communaut\u00e9s les plus touch\u00e9es.<\/p>\n\n\n\n<p>Alix Didier Fils-Aim\u00e9 a \u00e9t\u00e9 clair : les prochaines \u00e9lections ne peuvent se tenir que si la s\u00e9curit\u00e9 avance. Il a r\u00e9affirm\u00e9 qu\u2019un effort concert\u00e9 entre l\u2019\u00c9tat et la soci\u00e9t\u00e9 reste indispensable pour r\u00e9duire l\u2019impunit\u00e9 et regagner la ma\u00eetrise du territoire. Pour lui, l\u2019appui international est essentiel, mais \u201cle v\u00e9ritable succ\u00e8s viendra de la coh\u00e9sion nationale\u201d.<\/p>\n\n\n\n<p>Le Premier ministre a aussi promis que le gouvernement de transition et le Conseil pr\u00e9sidentiel provisoire garderont une collaboration active pour maintenir la stabilit\u00e9. Il a conclu son intervention en adressant un message d\u2019assurance \u00e0 la population : la lutte contre l\u2019ins\u00e9curit\u00e9 va entrer dans une phase plus coordonn\u00e9e et plus offensive, afin d\u2019ouvrir la voie au processus \u00e9lectoral.<\/p>\n\n    <div class=\"xs_social_share_widget xs_share_url after_content \t\tmain_content  wslu-style-3 wslu-share-box-shaped wslu-fill-brand-hover-colored wslu-share-m-5 wslu-none wslu-share-horizontal wslu-theme-font-no wslu-main_content\">\n\n\t\t\n        <ul>\n\t\t\t                    <li class=\"xs-share-li twitter                        wslu-no-extra-data\">\n                        <a href=\"javascript:void(0);\"\n                           id=\"xs_feed_twitter\"\n                           onclick=\"xs_social_sharer(this);\"\n                           data-pid=\"5020\"\n                           data-uri_hash=\"63cdaa8ba62a0a378a3e7348a0b6255b\"\n                           data-key=\"twitter\"\n                           data-xs-href=\"https:\/\/twitter.com\/intent\/tweet?text=Alix+Didier+Fils-Aim%C3%A9+annonce+une+nouvelle+strat%C3%A9gie+anti-gangs+et+conditionne+les+%C3%A9lections+%C3%A0+la+s%C3%A9curit%C3%A9+https%3A%2F%2Fvelipost.com%2Findex.php%3Frest_route%3D%252Fwp%252Fv2%252Fposts%252F5020&amp;original_referer=https%3A%2F%2Fvelipost.com%2Findex.php%3Frest_route%3D%252Fwp%252Fv2%252Fposts%252F5020&amp;related=xpeedstudio\">\n\n                            <div class=\"xs-social-icon\">\n                                <span class=\"met-social met-social-twitter\"><\/span>\n                            <\/div>\n\n\t\t\t\t\t\t\t\n                            <div class=\"wslu-hover-content\">\n                                <div class=\"xs-social-followers\">\n\t\t\t\t\t\t\t\t\t10                                <\/div>\n                                <div class=\"xs-social-follower-text\">\n\t\t\t\t\t\t\t\t\tShare                                <\/div>\n                                <div class=\"xs-social-follower-label\">\n\t\t\t\t\t\t\t\t\tTwitter                                <\/div>\n                            <\/div>\n                        <\/a>\n                    <\/li>\n\t\t\t\t\t                    <li class=\"xs-share-li telegram                        wslu-no-extra-data\">\n                        <a href=\"javascript:void(0);\"\n                           id=\"xs_feed_telegram\"\n                           onclick=\"xs_social_sharer(this);\"\n                           data-pid=\"5020\"\n                           data-uri_hash=\"63cdaa8ba62a0a378a3e7348a0b6255b\"\n                           data-key=\"telegram\"\n                           data-xs-href=\"https:\/\/telegram.me\/share\/url?url=https%3A%2F%2Fvelipost.com%2Findex.php%3Frest_route%3D%252Fwp%252Fv2%252Fposts%252F5020&amp;text=Alix+Didier+Fils-Aim%C3%A9+annonce+une+nouvelle+strat%C3%A9gie+anti-gangs+et+conditionne+les+%C3%A9lections+%C3%A0+la+s%C3%A9curit%C3%A9\">\n\n                            <div class=\"xs-social-icon\">\n                                <span class=\"met-social met-social-telegram\"><\/span>\n                            <\/div>\n\n\t\t\t\t\t\t\t\n                            <div class=\"wslu-hover-content\">\n                                <div class=\"xs-social-followers\">\n\t\t\t\t\t\t\t\t\t0                                <\/div>\n                                <div class=\"xs-social-follower-text\">\n\t\t\t\t\t\t\t\t\tShare                                <\/div>\n                                <div class=\"xs-social-follower-label\">\n\t\t\t\t\t\t\t\t\tTelegram                                <\/div>\n                            <\/div>\n                        <\/a>\n                    <\/li>\n\t\t\t\t\t                    <li class=\"xs-share-li email                        wslu-no-extra-data\">\n                        <a href=\"javascript:void(0);\"\n                           id=\"xs_feed_email\"\n                           onclick=\"xs_social_sharer(this);\"\n                           data-pid=\"5020\"\n                           data-uri_hash=\"63cdaa8ba62a0a378a3e7348a0b6255b\"\n                           data-key=\"email\"\n                           data-xs-href=\"mailto:?body=Title%3A+Alix+Didier+Fils-Aim%C3%A9+annonce+une+nouvelle+strat%C3%A9gie+anti-gangs+et+conditionne+les+%C3%A9lections+%C3%A0+la+s%C3%A9curit%C3%A9+%5Cn%5Cn+URL%3A+https%3A%2F%2Fvelipost.com%2Findex.php%3Frest_route%3D%252Fwp%252Fv2%252Fposts%252F5020&amp;subject=Alix+Didier+Fils-Aim%C3%A9+annonce+une+nouvelle+strat%C3%A9gie+anti-gangs+et+conditionne+les+%C3%A9lections+%C3%A0+la+s%C3%A9curit%C3%A9\">\n\n                            <div class=\"xs-social-icon\">\n                                <span class=\"met-social met-social-email\"><\/span>\n                            <\/div>\n\n\t\t\t\t\t\t\t\n                            <div class=\"wslu-hover-content\">\n                                <div class=\"xs-social-followers\">\n\t\t\t\t\t\t\t\t\t0                                <\/div>\n                                <div class=\"xs-social-follower-text\">\n\t\t\t\t\t\t\t\t\tShare                                <\/div>\n                                <div class=\"xs-social-follower-label\">\n\t\t\t\t\t\t\t\t\tEmail                                <\/div>\n                            <\/div>\n                        <\/a>\n                    <\/li>\n\t\t\t\t\t        <\/ul>\n    <\/div> \n","protected":false},"excerpt":{"rendered":"<p>Le Premier ministre ha\u00eftien, Alix Didier Fils-Aim\u00e9, a particip\u00e9 ce jeudi \u00e0 la conf\u00e9rence de la Table Sectorielle sur la S\u00e9curit\u00e9 (TSS), une initiative<\/p>\n","protected":false},"author":1,"featured_media":5021,"comment_status":"open","ping_status":"open","sticky":false,"template":"","format":"standard","meta":{"_uag_custom_page_level_css":"","footnotes":"","jetpack_publicize_message":"","jetpack_publicize_feature_enabled":true,"jetpack_social_post_already_shared":true,"jetpack_social_options":{"image_generator_settings":{"template":"highway","default_image_id":0,"font":"","enabled":false},"version":2}},"categories":[115],"tags":[],"class_list":["post-5020","post","type-post","status-publish","format-standard","has-post-thumbnail","hentry","category-politique"],"yoast_head":"<!-- This site is optimized with the Yoast SEO plugin v25.3.1 - https:\/\/yoast.com\/wordpress\/plugins\/seo\/ -->\n<title>Alix Didier Fils-Aim\u00e9 annonce une nouvelle strat\u00e9gie anti-gangs et conditionne les \u00e9lections \u00e0 la s\u00e9curit\u00e9 &#8211; VeliPost<\/title>\n<meta name=\"robots\" content=\"index, follow, max-snippet:-1, max-image-preview:large, max-video-preview:-1\" \/>\n<link rel=\"canonical\" href=\"https:\/\/velipost.com\/?p=5020\" \/>\n<meta property=\"og:locale\" content=\"fr_FR\" \/>\n<meta property=\"og:type\" content=\"article\" \/>\n<meta property=\"og:title\" content=\"Alix Didier Fils-Aim\u00e9 annonce une nouvelle strat\u00e9gie anti-gangs et conditionne les \u00e9lections \u00e0 la s\u00e9curit\u00e9 &#8211; VeliPost\" \/>\n<meta property=\"og:description\" content=\"Le Premier ministre ha\u00eftien, Alix Didier Fils-Aim\u00e9, a particip\u00e9 ce jeudi \u00e0 la conf\u00e9rence de la Table Sectorielle sur la S\u00e9curit\u00e9 (TSS), une initiative\" \/>\n<meta property=\"og:url\" content=\"https:\/\/velipost.com\/?p=5020\" \/>\n<meta property=\"og:site_name\" content=\"VeliPost\" \/>\n<meta property=\"article:publisher\" content=\"https:\/\/www.facebook.com\/veliposthaiti\" \/>\n<meta property=\"article:published_time\" content=\"2025-11-28T00:33:57+00:00\" \/>\n<meta property=\"article:modified_time\" content=\"2025-11-28T00:34:00+00:00\" \/>\n<meta property=\"og:image\" content=\"https:\/\/velipost.com\/wp-content\/uploads\/2025\/11\/Cover-VP@1x_1-2.jpg\" \/>\n\t<meta property=\"og:image:width\" content=\"1170\" \/>\n\t<meta property=\"og:image:height\" content=\"603\" \/>\n\t<meta property=\"og:image:type\" content=\"image\/jpeg\" \/>\n<meta name=\"author\" content=\"VeliPost\" \/>\n<meta name=\"twitter:card\" content=\"summary_large_image\" \/>\n<meta name=\"twitter:creator\" content=\"@veliposthaiti\" \/>\n<meta name=\"twitter:site\" content=\"@veliposthaiti\" \/>\n<meta name=\"twitter:label1\" content=\"\u00c9crit par\" \/>\n\t<meta name=\"twitter:data1\" content=\"VeliPost\" \/>\n\t<meta name=\"twitter:label2\" content=\"Dur\u00e9e de lecture estim\u00e9e\" \/>\n\t<meta name=\"twitter:data2\" content=\"2 minutes\" \/>\n<script type=\"application\/ld+json\" class=\"yoast-schema-graph\">{\"@context\":\"https:\/\/schema.org\",\"@graph\":[{\"@type\":\"Article\",\"@id\":\"https:\/\/velipost.com\/?p=5020#article\",\"isPartOf\":{\"@id\":\"https:\/\/velipost.com\/?p=5020\"},\"author\":{\"name\":\"VeliPost\",\"@id\":\"https:\/\/velipost.com\/#\/schema\/person\/32ff49a53c9c1bb24302ee8ece058096\"},\"headline\":\"Alix Didier Fils-Aim\u00e9 annonce une nouvelle strat\u00e9gie anti-gangs et conditionne les \u00e9lections \u00e0 la s\u00e9curit\u00e9\",\"datePublished\":\"2025-11-28T00:33:57+00:00\",\"dateModified\":\"2025-11-28T00:34:00+00:00\",\"mainEntityOfPage\":{\"@id\":\"https:\/\/velipost.com\/?p=5020\"},\"wordCount\":305,\"commentCount\":0,\"publisher\":{\"@id\":\"https:\/\/velipost.com\/#organization\"},\"image\":{\"@id\":\"https:\/\/velipost.com\/?p=5020#primaryimage\"},\"thumbnailUrl\":\"https:\/\/velipost.com\/wp-content\/uploads\/2025\/11\/Cover-VP@1x_1-2.jpg\",\"articleSection\":[\"Politique\"],\"inLanguage\":\"fr-FR\",\"potentialAction\":[{\"@type\":\"CommentAction\",\"name\":\"Comment\",\"target\":[\"https:\/\/velipost.com\/?p=5020#respond\"]}]},{\"@type\":\"WebPage\",\"@id\":\"https:\/\/velipost.com\/?p=5020\",\"url\":\"https:\/\/velipost.com\/?p=5020\",\"name\":\"Alix Didier Fils-Aim\u00e9 annonce une nouvelle strat\u00e9gie anti-gangs et conditionne les \u00e9lections \u00e0 la s\u00e9curit\u00e9 &#8211; VeliPost\",\"isPartOf\":{\"@id\":\"https:\/\/velipost.com\/#website\"},\"primaryImageOfPage\":{\"@id\":\"https:\/\/velipost.com\/?p=5020#primaryimage\"},\"image\":{\"@id\":\"https:\/\/velipost.com\/?p=5020#primaryimage\"},\"thumbnailUrl\":\"https:\/\/velipost.com\/wp-content\/uploads\/2025\/11\/Cover-VP@1x_1-2.jpg\",\"datePublished\":\"2025-11-28T00:33:57+00:00\",\"dateModified\":\"2025-11-28T00:34:00+00:00\",\"breadcrumb\":{\"@id\":\"https:\/\/velipost.com\/?p=5020#breadcrumb\"},\"inLanguage\":\"fr-FR\",\"potentialAction\":[{\"@type\":\"ReadAction\",\"target\":[\"https:\/\/velipost.com\/?p=5020\"]}]},{\"@type\":\"ImageObject\",\"inLanguage\":\"fr-FR\",\"@id\":\"https:\/\/velipost.com\/?p=5020#primaryimage\",\"url\":\"https:\/\/velipost.com\/wp-content\/uploads\/2025\/11\/Cover-VP@1x_1-2.jpg\",\"contentUrl\":\"https:\/\/velipost.com\/wp-content\/uploads\/2025\/11\/Cover-VP@1x_1-2.jpg\",\"width\":1170,\"height\":603},{\"@type\":\"BreadcrumbList\",\"@id\":\"https:\/\/velipost.com\/?p=5020#breadcrumb\",\"itemListElement\":[{\"@type\":\"ListItem\",\"position\":1,\"name\":\"Accueil\",\"item\":\"https:\/\/velipost.com\/\"},{\"@type\":\"ListItem\",\"position\":2,\"name\":\"Alix Didier Fils-Aim\u00e9 annonce une nouvelle strat\u00e9gie anti-gangs et conditionne les \u00e9lections \u00e0 la s\u00e9curit\u00e9\"}]},{\"@type\":\"WebSite\",\"@id\":\"https:\/\/velipost.com\/#website\",\"url\":\"https:\/\/velipost.com\/\",\"name\":\"VeliPost\",\"description\":\"L\u2019info en un clic\",\"publisher\":{\"@id\":\"https:\/\/velipost.com\/#organization\"},\"potentialAction\":[{\"@type\":\"SearchAction\",\"target\":{\"@type\":\"EntryPoint\",\"urlTemplate\":\"https:\/\/velipost.com\/?s={search_term_string}\"},\"query-input\":{\"@type\":\"PropertyValueSpecification\",\"valueRequired\":true,\"valueName\":\"search_term_string\"}}],\"inLanguage\":\"fr-FR\"},{\"@type\":\"Organization\",\"@id\":\"https:\/\/velipost.com\/#organization\",\"name\":\"VeliPost\",\"url\":\"https:\/\/velipost.com\/\",\"logo\":{\"@type\":\"ImageObject\",\"inLanguage\":\"fr-FR\",\"@id\":\"https:\/\/velipost.com\/#\/schema\/logo\/image\/\",\"url\":\"https:\/\/velipost.com\/wp-content\/uploads\/2024\/08\/cropped-VP-logo-piti.png\",\"contentUrl\":\"https:\/\/velipost.com\/wp-content\/uploads\/2024\/08\/cropped-VP-logo-piti.png\",\"width\":201,\"height\":69,\"caption\":\"VeliPost\"},\"image\":{\"@id\":\"https:\/\/velipost.com\/#\/schema\/logo\/image\/\"},\"sameAs\":[\"https:\/\/www.facebook.com\/veliposthaiti\",\"https:\/\/x.com\/veliposthaiti\",\"https:\/\/www.instagram.com\/veliposthaiti\"]},{\"@type\":\"Person\",\"@id\":\"https:\/\/velipost.com\/#\/schema\/person\/32ff49a53c9c1bb24302ee8ece058096\",\"name\":\"VeliPost\",\"image\":{\"@type\":\"ImageObject\",\"inLanguage\":\"fr-FR\",\"@id\":\"https:\/\/velipost.com\/#\/schema\/person\/image\/\",\"url\":\"https:\/\/secure.gravatar.com\/avatar\/57c226c264de62f794185a89596d4a37b85a5ad20aca30d9d5a478b27d8c8d9d?s=96&d=mm&r=g\",\"contentUrl\":\"https:\/\/secure.gravatar.com\/avatar\/57c226c264de62f794185a89596d4a37b85a5ad20aca30d9d5a478b27d8c8d9d?s=96&d=mm&r=g\",\"caption\":\"VeliPost\"},\"sameAs\":[\"https:\/\/velipost.com\"],\"url\":\"https:\/\/velipost.com\/?author=1\"}]}<\/script>\n<!-- \/ Yoast SEO plugin. -->","yoast_head_json":{"title":"Alix Didier Fils-Aim\u00e9 annonce une nouvelle strat\u00e9gie anti-gangs et conditionne les \u00e9lections \u00e0 la s\u00e9curit\u00e9 &#8211; VeliPost","robots":{"index":"index","follow":"follow","max-snippet":"max-snippet:-1","max-image-preview":"max-image-preview:large","max-video-preview":"max-video-preview:-1"},"canonical":"https:\/\/velipost.com\/?p=5020","og_locale":"fr_FR","og_type":"article","og_title":"Alix Didier Fils-Aim\u00e9 annonce une nouvelle strat\u00e9gie anti-gangs et conditionne les \u00e9lections \u00e0 la s\u00e9curit\u00e9 &#8211; VeliPost","og_description":"Le Premier ministre ha\u00eftien, Alix Didier Fils-Aim\u00e9, a particip\u00e9 ce jeudi \u00e0 la conf\u00e9rence de la Table Sectorielle sur la S\u00e9curit\u00e9 (TSS), une initiative","og_url":"https:\/\/velipost.com\/?p=5020","og_site_name":"VeliPost","article_publisher":"https:\/\/www.facebook.com\/veliposthaiti","article_published_time":"2025-11-28T00:33:57+00:00","article_modified_time":"2025-11-28T00:34:00+00:00","og_image":[{"width":1170,"height":603,"url":"https:\/\/velipost.com\/wp-content\/uploads\/2025\/11\/Cover-VP@1x_1-2.jpg","type":"image\/jpeg"}],"author":"VeliPost","twitter_card":"summary_large_image","twitter_creator":"@veliposthaiti","twitter_site":"@veliposthaiti","twitter_misc":{"\u00c9crit par":"VeliPost","Dur\u00e9e de lecture estim\u00e9e":"2 minutes"},"schema":{"@context":"https:\/\/schema.org","@graph":[{"@type":"Article","@id":"https:\/\/velipost.com\/?p=5020#article","isPartOf":{"@id":"https:\/\/velipost.com\/?p=5020"},"author":{"name":"VeliPost","@id":"https:\/\/velipost.com\/#\/schema\/person\/32ff49a53c9c1bb24302ee8ece058096"},"headline":"Alix Didier Fils-Aim\u00e9 annonce une nouvelle strat\u00e9gie anti-gangs et conditionne les \u00e9lections \u00e0 la s\u00e9curit\u00e9","datePublished":"2025-11-28T00:33:57+00:00","dateModified":"2025-11-28T00:34:00+00:00","mainEntityOfPage":{"@id":"https:\/\/velipost.com\/?p=5020"},"wordCount":305,"commentCount":0,"publisher":{"@id":"https:\/\/velipost.com\/#organization"},"image":{"@id":"https:\/\/velipost.com\/?p=5020#primaryimage"},"thumbnailUrl":"https:\/\/velipost.com\/wp-content\/uploads\/2025\/11\/Cover-VP@1x_1-2.jpg","articleSection":["Politique"],"inLanguage":"fr-FR","potentialAction":[{"@type":"CommentAction","name":"Comment","target":["https:\/\/velipost.com\/?p=5020#respond"]}]},{"@type":"WebPage","@id":"https:\/\/velipost.com\/?p=5020","url":"https:\/\/velipost.com\/?p=5020","name":"Alix Didier Fils-Aim\u00e9 annonce une nouvelle strat\u00e9gie anti-gangs et conditionne les \u00e9lections \u00e0 la s\u00e9curit\u00e9 &#8211; VeliPost","isPartOf":{"@id":"https:\/\/velipost.com\/#website"},"primaryImageOfPage":{"@id":"https:\/\/velipost.com\/?p=5020#primaryimage"},"image":{"@id":"https:\/\/velipost.com\/?p=5020#primaryimage"},"thumbnailUrl":"https:\/\/velipost.com\/wp-content\/uploads\/2025\/11\/Cover-VP@1x_1-2.jpg","datePublished":"2025-11-28T00:33:57+00:00","dateModified":"2025-11-28T00:34:00+00:00","breadcrumb":{"@id":"https:\/\/velipost.com\/?p=5020#breadcrumb"},"inLanguage":"fr-FR","potentialAction":[{"@type":"ReadAction","target":["https:\/\/velipost.com\/?p=5020"]}]},{"@type":"ImageObject","inLanguage":"fr-FR","@id":"https:\/\/velipost.com\/?p=5020#primaryimage","url":"https:\/\/velipost.com\/wp-content\/uploads\/2025\/11\/Cover-VP@1x_1-2.jpg","contentUrl":"https:\/\/velipost.com\/wp-content\/uploads\/2025\/11\/Cover-VP@1x_1-2.jpg","width":1170,"height":603},{"@type":"BreadcrumbList","@id":"https:\/\/velipost.com\/?p=5020#breadcrumb","itemListElement":[{"@type":"ListItem","position":1,"name":"Accueil","item":"https:\/\/velipost.com\/"},{"@type":"ListItem","position":2,"name":"Alix Didier Fils-Aim\u00e9 annonce une nouvelle strat\u00e9gie anti-gangs et conditionne les \u00e9lections \u00e0 la s\u00e9curit\u00e9"}]},{"@type":"WebSite","@id":"https:\/\/velipost.com\/#website","url":"https:\/\/velipost.com\/","name":"VeliPost","description":"L\u2019info en un clic","publisher":{"@id":"https:\/\/velipost.com\/#organization"},"potentialAction":[{"@type":"SearchAction","target":{"@type":"EntryPoint","urlTemplate":"https:\/\/velipost.com\/?s={search_term_string}"},"query-input":{"@type":"PropertyValueSpecification","valueRequired":true,"valueName":"search_term_string"}}],"inLanguage":"fr-FR"},{"@type":"Organization","@id":"https:\/\/velipost.com\/#organization","name":"VeliPost","url":"https:\/\/velipost.com\/","logo":{"@type":"ImageObject","inLanguage":"fr-FR","@id":"https:\/\/velipost.com\/#\/schema\/logo\/image\/","url":"https:\/\/velipost.com\/wp-content\/uploads\/2024\/08\/cropped-VP-logo-piti.png","contentUrl":"https:\/\/velipost.com\/wp-content\/uploads\/2024\/08\/cropped-VP-logo-piti.png","width":201,"height":69,"caption":"VeliPost"},"image":{"@id":"https:\/\/velipost.com\/#\/schema\/logo\/image\/"},"sameAs":["https:\/\/www.facebook.com\/veliposthaiti","https:\/\/x.com\/veliposthaiti","https:\/\/www.instagram.com\/veliposthaiti"]},{"@type":"Person","@id":"https:\/\/velipost.com\/#\/schema\/person\/32ff49a53c9c1bb24302ee8ece058096","name":"VeliPost","image":{"@type":"ImageObject","inLanguage":"fr-FR","@id":"https:\/\/velipost.com\/#\/schema\/person\/image\/","url":"https:\/\/secure.gravatar.com\/avatar\/57c226c264de62f794185a89596d4a37b85a5ad20aca30d9d5a478b27d8c8d9d?s=96&d=mm&r=g","contentUrl":"https:\/\/secure.gravatar.com\/avatar\/57c226c264de62f794185a89596d4a37b85a5ad20aca30d9d5a478b27d8c8d9d?s=96&d=mm&r=g","caption":"VeliPost"},"sameAs":["https:\/\/velipost.com"],"url":"https:\/\/velipost.com\/?author=1"}]}},"views":0,"jetpack_publicize_connections":[],"uagb_featured_image_src":{"full":["https:\/\/velipost.com\/wp-content\/uploads\/2025\/11\/Cover-VP@1x_1-2.jpg",1170,603,false],"thumbnail":["https:\/\/velipost.com\/wp-content\/uploads\/2025\/11\/Cover-VP@1x_1-2-150x150.jpg",150,150,true],"medium":["https:\/\/velipost.com\/wp-content\/uploads\/2025\/11\/Cover-VP@1x_1-2-300x155.jpg",300,155,true],"medium_large":["https:\/\/velipost.com\/wp-content\/uploads\/2025\/11\/Cover-VP@1x_1-2-768x396.jpg",715,369,true],"large":["https:\/\/velipost.com\/wp-content\/uploads\/2025\/11\/Cover-VP@1x_1-2-1024x528.jpg",715,369,true],"1536x1536":["https:\/\/velipost.com\/wp-content\/uploads\/2025\/11\/Cover-VP@1x_1-2.jpg",1170,603,false],"2048x2048":["https:\/\/velipost.com\/wp-content\/uploads\/2025\/11\/Cover-VP@1x_1-2.jpg",1170,603,false],"colornews-big-slider":["https:\/\/velipost.com\/wp-content\/uploads\/2025\/11\/Cover-VP@1x_1-2-1070x470.jpg",1070,470,true],"colornews-big-slider-thumb":["https:\/\/velipost.com\/wp-content\/uploads\/2025\/11\/Cover-VP@1x_1-2-184x109.jpg",184,109,true],"colornews-featured-post-medium":["https:\/\/velipost.com\/wp-content\/uploads\/2025\/11\/Cover-VP@1x_1-2-345x265.jpg",345,265,true],"colornews-featured-post-small":["https:\/\/velipost.com\/wp-content\/uploads\/2025\/11\/Cover-VP@1x_1-2-115x73.jpg",115,73,true],"colornews-random-posts":["https:\/\/velipost.com\/wp-content\/uploads\/2025\/11\/Cover-VP@1x_1-2-215x215.jpg",215,215,true],"colornews-featured-image":["https:\/\/velipost.com\/wp-content\/uploads\/2025\/11\/Cover-VP@1x_1-2-715x400.jpg",715,400,true],"mailpoet_newsletter_max":["https:\/\/velipost.com\/wp-content\/uploads\/2025\/11\/Cover-VP@1x_1-2.jpg",1170,603,false]},"uagb_author_info":{"display_name":"VeliPost","author_link":"https:\/\/velipost.com\/?author=1"},"uagb_comment_info":0,"uagb_excerpt":"Le Premier ministre ha\u00eftien, Alix Didier Fils-Aim\u00e9, a particip\u00e9 ce jeudi \u00e0 la conf\u00e9rence de la Table Sectorielle sur la S\u00e9curit\u00e9 (TSS), une initiative","_links":{"self":[{"href":"https:\/\/velipost.com\/index.php?rest_route=\/wp\/v2\/posts\/5020","targetHints":{"allow":["GET"]}}],"collection":[{"href":"https:\/\/velipost.com\/index.php?rest_route=\/wp\/v2\/posts"}],"about":[{"href":"https:\/\/velipost.com\/index.php?rest_route=\/wp\/v2\/types\/post"}],"author":[{"embeddable":true,"href":"https:\/\/velipost.com\/index.php?rest_route=\/wp\/v2\/users\/1"}],"replies":[{"embeddable":true,"href":"https:\/\/velipost.com\/index.php?rest_route=%2Fwp%2Fv2%2Fcomments&post=5020"}],"version-history":[{"count":1,"href":"https:\/\/velipost.com\/index.php?rest_route=\/wp\/v2\/posts\/5020\/revisions"}],"predecessor-version":[{"id":5022,"href":"https:\/\/velipost.com\/index.php?rest_route=\/wp\/v2\/posts\/5020\/revisions\/5022"}],"wp:featuredmedia":[{"embeddable":true,"href":"https:\/\/velipost.com\/index.php?rest_route=\/wp\/v2\/media\/5021"}],"wp:attachment":[{"href":"https:\/\/velipost.com\/index.php?rest_route=%2Fwp%2Fv2%2Fmedia&parent=5020"}],"wp:term":[{"taxonomy":"category","embeddable":true,"href":"https:\/\/velipost.com\/index.php?rest_route=%2Fwp%2Fv2%2Fcategories&post=5020"},{"taxonomy":"post_tag","embeddable":true,"href":"https:\/\/velipost.com\/index.php?rest_route=%2Fwp%2Fv2%2Ftags&post=5020"}],"curies":[{"name":"wp","href":"https:\/\/api.w.org\/{rel}","templated":true}]}}