{"id":5010,"date":"2025-11-27T14:50:15","date_gmt":"2025-11-27T13:50:15","guid":{"rendered":"https:\/\/velipost.com\/?p=5010"},"modified":"2025-11-27T14:50:17","modified_gmt":"2025-11-27T13:50:17","slug":"journee-mondiale-de-lenfance-la-conafudso-et-la-fosref-unissent-leurs-forces-pour-une-journee-de-sensibilisation-et-de-formation","status":"publish","type":"post","link":"https:\/\/velipost.com\/?p=5010","title":{"rendered":"Journ\u00e9e mondiale de l\u2019Enfance : la CONAFUDSO et la FOSREF unissent leurs forces pour une journ\u00e9e de sensibilisation et de formation"},"content":{"rendered":"\n<p><strong>Port-au-Prince, 20 novembre 2025<\/strong>&nbsp;\u2014 \u00c0 l\u2019occasion de la Journ\u00e9e mondiale de l\u2019Enfance, la CONAFUDSO et la Fondation FOSREF ont organis\u00e9 une grande journ\u00e9e de sensibilisation d\u00e9di\u00e9e \u00e0 la protection, au bien-\u00eatre et \u00e0 l\u2019\u00e9panouissement des enfants vivant dans les communaut\u00e9s vuln\u00e9rables. L\u2019\u00e9v\u00e9nement a r\u00e9uni de nombreux enfants, parents et \u00e9ducateurs autour d\u2019un programme riche, \u00e9ducatif et r\u00e9cr\u00e9atif.<\/p>\n\n\n\n<p>Dans le cadre de cette initiative,\u00a0la FOSREF\u00a0a anim\u00e9 des sessions de formation portant sur :<\/p>\n\n\n\n<ul class=\"wp-block-list\">\n<li><strong>La psychologie de l\u2019enfant<\/strong>, afin d\u2019aider parents et encadreurs \u00e0 mieux comprendre les besoins \u00e9motionnels des plus jeunes ;<\/li>\n\n\n\n<li><strong>La protection de l\u2019enfant<\/strong>, avec un accent particulier sur la pr\u00e9vention de la violence, des abus et de la n\u00e9gligence.<\/li>\n<\/ul>\n\n\n\n<p>De son c\u00f4t\u00e9,\u00a0la CONAFUDSO\u00a0a propos\u00e9 plusieurs ateliers ax\u00e9s sur :<\/p>\n\n\n\n<ul class=\"wp-block-list\">\n<li><strong>Les droits de l\u2019enfant<\/strong>, en rappelant les principes fondamentaux de la Convention relative aux droits de l\u2019enfant ;<\/li>\n\n\n\n<li><strong>La sensibilisation des enfants<\/strong>, afin de les encourager \u00e0 se prot\u00e9ger, \u00e0 s\u2019exprimer et \u00e0 participer activement \u00e0 la vie de leur communaut\u00e9.<\/li>\n<\/ul>\n\n\n\n<p>La journ\u00e9e a \u00e9galement \u00e9t\u00e9 marqu\u00e9e par une s\u00e9rie d\u2019activit\u00e9s ludiques et culturelles, parmi lesquelles :<\/p>\n\n\n\n<ul class=\"wp-block-list\">\n<li><strong>Jeux \u00e9ducatifs<\/strong>,<\/li>\n\n\n\n<li><strong>Th\u00e9\u00e2tre<\/strong>,<\/li>\n\n\n\n<li><strong>Danse<\/strong>,<\/li>\n\n\n\n<li><strong>S\u00e9ances de r\u00e9cr\u00e9ation<\/strong>.<\/li>\n<\/ul>\n\n\n\n<p>L\u2019\u00e9v\u00e9nement s\u2019est cl\u00f4tur\u00e9 par un\u00a0repas partag\u00e9, moment chaleureux o\u00f9 enfants, animateurs et organisateurs ont mang\u00e9 ensemble, renfor\u00e7ant ainsi l\u2019esprit de solidarit\u00e9 et de convivialit\u00e9.<\/p>\n\n\n\n<p>Les responsables des deux organisations ont soulign\u00e9 l\u2019importance de telles initiatives, surtout dans un contexte o\u00f9 de nombreux enfants font face \u00e0 l\u2019ins\u00e9curit\u00e9, \u00e0 la pauvret\u00e9 et au manque d\u2019opportunit\u00e9s. Pour eux, cette journ\u00e9e repr\u00e9sente un rappel essentiel de la responsabilit\u00e9 collective envers les nouvelles g\u00e9n\u00e9rations.<\/p>\n\n    <div class=\"xs_social_share_widget xs_share_url after_content \t\tmain_content  wslu-style-3 wslu-share-box-shaped wslu-fill-brand-hover-colored wslu-share-m-5 wslu-none wslu-share-horizontal wslu-theme-font-no wslu-main_content\">\n\n\t\t\n        <ul>\n\t\t\t                    <li class=\"xs-share-li twitter                        wslu-no-extra-data\">\n                        <a href=\"javascript:void(0);\"\n                           id=\"xs_feed_twitter\"\n                           onclick=\"xs_social_sharer(this);\"\n                           data-pid=\"5010\"\n                           data-uri_hash=\"d117a9ac63bf02d0e79e21b97c4b38f9\"\n                           data-key=\"twitter\"\n                           data-xs-href=\"https:\/\/twitter.com\/intent\/tweet?text=Journ%C3%A9e+mondiale+de+l%E2%80%99Enfance+%3A+la+CONAFUDSO+et+la+FOSREF+unissent+leurs+forces+pour+une+journ%C3%A9e+de+sensibilisation+et+de+formation+https%3A%2F%2Fvelipost.com%2Findex.php%3Frest_route%3D%252Fwp%252Fv2%252Fposts%252F5010&amp;original_referer=https%3A%2F%2Fvelipost.com%2Findex.php%3Frest_route%3D%252Fwp%252Fv2%252Fposts%252F5010&amp;related=xpeedstudio\">\n\n                            <div class=\"xs-social-icon\">\n                                <span class=\"met-social met-social-twitter\"><\/span>\n                            <\/div>\n\n\t\t\t\t\t\t\t\n                            <div class=\"wslu-hover-content\">\n                                <div class=\"xs-social-followers\">\n\t\t\t\t\t\t\t\t\t10                                <\/div>\n                                <div class=\"xs-social-follower-text\">\n\t\t\t\t\t\t\t\t\tShare                                <\/div>\n                                <div class=\"xs-social-follower-label\">\n\t\t\t\t\t\t\t\t\tTwitter                                <\/div>\n                            <\/div>\n                        <\/a>\n                    <\/li>\n\t\t\t\t\t                    <li class=\"xs-share-li telegram                        wslu-no-extra-data\">\n                        <a href=\"javascript:void(0);\"\n                           id=\"xs_feed_telegram\"\n                           onclick=\"xs_social_sharer(this);\"\n                           data-pid=\"5010\"\n                           data-uri_hash=\"d117a9ac63bf02d0e79e21b97c4b38f9\"\n                           data-key=\"telegram\"\n                           data-xs-href=\"https:\/\/telegram.me\/share\/url?url=https%3A%2F%2Fvelipost.com%2Findex.php%3Frest_route%3D%252Fwp%252Fv2%252Fposts%252F5010&amp;text=Journ%C3%A9e+mondiale+de+l%E2%80%99Enfance+%3A+la+CONAFUDSO+et+la+FOSREF+unissent+leurs+forces+pour+une+journ%C3%A9e+de+sensibilisation+et+de+formation\">\n\n                            <div class=\"xs-social-icon\">\n                                <span class=\"met-social met-social-telegram\"><\/span>\n                            <\/div>\n\n\t\t\t\t\t\t\t\n                            <div class=\"wslu-hover-content\">\n                                <div class=\"xs-social-followers\">\n\t\t\t\t\t\t\t\t\t0                                <\/div>\n                                <div class=\"xs-social-follower-text\">\n\t\t\t\t\t\t\t\t\tShare                                <\/div>\n                                <div class=\"xs-social-follower-label\">\n\t\t\t\t\t\t\t\t\tTelegram                                <\/div>\n                            <\/div>\n                        <\/a>\n                    <\/li>\n\t\t\t\t\t                    <li class=\"xs-share-li email                        wslu-no-extra-data\">\n                        <a href=\"javascript:void(0);\"\n                           id=\"xs_feed_email\"\n                           onclick=\"xs_social_sharer(this);\"\n                           data-pid=\"5010\"\n                           data-uri_hash=\"d117a9ac63bf02d0e79e21b97c4b38f9\"\n                           data-key=\"email\"\n                           data-xs-href=\"mailto:?body=Title%3A+Journ%C3%A9e+mondiale+de+l%E2%80%99Enfance+%3A+la+CONAFUDSO+et+la+FOSREF+unissent+leurs+forces+pour+une+journ%C3%A9e+de+sensibilisation+et+de+formation+%5Cn%5Cn+URL%3A+https%3A%2F%2Fvelipost.com%2Findex.php%3Frest_route%3D%252Fwp%252Fv2%252Fposts%252F5010&amp;subject=Journ%C3%A9e+mondiale+de+l%E2%80%99Enfance+%3A+la+CONAFUDSO+et+la+FOSREF+unissent+leurs+forces+pour+une+journ%C3%A9e+de+sensibilisation+et+de+formation\">\n\n                            <div class=\"xs-social-icon\">\n                                <span class=\"met-social met-social-email\"><\/span>\n                            <\/div>\n\n\t\t\t\t\t\t\t\n                            <div class=\"wslu-hover-content\">\n                                <div class=\"xs-social-followers\">\n\t\t\t\t\t\t\t\t\t0                                <\/div>\n                                <div class=\"xs-social-follower-text\">\n\t\t\t\t\t\t\t\t\tShare                                <\/div>\n                                <div class=\"xs-social-follower-label\">\n\t\t\t\t\t\t\t\t\tEmail                                <\/div>\n                            <\/div>\n                        <\/a>\n                    <\/li>\n\t\t\t\t\t        <\/ul>\n    <\/div> \n","protected":false},"excerpt":{"rendered":"<p>Port-au-Prince, 20 novembre 2025&nbsp;\u2014 \u00c0 l\u2019occasion de la Journ\u00e9e mondiale de l\u2019Enfance, la CONAFUDSO et la Fondation FOSREF ont organis\u00e9 une grande journ\u00e9e de<\/p>\n","protected":false},"author":1,"featured_media":5011,"comment_status":"open","ping_status":"open","sticky":false,"template":"","format":"standard","meta":{"_uag_custom_page_level_css":"","footnotes":"","jetpack_publicize_message":"","jetpack_publicize_feature_enabled":true,"jetpack_social_post_already_shared":true,"jetpack_social_options":{"image_generator_settings":{"template":"highway","default_image_id":0,"font":"","enabled":false},"version":2}},"categories":[3],"tags":[],"class_list":["post-5010","post","type-post","status-publish","format-standard","has-post-thumbnail","hentry","category-societe"],"yoast_head":"<!-- This site is optimized with the Yoast SEO plugin v25.3.1 - https:\/\/yoast.com\/wordpress\/plugins\/seo\/ -->\n<title>Journ\u00e9e mondiale de l\u2019Enfance : la CONAFUDSO et la FOSREF unissent leurs forces pour une journ\u00e9e de sensibilisation et de formation &#8211; VeliPost<\/title>\n<meta name=\"robots\" content=\"index, follow, max-snippet:-1, max-image-preview:large, max-video-preview:-1\" \/>\n<link rel=\"canonical\" href=\"https:\/\/velipost.com\/?p=5010\" \/>\n<meta property=\"og:locale\" content=\"fr_FR\" \/>\n<meta property=\"og:type\" content=\"article\" \/>\n<meta property=\"og:title\" content=\"Journ\u00e9e mondiale de l\u2019Enfance : la CONAFUDSO et la FOSREF unissent leurs forces pour une journ\u00e9e de sensibilisation et de formation &#8211; VeliPost\" \/>\n<meta property=\"og:description\" content=\"Port-au-Prince, 20 novembre 2025&nbsp;\u2014 \u00c0 l\u2019occasion de la Journ\u00e9e mondiale de l\u2019Enfance, la CONAFUDSO et la Fondation FOSREF ont organis\u00e9 une grande journ\u00e9e de\" \/>\n<meta property=\"og:url\" content=\"https:\/\/velipost.com\/?p=5010\" \/>\n<meta property=\"og:site_name\" content=\"VeliPost\" \/>\n<meta property=\"article:publisher\" content=\"https:\/\/www.facebook.com\/veliposthaiti\" \/>\n<meta property=\"article:published_time\" content=\"2025-11-27T13:50:15+00:00\" \/>\n<meta property=\"article:modified_time\" content=\"2025-11-27T13:50:17+00:00\" \/>\n<meta property=\"og:image\" content=\"https:\/\/velipost.com\/wp-content\/uploads\/2025\/11\/CONAFUDSO-et-FOSREF.jpg\" \/>\n\t<meta property=\"og:image:width\" content=\"1170\" \/>\n\t<meta property=\"og:image:height\" content=\"603\" \/>\n\t<meta property=\"og:image:type\" content=\"image\/jpeg\" \/>\n<meta name=\"author\" content=\"VeliPost\" \/>\n<meta name=\"twitter:card\" content=\"summary_large_image\" \/>\n<meta name=\"twitter:creator\" content=\"@veliposthaiti\" \/>\n<meta name=\"twitter:site\" content=\"@veliposthaiti\" \/>\n<meta name=\"twitter:label1\" content=\"\u00c9crit par\" \/>\n\t<meta name=\"twitter:data1\" content=\"VeliPost\" \/>\n\t<meta name=\"twitter:label2\" content=\"Dur\u00e9e de lecture estim\u00e9e\" \/>\n\t<meta name=\"twitter:data2\" content=\"2 minutes\" \/>\n<script type=\"application\/ld+json\" class=\"yoast-schema-graph\">{\"@context\":\"https:\/\/schema.org\",\"@graph\":[{\"@type\":\"Article\",\"@id\":\"https:\/\/velipost.com\/?p=5010#article\",\"isPartOf\":{\"@id\":\"https:\/\/velipost.com\/?p=5010\"},\"author\":{\"name\":\"VeliPost\",\"@id\":\"https:\/\/velipost.com\/#\/schema\/person\/32ff49a53c9c1bb24302ee8ece058096\"},\"headline\":\"Journ\u00e9e mondiale de l\u2019Enfance : la CONAFUDSO et la FOSREF unissent leurs forces pour une journ\u00e9e de sensibilisation et de formation\",\"datePublished\":\"2025-11-27T13:50:15+00:00\",\"dateModified\":\"2025-11-27T13:50:17+00:00\",\"mainEntityOfPage\":{\"@id\":\"https:\/\/velipost.com\/?p=5010\"},\"wordCount\":318,\"commentCount\":0,\"publisher\":{\"@id\":\"https:\/\/velipost.com\/#organization\"},\"image\":{\"@id\":\"https:\/\/velipost.com\/?p=5010#primaryimage\"},\"thumbnailUrl\":\"https:\/\/velipost.com\/wp-content\/uploads\/2025\/11\/CONAFUDSO-et-FOSREF.jpg\",\"articleSection\":[\"Soci\u00e9t\u00e9\"],\"inLanguage\":\"fr-FR\",\"potentialAction\":[{\"@type\":\"CommentAction\",\"name\":\"Comment\",\"target\":[\"https:\/\/velipost.com\/?p=5010#respond\"]}]},{\"@type\":\"WebPage\",\"@id\":\"https:\/\/velipost.com\/?p=5010\",\"url\":\"https:\/\/velipost.com\/?p=5010\",\"name\":\"Journ\u00e9e mondiale de l\u2019Enfance : la CONAFUDSO et la FOSREF unissent leurs forces pour une journ\u00e9e de sensibilisation et de formation &#8211; VeliPost\",\"isPartOf\":{\"@id\":\"https:\/\/velipost.com\/#website\"},\"primaryImageOfPage\":{\"@id\":\"https:\/\/velipost.com\/?p=5010#primaryimage\"},\"image\":{\"@id\":\"https:\/\/velipost.com\/?p=5010#primaryimage\"},\"thumbnailUrl\":\"https:\/\/velipost.com\/wp-content\/uploads\/2025\/11\/CONAFUDSO-et-FOSREF.jpg\",\"datePublished\":\"2025-11-27T13:50:15+00:00\",\"dateModified\":\"2025-11-27T13:50:17+00:00\",\"breadcrumb\":{\"@id\":\"https:\/\/velipost.com\/?p=5010#breadcrumb\"},\"inLanguage\":\"fr-FR\",\"potentialAction\":[{\"@type\":\"ReadAction\",\"target\":[\"https:\/\/velipost.com\/?p=5010\"]}]},{\"@type\":\"ImageObject\",\"inLanguage\":\"fr-FR\",\"@id\":\"https:\/\/velipost.com\/?p=5010#primaryimage\",\"url\":\"https:\/\/velipost.com\/wp-content\/uploads\/2025\/11\/CONAFUDSO-et-FOSREF.jpg\",\"contentUrl\":\"https:\/\/velipost.com\/wp-content\/uploads\/2025\/11\/CONAFUDSO-et-FOSREF.jpg\",\"width\":1170,\"height\":603},{\"@type\":\"BreadcrumbList\",\"@id\":\"https:\/\/velipost.com\/?p=5010#breadcrumb\",\"itemListElement\":[{\"@type\":\"ListItem\",\"position\":1,\"name\":\"Accueil\",\"item\":\"https:\/\/velipost.com\/\"},{\"@type\":\"ListItem\",\"position\":2,\"name\":\"Journ\u00e9e mondiale de l\u2019Enfance : la CONAFUDSO et la FOSREF unissent leurs forces pour une journ\u00e9e de sensibilisation et de formation\"}]},{\"@type\":\"WebSite\",\"@id\":\"https:\/\/velipost.com\/#website\",\"url\":\"https:\/\/velipost.com\/\",\"name\":\"VeliPost\",\"description\":\"L\u2019info en un clic\",\"publisher\":{\"@id\":\"https:\/\/velipost.com\/#organization\"},\"potentialAction\":[{\"@type\":\"SearchAction\",\"target\":{\"@type\":\"EntryPoint\",\"urlTemplate\":\"https:\/\/velipost.com\/?s={search_term_string}\"},\"query-input\":{\"@type\":\"PropertyValueSpecification\",\"valueRequired\":true,\"valueName\":\"search_term_string\"}}],\"inLanguage\":\"fr-FR\"},{\"@type\":\"Organization\",\"@id\":\"https:\/\/velipost.com\/#organization\",\"name\":\"VeliPost\",\"url\":\"https:\/\/velipost.com\/\",\"logo\":{\"@type\":\"ImageObject\",\"inLanguage\":\"fr-FR\",\"@id\":\"https:\/\/velipost.com\/#\/schema\/logo\/image\/\",\"url\":\"https:\/\/velipost.com\/wp-content\/uploads\/2024\/08\/cropped-VP-logo-piti.png\",\"contentUrl\":\"https:\/\/velipost.com\/wp-content\/uploads\/2024\/08\/cropped-VP-logo-piti.png\",\"width\":201,\"height\":69,\"caption\":\"VeliPost\"},\"image\":{\"@id\":\"https:\/\/velipost.com\/#\/schema\/logo\/image\/\"},\"sameAs\":[\"https:\/\/www.facebook.com\/veliposthaiti\",\"https:\/\/x.com\/veliposthaiti\",\"https:\/\/www.instagram.com\/veliposthaiti\"]},{\"@type\":\"Person\",\"@id\":\"https:\/\/velipost.com\/#\/schema\/person\/32ff49a53c9c1bb24302ee8ece058096\",\"name\":\"VeliPost\",\"image\":{\"@type\":\"ImageObject\",\"inLanguage\":\"fr-FR\",\"@id\":\"https:\/\/velipost.com\/#\/schema\/person\/image\/\",\"url\":\"https:\/\/secure.gravatar.com\/avatar\/57c226c264de62f794185a89596d4a37b85a5ad20aca30d9d5a478b27d8c8d9d?s=96&d=mm&r=g\",\"contentUrl\":\"https:\/\/secure.gravatar.com\/avatar\/57c226c264de62f794185a89596d4a37b85a5ad20aca30d9d5a478b27d8c8d9d?s=96&d=mm&r=g\",\"caption\":\"VeliPost\"},\"sameAs\":[\"https:\/\/velipost.com\"],\"url\":\"https:\/\/velipost.com\/?author=1\"}]}<\/script>\n<!-- \/ Yoast SEO plugin. -->","yoast_head_json":{"title":"Journ\u00e9e mondiale de l\u2019Enfance : la CONAFUDSO et la FOSREF unissent leurs forces pour une journ\u00e9e de sensibilisation et de formation &#8211; VeliPost","robots":{"index":"index","follow":"follow","max-snippet":"max-snippet:-1","max-image-preview":"max-image-preview:large","max-video-preview":"max-video-preview:-1"},"canonical":"https:\/\/velipost.com\/?p=5010","og_locale":"fr_FR","og_type":"article","og_title":"Journ\u00e9e mondiale de l\u2019Enfance : la CONAFUDSO et la FOSREF unissent leurs forces pour une journ\u00e9e de sensibilisation et de formation &#8211; VeliPost","og_description":"Port-au-Prince, 20 novembre 2025&nbsp;\u2014 \u00c0 l\u2019occasion de la Journ\u00e9e mondiale de l\u2019Enfance, la CONAFUDSO et la Fondation FOSREF ont organis\u00e9 une grande journ\u00e9e de","og_url":"https:\/\/velipost.com\/?p=5010","og_site_name":"VeliPost","article_publisher":"https:\/\/www.facebook.com\/veliposthaiti","article_published_time":"2025-11-27T13:50:15+00:00","article_modified_time":"2025-11-27T13:50:17+00:00","og_image":[{"width":1170,"height":603,"url":"https:\/\/velipost.com\/wp-content\/uploads\/2025\/11\/CONAFUDSO-et-FOSREF.jpg","type":"image\/jpeg"}],"author":"VeliPost","twitter_card":"summary_large_image","twitter_creator":"@veliposthaiti","twitter_site":"@veliposthaiti","twitter_misc":{"\u00c9crit par":"VeliPost","Dur\u00e9e de lecture estim\u00e9e":"2 minutes"},"schema":{"@context":"https:\/\/schema.org","@graph":[{"@type":"Article","@id":"https:\/\/velipost.com\/?p=5010#article","isPartOf":{"@id":"https:\/\/velipost.com\/?p=5010"},"author":{"name":"VeliPost","@id":"https:\/\/velipost.com\/#\/schema\/person\/32ff49a53c9c1bb24302ee8ece058096"},"headline":"Journ\u00e9e mondiale de l\u2019Enfance : la CONAFUDSO et la FOSREF unissent leurs forces pour une journ\u00e9e de sensibilisation et de formation","datePublished":"2025-11-27T13:50:15+00:00","dateModified":"2025-11-27T13:50:17+00:00","mainEntityOfPage":{"@id":"https:\/\/velipost.com\/?p=5010"},"wordCount":318,"commentCount":0,"publisher":{"@id":"https:\/\/velipost.com\/#organization"},"image":{"@id":"https:\/\/velipost.com\/?p=5010#primaryimage"},"thumbnailUrl":"https:\/\/velipost.com\/wp-content\/uploads\/2025\/11\/CONAFUDSO-et-FOSREF.jpg","articleSection":["Soci\u00e9t\u00e9"],"inLanguage":"fr-FR","potentialAction":[{"@type":"CommentAction","name":"Comment","target":["https:\/\/velipost.com\/?p=5010#respond"]}]},{"@type":"WebPage","@id":"https:\/\/velipost.com\/?p=5010","url":"https:\/\/velipost.com\/?p=5010","name":"Journ\u00e9e mondiale de l\u2019Enfance : la CONAFUDSO et la FOSREF unissent leurs forces pour une journ\u00e9e de sensibilisation et de formation &#8211; VeliPost","isPartOf":{"@id":"https:\/\/velipost.com\/#website"},"primaryImageOfPage":{"@id":"https:\/\/velipost.com\/?p=5010#primaryimage"},"image":{"@id":"https:\/\/velipost.com\/?p=5010#primaryimage"},"thumbnailUrl":"https:\/\/velipost.com\/wp-content\/uploads\/2025\/11\/CONAFUDSO-et-FOSREF.jpg","datePublished":"2025-11-27T13:50:15+00:00","dateModified":"2025-11-27T13:50:17+00:00","breadcrumb":{"@id":"https:\/\/velipost.com\/?p=5010#breadcrumb"},"inLanguage":"fr-FR","potentialAction":[{"@type":"ReadAction","target":["https:\/\/velipost.com\/?p=5010"]}]},{"@type":"ImageObject","inLanguage":"fr-FR","@id":"https:\/\/velipost.com\/?p=5010#primaryimage","url":"https:\/\/velipost.com\/wp-content\/uploads\/2025\/11\/CONAFUDSO-et-FOSREF.jpg","contentUrl":"https:\/\/velipost.com\/wp-content\/uploads\/2025\/11\/CONAFUDSO-et-FOSREF.jpg","width":1170,"height":603},{"@type":"BreadcrumbList","@id":"https:\/\/velipost.com\/?p=5010#breadcrumb","itemListElement":[{"@type":"ListItem","position":1,"name":"Accueil","item":"https:\/\/velipost.com\/"},{"@type":"ListItem","position":2,"name":"Journ\u00e9e mondiale de l\u2019Enfance : la CONAFUDSO et la FOSREF unissent leurs forces pour une journ\u00e9e de sensibilisation et de formation"}]},{"@type":"WebSite","@id":"https:\/\/velipost.com\/#website","url":"https:\/\/velipost.com\/","name":"VeliPost","description":"L\u2019info en un clic","publisher":{"@id":"https:\/\/velipost.com\/#organization"},"potentialAction":[{"@type":"SearchAction","target":{"@type":"EntryPoint","urlTemplate":"https:\/\/velipost.com\/?s={search_term_string}"},"query-input":{"@type":"PropertyValueSpecification","valueRequired":true,"valueName":"search_term_string"}}],"inLanguage":"fr-FR"},{"@type":"Organization","@id":"https:\/\/velipost.com\/#organization","name":"VeliPost","url":"https:\/\/velipost.com\/","logo":{"@type":"ImageObject","inLanguage":"fr-FR","@id":"https:\/\/velipost.com\/#\/schema\/logo\/image\/","url":"https:\/\/velipost.com\/wp-content\/uploads\/2024\/08\/cropped-VP-logo-piti.png","contentUrl":"https:\/\/velipost.com\/wp-content\/uploads\/2024\/08\/cropped-VP-logo-piti.png","width":201,"height":69,"caption":"VeliPost"},"image":{"@id":"https:\/\/velipost.com\/#\/schema\/logo\/image\/"},"sameAs":["https:\/\/www.facebook.com\/veliposthaiti","https:\/\/x.com\/veliposthaiti","https:\/\/www.instagram.com\/veliposthaiti"]},{"@type":"Person","@id":"https:\/\/velipost.com\/#\/schema\/person\/32ff49a53c9c1bb24302ee8ece058096","name":"VeliPost","image":{"@type":"ImageObject","inLanguage":"fr-FR","@id":"https:\/\/velipost.com\/#\/schema\/person\/image\/","url":"https:\/\/secure.gravatar.com\/avatar\/57c226c264de62f794185a89596d4a37b85a5ad20aca30d9d5a478b27d8c8d9d?s=96&d=mm&r=g","contentUrl":"https:\/\/secure.gravatar.com\/avatar\/57c226c264de62f794185a89596d4a37b85a5ad20aca30d9d5a478b27d8c8d9d?s=96&d=mm&r=g","caption":"VeliPost"},"sameAs":["https:\/\/velipost.com"],"url":"https:\/\/velipost.com\/?author=1"}]}},"views":0,"jetpack_publicize_connections":[],"uagb_featured_image_src":{"full":["https:\/\/velipost.com\/wp-content\/uploads\/2025\/11\/CONAFUDSO-et-FOSREF.jpg",1170,603,false],"thumbnail":["https:\/\/velipost.com\/wp-content\/uploads\/2025\/11\/CONAFUDSO-et-FOSREF-150x150.jpg",150,150,true],"medium":["https:\/\/velipost.com\/wp-content\/uploads\/2025\/11\/CONAFUDSO-et-FOSREF-300x155.jpg",300,155,true],"medium_large":["https:\/\/velipost.com\/wp-content\/uploads\/2025\/11\/CONAFUDSO-et-FOSREF-768x396.jpg",715,369,true],"large":["https:\/\/velipost.com\/wp-content\/uploads\/2025\/11\/CONAFUDSO-et-FOSREF-1024x528.jpg",715,369,true],"1536x1536":["https:\/\/velipost.com\/wp-content\/uploads\/2025\/11\/CONAFUDSO-et-FOSREF.jpg",1170,603,false],"2048x2048":["https:\/\/velipost.com\/wp-content\/uploads\/2025\/11\/CONAFUDSO-et-FOSREF.jpg",1170,603,false],"colornews-big-slider":["https:\/\/velipost.com\/wp-content\/uploads\/2025\/11\/CONAFUDSO-et-FOSREF-1070x470.jpg",1070,470,true],"colornews-big-slider-thumb":["https:\/\/velipost.com\/wp-content\/uploads\/2025\/11\/CONAFUDSO-et-FOSREF-184x109.jpg",184,109,true],"colornews-featured-post-medium":["https:\/\/velipost.com\/wp-content\/uploads\/2025\/11\/CONAFUDSO-et-FOSREF-345x265.jpg",345,265,true],"colornews-featured-post-small":["https:\/\/velipost.com\/wp-content\/uploads\/2025\/11\/CONAFUDSO-et-FOSREF-115x73.jpg",115,73,true],"colornews-random-posts":["https:\/\/velipost.com\/wp-content\/uploads\/2025\/11\/CONAFUDSO-et-FOSREF-215x215.jpg",215,215,true],"colornews-featured-image":["https:\/\/velipost.com\/wp-content\/uploads\/2025\/11\/CONAFUDSO-et-FOSREF-715x400.jpg",715,400,true],"mailpoet_newsletter_max":["https:\/\/velipost.com\/wp-content\/uploads\/2025\/11\/CONAFUDSO-et-FOSREF.jpg",1170,603,false]},"uagb_author_info":{"display_name":"VeliPost","author_link":"https:\/\/velipost.com\/?author=1"},"uagb_comment_info":0,"uagb_excerpt":"Port-au-Prince, 20 novembre 2025&nbsp;\u2014 \u00c0 l\u2019occasion de la Journ\u00e9e mondiale de l\u2019Enfance, la CONAFUDSO et la Fondation FOSREF ont organis\u00e9 une grande journ\u00e9e de","_links":{"self":[{"href":"https:\/\/velipost.com\/index.php?rest_route=\/wp\/v2\/posts\/5010","targetHints":{"allow":["GET"]}}],"collection":[{"href":"https:\/\/velipost.com\/index.php?rest_route=\/wp\/v2\/posts"}],"about":[{"href":"https:\/\/velipost.com\/index.php?rest_route=\/wp\/v2\/types\/post"}],"author":[{"embeddable":true,"href":"https:\/\/velipost.com\/index.php?rest_route=\/wp\/v2\/users\/1"}],"replies":[{"embeddable":true,"href":"https:\/\/velipost.com\/index.php?rest_route=%2Fwp%2Fv2%2Fcomments&post=5010"}],"version-history":[{"count":1,"href":"https:\/\/velipost.com\/index.php?rest_route=\/wp\/v2\/posts\/5010\/revisions"}],"predecessor-version":[{"id":5012,"href":"https:\/\/velipost.com\/index.php?rest_route=\/wp\/v2\/posts\/5010\/revisions\/5012"}],"wp:featuredmedia":[{"embeddable":true,"href":"https:\/\/velipost.com\/index.php?rest_route=\/wp\/v2\/media\/5011"}],"wp:attachment":[{"href":"https:\/\/velipost.com\/index.php?rest_route=%2Fwp%2Fv2%2Fmedia&parent=5010"}],"wp:term":[{"taxonomy":"category","embeddable":true,"href":"https:\/\/velipost.com\/index.php?rest_route=%2Fwp%2Fv2%2Fcategories&post=5010"},{"taxonomy":"post_tag","embeddable":true,"href":"https:\/\/velipost.com\/index.php?rest_route=%2Fwp%2Fv2%2Ftags&post=5010"}],"curies":[{"name":"wp","href":"https:\/\/api.w.org\/{rel}","templated":true}]}}