{"id":4977,"date":"2025-11-24T22:43:02","date_gmt":"2025-11-24T21:43:02","guid":{"rendered":"https:\/\/velipost.com\/?p=4977"},"modified":"2025-11-24T22:43:05","modified_gmt":"2025-11-24T21:43:05","slug":"me-elioth-pierre-paul-installe-comme-substitut-du-commissaire-du-gouvernement-a-la-cour-dappel-des-cayes","status":"publish","type":"post","link":"https:\/\/velipost.com\/?p=4977","title":{"rendered":"Me Elioth Pierre Paul install\u00e9 comme Substitut du Commissaire du Gouvernement \u00e0 la Cour d\u2019appel des Cayes"},"content":{"rendered":"\n<p>La Cour d\u2019appel des Cayes a proc\u00e9d\u00e9, ce lundi, \u00e0 l\u2019installation officielle de Me Elioth Pierre Paul comme Substitut du Commissaire du Gouvernement. L\u2019ancien responsable du Parquet des Cayes a pr\u00eat\u00e9 serment lors d\u2019une c\u00e9r\u00e9monie qui a r\u00e9uni magistrats, autorit\u00e9s locales, repr\u00e9sentants de la soci\u00e9t\u00e9 civile et membres de la presse.<\/p>\n\n\n\n<p>Dans son intervention, Me Pierre Paul a exprim\u00e9 sa reconnaissance envers les autorit\u00e9s gouvernementales tout en r\u00e9affirmant son engagement envers le Grand Sud. Il a assur\u00e9 vouloir poursuivre sa carri\u00e8re sous le signe de l\u2019int\u00e9grit\u00e9.<br>\u00ab Je resterai un magistrat mod\u00e8le, int\u00e8gre, qui refuse toute forme de corruption \u00bb, a-t-il d\u00e9clar\u00e9 avec fermet\u00e9.<\/p>\n\n\n\n<p>Le nouveau Substitut a \u00e9galement mis l\u2019accent sur la d\u00e9fense des droits des citoyens. Il a promis de maintenir une ligne de conduite ax\u00e9e sur le bien-\u00eatre collectif et le respect de la justice. \u00ab Je veillerai \u00e0 ce que les droits des justiciables soient prot\u00e9g\u00e9s. La justice doit demeurer une lumi\u00e8re pour la d\u00e9mocratie \u00bb, a-t-il insist\u00e9.<\/p>\n\n\n\n<p>En conclusion, Me Elioth Pierre Paul a appel\u00e9 \u00e0 une collaboration renforc\u00e9e entre les juges, les commissaires et l\u2019ensemble des acteurs du syst\u00e8me judiciaire afin de consolider la confiance du public envers les institutions. Selon lui, la justice doit \u00eatre \u00ab au-dessus de tout soup\u00e7on \u00bb pour servir efficacement la population du Grand Sud.<\/p>\n\n    <div class=\"xs_social_share_widget xs_share_url after_content \t\tmain_content  wslu-style-3 wslu-share-box-shaped wslu-fill-brand-hover-colored wslu-share-m-5 wslu-none wslu-share-horizontal wslu-theme-font-no wslu-main_content\">\n\n\t\t\n        <ul>\n\t\t\t                    <li class=\"xs-share-li twitter                        wslu-no-extra-data\">\n                        <a href=\"javascript:void(0);\"\n                           id=\"xs_feed_twitter\"\n                           onclick=\"xs_social_sharer(this);\"\n                           data-pid=\"4977\"\n                           data-uri_hash=\"fe1dad9ba760115fb09dd9119b59d250\"\n                           data-key=\"twitter\"\n                           data-xs-href=\"https:\/\/twitter.com\/intent\/tweet?text=Me+Elioth+Pierre+Paul+install%C3%A9+comme+Substitut+du+Commissaire+du+Gouvernement+%C3%A0+la+Cour+d%E2%80%99appel+des+Cayes+https%3A%2F%2Fvelipost.com%2Findex.php%3Frest_route%3D%252Fwp%252Fv2%252Fposts%252F4977&amp;original_referer=https%3A%2F%2Fvelipost.com%2Findex.php%3Frest_route%3D%252Fwp%252Fv2%252Fposts%252F4977&amp;related=xpeedstudio\">\n\n                            <div class=\"xs-social-icon\">\n                                <span class=\"met-social met-social-twitter\"><\/span>\n                            <\/div>\n\n\t\t\t\t\t\t\t\n                            <div class=\"wslu-hover-content\">\n                                <div class=\"xs-social-followers\">\n\t\t\t\t\t\t\t\t\t10                                <\/div>\n                                <div class=\"xs-social-follower-text\">\n\t\t\t\t\t\t\t\t\tShare                                <\/div>\n                                <div class=\"xs-social-follower-label\">\n\t\t\t\t\t\t\t\t\tTwitter                                <\/div>\n                            <\/div>\n                        <\/a>\n                    <\/li>\n\t\t\t\t\t                    <li class=\"xs-share-li telegram                        wslu-no-extra-data\">\n                        <a href=\"javascript:void(0);\"\n                           id=\"xs_feed_telegram\"\n                           onclick=\"xs_social_sharer(this);\"\n                           data-pid=\"4977\"\n                           data-uri_hash=\"fe1dad9ba760115fb09dd9119b59d250\"\n                           data-key=\"telegram\"\n                           data-xs-href=\"https:\/\/telegram.me\/share\/url?url=https%3A%2F%2Fvelipost.com%2Findex.php%3Frest_route%3D%252Fwp%252Fv2%252Fposts%252F4977&amp;text=Me+Elioth+Pierre+Paul+install%C3%A9+comme+Substitut+du+Commissaire+du+Gouvernement+%C3%A0+la+Cour+d%E2%80%99appel+des+Cayes\">\n\n                            <div class=\"xs-social-icon\">\n                                <span class=\"met-social met-social-telegram\"><\/span>\n                            <\/div>\n\n\t\t\t\t\t\t\t\n                            <div class=\"wslu-hover-content\">\n                                <div class=\"xs-social-followers\">\n\t\t\t\t\t\t\t\t\t0                                <\/div>\n                                <div class=\"xs-social-follower-text\">\n\t\t\t\t\t\t\t\t\tShare                                <\/div>\n                                <div class=\"xs-social-follower-label\">\n\t\t\t\t\t\t\t\t\tTelegram                                <\/div>\n                            <\/div>\n                        <\/a>\n                    <\/li>\n\t\t\t\t\t                    <li class=\"xs-share-li email                        wslu-no-extra-data\">\n                        <a href=\"javascript:void(0);\"\n                           id=\"xs_feed_email\"\n                           onclick=\"xs_social_sharer(this);\"\n                           data-pid=\"4977\"\n                           data-uri_hash=\"fe1dad9ba760115fb09dd9119b59d250\"\n                           data-key=\"email\"\n                           data-xs-href=\"mailto:?body=Title%3A+Me+Elioth+Pierre+Paul+install%C3%A9+comme+Substitut+du+Commissaire+du+Gouvernement+%C3%A0+la+Cour+d%E2%80%99appel+des+Cayes+%5Cn%5Cn+URL%3A+https%3A%2F%2Fvelipost.com%2Findex.php%3Frest_route%3D%252Fwp%252Fv2%252Fposts%252F4977&amp;subject=Me+Elioth+Pierre+Paul+install%C3%A9+comme+Substitut+du+Commissaire+du+Gouvernement+%C3%A0+la+Cour+d%E2%80%99appel+des+Cayes\">\n\n                            <div class=\"xs-social-icon\">\n                                <span class=\"met-social met-social-email\"><\/span>\n                            <\/div>\n\n\t\t\t\t\t\t\t\n                            <div class=\"wslu-hover-content\">\n                                <div class=\"xs-social-followers\">\n\t\t\t\t\t\t\t\t\t0                                <\/div>\n                                <div class=\"xs-social-follower-text\">\n\t\t\t\t\t\t\t\t\tShare                                <\/div>\n                                <div class=\"xs-social-follower-label\">\n\t\t\t\t\t\t\t\t\tEmail                                <\/div>\n                            <\/div>\n                        <\/a>\n                    <\/li>\n\t\t\t\t\t        <\/ul>\n    <\/div> \n","protected":false},"excerpt":{"rendered":"<p>La Cour d\u2019appel des Cayes a proc\u00e9d\u00e9, ce lundi, \u00e0 l\u2019installation officielle de Me Elioth Pierre Paul comme Substitut du Commissaire du Gouvernement. L\u2019ancien<\/p>\n","protected":false},"author":1,"featured_media":4978,"comment_status":"open","ping_status":"open","sticky":false,"template":"","format":"standard","meta":{"_uag_custom_page_level_css":"","footnotes":"","jetpack_publicize_message":"","jetpack_publicize_feature_enabled":true,"jetpack_social_post_already_shared":true,"jetpack_social_options":{"image_generator_settings":{"template":"highway","default_image_id":0,"font":"","enabled":false},"version":2}},"categories":[259],"tags":[],"class_list":["post-4977","post","type-post","status-publish","format-standard","has-post-thumbnail","hentry","category-justice"],"yoast_head":"<!-- This site is optimized with the Yoast SEO plugin v25.3.1 - https:\/\/yoast.com\/wordpress\/plugins\/seo\/ -->\n<title>Me Elioth Pierre Paul install\u00e9 comme Substitut du Commissaire du Gouvernement \u00e0 la Cour d\u2019appel des Cayes &#8211; VeliPost<\/title>\n<meta name=\"robots\" content=\"index, follow, max-snippet:-1, max-image-preview:large, max-video-preview:-1\" \/>\n<link rel=\"canonical\" href=\"https:\/\/velipost.com\/?p=4977\" \/>\n<meta property=\"og:locale\" content=\"fr_FR\" \/>\n<meta property=\"og:type\" content=\"article\" \/>\n<meta property=\"og:title\" content=\"Me Elioth Pierre Paul install\u00e9 comme Substitut du Commissaire du Gouvernement \u00e0 la Cour d\u2019appel des Cayes &#8211; VeliPost\" \/>\n<meta property=\"og:description\" content=\"La Cour d\u2019appel des Cayes a proc\u00e9d\u00e9, ce lundi, \u00e0 l\u2019installation officielle de Me Elioth Pierre Paul comme Substitut du Commissaire du Gouvernement. L\u2019ancien\" \/>\n<meta property=\"og:url\" content=\"https:\/\/velipost.com\/?p=4977\" \/>\n<meta property=\"og:site_name\" content=\"VeliPost\" \/>\n<meta property=\"article:publisher\" content=\"https:\/\/www.facebook.com\/veliposthaiti\" \/>\n<meta property=\"article:published_time\" content=\"2025-11-24T21:43:02+00:00\" \/>\n<meta property=\"article:modified_time\" content=\"2025-11-24T21:43:05+00:00\" \/>\n<meta property=\"og:image\" content=\"https:\/\/velipost.com\/wp-content\/uploads\/2025\/11\/Me-Elioth-Pierre-Paul.jpg\" \/>\n\t<meta property=\"og:image:width\" content=\"1170\" \/>\n\t<meta property=\"og:image:height\" content=\"603\" \/>\n\t<meta property=\"og:image:type\" content=\"image\/jpeg\" \/>\n<meta name=\"author\" content=\"VeliPost\" \/>\n<meta name=\"twitter:card\" content=\"summary_large_image\" \/>\n<meta name=\"twitter:creator\" content=\"@veliposthaiti\" \/>\n<meta name=\"twitter:site\" content=\"@veliposthaiti\" \/>\n<meta name=\"twitter:label1\" content=\"\u00c9crit par\" \/>\n\t<meta name=\"twitter:data1\" content=\"VeliPost\" \/>\n\t<meta name=\"twitter:label2\" content=\"Dur\u00e9e de lecture estim\u00e9e\" \/>\n\t<meta name=\"twitter:data2\" content=\"2 minutes\" \/>\n<script type=\"application\/ld+json\" class=\"yoast-schema-graph\">{\"@context\":\"https:\/\/schema.org\",\"@graph\":[{\"@type\":\"Article\",\"@id\":\"https:\/\/velipost.com\/?p=4977#article\",\"isPartOf\":{\"@id\":\"https:\/\/velipost.com\/?p=4977\"},\"author\":{\"name\":\"VeliPost\",\"@id\":\"https:\/\/velipost.com\/#\/schema\/person\/32ff49a53c9c1bb24302ee8ece058096\"},\"headline\":\"Me Elioth Pierre Paul install\u00e9 comme Substitut du Commissaire du Gouvernement \u00e0 la Cour d\u2019appel des Cayes\",\"datePublished\":\"2025-11-24T21:43:02+00:00\",\"dateModified\":\"2025-11-24T21:43:05+00:00\",\"mainEntityOfPage\":{\"@id\":\"https:\/\/velipost.com\/?p=4977\"},\"wordCount\":256,\"commentCount\":0,\"publisher\":{\"@id\":\"https:\/\/velipost.com\/#organization\"},\"image\":{\"@id\":\"https:\/\/velipost.com\/?p=4977#primaryimage\"},\"thumbnailUrl\":\"https:\/\/velipost.com\/wp-content\/uploads\/2025\/11\/Me-Elioth-Pierre-Paul.jpg\",\"articleSection\":[\"Justice\"],\"inLanguage\":\"fr-FR\",\"potentialAction\":[{\"@type\":\"CommentAction\",\"name\":\"Comment\",\"target\":[\"https:\/\/velipost.com\/?p=4977#respond\"]}]},{\"@type\":\"WebPage\",\"@id\":\"https:\/\/velipost.com\/?p=4977\",\"url\":\"https:\/\/velipost.com\/?p=4977\",\"name\":\"Me Elioth Pierre Paul install\u00e9 comme Substitut du Commissaire du Gouvernement \u00e0 la Cour d\u2019appel des Cayes &#8211; VeliPost\",\"isPartOf\":{\"@id\":\"https:\/\/velipost.com\/#website\"},\"primaryImageOfPage\":{\"@id\":\"https:\/\/velipost.com\/?p=4977#primaryimage\"},\"image\":{\"@id\":\"https:\/\/velipost.com\/?p=4977#primaryimage\"},\"thumbnailUrl\":\"https:\/\/velipost.com\/wp-content\/uploads\/2025\/11\/Me-Elioth-Pierre-Paul.jpg\",\"datePublished\":\"2025-11-24T21:43:02+00:00\",\"dateModified\":\"2025-11-24T21:43:05+00:00\",\"breadcrumb\":{\"@id\":\"https:\/\/velipost.com\/?p=4977#breadcrumb\"},\"inLanguage\":\"fr-FR\",\"potentialAction\":[{\"@type\":\"ReadAction\",\"target\":[\"https:\/\/velipost.com\/?p=4977\"]}]},{\"@type\":\"ImageObject\",\"inLanguage\":\"fr-FR\",\"@id\":\"https:\/\/velipost.com\/?p=4977#primaryimage\",\"url\":\"https:\/\/velipost.com\/wp-content\/uploads\/2025\/11\/Me-Elioth-Pierre-Paul.jpg\",\"contentUrl\":\"https:\/\/velipost.com\/wp-content\/uploads\/2025\/11\/Me-Elioth-Pierre-Paul.jpg\",\"width\":1170,\"height\":603},{\"@type\":\"BreadcrumbList\",\"@id\":\"https:\/\/velipost.com\/?p=4977#breadcrumb\",\"itemListElement\":[{\"@type\":\"ListItem\",\"position\":1,\"name\":\"Accueil\",\"item\":\"https:\/\/velipost.com\/\"},{\"@type\":\"ListItem\",\"position\":2,\"name\":\"Me Elioth Pierre Paul install\u00e9 comme Substitut du Commissaire du Gouvernement \u00e0 la Cour d\u2019appel des Cayes\"}]},{\"@type\":\"WebSite\",\"@id\":\"https:\/\/velipost.com\/#website\",\"url\":\"https:\/\/velipost.com\/\",\"name\":\"VeliPost\",\"description\":\"L\u2019info en un clic\",\"publisher\":{\"@id\":\"https:\/\/velipost.com\/#organization\"},\"potentialAction\":[{\"@type\":\"SearchAction\",\"target\":{\"@type\":\"EntryPoint\",\"urlTemplate\":\"https:\/\/velipost.com\/?s={search_term_string}\"},\"query-input\":{\"@type\":\"PropertyValueSpecification\",\"valueRequired\":true,\"valueName\":\"search_term_string\"}}],\"inLanguage\":\"fr-FR\"},{\"@type\":\"Organization\",\"@id\":\"https:\/\/velipost.com\/#organization\",\"name\":\"VeliPost\",\"url\":\"https:\/\/velipost.com\/\",\"logo\":{\"@type\":\"ImageObject\",\"inLanguage\":\"fr-FR\",\"@id\":\"https:\/\/velipost.com\/#\/schema\/logo\/image\/\",\"url\":\"https:\/\/velipost.com\/wp-content\/uploads\/2024\/08\/cropped-VP-logo-piti.png\",\"contentUrl\":\"https:\/\/velipost.com\/wp-content\/uploads\/2024\/08\/cropped-VP-logo-piti.png\",\"width\":201,\"height\":69,\"caption\":\"VeliPost\"},\"image\":{\"@id\":\"https:\/\/velipost.com\/#\/schema\/logo\/image\/\"},\"sameAs\":[\"https:\/\/www.facebook.com\/veliposthaiti\",\"https:\/\/x.com\/veliposthaiti\",\"https:\/\/www.instagram.com\/veliposthaiti\"]},{\"@type\":\"Person\",\"@id\":\"https:\/\/velipost.com\/#\/schema\/person\/32ff49a53c9c1bb24302ee8ece058096\",\"name\":\"VeliPost\",\"image\":{\"@type\":\"ImageObject\",\"inLanguage\":\"fr-FR\",\"@id\":\"https:\/\/velipost.com\/#\/schema\/person\/image\/\",\"url\":\"https:\/\/secure.gravatar.com\/avatar\/57c226c264de62f794185a89596d4a37b85a5ad20aca30d9d5a478b27d8c8d9d?s=96&d=mm&r=g\",\"contentUrl\":\"https:\/\/secure.gravatar.com\/avatar\/57c226c264de62f794185a89596d4a37b85a5ad20aca30d9d5a478b27d8c8d9d?s=96&d=mm&r=g\",\"caption\":\"VeliPost\"},\"sameAs\":[\"https:\/\/velipost.com\"],\"url\":\"https:\/\/velipost.com\/?author=1\"}]}<\/script>\n<!-- \/ Yoast SEO plugin. -->","yoast_head_json":{"title":"Me Elioth Pierre Paul install\u00e9 comme Substitut du Commissaire du Gouvernement \u00e0 la Cour d\u2019appel des Cayes &#8211; VeliPost","robots":{"index":"index","follow":"follow","max-snippet":"max-snippet:-1","max-image-preview":"max-image-preview:large","max-video-preview":"max-video-preview:-1"},"canonical":"https:\/\/velipost.com\/?p=4977","og_locale":"fr_FR","og_type":"article","og_title":"Me Elioth Pierre Paul install\u00e9 comme Substitut du Commissaire du Gouvernement \u00e0 la Cour d\u2019appel des Cayes &#8211; VeliPost","og_description":"La Cour d\u2019appel des Cayes a proc\u00e9d\u00e9, ce lundi, \u00e0 l\u2019installation officielle de Me Elioth Pierre Paul comme Substitut du Commissaire du Gouvernement. L\u2019ancien","og_url":"https:\/\/velipost.com\/?p=4977","og_site_name":"VeliPost","article_publisher":"https:\/\/www.facebook.com\/veliposthaiti","article_published_time":"2025-11-24T21:43:02+00:00","article_modified_time":"2025-11-24T21:43:05+00:00","og_image":[{"width":1170,"height":603,"url":"https:\/\/velipost.com\/wp-content\/uploads\/2025\/11\/Me-Elioth-Pierre-Paul.jpg","type":"image\/jpeg"}],"author":"VeliPost","twitter_card":"summary_large_image","twitter_creator":"@veliposthaiti","twitter_site":"@veliposthaiti","twitter_misc":{"\u00c9crit par":"VeliPost","Dur\u00e9e de lecture estim\u00e9e":"2 minutes"},"schema":{"@context":"https:\/\/schema.org","@graph":[{"@type":"Article","@id":"https:\/\/velipost.com\/?p=4977#article","isPartOf":{"@id":"https:\/\/velipost.com\/?p=4977"},"author":{"name":"VeliPost","@id":"https:\/\/velipost.com\/#\/schema\/person\/32ff49a53c9c1bb24302ee8ece058096"},"headline":"Me Elioth Pierre Paul install\u00e9 comme Substitut du Commissaire du Gouvernement \u00e0 la Cour d\u2019appel des Cayes","datePublished":"2025-11-24T21:43:02+00:00","dateModified":"2025-11-24T21:43:05+00:00","mainEntityOfPage":{"@id":"https:\/\/velipost.com\/?p=4977"},"wordCount":256,"commentCount":0,"publisher":{"@id":"https:\/\/velipost.com\/#organization"},"image":{"@id":"https:\/\/velipost.com\/?p=4977#primaryimage"},"thumbnailUrl":"https:\/\/velipost.com\/wp-content\/uploads\/2025\/11\/Me-Elioth-Pierre-Paul.jpg","articleSection":["Justice"],"inLanguage":"fr-FR","potentialAction":[{"@type":"CommentAction","name":"Comment","target":["https:\/\/velipost.com\/?p=4977#respond"]}]},{"@type":"WebPage","@id":"https:\/\/velipost.com\/?p=4977","url":"https:\/\/velipost.com\/?p=4977","name":"Me Elioth Pierre Paul install\u00e9 comme Substitut du Commissaire du Gouvernement \u00e0 la Cour d\u2019appel des Cayes &#8211; VeliPost","isPartOf":{"@id":"https:\/\/velipost.com\/#website"},"primaryImageOfPage":{"@id":"https:\/\/velipost.com\/?p=4977#primaryimage"},"image":{"@id":"https:\/\/velipost.com\/?p=4977#primaryimage"},"thumbnailUrl":"https:\/\/velipost.com\/wp-content\/uploads\/2025\/11\/Me-Elioth-Pierre-Paul.jpg","datePublished":"2025-11-24T21:43:02+00:00","dateModified":"2025-11-24T21:43:05+00:00","breadcrumb":{"@id":"https:\/\/velipost.com\/?p=4977#breadcrumb"},"inLanguage":"fr-FR","potentialAction":[{"@type":"ReadAction","target":["https:\/\/velipost.com\/?p=4977"]}]},{"@type":"ImageObject","inLanguage":"fr-FR","@id":"https:\/\/velipost.com\/?p=4977#primaryimage","url":"https:\/\/velipost.com\/wp-content\/uploads\/2025\/11\/Me-Elioth-Pierre-Paul.jpg","contentUrl":"https:\/\/velipost.com\/wp-content\/uploads\/2025\/11\/Me-Elioth-Pierre-Paul.jpg","width":1170,"height":603},{"@type":"BreadcrumbList","@id":"https:\/\/velipost.com\/?p=4977#breadcrumb","itemListElement":[{"@type":"ListItem","position":1,"name":"Accueil","item":"https:\/\/velipost.com\/"},{"@type":"ListItem","position":2,"name":"Me Elioth Pierre Paul install\u00e9 comme Substitut du Commissaire du Gouvernement \u00e0 la Cour d\u2019appel des Cayes"}]},{"@type":"WebSite","@id":"https:\/\/velipost.com\/#website","url":"https:\/\/velipost.com\/","name":"VeliPost","description":"L\u2019info en un clic","publisher":{"@id":"https:\/\/velipost.com\/#organization"},"potentialAction":[{"@type":"SearchAction","target":{"@type":"EntryPoint","urlTemplate":"https:\/\/velipost.com\/?s={search_term_string}"},"query-input":{"@type":"PropertyValueSpecification","valueRequired":true,"valueName":"search_term_string"}}],"inLanguage":"fr-FR"},{"@type":"Organization","@id":"https:\/\/velipost.com\/#organization","name":"VeliPost","url":"https:\/\/velipost.com\/","logo":{"@type":"ImageObject","inLanguage":"fr-FR","@id":"https:\/\/velipost.com\/#\/schema\/logo\/image\/","url":"https:\/\/velipost.com\/wp-content\/uploads\/2024\/08\/cropped-VP-logo-piti.png","contentUrl":"https:\/\/velipost.com\/wp-content\/uploads\/2024\/08\/cropped-VP-logo-piti.png","width":201,"height":69,"caption":"VeliPost"},"image":{"@id":"https:\/\/velipost.com\/#\/schema\/logo\/image\/"},"sameAs":["https:\/\/www.facebook.com\/veliposthaiti","https:\/\/x.com\/veliposthaiti","https:\/\/www.instagram.com\/veliposthaiti"]},{"@type":"Person","@id":"https:\/\/velipost.com\/#\/schema\/person\/32ff49a53c9c1bb24302ee8ece058096","name":"VeliPost","image":{"@type":"ImageObject","inLanguage":"fr-FR","@id":"https:\/\/velipost.com\/#\/schema\/person\/image\/","url":"https:\/\/secure.gravatar.com\/avatar\/57c226c264de62f794185a89596d4a37b85a5ad20aca30d9d5a478b27d8c8d9d?s=96&d=mm&r=g","contentUrl":"https:\/\/secure.gravatar.com\/avatar\/57c226c264de62f794185a89596d4a37b85a5ad20aca30d9d5a478b27d8c8d9d?s=96&d=mm&r=g","caption":"VeliPost"},"sameAs":["https:\/\/velipost.com"],"url":"https:\/\/velipost.com\/?author=1"}]}},"views":0,"jetpack_publicize_connections":[],"uagb_featured_image_src":{"full":["https:\/\/velipost.com\/wp-content\/uploads\/2025\/11\/Me-Elioth-Pierre-Paul.jpg",1170,603,false],"thumbnail":["https:\/\/velipost.com\/wp-content\/uploads\/2025\/11\/Me-Elioth-Pierre-Paul-150x150.jpg",150,150,true],"medium":["https:\/\/velipost.com\/wp-content\/uploads\/2025\/11\/Me-Elioth-Pierre-Paul-300x155.jpg",300,155,true],"medium_large":["https:\/\/velipost.com\/wp-content\/uploads\/2025\/11\/Me-Elioth-Pierre-Paul-768x396.jpg",715,369,true],"large":["https:\/\/velipost.com\/wp-content\/uploads\/2025\/11\/Me-Elioth-Pierre-Paul-1024x528.jpg",715,369,true],"1536x1536":["https:\/\/velipost.com\/wp-content\/uploads\/2025\/11\/Me-Elioth-Pierre-Paul.jpg",1170,603,false],"2048x2048":["https:\/\/velipost.com\/wp-content\/uploads\/2025\/11\/Me-Elioth-Pierre-Paul.jpg",1170,603,false],"colornews-big-slider":["https:\/\/velipost.com\/wp-content\/uploads\/2025\/11\/Me-Elioth-Pierre-Paul-1070x470.jpg",1070,470,true],"colornews-big-slider-thumb":["https:\/\/velipost.com\/wp-content\/uploads\/2025\/11\/Me-Elioth-Pierre-Paul-184x109.jpg",184,109,true],"colornews-featured-post-medium":["https:\/\/velipost.com\/wp-content\/uploads\/2025\/11\/Me-Elioth-Pierre-Paul-345x265.jpg",345,265,true],"colornews-featured-post-small":["https:\/\/velipost.com\/wp-content\/uploads\/2025\/11\/Me-Elioth-Pierre-Paul-115x73.jpg",115,73,true],"colornews-random-posts":["https:\/\/velipost.com\/wp-content\/uploads\/2025\/11\/Me-Elioth-Pierre-Paul-215x215.jpg",215,215,true],"colornews-featured-image":["https:\/\/velipost.com\/wp-content\/uploads\/2025\/11\/Me-Elioth-Pierre-Paul-715x400.jpg",715,400,true],"mailpoet_newsletter_max":["https:\/\/velipost.com\/wp-content\/uploads\/2025\/11\/Me-Elioth-Pierre-Paul.jpg",1170,603,false]},"uagb_author_info":{"display_name":"VeliPost","author_link":"https:\/\/velipost.com\/?author=1"},"uagb_comment_info":0,"uagb_excerpt":"La Cour d\u2019appel des Cayes a proc\u00e9d\u00e9, ce lundi, \u00e0 l\u2019installation officielle de Me Elioth Pierre Paul comme Substitut du Commissaire du Gouvernement. L\u2019ancien","_links":{"self":[{"href":"https:\/\/velipost.com\/index.php?rest_route=\/wp\/v2\/posts\/4977","targetHints":{"allow":["GET"]}}],"collection":[{"href":"https:\/\/velipost.com\/index.php?rest_route=\/wp\/v2\/posts"}],"about":[{"href":"https:\/\/velipost.com\/index.php?rest_route=\/wp\/v2\/types\/post"}],"author":[{"embeddable":true,"href":"https:\/\/velipost.com\/index.php?rest_route=\/wp\/v2\/users\/1"}],"replies":[{"embeddable":true,"href":"https:\/\/velipost.com\/index.php?rest_route=%2Fwp%2Fv2%2Fcomments&post=4977"}],"version-history":[{"count":1,"href":"https:\/\/velipost.com\/index.php?rest_route=\/wp\/v2\/posts\/4977\/revisions"}],"predecessor-version":[{"id":4979,"href":"https:\/\/velipost.com\/index.php?rest_route=\/wp\/v2\/posts\/4977\/revisions\/4979"}],"wp:featuredmedia":[{"embeddable":true,"href":"https:\/\/velipost.com\/index.php?rest_route=\/wp\/v2\/media\/4978"}],"wp:attachment":[{"href":"https:\/\/velipost.com\/index.php?rest_route=%2Fwp%2Fv2%2Fmedia&parent=4977"}],"wp:term":[{"taxonomy":"category","embeddable":true,"href":"https:\/\/velipost.com\/index.php?rest_route=%2Fwp%2Fv2%2Fcategories&post=4977"},{"taxonomy":"post_tag","embeddable":true,"href":"https:\/\/velipost.com\/index.php?rest_route=%2Fwp%2Fv2%2Ftags&post=4977"}],"curies":[{"name":"wp","href":"https:\/\/api.w.org\/{rel}","templated":true}]}}