{"id":4971,"date":"2025-11-23T18:55:57","date_gmt":"2025-11-23T17:55:57","guid":{"rendered":"https:\/\/velipost.com\/?p=4971"},"modified":"2025-11-23T18:56:00","modified_gmt":"2025-11-23T17:56:00","slug":"le-dernier-voyage-de-dadou-pasquet-ame-du-magnum-band","status":"publish","type":"post","link":"https:\/\/velipost.com\/?p=4971","title":{"rendered":"Le dernier voyage de Dadou Pasquet, \u00e2me du Magnum Band"},"content":{"rendered":"\n<p>La sc\u00e8ne musicale ha\u00eftienne est en deuil. Andr\u00e9 \u00ab Dadou \u00bb Pasquet, guitariste embl\u00e9matique et figure incontournable du konpa, est d\u00e9c\u00e9d\u00e9 le 23 novembre \u00e0 l\u2019\u00e2ge de 72 ans. Sa famille a annonc\u00e9 la nouvelle sur les r\u00e9seaux sociaux, pr\u00e9cisant que le musicien s\u2019\u00e9tait \u00e9teint paisiblement, entour\u00e9 de ses proches.<\/p>\n\n\n\n<p>Dans les jours pr\u00e9c\u00e9dant sa mort, ses proches avaient d\u00e9j\u00e0 inform\u00e9 ses admirateurs que son \u00e9tat de sant\u00e9 l\u2019emp\u00eachait de se produire sur sc\u00e8ne. L\u2019annonce de sa disparition a provoqu\u00e9 une vive \u00e9motion parmi les musiciens, les fans et la diaspora ha\u00eftienne.<\/p>\n\n\n\n<p>N\u00e9 dans une famille profond\u00e9ment attach\u00e9e \u00e0 la musique, Dadou Pasquet d\u00e9couvre tr\u00e8s t\u00f4t la guitare, encourag\u00e9 par ses oncles musiciens. Il fait ses premiers pas professionnels dans les ann\u00e9es 1970 au sein de Tabou Combo, o\u00f9 il se distingue comme guitariste et chanteur. En 1976, il fonde avec son fr\u00e8re Claude \u00ab Tico \u00bb Pasquet le&nbsp;<strong>Magnum Band<\/strong>, groupe qui deviendra une r\u00e9f\u00e9rence du konpa direk. Leur devise, \u00ab La seule diff\u00e9rence \u00bb, refl\u00e8te l\u2019approche musicale du groupe : une fid\u00e9lit\u00e9 \u00e0 la tradition du konpa enrichie d\u2019influences jazz, blues et reggae.<\/p>\n\n\n\n<p>Au cours de sa carri\u00e8re, Dadou Pasquet a marqu\u00e9 le paysage musical par son style unique et son exigence artistique. Des morceaux comme&nbsp;<em>Ch\u00e8che lavi<\/em>,&nbsp;<em>J\u00e9hovah<\/em>,&nbsp;<em>Exp\u00e9rience<\/em>,&nbsp;<em>Sans Fronti\u00e8re<\/em>&nbsp;ou&nbsp;<em>The Best in Town<\/em>&nbsp;ont consolid\u00e9 sa r\u00e9putation de maestro. Ses albums&nbsp;<em>Les Archives de Dadou Pasquet<\/em>&nbsp;(1998) et&nbsp;<em>30 ans \/ Magnum Band, La seule diff\u00e9rence<\/em>&nbsp;(2007) t\u00e9moignent de l\u2019\u00e9tendue de son \u0153uvre et de sa contribution durable \u00e0 la musique ha\u00eftienne.<\/p>\n\n\n\n<p>Le d\u00e9c\u00e8s de Dadou Pasquet laisse un vide immense dans le milieu musical, o\u00f9 il \u00e9tait reconnu comme l\u2019un des artistes les plus rigoureux et influents de sa g\u00e9n\u00e9ration. Musiciens, institutions culturelles et m\u00e9lomanes saluent aujourd\u2019hui la m\u00e9moire d\u2019un cr\u00e9ateur passionn\u00e9, dont l\u2019h\u00e9ritage continue d\u2019inspirer la sc\u00e8ne ha\u00eftienne.<\/p>\n\n    <div class=\"xs_social_share_widget xs_share_url after_content \t\tmain_content  wslu-style-3 wslu-share-box-shaped wslu-fill-brand-hover-colored wslu-share-m-5 wslu-none wslu-share-horizontal wslu-theme-font-no wslu-main_content\">\n\n\t\t\n        <ul>\n\t\t\t                    <li class=\"xs-share-li twitter                        wslu-no-extra-data\">\n                        <a href=\"javascript:void(0);\"\n                           id=\"xs_feed_twitter\"\n                           onclick=\"xs_social_sharer(this);\"\n                           data-pid=\"4971\"\n                           data-uri_hash=\"470d5780948b05c7d7227dc59ff94243\"\n                           data-key=\"twitter\"\n                           data-xs-href=\"https:\/\/twitter.com\/intent\/tweet?text=Le+dernier+voyage+de+Dadou+Pasquet%2C+%C3%A2me+du+Magnum+Band+https%3A%2F%2Fvelipost.com%2Findex.php%3Frest_route%3D%252Fwp%252Fv2%252Fposts%252F4971&amp;original_referer=https%3A%2F%2Fvelipost.com%2Findex.php%3Frest_route%3D%252Fwp%252Fv2%252Fposts%252F4971&amp;related=xpeedstudio\">\n\n                            <div class=\"xs-social-icon\">\n                                <span class=\"met-social met-social-twitter\"><\/span>\n                            <\/div>\n\n\t\t\t\t\t\t\t\n                            <div class=\"wslu-hover-content\">\n                                <div class=\"xs-social-followers\">\n\t\t\t\t\t\t\t\t\t10                                <\/div>\n                                <div class=\"xs-social-follower-text\">\n\t\t\t\t\t\t\t\t\tShare                                <\/div>\n                                <div class=\"xs-social-follower-label\">\n\t\t\t\t\t\t\t\t\tTwitter                                <\/div>\n                            <\/div>\n                        <\/a>\n                    <\/li>\n\t\t\t\t\t                    <li class=\"xs-share-li telegram                        wslu-no-extra-data\">\n                        <a href=\"javascript:void(0);\"\n                           id=\"xs_feed_telegram\"\n                           onclick=\"xs_social_sharer(this);\"\n                           data-pid=\"4971\"\n                           data-uri_hash=\"470d5780948b05c7d7227dc59ff94243\"\n                           data-key=\"telegram\"\n                           data-xs-href=\"https:\/\/telegram.me\/share\/url?url=https%3A%2F%2Fvelipost.com%2Findex.php%3Frest_route%3D%252Fwp%252Fv2%252Fposts%252F4971&amp;text=Le+dernier+voyage+de+Dadou+Pasquet%2C+%C3%A2me+du+Magnum+Band\">\n\n                            <div class=\"xs-social-icon\">\n                                <span class=\"met-social met-social-telegram\"><\/span>\n                            <\/div>\n\n\t\t\t\t\t\t\t\n                            <div class=\"wslu-hover-content\">\n                                <div class=\"xs-social-followers\">\n\t\t\t\t\t\t\t\t\t0                                <\/div>\n                                <div class=\"xs-social-follower-text\">\n\t\t\t\t\t\t\t\t\tShare                                <\/div>\n                                <div class=\"xs-social-follower-label\">\n\t\t\t\t\t\t\t\t\tTelegram                                <\/div>\n                            <\/div>\n                        <\/a>\n                    <\/li>\n\t\t\t\t\t                    <li class=\"xs-share-li email                        wslu-no-extra-data\">\n                        <a href=\"javascript:void(0);\"\n                           id=\"xs_feed_email\"\n                           onclick=\"xs_social_sharer(this);\"\n                           data-pid=\"4971\"\n                           data-uri_hash=\"470d5780948b05c7d7227dc59ff94243\"\n                           data-key=\"email\"\n                           data-xs-href=\"mailto:?body=Title%3A+Le+dernier+voyage+de+Dadou+Pasquet%2C+%C3%A2me+du+Magnum+Band+%5Cn%5Cn+URL%3A+https%3A%2F%2Fvelipost.com%2Findex.php%3Frest_route%3D%252Fwp%252Fv2%252Fposts%252F4971&amp;subject=Le+dernier+voyage+de+Dadou+Pasquet%2C+%C3%A2me+du+Magnum+Band\">\n\n                            <div class=\"xs-social-icon\">\n                                <span class=\"met-social met-social-email\"><\/span>\n                            <\/div>\n\n\t\t\t\t\t\t\t\n                            <div class=\"wslu-hover-content\">\n                                <div class=\"xs-social-followers\">\n\t\t\t\t\t\t\t\t\t0                                <\/div>\n                                <div class=\"xs-social-follower-text\">\n\t\t\t\t\t\t\t\t\tShare                                <\/div>\n                                <div class=\"xs-social-follower-label\">\n\t\t\t\t\t\t\t\t\tEmail                                <\/div>\n                            <\/div>\n                        <\/a>\n                    <\/li>\n\t\t\t\t\t        <\/ul>\n    <\/div> \n","protected":false},"excerpt":{"rendered":"<p>La sc\u00e8ne musicale ha\u00eftienne est en deuil. Andr\u00e9 \u00ab Dadou \u00bb Pasquet, guitariste embl\u00e9matique et figure incontournable du konpa, est d\u00e9c\u00e9d\u00e9 le 23 novembre<\/p>\n","protected":false},"author":1,"featured_media":4972,"comment_status":"open","ping_status":"open","sticky":false,"template":"","format":"standard","meta":{"_uag_custom_page_level_css":"","footnotes":"","jetpack_publicize_message":"","jetpack_publicize_feature_enabled":true,"jetpack_social_post_already_shared":true,"jetpack_social_options":{"image_generator_settings":{"template":"highway","default_image_id":0,"font":"","enabled":false},"version":2}},"categories":[438],"tags":[],"class_list":["post-4971","post","type-post","status-publish","format-standard","has-post-thumbnail","hentry","category-necrologie"],"yoast_head":"<!-- This site is optimized with the Yoast SEO plugin v25.3.1 - https:\/\/yoast.com\/wordpress\/plugins\/seo\/ -->\n<title>Le dernier voyage de Dadou Pasquet, \u00e2me du Magnum Band &#8211; VeliPost<\/title>\n<meta name=\"robots\" content=\"index, follow, max-snippet:-1, max-image-preview:large, max-video-preview:-1\" \/>\n<link rel=\"canonical\" href=\"https:\/\/velipost.com\/?p=4971\" \/>\n<meta property=\"og:locale\" content=\"fr_FR\" \/>\n<meta property=\"og:type\" content=\"article\" \/>\n<meta property=\"og:title\" content=\"Le dernier voyage de Dadou Pasquet, \u00e2me du Magnum Band &#8211; VeliPost\" \/>\n<meta property=\"og:description\" content=\"La sc\u00e8ne musicale ha\u00eftienne est en deuil. Andr\u00e9 \u00ab Dadou \u00bb Pasquet, guitariste embl\u00e9matique et figure incontournable du konpa, est d\u00e9c\u00e9d\u00e9 le 23 novembre\" \/>\n<meta property=\"og:url\" content=\"https:\/\/velipost.com\/?p=4971\" \/>\n<meta property=\"og:site_name\" content=\"VeliPost\" \/>\n<meta property=\"article:publisher\" content=\"https:\/\/www.facebook.com\/veliposthaiti\" \/>\n<meta property=\"article:published_time\" content=\"2025-11-23T17:55:57+00:00\" \/>\n<meta property=\"article:modified_time\" content=\"2025-11-23T17:56:00+00:00\" \/>\n<meta property=\"og:image\" content=\"https:\/\/velipost.com\/wp-content\/uploads\/2025\/11\/Dadou.jpg\" \/>\n\t<meta property=\"og:image:width\" content=\"1170\" \/>\n\t<meta property=\"og:image:height\" content=\"603\" \/>\n\t<meta property=\"og:image:type\" content=\"image\/jpeg\" \/>\n<meta name=\"author\" content=\"VeliPost\" \/>\n<meta name=\"twitter:card\" content=\"summary_large_image\" \/>\n<meta name=\"twitter:creator\" content=\"@veliposthaiti\" \/>\n<meta name=\"twitter:site\" content=\"@veliposthaiti\" \/>\n<meta name=\"twitter:label1\" content=\"\u00c9crit par\" \/>\n\t<meta name=\"twitter:data1\" content=\"VeliPost\" \/>\n\t<meta name=\"twitter:label2\" content=\"Dur\u00e9e de lecture estim\u00e9e\" \/>\n\t<meta name=\"twitter:data2\" content=\"2 minutes\" \/>\n<script type=\"application\/ld+json\" class=\"yoast-schema-graph\">{\"@context\":\"https:\/\/schema.org\",\"@graph\":[{\"@type\":\"Article\",\"@id\":\"https:\/\/velipost.com\/?p=4971#article\",\"isPartOf\":{\"@id\":\"https:\/\/velipost.com\/?p=4971\"},\"author\":{\"name\":\"VeliPost\",\"@id\":\"https:\/\/velipost.com\/#\/schema\/person\/32ff49a53c9c1bb24302ee8ece058096\"},\"headline\":\"Le dernier voyage de Dadou Pasquet, \u00e2me du Magnum Band\",\"datePublished\":\"2025-11-23T17:55:57+00:00\",\"dateModified\":\"2025-11-23T17:56:00+00:00\",\"mainEntityOfPage\":{\"@id\":\"https:\/\/velipost.com\/?p=4971\"},\"wordCount\":365,\"commentCount\":0,\"publisher\":{\"@id\":\"https:\/\/velipost.com\/#organization\"},\"image\":{\"@id\":\"https:\/\/velipost.com\/?p=4971#primaryimage\"},\"thumbnailUrl\":\"https:\/\/velipost.com\/wp-content\/uploads\/2025\/11\/Dadou.jpg\",\"articleSection\":[\"N\u00e9crologie\"],\"inLanguage\":\"fr-FR\",\"potentialAction\":[{\"@type\":\"CommentAction\",\"name\":\"Comment\",\"target\":[\"https:\/\/velipost.com\/?p=4971#respond\"]}]},{\"@type\":\"WebPage\",\"@id\":\"https:\/\/velipost.com\/?p=4971\",\"url\":\"https:\/\/velipost.com\/?p=4971\",\"name\":\"Le dernier voyage de Dadou Pasquet, \u00e2me du Magnum Band &#8211; VeliPost\",\"isPartOf\":{\"@id\":\"https:\/\/velipost.com\/#website\"},\"primaryImageOfPage\":{\"@id\":\"https:\/\/velipost.com\/?p=4971#primaryimage\"},\"image\":{\"@id\":\"https:\/\/velipost.com\/?p=4971#primaryimage\"},\"thumbnailUrl\":\"https:\/\/velipost.com\/wp-content\/uploads\/2025\/11\/Dadou.jpg\",\"datePublished\":\"2025-11-23T17:55:57+00:00\",\"dateModified\":\"2025-11-23T17:56:00+00:00\",\"breadcrumb\":{\"@id\":\"https:\/\/velipost.com\/?p=4971#breadcrumb\"},\"inLanguage\":\"fr-FR\",\"potentialAction\":[{\"@type\":\"ReadAction\",\"target\":[\"https:\/\/velipost.com\/?p=4971\"]}]},{\"@type\":\"ImageObject\",\"inLanguage\":\"fr-FR\",\"@id\":\"https:\/\/velipost.com\/?p=4971#primaryimage\",\"url\":\"https:\/\/velipost.com\/wp-content\/uploads\/2025\/11\/Dadou.jpg\",\"contentUrl\":\"https:\/\/velipost.com\/wp-content\/uploads\/2025\/11\/Dadou.jpg\",\"width\":1170,\"height\":603},{\"@type\":\"BreadcrumbList\",\"@id\":\"https:\/\/velipost.com\/?p=4971#breadcrumb\",\"itemListElement\":[{\"@type\":\"ListItem\",\"position\":1,\"name\":\"Accueil\",\"item\":\"https:\/\/velipost.com\/\"},{\"@type\":\"ListItem\",\"position\":2,\"name\":\"Le dernier voyage de Dadou Pasquet, \u00e2me du Magnum Band\"}]},{\"@type\":\"WebSite\",\"@id\":\"https:\/\/velipost.com\/#website\",\"url\":\"https:\/\/velipost.com\/\",\"name\":\"VeliPost\",\"description\":\"L\u2019info en un clic\",\"publisher\":{\"@id\":\"https:\/\/velipost.com\/#organization\"},\"potentialAction\":[{\"@type\":\"SearchAction\",\"target\":{\"@type\":\"EntryPoint\",\"urlTemplate\":\"https:\/\/velipost.com\/?s={search_term_string}\"},\"query-input\":{\"@type\":\"PropertyValueSpecification\",\"valueRequired\":true,\"valueName\":\"search_term_string\"}}],\"inLanguage\":\"fr-FR\"},{\"@type\":\"Organization\",\"@id\":\"https:\/\/velipost.com\/#organization\",\"name\":\"VeliPost\",\"url\":\"https:\/\/velipost.com\/\",\"logo\":{\"@type\":\"ImageObject\",\"inLanguage\":\"fr-FR\",\"@id\":\"https:\/\/velipost.com\/#\/schema\/logo\/image\/\",\"url\":\"https:\/\/velipost.com\/wp-content\/uploads\/2024\/08\/cropped-VP-logo-piti.png\",\"contentUrl\":\"https:\/\/velipost.com\/wp-content\/uploads\/2024\/08\/cropped-VP-logo-piti.png\",\"width\":201,\"height\":69,\"caption\":\"VeliPost\"},\"image\":{\"@id\":\"https:\/\/velipost.com\/#\/schema\/logo\/image\/\"},\"sameAs\":[\"https:\/\/www.facebook.com\/veliposthaiti\",\"https:\/\/x.com\/veliposthaiti\",\"https:\/\/www.instagram.com\/veliposthaiti\"]},{\"@type\":\"Person\",\"@id\":\"https:\/\/velipost.com\/#\/schema\/person\/32ff49a53c9c1bb24302ee8ece058096\",\"name\":\"VeliPost\",\"image\":{\"@type\":\"ImageObject\",\"inLanguage\":\"fr-FR\",\"@id\":\"https:\/\/velipost.com\/#\/schema\/person\/image\/\",\"url\":\"https:\/\/secure.gravatar.com\/avatar\/57c226c264de62f794185a89596d4a37b85a5ad20aca30d9d5a478b27d8c8d9d?s=96&d=mm&r=g\",\"contentUrl\":\"https:\/\/secure.gravatar.com\/avatar\/57c226c264de62f794185a89596d4a37b85a5ad20aca30d9d5a478b27d8c8d9d?s=96&d=mm&r=g\",\"caption\":\"VeliPost\"},\"sameAs\":[\"https:\/\/velipost.com\"],\"url\":\"https:\/\/velipost.com\/?author=1\"}]}<\/script>\n<!-- \/ Yoast SEO plugin. -->","yoast_head_json":{"title":"Le dernier voyage de Dadou Pasquet, \u00e2me du Magnum Band &#8211; VeliPost","robots":{"index":"index","follow":"follow","max-snippet":"max-snippet:-1","max-image-preview":"max-image-preview:large","max-video-preview":"max-video-preview:-1"},"canonical":"https:\/\/velipost.com\/?p=4971","og_locale":"fr_FR","og_type":"article","og_title":"Le dernier voyage de Dadou Pasquet, \u00e2me du Magnum Band &#8211; VeliPost","og_description":"La sc\u00e8ne musicale ha\u00eftienne est en deuil. Andr\u00e9 \u00ab Dadou \u00bb Pasquet, guitariste embl\u00e9matique et figure incontournable du konpa, est d\u00e9c\u00e9d\u00e9 le 23 novembre","og_url":"https:\/\/velipost.com\/?p=4971","og_site_name":"VeliPost","article_publisher":"https:\/\/www.facebook.com\/veliposthaiti","article_published_time":"2025-11-23T17:55:57+00:00","article_modified_time":"2025-11-23T17:56:00+00:00","og_image":[{"width":1170,"height":603,"url":"https:\/\/velipost.com\/wp-content\/uploads\/2025\/11\/Dadou.jpg","type":"image\/jpeg"}],"author":"VeliPost","twitter_card":"summary_large_image","twitter_creator":"@veliposthaiti","twitter_site":"@veliposthaiti","twitter_misc":{"\u00c9crit par":"VeliPost","Dur\u00e9e de lecture estim\u00e9e":"2 minutes"},"schema":{"@context":"https:\/\/schema.org","@graph":[{"@type":"Article","@id":"https:\/\/velipost.com\/?p=4971#article","isPartOf":{"@id":"https:\/\/velipost.com\/?p=4971"},"author":{"name":"VeliPost","@id":"https:\/\/velipost.com\/#\/schema\/person\/32ff49a53c9c1bb24302ee8ece058096"},"headline":"Le dernier voyage de Dadou Pasquet, \u00e2me du Magnum Band","datePublished":"2025-11-23T17:55:57+00:00","dateModified":"2025-11-23T17:56:00+00:00","mainEntityOfPage":{"@id":"https:\/\/velipost.com\/?p=4971"},"wordCount":365,"commentCount":0,"publisher":{"@id":"https:\/\/velipost.com\/#organization"},"image":{"@id":"https:\/\/velipost.com\/?p=4971#primaryimage"},"thumbnailUrl":"https:\/\/velipost.com\/wp-content\/uploads\/2025\/11\/Dadou.jpg","articleSection":["N\u00e9crologie"],"inLanguage":"fr-FR","potentialAction":[{"@type":"CommentAction","name":"Comment","target":["https:\/\/velipost.com\/?p=4971#respond"]}]},{"@type":"WebPage","@id":"https:\/\/velipost.com\/?p=4971","url":"https:\/\/velipost.com\/?p=4971","name":"Le dernier voyage de Dadou Pasquet, \u00e2me du Magnum Band &#8211; VeliPost","isPartOf":{"@id":"https:\/\/velipost.com\/#website"},"primaryImageOfPage":{"@id":"https:\/\/velipost.com\/?p=4971#primaryimage"},"image":{"@id":"https:\/\/velipost.com\/?p=4971#primaryimage"},"thumbnailUrl":"https:\/\/velipost.com\/wp-content\/uploads\/2025\/11\/Dadou.jpg","datePublished":"2025-11-23T17:55:57+00:00","dateModified":"2025-11-23T17:56:00+00:00","breadcrumb":{"@id":"https:\/\/velipost.com\/?p=4971#breadcrumb"},"inLanguage":"fr-FR","potentialAction":[{"@type":"ReadAction","target":["https:\/\/velipost.com\/?p=4971"]}]},{"@type":"ImageObject","inLanguage":"fr-FR","@id":"https:\/\/velipost.com\/?p=4971#primaryimage","url":"https:\/\/velipost.com\/wp-content\/uploads\/2025\/11\/Dadou.jpg","contentUrl":"https:\/\/velipost.com\/wp-content\/uploads\/2025\/11\/Dadou.jpg","width":1170,"height":603},{"@type":"BreadcrumbList","@id":"https:\/\/velipost.com\/?p=4971#breadcrumb","itemListElement":[{"@type":"ListItem","position":1,"name":"Accueil","item":"https:\/\/velipost.com\/"},{"@type":"ListItem","position":2,"name":"Le dernier voyage de Dadou Pasquet, \u00e2me du Magnum Band"}]},{"@type":"WebSite","@id":"https:\/\/velipost.com\/#website","url":"https:\/\/velipost.com\/","name":"VeliPost","description":"L\u2019info en un clic","publisher":{"@id":"https:\/\/velipost.com\/#organization"},"potentialAction":[{"@type":"SearchAction","target":{"@type":"EntryPoint","urlTemplate":"https:\/\/velipost.com\/?s={search_term_string}"},"query-input":{"@type":"PropertyValueSpecification","valueRequired":true,"valueName":"search_term_string"}}],"inLanguage":"fr-FR"},{"@type":"Organization","@id":"https:\/\/velipost.com\/#organization","name":"VeliPost","url":"https:\/\/velipost.com\/","logo":{"@type":"ImageObject","inLanguage":"fr-FR","@id":"https:\/\/velipost.com\/#\/schema\/logo\/image\/","url":"https:\/\/velipost.com\/wp-content\/uploads\/2024\/08\/cropped-VP-logo-piti.png","contentUrl":"https:\/\/velipost.com\/wp-content\/uploads\/2024\/08\/cropped-VP-logo-piti.png","width":201,"height":69,"caption":"VeliPost"},"image":{"@id":"https:\/\/velipost.com\/#\/schema\/logo\/image\/"},"sameAs":["https:\/\/www.facebook.com\/veliposthaiti","https:\/\/x.com\/veliposthaiti","https:\/\/www.instagram.com\/veliposthaiti"]},{"@type":"Person","@id":"https:\/\/velipost.com\/#\/schema\/person\/32ff49a53c9c1bb24302ee8ece058096","name":"VeliPost","image":{"@type":"ImageObject","inLanguage":"fr-FR","@id":"https:\/\/velipost.com\/#\/schema\/person\/image\/","url":"https:\/\/secure.gravatar.com\/avatar\/57c226c264de62f794185a89596d4a37b85a5ad20aca30d9d5a478b27d8c8d9d?s=96&d=mm&r=g","contentUrl":"https:\/\/secure.gravatar.com\/avatar\/57c226c264de62f794185a89596d4a37b85a5ad20aca30d9d5a478b27d8c8d9d?s=96&d=mm&r=g","caption":"VeliPost"},"sameAs":["https:\/\/velipost.com"],"url":"https:\/\/velipost.com\/?author=1"}]}},"views":0,"jetpack_publicize_connections":[],"uagb_featured_image_src":{"full":["https:\/\/velipost.com\/wp-content\/uploads\/2025\/11\/Dadou.jpg",1170,603,false],"thumbnail":["https:\/\/velipost.com\/wp-content\/uploads\/2025\/11\/Dadou-150x150.jpg",150,150,true],"medium":["https:\/\/velipost.com\/wp-content\/uploads\/2025\/11\/Dadou-300x155.jpg",300,155,true],"medium_large":["https:\/\/velipost.com\/wp-content\/uploads\/2025\/11\/Dadou-768x396.jpg",715,369,true],"large":["https:\/\/velipost.com\/wp-content\/uploads\/2025\/11\/Dadou-1024x528.jpg",715,369,true],"1536x1536":["https:\/\/velipost.com\/wp-content\/uploads\/2025\/11\/Dadou.jpg",1170,603,false],"2048x2048":["https:\/\/velipost.com\/wp-content\/uploads\/2025\/11\/Dadou.jpg",1170,603,false],"colornews-big-slider":["https:\/\/velipost.com\/wp-content\/uploads\/2025\/11\/Dadou-1070x470.jpg",1070,470,true],"colornews-big-slider-thumb":["https:\/\/velipost.com\/wp-content\/uploads\/2025\/11\/Dadou-184x109.jpg",184,109,true],"colornews-featured-post-medium":["https:\/\/velipost.com\/wp-content\/uploads\/2025\/11\/Dadou-345x265.jpg",345,265,true],"colornews-featured-post-small":["https:\/\/velipost.com\/wp-content\/uploads\/2025\/11\/Dadou-115x73.jpg",115,73,true],"colornews-random-posts":["https:\/\/velipost.com\/wp-content\/uploads\/2025\/11\/Dadou-215x215.jpg",215,215,true],"colornews-featured-image":["https:\/\/velipost.com\/wp-content\/uploads\/2025\/11\/Dadou-715x400.jpg",715,400,true],"mailpoet_newsletter_max":["https:\/\/velipost.com\/wp-content\/uploads\/2025\/11\/Dadou.jpg",1170,603,false]},"uagb_author_info":{"display_name":"VeliPost","author_link":"https:\/\/velipost.com\/?author=1"},"uagb_comment_info":0,"uagb_excerpt":"La sc\u00e8ne musicale ha\u00eftienne est en deuil. Andr\u00e9 \u00ab Dadou \u00bb Pasquet, guitariste embl\u00e9matique et figure incontournable du konpa, est d\u00e9c\u00e9d\u00e9 le 23 novembre","_links":{"self":[{"href":"https:\/\/velipost.com\/index.php?rest_route=\/wp\/v2\/posts\/4971","targetHints":{"allow":["GET"]}}],"collection":[{"href":"https:\/\/velipost.com\/index.php?rest_route=\/wp\/v2\/posts"}],"about":[{"href":"https:\/\/velipost.com\/index.php?rest_route=\/wp\/v2\/types\/post"}],"author":[{"embeddable":true,"href":"https:\/\/velipost.com\/index.php?rest_route=\/wp\/v2\/users\/1"}],"replies":[{"embeddable":true,"href":"https:\/\/velipost.com\/index.php?rest_route=%2Fwp%2Fv2%2Fcomments&post=4971"}],"version-history":[{"count":1,"href":"https:\/\/velipost.com\/index.php?rest_route=\/wp\/v2\/posts\/4971\/revisions"}],"predecessor-version":[{"id":4973,"href":"https:\/\/velipost.com\/index.php?rest_route=\/wp\/v2\/posts\/4971\/revisions\/4973"}],"wp:featuredmedia":[{"embeddable":true,"href":"https:\/\/velipost.com\/index.php?rest_route=\/wp\/v2\/media\/4972"}],"wp:attachment":[{"href":"https:\/\/velipost.com\/index.php?rest_route=%2Fwp%2Fv2%2Fmedia&parent=4971"}],"wp:term":[{"taxonomy":"category","embeddable":true,"href":"https:\/\/velipost.com\/index.php?rest_route=%2Fwp%2Fv2%2Fcategories&post=4971"},{"taxonomy":"post_tag","embeddable":true,"href":"https:\/\/velipost.com\/index.php?rest_route=%2Fwp%2Fv2%2Ftags&post=4971"}],"curies":[{"name":"wp","href":"https:\/\/api.w.org\/{rel}","templated":true}]}}