{"id":4955,"date":"2025-11-21T03:23:24","date_gmt":"2025-11-21T02:23:24","guid":{"rendered":"https:\/\/velipost.com\/?p=4955"},"modified":"2025-11-21T03:23:27","modified_gmt":"2025-11-21T02:23:27","slug":"crise-politique-alouidor-wilberde-appelle-a-la-formation-urgente-dun-gouvernement-de-salut-public","status":"publish","type":"post","link":"https:\/\/velipost.com\/?p=4955","title":{"rendered":"Crise politique : Alouidor Wilberde appelle \u00e0 la formation urgente d\u2019un Gouvernement de salut public"},"content":{"rendered":"\n<p>Dans un contexte de crise politique et s\u00e9curitaire persistante, Alouidor Wilberde, figure du mouvement GP86, a lanc\u00e9 ce mardi<strong> 18 novembre 2025<\/strong>\u00a0\u2014  un appel solennel au Conseil Pr\u00e9sidentiel de Transition (CPT). Il invite l\u2019instance dirigeante \u00e0 mettre en place, \u00ab dans les plus brefs d\u00e9lais \u00bb, un Gouvernement de salut public afin de ramener l\u2019ordre institutionnel et d\u2019\u00e9viter une aggravation du vide politique.<\/p>\n\n\n\n<p>Selon Wilberde, le gouvernement en place aurait \u00ab failli \u00e0 sa mission \u00bb dans l\u2019application de l\u2019Accord du 3 avril, cens\u00e9 encadrer le processus transitoire. Il estime que, face \u00e0 l\u2019incapacit\u00e9 manifeste du pouvoir actuel \u00e0 restaurer la stabilit\u00e9, il appartient d\u00e9sormais au CPT de \u00ab prendre une d\u00e9cision forte \u00bb avant l\u2019\u00e9ch\u00e9ance du 7 f\u00e9vrier, date qui doit ouvrir la voie \u00e0 une nouvelle transition d\u00e9mocratique et souveraine, conform\u00e9ment \u00e0 la proposition de la Transition D\u00e9mocratique et Souveraine (TDS).<\/p>\n\n\n\n<p>Dans sa d\u00e9claration, il pointe plusieurs \u00e9l\u00e9ments justifiant cette d\u00e9marche.<\/p>\n\n\n\n<p>D\u2019abord, le calendrier \u00e9lectoral soumis r\u00e9cemment par le Conseil \u00c9lectoral Provisoire (CEP) d\u00e9passe, selon lui, les limites fix\u00e9es par l\u2019Accord du 3 avril.<\/p>\n\n\n\n<p>Ensuite, il rappelle que plus de 40 % des communes du pays sont aujourd\u2019hui sous contr\u00f4le de gangs arm\u00e9s, une situation qui, affirme-t-il, se d\u00e9veloppe \u00ab sous le regard impuissant \u00bb des dirigeants actuels.<\/p>\n\n\n\n<p>Enfin, il juge que l\u2019\u00e9quipe au pouvoir ne parvient ni \u00e0 sortir le pays de l\u2019impasse \u00e9conomique et sociale, ni \u00e0 r\u00e9tablir la s\u00e9curit\u00e9, ni \u00e0 r\u00e9activer les institutions d\u00e9mocratiques.<\/p>\n\n\n\n<p>Alouidor Wilberde plaide ainsi pour un Gouvernement de salut public charg\u00e9 de redresser la situation et d\u2019\u00e9tablir, en concertation avec le CEP, un nouveau calendrier \u00e9lectoral. Ce dernier devrait pr\u00e9voir :<\/p>\n\n\n\n<ul class=\"wp-block-list\">\n<li><strong>les \u00e9lections des collectivit\u00e9s d\u00e8s le dernier dimanche d\u2019avril 2026<\/strong>, afin de r\u00e9tablir l\u2019autorit\u00e9 locale ;<\/li>\n\n\n\n<li><strong>les \u00e9lections l\u00e9gislatives et pr\u00e9sidentielles d\u2019ici la fin de l\u2019ann\u00e9e 2026<\/strong>, pour permettre le retour \u00e0 un fonctionnement institutionnel normal.<\/li>\n<\/ul>\n\n\n\n<p>Reste \u00e0 savoir si le CPT r\u00e9pondra \u00e0 cette interpellation, alors que le pays traverse l\u2019une des p\u00e9riodes les plus d\u00e9licates de sa transition politique.<\/p>\n\n    <div class=\"xs_social_share_widget xs_share_url after_content \t\tmain_content  wslu-style-3 wslu-share-box-shaped wslu-fill-brand-hover-colored wslu-share-m-5 wslu-none wslu-share-horizontal wslu-theme-font-no wslu-main_content\">\n\n\t\t\n        <ul>\n\t\t\t                    <li class=\"xs-share-li twitter                        wslu-no-extra-data\">\n                        <a href=\"javascript:void(0);\"\n                           id=\"xs_feed_twitter\"\n                           onclick=\"xs_social_sharer(this);\"\n                           data-pid=\"4955\"\n                           data-uri_hash=\"48267cc3fd5d601dc7ff88b0c2b651de\"\n                           data-key=\"twitter\"\n                           data-xs-href=\"https:\/\/twitter.com\/intent\/tweet?text=Crise+politique+%3A+Alouidor+Wilberde+appelle+%C3%A0+la+formation+urgente+d%E2%80%99un+Gouvernement+de+salut+public+https%3A%2F%2Fvelipost.com%2Findex.php%3Frest_route%3D%252Fwp%252Fv2%252Fposts%252F4955&amp;original_referer=https%3A%2F%2Fvelipost.com%2Findex.php%3Frest_route%3D%252Fwp%252Fv2%252Fposts%252F4955&amp;related=xpeedstudio\">\n\n                            <div class=\"xs-social-icon\">\n                                <span class=\"met-social met-social-twitter\"><\/span>\n                            <\/div>\n\n\t\t\t\t\t\t\t\n                            <div class=\"wslu-hover-content\">\n                                <div class=\"xs-social-followers\">\n\t\t\t\t\t\t\t\t\t10                                <\/div>\n                                <div class=\"xs-social-follower-text\">\n\t\t\t\t\t\t\t\t\tShare                                <\/div>\n                                <div class=\"xs-social-follower-label\">\n\t\t\t\t\t\t\t\t\tTwitter                                <\/div>\n                            <\/div>\n                        <\/a>\n                    <\/li>\n\t\t\t\t\t                    <li class=\"xs-share-li telegram                        wslu-no-extra-data\">\n                        <a href=\"javascript:void(0);\"\n                           id=\"xs_feed_telegram\"\n                           onclick=\"xs_social_sharer(this);\"\n                           data-pid=\"4955\"\n                           data-uri_hash=\"48267cc3fd5d601dc7ff88b0c2b651de\"\n                           data-key=\"telegram\"\n                           data-xs-href=\"https:\/\/telegram.me\/share\/url?url=https%3A%2F%2Fvelipost.com%2Findex.php%3Frest_route%3D%252Fwp%252Fv2%252Fposts%252F4955&amp;text=Crise+politique+%3A+Alouidor+Wilberde+appelle+%C3%A0+la+formation+urgente+d%E2%80%99un+Gouvernement+de+salut+public\">\n\n                            <div class=\"xs-social-icon\">\n                                <span class=\"met-social met-social-telegram\"><\/span>\n                            <\/div>\n\n\t\t\t\t\t\t\t\n                            <div class=\"wslu-hover-content\">\n                                <div class=\"xs-social-followers\">\n\t\t\t\t\t\t\t\t\t0                                <\/div>\n                                <div class=\"xs-social-follower-text\">\n\t\t\t\t\t\t\t\t\tShare                                <\/div>\n                                <div class=\"xs-social-follower-label\">\n\t\t\t\t\t\t\t\t\tTelegram                                <\/div>\n                            <\/div>\n                        <\/a>\n                    <\/li>\n\t\t\t\t\t                    <li class=\"xs-share-li email                        wslu-no-extra-data\">\n                        <a href=\"javascript:void(0);\"\n                           id=\"xs_feed_email\"\n                           onclick=\"xs_social_sharer(this);\"\n                           data-pid=\"4955\"\n                           data-uri_hash=\"48267cc3fd5d601dc7ff88b0c2b651de\"\n                           data-key=\"email\"\n                           data-xs-href=\"mailto:?body=Title%3A+Crise+politique+%3A+Alouidor+Wilberde+appelle+%C3%A0+la+formation+urgente+d%E2%80%99un+Gouvernement+de+salut+public+%5Cn%5Cn+URL%3A+https%3A%2F%2Fvelipost.com%2Findex.php%3Frest_route%3D%252Fwp%252Fv2%252Fposts%252F4955&amp;subject=Crise+politique+%3A+Alouidor+Wilberde+appelle+%C3%A0+la+formation+urgente+d%E2%80%99un+Gouvernement+de+salut+public\">\n\n                            <div class=\"xs-social-icon\">\n                                <span class=\"met-social met-social-email\"><\/span>\n                            <\/div>\n\n\t\t\t\t\t\t\t\n                            <div class=\"wslu-hover-content\">\n                                <div class=\"xs-social-followers\">\n\t\t\t\t\t\t\t\t\t0                                <\/div>\n                                <div class=\"xs-social-follower-text\">\n\t\t\t\t\t\t\t\t\tShare                                <\/div>\n                                <div class=\"xs-social-follower-label\">\n\t\t\t\t\t\t\t\t\tEmail                                <\/div>\n                            <\/div>\n                        <\/a>\n                    <\/li>\n\t\t\t\t\t        <\/ul>\n    <\/div> \n","protected":false},"excerpt":{"rendered":"<p>Dans un contexte de crise politique et s\u00e9curitaire persistante, Alouidor Wilberde, figure du mouvement GP86, a lanc\u00e9 ce mardi 18 novembre 2025\u00a0\u2014 un appel<\/p>\n","protected":false},"author":1,"featured_media":4956,"comment_status":"open","ping_status":"open","sticky":false,"template":"","format":"standard","meta":{"_uag_custom_page_level_css":"","footnotes":"","jetpack_publicize_message":"","jetpack_publicize_feature_enabled":true,"jetpack_social_post_already_shared":true,"jetpack_social_options":{"image_generator_settings":{"template":"highway","default_image_id":0,"font":"","enabled":false},"version":2}},"categories":[115],"tags":[],"class_list":["post-4955","post","type-post","status-publish","format-standard","has-post-thumbnail","hentry","category-politique"],"yoast_head":"<!-- This site is optimized with the Yoast SEO plugin v25.3.1 - https:\/\/yoast.com\/wordpress\/plugins\/seo\/ -->\n<title>Crise politique : Alouidor Wilberde appelle \u00e0 la formation urgente d\u2019un Gouvernement de salut public &#8211; VeliPost<\/title>\n<meta name=\"robots\" content=\"index, follow, max-snippet:-1, max-image-preview:large, max-video-preview:-1\" \/>\n<link rel=\"canonical\" href=\"https:\/\/velipost.com\/?p=4955\" \/>\n<meta property=\"og:locale\" content=\"fr_FR\" \/>\n<meta property=\"og:type\" content=\"article\" \/>\n<meta property=\"og:title\" content=\"Crise politique : Alouidor Wilberde appelle \u00e0 la formation urgente d\u2019un Gouvernement de salut public &#8211; VeliPost\" \/>\n<meta property=\"og:description\" content=\"Dans un contexte de crise politique et s\u00e9curitaire persistante, Alouidor Wilberde, figure du mouvement GP86, a lanc\u00e9 ce mardi 18 novembre 2025\u00a0\u2014 un appel\" \/>\n<meta property=\"og:url\" content=\"https:\/\/velipost.com\/?p=4955\" \/>\n<meta property=\"og:site_name\" content=\"VeliPost\" \/>\n<meta property=\"article:publisher\" content=\"https:\/\/www.facebook.com\/veliposthaiti\" \/>\n<meta property=\"article:published_time\" content=\"2025-11-21T02:23:24+00:00\" \/>\n<meta property=\"article:modified_time\" content=\"2025-11-21T02:23:27+00:00\" \/>\n<meta property=\"og:image\" content=\"https:\/\/velipost.com\/wp-content\/uploads\/2025\/11\/Alouidor-Wilberde.jpg\" \/>\n\t<meta property=\"og:image:width\" content=\"1170\" \/>\n\t<meta property=\"og:image:height\" content=\"603\" \/>\n\t<meta property=\"og:image:type\" content=\"image\/jpeg\" \/>\n<meta name=\"author\" content=\"VeliPost\" \/>\n<meta name=\"twitter:card\" content=\"summary_large_image\" \/>\n<meta name=\"twitter:creator\" content=\"@veliposthaiti\" \/>\n<meta name=\"twitter:site\" content=\"@veliposthaiti\" \/>\n<meta name=\"twitter:label1\" content=\"\u00c9crit par\" \/>\n\t<meta name=\"twitter:data1\" content=\"VeliPost\" \/>\n\t<meta name=\"twitter:label2\" content=\"Dur\u00e9e de lecture estim\u00e9e\" \/>\n\t<meta name=\"twitter:data2\" content=\"2 minutes\" \/>\n<script type=\"application\/ld+json\" class=\"yoast-schema-graph\">{\"@context\":\"https:\/\/schema.org\",\"@graph\":[{\"@type\":\"Article\",\"@id\":\"https:\/\/velipost.com\/?p=4955#article\",\"isPartOf\":{\"@id\":\"https:\/\/velipost.com\/?p=4955\"},\"author\":{\"name\":\"VeliPost\",\"@id\":\"https:\/\/velipost.com\/#\/schema\/person\/32ff49a53c9c1bb24302ee8ece058096\"},\"headline\":\"Crise politique : Alouidor Wilberde appelle \u00e0 la formation urgente d\u2019un Gouvernement de salut public\",\"datePublished\":\"2025-11-21T02:23:24+00:00\",\"dateModified\":\"2025-11-21T02:23:27+00:00\",\"mainEntityOfPage\":{\"@id\":\"https:\/\/velipost.com\/?p=4955\"},\"wordCount\":366,\"commentCount\":0,\"publisher\":{\"@id\":\"https:\/\/velipost.com\/#organization\"},\"image\":{\"@id\":\"https:\/\/velipost.com\/?p=4955#primaryimage\"},\"thumbnailUrl\":\"https:\/\/velipost.com\/wp-content\/uploads\/2025\/11\/Alouidor-Wilberde.jpg\",\"articleSection\":[\"Politique\"],\"inLanguage\":\"fr-FR\",\"potentialAction\":[{\"@type\":\"CommentAction\",\"name\":\"Comment\",\"target\":[\"https:\/\/velipost.com\/?p=4955#respond\"]}]},{\"@type\":\"WebPage\",\"@id\":\"https:\/\/velipost.com\/?p=4955\",\"url\":\"https:\/\/velipost.com\/?p=4955\",\"name\":\"Crise politique : Alouidor Wilberde appelle \u00e0 la formation urgente d\u2019un Gouvernement de salut public &#8211; VeliPost\",\"isPartOf\":{\"@id\":\"https:\/\/velipost.com\/#website\"},\"primaryImageOfPage\":{\"@id\":\"https:\/\/velipost.com\/?p=4955#primaryimage\"},\"image\":{\"@id\":\"https:\/\/velipost.com\/?p=4955#primaryimage\"},\"thumbnailUrl\":\"https:\/\/velipost.com\/wp-content\/uploads\/2025\/11\/Alouidor-Wilberde.jpg\",\"datePublished\":\"2025-11-21T02:23:24+00:00\",\"dateModified\":\"2025-11-21T02:23:27+00:00\",\"breadcrumb\":{\"@id\":\"https:\/\/velipost.com\/?p=4955#breadcrumb\"},\"inLanguage\":\"fr-FR\",\"potentialAction\":[{\"@type\":\"ReadAction\",\"target\":[\"https:\/\/velipost.com\/?p=4955\"]}]},{\"@type\":\"ImageObject\",\"inLanguage\":\"fr-FR\",\"@id\":\"https:\/\/velipost.com\/?p=4955#primaryimage\",\"url\":\"https:\/\/velipost.com\/wp-content\/uploads\/2025\/11\/Alouidor-Wilberde.jpg\",\"contentUrl\":\"https:\/\/velipost.com\/wp-content\/uploads\/2025\/11\/Alouidor-Wilberde.jpg\",\"width\":1170,\"height\":603},{\"@type\":\"BreadcrumbList\",\"@id\":\"https:\/\/velipost.com\/?p=4955#breadcrumb\",\"itemListElement\":[{\"@type\":\"ListItem\",\"position\":1,\"name\":\"Accueil\",\"item\":\"https:\/\/velipost.com\/\"},{\"@type\":\"ListItem\",\"position\":2,\"name\":\"Crise politique : Alouidor Wilberde appelle \u00e0 la formation urgente d\u2019un Gouvernement de salut public\"}]},{\"@type\":\"WebSite\",\"@id\":\"https:\/\/velipost.com\/#website\",\"url\":\"https:\/\/velipost.com\/\",\"name\":\"VeliPost\",\"description\":\"L\u2019info en un clic\",\"publisher\":{\"@id\":\"https:\/\/velipost.com\/#organization\"},\"potentialAction\":[{\"@type\":\"SearchAction\",\"target\":{\"@type\":\"EntryPoint\",\"urlTemplate\":\"https:\/\/velipost.com\/?s={search_term_string}\"},\"query-input\":{\"@type\":\"PropertyValueSpecification\",\"valueRequired\":true,\"valueName\":\"search_term_string\"}}],\"inLanguage\":\"fr-FR\"},{\"@type\":\"Organization\",\"@id\":\"https:\/\/velipost.com\/#organization\",\"name\":\"VeliPost\",\"url\":\"https:\/\/velipost.com\/\",\"logo\":{\"@type\":\"ImageObject\",\"inLanguage\":\"fr-FR\",\"@id\":\"https:\/\/velipost.com\/#\/schema\/logo\/image\/\",\"url\":\"https:\/\/velipost.com\/wp-content\/uploads\/2024\/08\/cropped-VP-logo-piti.png\",\"contentUrl\":\"https:\/\/velipost.com\/wp-content\/uploads\/2024\/08\/cropped-VP-logo-piti.png\",\"width\":201,\"height\":69,\"caption\":\"VeliPost\"},\"image\":{\"@id\":\"https:\/\/velipost.com\/#\/schema\/logo\/image\/\"},\"sameAs\":[\"https:\/\/www.facebook.com\/veliposthaiti\",\"https:\/\/x.com\/veliposthaiti\",\"https:\/\/www.instagram.com\/veliposthaiti\"]},{\"@type\":\"Person\",\"@id\":\"https:\/\/velipost.com\/#\/schema\/person\/32ff49a53c9c1bb24302ee8ece058096\",\"name\":\"VeliPost\",\"image\":{\"@type\":\"ImageObject\",\"inLanguage\":\"fr-FR\",\"@id\":\"https:\/\/velipost.com\/#\/schema\/person\/image\/\",\"url\":\"https:\/\/secure.gravatar.com\/avatar\/57c226c264de62f794185a89596d4a37b85a5ad20aca30d9d5a478b27d8c8d9d?s=96&d=mm&r=g\",\"contentUrl\":\"https:\/\/secure.gravatar.com\/avatar\/57c226c264de62f794185a89596d4a37b85a5ad20aca30d9d5a478b27d8c8d9d?s=96&d=mm&r=g\",\"caption\":\"VeliPost\"},\"sameAs\":[\"https:\/\/velipost.com\"],\"url\":\"https:\/\/velipost.com\/?author=1\"}]}<\/script>\n<!-- \/ Yoast SEO plugin. -->","yoast_head_json":{"title":"Crise politique : Alouidor Wilberde appelle \u00e0 la formation urgente d\u2019un Gouvernement de salut public &#8211; VeliPost","robots":{"index":"index","follow":"follow","max-snippet":"max-snippet:-1","max-image-preview":"max-image-preview:large","max-video-preview":"max-video-preview:-1"},"canonical":"https:\/\/velipost.com\/?p=4955","og_locale":"fr_FR","og_type":"article","og_title":"Crise politique : Alouidor Wilberde appelle \u00e0 la formation urgente d\u2019un Gouvernement de salut public &#8211; VeliPost","og_description":"Dans un contexte de crise politique et s\u00e9curitaire persistante, Alouidor Wilberde, figure du mouvement GP86, a lanc\u00e9 ce mardi 18 novembre 2025\u00a0\u2014 un appel","og_url":"https:\/\/velipost.com\/?p=4955","og_site_name":"VeliPost","article_publisher":"https:\/\/www.facebook.com\/veliposthaiti","article_published_time":"2025-11-21T02:23:24+00:00","article_modified_time":"2025-11-21T02:23:27+00:00","og_image":[{"width":1170,"height":603,"url":"https:\/\/velipost.com\/wp-content\/uploads\/2025\/11\/Alouidor-Wilberde.jpg","type":"image\/jpeg"}],"author":"VeliPost","twitter_card":"summary_large_image","twitter_creator":"@veliposthaiti","twitter_site":"@veliposthaiti","twitter_misc":{"\u00c9crit par":"VeliPost","Dur\u00e9e de lecture estim\u00e9e":"2 minutes"},"schema":{"@context":"https:\/\/schema.org","@graph":[{"@type":"Article","@id":"https:\/\/velipost.com\/?p=4955#article","isPartOf":{"@id":"https:\/\/velipost.com\/?p=4955"},"author":{"name":"VeliPost","@id":"https:\/\/velipost.com\/#\/schema\/person\/32ff49a53c9c1bb24302ee8ece058096"},"headline":"Crise politique : Alouidor Wilberde appelle \u00e0 la formation urgente d\u2019un Gouvernement de salut public","datePublished":"2025-11-21T02:23:24+00:00","dateModified":"2025-11-21T02:23:27+00:00","mainEntityOfPage":{"@id":"https:\/\/velipost.com\/?p=4955"},"wordCount":366,"commentCount":0,"publisher":{"@id":"https:\/\/velipost.com\/#organization"},"image":{"@id":"https:\/\/velipost.com\/?p=4955#primaryimage"},"thumbnailUrl":"https:\/\/velipost.com\/wp-content\/uploads\/2025\/11\/Alouidor-Wilberde.jpg","articleSection":["Politique"],"inLanguage":"fr-FR","potentialAction":[{"@type":"CommentAction","name":"Comment","target":["https:\/\/velipost.com\/?p=4955#respond"]}]},{"@type":"WebPage","@id":"https:\/\/velipost.com\/?p=4955","url":"https:\/\/velipost.com\/?p=4955","name":"Crise politique : Alouidor Wilberde appelle \u00e0 la formation urgente d\u2019un Gouvernement de salut public &#8211; VeliPost","isPartOf":{"@id":"https:\/\/velipost.com\/#website"},"primaryImageOfPage":{"@id":"https:\/\/velipost.com\/?p=4955#primaryimage"},"image":{"@id":"https:\/\/velipost.com\/?p=4955#primaryimage"},"thumbnailUrl":"https:\/\/velipost.com\/wp-content\/uploads\/2025\/11\/Alouidor-Wilberde.jpg","datePublished":"2025-11-21T02:23:24+00:00","dateModified":"2025-11-21T02:23:27+00:00","breadcrumb":{"@id":"https:\/\/velipost.com\/?p=4955#breadcrumb"},"inLanguage":"fr-FR","potentialAction":[{"@type":"ReadAction","target":["https:\/\/velipost.com\/?p=4955"]}]},{"@type":"ImageObject","inLanguage":"fr-FR","@id":"https:\/\/velipost.com\/?p=4955#primaryimage","url":"https:\/\/velipost.com\/wp-content\/uploads\/2025\/11\/Alouidor-Wilberde.jpg","contentUrl":"https:\/\/velipost.com\/wp-content\/uploads\/2025\/11\/Alouidor-Wilberde.jpg","width":1170,"height":603},{"@type":"BreadcrumbList","@id":"https:\/\/velipost.com\/?p=4955#breadcrumb","itemListElement":[{"@type":"ListItem","position":1,"name":"Accueil","item":"https:\/\/velipost.com\/"},{"@type":"ListItem","position":2,"name":"Crise politique : Alouidor Wilberde appelle \u00e0 la formation urgente d\u2019un Gouvernement de salut public"}]},{"@type":"WebSite","@id":"https:\/\/velipost.com\/#website","url":"https:\/\/velipost.com\/","name":"VeliPost","description":"L\u2019info en un clic","publisher":{"@id":"https:\/\/velipost.com\/#organization"},"potentialAction":[{"@type":"SearchAction","target":{"@type":"EntryPoint","urlTemplate":"https:\/\/velipost.com\/?s={search_term_string}"},"query-input":{"@type":"PropertyValueSpecification","valueRequired":true,"valueName":"search_term_string"}}],"inLanguage":"fr-FR"},{"@type":"Organization","@id":"https:\/\/velipost.com\/#organization","name":"VeliPost","url":"https:\/\/velipost.com\/","logo":{"@type":"ImageObject","inLanguage":"fr-FR","@id":"https:\/\/velipost.com\/#\/schema\/logo\/image\/","url":"https:\/\/velipost.com\/wp-content\/uploads\/2024\/08\/cropped-VP-logo-piti.png","contentUrl":"https:\/\/velipost.com\/wp-content\/uploads\/2024\/08\/cropped-VP-logo-piti.png","width":201,"height":69,"caption":"VeliPost"},"image":{"@id":"https:\/\/velipost.com\/#\/schema\/logo\/image\/"},"sameAs":["https:\/\/www.facebook.com\/veliposthaiti","https:\/\/x.com\/veliposthaiti","https:\/\/www.instagram.com\/veliposthaiti"]},{"@type":"Person","@id":"https:\/\/velipost.com\/#\/schema\/person\/32ff49a53c9c1bb24302ee8ece058096","name":"VeliPost","image":{"@type":"ImageObject","inLanguage":"fr-FR","@id":"https:\/\/velipost.com\/#\/schema\/person\/image\/","url":"https:\/\/secure.gravatar.com\/avatar\/57c226c264de62f794185a89596d4a37b85a5ad20aca30d9d5a478b27d8c8d9d?s=96&d=mm&r=g","contentUrl":"https:\/\/secure.gravatar.com\/avatar\/57c226c264de62f794185a89596d4a37b85a5ad20aca30d9d5a478b27d8c8d9d?s=96&d=mm&r=g","caption":"VeliPost"},"sameAs":["https:\/\/velipost.com"],"url":"https:\/\/velipost.com\/?author=1"}]}},"views":0,"jetpack_publicize_connections":[],"uagb_featured_image_src":{"full":["https:\/\/velipost.com\/wp-content\/uploads\/2025\/11\/Alouidor-Wilberde.jpg",1170,603,false],"thumbnail":["https:\/\/velipost.com\/wp-content\/uploads\/2025\/11\/Alouidor-Wilberde-150x150.jpg",150,150,true],"medium":["https:\/\/velipost.com\/wp-content\/uploads\/2025\/11\/Alouidor-Wilberde-300x155.jpg",300,155,true],"medium_large":["https:\/\/velipost.com\/wp-content\/uploads\/2025\/11\/Alouidor-Wilberde-768x396.jpg",715,369,true],"large":["https:\/\/velipost.com\/wp-content\/uploads\/2025\/11\/Alouidor-Wilberde-1024x528.jpg",715,369,true],"1536x1536":["https:\/\/velipost.com\/wp-content\/uploads\/2025\/11\/Alouidor-Wilberde.jpg",1170,603,false],"2048x2048":["https:\/\/velipost.com\/wp-content\/uploads\/2025\/11\/Alouidor-Wilberde.jpg",1170,603,false],"colornews-big-slider":["https:\/\/velipost.com\/wp-content\/uploads\/2025\/11\/Alouidor-Wilberde-1070x470.jpg",1070,470,true],"colornews-big-slider-thumb":["https:\/\/velipost.com\/wp-content\/uploads\/2025\/11\/Alouidor-Wilberde-184x109.jpg",184,109,true],"colornews-featured-post-medium":["https:\/\/velipost.com\/wp-content\/uploads\/2025\/11\/Alouidor-Wilberde-345x265.jpg",345,265,true],"colornews-featured-post-small":["https:\/\/velipost.com\/wp-content\/uploads\/2025\/11\/Alouidor-Wilberde-115x73.jpg",115,73,true],"colornews-random-posts":["https:\/\/velipost.com\/wp-content\/uploads\/2025\/11\/Alouidor-Wilberde-215x215.jpg",215,215,true],"colornews-featured-image":["https:\/\/velipost.com\/wp-content\/uploads\/2025\/11\/Alouidor-Wilberde-715x400.jpg",715,400,true],"mailpoet_newsletter_max":["https:\/\/velipost.com\/wp-content\/uploads\/2025\/11\/Alouidor-Wilberde.jpg",1170,603,false]},"uagb_author_info":{"display_name":"VeliPost","author_link":"https:\/\/velipost.com\/?author=1"},"uagb_comment_info":0,"uagb_excerpt":"Dans un contexte de crise politique et s\u00e9curitaire persistante, Alouidor Wilberde, figure du mouvement GP86, a lanc\u00e9 ce mardi 18 novembre 2025\u00a0\u2014 un appel","_links":{"self":[{"href":"https:\/\/velipost.com\/index.php?rest_route=\/wp\/v2\/posts\/4955","targetHints":{"allow":["GET"]}}],"collection":[{"href":"https:\/\/velipost.com\/index.php?rest_route=\/wp\/v2\/posts"}],"about":[{"href":"https:\/\/velipost.com\/index.php?rest_route=\/wp\/v2\/types\/post"}],"author":[{"embeddable":true,"href":"https:\/\/velipost.com\/index.php?rest_route=\/wp\/v2\/users\/1"}],"replies":[{"embeddable":true,"href":"https:\/\/velipost.com\/index.php?rest_route=%2Fwp%2Fv2%2Fcomments&post=4955"}],"version-history":[{"count":1,"href":"https:\/\/velipost.com\/index.php?rest_route=\/wp\/v2\/posts\/4955\/revisions"}],"predecessor-version":[{"id":4957,"href":"https:\/\/velipost.com\/index.php?rest_route=\/wp\/v2\/posts\/4955\/revisions\/4957"}],"wp:featuredmedia":[{"embeddable":true,"href":"https:\/\/velipost.com\/index.php?rest_route=\/wp\/v2\/media\/4956"}],"wp:attachment":[{"href":"https:\/\/velipost.com\/index.php?rest_route=%2Fwp%2Fv2%2Fmedia&parent=4955"}],"wp:term":[{"taxonomy":"category","embeddable":true,"href":"https:\/\/velipost.com\/index.php?rest_route=%2Fwp%2Fv2%2Fcategories&post=4955"},{"taxonomy":"post_tag","embeddable":true,"href":"https:\/\/velipost.com\/index.php?rest_route=%2Fwp%2Fv2%2Ftags&post=4955"}],"curies":[{"name":"wp","href":"https:\/\/api.w.org\/{rel}","templated":true}]}}