{"id":4942,"date":"2025-11-20T14:29:42","date_gmt":"2025-11-20T13:29:42","guid":{"rendered":"https:\/\/velipost.com\/?p=4942"},"modified":"2025-11-20T14:29:45","modified_gmt":"2025-11-20T13:29:45","slug":"haiti-journee-mondiale-de-lenfance-la-conafudso-reaffirme-son-engagement-envers-les-enfants-les-plus-vulnerables","status":"publish","type":"post","link":"https:\/\/velipost.com\/?p=4942","title":{"rendered":"Ha\u00efti \u2013 Journ\u00e9e mondiale de l\u2019Enfance : La CONAFUDSO r\u00e9affirme son engagement envers les enfants les plus vuln\u00e9rables"},"content":{"rendered":"\n<p>\u00c0 l\u2019occasion de la Journ\u00e9e mondiale de l\u2019Enfance, la Coordination Nationale des Femmes pour le D\u00e9veloppement et la Solidarit\u00e9 (CONAFUDSO) a renouvel\u00e9, ce jeudi, son engagement en faveur de la protection et du bien-\u00eatre des enfants ha\u00eftiens, particuli\u00e8rement ceux vivant dans les zones les plus touch\u00e9es par l\u2019ins\u00e9curit\u00e9, la pauvret\u00e9 et le manque d\u2019opportunit\u00e9s.<\/p>\n\n\n\n<p>Dans une d\u00e9claration officielle, l\u2019organisation souligne que cette journ\u00e9e constitue bien plus qu\u2019une date symbolique. Elle repr\u00e9sente un rappel essentiel du devoir collectif de la soci\u00e9t\u00e9 ha\u00eftienne : offrir aux enfants un cadre de vie sain, s\u00e9curis\u00e9 et capable de nourrir leurs r\u00eaves et leur avenir.<\/p>\n\n\n\n<p>\u00ab Les enfants sont la force, l\u2019\u00e9nergie et l\u2019avenir d\u2019Ha\u00efti. En eux r\u00e9side la promesse d\u2019un pays plus juste, plus stable et plus prosp\u00e8re \u00bb, a affirm\u00e9 Santia Duvano Lucien, coordinatrice de la CONAFUDSO.<\/p>\n\n\n\n<p>L\u2019organisation insiste sur l\u2019importance de garantir les droits fondamentaux des enfants, d\u2019encourager leur participation sociale et de renforcer les m\u00e9canismes de protection qui leur sont destin\u00e9s. La CONAFUDSO rappelle travailler chaque jour sur le terrain aux c\u00f4t\u00e9s des familles, des communaut\u00e9s et des institutions pour d\u00e9fendre ces droits et r\u00e9pondre aux besoins les plus urgents.<\/p>\n\n\n\n<p>En cette Journ\u00e9e mondiale de l\u2019Enfance, la CONAFUDSO appelle l\u2019ensemble des acteurs \u2014 familles, \u00e9coles, organisations communautaires et autorit\u00e9s publiques \u2014 \u00e0 unir leurs efforts pour offrir aux enfants ha\u00eftiens un environnement propice \u00e0 l\u2019apprentissage, au jeu, au d\u00e9veloppement personnel et \u00e0 la construction d\u2019un avenir meilleur.<\/p>\n\n\n\n<p>\u00ab B\u00e2tir un pays plus fort commence par prendre soin de ceux qui en sont la promesse. \u00c0 nos enfants, nous devons le meilleur \u00bb, conclut la coordinatrice.<\/p>\n\n    <div class=\"xs_social_share_widget xs_share_url after_content \t\tmain_content  wslu-style-3 wslu-share-box-shaped wslu-fill-brand-hover-colored wslu-share-m-5 wslu-none wslu-share-horizontal wslu-theme-font-no wslu-main_content\">\n\n\t\t\n        <ul>\n\t\t\t                    <li class=\"xs-share-li twitter                        wslu-no-extra-data\">\n                        <a href=\"javascript:void(0);\"\n                           id=\"xs_feed_twitter\"\n                           onclick=\"xs_social_sharer(this);\"\n                           data-pid=\"4942\"\n                           data-uri_hash=\"7fc92ad2a208f90d561f4c3264a97d5c\"\n                           data-key=\"twitter\"\n                           data-xs-href=\"https:\/\/twitter.com\/intent\/tweet?text=Ha%C3%AFti+%E2%80%93+Journ%C3%A9e+mondiale+de+l%E2%80%99Enfance+%3A+La+CONAFUDSO+r%C3%A9affirme+son+engagement+envers+les+enfants+les+plus+vuln%C3%A9rables+https%3A%2F%2Fvelipost.com%2Findex.php%3Frest_route%3D%252Fwp%252Fv2%252Fposts%252F4942&amp;original_referer=https%3A%2F%2Fvelipost.com%2Findex.php%3Frest_route%3D%252Fwp%252Fv2%252Fposts%252F4942&amp;related=xpeedstudio\">\n\n                            <div class=\"xs-social-icon\">\n                                <span class=\"met-social met-social-twitter\"><\/span>\n                            <\/div>\n\n\t\t\t\t\t\t\t\n                            <div class=\"wslu-hover-content\">\n                                <div class=\"xs-social-followers\">\n\t\t\t\t\t\t\t\t\t10                                <\/div>\n                                <div class=\"xs-social-follower-text\">\n\t\t\t\t\t\t\t\t\tShare                                <\/div>\n                                <div class=\"xs-social-follower-label\">\n\t\t\t\t\t\t\t\t\tTwitter                                <\/div>\n                            <\/div>\n                        <\/a>\n                    <\/li>\n\t\t\t\t\t                    <li class=\"xs-share-li telegram                        wslu-no-extra-data\">\n                        <a href=\"javascript:void(0);\"\n                           id=\"xs_feed_telegram\"\n                           onclick=\"xs_social_sharer(this);\"\n                           data-pid=\"4942\"\n                           data-uri_hash=\"7fc92ad2a208f90d561f4c3264a97d5c\"\n                           data-key=\"telegram\"\n                           data-xs-href=\"https:\/\/telegram.me\/share\/url?url=https%3A%2F%2Fvelipost.com%2Findex.php%3Frest_route%3D%252Fwp%252Fv2%252Fposts%252F4942&amp;text=Ha%C3%AFti+%E2%80%93+Journ%C3%A9e+mondiale+de+l%E2%80%99Enfance+%3A+La+CONAFUDSO+r%C3%A9affirme+son+engagement+envers+les+enfants+les+plus+vuln%C3%A9rables\">\n\n                            <div class=\"xs-social-icon\">\n                                <span class=\"met-social met-social-telegram\"><\/span>\n                            <\/div>\n\n\t\t\t\t\t\t\t\n                            <div class=\"wslu-hover-content\">\n                                <div class=\"xs-social-followers\">\n\t\t\t\t\t\t\t\t\t0                                <\/div>\n                                <div class=\"xs-social-follower-text\">\n\t\t\t\t\t\t\t\t\tShare                                <\/div>\n                                <div class=\"xs-social-follower-label\">\n\t\t\t\t\t\t\t\t\tTelegram                                <\/div>\n                            <\/div>\n                        <\/a>\n                    <\/li>\n\t\t\t\t\t                    <li class=\"xs-share-li email                        wslu-no-extra-data\">\n                        <a href=\"javascript:void(0);\"\n                           id=\"xs_feed_email\"\n                           onclick=\"xs_social_sharer(this);\"\n                           data-pid=\"4942\"\n                           data-uri_hash=\"7fc92ad2a208f90d561f4c3264a97d5c\"\n                           data-key=\"email\"\n                           data-xs-href=\"mailto:?body=Title%3A+Ha%C3%AFti+%E2%80%93+Journ%C3%A9e+mondiale+de+l%E2%80%99Enfance+%3A+La+CONAFUDSO+r%C3%A9affirme+son+engagement+envers+les+enfants+les+plus+vuln%C3%A9rables+%5Cn%5Cn+URL%3A+https%3A%2F%2Fvelipost.com%2Findex.php%3Frest_route%3D%252Fwp%252Fv2%252Fposts%252F4942&amp;subject=Ha%C3%AFti+%E2%80%93+Journ%C3%A9e+mondiale+de+l%E2%80%99Enfance+%3A+La+CONAFUDSO+r%C3%A9affirme+son+engagement+envers+les+enfants+les+plus+vuln%C3%A9rables\">\n\n                            <div class=\"xs-social-icon\">\n                                <span class=\"met-social met-social-email\"><\/span>\n                            <\/div>\n\n\t\t\t\t\t\t\t\n                            <div class=\"wslu-hover-content\">\n                                <div class=\"xs-social-followers\">\n\t\t\t\t\t\t\t\t\t0                                <\/div>\n                                <div class=\"xs-social-follower-text\">\n\t\t\t\t\t\t\t\t\tShare                                <\/div>\n                                <div class=\"xs-social-follower-label\">\n\t\t\t\t\t\t\t\t\tEmail                                <\/div>\n                            <\/div>\n                        <\/a>\n                    <\/li>\n\t\t\t\t\t        <\/ul>\n    <\/div> \n","protected":false},"excerpt":{"rendered":"<p>\u00c0 l\u2019occasion de la Journ\u00e9e mondiale de l\u2019Enfance, la Coordination Nationale des Femmes pour le D\u00e9veloppement et la Solidarit\u00e9 (CONAFUDSO) a renouvel\u00e9, ce jeudi,<\/p>\n","protected":false},"author":1,"featured_media":4943,"comment_status":"open","ping_status":"open","sticky":false,"template":"","format":"standard","meta":{"_uag_custom_page_level_css":"","footnotes":"","jetpack_publicize_message":"","jetpack_publicize_feature_enabled":true,"jetpack_social_post_already_shared":true,"jetpack_social_options":{"image_generator_settings":{"template":"highway","default_image_id":0,"font":"","enabled":false},"version":2}},"categories":[3],"tags":[],"class_list":["post-4942","post","type-post","status-publish","format-standard","has-post-thumbnail","hentry","category-societe"],"yoast_head":"<!-- This site is optimized with the Yoast SEO plugin v25.3.1 - https:\/\/yoast.com\/wordpress\/plugins\/seo\/ -->\n<title>Ha\u00efti \u2013 Journ\u00e9e mondiale de l\u2019Enfance : La CONAFUDSO r\u00e9affirme son engagement envers les enfants les plus vuln\u00e9rables &#8211; VeliPost<\/title>\n<meta name=\"robots\" content=\"index, follow, max-snippet:-1, max-image-preview:large, max-video-preview:-1\" \/>\n<link rel=\"canonical\" href=\"https:\/\/velipost.com\/?p=4942\" \/>\n<meta property=\"og:locale\" content=\"fr_FR\" \/>\n<meta property=\"og:type\" content=\"article\" \/>\n<meta property=\"og:title\" content=\"Ha\u00efti \u2013 Journ\u00e9e mondiale de l\u2019Enfance : La CONAFUDSO r\u00e9affirme son engagement envers les enfants les plus vuln\u00e9rables &#8211; VeliPost\" \/>\n<meta property=\"og:description\" content=\"\u00c0 l\u2019occasion de la Journ\u00e9e mondiale de l\u2019Enfance, la Coordination Nationale des Femmes pour le D\u00e9veloppement et la Solidarit\u00e9 (CONAFUDSO) a renouvel\u00e9, ce jeudi,\" \/>\n<meta property=\"og:url\" content=\"https:\/\/velipost.com\/?p=4942\" \/>\n<meta property=\"og:site_name\" content=\"VeliPost\" \/>\n<meta property=\"article:publisher\" content=\"https:\/\/www.facebook.com\/veliposthaiti\" \/>\n<meta property=\"article:published_time\" content=\"2025-11-20T13:29:42+00:00\" \/>\n<meta property=\"article:modified_time\" content=\"2025-11-20T13:29:45+00:00\" \/>\n<meta property=\"og:image\" content=\"https:\/\/velipost.com\/wp-content\/uploads\/2025\/11\/CONAFUDSO-Journee-mondiale-de-lEnfance.jpg\" \/>\n\t<meta property=\"og:image:width\" content=\"1170\" \/>\n\t<meta property=\"og:image:height\" content=\"603\" \/>\n\t<meta property=\"og:image:type\" content=\"image\/jpeg\" \/>\n<meta name=\"author\" content=\"VeliPost\" \/>\n<meta name=\"twitter:card\" content=\"summary_large_image\" \/>\n<meta name=\"twitter:creator\" content=\"@veliposthaiti\" \/>\n<meta name=\"twitter:site\" content=\"@veliposthaiti\" \/>\n<meta name=\"twitter:label1\" content=\"\u00c9crit par\" \/>\n\t<meta name=\"twitter:data1\" content=\"VeliPost\" \/>\n\t<meta name=\"twitter:label2\" content=\"Dur\u00e9e de lecture estim\u00e9e\" \/>\n\t<meta name=\"twitter:data2\" content=\"2 minutes\" \/>\n<script type=\"application\/ld+json\" class=\"yoast-schema-graph\">{\"@context\":\"https:\/\/schema.org\",\"@graph\":[{\"@type\":\"Article\",\"@id\":\"https:\/\/velipost.com\/?p=4942#article\",\"isPartOf\":{\"@id\":\"https:\/\/velipost.com\/?p=4942\"},\"author\":{\"name\":\"VeliPost\",\"@id\":\"https:\/\/velipost.com\/#\/schema\/person\/32ff49a53c9c1bb24302ee8ece058096\"},\"headline\":\"Ha\u00efti \u2013 Journ\u00e9e mondiale de l\u2019Enfance : La CONAFUDSO r\u00e9affirme son engagement envers les enfants les plus vuln\u00e9rables\",\"datePublished\":\"2025-11-20T13:29:42+00:00\",\"dateModified\":\"2025-11-20T13:29:45+00:00\",\"mainEntityOfPage\":{\"@id\":\"https:\/\/velipost.com\/?p=4942\"},\"wordCount\":320,\"commentCount\":0,\"publisher\":{\"@id\":\"https:\/\/velipost.com\/#organization\"},\"image\":{\"@id\":\"https:\/\/velipost.com\/?p=4942#primaryimage\"},\"thumbnailUrl\":\"https:\/\/velipost.com\/wp-content\/uploads\/2025\/11\/CONAFUDSO-Journee-mondiale-de-lEnfance.jpg\",\"articleSection\":[\"Soci\u00e9t\u00e9\"],\"inLanguage\":\"fr-FR\",\"potentialAction\":[{\"@type\":\"CommentAction\",\"name\":\"Comment\",\"target\":[\"https:\/\/velipost.com\/?p=4942#respond\"]}]},{\"@type\":\"WebPage\",\"@id\":\"https:\/\/velipost.com\/?p=4942\",\"url\":\"https:\/\/velipost.com\/?p=4942\",\"name\":\"Ha\u00efti \u2013 Journ\u00e9e mondiale de l\u2019Enfance : La CONAFUDSO r\u00e9affirme son engagement envers les enfants les plus vuln\u00e9rables &#8211; VeliPost\",\"isPartOf\":{\"@id\":\"https:\/\/velipost.com\/#website\"},\"primaryImageOfPage\":{\"@id\":\"https:\/\/velipost.com\/?p=4942#primaryimage\"},\"image\":{\"@id\":\"https:\/\/velipost.com\/?p=4942#primaryimage\"},\"thumbnailUrl\":\"https:\/\/velipost.com\/wp-content\/uploads\/2025\/11\/CONAFUDSO-Journee-mondiale-de-lEnfance.jpg\",\"datePublished\":\"2025-11-20T13:29:42+00:00\",\"dateModified\":\"2025-11-20T13:29:45+00:00\",\"breadcrumb\":{\"@id\":\"https:\/\/velipost.com\/?p=4942#breadcrumb\"},\"inLanguage\":\"fr-FR\",\"potentialAction\":[{\"@type\":\"ReadAction\",\"target\":[\"https:\/\/velipost.com\/?p=4942\"]}]},{\"@type\":\"ImageObject\",\"inLanguage\":\"fr-FR\",\"@id\":\"https:\/\/velipost.com\/?p=4942#primaryimage\",\"url\":\"https:\/\/velipost.com\/wp-content\/uploads\/2025\/11\/CONAFUDSO-Journee-mondiale-de-lEnfance.jpg\",\"contentUrl\":\"https:\/\/velipost.com\/wp-content\/uploads\/2025\/11\/CONAFUDSO-Journee-mondiale-de-lEnfance.jpg\",\"width\":1170,\"height\":603},{\"@type\":\"BreadcrumbList\",\"@id\":\"https:\/\/velipost.com\/?p=4942#breadcrumb\",\"itemListElement\":[{\"@type\":\"ListItem\",\"position\":1,\"name\":\"Accueil\",\"item\":\"https:\/\/velipost.com\/\"},{\"@type\":\"ListItem\",\"position\":2,\"name\":\"Ha\u00efti \u2013 Journ\u00e9e mondiale de l\u2019Enfance : La CONAFUDSO r\u00e9affirme son engagement envers les enfants les plus vuln\u00e9rables\"}]},{\"@type\":\"WebSite\",\"@id\":\"https:\/\/velipost.com\/#website\",\"url\":\"https:\/\/velipost.com\/\",\"name\":\"VeliPost\",\"description\":\"L\u2019info en un clic\",\"publisher\":{\"@id\":\"https:\/\/velipost.com\/#organization\"},\"potentialAction\":[{\"@type\":\"SearchAction\",\"target\":{\"@type\":\"EntryPoint\",\"urlTemplate\":\"https:\/\/velipost.com\/?s={search_term_string}\"},\"query-input\":{\"@type\":\"PropertyValueSpecification\",\"valueRequired\":true,\"valueName\":\"search_term_string\"}}],\"inLanguage\":\"fr-FR\"},{\"@type\":\"Organization\",\"@id\":\"https:\/\/velipost.com\/#organization\",\"name\":\"VeliPost\",\"url\":\"https:\/\/velipost.com\/\",\"logo\":{\"@type\":\"ImageObject\",\"inLanguage\":\"fr-FR\",\"@id\":\"https:\/\/velipost.com\/#\/schema\/logo\/image\/\",\"url\":\"https:\/\/velipost.com\/wp-content\/uploads\/2024\/08\/cropped-VP-logo-piti.png\",\"contentUrl\":\"https:\/\/velipost.com\/wp-content\/uploads\/2024\/08\/cropped-VP-logo-piti.png\",\"width\":201,\"height\":69,\"caption\":\"VeliPost\"},\"image\":{\"@id\":\"https:\/\/velipost.com\/#\/schema\/logo\/image\/\"},\"sameAs\":[\"https:\/\/www.facebook.com\/veliposthaiti\",\"https:\/\/x.com\/veliposthaiti\",\"https:\/\/www.instagram.com\/veliposthaiti\"]},{\"@type\":\"Person\",\"@id\":\"https:\/\/velipost.com\/#\/schema\/person\/32ff49a53c9c1bb24302ee8ece058096\",\"name\":\"VeliPost\",\"image\":{\"@type\":\"ImageObject\",\"inLanguage\":\"fr-FR\",\"@id\":\"https:\/\/velipost.com\/#\/schema\/person\/image\/\",\"url\":\"https:\/\/secure.gravatar.com\/avatar\/57c226c264de62f794185a89596d4a37b85a5ad20aca30d9d5a478b27d8c8d9d?s=96&d=mm&r=g\",\"contentUrl\":\"https:\/\/secure.gravatar.com\/avatar\/57c226c264de62f794185a89596d4a37b85a5ad20aca30d9d5a478b27d8c8d9d?s=96&d=mm&r=g\",\"caption\":\"VeliPost\"},\"sameAs\":[\"https:\/\/velipost.com\"],\"url\":\"https:\/\/velipost.com\/?author=1\"}]}<\/script>\n<!-- \/ Yoast SEO plugin. -->","yoast_head_json":{"title":"Ha\u00efti \u2013 Journ\u00e9e mondiale de l\u2019Enfance : La CONAFUDSO r\u00e9affirme son engagement envers les enfants les plus vuln\u00e9rables &#8211; VeliPost","robots":{"index":"index","follow":"follow","max-snippet":"max-snippet:-1","max-image-preview":"max-image-preview:large","max-video-preview":"max-video-preview:-1"},"canonical":"https:\/\/velipost.com\/?p=4942","og_locale":"fr_FR","og_type":"article","og_title":"Ha\u00efti \u2013 Journ\u00e9e mondiale de l\u2019Enfance : La CONAFUDSO r\u00e9affirme son engagement envers les enfants les plus vuln\u00e9rables &#8211; VeliPost","og_description":"\u00c0 l\u2019occasion de la Journ\u00e9e mondiale de l\u2019Enfance, la Coordination Nationale des Femmes pour le D\u00e9veloppement et la Solidarit\u00e9 (CONAFUDSO) a renouvel\u00e9, ce jeudi,","og_url":"https:\/\/velipost.com\/?p=4942","og_site_name":"VeliPost","article_publisher":"https:\/\/www.facebook.com\/veliposthaiti","article_published_time":"2025-11-20T13:29:42+00:00","article_modified_time":"2025-11-20T13:29:45+00:00","og_image":[{"width":1170,"height":603,"url":"https:\/\/velipost.com\/wp-content\/uploads\/2025\/11\/CONAFUDSO-Journee-mondiale-de-lEnfance.jpg","type":"image\/jpeg"}],"author":"VeliPost","twitter_card":"summary_large_image","twitter_creator":"@veliposthaiti","twitter_site":"@veliposthaiti","twitter_misc":{"\u00c9crit par":"VeliPost","Dur\u00e9e de lecture estim\u00e9e":"2 minutes"},"schema":{"@context":"https:\/\/schema.org","@graph":[{"@type":"Article","@id":"https:\/\/velipost.com\/?p=4942#article","isPartOf":{"@id":"https:\/\/velipost.com\/?p=4942"},"author":{"name":"VeliPost","@id":"https:\/\/velipost.com\/#\/schema\/person\/32ff49a53c9c1bb24302ee8ece058096"},"headline":"Ha\u00efti \u2013 Journ\u00e9e mondiale de l\u2019Enfance : La CONAFUDSO r\u00e9affirme son engagement envers les enfants les plus vuln\u00e9rables","datePublished":"2025-11-20T13:29:42+00:00","dateModified":"2025-11-20T13:29:45+00:00","mainEntityOfPage":{"@id":"https:\/\/velipost.com\/?p=4942"},"wordCount":320,"commentCount":0,"publisher":{"@id":"https:\/\/velipost.com\/#organization"},"image":{"@id":"https:\/\/velipost.com\/?p=4942#primaryimage"},"thumbnailUrl":"https:\/\/velipost.com\/wp-content\/uploads\/2025\/11\/CONAFUDSO-Journee-mondiale-de-lEnfance.jpg","articleSection":["Soci\u00e9t\u00e9"],"inLanguage":"fr-FR","potentialAction":[{"@type":"CommentAction","name":"Comment","target":["https:\/\/velipost.com\/?p=4942#respond"]}]},{"@type":"WebPage","@id":"https:\/\/velipost.com\/?p=4942","url":"https:\/\/velipost.com\/?p=4942","name":"Ha\u00efti \u2013 Journ\u00e9e mondiale de l\u2019Enfance : La CONAFUDSO r\u00e9affirme son engagement envers les enfants les plus vuln\u00e9rables &#8211; VeliPost","isPartOf":{"@id":"https:\/\/velipost.com\/#website"},"primaryImageOfPage":{"@id":"https:\/\/velipost.com\/?p=4942#primaryimage"},"image":{"@id":"https:\/\/velipost.com\/?p=4942#primaryimage"},"thumbnailUrl":"https:\/\/velipost.com\/wp-content\/uploads\/2025\/11\/CONAFUDSO-Journee-mondiale-de-lEnfance.jpg","datePublished":"2025-11-20T13:29:42+00:00","dateModified":"2025-11-20T13:29:45+00:00","breadcrumb":{"@id":"https:\/\/velipost.com\/?p=4942#breadcrumb"},"inLanguage":"fr-FR","potentialAction":[{"@type":"ReadAction","target":["https:\/\/velipost.com\/?p=4942"]}]},{"@type":"ImageObject","inLanguage":"fr-FR","@id":"https:\/\/velipost.com\/?p=4942#primaryimage","url":"https:\/\/velipost.com\/wp-content\/uploads\/2025\/11\/CONAFUDSO-Journee-mondiale-de-lEnfance.jpg","contentUrl":"https:\/\/velipost.com\/wp-content\/uploads\/2025\/11\/CONAFUDSO-Journee-mondiale-de-lEnfance.jpg","width":1170,"height":603},{"@type":"BreadcrumbList","@id":"https:\/\/velipost.com\/?p=4942#breadcrumb","itemListElement":[{"@type":"ListItem","position":1,"name":"Accueil","item":"https:\/\/velipost.com\/"},{"@type":"ListItem","position":2,"name":"Ha\u00efti \u2013 Journ\u00e9e mondiale de l\u2019Enfance : La CONAFUDSO r\u00e9affirme son engagement envers les enfants les plus vuln\u00e9rables"}]},{"@type":"WebSite","@id":"https:\/\/velipost.com\/#website","url":"https:\/\/velipost.com\/","name":"VeliPost","description":"L\u2019info en un clic","publisher":{"@id":"https:\/\/velipost.com\/#organization"},"potentialAction":[{"@type":"SearchAction","target":{"@type":"EntryPoint","urlTemplate":"https:\/\/velipost.com\/?s={search_term_string}"},"query-input":{"@type":"PropertyValueSpecification","valueRequired":true,"valueName":"search_term_string"}}],"inLanguage":"fr-FR"},{"@type":"Organization","@id":"https:\/\/velipost.com\/#organization","name":"VeliPost","url":"https:\/\/velipost.com\/","logo":{"@type":"ImageObject","inLanguage":"fr-FR","@id":"https:\/\/velipost.com\/#\/schema\/logo\/image\/","url":"https:\/\/velipost.com\/wp-content\/uploads\/2024\/08\/cropped-VP-logo-piti.png","contentUrl":"https:\/\/velipost.com\/wp-content\/uploads\/2024\/08\/cropped-VP-logo-piti.png","width":201,"height":69,"caption":"VeliPost"},"image":{"@id":"https:\/\/velipost.com\/#\/schema\/logo\/image\/"},"sameAs":["https:\/\/www.facebook.com\/veliposthaiti","https:\/\/x.com\/veliposthaiti","https:\/\/www.instagram.com\/veliposthaiti"]},{"@type":"Person","@id":"https:\/\/velipost.com\/#\/schema\/person\/32ff49a53c9c1bb24302ee8ece058096","name":"VeliPost","image":{"@type":"ImageObject","inLanguage":"fr-FR","@id":"https:\/\/velipost.com\/#\/schema\/person\/image\/","url":"https:\/\/secure.gravatar.com\/avatar\/57c226c264de62f794185a89596d4a37b85a5ad20aca30d9d5a478b27d8c8d9d?s=96&d=mm&r=g","contentUrl":"https:\/\/secure.gravatar.com\/avatar\/57c226c264de62f794185a89596d4a37b85a5ad20aca30d9d5a478b27d8c8d9d?s=96&d=mm&r=g","caption":"VeliPost"},"sameAs":["https:\/\/velipost.com"],"url":"https:\/\/velipost.com\/?author=1"}]}},"views":0,"jetpack_publicize_connections":[],"uagb_featured_image_src":{"full":["https:\/\/velipost.com\/wp-content\/uploads\/2025\/11\/CONAFUDSO-Journee-mondiale-de-lEnfance.jpg",1170,603,false],"thumbnail":["https:\/\/velipost.com\/wp-content\/uploads\/2025\/11\/CONAFUDSO-Journee-mondiale-de-lEnfance-150x150.jpg",150,150,true],"medium":["https:\/\/velipost.com\/wp-content\/uploads\/2025\/11\/CONAFUDSO-Journee-mondiale-de-lEnfance-300x155.jpg",300,155,true],"medium_large":["https:\/\/velipost.com\/wp-content\/uploads\/2025\/11\/CONAFUDSO-Journee-mondiale-de-lEnfance-768x396.jpg",715,369,true],"large":["https:\/\/velipost.com\/wp-content\/uploads\/2025\/11\/CONAFUDSO-Journee-mondiale-de-lEnfance-1024x528.jpg",715,369,true],"1536x1536":["https:\/\/velipost.com\/wp-content\/uploads\/2025\/11\/CONAFUDSO-Journee-mondiale-de-lEnfance.jpg",1170,603,false],"2048x2048":["https:\/\/velipost.com\/wp-content\/uploads\/2025\/11\/CONAFUDSO-Journee-mondiale-de-lEnfance.jpg",1170,603,false],"colornews-big-slider":["https:\/\/velipost.com\/wp-content\/uploads\/2025\/11\/CONAFUDSO-Journee-mondiale-de-lEnfance-1070x470.jpg",1070,470,true],"colornews-big-slider-thumb":["https:\/\/velipost.com\/wp-content\/uploads\/2025\/11\/CONAFUDSO-Journee-mondiale-de-lEnfance-184x109.jpg",184,109,true],"colornews-featured-post-medium":["https:\/\/velipost.com\/wp-content\/uploads\/2025\/11\/CONAFUDSO-Journee-mondiale-de-lEnfance-345x265.jpg",345,265,true],"colornews-featured-post-small":["https:\/\/velipost.com\/wp-content\/uploads\/2025\/11\/CONAFUDSO-Journee-mondiale-de-lEnfance-115x73.jpg",115,73,true],"colornews-random-posts":["https:\/\/velipost.com\/wp-content\/uploads\/2025\/11\/CONAFUDSO-Journee-mondiale-de-lEnfance-215x215.jpg",215,215,true],"colornews-featured-image":["https:\/\/velipost.com\/wp-content\/uploads\/2025\/11\/CONAFUDSO-Journee-mondiale-de-lEnfance-715x400.jpg",715,400,true],"mailpoet_newsletter_max":["https:\/\/velipost.com\/wp-content\/uploads\/2025\/11\/CONAFUDSO-Journee-mondiale-de-lEnfance.jpg",1170,603,false]},"uagb_author_info":{"display_name":"VeliPost","author_link":"https:\/\/velipost.com\/?author=1"},"uagb_comment_info":0,"uagb_excerpt":"\u00c0 l\u2019occasion de la Journ\u00e9e mondiale de l\u2019Enfance, la Coordination Nationale des Femmes pour le D\u00e9veloppement et la Solidarit\u00e9 (CONAFUDSO) a renouvel\u00e9, ce jeudi,","_links":{"self":[{"href":"https:\/\/velipost.com\/index.php?rest_route=\/wp\/v2\/posts\/4942","targetHints":{"allow":["GET"]}}],"collection":[{"href":"https:\/\/velipost.com\/index.php?rest_route=\/wp\/v2\/posts"}],"about":[{"href":"https:\/\/velipost.com\/index.php?rest_route=\/wp\/v2\/types\/post"}],"author":[{"embeddable":true,"href":"https:\/\/velipost.com\/index.php?rest_route=\/wp\/v2\/users\/1"}],"replies":[{"embeddable":true,"href":"https:\/\/velipost.com\/index.php?rest_route=%2Fwp%2Fv2%2Fcomments&post=4942"}],"version-history":[{"count":1,"href":"https:\/\/velipost.com\/index.php?rest_route=\/wp\/v2\/posts\/4942\/revisions"}],"predecessor-version":[{"id":4944,"href":"https:\/\/velipost.com\/index.php?rest_route=\/wp\/v2\/posts\/4942\/revisions\/4944"}],"wp:featuredmedia":[{"embeddable":true,"href":"https:\/\/velipost.com\/index.php?rest_route=\/wp\/v2\/media\/4943"}],"wp:attachment":[{"href":"https:\/\/velipost.com\/index.php?rest_route=%2Fwp%2Fv2%2Fmedia&parent=4942"}],"wp:term":[{"taxonomy":"category","embeddable":true,"href":"https:\/\/velipost.com\/index.php?rest_route=%2Fwp%2Fv2%2Fcategories&post=4942"},{"taxonomy":"post_tag","embeddable":true,"href":"https:\/\/velipost.com\/index.php?rest_route=%2Fwp%2Fv2%2Ftags&post=4942"}],"curies":[{"name":"wp","href":"https:\/\/api.w.org\/{rel}","templated":true}]}}