{"id":4928,"date":"2025-11-19T00:27:28","date_gmt":"2025-11-18T23:27:28","guid":{"rendered":"https:\/\/velipost.com\/?p=4928"},"modified":"2025-11-19T00:27:33","modified_gmt":"2025-11-18T23:27:33","slug":"les-autorites-de-la-transition-celebrent-le-222e-anniversaire-de-vertieres","status":"publish","type":"post","link":"https:\/\/velipost.com\/?p=4928","title":{"rendered":"Les autorit\u00e9s de la transition c\u00e9l\u00e8brent le 222e anniversaire de Verti\u00e8res"},"content":{"rendered":"\n<p>Au MUPANAH, les membres du Conseil Pr\u00e9sidentiel de Transition (CPT), accompagn\u00e9s du Premier ministre Alix Didier Fils-Aim\u00e9 et de plusieurs responsables gouvernementaux, ont marqu\u00e9 ce 18 novembre 2025 la 222e comm\u00e9moration de la bataille de Verti\u00e8res. Une gerbe de fleurs a \u00e9t\u00e9 d\u00e9pos\u00e9e au pied de Capois-La-Mort en hommage aux h\u00e9ro\u00efnes et h\u00e9ros qui ont ouvert la voie \u00e0 l\u2019ind\u00e9pendance d\u2019Ha\u00efti.<\/p>\n\n\n\n<p>Dans un second temps, une c\u00e9r\u00e9monie officielle s\u2019est tenue \u00e0 la Villa d\u2019Accueil, en pr\u00e9sence du Pr\u00e9sident du CPT, Laurent Saint Cyr, de repr\u00e9sentants des institutions r\u00e9publicaines, du corps diplomatique et de la soci\u00e9t\u00e9 civile. Les autorit\u00e9s ont rappel\u00e9 que Verti\u00e8res demeure l\u2019un des piliers de la m\u00e9moire nationale et un symbole de r\u00e9sistance, d\u2019unit\u00e9 et de courage face \u00e0 l\u2019adversit\u00e9.<\/p>\n\n\n\n<p>Le Premier ministre Fils-Aim\u00e9 a \u00e9galement soulign\u00e9 les efforts de modernisation et de renforcement des Forces Arm\u00e9es d\u2019Ha\u00efti, dans l\u2019objectif de prot\u00e9ger la population et de contribuer \u00e0 la stabilit\u00e9 nationale. Selon lui, l\u2019h\u00e9ritage de Verti\u00e8res doit guider les institutions dans la recherche d\u2019une paix durable et d\u2019une souverainet\u00e9 r\u00e9ellement consolid\u00e9e.<\/p>\n\n\n\n<p>Les comm\u00e9morations de cette ann\u00e9e ont mis en avant l\u2019importance de renforcer la coh\u00e9sion nationale et de cr\u00e9er des conditions favorables au rel\u00e8vement socio-\u00e9conomique du pays. Les autorit\u00e9s ont r\u00e9affirm\u00e9 leur engagement \u00e0 travailler pour le retour \u00e0 la stabilit\u00e9 et pour l\u2019organisation d\u2019\u00e9lections permettant d\u2019assurer la continuit\u00e9 d\u00e9mocratique.<\/p>\n\n    <div class=\"xs_social_share_widget xs_share_url after_content \t\tmain_content  wslu-style-3 wslu-share-box-shaped wslu-fill-brand-hover-colored wslu-share-m-5 wslu-none wslu-share-horizontal wslu-theme-font-no wslu-main_content\">\n\n\t\t\n        <ul>\n\t\t\t                    <li class=\"xs-share-li twitter                        wslu-no-extra-data\">\n                        <a href=\"javascript:void(0);\"\n                           id=\"xs_feed_twitter\"\n                           onclick=\"xs_social_sharer(this);\"\n                           data-pid=\"4928\"\n                           data-uri_hash=\"34c6f9757e90080d548781bd34922148\"\n                           data-key=\"twitter\"\n                           data-xs-href=\"https:\/\/twitter.com\/intent\/tweet?text=Les+autorit%C3%A9s+de+la+transition+c%C3%A9l%C3%A8brent+le+222e+anniversaire+de+Verti%C3%A8res+https%3A%2F%2Fvelipost.com%2Findex.php%3Frest_route%3D%252Fwp%252Fv2%252Fposts%252F4928&amp;original_referer=https%3A%2F%2Fvelipost.com%2Findex.php%3Frest_route%3D%252Fwp%252Fv2%252Fposts%252F4928&amp;related=xpeedstudio\">\n\n                            <div class=\"xs-social-icon\">\n                                <span class=\"met-social met-social-twitter\"><\/span>\n                            <\/div>\n\n\t\t\t\t\t\t\t\n                            <div class=\"wslu-hover-content\">\n                                <div class=\"xs-social-followers\">\n\t\t\t\t\t\t\t\t\t10                                <\/div>\n                                <div class=\"xs-social-follower-text\">\n\t\t\t\t\t\t\t\t\tShare                                <\/div>\n                                <div class=\"xs-social-follower-label\">\n\t\t\t\t\t\t\t\t\tTwitter                                <\/div>\n                            <\/div>\n                        <\/a>\n                    <\/li>\n\t\t\t\t\t                    <li class=\"xs-share-li telegram                        wslu-no-extra-data\">\n                        <a href=\"javascript:void(0);\"\n                           id=\"xs_feed_telegram\"\n                           onclick=\"xs_social_sharer(this);\"\n                           data-pid=\"4928\"\n                           data-uri_hash=\"34c6f9757e90080d548781bd34922148\"\n                           data-key=\"telegram\"\n                           data-xs-href=\"https:\/\/telegram.me\/share\/url?url=https%3A%2F%2Fvelipost.com%2Findex.php%3Frest_route%3D%252Fwp%252Fv2%252Fposts%252F4928&amp;text=Les+autorit%C3%A9s+de+la+transition+c%C3%A9l%C3%A8brent+le+222e+anniversaire+de+Verti%C3%A8res\">\n\n                            <div class=\"xs-social-icon\">\n                                <span class=\"met-social met-social-telegram\"><\/span>\n                            <\/div>\n\n\t\t\t\t\t\t\t\n                            <div class=\"wslu-hover-content\">\n                                <div class=\"xs-social-followers\">\n\t\t\t\t\t\t\t\t\t0                                <\/div>\n                                <div class=\"xs-social-follower-text\">\n\t\t\t\t\t\t\t\t\tShare                                <\/div>\n                                <div class=\"xs-social-follower-label\">\n\t\t\t\t\t\t\t\t\tTelegram                                <\/div>\n                            <\/div>\n                        <\/a>\n                    <\/li>\n\t\t\t\t\t                    <li class=\"xs-share-li email                        wslu-no-extra-data\">\n                        <a href=\"javascript:void(0);\"\n                           id=\"xs_feed_email\"\n                           onclick=\"xs_social_sharer(this);\"\n                           data-pid=\"4928\"\n                           data-uri_hash=\"34c6f9757e90080d548781bd34922148\"\n                           data-key=\"email\"\n                           data-xs-href=\"mailto:?body=Title%3A+Les+autorit%C3%A9s+de+la+transition+c%C3%A9l%C3%A8brent+le+222e+anniversaire+de+Verti%C3%A8res+%5Cn%5Cn+URL%3A+https%3A%2F%2Fvelipost.com%2Findex.php%3Frest_route%3D%252Fwp%252Fv2%252Fposts%252F4928&amp;subject=Les+autorit%C3%A9s+de+la+transition+c%C3%A9l%C3%A8brent+le+222e+anniversaire+de+Verti%C3%A8res\">\n\n                            <div class=\"xs-social-icon\">\n                                <span class=\"met-social met-social-email\"><\/span>\n                            <\/div>\n\n\t\t\t\t\t\t\t\n                            <div class=\"wslu-hover-content\">\n                                <div class=\"xs-social-followers\">\n\t\t\t\t\t\t\t\t\t0                                <\/div>\n                                <div class=\"xs-social-follower-text\">\n\t\t\t\t\t\t\t\t\tShare                                <\/div>\n                                <div class=\"xs-social-follower-label\">\n\t\t\t\t\t\t\t\t\tEmail                                <\/div>\n                            <\/div>\n                        <\/a>\n                    <\/li>\n\t\t\t\t\t        <\/ul>\n    <\/div> \n","protected":false},"excerpt":{"rendered":"<p>Au MUPANAH, les membres du Conseil Pr\u00e9sidentiel de Transition (CPT), accompagn\u00e9s du Premier ministre Alix Didier Fils-Aim\u00e9 et de plusieurs responsables gouvernementaux, ont marqu\u00e9<\/p>\n","protected":false},"author":1,"featured_media":4929,"comment_status":"open","ping_status":"open","sticky":false,"template":"","format":"standard","meta":{"_uag_custom_page_level_css":"","footnotes":"","jetpack_publicize_message":"","jetpack_publicize_feature_enabled":true,"jetpack_social_post_already_shared":true,"jetpack_social_options":{"image_generator_settings":{"template":"highway","default_image_id":0,"font":"","enabled":false},"version":2}},"categories":[267],"tags":[],"class_list":["post-4928","post","type-post","status-publish","format-standard","has-post-thumbnail","hentry","category-non-classe-fr"],"yoast_head":"<!-- This site is optimized with the Yoast SEO plugin v25.3.1 - https:\/\/yoast.com\/wordpress\/plugins\/seo\/ -->\n<title>Les autorit\u00e9s de la transition c\u00e9l\u00e8brent le 222e anniversaire de Verti\u00e8res &#8211; VeliPost<\/title>\n<meta name=\"robots\" content=\"index, follow, max-snippet:-1, max-image-preview:large, max-video-preview:-1\" \/>\n<link rel=\"canonical\" href=\"https:\/\/velipost.com\/?p=4928\" \/>\n<meta property=\"og:locale\" content=\"fr_FR\" \/>\n<meta property=\"og:type\" content=\"article\" \/>\n<meta property=\"og:title\" content=\"Les autorit\u00e9s de la transition c\u00e9l\u00e8brent le 222e anniversaire de Verti\u00e8res &#8211; VeliPost\" \/>\n<meta property=\"og:description\" content=\"Au MUPANAH, les membres du Conseil Pr\u00e9sidentiel de Transition (CPT), accompagn\u00e9s du Premier ministre Alix Didier Fils-Aim\u00e9 et de plusieurs responsables gouvernementaux, ont marqu\u00e9\" \/>\n<meta property=\"og:url\" content=\"https:\/\/velipost.com\/?p=4928\" \/>\n<meta property=\"og:site_name\" content=\"VeliPost\" \/>\n<meta property=\"article:publisher\" content=\"https:\/\/www.facebook.com\/veliposthaiti\" \/>\n<meta property=\"article:published_time\" content=\"2025-11-18T23:27:28+00:00\" \/>\n<meta property=\"article:modified_time\" content=\"2025-11-18T23:27:33+00:00\" \/>\n<meta property=\"og:image\" content=\"https:\/\/velipost.com\/wp-content\/uploads\/2025\/11\/222-ans-vertieres.jpg\" \/>\n\t<meta property=\"og:image:width\" content=\"1170\" \/>\n\t<meta property=\"og:image:height\" content=\"603\" \/>\n\t<meta property=\"og:image:type\" content=\"image\/jpeg\" \/>\n<meta name=\"author\" content=\"VeliPost\" \/>\n<meta name=\"twitter:card\" content=\"summary_large_image\" \/>\n<meta name=\"twitter:creator\" content=\"@veliposthaiti\" \/>\n<meta name=\"twitter:site\" content=\"@veliposthaiti\" \/>\n<meta name=\"twitter:label1\" content=\"\u00c9crit par\" \/>\n\t<meta name=\"twitter:data1\" content=\"VeliPost\" \/>\n\t<meta name=\"twitter:label2\" content=\"Dur\u00e9e de lecture estim\u00e9e\" \/>\n\t<meta name=\"twitter:data2\" content=\"2 minutes\" \/>\n<script type=\"application\/ld+json\" class=\"yoast-schema-graph\">{\"@context\":\"https:\/\/schema.org\",\"@graph\":[{\"@type\":\"Article\",\"@id\":\"https:\/\/velipost.com\/?p=4928#article\",\"isPartOf\":{\"@id\":\"https:\/\/velipost.com\/?p=4928\"},\"author\":{\"name\":\"VeliPost\",\"@id\":\"https:\/\/velipost.com\/#\/schema\/person\/32ff49a53c9c1bb24302ee8ece058096\"},\"headline\":\"Les autorit\u00e9s de la transition c\u00e9l\u00e8brent le 222e anniversaire de Verti\u00e8res\",\"datePublished\":\"2025-11-18T23:27:28+00:00\",\"dateModified\":\"2025-11-18T23:27:33+00:00\",\"mainEntityOfPage\":{\"@id\":\"https:\/\/velipost.com\/?p=4928\"},\"wordCount\":283,\"commentCount\":0,\"publisher\":{\"@id\":\"https:\/\/velipost.com\/#organization\"},\"image\":{\"@id\":\"https:\/\/velipost.com\/?p=4928#primaryimage\"},\"thumbnailUrl\":\"https:\/\/velipost.com\/wp-content\/uploads\/2025\/11\/222-ans-vertieres.jpg\",\"inLanguage\":\"fr-FR\",\"potentialAction\":[{\"@type\":\"CommentAction\",\"name\":\"Comment\",\"target\":[\"https:\/\/velipost.com\/?p=4928#respond\"]}]},{\"@type\":\"WebPage\",\"@id\":\"https:\/\/velipost.com\/?p=4928\",\"url\":\"https:\/\/velipost.com\/?p=4928\",\"name\":\"Les autorit\u00e9s de la transition c\u00e9l\u00e8brent le 222e anniversaire de Verti\u00e8res &#8211; VeliPost\",\"isPartOf\":{\"@id\":\"https:\/\/velipost.com\/#website\"},\"primaryImageOfPage\":{\"@id\":\"https:\/\/velipost.com\/?p=4928#primaryimage\"},\"image\":{\"@id\":\"https:\/\/velipost.com\/?p=4928#primaryimage\"},\"thumbnailUrl\":\"https:\/\/velipost.com\/wp-content\/uploads\/2025\/11\/222-ans-vertieres.jpg\",\"datePublished\":\"2025-11-18T23:27:28+00:00\",\"dateModified\":\"2025-11-18T23:27:33+00:00\",\"breadcrumb\":{\"@id\":\"https:\/\/velipost.com\/?p=4928#breadcrumb\"},\"inLanguage\":\"fr-FR\",\"potentialAction\":[{\"@type\":\"ReadAction\",\"target\":[\"https:\/\/velipost.com\/?p=4928\"]}]},{\"@type\":\"ImageObject\",\"inLanguage\":\"fr-FR\",\"@id\":\"https:\/\/velipost.com\/?p=4928#primaryimage\",\"url\":\"https:\/\/velipost.com\/wp-content\/uploads\/2025\/11\/222-ans-vertieres.jpg\",\"contentUrl\":\"https:\/\/velipost.com\/wp-content\/uploads\/2025\/11\/222-ans-vertieres.jpg\",\"width\":1170,\"height\":603},{\"@type\":\"BreadcrumbList\",\"@id\":\"https:\/\/velipost.com\/?p=4928#breadcrumb\",\"itemListElement\":[{\"@type\":\"ListItem\",\"position\":1,\"name\":\"Accueil\",\"item\":\"https:\/\/velipost.com\/\"},{\"@type\":\"ListItem\",\"position\":2,\"name\":\"Les autorit\u00e9s de la transition c\u00e9l\u00e8brent le 222e anniversaire de Verti\u00e8res\"}]},{\"@type\":\"WebSite\",\"@id\":\"https:\/\/velipost.com\/#website\",\"url\":\"https:\/\/velipost.com\/\",\"name\":\"VeliPost\",\"description\":\"L\u2019info en un clic\",\"publisher\":{\"@id\":\"https:\/\/velipost.com\/#organization\"},\"potentialAction\":[{\"@type\":\"SearchAction\",\"target\":{\"@type\":\"EntryPoint\",\"urlTemplate\":\"https:\/\/velipost.com\/?s={search_term_string}\"},\"query-input\":{\"@type\":\"PropertyValueSpecification\",\"valueRequired\":true,\"valueName\":\"search_term_string\"}}],\"inLanguage\":\"fr-FR\"},{\"@type\":\"Organization\",\"@id\":\"https:\/\/velipost.com\/#organization\",\"name\":\"VeliPost\",\"url\":\"https:\/\/velipost.com\/\",\"logo\":{\"@type\":\"ImageObject\",\"inLanguage\":\"fr-FR\",\"@id\":\"https:\/\/velipost.com\/#\/schema\/logo\/image\/\",\"url\":\"https:\/\/velipost.com\/wp-content\/uploads\/2024\/08\/cropped-VP-logo-piti.png\",\"contentUrl\":\"https:\/\/velipost.com\/wp-content\/uploads\/2024\/08\/cropped-VP-logo-piti.png\",\"width\":201,\"height\":69,\"caption\":\"VeliPost\"},\"image\":{\"@id\":\"https:\/\/velipost.com\/#\/schema\/logo\/image\/\"},\"sameAs\":[\"https:\/\/www.facebook.com\/veliposthaiti\",\"https:\/\/x.com\/veliposthaiti\",\"https:\/\/www.instagram.com\/veliposthaiti\"]},{\"@type\":\"Person\",\"@id\":\"https:\/\/velipost.com\/#\/schema\/person\/32ff49a53c9c1bb24302ee8ece058096\",\"name\":\"VeliPost\",\"image\":{\"@type\":\"ImageObject\",\"inLanguage\":\"fr-FR\",\"@id\":\"https:\/\/velipost.com\/#\/schema\/person\/image\/\",\"url\":\"https:\/\/secure.gravatar.com\/avatar\/57c226c264de62f794185a89596d4a37b85a5ad20aca30d9d5a478b27d8c8d9d?s=96&d=mm&r=g\",\"contentUrl\":\"https:\/\/secure.gravatar.com\/avatar\/57c226c264de62f794185a89596d4a37b85a5ad20aca30d9d5a478b27d8c8d9d?s=96&d=mm&r=g\",\"caption\":\"VeliPost\"},\"sameAs\":[\"https:\/\/velipost.com\"],\"url\":\"https:\/\/velipost.com\/?author=1\"}]}<\/script>\n<!-- \/ Yoast SEO plugin. -->","yoast_head_json":{"title":"Les autorit\u00e9s de la transition c\u00e9l\u00e8brent le 222e anniversaire de Verti\u00e8res &#8211; VeliPost","robots":{"index":"index","follow":"follow","max-snippet":"max-snippet:-1","max-image-preview":"max-image-preview:large","max-video-preview":"max-video-preview:-1"},"canonical":"https:\/\/velipost.com\/?p=4928","og_locale":"fr_FR","og_type":"article","og_title":"Les autorit\u00e9s de la transition c\u00e9l\u00e8brent le 222e anniversaire de Verti\u00e8res &#8211; VeliPost","og_description":"Au MUPANAH, les membres du Conseil Pr\u00e9sidentiel de Transition (CPT), accompagn\u00e9s du Premier ministre Alix Didier Fils-Aim\u00e9 et de plusieurs responsables gouvernementaux, ont marqu\u00e9","og_url":"https:\/\/velipost.com\/?p=4928","og_site_name":"VeliPost","article_publisher":"https:\/\/www.facebook.com\/veliposthaiti","article_published_time":"2025-11-18T23:27:28+00:00","article_modified_time":"2025-11-18T23:27:33+00:00","og_image":[{"width":1170,"height":603,"url":"https:\/\/velipost.com\/wp-content\/uploads\/2025\/11\/222-ans-vertieres.jpg","type":"image\/jpeg"}],"author":"VeliPost","twitter_card":"summary_large_image","twitter_creator":"@veliposthaiti","twitter_site":"@veliposthaiti","twitter_misc":{"\u00c9crit par":"VeliPost","Dur\u00e9e de lecture estim\u00e9e":"2 minutes"},"schema":{"@context":"https:\/\/schema.org","@graph":[{"@type":"Article","@id":"https:\/\/velipost.com\/?p=4928#article","isPartOf":{"@id":"https:\/\/velipost.com\/?p=4928"},"author":{"name":"VeliPost","@id":"https:\/\/velipost.com\/#\/schema\/person\/32ff49a53c9c1bb24302ee8ece058096"},"headline":"Les autorit\u00e9s de la transition c\u00e9l\u00e8brent le 222e anniversaire de Verti\u00e8res","datePublished":"2025-11-18T23:27:28+00:00","dateModified":"2025-11-18T23:27:33+00:00","mainEntityOfPage":{"@id":"https:\/\/velipost.com\/?p=4928"},"wordCount":283,"commentCount":0,"publisher":{"@id":"https:\/\/velipost.com\/#organization"},"image":{"@id":"https:\/\/velipost.com\/?p=4928#primaryimage"},"thumbnailUrl":"https:\/\/velipost.com\/wp-content\/uploads\/2025\/11\/222-ans-vertieres.jpg","inLanguage":"fr-FR","potentialAction":[{"@type":"CommentAction","name":"Comment","target":["https:\/\/velipost.com\/?p=4928#respond"]}]},{"@type":"WebPage","@id":"https:\/\/velipost.com\/?p=4928","url":"https:\/\/velipost.com\/?p=4928","name":"Les autorit\u00e9s de la transition c\u00e9l\u00e8brent le 222e anniversaire de Verti\u00e8res &#8211; VeliPost","isPartOf":{"@id":"https:\/\/velipost.com\/#website"},"primaryImageOfPage":{"@id":"https:\/\/velipost.com\/?p=4928#primaryimage"},"image":{"@id":"https:\/\/velipost.com\/?p=4928#primaryimage"},"thumbnailUrl":"https:\/\/velipost.com\/wp-content\/uploads\/2025\/11\/222-ans-vertieres.jpg","datePublished":"2025-11-18T23:27:28+00:00","dateModified":"2025-11-18T23:27:33+00:00","breadcrumb":{"@id":"https:\/\/velipost.com\/?p=4928#breadcrumb"},"inLanguage":"fr-FR","potentialAction":[{"@type":"ReadAction","target":["https:\/\/velipost.com\/?p=4928"]}]},{"@type":"ImageObject","inLanguage":"fr-FR","@id":"https:\/\/velipost.com\/?p=4928#primaryimage","url":"https:\/\/velipost.com\/wp-content\/uploads\/2025\/11\/222-ans-vertieres.jpg","contentUrl":"https:\/\/velipost.com\/wp-content\/uploads\/2025\/11\/222-ans-vertieres.jpg","width":1170,"height":603},{"@type":"BreadcrumbList","@id":"https:\/\/velipost.com\/?p=4928#breadcrumb","itemListElement":[{"@type":"ListItem","position":1,"name":"Accueil","item":"https:\/\/velipost.com\/"},{"@type":"ListItem","position":2,"name":"Les autorit\u00e9s de la transition c\u00e9l\u00e8brent le 222e anniversaire de Verti\u00e8res"}]},{"@type":"WebSite","@id":"https:\/\/velipost.com\/#website","url":"https:\/\/velipost.com\/","name":"VeliPost","description":"L\u2019info en un clic","publisher":{"@id":"https:\/\/velipost.com\/#organization"},"potentialAction":[{"@type":"SearchAction","target":{"@type":"EntryPoint","urlTemplate":"https:\/\/velipost.com\/?s={search_term_string}"},"query-input":{"@type":"PropertyValueSpecification","valueRequired":true,"valueName":"search_term_string"}}],"inLanguage":"fr-FR"},{"@type":"Organization","@id":"https:\/\/velipost.com\/#organization","name":"VeliPost","url":"https:\/\/velipost.com\/","logo":{"@type":"ImageObject","inLanguage":"fr-FR","@id":"https:\/\/velipost.com\/#\/schema\/logo\/image\/","url":"https:\/\/velipost.com\/wp-content\/uploads\/2024\/08\/cropped-VP-logo-piti.png","contentUrl":"https:\/\/velipost.com\/wp-content\/uploads\/2024\/08\/cropped-VP-logo-piti.png","width":201,"height":69,"caption":"VeliPost"},"image":{"@id":"https:\/\/velipost.com\/#\/schema\/logo\/image\/"},"sameAs":["https:\/\/www.facebook.com\/veliposthaiti","https:\/\/x.com\/veliposthaiti","https:\/\/www.instagram.com\/veliposthaiti"]},{"@type":"Person","@id":"https:\/\/velipost.com\/#\/schema\/person\/32ff49a53c9c1bb24302ee8ece058096","name":"VeliPost","image":{"@type":"ImageObject","inLanguage":"fr-FR","@id":"https:\/\/velipost.com\/#\/schema\/person\/image\/","url":"https:\/\/secure.gravatar.com\/avatar\/57c226c264de62f794185a89596d4a37b85a5ad20aca30d9d5a478b27d8c8d9d?s=96&d=mm&r=g","contentUrl":"https:\/\/secure.gravatar.com\/avatar\/57c226c264de62f794185a89596d4a37b85a5ad20aca30d9d5a478b27d8c8d9d?s=96&d=mm&r=g","caption":"VeliPost"},"sameAs":["https:\/\/velipost.com"],"url":"https:\/\/velipost.com\/?author=1"}]}},"views":0,"jetpack_publicize_connections":[],"uagb_featured_image_src":{"full":["https:\/\/velipost.com\/wp-content\/uploads\/2025\/11\/222-ans-vertieres.jpg",1170,603,false],"thumbnail":["https:\/\/velipost.com\/wp-content\/uploads\/2025\/11\/222-ans-vertieres-150x150.jpg",150,150,true],"medium":["https:\/\/velipost.com\/wp-content\/uploads\/2025\/11\/222-ans-vertieres-300x155.jpg",300,155,true],"medium_large":["https:\/\/velipost.com\/wp-content\/uploads\/2025\/11\/222-ans-vertieres-768x396.jpg",715,369,true],"large":["https:\/\/velipost.com\/wp-content\/uploads\/2025\/11\/222-ans-vertieres-1024x528.jpg",715,369,true],"1536x1536":["https:\/\/velipost.com\/wp-content\/uploads\/2025\/11\/222-ans-vertieres.jpg",1170,603,false],"2048x2048":["https:\/\/velipost.com\/wp-content\/uploads\/2025\/11\/222-ans-vertieres.jpg",1170,603,false],"colornews-big-slider":["https:\/\/velipost.com\/wp-content\/uploads\/2025\/11\/222-ans-vertieres-1070x470.jpg",1070,470,true],"colornews-big-slider-thumb":["https:\/\/velipost.com\/wp-content\/uploads\/2025\/11\/222-ans-vertieres-184x109.jpg",184,109,true],"colornews-featured-post-medium":["https:\/\/velipost.com\/wp-content\/uploads\/2025\/11\/222-ans-vertieres-345x265.jpg",345,265,true],"colornews-featured-post-small":["https:\/\/velipost.com\/wp-content\/uploads\/2025\/11\/222-ans-vertieres-115x73.jpg",115,73,true],"colornews-random-posts":["https:\/\/velipost.com\/wp-content\/uploads\/2025\/11\/222-ans-vertieres-215x215.jpg",215,215,true],"colornews-featured-image":["https:\/\/velipost.com\/wp-content\/uploads\/2025\/11\/222-ans-vertieres-715x400.jpg",715,400,true],"mailpoet_newsletter_max":["https:\/\/velipost.com\/wp-content\/uploads\/2025\/11\/222-ans-vertieres.jpg",1170,603,false]},"uagb_author_info":{"display_name":"VeliPost","author_link":"https:\/\/velipost.com\/?author=1"},"uagb_comment_info":0,"uagb_excerpt":"Au MUPANAH, les membres du Conseil Pr\u00e9sidentiel de Transition (CPT), accompagn\u00e9s du Premier ministre Alix Didier Fils-Aim\u00e9 et de plusieurs responsables gouvernementaux, ont marqu\u00e9","_links":{"self":[{"href":"https:\/\/velipost.com\/index.php?rest_route=\/wp\/v2\/posts\/4928","targetHints":{"allow":["GET"]}}],"collection":[{"href":"https:\/\/velipost.com\/index.php?rest_route=\/wp\/v2\/posts"}],"about":[{"href":"https:\/\/velipost.com\/index.php?rest_route=\/wp\/v2\/types\/post"}],"author":[{"embeddable":true,"href":"https:\/\/velipost.com\/index.php?rest_route=\/wp\/v2\/users\/1"}],"replies":[{"embeddable":true,"href":"https:\/\/velipost.com\/index.php?rest_route=%2Fwp%2Fv2%2Fcomments&post=4928"}],"version-history":[{"count":1,"href":"https:\/\/velipost.com\/index.php?rest_route=\/wp\/v2\/posts\/4928\/revisions"}],"predecessor-version":[{"id":4930,"href":"https:\/\/velipost.com\/index.php?rest_route=\/wp\/v2\/posts\/4928\/revisions\/4930"}],"wp:featuredmedia":[{"embeddable":true,"href":"https:\/\/velipost.com\/index.php?rest_route=\/wp\/v2\/media\/4929"}],"wp:attachment":[{"href":"https:\/\/velipost.com\/index.php?rest_route=%2Fwp%2Fv2%2Fmedia&parent=4928"}],"wp:term":[{"taxonomy":"category","embeddable":true,"href":"https:\/\/velipost.com\/index.php?rest_route=%2Fwp%2Fv2%2Fcategories&post=4928"},{"taxonomy":"post_tag","embeddable":true,"href":"https:\/\/velipost.com\/index.php?rest_route=%2Fwp%2Fv2%2Ftags&post=4928"}],"curies":[{"name":"wp","href":"https:\/\/api.w.org\/{rel}","templated":true}]}}