{"id":4894,"date":"2025-11-15T14:47:41","date_gmt":"2025-11-15T13:47:41","guid":{"rendered":"https:\/\/velipost.com\/?p=4894"},"modified":"2025-11-15T14:47:48","modified_gmt":"2025-11-15T13:47:48","slug":"le-gouvernement-et-le-cpt-honorent-les-laureats-nationaux-et-reaffirment-la-priorite-accordee-a-leducation","status":"publish","type":"post","link":"https:\/\/velipost.com\/?p=4894","title":{"rendered":"Le Gouvernement et le CPT honorent les laur\u00e9ats nationaux et r\u00e9affirment la priorit\u00e9 accord\u00e9e \u00e0 l\u2019\u00e9ducation"},"content":{"rendered":"\n<p>Le Gouvernement et le Conseil pr\u00e9sidentiel de transition (CPT) ont rendu un hommage officiel, ce vendredi 14 novembre 2025, aux laur\u00e9ats nationaux des examens d\u2019\u00c9tat pour l\u2019ann\u00e9e acad\u00e9mique 2024-2025 lors d\u2019une c\u00e9r\u00e9monie solennelle organis\u00e9e \u00e0 l\u2019h\u00f4tel Montana, \u00e0 P\u00e9tion-Ville. Le Premier ministre Alix Didier Fils-Aim\u00e9, accompagn\u00e9 du Conseiller-Pr\u00e9sident Smith Augustin, a salu\u00e9 l\u2019excellence acad\u00e9mique de ces \u00e9l\u00e8ves dont les performances incarnent, selon lui, \u00ab la rigueur, la d\u00e9termination et la capacit\u00e9 d\u2019innovation de la jeunesse ha\u00eftienne \u00bb.<\/p>\n\n\n\n<p>L\u2019\u00e9v\u00e9nement s\u2019est d\u00e9roul\u00e9 en pr\u00e9sence de plusieurs membres du gouvernement, notamment le ministre de l\u2019\u00c9ducation nationale, Antoine Augustin, la ministre \u00e0 la Condition f\u00e9minine, P\u00e9drica Saint-Jean, et le Secr\u00e9taire d\u2019\u00c9tat \u00e0 l\u2019Alphab\u00e9tisation, Mozart Cl\u00e9risson. Des diplomates, dont les ambassadeurs de Ta\u00efwan et de la France, ainsi qu\u2019une repr\u00e9sentante de l\u2019Ambassade du Mexique, \u00e9taient \u00e9galement pr\u00e9sents, t\u00e9moignant de leur engagement aux c\u00f4t\u00e9s d\u2019Ha\u00efti pour le renforcement du secteur \u00e9ducatif.<\/p>\n\n\n\n<p>Dans son discours, le Conseiller-Pr\u00e9sident Smith Augustin a f\u00e9licit\u00e9 les laur\u00e9ats pour leur discipline et les a encourag\u00e9s \u00e0 demeurer des mod\u00e8les pour la jeunesse. Il a rappel\u00e9 que l\u2019\u00e9ducation demeure la priorit\u00e9 du pouvoir en place, avec 16 % du budget national allou\u00e9 au MENFP dans la loi de finances 2025-2026, soit plus de 54 milliards de gourdes. Le budget de l\u2019Universit\u00e9 d\u2019\u00c9tat d\u2019Ha\u00efti a \u00e9galement d\u00e9pass\u00e9 pour la premi\u00e8re fois les 3 milliards de gourdes. Smith Augustin a toutefois insist\u00e9 sur la n\u00e9cessit\u00e9 de mobiliser davantage de ressources publiques pour am\u00e9liorer la r\u00e9ussite des bacheliers et rehausser la qualit\u00e9 du service \u00e9ducatif.<\/p>\n\n\n\n<p>Le ministre Antoine Augustin a confirm\u00e9 l\u2019octroi de bourses d\u2019\u00e9tudes offertes par l\u2019Ambassade de Ta\u00efwan aux laur\u00e9ats pr\u00e9sents. Parmi eux, la laur\u00e9ate nationale du baccalaur\u00e9at, Thalantina Rosier, du Coll\u00e8ge Fr\u00e8re Odile Joseph des Cayes, a exprim\u00e9 sa gratitude envers les autorit\u00e9s, ses enseignants et sa famille, rappelant que son succ\u00e8s symbolise la pers\u00e9v\u00e9rance de nombreux jeunes d\u00e9termin\u00e9s \u00e0 se frayer un chemin dans un contexte national difficile.<\/p>\n\n\n\n<p>Les huit laur\u00e9ats honor\u00e9s par le gouvernement et le CPT sont : Thalantina Rozier, Fr\u00e9d\u00e9ric-L\u00e9onel Fran\u00e7ois, Leguirne Br\u00e9vil, Robinho Julien, M\u00e9lissa Samedi, Christina Laguerre, Jepht\u00e9 Pierre et Christelle Angerville.<\/p>\n\n\n\n<p>\u00c0 travers cette c\u00e9r\u00e9monie, le Gouvernement et le Conseil pr\u00e9sidentiel de transition r\u00e9affirment leur d\u00e9termination \u00e0 b\u00e2tir un syst\u00e8me \u00e9ducatif plus performant, inclusif et tourn\u00e9 vers l\u2019avenir, convaincus que ces jeunes laur\u00e9ats repr\u00e9sentent l\u2019esp\u00e9rance d\u2019une g\u00e9n\u00e9ration pr\u00eate \u00e0 contribuer au d\u00e9veloppement d\u2019un \u00c9tat plus fort et plus juste.<\/p>\n\n    <div class=\"xs_social_share_widget xs_share_url after_content \t\tmain_content  wslu-style-3 wslu-share-box-shaped wslu-fill-brand-hover-colored wslu-share-m-5 wslu-none wslu-share-horizontal wslu-theme-font-no wslu-main_content\">\n\n\t\t\n        <ul>\n\t\t\t                    <li class=\"xs-share-li twitter                        wslu-no-extra-data\">\n                        <a href=\"javascript:void(0);\"\n                           id=\"xs_feed_twitter\"\n                           onclick=\"xs_social_sharer(this);\"\n                           data-pid=\"4894\"\n                           data-uri_hash=\"5bfe9a3cf758b10172ff07fba39cfeed\"\n                           data-key=\"twitter\"\n                           data-xs-href=\"https:\/\/twitter.com\/intent\/tweet?text=Le+Gouvernement+et+le+CPT+honorent+les+laur%C3%A9ats+nationaux+et+r%C3%A9affirment+la+priorit%C3%A9+accord%C3%A9e+%C3%A0+l%E2%80%99%C3%A9ducation+https%3A%2F%2Fvelipost.com%2Findex.php%3Frest_route%3D%252Fwp%252Fv2%252Fposts%252F4894&amp;original_referer=https%3A%2F%2Fvelipost.com%2Findex.php%3Frest_route%3D%252Fwp%252Fv2%252Fposts%252F4894&amp;related=xpeedstudio\">\n\n                            <div class=\"xs-social-icon\">\n                                <span class=\"met-social met-social-twitter\"><\/span>\n                            <\/div>\n\n\t\t\t\t\t\t\t\n                            <div class=\"wslu-hover-content\">\n                                <div class=\"xs-social-followers\">\n\t\t\t\t\t\t\t\t\t10                                <\/div>\n                                <div class=\"xs-social-follower-text\">\n\t\t\t\t\t\t\t\t\tShare                                <\/div>\n                                <div class=\"xs-social-follower-label\">\n\t\t\t\t\t\t\t\t\tTwitter                                <\/div>\n                            <\/div>\n                        <\/a>\n                    <\/li>\n\t\t\t\t\t                    <li class=\"xs-share-li telegram                        wslu-no-extra-data\">\n                        <a href=\"javascript:void(0);\"\n                           id=\"xs_feed_telegram\"\n                           onclick=\"xs_social_sharer(this);\"\n                           data-pid=\"4894\"\n                           data-uri_hash=\"5bfe9a3cf758b10172ff07fba39cfeed\"\n                           data-key=\"telegram\"\n                           data-xs-href=\"https:\/\/telegram.me\/share\/url?url=https%3A%2F%2Fvelipost.com%2Findex.php%3Frest_route%3D%252Fwp%252Fv2%252Fposts%252F4894&amp;text=Le+Gouvernement+et+le+CPT+honorent+les+laur%C3%A9ats+nationaux+et+r%C3%A9affirment+la+priorit%C3%A9+accord%C3%A9e+%C3%A0+l%E2%80%99%C3%A9ducation\">\n\n                            <div class=\"xs-social-icon\">\n                                <span class=\"met-social met-social-telegram\"><\/span>\n                            <\/div>\n\n\t\t\t\t\t\t\t\n                            <div class=\"wslu-hover-content\">\n                                <div class=\"xs-social-followers\">\n\t\t\t\t\t\t\t\t\t0                                <\/div>\n                                <div class=\"xs-social-follower-text\">\n\t\t\t\t\t\t\t\t\tShare                                <\/div>\n                                <div class=\"xs-social-follower-label\">\n\t\t\t\t\t\t\t\t\tTelegram                                <\/div>\n                            <\/div>\n                        <\/a>\n                    <\/li>\n\t\t\t\t\t                    <li class=\"xs-share-li email                        wslu-no-extra-data\">\n                        <a href=\"javascript:void(0);\"\n                           id=\"xs_feed_email\"\n                           onclick=\"xs_social_sharer(this);\"\n                           data-pid=\"4894\"\n                           data-uri_hash=\"5bfe9a3cf758b10172ff07fba39cfeed\"\n                           data-key=\"email\"\n                           data-xs-href=\"mailto:?body=Title%3A+Le+Gouvernement+et+le+CPT+honorent+les+laur%C3%A9ats+nationaux+et+r%C3%A9affirment+la+priorit%C3%A9+accord%C3%A9e+%C3%A0+l%E2%80%99%C3%A9ducation+%5Cn%5Cn+URL%3A+https%3A%2F%2Fvelipost.com%2Findex.php%3Frest_route%3D%252Fwp%252Fv2%252Fposts%252F4894&amp;subject=Le+Gouvernement+et+le+CPT+honorent+les+laur%C3%A9ats+nationaux+et+r%C3%A9affirment+la+priorit%C3%A9+accord%C3%A9e+%C3%A0+l%E2%80%99%C3%A9ducation\">\n\n                            <div class=\"xs-social-icon\">\n                                <span class=\"met-social met-social-email\"><\/span>\n                            <\/div>\n\n\t\t\t\t\t\t\t\n                            <div class=\"wslu-hover-content\">\n                                <div class=\"xs-social-followers\">\n\t\t\t\t\t\t\t\t\t0                                <\/div>\n                                <div class=\"xs-social-follower-text\">\n\t\t\t\t\t\t\t\t\tShare                                <\/div>\n                                <div class=\"xs-social-follower-label\">\n\t\t\t\t\t\t\t\t\tEmail                                <\/div>\n                            <\/div>\n                        <\/a>\n                    <\/li>\n\t\t\t\t\t        <\/ul>\n    <\/div> \n","protected":false},"excerpt":{"rendered":"<p>Le Gouvernement et le Conseil pr\u00e9sidentiel de transition (CPT) ont rendu un hommage officiel, ce vendredi 14 novembre 2025, aux laur\u00e9ats nationaux des examens<\/p>\n","protected":false},"author":1,"featured_media":4895,"comment_status":"open","ping_status":"open","sticky":false,"template":"","format":"standard","meta":{"_uag_custom_page_level_css":"","footnotes":"","jetpack_publicize_message":"","jetpack_publicize_feature_enabled":true,"jetpack_social_post_already_shared":true,"jetpack_social_options":{"image_generator_settings":{"template":"highway","default_image_id":0,"font":"","enabled":false},"version":2}},"categories":[260],"tags":[],"class_list":["post-4894","post","type-post","status-publish","format-standard","has-post-thumbnail","hentry","category-education"],"yoast_head":"<!-- This site is optimized with the Yoast SEO plugin v25.3.1 - https:\/\/yoast.com\/wordpress\/plugins\/seo\/ -->\n<title>Le Gouvernement et le CPT honorent les laur\u00e9ats nationaux et r\u00e9affirment la priorit\u00e9 accord\u00e9e \u00e0 l\u2019\u00e9ducation &#8211; VeliPost<\/title>\n<meta name=\"robots\" content=\"index, follow, max-snippet:-1, max-image-preview:large, max-video-preview:-1\" \/>\n<link rel=\"canonical\" href=\"https:\/\/velipost.com\/?p=4894\" \/>\n<meta property=\"og:locale\" content=\"fr_FR\" \/>\n<meta property=\"og:type\" content=\"article\" \/>\n<meta property=\"og:title\" content=\"Le Gouvernement et le CPT honorent les laur\u00e9ats nationaux et r\u00e9affirment la priorit\u00e9 accord\u00e9e \u00e0 l\u2019\u00e9ducation &#8211; VeliPost\" \/>\n<meta property=\"og:description\" content=\"Le Gouvernement et le Conseil pr\u00e9sidentiel de transition (CPT) ont rendu un hommage officiel, ce vendredi 14 novembre 2025, aux laur\u00e9ats nationaux des examens\" \/>\n<meta property=\"og:url\" content=\"https:\/\/velipost.com\/?p=4894\" \/>\n<meta property=\"og:site_name\" content=\"VeliPost\" \/>\n<meta property=\"article:publisher\" content=\"https:\/\/www.facebook.com\/veliposthaiti\" \/>\n<meta property=\"article:published_time\" content=\"2025-11-15T13:47:41+00:00\" \/>\n<meta property=\"article:modified_time\" content=\"2025-11-15T13:47:48+00:00\" \/>\n<meta property=\"og:image\" content=\"https:\/\/velipost.com\/wp-content\/uploads\/2025\/11\/Laureats-nationaux-25.jpg\" \/>\n\t<meta property=\"og:image:width\" content=\"1170\" \/>\n\t<meta property=\"og:image:height\" content=\"603\" \/>\n\t<meta property=\"og:image:type\" content=\"image\/jpeg\" \/>\n<meta name=\"author\" content=\"VeliPost\" \/>\n<meta name=\"twitter:card\" content=\"summary_large_image\" \/>\n<meta name=\"twitter:creator\" content=\"@veliposthaiti\" \/>\n<meta name=\"twitter:site\" content=\"@veliposthaiti\" \/>\n<meta name=\"twitter:label1\" content=\"\u00c9crit par\" \/>\n\t<meta name=\"twitter:data1\" content=\"VeliPost\" \/>\n\t<meta name=\"twitter:label2\" content=\"Dur\u00e9e de lecture estim\u00e9e\" \/>\n\t<meta name=\"twitter:data2\" content=\"3 minutes\" \/>\n<script type=\"application\/ld+json\" class=\"yoast-schema-graph\">{\"@context\":\"https:\/\/schema.org\",\"@graph\":[{\"@type\":\"Article\",\"@id\":\"https:\/\/velipost.com\/?p=4894#article\",\"isPartOf\":{\"@id\":\"https:\/\/velipost.com\/?p=4894\"},\"author\":{\"name\":\"VeliPost\",\"@id\":\"https:\/\/velipost.com\/#\/schema\/person\/32ff49a53c9c1bb24302ee8ece058096\"},\"headline\":\"Le Gouvernement et le CPT honorent les laur\u00e9ats nationaux et r\u00e9affirment la priorit\u00e9 accord\u00e9e \u00e0 l\u2019\u00e9ducation\",\"datePublished\":\"2025-11-15T13:47:41+00:00\",\"dateModified\":\"2025-11-15T13:47:48+00:00\",\"mainEntityOfPage\":{\"@id\":\"https:\/\/velipost.com\/?p=4894\"},\"wordCount\":494,\"commentCount\":0,\"publisher\":{\"@id\":\"https:\/\/velipost.com\/#organization\"},\"image\":{\"@id\":\"https:\/\/velipost.com\/?p=4894#primaryimage\"},\"thumbnailUrl\":\"https:\/\/velipost.com\/wp-content\/uploads\/2025\/11\/Laureats-nationaux-25.jpg\",\"articleSection\":[\"Education\"],\"inLanguage\":\"fr-FR\",\"potentialAction\":[{\"@type\":\"CommentAction\",\"name\":\"Comment\",\"target\":[\"https:\/\/velipost.com\/?p=4894#respond\"]}]},{\"@type\":\"WebPage\",\"@id\":\"https:\/\/velipost.com\/?p=4894\",\"url\":\"https:\/\/velipost.com\/?p=4894\",\"name\":\"Le Gouvernement et le CPT honorent les laur\u00e9ats nationaux et r\u00e9affirment la priorit\u00e9 accord\u00e9e \u00e0 l\u2019\u00e9ducation &#8211; VeliPost\",\"isPartOf\":{\"@id\":\"https:\/\/velipost.com\/#website\"},\"primaryImageOfPage\":{\"@id\":\"https:\/\/velipost.com\/?p=4894#primaryimage\"},\"image\":{\"@id\":\"https:\/\/velipost.com\/?p=4894#primaryimage\"},\"thumbnailUrl\":\"https:\/\/velipost.com\/wp-content\/uploads\/2025\/11\/Laureats-nationaux-25.jpg\",\"datePublished\":\"2025-11-15T13:47:41+00:00\",\"dateModified\":\"2025-11-15T13:47:48+00:00\",\"breadcrumb\":{\"@id\":\"https:\/\/velipost.com\/?p=4894#breadcrumb\"},\"inLanguage\":\"fr-FR\",\"potentialAction\":[{\"@type\":\"ReadAction\",\"target\":[\"https:\/\/velipost.com\/?p=4894\"]}]},{\"@type\":\"ImageObject\",\"inLanguage\":\"fr-FR\",\"@id\":\"https:\/\/velipost.com\/?p=4894#primaryimage\",\"url\":\"https:\/\/velipost.com\/wp-content\/uploads\/2025\/11\/Laureats-nationaux-25.jpg\",\"contentUrl\":\"https:\/\/velipost.com\/wp-content\/uploads\/2025\/11\/Laureats-nationaux-25.jpg\",\"width\":1170,\"height\":603},{\"@type\":\"BreadcrumbList\",\"@id\":\"https:\/\/velipost.com\/?p=4894#breadcrumb\",\"itemListElement\":[{\"@type\":\"ListItem\",\"position\":1,\"name\":\"Accueil\",\"item\":\"https:\/\/velipost.com\/\"},{\"@type\":\"ListItem\",\"position\":2,\"name\":\"Le Gouvernement et le CPT honorent les laur\u00e9ats nationaux et r\u00e9affirment la priorit\u00e9 accord\u00e9e \u00e0 l\u2019\u00e9ducation\"}]},{\"@type\":\"WebSite\",\"@id\":\"https:\/\/velipost.com\/#website\",\"url\":\"https:\/\/velipost.com\/\",\"name\":\"VeliPost\",\"description\":\"L\u2019info en un clic\",\"publisher\":{\"@id\":\"https:\/\/velipost.com\/#organization\"},\"potentialAction\":[{\"@type\":\"SearchAction\",\"target\":{\"@type\":\"EntryPoint\",\"urlTemplate\":\"https:\/\/velipost.com\/?s={search_term_string}\"},\"query-input\":{\"@type\":\"PropertyValueSpecification\",\"valueRequired\":true,\"valueName\":\"search_term_string\"}}],\"inLanguage\":\"fr-FR\"},{\"@type\":\"Organization\",\"@id\":\"https:\/\/velipost.com\/#organization\",\"name\":\"VeliPost\",\"url\":\"https:\/\/velipost.com\/\",\"logo\":{\"@type\":\"ImageObject\",\"inLanguage\":\"fr-FR\",\"@id\":\"https:\/\/velipost.com\/#\/schema\/logo\/image\/\",\"url\":\"https:\/\/velipost.com\/wp-content\/uploads\/2024\/08\/cropped-VP-logo-piti.png\",\"contentUrl\":\"https:\/\/velipost.com\/wp-content\/uploads\/2024\/08\/cropped-VP-logo-piti.png\",\"width\":201,\"height\":69,\"caption\":\"VeliPost\"},\"image\":{\"@id\":\"https:\/\/velipost.com\/#\/schema\/logo\/image\/\"},\"sameAs\":[\"https:\/\/www.facebook.com\/veliposthaiti\",\"https:\/\/x.com\/veliposthaiti\",\"https:\/\/www.instagram.com\/veliposthaiti\"]},{\"@type\":\"Person\",\"@id\":\"https:\/\/velipost.com\/#\/schema\/person\/32ff49a53c9c1bb24302ee8ece058096\",\"name\":\"VeliPost\",\"image\":{\"@type\":\"ImageObject\",\"inLanguage\":\"fr-FR\",\"@id\":\"https:\/\/velipost.com\/#\/schema\/person\/image\/\",\"url\":\"https:\/\/secure.gravatar.com\/avatar\/57c226c264de62f794185a89596d4a37b85a5ad20aca30d9d5a478b27d8c8d9d?s=96&d=mm&r=g\",\"contentUrl\":\"https:\/\/secure.gravatar.com\/avatar\/57c226c264de62f794185a89596d4a37b85a5ad20aca30d9d5a478b27d8c8d9d?s=96&d=mm&r=g\",\"caption\":\"VeliPost\"},\"sameAs\":[\"https:\/\/velipost.com\"],\"url\":\"https:\/\/velipost.com\/?author=1\"}]}<\/script>\n<!-- \/ Yoast SEO plugin. -->","yoast_head_json":{"title":"Le Gouvernement et le CPT honorent les laur\u00e9ats nationaux et r\u00e9affirment la priorit\u00e9 accord\u00e9e \u00e0 l\u2019\u00e9ducation &#8211; VeliPost","robots":{"index":"index","follow":"follow","max-snippet":"max-snippet:-1","max-image-preview":"max-image-preview:large","max-video-preview":"max-video-preview:-1"},"canonical":"https:\/\/velipost.com\/?p=4894","og_locale":"fr_FR","og_type":"article","og_title":"Le Gouvernement et le CPT honorent les laur\u00e9ats nationaux et r\u00e9affirment la priorit\u00e9 accord\u00e9e \u00e0 l\u2019\u00e9ducation &#8211; VeliPost","og_description":"Le Gouvernement et le Conseil pr\u00e9sidentiel de transition (CPT) ont rendu un hommage officiel, ce vendredi 14 novembre 2025, aux laur\u00e9ats nationaux des examens","og_url":"https:\/\/velipost.com\/?p=4894","og_site_name":"VeliPost","article_publisher":"https:\/\/www.facebook.com\/veliposthaiti","article_published_time":"2025-11-15T13:47:41+00:00","article_modified_time":"2025-11-15T13:47:48+00:00","og_image":[{"width":1170,"height":603,"url":"https:\/\/velipost.com\/wp-content\/uploads\/2025\/11\/Laureats-nationaux-25.jpg","type":"image\/jpeg"}],"author":"VeliPost","twitter_card":"summary_large_image","twitter_creator":"@veliposthaiti","twitter_site":"@veliposthaiti","twitter_misc":{"\u00c9crit par":"VeliPost","Dur\u00e9e de lecture estim\u00e9e":"3 minutes"},"schema":{"@context":"https:\/\/schema.org","@graph":[{"@type":"Article","@id":"https:\/\/velipost.com\/?p=4894#article","isPartOf":{"@id":"https:\/\/velipost.com\/?p=4894"},"author":{"name":"VeliPost","@id":"https:\/\/velipost.com\/#\/schema\/person\/32ff49a53c9c1bb24302ee8ece058096"},"headline":"Le Gouvernement et le CPT honorent les laur\u00e9ats nationaux et r\u00e9affirment la priorit\u00e9 accord\u00e9e \u00e0 l\u2019\u00e9ducation","datePublished":"2025-11-15T13:47:41+00:00","dateModified":"2025-11-15T13:47:48+00:00","mainEntityOfPage":{"@id":"https:\/\/velipost.com\/?p=4894"},"wordCount":494,"commentCount":0,"publisher":{"@id":"https:\/\/velipost.com\/#organization"},"image":{"@id":"https:\/\/velipost.com\/?p=4894#primaryimage"},"thumbnailUrl":"https:\/\/velipost.com\/wp-content\/uploads\/2025\/11\/Laureats-nationaux-25.jpg","articleSection":["Education"],"inLanguage":"fr-FR","potentialAction":[{"@type":"CommentAction","name":"Comment","target":["https:\/\/velipost.com\/?p=4894#respond"]}]},{"@type":"WebPage","@id":"https:\/\/velipost.com\/?p=4894","url":"https:\/\/velipost.com\/?p=4894","name":"Le Gouvernement et le CPT honorent les laur\u00e9ats nationaux et r\u00e9affirment la priorit\u00e9 accord\u00e9e \u00e0 l\u2019\u00e9ducation &#8211; VeliPost","isPartOf":{"@id":"https:\/\/velipost.com\/#website"},"primaryImageOfPage":{"@id":"https:\/\/velipost.com\/?p=4894#primaryimage"},"image":{"@id":"https:\/\/velipost.com\/?p=4894#primaryimage"},"thumbnailUrl":"https:\/\/velipost.com\/wp-content\/uploads\/2025\/11\/Laureats-nationaux-25.jpg","datePublished":"2025-11-15T13:47:41+00:00","dateModified":"2025-11-15T13:47:48+00:00","breadcrumb":{"@id":"https:\/\/velipost.com\/?p=4894#breadcrumb"},"inLanguage":"fr-FR","potentialAction":[{"@type":"ReadAction","target":["https:\/\/velipost.com\/?p=4894"]}]},{"@type":"ImageObject","inLanguage":"fr-FR","@id":"https:\/\/velipost.com\/?p=4894#primaryimage","url":"https:\/\/velipost.com\/wp-content\/uploads\/2025\/11\/Laureats-nationaux-25.jpg","contentUrl":"https:\/\/velipost.com\/wp-content\/uploads\/2025\/11\/Laureats-nationaux-25.jpg","width":1170,"height":603},{"@type":"BreadcrumbList","@id":"https:\/\/velipost.com\/?p=4894#breadcrumb","itemListElement":[{"@type":"ListItem","position":1,"name":"Accueil","item":"https:\/\/velipost.com\/"},{"@type":"ListItem","position":2,"name":"Le Gouvernement et le CPT honorent les laur\u00e9ats nationaux et r\u00e9affirment la priorit\u00e9 accord\u00e9e \u00e0 l\u2019\u00e9ducation"}]},{"@type":"WebSite","@id":"https:\/\/velipost.com\/#website","url":"https:\/\/velipost.com\/","name":"VeliPost","description":"L\u2019info en un clic","publisher":{"@id":"https:\/\/velipost.com\/#organization"},"potentialAction":[{"@type":"SearchAction","target":{"@type":"EntryPoint","urlTemplate":"https:\/\/velipost.com\/?s={search_term_string}"},"query-input":{"@type":"PropertyValueSpecification","valueRequired":true,"valueName":"search_term_string"}}],"inLanguage":"fr-FR"},{"@type":"Organization","@id":"https:\/\/velipost.com\/#organization","name":"VeliPost","url":"https:\/\/velipost.com\/","logo":{"@type":"ImageObject","inLanguage":"fr-FR","@id":"https:\/\/velipost.com\/#\/schema\/logo\/image\/","url":"https:\/\/velipost.com\/wp-content\/uploads\/2024\/08\/cropped-VP-logo-piti.png","contentUrl":"https:\/\/velipost.com\/wp-content\/uploads\/2024\/08\/cropped-VP-logo-piti.png","width":201,"height":69,"caption":"VeliPost"},"image":{"@id":"https:\/\/velipost.com\/#\/schema\/logo\/image\/"},"sameAs":["https:\/\/www.facebook.com\/veliposthaiti","https:\/\/x.com\/veliposthaiti","https:\/\/www.instagram.com\/veliposthaiti"]},{"@type":"Person","@id":"https:\/\/velipost.com\/#\/schema\/person\/32ff49a53c9c1bb24302ee8ece058096","name":"VeliPost","image":{"@type":"ImageObject","inLanguage":"fr-FR","@id":"https:\/\/velipost.com\/#\/schema\/person\/image\/","url":"https:\/\/secure.gravatar.com\/avatar\/57c226c264de62f794185a89596d4a37b85a5ad20aca30d9d5a478b27d8c8d9d?s=96&d=mm&r=g","contentUrl":"https:\/\/secure.gravatar.com\/avatar\/57c226c264de62f794185a89596d4a37b85a5ad20aca30d9d5a478b27d8c8d9d?s=96&d=mm&r=g","caption":"VeliPost"},"sameAs":["https:\/\/velipost.com"],"url":"https:\/\/velipost.com\/?author=1"}]}},"views":0,"jetpack_publicize_connections":[],"uagb_featured_image_src":{"full":["https:\/\/velipost.com\/wp-content\/uploads\/2025\/11\/Laureats-nationaux-25.jpg",1170,603,false],"thumbnail":["https:\/\/velipost.com\/wp-content\/uploads\/2025\/11\/Laureats-nationaux-25-150x150.jpg",150,150,true],"medium":["https:\/\/velipost.com\/wp-content\/uploads\/2025\/11\/Laureats-nationaux-25-300x155.jpg",300,155,true],"medium_large":["https:\/\/velipost.com\/wp-content\/uploads\/2025\/11\/Laureats-nationaux-25-768x396.jpg",715,369,true],"large":["https:\/\/velipost.com\/wp-content\/uploads\/2025\/11\/Laureats-nationaux-25-1024x528.jpg",715,369,true],"1536x1536":["https:\/\/velipost.com\/wp-content\/uploads\/2025\/11\/Laureats-nationaux-25.jpg",1170,603,false],"2048x2048":["https:\/\/velipost.com\/wp-content\/uploads\/2025\/11\/Laureats-nationaux-25.jpg",1170,603,false],"colornews-big-slider":["https:\/\/velipost.com\/wp-content\/uploads\/2025\/11\/Laureats-nationaux-25-1070x470.jpg",1070,470,true],"colornews-big-slider-thumb":["https:\/\/velipost.com\/wp-content\/uploads\/2025\/11\/Laureats-nationaux-25-184x109.jpg",184,109,true],"colornews-featured-post-medium":["https:\/\/velipost.com\/wp-content\/uploads\/2025\/11\/Laureats-nationaux-25-345x265.jpg",345,265,true],"colornews-featured-post-small":["https:\/\/velipost.com\/wp-content\/uploads\/2025\/11\/Laureats-nationaux-25-115x73.jpg",115,73,true],"colornews-random-posts":["https:\/\/velipost.com\/wp-content\/uploads\/2025\/11\/Laureats-nationaux-25-215x215.jpg",215,215,true],"colornews-featured-image":["https:\/\/velipost.com\/wp-content\/uploads\/2025\/11\/Laureats-nationaux-25-715x400.jpg",715,400,true],"mailpoet_newsletter_max":["https:\/\/velipost.com\/wp-content\/uploads\/2025\/11\/Laureats-nationaux-25.jpg",1170,603,false]},"uagb_author_info":{"display_name":"VeliPost","author_link":"https:\/\/velipost.com\/?author=1"},"uagb_comment_info":0,"uagb_excerpt":"Le Gouvernement et le Conseil pr\u00e9sidentiel de transition (CPT) ont rendu un hommage officiel, ce vendredi 14 novembre 2025, aux laur\u00e9ats nationaux des examens","_links":{"self":[{"href":"https:\/\/velipost.com\/index.php?rest_route=\/wp\/v2\/posts\/4894","targetHints":{"allow":["GET"]}}],"collection":[{"href":"https:\/\/velipost.com\/index.php?rest_route=\/wp\/v2\/posts"}],"about":[{"href":"https:\/\/velipost.com\/index.php?rest_route=\/wp\/v2\/types\/post"}],"author":[{"embeddable":true,"href":"https:\/\/velipost.com\/index.php?rest_route=\/wp\/v2\/users\/1"}],"replies":[{"embeddable":true,"href":"https:\/\/velipost.com\/index.php?rest_route=%2Fwp%2Fv2%2Fcomments&post=4894"}],"version-history":[{"count":1,"href":"https:\/\/velipost.com\/index.php?rest_route=\/wp\/v2\/posts\/4894\/revisions"}],"predecessor-version":[{"id":4896,"href":"https:\/\/velipost.com\/index.php?rest_route=\/wp\/v2\/posts\/4894\/revisions\/4896"}],"wp:featuredmedia":[{"embeddable":true,"href":"https:\/\/velipost.com\/index.php?rest_route=\/wp\/v2\/media\/4895"}],"wp:attachment":[{"href":"https:\/\/velipost.com\/index.php?rest_route=%2Fwp%2Fv2%2Fmedia&parent=4894"}],"wp:term":[{"taxonomy":"category","embeddable":true,"href":"https:\/\/velipost.com\/index.php?rest_route=%2Fwp%2Fv2%2Fcategories&post=4894"},{"taxonomy":"post_tag","embeddable":true,"href":"https:\/\/velipost.com\/index.php?rest_route=%2Fwp%2Fv2%2Ftags&post=4894"}],"curies":[{"name":"wp","href":"https:\/\/api.w.org\/{rel}","templated":true}]}}