{"id":4870,"date":"2025-11-13T01:29:47","date_gmt":"2025-11-13T00:29:47","guid":{"rendered":"https:\/\/velipost.com\/?p=4870"},"modified":"2025-11-13T01:29:50","modified_gmt":"2025-11-13T00:29:50","slug":"haiti-et-la-france-unissent-leurs-forces-pour-la-securite-nationale","status":"publish","type":"post","link":"https:\/\/velipost.com\/?p=4870","title":{"rendered":"Ha\u00efti et la France unissent leurs forces pour la s\u00e9curit\u00e9 nationale"},"content":{"rendered":"\n<p>\u00c0 l\u2019occasion du Sommet CELAC\u2013Union europ\u00e9enne, le ministre ha\u00eftien des Affaires \u00e9trang\u00e8res, Harvel Jean-Baptiste, a conclu un accord strat\u00e9gique majeur avec la France, marquant une \u00e9tape d\u00e9cisive dans la relance de la coop\u00e9ration bilat\u00e9rale entre les deux pays. Ce partenariat ambitieux place la s\u00e9curit\u00e9 nationale au c\u0153ur des engagements communs et illustre la volont\u00e9 d\u2019Ha\u00efti de renforcer sa capacit\u00e9 d\u2019action sur la sc\u00e8ne internationale.<\/p>\n\n\n\n<p>Lors d\u2019un entretien diplomatique avec le ministre fran\u00e7ais Jean-No\u00ebl Barrot, le chef de la diplomatie ha\u00eftienne s\u2019est illustr\u00e9 par une n\u00e9gociation ferme et \u00e9quilibr\u00e9e, d\u00e9fendant avec conviction les priorit\u00e9s du gouvernement. Sa posture, fond\u00e9e sur le respect mutuel et la souverainet\u00e9 nationale, a impressionn\u00e9 ses interlocuteurs fran\u00e7ais, t\u00e9moignant du renouveau d\u2019une diplomatie ha\u00eftienne s\u00fbre d\u2019elle, strat\u00e9gique et orient\u00e9e vers les r\u00e9sultats.<\/p>\n\n\n\n<p>L\u2019accord sign\u00e9 comprend plusieurs volets essentiels, parmi lesquels la modernisation des \u00e9quipements de la Police nationale d\u2019Ha\u00efti (PNH), la formation sp\u00e9cialis\u00e9e des agents, ainsi qu\u2019un programme d\u2019assistance technique et de coop\u00e9ration en gestion de crise. Ces initiatives visent \u00e0 accro\u00eetre l\u2019efficacit\u00e9 op\u00e9rationnelle des institutions de s\u00e9curit\u00e9 et \u00e0 consolider la stabilit\u00e9 int\u00e9rieure du pays.<\/p>\n\n\n\n<p>Selon des informations issues de la Primature, le Premier ministre Alix Didier Fils Aim\u00e9 aurait salu\u00e9 cet engagement et s\u2019appr\u00eaterait \u00e0 d\u00e9voiler une s\u00e9rie de mesures concr\u00e8tes d\u00e9coulant de l\u2019accord, notamment en mati\u00e8re d\u2019acquisition de mat\u00e9riel et d\u2019appui logistique \u00e0 la PNH. Cette d\u00e9marche s\u2019inscrit dans la strat\u00e9gie du gouvernement consistant \u00e0 b\u00e2tir des partenariats solides pour redonner \u00e0 Ha\u00efti sa place l\u00e9gitime parmi les nations agissantes.<\/p>\n\n\n\n<p>Mais au-del\u00e0 du cadre purement technique, cet accord symbolise une vision renouvel\u00e9e de la diplomatie ha\u00eftienne : celle d\u2019un \u00c9tat qui croit \u00e0 la puissance du dialogue, \u00e0 la coop\u00e9ration \u00e9quilibr\u00e9e et \u00e0 la d\u00e9fense de sa dignit\u00e9 nationale. En scellant ce partenariat avec la France, Ha\u00efti affirme qu\u2019elle ne subit plus les \u00e9v\u00e9nements, mais choisit de se reconstruire, de se renforcer et de se faire respecter.<\/p>\n\n\n\n<p>\u00c0 Santa Marta, la d\u00e9l\u00e9gation ha\u00eftienne ne s\u2019est pas content\u00e9e d\u2019assister au Sommet CELAC\u2013UE : elle a port\u00e9 haut la voix d\u2019un pays debout, d\u00e9cid\u00e9 \u00e0 tracer son propre chemin vers la s\u00e9curit\u00e9, la stabilit\u00e9 et le progr\u00e8s durable.<\/p>\n\n    <div class=\"xs_social_share_widget xs_share_url after_content \t\tmain_content  wslu-style-3 wslu-share-box-shaped wslu-fill-brand-hover-colored wslu-share-m-5 wslu-none wslu-share-horizontal wslu-theme-font-no wslu-main_content\">\n\n\t\t\n        <ul>\n\t\t\t                    <li class=\"xs-share-li twitter                        wslu-no-extra-data\">\n                        <a href=\"javascript:void(0);\"\n                           id=\"xs_feed_twitter\"\n                           onclick=\"xs_social_sharer(this);\"\n                           data-pid=\"4870\"\n                           data-uri_hash=\"d0a7ca3376791ad7dcd323589f2ffe07\"\n                           data-key=\"twitter\"\n                           data-xs-href=\"https:\/\/twitter.com\/intent\/tweet?text=Ha%C3%AFti+et+la+France+unissent+leurs+forces+pour+la+s%C3%A9curit%C3%A9+nationale+https%3A%2F%2Fvelipost.com%2Findex.php%3Frest_route%3D%252Fwp%252Fv2%252Fposts%252F4870&amp;original_referer=https%3A%2F%2Fvelipost.com%2Findex.php%3Frest_route%3D%252Fwp%252Fv2%252Fposts%252F4870&amp;related=xpeedstudio\">\n\n                            <div class=\"xs-social-icon\">\n                                <span class=\"met-social met-social-twitter\"><\/span>\n                            <\/div>\n\n\t\t\t\t\t\t\t\n                            <div class=\"wslu-hover-content\">\n                                <div class=\"xs-social-followers\">\n\t\t\t\t\t\t\t\t\t10                                <\/div>\n                                <div class=\"xs-social-follower-text\">\n\t\t\t\t\t\t\t\t\tShare                                <\/div>\n                                <div class=\"xs-social-follower-label\">\n\t\t\t\t\t\t\t\t\tTwitter                                <\/div>\n                            <\/div>\n                        <\/a>\n                    <\/li>\n\t\t\t\t\t                    <li class=\"xs-share-li telegram                        wslu-no-extra-data\">\n                        <a href=\"javascript:void(0);\"\n                           id=\"xs_feed_telegram\"\n                           onclick=\"xs_social_sharer(this);\"\n                           data-pid=\"4870\"\n                           data-uri_hash=\"d0a7ca3376791ad7dcd323589f2ffe07\"\n                           data-key=\"telegram\"\n                           data-xs-href=\"https:\/\/telegram.me\/share\/url?url=https%3A%2F%2Fvelipost.com%2Findex.php%3Frest_route%3D%252Fwp%252Fv2%252Fposts%252F4870&amp;text=Ha%C3%AFti+et+la+France+unissent+leurs+forces+pour+la+s%C3%A9curit%C3%A9+nationale\">\n\n                            <div class=\"xs-social-icon\">\n                                <span class=\"met-social met-social-telegram\"><\/span>\n                            <\/div>\n\n\t\t\t\t\t\t\t\n                            <div class=\"wslu-hover-content\">\n                                <div class=\"xs-social-followers\">\n\t\t\t\t\t\t\t\t\t0                                <\/div>\n                                <div class=\"xs-social-follower-text\">\n\t\t\t\t\t\t\t\t\tShare                                <\/div>\n                                <div class=\"xs-social-follower-label\">\n\t\t\t\t\t\t\t\t\tTelegram                                <\/div>\n                            <\/div>\n                        <\/a>\n                    <\/li>\n\t\t\t\t\t                    <li class=\"xs-share-li email                        wslu-no-extra-data\">\n                        <a href=\"javascript:void(0);\"\n                           id=\"xs_feed_email\"\n                           onclick=\"xs_social_sharer(this);\"\n                           data-pid=\"4870\"\n                           data-uri_hash=\"d0a7ca3376791ad7dcd323589f2ffe07\"\n                           data-key=\"email\"\n                           data-xs-href=\"mailto:?body=Title%3A+Ha%C3%AFti+et+la+France+unissent+leurs+forces+pour+la+s%C3%A9curit%C3%A9+nationale+%5Cn%5Cn+URL%3A+https%3A%2F%2Fvelipost.com%2Findex.php%3Frest_route%3D%252Fwp%252Fv2%252Fposts%252F4870&amp;subject=Ha%C3%AFti+et+la+France+unissent+leurs+forces+pour+la+s%C3%A9curit%C3%A9+nationale\">\n\n                            <div class=\"xs-social-icon\">\n                                <span class=\"met-social met-social-email\"><\/span>\n                            <\/div>\n\n\t\t\t\t\t\t\t\n                            <div class=\"wslu-hover-content\">\n                                <div class=\"xs-social-followers\">\n\t\t\t\t\t\t\t\t\t0                                <\/div>\n                                <div class=\"xs-social-follower-text\">\n\t\t\t\t\t\t\t\t\tShare                                <\/div>\n                                <div class=\"xs-social-follower-label\">\n\t\t\t\t\t\t\t\t\tEmail                                <\/div>\n                            <\/div>\n                        <\/a>\n                    <\/li>\n\t\t\t\t\t        <\/ul>\n    <\/div> \n","protected":false},"excerpt":{"rendered":"<p>\u00c0 l\u2019occasion du Sommet CELAC\u2013Union europ\u00e9enne, le ministre ha\u00eftien des Affaires \u00e9trang\u00e8res, Harvel Jean-Baptiste, a conclu un accord strat\u00e9gique majeur avec la France, marquant<\/p>\n","protected":false},"author":1,"featured_media":4871,"comment_status":"open","ping_status":"open","sticky":false,"template":"","format":"standard","meta":{"_uag_custom_page_level_css":"","footnotes":"","jetpack_publicize_message":"","jetpack_publicize_feature_enabled":true,"jetpack_social_post_already_shared":true,"jetpack_social_options":{"image_generator_settings":{"template":"highway","default_image_id":0,"font":"","enabled":false},"version":2}},"categories":[258],"tags":[],"class_list":["post-4870","post","type-post","status-publish","format-standard","has-post-thumbnail","hentry","category-diplomatie"],"yoast_head":"<!-- This site is optimized with the Yoast SEO plugin v25.3.1 - https:\/\/yoast.com\/wordpress\/plugins\/seo\/ -->\n<title>Ha\u00efti et la France unissent leurs forces pour la s\u00e9curit\u00e9 nationale &#8211; VeliPost<\/title>\n<meta name=\"robots\" content=\"index, follow, max-snippet:-1, max-image-preview:large, max-video-preview:-1\" \/>\n<link rel=\"canonical\" href=\"https:\/\/velipost.com\/?p=4870\" \/>\n<meta property=\"og:locale\" content=\"fr_FR\" \/>\n<meta property=\"og:type\" content=\"article\" \/>\n<meta property=\"og:title\" content=\"Ha\u00efti et la France unissent leurs forces pour la s\u00e9curit\u00e9 nationale &#8211; VeliPost\" \/>\n<meta property=\"og:description\" content=\"\u00c0 l\u2019occasion du Sommet CELAC\u2013Union europ\u00e9enne, le ministre ha\u00eftien des Affaires \u00e9trang\u00e8res, Harvel Jean-Baptiste, a conclu un accord strat\u00e9gique majeur avec la France, marquant\" \/>\n<meta property=\"og:url\" content=\"https:\/\/velipost.com\/?p=4870\" \/>\n<meta property=\"og:site_name\" content=\"VeliPost\" \/>\n<meta property=\"article:publisher\" content=\"https:\/\/www.facebook.com\/veliposthaiti\" \/>\n<meta property=\"article:published_time\" content=\"2025-11-13T00:29:47+00:00\" \/>\n<meta property=\"article:modified_time\" content=\"2025-11-13T00:29:50+00:00\" \/>\n<meta property=\"og:image\" content=\"https:\/\/velipost.com\/wp-content\/uploads\/2025\/11\/Harvel-Jean-Baptiste.jpg\" \/>\n\t<meta property=\"og:image:width\" content=\"1170\" \/>\n\t<meta property=\"og:image:height\" content=\"603\" \/>\n\t<meta property=\"og:image:type\" content=\"image\/jpeg\" \/>\n<meta name=\"author\" content=\"VeliPost\" \/>\n<meta name=\"twitter:card\" content=\"summary_large_image\" \/>\n<meta name=\"twitter:creator\" content=\"@veliposthaiti\" \/>\n<meta name=\"twitter:site\" content=\"@veliposthaiti\" \/>\n<meta name=\"twitter:label1\" content=\"\u00c9crit par\" \/>\n\t<meta name=\"twitter:data1\" content=\"VeliPost\" \/>\n\t<meta name=\"twitter:label2\" content=\"Dur\u00e9e de lecture estim\u00e9e\" \/>\n\t<meta name=\"twitter:data2\" content=\"2 minutes\" \/>\n<script type=\"application\/ld+json\" class=\"yoast-schema-graph\">{\"@context\":\"https:\/\/schema.org\",\"@graph\":[{\"@type\":\"Article\",\"@id\":\"https:\/\/velipost.com\/?p=4870#article\",\"isPartOf\":{\"@id\":\"https:\/\/velipost.com\/?p=4870\"},\"author\":{\"name\":\"VeliPost\",\"@id\":\"https:\/\/velipost.com\/#\/schema\/person\/32ff49a53c9c1bb24302ee8ece058096\"},\"headline\":\"Ha\u00efti et la France unissent leurs forces pour la s\u00e9curit\u00e9 nationale\",\"datePublished\":\"2025-11-13T00:29:47+00:00\",\"dateModified\":\"2025-11-13T00:29:50+00:00\",\"mainEntityOfPage\":{\"@id\":\"https:\/\/velipost.com\/?p=4870\"},\"wordCount\":435,\"commentCount\":0,\"publisher\":{\"@id\":\"https:\/\/velipost.com\/#organization\"},\"image\":{\"@id\":\"https:\/\/velipost.com\/?p=4870#primaryimage\"},\"thumbnailUrl\":\"https:\/\/velipost.com\/wp-content\/uploads\/2025\/11\/Harvel-Jean-Baptiste.jpg\",\"articleSection\":[\"Diplomatie\"],\"inLanguage\":\"fr-FR\",\"potentialAction\":[{\"@type\":\"CommentAction\",\"name\":\"Comment\",\"target\":[\"https:\/\/velipost.com\/?p=4870#respond\"]}]},{\"@type\":\"WebPage\",\"@id\":\"https:\/\/velipost.com\/?p=4870\",\"url\":\"https:\/\/velipost.com\/?p=4870\",\"name\":\"Ha\u00efti et la France unissent leurs forces pour la s\u00e9curit\u00e9 nationale &#8211; VeliPost\",\"isPartOf\":{\"@id\":\"https:\/\/velipost.com\/#website\"},\"primaryImageOfPage\":{\"@id\":\"https:\/\/velipost.com\/?p=4870#primaryimage\"},\"image\":{\"@id\":\"https:\/\/velipost.com\/?p=4870#primaryimage\"},\"thumbnailUrl\":\"https:\/\/velipost.com\/wp-content\/uploads\/2025\/11\/Harvel-Jean-Baptiste.jpg\",\"datePublished\":\"2025-11-13T00:29:47+00:00\",\"dateModified\":\"2025-11-13T00:29:50+00:00\",\"breadcrumb\":{\"@id\":\"https:\/\/velipost.com\/?p=4870#breadcrumb\"},\"inLanguage\":\"fr-FR\",\"potentialAction\":[{\"@type\":\"ReadAction\",\"target\":[\"https:\/\/velipost.com\/?p=4870\"]}]},{\"@type\":\"ImageObject\",\"inLanguage\":\"fr-FR\",\"@id\":\"https:\/\/velipost.com\/?p=4870#primaryimage\",\"url\":\"https:\/\/velipost.com\/wp-content\/uploads\/2025\/11\/Harvel-Jean-Baptiste.jpg\",\"contentUrl\":\"https:\/\/velipost.com\/wp-content\/uploads\/2025\/11\/Harvel-Jean-Baptiste.jpg\",\"width\":1170,\"height\":603},{\"@type\":\"BreadcrumbList\",\"@id\":\"https:\/\/velipost.com\/?p=4870#breadcrumb\",\"itemListElement\":[{\"@type\":\"ListItem\",\"position\":1,\"name\":\"Accueil\",\"item\":\"https:\/\/velipost.com\/\"},{\"@type\":\"ListItem\",\"position\":2,\"name\":\"Ha\u00efti et la France unissent leurs forces pour la s\u00e9curit\u00e9 nationale\"}]},{\"@type\":\"WebSite\",\"@id\":\"https:\/\/velipost.com\/#website\",\"url\":\"https:\/\/velipost.com\/\",\"name\":\"VeliPost\",\"description\":\"L\u2019info en un clic\",\"publisher\":{\"@id\":\"https:\/\/velipost.com\/#organization\"},\"potentialAction\":[{\"@type\":\"SearchAction\",\"target\":{\"@type\":\"EntryPoint\",\"urlTemplate\":\"https:\/\/velipost.com\/?s={search_term_string}\"},\"query-input\":{\"@type\":\"PropertyValueSpecification\",\"valueRequired\":true,\"valueName\":\"search_term_string\"}}],\"inLanguage\":\"fr-FR\"},{\"@type\":\"Organization\",\"@id\":\"https:\/\/velipost.com\/#organization\",\"name\":\"VeliPost\",\"url\":\"https:\/\/velipost.com\/\",\"logo\":{\"@type\":\"ImageObject\",\"inLanguage\":\"fr-FR\",\"@id\":\"https:\/\/velipost.com\/#\/schema\/logo\/image\/\",\"url\":\"https:\/\/velipost.com\/wp-content\/uploads\/2024\/08\/cropped-VP-logo-piti.png\",\"contentUrl\":\"https:\/\/velipost.com\/wp-content\/uploads\/2024\/08\/cropped-VP-logo-piti.png\",\"width\":201,\"height\":69,\"caption\":\"VeliPost\"},\"image\":{\"@id\":\"https:\/\/velipost.com\/#\/schema\/logo\/image\/\"},\"sameAs\":[\"https:\/\/www.facebook.com\/veliposthaiti\",\"https:\/\/x.com\/veliposthaiti\",\"https:\/\/www.instagram.com\/veliposthaiti\"]},{\"@type\":\"Person\",\"@id\":\"https:\/\/velipost.com\/#\/schema\/person\/32ff49a53c9c1bb24302ee8ece058096\",\"name\":\"VeliPost\",\"image\":{\"@type\":\"ImageObject\",\"inLanguage\":\"fr-FR\",\"@id\":\"https:\/\/velipost.com\/#\/schema\/person\/image\/\",\"url\":\"https:\/\/secure.gravatar.com\/avatar\/57c226c264de62f794185a89596d4a37b85a5ad20aca30d9d5a478b27d8c8d9d?s=96&d=mm&r=g\",\"contentUrl\":\"https:\/\/secure.gravatar.com\/avatar\/57c226c264de62f794185a89596d4a37b85a5ad20aca30d9d5a478b27d8c8d9d?s=96&d=mm&r=g\",\"caption\":\"VeliPost\"},\"sameAs\":[\"https:\/\/velipost.com\"],\"url\":\"https:\/\/velipost.com\/?author=1\"}]}<\/script>\n<!-- \/ Yoast SEO plugin. -->","yoast_head_json":{"title":"Ha\u00efti et la France unissent leurs forces pour la s\u00e9curit\u00e9 nationale &#8211; VeliPost","robots":{"index":"index","follow":"follow","max-snippet":"max-snippet:-1","max-image-preview":"max-image-preview:large","max-video-preview":"max-video-preview:-1"},"canonical":"https:\/\/velipost.com\/?p=4870","og_locale":"fr_FR","og_type":"article","og_title":"Ha\u00efti et la France unissent leurs forces pour la s\u00e9curit\u00e9 nationale &#8211; VeliPost","og_description":"\u00c0 l\u2019occasion du Sommet CELAC\u2013Union europ\u00e9enne, le ministre ha\u00eftien des Affaires \u00e9trang\u00e8res, Harvel Jean-Baptiste, a conclu un accord strat\u00e9gique majeur avec la France, marquant","og_url":"https:\/\/velipost.com\/?p=4870","og_site_name":"VeliPost","article_publisher":"https:\/\/www.facebook.com\/veliposthaiti","article_published_time":"2025-11-13T00:29:47+00:00","article_modified_time":"2025-11-13T00:29:50+00:00","og_image":[{"width":1170,"height":603,"url":"https:\/\/velipost.com\/wp-content\/uploads\/2025\/11\/Harvel-Jean-Baptiste.jpg","type":"image\/jpeg"}],"author":"VeliPost","twitter_card":"summary_large_image","twitter_creator":"@veliposthaiti","twitter_site":"@veliposthaiti","twitter_misc":{"\u00c9crit par":"VeliPost","Dur\u00e9e de lecture estim\u00e9e":"2 minutes"},"schema":{"@context":"https:\/\/schema.org","@graph":[{"@type":"Article","@id":"https:\/\/velipost.com\/?p=4870#article","isPartOf":{"@id":"https:\/\/velipost.com\/?p=4870"},"author":{"name":"VeliPost","@id":"https:\/\/velipost.com\/#\/schema\/person\/32ff49a53c9c1bb24302ee8ece058096"},"headline":"Ha\u00efti et la France unissent leurs forces pour la s\u00e9curit\u00e9 nationale","datePublished":"2025-11-13T00:29:47+00:00","dateModified":"2025-11-13T00:29:50+00:00","mainEntityOfPage":{"@id":"https:\/\/velipost.com\/?p=4870"},"wordCount":435,"commentCount":0,"publisher":{"@id":"https:\/\/velipost.com\/#organization"},"image":{"@id":"https:\/\/velipost.com\/?p=4870#primaryimage"},"thumbnailUrl":"https:\/\/velipost.com\/wp-content\/uploads\/2025\/11\/Harvel-Jean-Baptiste.jpg","articleSection":["Diplomatie"],"inLanguage":"fr-FR","potentialAction":[{"@type":"CommentAction","name":"Comment","target":["https:\/\/velipost.com\/?p=4870#respond"]}]},{"@type":"WebPage","@id":"https:\/\/velipost.com\/?p=4870","url":"https:\/\/velipost.com\/?p=4870","name":"Ha\u00efti et la France unissent leurs forces pour la s\u00e9curit\u00e9 nationale &#8211; VeliPost","isPartOf":{"@id":"https:\/\/velipost.com\/#website"},"primaryImageOfPage":{"@id":"https:\/\/velipost.com\/?p=4870#primaryimage"},"image":{"@id":"https:\/\/velipost.com\/?p=4870#primaryimage"},"thumbnailUrl":"https:\/\/velipost.com\/wp-content\/uploads\/2025\/11\/Harvel-Jean-Baptiste.jpg","datePublished":"2025-11-13T00:29:47+00:00","dateModified":"2025-11-13T00:29:50+00:00","breadcrumb":{"@id":"https:\/\/velipost.com\/?p=4870#breadcrumb"},"inLanguage":"fr-FR","potentialAction":[{"@type":"ReadAction","target":["https:\/\/velipost.com\/?p=4870"]}]},{"@type":"ImageObject","inLanguage":"fr-FR","@id":"https:\/\/velipost.com\/?p=4870#primaryimage","url":"https:\/\/velipost.com\/wp-content\/uploads\/2025\/11\/Harvel-Jean-Baptiste.jpg","contentUrl":"https:\/\/velipost.com\/wp-content\/uploads\/2025\/11\/Harvel-Jean-Baptiste.jpg","width":1170,"height":603},{"@type":"BreadcrumbList","@id":"https:\/\/velipost.com\/?p=4870#breadcrumb","itemListElement":[{"@type":"ListItem","position":1,"name":"Accueil","item":"https:\/\/velipost.com\/"},{"@type":"ListItem","position":2,"name":"Ha\u00efti et la France unissent leurs forces pour la s\u00e9curit\u00e9 nationale"}]},{"@type":"WebSite","@id":"https:\/\/velipost.com\/#website","url":"https:\/\/velipost.com\/","name":"VeliPost","description":"L\u2019info en un clic","publisher":{"@id":"https:\/\/velipost.com\/#organization"},"potentialAction":[{"@type":"SearchAction","target":{"@type":"EntryPoint","urlTemplate":"https:\/\/velipost.com\/?s={search_term_string}"},"query-input":{"@type":"PropertyValueSpecification","valueRequired":true,"valueName":"search_term_string"}}],"inLanguage":"fr-FR"},{"@type":"Organization","@id":"https:\/\/velipost.com\/#organization","name":"VeliPost","url":"https:\/\/velipost.com\/","logo":{"@type":"ImageObject","inLanguage":"fr-FR","@id":"https:\/\/velipost.com\/#\/schema\/logo\/image\/","url":"https:\/\/velipost.com\/wp-content\/uploads\/2024\/08\/cropped-VP-logo-piti.png","contentUrl":"https:\/\/velipost.com\/wp-content\/uploads\/2024\/08\/cropped-VP-logo-piti.png","width":201,"height":69,"caption":"VeliPost"},"image":{"@id":"https:\/\/velipost.com\/#\/schema\/logo\/image\/"},"sameAs":["https:\/\/www.facebook.com\/veliposthaiti","https:\/\/x.com\/veliposthaiti","https:\/\/www.instagram.com\/veliposthaiti"]},{"@type":"Person","@id":"https:\/\/velipost.com\/#\/schema\/person\/32ff49a53c9c1bb24302ee8ece058096","name":"VeliPost","image":{"@type":"ImageObject","inLanguage":"fr-FR","@id":"https:\/\/velipost.com\/#\/schema\/person\/image\/","url":"https:\/\/secure.gravatar.com\/avatar\/57c226c264de62f794185a89596d4a37b85a5ad20aca30d9d5a478b27d8c8d9d?s=96&d=mm&r=g","contentUrl":"https:\/\/secure.gravatar.com\/avatar\/57c226c264de62f794185a89596d4a37b85a5ad20aca30d9d5a478b27d8c8d9d?s=96&d=mm&r=g","caption":"VeliPost"},"sameAs":["https:\/\/velipost.com"],"url":"https:\/\/velipost.com\/?author=1"}]}},"views":0,"jetpack_publicize_connections":[],"uagb_featured_image_src":{"full":["https:\/\/velipost.com\/wp-content\/uploads\/2025\/11\/Harvel-Jean-Baptiste.jpg",1170,603,false],"thumbnail":["https:\/\/velipost.com\/wp-content\/uploads\/2025\/11\/Harvel-Jean-Baptiste-150x150.jpg",150,150,true],"medium":["https:\/\/velipost.com\/wp-content\/uploads\/2025\/11\/Harvel-Jean-Baptiste-300x155.jpg",300,155,true],"medium_large":["https:\/\/velipost.com\/wp-content\/uploads\/2025\/11\/Harvel-Jean-Baptiste-768x396.jpg",715,369,true],"large":["https:\/\/velipost.com\/wp-content\/uploads\/2025\/11\/Harvel-Jean-Baptiste-1024x528.jpg",715,369,true],"1536x1536":["https:\/\/velipost.com\/wp-content\/uploads\/2025\/11\/Harvel-Jean-Baptiste.jpg",1170,603,false],"2048x2048":["https:\/\/velipost.com\/wp-content\/uploads\/2025\/11\/Harvel-Jean-Baptiste.jpg",1170,603,false],"colornews-big-slider":["https:\/\/velipost.com\/wp-content\/uploads\/2025\/11\/Harvel-Jean-Baptiste-1070x470.jpg",1070,470,true],"colornews-big-slider-thumb":["https:\/\/velipost.com\/wp-content\/uploads\/2025\/11\/Harvel-Jean-Baptiste-184x109.jpg",184,109,true],"colornews-featured-post-medium":["https:\/\/velipost.com\/wp-content\/uploads\/2025\/11\/Harvel-Jean-Baptiste-345x265.jpg",345,265,true],"colornews-featured-post-small":["https:\/\/velipost.com\/wp-content\/uploads\/2025\/11\/Harvel-Jean-Baptiste-115x73.jpg",115,73,true],"colornews-random-posts":["https:\/\/velipost.com\/wp-content\/uploads\/2025\/11\/Harvel-Jean-Baptiste-215x215.jpg",215,215,true],"colornews-featured-image":["https:\/\/velipost.com\/wp-content\/uploads\/2025\/11\/Harvel-Jean-Baptiste-715x400.jpg",715,400,true],"mailpoet_newsletter_max":["https:\/\/velipost.com\/wp-content\/uploads\/2025\/11\/Harvel-Jean-Baptiste.jpg",1170,603,false]},"uagb_author_info":{"display_name":"VeliPost","author_link":"https:\/\/velipost.com\/?author=1"},"uagb_comment_info":0,"uagb_excerpt":"\u00c0 l\u2019occasion du Sommet CELAC\u2013Union europ\u00e9enne, le ministre ha\u00eftien des Affaires \u00e9trang\u00e8res, Harvel Jean-Baptiste, a conclu un accord strat\u00e9gique majeur avec la France, marquant","_links":{"self":[{"href":"https:\/\/velipost.com\/index.php?rest_route=\/wp\/v2\/posts\/4870","targetHints":{"allow":["GET"]}}],"collection":[{"href":"https:\/\/velipost.com\/index.php?rest_route=\/wp\/v2\/posts"}],"about":[{"href":"https:\/\/velipost.com\/index.php?rest_route=\/wp\/v2\/types\/post"}],"author":[{"embeddable":true,"href":"https:\/\/velipost.com\/index.php?rest_route=\/wp\/v2\/users\/1"}],"replies":[{"embeddable":true,"href":"https:\/\/velipost.com\/index.php?rest_route=%2Fwp%2Fv2%2Fcomments&post=4870"}],"version-history":[{"count":1,"href":"https:\/\/velipost.com\/index.php?rest_route=\/wp\/v2\/posts\/4870\/revisions"}],"predecessor-version":[{"id":4872,"href":"https:\/\/velipost.com\/index.php?rest_route=\/wp\/v2\/posts\/4870\/revisions\/4872"}],"wp:featuredmedia":[{"embeddable":true,"href":"https:\/\/velipost.com\/index.php?rest_route=\/wp\/v2\/media\/4871"}],"wp:attachment":[{"href":"https:\/\/velipost.com\/index.php?rest_route=%2Fwp%2Fv2%2Fmedia&parent=4870"}],"wp:term":[{"taxonomy":"category","embeddable":true,"href":"https:\/\/velipost.com\/index.php?rest_route=%2Fwp%2Fv2%2Fcategories&post=4870"},{"taxonomy":"post_tag","embeddable":true,"href":"https:\/\/velipost.com\/index.php?rest_route=%2Fwp%2Fv2%2Ftags&post=4870"}],"curies":[{"name":"wp","href":"https:\/\/api.w.org\/{rel}","templated":true}]}}