{"id":4854,"date":"2025-11-11T23:33:36","date_gmt":"2025-11-11T22:33:36","guid":{"rendered":"https:\/\/velipost.com\/?p=4854"},"modified":"2025-11-11T23:33:38","modified_gmt":"2025-11-11T22:33:38","slug":"le-conseiller-president-frinel-joseph-rencontre-le-ministre-metellus-et-des-cadres-de-loavct","status":"publish","type":"post","link":"https:\/\/velipost.com\/?p=4854","title":{"rendered":"Le Conseiller-pr\u00e9sident Frinel Joseph rencontre le ministre M\u00e9tellus et des cadres de l\u2019OAVCT"},"content":{"rendered":"\n<p>Le Conseiller-pr\u00e9sident Frinel Joseph a rencontr\u00e9, lundi 10 novembre 2025, au Villate d\u2019Accueil, le ministre de l\u2019\u00c9conomie et des Finances, Alfred M\u00e9tellus, le directeur g\u00e9n\u00e9ral de l\u2019OAVCT, Pierre Jean Raymond Andr\u00e9, plusieurs responsables de l\u2019institution ainsi que les dix cadres s\u00e9lectionn\u00e9s pour suivre une formation sp\u00e9cialis\u00e9e au Canada.<\/p>\n\n\n\n<p>Cette rencontre a \u00e9t\u00e9 l\u2019occasion pour le repr\u00e9sentant du Conseil pr\u00e9sidentiel de f\u00e9liciter l\u2019initiative, jug\u00e9e essentielle au renforcement des capacit\u00e9s op\u00e9rationnelles de l\u2019OAVCT. Il a encourag\u00e9 les b\u00e9n\u00e9ficiaires \u00e0 tirer pleinement profit de cette opportunit\u00e9 et \u00e0 partager, \u00e0 leur retour, les comp\u00e9tences acquises afin de contribuer \u00e0 la modernisation de l\u2019institution.<\/p>\n\n\n\n<p>Le Conseil pr\u00e9sidentiel de transition a r\u00e9affirm\u00e9, \u00e0 travers cette intervention, son engagement \u00e0 soutenir les d\u00e9marches visant \u00e0 professionnaliser l\u2019administration publique et \u00e0 accompagner la mont\u00e9e en comp\u00e9tence des institutions cl\u00e9s du pays. Selon le CPT, de telles initiatives sont indispensables pour renforcer la gouvernance et favoriser l\u2019avancement du pays.<\/p>\n\n    <div class=\"xs_social_share_widget xs_share_url after_content \t\tmain_content  wslu-style-3 wslu-share-box-shaped wslu-fill-brand-hover-colored wslu-share-m-5 wslu-none wslu-share-horizontal wslu-theme-font-no wslu-main_content\">\n\n\t\t\n        <ul>\n\t\t\t                    <li class=\"xs-share-li twitter                        wslu-no-extra-data\">\n                        <a href=\"javascript:void(0);\"\n                           id=\"xs_feed_twitter\"\n                           onclick=\"xs_social_sharer(this);\"\n                           data-pid=\"4854\"\n                           data-uri_hash=\"dc454904a9c940530f5d8c44363ea7ad\"\n                           data-key=\"twitter\"\n                           data-xs-href=\"https:\/\/twitter.com\/intent\/tweet?text=Le+Conseiller-pr%C3%A9sident+Frinel+Joseph+rencontre+le+ministre+M%C3%A9tellus+et+des+cadres+de+l%E2%80%99OAVCT+https%3A%2F%2Fvelipost.com%2Findex.php%3Frest_route%3D%252Fwp%252Fv2%252Fposts%252F4854&amp;original_referer=https%3A%2F%2Fvelipost.com%2Findex.php%3Frest_route%3D%252Fwp%252Fv2%252Fposts%252F4854&amp;related=xpeedstudio\">\n\n                            <div class=\"xs-social-icon\">\n                                <span class=\"met-social met-social-twitter\"><\/span>\n                            <\/div>\n\n\t\t\t\t\t\t\t\n                            <div class=\"wslu-hover-content\">\n                                <div class=\"xs-social-followers\">\n\t\t\t\t\t\t\t\t\t10                                <\/div>\n                                <div class=\"xs-social-follower-text\">\n\t\t\t\t\t\t\t\t\tShare                                <\/div>\n                                <div class=\"xs-social-follower-label\">\n\t\t\t\t\t\t\t\t\tTwitter                                <\/div>\n                            <\/div>\n                        <\/a>\n                    <\/li>\n\t\t\t\t\t                    <li class=\"xs-share-li telegram                        wslu-no-extra-data\">\n                        <a href=\"javascript:void(0);\"\n                           id=\"xs_feed_telegram\"\n                           onclick=\"xs_social_sharer(this);\"\n                           data-pid=\"4854\"\n                           data-uri_hash=\"dc454904a9c940530f5d8c44363ea7ad\"\n                           data-key=\"telegram\"\n                           data-xs-href=\"https:\/\/telegram.me\/share\/url?url=https%3A%2F%2Fvelipost.com%2Findex.php%3Frest_route%3D%252Fwp%252Fv2%252Fposts%252F4854&amp;text=Le+Conseiller-pr%C3%A9sident+Frinel+Joseph+rencontre+le+ministre+M%C3%A9tellus+et+des+cadres+de+l%E2%80%99OAVCT\">\n\n                            <div class=\"xs-social-icon\">\n                                <span class=\"met-social met-social-telegram\"><\/span>\n                            <\/div>\n\n\t\t\t\t\t\t\t\n                            <div class=\"wslu-hover-content\">\n                                <div class=\"xs-social-followers\">\n\t\t\t\t\t\t\t\t\t0                                <\/div>\n                                <div class=\"xs-social-follower-text\">\n\t\t\t\t\t\t\t\t\tShare                                <\/div>\n                                <div class=\"xs-social-follower-label\">\n\t\t\t\t\t\t\t\t\tTelegram                                <\/div>\n                            <\/div>\n                        <\/a>\n                    <\/li>\n\t\t\t\t\t                    <li class=\"xs-share-li email                        wslu-no-extra-data\">\n                        <a href=\"javascript:void(0);\"\n                           id=\"xs_feed_email\"\n                           onclick=\"xs_social_sharer(this);\"\n                           data-pid=\"4854\"\n                           data-uri_hash=\"dc454904a9c940530f5d8c44363ea7ad\"\n                           data-key=\"email\"\n                           data-xs-href=\"mailto:?body=Title%3A+Le+Conseiller-pr%C3%A9sident+Frinel+Joseph+rencontre+le+ministre+M%C3%A9tellus+et+des+cadres+de+l%E2%80%99OAVCT+%5Cn%5Cn+URL%3A+https%3A%2F%2Fvelipost.com%2Findex.php%3Frest_route%3D%252Fwp%252Fv2%252Fposts%252F4854&amp;subject=Le+Conseiller-pr%C3%A9sident+Frinel+Joseph+rencontre+le+ministre+M%C3%A9tellus+et+des+cadres+de+l%E2%80%99OAVCT\">\n\n                            <div class=\"xs-social-icon\">\n                                <span class=\"met-social met-social-email\"><\/span>\n                            <\/div>\n\n\t\t\t\t\t\t\t\n                            <div class=\"wslu-hover-content\">\n                                <div class=\"xs-social-followers\">\n\t\t\t\t\t\t\t\t\t0                                <\/div>\n                                <div class=\"xs-social-follower-text\">\n\t\t\t\t\t\t\t\t\tShare                                <\/div>\n                                <div class=\"xs-social-follower-label\">\n\t\t\t\t\t\t\t\t\tEmail                                <\/div>\n                            <\/div>\n                        <\/a>\n                    <\/li>\n\t\t\t\t\t        <\/ul>\n    <\/div> \n","protected":false},"excerpt":{"rendered":"<p>Le Conseiller-pr\u00e9sident Frinel Joseph a rencontr\u00e9, lundi 10 novembre 2025, au Villate d\u2019Accueil, le ministre de l\u2019\u00c9conomie et des Finances, Alfred M\u00e9tellus, le directeur<\/p>\n","protected":false},"author":1,"featured_media":4855,"comment_status":"open","ping_status":"open","sticky":false,"template":"","format":"standard","meta":{"_uag_custom_page_level_css":"","footnotes":"","jetpack_publicize_message":"","jetpack_publicize_feature_enabled":true,"jetpack_social_post_already_shared":true,"jetpack_social_options":{"image_generator_settings":{"template":"highway","default_image_id":0,"font":"","enabled":false},"version":2}},"categories":[94],"tags":[],"class_list":["post-4854","post","type-post","status-publish","format-standard","has-post-thumbnail","hentry","category-a-la-une"],"yoast_head":"<!-- This site is optimized with the Yoast SEO plugin v25.3.1 - https:\/\/yoast.com\/wordpress\/plugins\/seo\/ -->\n<title>Le Conseiller-pr\u00e9sident Frinel Joseph rencontre le ministre M\u00e9tellus et des cadres de l\u2019OAVCT &#8211; VeliPost<\/title>\n<meta name=\"robots\" content=\"index, follow, max-snippet:-1, max-image-preview:large, max-video-preview:-1\" \/>\n<link rel=\"canonical\" href=\"https:\/\/velipost.com\/?p=4854\" \/>\n<meta property=\"og:locale\" content=\"fr_FR\" \/>\n<meta property=\"og:type\" content=\"article\" \/>\n<meta property=\"og:title\" content=\"Le Conseiller-pr\u00e9sident Frinel Joseph rencontre le ministre M\u00e9tellus et des cadres de l\u2019OAVCT &#8211; VeliPost\" \/>\n<meta property=\"og:description\" content=\"Le Conseiller-pr\u00e9sident Frinel Joseph a rencontr\u00e9, lundi 10 novembre 2025, au Villate d\u2019Accueil, le ministre de l\u2019\u00c9conomie et des Finances, Alfred M\u00e9tellus, le directeur\" \/>\n<meta property=\"og:url\" content=\"https:\/\/velipost.com\/?p=4854\" \/>\n<meta property=\"og:site_name\" content=\"VeliPost\" \/>\n<meta property=\"article:publisher\" content=\"https:\/\/www.facebook.com\/veliposthaiti\" \/>\n<meta property=\"article:published_time\" content=\"2025-11-11T22:33:36+00:00\" \/>\n<meta property=\"article:modified_time\" content=\"2025-11-11T22:33:38+00:00\" \/>\n<meta property=\"og:image\" content=\"https:\/\/velipost.com\/wp-content\/uploads\/2025\/11\/Frinel-Joseph-et-OAVCT.jpg\" \/>\n\t<meta property=\"og:image:width\" content=\"1170\" \/>\n\t<meta property=\"og:image:height\" content=\"603\" \/>\n\t<meta property=\"og:image:type\" content=\"image\/jpeg\" \/>\n<meta name=\"author\" content=\"VeliPost\" \/>\n<meta name=\"twitter:card\" content=\"summary_large_image\" \/>\n<meta name=\"twitter:creator\" content=\"@veliposthaiti\" \/>\n<meta name=\"twitter:site\" content=\"@veliposthaiti\" \/>\n<meta name=\"twitter:label1\" content=\"\u00c9crit par\" \/>\n\t<meta name=\"twitter:data1\" content=\"VeliPost\" \/>\n\t<meta name=\"twitter:label2\" content=\"Dur\u00e9e de lecture estim\u00e9e\" \/>\n\t<meta name=\"twitter:data2\" content=\"1 minute\" \/>\n<script type=\"application\/ld+json\" class=\"yoast-schema-graph\">{\"@context\":\"https:\/\/schema.org\",\"@graph\":[{\"@type\":\"Article\",\"@id\":\"https:\/\/velipost.com\/?p=4854#article\",\"isPartOf\":{\"@id\":\"https:\/\/velipost.com\/?p=4854\"},\"author\":{\"name\":\"VeliPost\",\"@id\":\"https:\/\/velipost.com\/#\/schema\/person\/32ff49a53c9c1bb24302ee8ece058096\"},\"headline\":\"Le Conseiller-pr\u00e9sident Frinel Joseph rencontre le ministre M\u00e9tellus et des cadres de l\u2019OAVCT\",\"datePublished\":\"2025-11-11T22:33:36+00:00\",\"dateModified\":\"2025-11-11T22:33:38+00:00\",\"mainEntityOfPage\":{\"@id\":\"https:\/\/velipost.com\/?p=4854\"},\"wordCount\":190,\"commentCount\":0,\"publisher\":{\"@id\":\"https:\/\/velipost.com\/#organization\"},\"image\":{\"@id\":\"https:\/\/velipost.com\/?p=4854#primaryimage\"},\"thumbnailUrl\":\"https:\/\/velipost.com\/wp-content\/uploads\/2025\/11\/Frinel-Joseph-et-OAVCT.jpg\",\"articleSection\":[\"A la Une\"],\"inLanguage\":\"fr-FR\",\"potentialAction\":[{\"@type\":\"CommentAction\",\"name\":\"Comment\",\"target\":[\"https:\/\/velipost.com\/?p=4854#respond\"]}]},{\"@type\":\"WebPage\",\"@id\":\"https:\/\/velipost.com\/?p=4854\",\"url\":\"https:\/\/velipost.com\/?p=4854\",\"name\":\"Le Conseiller-pr\u00e9sident Frinel Joseph rencontre le ministre M\u00e9tellus et des cadres de l\u2019OAVCT &#8211; VeliPost\",\"isPartOf\":{\"@id\":\"https:\/\/velipost.com\/#website\"},\"primaryImageOfPage\":{\"@id\":\"https:\/\/velipost.com\/?p=4854#primaryimage\"},\"image\":{\"@id\":\"https:\/\/velipost.com\/?p=4854#primaryimage\"},\"thumbnailUrl\":\"https:\/\/velipost.com\/wp-content\/uploads\/2025\/11\/Frinel-Joseph-et-OAVCT.jpg\",\"datePublished\":\"2025-11-11T22:33:36+00:00\",\"dateModified\":\"2025-11-11T22:33:38+00:00\",\"breadcrumb\":{\"@id\":\"https:\/\/velipost.com\/?p=4854#breadcrumb\"},\"inLanguage\":\"fr-FR\",\"potentialAction\":[{\"@type\":\"ReadAction\",\"target\":[\"https:\/\/velipost.com\/?p=4854\"]}]},{\"@type\":\"ImageObject\",\"inLanguage\":\"fr-FR\",\"@id\":\"https:\/\/velipost.com\/?p=4854#primaryimage\",\"url\":\"https:\/\/velipost.com\/wp-content\/uploads\/2025\/11\/Frinel-Joseph-et-OAVCT.jpg\",\"contentUrl\":\"https:\/\/velipost.com\/wp-content\/uploads\/2025\/11\/Frinel-Joseph-et-OAVCT.jpg\",\"width\":1170,\"height\":603},{\"@type\":\"BreadcrumbList\",\"@id\":\"https:\/\/velipost.com\/?p=4854#breadcrumb\",\"itemListElement\":[{\"@type\":\"ListItem\",\"position\":1,\"name\":\"Accueil\",\"item\":\"https:\/\/velipost.com\/\"},{\"@type\":\"ListItem\",\"position\":2,\"name\":\"Le Conseiller-pr\u00e9sident Frinel Joseph rencontre le ministre M\u00e9tellus et des cadres de l\u2019OAVCT\"}]},{\"@type\":\"WebSite\",\"@id\":\"https:\/\/velipost.com\/#website\",\"url\":\"https:\/\/velipost.com\/\",\"name\":\"VeliPost\",\"description\":\"L\u2019info en un clic\",\"publisher\":{\"@id\":\"https:\/\/velipost.com\/#organization\"},\"potentialAction\":[{\"@type\":\"SearchAction\",\"target\":{\"@type\":\"EntryPoint\",\"urlTemplate\":\"https:\/\/velipost.com\/?s={search_term_string}\"},\"query-input\":{\"@type\":\"PropertyValueSpecification\",\"valueRequired\":true,\"valueName\":\"search_term_string\"}}],\"inLanguage\":\"fr-FR\"},{\"@type\":\"Organization\",\"@id\":\"https:\/\/velipost.com\/#organization\",\"name\":\"VeliPost\",\"url\":\"https:\/\/velipost.com\/\",\"logo\":{\"@type\":\"ImageObject\",\"inLanguage\":\"fr-FR\",\"@id\":\"https:\/\/velipost.com\/#\/schema\/logo\/image\/\",\"url\":\"https:\/\/velipost.com\/wp-content\/uploads\/2024\/08\/cropped-VP-logo-piti.png\",\"contentUrl\":\"https:\/\/velipost.com\/wp-content\/uploads\/2024\/08\/cropped-VP-logo-piti.png\",\"width\":201,\"height\":69,\"caption\":\"VeliPost\"},\"image\":{\"@id\":\"https:\/\/velipost.com\/#\/schema\/logo\/image\/\"},\"sameAs\":[\"https:\/\/www.facebook.com\/veliposthaiti\",\"https:\/\/x.com\/veliposthaiti\",\"https:\/\/www.instagram.com\/veliposthaiti\"]},{\"@type\":\"Person\",\"@id\":\"https:\/\/velipost.com\/#\/schema\/person\/32ff49a53c9c1bb24302ee8ece058096\",\"name\":\"VeliPost\",\"image\":{\"@type\":\"ImageObject\",\"inLanguage\":\"fr-FR\",\"@id\":\"https:\/\/velipost.com\/#\/schema\/person\/image\/\",\"url\":\"https:\/\/secure.gravatar.com\/avatar\/57c226c264de62f794185a89596d4a37b85a5ad20aca30d9d5a478b27d8c8d9d?s=96&d=mm&r=g\",\"contentUrl\":\"https:\/\/secure.gravatar.com\/avatar\/57c226c264de62f794185a89596d4a37b85a5ad20aca30d9d5a478b27d8c8d9d?s=96&d=mm&r=g\",\"caption\":\"VeliPost\"},\"sameAs\":[\"https:\/\/velipost.com\"],\"url\":\"https:\/\/velipost.com\/?author=1\"}]}<\/script>\n<!-- \/ Yoast SEO plugin. -->","yoast_head_json":{"title":"Le Conseiller-pr\u00e9sident Frinel Joseph rencontre le ministre M\u00e9tellus et des cadres de l\u2019OAVCT &#8211; VeliPost","robots":{"index":"index","follow":"follow","max-snippet":"max-snippet:-1","max-image-preview":"max-image-preview:large","max-video-preview":"max-video-preview:-1"},"canonical":"https:\/\/velipost.com\/?p=4854","og_locale":"fr_FR","og_type":"article","og_title":"Le Conseiller-pr\u00e9sident Frinel Joseph rencontre le ministre M\u00e9tellus et des cadres de l\u2019OAVCT &#8211; VeliPost","og_description":"Le Conseiller-pr\u00e9sident Frinel Joseph a rencontr\u00e9, lundi 10 novembre 2025, au Villate d\u2019Accueil, le ministre de l\u2019\u00c9conomie et des Finances, Alfred M\u00e9tellus, le directeur","og_url":"https:\/\/velipost.com\/?p=4854","og_site_name":"VeliPost","article_publisher":"https:\/\/www.facebook.com\/veliposthaiti","article_published_time":"2025-11-11T22:33:36+00:00","article_modified_time":"2025-11-11T22:33:38+00:00","og_image":[{"width":1170,"height":603,"url":"https:\/\/velipost.com\/wp-content\/uploads\/2025\/11\/Frinel-Joseph-et-OAVCT.jpg","type":"image\/jpeg"}],"author":"VeliPost","twitter_card":"summary_large_image","twitter_creator":"@veliposthaiti","twitter_site":"@veliposthaiti","twitter_misc":{"\u00c9crit par":"VeliPost","Dur\u00e9e de lecture estim\u00e9e":"1 minute"},"schema":{"@context":"https:\/\/schema.org","@graph":[{"@type":"Article","@id":"https:\/\/velipost.com\/?p=4854#article","isPartOf":{"@id":"https:\/\/velipost.com\/?p=4854"},"author":{"name":"VeliPost","@id":"https:\/\/velipost.com\/#\/schema\/person\/32ff49a53c9c1bb24302ee8ece058096"},"headline":"Le Conseiller-pr\u00e9sident Frinel Joseph rencontre le ministre M\u00e9tellus et des cadres de l\u2019OAVCT","datePublished":"2025-11-11T22:33:36+00:00","dateModified":"2025-11-11T22:33:38+00:00","mainEntityOfPage":{"@id":"https:\/\/velipost.com\/?p=4854"},"wordCount":190,"commentCount":0,"publisher":{"@id":"https:\/\/velipost.com\/#organization"},"image":{"@id":"https:\/\/velipost.com\/?p=4854#primaryimage"},"thumbnailUrl":"https:\/\/velipost.com\/wp-content\/uploads\/2025\/11\/Frinel-Joseph-et-OAVCT.jpg","articleSection":["A la Une"],"inLanguage":"fr-FR","potentialAction":[{"@type":"CommentAction","name":"Comment","target":["https:\/\/velipost.com\/?p=4854#respond"]}]},{"@type":"WebPage","@id":"https:\/\/velipost.com\/?p=4854","url":"https:\/\/velipost.com\/?p=4854","name":"Le Conseiller-pr\u00e9sident Frinel Joseph rencontre le ministre M\u00e9tellus et des cadres de l\u2019OAVCT &#8211; VeliPost","isPartOf":{"@id":"https:\/\/velipost.com\/#website"},"primaryImageOfPage":{"@id":"https:\/\/velipost.com\/?p=4854#primaryimage"},"image":{"@id":"https:\/\/velipost.com\/?p=4854#primaryimage"},"thumbnailUrl":"https:\/\/velipost.com\/wp-content\/uploads\/2025\/11\/Frinel-Joseph-et-OAVCT.jpg","datePublished":"2025-11-11T22:33:36+00:00","dateModified":"2025-11-11T22:33:38+00:00","breadcrumb":{"@id":"https:\/\/velipost.com\/?p=4854#breadcrumb"},"inLanguage":"fr-FR","potentialAction":[{"@type":"ReadAction","target":["https:\/\/velipost.com\/?p=4854"]}]},{"@type":"ImageObject","inLanguage":"fr-FR","@id":"https:\/\/velipost.com\/?p=4854#primaryimage","url":"https:\/\/velipost.com\/wp-content\/uploads\/2025\/11\/Frinel-Joseph-et-OAVCT.jpg","contentUrl":"https:\/\/velipost.com\/wp-content\/uploads\/2025\/11\/Frinel-Joseph-et-OAVCT.jpg","width":1170,"height":603},{"@type":"BreadcrumbList","@id":"https:\/\/velipost.com\/?p=4854#breadcrumb","itemListElement":[{"@type":"ListItem","position":1,"name":"Accueil","item":"https:\/\/velipost.com\/"},{"@type":"ListItem","position":2,"name":"Le Conseiller-pr\u00e9sident Frinel Joseph rencontre le ministre M\u00e9tellus et des cadres de l\u2019OAVCT"}]},{"@type":"WebSite","@id":"https:\/\/velipost.com\/#website","url":"https:\/\/velipost.com\/","name":"VeliPost","description":"L\u2019info en un clic","publisher":{"@id":"https:\/\/velipost.com\/#organization"},"potentialAction":[{"@type":"SearchAction","target":{"@type":"EntryPoint","urlTemplate":"https:\/\/velipost.com\/?s={search_term_string}"},"query-input":{"@type":"PropertyValueSpecification","valueRequired":true,"valueName":"search_term_string"}}],"inLanguage":"fr-FR"},{"@type":"Organization","@id":"https:\/\/velipost.com\/#organization","name":"VeliPost","url":"https:\/\/velipost.com\/","logo":{"@type":"ImageObject","inLanguage":"fr-FR","@id":"https:\/\/velipost.com\/#\/schema\/logo\/image\/","url":"https:\/\/velipost.com\/wp-content\/uploads\/2024\/08\/cropped-VP-logo-piti.png","contentUrl":"https:\/\/velipost.com\/wp-content\/uploads\/2024\/08\/cropped-VP-logo-piti.png","width":201,"height":69,"caption":"VeliPost"},"image":{"@id":"https:\/\/velipost.com\/#\/schema\/logo\/image\/"},"sameAs":["https:\/\/www.facebook.com\/veliposthaiti","https:\/\/x.com\/veliposthaiti","https:\/\/www.instagram.com\/veliposthaiti"]},{"@type":"Person","@id":"https:\/\/velipost.com\/#\/schema\/person\/32ff49a53c9c1bb24302ee8ece058096","name":"VeliPost","image":{"@type":"ImageObject","inLanguage":"fr-FR","@id":"https:\/\/velipost.com\/#\/schema\/person\/image\/","url":"https:\/\/secure.gravatar.com\/avatar\/57c226c264de62f794185a89596d4a37b85a5ad20aca30d9d5a478b27d8c8d9d?s=96&d=mm&r=g","contentUrl":"https:\/\/secure.gravatar.com\/avatar\/57c226c264de62f794185a89596d4a37b85a5ad20aca30d9d5a478b27d8c8d9d?s=96&d=mm&r=g","caption":"VeliPost"},"sameAs":["https:\/\/velipost.com"],"url":"https:\/\/velipost.com\/?author=1"}]}},"views":0,"jetpack_publicize_connections":[],"uagb_featured_image_src":{"full":["https:\/\/velipost.com\/wp-content\/uploads\/2025\/11\/Frinel-Joseph-et-OAVCT.jpg",1170,603,false],"thumbnail":["https:\/\/velipost.com\/wp-content\/uploads\/2025\/11\/Frinel-Joseph-et-OAVCT-150x150.jpg",150,150,true],"medium":["https:\/\/velipost.com\/wp-content\/uploads\/2025\/11\/Frinel-Joseph-et-OAVCT-300x155.jpg",300,155,true],"medium_large":["https:\/\/velipost.com\/wp-content\/uploads\/2025\/11\/Frinel-Joseph-et-OAVCT-768x396.jpg",715,369,true],"large":["https:\/\/velipost.com\/wp-content\/uploads\/2025\/11\/Frinel-Joseph-et-OAVCT-1024x528.jpg",715,369,true],"1536x1536":["https:\/\/velipost.com\/wp-content\/uploads\/2025\/11\/Frinel-Joseph-et-OAVCT.jpg",1170,603,false],"2048x2048":["https:\/\/velipost.com\/wp-content\/uploads\/2025\/11\/Frinel-Joseph-et-OAVCT.jpg",1170,603,false],"colornews-big-slider":["https:\/\/velipost.com\/wp-content\/uploads\/2025\/11\/Frinel-Joseph-et-OAVCT-1070x470.jpg",1070,470,true],"colornews-big-slider-thumb":["https:\/\/velipost.com\/wp-content\/uploads\/2025\/11\/Frinel-Joseph-et-OAVCT-184x109.jpg",184,109,true],"colornews-featured-post-medium":["https:\/\/velipost.com\/wp-content\/uploads\/2025\/11\/Frinel-Joseph-et-OAVCT-345x265.jpg",345,265,true],"colornews-featured-post-small":["https:\/\/velipost.com\/wp-content\/uploads\/2025\/11\/Frinel-Joseph-et-OAVCT-115x73.jpg",115,73,true],"colornews-random-posts":["https:\/\/velipost.com\/wp-content\/uploads\/2025\/11\/Frinel-Joseph-et-OAVCT-215x215.jpg",215,215,true],"colornews-featured-image":["https:\/\/velipost.com\/wp-content\/uploads\/2025\/11\/Frinel-Joseph-et-OAVCT-715x400.jpg",715,400,true],"mailpoet_newsletter_max":["https:\/\/velipost.com\/wp-content\/uploads\/2025\/11\/Frinel-Joseph-et-OAVCT.jpg",1170,603,false]},"uagb_author_info":{"display_name":"VeliPost","author_link":"https:\/\/velipost.com\/?author=1"},"uagb_comment_info":0,"uagb_excerpt":"Le Conseiller-pr\u00e9sident Frinel Joseph a rencontr\u00e9, lundi 10 novembre 2025, au Villate d\u2019Accueil, le ministre de l\u2019\u00c9conomie et des Finances, Alfred M\u00e9tellus, le directeur","_links":{"self":[{"href":"https:\/\/velipost.com\/index.php?rest_route=\/wp\/v2\/posts\/4854","targetHints":{"allow":["GET"]}}],"collection":[{"href":"https:\/\/velipost.com\/index.php?rest_route=\/wp\/v2\/posts"}],"about":[{"href":"https:\/\/velipost.com\/index.php?rest_route=\/wp\/v2\/types\/post"}],"author":[{"embeddable":true,"href":"https:\/\/velipost.com\/index.php?rest_route=\/wp\/v2\/users\/1"}],"replies":[{"embeddable":true,"href":"https:\/\/velipost.com\/index.php?rest_route=%2Fwp%2Fv2%2Fcomments&post=4854"}],"version-history":[{"count":1,"href":"https:\/\/velipost.com\/index.php?rest_route=\/wp\/v2\/posts\/4854\/revisions"}],"predecessor-version":[{"id":4856,"href":"https:\/\/velipost.com\/index.php?rest_route=\/wp\/v2\/posts\/4854\/revisions\/4856"}],"wp:featuredmedia":[{"embeddable":true,"href":"https:\/\/velipost.com\/index.php?rest_route=\/wp\/v2\/media\/4855"}],"wp:attachment":[{"href":"https:\/\/velipost.com\/index.php?rest_route=%2Fwp%2Fv2%2Fmedia&parent=4854"}],"wp:term":[{"taxonomy":"category","embeddable":true,"href":"https:\/\/velipost.com\/index.php?rest_route=%2Fwp%2Fv2%2Fcategories&post=4854"},{"taxonomy":"post_tag","embeddable":true,"href":"https:\/\/velipost.com\/index.php?rest_route=%2Fwp%2Fv2%2Ftags&post=4854"}],"curies":[{"name":"wp","href":"https:\/\/api.w.org\/{rel}","templated":true}]}}