{"id":4842,"date":"2025-11-11T00:39:38","date_gmt":"2025-11-10T23:39:38","guid":{"rendered":"https:\/\/velipost.com\/?p=4842"},"modified":"2025-11-11T00:39:40","modified_gmt":"2025-11-10T23:39:40","slug":"y-a-t-il-une-guerre-ouverte-entre-le-ministere-des-affaires-etrangeres-et-le-cpt","status":"publish","type":"post","link":"https:\/\/velipost.com\/?p=4842","title":{"rendered":"Y a-t-il une guerre ouverte entre le minist\u00e8re des Affaires \u00e9trang\u00e8res et le CPT ?"},"content":{"rendered":"\n<p>En marge du Sommet CELAC\u2013Union europ\u00e9enne, le communiqu\u00e9 du minist\u00e8re des Affaires \u00e9trang\u00e8res (MAE) met en avant la rencontre entre le ministre Jean-Victor Harvel Jean-Baptiste et la Haute Repr\u00e9sentante de l\u2019Union europ\u00e9enne, Kaja Kallas.<\/p>\n\n\n\n<p>Pourtant, un d\u00e9tail intrigue et alimente la rumeur d\u2019une fracture institutionnelle : l\u2019absence du nom de Smith Augustin, repr\u00e9sentant du Conseil pr\u00e9sidentiel de transition (CPT), pourtant pr\u00e9sent et actif lors du Sommet.<\/p>\n\n\n\n<p>Ce silence n\u2019est pas anodin quand on sait que la diplomatie rel\u00e8ve traditionnellement de la pr\u00e9sidence. Protocolairement, le ministre s\u2019efface d\u00e8s que le chef de l\u2019\u00c9tat \u2014 ou son repr\u00e9sentant \u2014 est pr\u00e9sent. Un principe \u00e9l\u00e9mentaire de l\u2019exercice diplomatique.<\/p>\n\n\n\n<p>Dans un contexte o\u00f9 la diplomatie ha\u00eftienne peine \u00e0 parler d\u2019une seule voix, l\u2019omission du CPT \u2014 organe politique cens\u00e9 incarner la transition \u2014 soul\u00e8ve des interrogations. Est-ce un simple oubli protocolaire ou le signe d\u2019une lutte d\u2019influence entre deux centres de pouvoir ? Le MAE chercherait-il \u00e0 pr\u00e9server son autonomie face \u00e0 un CPT per\u00e7u comme intrusif ?<\/p>\n\n\n\n<p>Cette tension illustre un malaise plus profond : la difficult\u00e9 d\u2019articuler la gouvernance transitionnelle autour d\u2019une strat\u00e9gie coh\u00e9rente. En pleine crise s\u00e9curitaire et humanitaire, Ha\u00efti ne peut se permettre une diplomatie fragment\u00e9e.<\/p>\n\n\n\n<p>Si la transition veut r\u00e9ussir, il faut clarifier les r\u00f4les, restaurer la coh\u00e9rence du discours diplomatique et \u00e9viter que les querelles internes ne deviennent le reflet d\u2019un \u00c9tat divis\u00e9 jusque dans ses relations ext\u00e9rieures.<\/p>\n\n\n\n<p>Il convient de rappeler qu\u2019un incident similaire s\u2019\u00e9tait d\u00e9j\u00e0 produit lors de l\u2019Assembl\u00e9e g\u00e9n\u00e9rale des Nations unies, en septembre 2024, lorsque le conseiller pr\u00e9sidentiel Lesly Voltaire avait \u00e9t\u00e9 \u00e9cart\u00e9 par la ministre des Affaires \u00e9trang\u00e8res d\u2019alors, Mme Dominique Dupuy.<\/p>\n\n    <div class=\"xs_social_share_widget xs_share_url after_content \t\tmain_content  wslu-style-3 wslu-share-box-shaped wslu-fill-brand-hover-colored wslu-share-m-5 wslu-none wslu-share-horizontal wslu-theme-font-no wslu-main_content\">\n\n\t\t\n        <ul>\n\t\t\t                    <li class=\"xs-share-li twitter                        wslu-no-extra-data\">\n                        <a href=\"javascript:void(0);\"\n                           id=\"xs_feed_twitter\"\n                           onclick=\"xs_social_sharer(this);\"\n                           data-pid=\"4842\"\n                           data-uri_hash=\"ff40c77554994ca12868780786fb38f7\"\n                           data-key=\"twitter\"\n                           data-xs-href=\"https:\/\/twitter.com\/intent\/tweet?text=Y+a-t-il+une+guerre+ouverte+entre+le+minist%C3%A8re+des+Affaires+%C3%A9trang%C3%A8res+et+le+CPT+%3F+https%3A%2F%2Fvelipost.com%2Findex.php%3Frest_route%3D%252Fwp%252Fv2%252Fposts%252F4842&amp;original_referer=https%3A%2F%2Fvelipost.com%2Findex.php%3Frest_route%3D%252Fwp%252Fv2%252Fposts%252F4842&amp;related=xpeedstudio\">\n\n                            <div class=\"xs-social-icon\">\n                                <span class=\"met-social met-social-twitter\"><\/span>\n                            <\/div>\n\n\t\t\t\t\t\t\t\n                            <div class=\"wslu-hover-content\">\n                                <div class=\"xs-social-followers\">\n\t\t\t\t\t\t\t\t\t10                                <\/div>\n                                <div class=\"xs-social-follower-text\">\n\t\t\t\t\t\t\t\t\tShare                                <\/div>\n                                <div class=\"xs-social-follower-label\">\n\t\t\t\t\t\t\t\t\tTwitter                                <\/div>\n                            <\/div>\n                        <\/a>\n                    <\/li>\n\t\t\t\t\t                    <li class=\"xs-share-li telegram                        wslu-no-extra-data\">\n                        <a href=\"javascript:void(0);\"\n                           id=\"xs_feed_telegram\"\n                           onclick=\"xs_social_sharer(this);\"\n                           data-pid=\"4842\"\n                           data-uri_hash=\"ff40c77554994ca12868780786fb38f7\"\n                           data-key=\"telegram\"\n                           data-xs-href=\"https:\/\/telegram.me\/share\/url?url=https%3A%2F%2Fvelipost.com%2Findex.php%3Frest_route%3D%252Fwp%252Fv2%252Fposts%252F4842&amp;text=Y+a-t-il+une+guerre+ouverte+entre+le+minist%C3%A8re+des+Affaires+%C3%A9trang%C3%A8res+et+le+CPT+%3F\">\n\n                            <div class=\"xs-social-icon\">\n                                <span class=\"met-social met-social-telegram\"><\/span>\n                            <\/div>\n\n\t\t\t\t\t\t\t\n                            <div class=\"wslu-hover-content\">\n                                <div class=\"xs-social-followers\">\n\t\t\t\t\t\t\t\t\t0                                <\/div>\n                                <div class=\"xs-social-follower-text\">\n\t\t\t\t\t\t\t\t\tShare                                <\/div>\n                                <div class=\"xs-social-follower-label\">\n\t\t\t\t\t\t\t\t\tTelegram                                <\/div>\n                            <\/div>\n                        <\/a>\n                    <\/li>\n\t\t\t\t\t                    <li class=\"xs-share-li email                        wslu-no-extra-data\">\n                        <a href=\"javascript:void(0);\"\n                           id=\"xs_feed_email\"\n                           onclick=\"xs_social_sharer(this);\"\n                           data-pid=\"4842\"\n                           data-uri_hash=\"ff40c77554994ca12868780786fb38f7\"\n                           data-key=\"email\"\n                           data-xs-href=\"mailto:?body=Title%3A+Y+a-t-il+une+guerre+ouverte+entre+le+minist%C3%A8re+des+Affaires+%C3%A9trang%C3%A8res+et+le+CPT+%3F+%5Cn%5Cn+URL%3A+https%3A%2F%2Fvelipost.com%2Findex.php%3Frest_route%3D%252Fwp%252Fv2%252Fposts%252F4842&amp;subject=Y+a-t-il+une+guerre+ouverte+entre+le+minist%C3%A8re+des+Affaires+%C3%A9trang%C3%A8res+et+le+CPT+%3F\">\n\n                            <div class=\"xs-social-icon\">\n                                <span class=\"met-social met-social-email\"><\/span>\n                            <\/div>\n\n\t\t\t\t\t\t\t\n                            <div class=\"wslu-hover-content\">\n                                <div class=\"xs-social-followers\">\n\t\t\t\t\t\t\t\t\t0                                <\/div>\n                                <div class=\"xs-social-follower-text\">\n\t\t\t\t\t\t\t\t\tShare                                <\/div>\n                                <div class=\"xs-social-follower-label\">\n\t\t\t\t\t\t\t\t\tEmail                                <\/div>\n                            <\/div>\n                        <\/a>\n                    <\/li>\n\t\t\t\t\t        <\/ul>\n    <\/div> \n","protected":false},"excerpt":{"rendered":"<p>En marge du Sommet CELAC\u2013Union europ\u00e9enne, le communiqu\u00e9 du minist\u00e8re des Affaires \u00e9trang\u00e8res (MAE) met en avant la rencontre entre le ministre Jean-Victor Harvel<\/p>\n","protected":false},"author":1,"featured_media":4843,"comment_status":"open","ping_status":"open","sticky":false,"template":"","format":"standard","meta":{"_uag_custom_page_level_css":"","footnotes":"","jetpack_publicize_message":"","jetpack_publicize_feature_enabled":true,"jetpack_social_post_already_shared":true,"jetpack_social_options":{"image_generator_settings":{"template":"highway","default_image_id":0,"font":"","enabled":false},"version":2}},"categories":[94],"tags":[],"class_list":["post-4842","post","type-post","status-publish","format-standard","has-post-thumbnail","hentry","category-a-la-une"],"yoast_head":"<!-- This site is optimized with the Yoast SEO plugin v25.3.1 - https:\/\/yoast.com\/wordpress\/plugins\/seo\/ -->\n<title>Y a-t-il une guerre ouverte entre le minist\u00e8re des Affaires \u00e9trang\u00e8res et le CPT ? &#8211; VeliPost<\/title>\n<meta name=\"robots\" content=\"index, follow, max-snippet:-1, max-image-preview:large, max-video-preview:-1\" \/>\n<link rel=\"canonical\" href=\"https:\/\/velipost.com\/?p=4842\" \/>\n<meta property=\"og:locale\" content=\"fr_FR\" \/>\n<meta property=\"og:type\" content=\"article\" \/>\n<meta property=\"og:title\" content=\"Y a-t-il une guerre ouverte entre le minist\u00e8re des Affaires \u00e9trang\u00e8res et le CPT ? &#8211; VeliPost\" \/>\n<meta property=\"og:description\" content=\"En marge du Sommet CELAC\u2013Union europ\u00e9enne, le communiqu\u00e9 du minist\u00e8re des Affaires \u00e9trang\u00e8res (MAE) met en avant la rencontre entre le ministre Jean-Victor Harvel\" \/>\n<meta property=\"og:url\" content=\"https:\/\/velipost.com\/?p=4842\" \/>\n<meta property=\"og:site_name\" content=\"VeliPost\" \/>\n<meta property=\"article:publisher\" content=\"https:\/\/www.facebook.com\/veliposthaiti\" \/>\n<meta property=\"article:published_time\" content=\"2025-11-10T23:39:38+00:00\" \/>\n<meta property=\"article:modified_time\" content=\"2025-11-10T23:39:40+00:00\" \/>\n<meta property=\"og:image\" content=\"https:\/\/velipost.com\/wp-content\/uploads\/2025\/11\/Jean-Victor-Harvel-Jean-Baptiste-et-CPT.jpg\" \/>\n\t<meta property=\"og:image:width\" content=\"1170\" \/>\n\t<meta property=\"og:image:height\" content=\"603\" \/>\n\t<meta property=\"og:image:type\" content=\"image\/jpeg\" \/>\n<meta name=\"author\" content=\"VeliPost\" \/>\n<meta name=\"twitter:card\" content=\"summary_large_image\" \/>\n<meta name=\"twitter:creator\" content=\"@veliposthaiti\" \/>\n<meta name=\"twitter:site\" content=\"@veliposthaiti\" \/>\n<meta name=\"twitter:label1\" content=\"\u00c9crit par\" \/>\n\t<meta name=\"twitter:data1\" content=\"VeliPost\" \/>\n\t<meta name=\"twitter:label2\" content=\"Dur\u00e9e de lecture estim\u00e9e\" \/>\n\t<meta name=\"twitter:data2\" content=\"2 minutes\" \/>\n<script type=\"application\/ld+json\" class=\"yoast-schema-graph\">{\"@context\":\"https:\/\/schema.org\",\"@graph\":[{\"@type\":\"Article\",\"@id\":\"https:\/\/velipost.com\/?p=4842#article\",\"isPartOf\":{\"@id\":\"https:\/\/velipost.com\/?p=4842\"},\"author\":{\"name\":\"VeliPost\",\"@id\":\"https:\/\/velipost.com\/#\/schema\/person\/32ff49a53c9c1bb24302ee8ece058096\"},\"headline\":\"Y a-t-il une guerre ouverte entre le minist\u00e8re des Affaires \u00e9trang\u00e8res et le CPT ?\",\"datePublished\":\"2025-11-10T23:39:38+00:00\",\"dateModified\":\"2025-11-10T23:39:40+00:00\",\"mainEntityOfPage\":{\"@id\":\"https:\/\/velipost.com\/?p=4842\"},\"wordCount\":326,\"commentCount\":0,\"publisher\":{\"@id\":\"https:\/\/velipost.com\/#organization\"},\"image\":{\"@id\":\"https:\/\/velipost.com\/?p=4842#primaryimage\"},\"thumbnailUrl\":\"https:\/\/velipost.com\/wp-content\/uploads\/2025\/11\/Jean-Victor-Harvel-Jean-Baptiste-et-CPT.jpg\",\"articleSection\":[\"A la Une\"],\"inLanguage\":\"fr-FR\",\"potentialAction\":[{\"@type\":\"CommentAction\",\"name\":\"Comment\",\"target\":[\"https:\/\/velipost.com\/?p=4842#respond\"]}]},{\"@type\":\"WebPage\",\"@id\":\"https:\/\/velipost.com\/?p=4842\",\"url\":\"https:\/\/velipost.com\/?p=4842\",\"name\":\"Y a-t-il une guerre ouverte entre le minist\u00e8re des Affaires \u00e9trang\u00e8res et le CPT ? &#8211; VeliPost\",\"isPartOf\":{\"@id\":\"https:\/\/velipost.com\/#website\"},\"primaryImageOfPage\":{\"@id\":\"https:\/\/velipost.com\/?p=4842#primaryimage\"},\"image\":{\"@id\":\"https:\/\/velipost.com\/?p=4842#primaryimage\"},\"thumbnailUrl\":\"https:\/\/velipost.com\/wp-content\/uploads\/2025\/11\/Jean-Victor-Harvel-Jean-Baptiste-et-CPT.jpg\",\"datePublished\":\"2025-11-10T23:39:38+00:00\",\"dateModified\":\"2025-11-10T23:39:40+00:00\",\"breadcrumb\":{\"@id\":\"https:\/\/velipost.com\/?p=4842#breadcrumb\"},\"inLanguage\":\"fr-FR\",\"potentialAction\":[{\"@type\":\"ReadAction\",\"target\":[\"https:\/\/velipost.com\/?p=4842\"]}]},{\"@type\":\"ImageObject\",\"inLanguage\":\"fr-FR\",\"@id\":\"https:\/\/velipost.com\/?p=4842#primaryimage\",\"url\":\"https:\/\/velipost.com\/wp-content\/uploads\/2025\/11\/Jean-Victor-Harvel-Jean-Baptiste-et-CPT.jpg\",\"contentUrl\":\"https:\/\/velipost.com\/wp-content\/uploads\/2025\/11\/Jean-Victor-Harvel-Jean-Baptiste-et-CPT.jpg\",\"width\":1170,\"height\":603},{\"@type\":\"BreadcrumbList\",\"@id\":\"https:\/\/velipost.com\/?p=4842#breadcrumb\",\"itemListElement\":[{\"@type\":\"ListItem\",\"position\":1,\"name\":\"Accueil\",\"item\":\"https:\/\/velipost.com\/\"},{\"@type\":\"ListItem\",\"position\":2,\"name\":\"Y a-t-il une guerre ouverte entre le minist\u00e8re des Affaires \u00e9trang\u00e8res et le CPT ?\"}]},{\"@type\":\"WebSite\",\"@id\":\"https:\/\/velipost.com\/#website\",\"url\":\"https:\/\/velipost.com\/\",\"name\":\"VeliPost\",\"description\":\"L\u2019info en un clic\",\"publisher\":{\"@id\":\"https:\/\/velipost.com\/#organization\"},\"potentialAction\":[{\"@type\":\"SearchAction\",\"target\":{\"@type\":\"EntryPoint\",\"urlTemplate\":\"https:\/\/velipost.com\/?s={search_term_string}\"},\"query-input\":{\"@type\":\"PropertyValueSpecification\",\"valueRequired\":true,\"valueName\":\"search_term_string\"}}],\"inLanguage\":\"fr-FR\"},{\"@type\":\"Organization\",\"@id\":\"https:\/\/velipost.com\/#organization\",\"name\":\"VeliPost\",\"url\":\"https:\/\/velipost.com\/\",\"logo\":{\"@type\":\"ImageObject\",\"inLanguage\":\"fr-FR\",\"@id\":\"https:\/\/velipost.com\/#\/schema\/logo\/image\/\",\"url\":\"https:\/\/velipost.com\/wp-content\/uploads\/2024\/08\/cropped-VP-logo-piti.png\",\"contentUrl\":\"https:\/\/velipost.com\/wp-content\/uploads\/2024\/08\/cropped-VP-logo-piti.png\",\"width\":201,\"height\":69,\"caption\":\"VeliPost\"},\"image\":{\"@id\":\"https:\/\/velipost.com\/#\/schema\/logo\/image\/\"},\"sameAs\":[\"https:\/\/www.facebook.com\/veliposthaiti\",\"https:\/\/x.com\/veliposthaiti\",\"https:\/\/www.instagram.com\/veliposthaiti\"]},{\"@type\":\"Person\",\"@id\":\"https:\/\/velipost.com\/#\/schema\/person\/32ff49a53c9c1bb24302ee8ece058096\",\"name\":\"VeliPost\",\"image\":{\"@type\":\"ImageObject\",\"inLanguage\":\"fr-FR\",\"@id\":\"https:\/\/velipost.com\/#\/schema\/person\/image\/\",\"url\":\"https:\/\/secure.gravatar.com\/avatar\/57c226c264de62f794185a89596d4a37b85a5ad20aca30d9d5a478b27d8c8d9d?s=96&d=mm&r=g\",\"contentUrl\":\"https:\/\/secure.gravatar.com\/avatar\/57c226c264de62f794185a89596d4a37b85a5ad20aca30d9d5a478b27d8c8d9d?s=96&d=mm&r=g\",\"caption\":\"VeliPost\"},\"sameAs\":[\"https:\/\/velipost.com\"],\"url\":\"https:\/\/velipost.com\/?author=1\"}]}<\/script>\n<!-- \/ Yoast SEO plugin. -->","yoast_head_json":{"title":"Y a-t-il une guerre ouverte entre le minist\u00e8re des Affaires \u00e9trang\u00e8res et le CPT ? &#8211; VeliPost","robots":{"index":"index","follow":"follow","max-snippet":"max-snippet:-1","max-image-preview":"max-image-preview:large","max-video-preview":"max-video-preview:-1"},"canonical":"https:\/\/velipost.com\/?p=4842","og_locale":"fr_FR","og_type":"article","og_title":"Y a-t-il une guerre ouverte entre le minist\u00e8re des Affaires \u00e9trang\u00e8res et le CPT ? &#8211; VeliPost","og_description":"En marge du Sommet CELAC\u2013Union europ\u00e9enne, le communiqu\u00e9 du minist\u00e8re des Affaires \u00e9trang\u00e8res (MAE) met en avant la rencontre entre le ministre Jean-Victor Harvel","og_url":"https:\/\/velipost.com\/?p=4842","og_site_name":"VeliPost","article_publisher":"https:\/\/www.facebook.com\/veliposthaiti","article_published_time":"2025-11-10T23:39:38+00:00","article_modified_time":"2025-11-10T23:39:40+00:00","og_image":[{"width":1170,"height":603,"url":"https:\/\/velipost.com\/wp-content\/uploads\/2025\/11\/Jean-Victor-Harvel-Jean-Baptiste-et-CPT.jpg","type":"image\/jpeg"}],"author":"VeliPost","twitter_card":"summary_large_image","twitter_creator":"@veliposthaiti","twitter_site":"@veliposthaiti","twitter_misc":{"\u00c9crit par":"VeliPost","Dur\u00e9e de lecture estim\u00e9e":"2 minutes"},"schema":{"@context":"https:\/\/schema.org","@graph":[{"@type":"Article","@id":"https:\/\/velipost.com\/?p=4842#article","isPartOf":{"@id":"https:\/\/velipost.com\/?p=4842"},"author":{"name":"VeliPost","@id":"https:\/\/velipost.com\/#\/schema\/person\/32ff49a53c9c1bb24302ee8ece058096"},"headline":"Y a-t-il une guerre ouverte entre le minist\u00e8re des Affaires \u00e9trang\u00e8res et le CPT ?","datePublished":"2025-11-10T23:39:38+00:00","dateModified":"2025-11-10T23:39:40+00:00","mainEntityOfPage":{"@id":"https:\/\/velipost.com\/?p=4842"},"wordCount":326,"commentCount":0,"publisher":{"@id":"https:\/\/velipost.com\/#organization"},"image":{"@id":"https:\/\/velipost.com\/?p=4842#primaryimage"},"thumbnailUrl":"https:\/\/velipost.com\/wp-content\/uploads\/2025\/11\/Jean-Victor-Harvel-Jean-Baptiste-et-CPT.jpg","articleSection":["A la Une"],"inLanguage":"fr-FR","potentialAction":[{"@type":"CommentAction","name":"Comment","target":["https:\/\/velipost.com\/?p=4842#respond"]}]},{"@type":"WebPage","@id":"https:\/\/velipost.com\/?p=4842","url":"https:\/\/velipost.com\/?p=4842","name":"Y a-t-il une guerre ouverte entre le minist\u00e8re des Affaires \u00e9trang\u00e8res et le CPT ? &#8211; VeliPost","isPartOf":{"@id":"https:\/\/velipost.com\/#website"},"primaryImageOfPage":{"@id":"https:\/\/velipost.com\/?p=4842#primaryimage"},"image":{"@id":"https:\/\/velipost.com\/?p=4842#primaryimage"},"thumbnailUrl":"https:\/\/velipost.com\/wp-content\/uploads\/2025\/11\/Jean-Victor-Harvel-Jean-Baptiste-et-CPT.jpg","datePublished":"2025-11-10T23:39:38+00:00","dateModified":"2025-11-10T23:39:40+00:00","breadcrumb":{"@id":"https:\/\/velipost.com\/?p=4842#breadcrumb"},"inLanguage":"fr-FR","potentialAction":[{"@type":"ReadAction","target":["https:\/\/velipost.com\/?p=4842"]}]},{"@type":"ImageObject","inLanguage":"fr-FR","@id":"https:\/\/velipost.com\/?p=4842#primaryimage","url":"https:\/\/velipost.com\/wp-content\/uploads\/2025\/11\/Jean-Victor-Harvel-Jean-Baptiste-et-CPT.jpg","contentUrl":"https:\/\/velipost.com\/wp-content\/uploads\/2025\/11\/Jean-Victor-Harvel-Jean-Baptiste-et-CPT.jpg","width":1170,"height":603},{"@type":"BreadcrumbList","@id":"https:\/\/velipost.com\/?p=4842#breadcrumb","itemListElement":[{"@type":"ListItem","position":1,"name":"Accueil","item":"https:\/\/velipost.com\/"},{"@type":"ListItem","position":2,"name":"Y a-t-il une guerre ouverte entre le minist\u00e8re des Affaires \u00e9trang\u00e8res et le CPT ?"}]},{"@type":"WebSite","@id":"https:\/\/velipost.com\/#website","url":"https:\/\/velipost.com\/","name":"VeliPost","description":"L\u2019info en un clic","publisher":{"@id":"https:\/\/velipost.com\/#organization"},"potentialAction":[{"@type":"SearchAction","target":{"@type":"EntryPoint","urlTemplate":"https:\/\/velipost.com\/?s={search_term_string}"},"query-input":{"@type":"PropertyValueSpecification","valueRequired":true,"valueName":"search_term_string"}}],"inLanguage":"fr-FR"},{"@type":"Organization","@id":"https:\/\/velipost.com\/#organization","name":"VeliPost","url":"https:\/\/velipost.com\/","logo":{"@type":"ImageObject","inLanguage":"fr-FR","@id":"https:\/\/velipost.com\/#\/schema\/logo\/image\/","url":"https:\/\/velipost.com\/wp-content\/uploads\/2024\/08\/cropped-VP-logo-piti.png","contentUrl":"https:\/\/velipost.com\/wp-content\/uploads\/2024\/08\/cropped-VP-logo-piti.png","width":201,"height":69,"caption":"VeliPost"},"image":{"@id":"https:\/\/velipost.com\/#\/schema\/logo\/image\/"},"sameAs":["https:\/\/www.facebook.com\/veliposthaiti","https:\/\/x.com\/veliposthaiti","https:\/\/www.instagram.com\/veliposthaiti"]},{"@type":"Person","@id":"https:\/\/velipost.com\/#\/schema\/person\/32ff49a53c9c1bb24302ee8ece058096","name":"VeliPost","image":{"@type":"ImageObject","inLanguage":"fr-FR","@id":"https:\/\/velipost.com\/#\/schema\/person\/image\/","url":"https:\/\/secure.gravatar.com\/avatar\/57c226c264de62f794185a89596d4a37b85a5ad20aca30d9d5a478b27d8c8d9d?s=96&d=mm&r=g","contentUrl":"https:\/\/secure.gravatar.com\/avatar\/57c226c264de62f794185a89596d4a37b85a5ad20aca30d9d5a478b27d8c8d9d?s=96&d=mm&r=g","caption":"VeliPost"},"sameAs":["https:\/\/velipost.com"],"url":"https:\/\/velipost.com\/?author=1"}]}},"views":0,"jetpack_publicize_connections":[],"uagb_featured_image_src":{"full":["https:\/\/velipost.com\/wp-content\/uploads\/2025\/11\/Jean-Victor-Harvel-Jean-Baptiste-et-CPT.jpg",1170,603,false],"thumbnail":["https:\/\/velipost.com\/wp-content\/uploads\/2025\/11\/Jean-Victor-Harvel-Jean-Baptiste-et-CPT-150x150.jpg",150,150,true],"medium":["https:\/\/velipost.com\/wp-content\/uploads\/2025\/11\/Jean-Victor-Harvel-Jean-Baptiste-et-CPT-300x155.jpg",300,155,true],"medium_large":["https:\/\/velipost.com\/wp-content\/uploads\/2025\/11\/Jean-Victor-Harvel-Jean-Baptiste-et-CPT-768x396.jpg",715,369,true],"large":["https:\/\/velipost.com\/wp-content\/uploads\/2025\/11\/Jean-Victor-Harvel-Jean-Baptiste-et-CPT-1024x528.jpg",715,369,true],"1536x1536":["https:\/\/velipost.com\/wp-content\/uploads\/2025\/11\/Jean-Victor-Harvel-Jean-Baptiste-et-CPT.jpg",1170,603,false],"2048x2048":["https:\/\/velipost.com\/wp-content\/uploads\/2025\/11\/Jean-Victor-Harvel-Jean-Baptiste-et-CPT.jpg",1170,603,false],"colornews-big-slider":["https:\/\/velipost.com\/wp-content\/uploads\/2025\/11\/Jean-Victor-Harvel-Jean-Baptiste-et-CPT-1070x470.jpg",1070,470,true],"colornews-big-slider-thumb":["https:\/\/velipost.com\/wp-content\/uploads\/2025\/11\/Jean-Victor-Harvel-Jean-Baptiste-et-CPT-184x109.jpg",184,109,true],"colornews-featured-post-medium":["https:\/\/velipost.com\/wp-content\/uploads\/2025\/11\/Jean-Victor-Harvel-Jean-Baptiste-et-CPT-345x265.jpg",345,265,true],"colornews-featured-post-small":["https:\/\/velipost.com\/wp-content\/uploads\/2025\/11\/Jean-Victor-Harvel-Jean-Baptiste-et-CPT-115x73.jpg",115,73,true],"colornews-random-posts":["https:\/\/velipost.com\/wp-content\/uploads\/2025\/11\/Jean-Victor-Harvel-Jean-Baptiste-et-CPT-215x215.jpg",215,215,true],"colornews-featured-image":["https:\/\/velipost.com\/wp-content\/uploads\/2025\/11\/Jean-Victor-Harvel-Jean-Baptiste-et-CPT-715x400.jpg",715,400,true],"mailpoet_newsletter_max":["https:\/\/velipost.com\/wp-content\/uploads\/2025\/11\/Jean-Victor-Harvel-Jean-Baptiste-et-CPT.jpg",1170,603,false]},"uagb_author_info":{"display_name":"VeliPost","author_link":"https:\/\/velipost.com\/?author=1"},"uagb_comment_info":0,"uagb_excerpt":"En marge du Sommet CELAC\u2013Union europ\u00e9enne, le communiqu\u00e9 du minist\u00e8re des Affaires \u00e9trang\u00e8res (MAE) met en avant la rencontre entre le ministre Jean-Victor Harvel","_links":{"self":[{"href":"https:\/\/velipost.com\/index.php?rest_route=\/wp\/v2\/posts\/4842","targetHints":{"allow":["GET"]}}],"collection":[{"href":"https:\/\/velipost.com\/index.php?rest_route=\/wp\/v2\/posts"}],"about":[{"href":"https:\/\/velipost.com\/index.php?rest_route=\/wp\/v2\/types\/post"}],"author":[{"embeddable":true,"href":"https:\/\/velipost.com\/index.php?rest_route=\/wp\/v2\/users\/1"}],"replies":[{"embeddable":true,"href":"https:\/\/velipost.com\/index.php?rest_route=%2Fwp%2Fv2%2Fcomments&post=4842"}],"version-history":[{"count":1,"href":"https:\/\/velipost.com\/index.php?rest_route=\/wp\/v2\/posts\/4842\/revisions"}],"predecessor-version":[{"id":4844,"href":"https:\/\/velipost.com\/index.php?rest_route=\/wp\/v2\/posts\/4842\/revisions\/4844"}],"wp:featuredmedia":[{"embeddable":true,"href":"https:\/\/velipost.com\/index.php?rest_route=\/wp\/v2\/media\/4843"}],"wp:attachment":[{"href":"https:\/\/velipost.com\/index.php?rest_route=%2Fwp%2Fv2%2Fmedia&parent=4842"}],"wp:term":[{"taxonomy":"category","embeddable":true,"href":"https:\/\/velipost.com\/index.php?rest_route=%2Fwp%2Fv2%2Fcategories&post=4842"},{"taxonomy":"post_tag","embeddable":true,"href":"https:\/\/velipost.com\/index.php?rest_route=%2Fwp%2Fv2%2Ftags&post=4842"}],"curies":[{"name":"wp","href":"https:\/\/api.w.org\/{rel}","templated":true}]}}