{"id":4826,"date":"2025-11-09T05:42:36","date_gmt":"2025-11-09T04:42:36","guid":{"rendered":"https:\/\/velipost.com\/?p=4826"},"modified":"2025-11-09T05:42:38","modified_gmt":"2025-11-09T04:42:38","slug":"succes-retentissant-du-festival-educatif-culturel-saint-charles-de-borgne-2025","status":"publish","type":"post","link":"https:\/\/velipost.com\/?p=4826","title":{"rendered":"Succ\u00e8s retentissant du Festival \u00c9ducatif &#038; Culturel Saint-Charles de Borgne 2025"},"content":{"rendered":"\n<p><strong>Borgne, 8 novembre 2025<\/strong> | La commune de Borgne a vibr\u00e9 les 3 et 4 novembre derniers au rythme du Festival \u00c9ducatif &amp; Culturel Saint-Charles, une initiative port\u00e9e par Exper-Tise, en collaboration avec l\u2019Association des Femmes de Borgne (AFB).<br>Plac\u00e9e sous le signe du partage, de la culture et de l\u2019engagement communautaire, cette \u00e9dition 2025 a marqu\u00e9 les esprits par son organisation exemplaire et sa profondeur humaine.<\/p>\n\n\n\n<p>Le 3 novembre, consacr\u00e9 aux festivit\u00e9s culturelles, a transform\u00e9 Borgne en un v\u00e9ritable carrefour d\u2019\u00e9changes artistiques et de c\u00e9l\u00e9bration populaire. Musique, danse et prestations sc\u00e9niques se sont succ\u00e9d\u00e9 dans une atmosph\u00e8re de joie, d\u2019unit\u00e9 et de fiert\u00e9 locale. Les participants, venus de divers horizons, ont unanimement salu\u00e9 la qualit\u00e9 des prestations et la chaleur de l\u2019accueil.<\/p>\n\n\n\n<p>Le 4 novembre, la conf\u00e9rence \u00e9ducative a r\u00e9uni des acteurs du monde acad\u00e9mique, des repr\u00e9sentants communautaires et des jeunes autour de th\u00e9matiques fortes li\u00e9es \u00e0 l\u2019\u00e9ducation, au leadership et au d\u00e9veloppement durable. Ce moment de r\u00e9flexion collective a permis de souligner le r\u00f4le essentiel de la jeunesse et de la culture dans la construction d\u2019une soci\u00e9t\u00e9 plus solidaire et r\u00e9siliente.<\/p>\n\n\n\n<p>Gr\u00e2ce \u00e0 un travail d\u2019\u00e9quipe rigoureux et \u00e0 l\u2019appui de partenaires engag\u00e9s notamment la Mairie de Borgne, Paryaj Pam, Les Aliz\u00e9s R\u00e9sidence et Lucrecia Entreprise le Festival Saint-Charles s\u2019impose d\u00e9sormais comme un rendez-vous annuel incontournable dans le Nord d\u2019Ha\u00efti, promouvant \u00e0 la fois la valorisation du patrimoine local et l\u2019\u00e9ducation citoyenne.<\/p>\n\n\n\n<p>\u00ab Ce festival est plus qu\u2019un \u00e9v\u00e9nement : c\u2019est un mouvement collectif vers l\u2019espoir, la passion et la fiert\u00e9 communautaire \u00bb, a d\u00e9clar\u00e9 Joseph James, fondateur d\u2019Exper-Tise et initiateur du projet.<\/p>\n\n\n\n<p>L\u2019\u00e9quipe organisatrice promet d\u00e9j\u00e0 une \u00e9dition 2026 encore plus ambitieuse, avec de nouvelles perspectives d\u2019ouverture, de formation et de collaboration au profit de la jeunesse de Borgne et d\u2019Ha\u00efti tout enti\u00e8re.<\/p>\n\n    <div class=\"xs_social_share_widget xs_share_url after_content \t\tmain_content  wslu-style-3 wslu-share-box-shaped wslu-fill-brand-hover-colored wslu-share-m-5 wslu-none wslu-share-horizontal wslu-theme-font-no wslu-main_content\">\n\n\t\t\n        <ul>\n\t\t\t                    <li class=\"xs-share-li twitter                        wslu-no-extra-data\">\n                        <a href=\"javascript:void(0);\"\n                           id=\"xs_feed_twitter\"\n                           onclick=\"xs_social_sharer(this);\"\n                           data-pid=\"4826\"\n                           data-uri_hash=\"cac45f0c8e9038d7c6733ca50b9a89db\"\n                           data-key=\"twitter\"\n                           data-xs-href=\"https:\/\/twitter.com\/intent\/tweet?text=Succ%C3%A8s+retentissant+du+Festival+%C3%89ducatif+%26%23038%3B+Culturel+Saint-Charles+de+Borgne+2025+https%3A%2F%2Fvelipost.com%2Findex.php%3Frest_route%3D%252Fwp%252Fv2%252Fposts%252F4826&amp;original_referer=https%3A%2F%2Fvelipost.com%2Findex.php%3Frest_route%3D%252Fwp%252Fv2%252Fposts%252F4826&amp;related=xpeedstudio\">\n\n                            <div class=\"xs-social-icon\">\n                                <span class=\"met-social met-social-twitter\"><\/span>\n                            <\/div>\n\n\t\t\t\t\t\t\t\n                            <div class=\"wslu-hover-content\">\n                                <div class=\"xs-social-followers\">\n\t\t\t\t\t\t\t\t\t10                                <\/div>\n                                <div class=\"xs-social-follower-text\">\n\t\t\t\t\t\t\t\t\tShare                                <\/div>\n                                <div class=\"xs-social-follower-label\">\n\t\t\t\t\t\t\t\t\tTwitter                                <\/div>\n                            <\/div>\n                        <\/a>\n                    <\/li>\n\t\t\t\t\t                    <li class=\"xs-share-li telegram                        wslu-no-extra-data\">\n                        <a href=\"javascript:void(0);\"\n                           id=\"xs_feed_telegram\"\n                           onclick=\"xs_social_sharer(this);\"\n                           data-pid=\"4826\"\n                           data-uri_hash=\"cac45f0c8e9038d7c6733ca50b9a89db\"\n                           data-key=\"telegram\"\n                           data-xs-href=\"https:\/\/telegram.me\/share\/url?url=https%3A%2F%2Fvelipost.com%2Findex.php%3Frest_route%3D%252Fwp%252Fv2%252Fposts%252F4826&amp;text=Succ%C3%A8s+retentissant+du+Festival+%C3%89ducatif+%26%23038%3B+Culturel+Saint-Charles+de+Borgne+2025\">\n\n                            <div class=\"xs-social-icon\">\n                                <span class=\"met-social met-social-telegram\"><\/span>\n                            <\/div>\n\n\t\t\t\t\t\t\t\n                            <div class=\"wslu-hover-content\">\n                                <div class=\"xs-social-followers\">\n\t\t\t\t\t\t\t\t\t0                                <\/div>\n                                <div class=\"xs-social-follower-text\">\n\t\t\t\t\t\t\t\t\tShare                                <\/div>\n                                <div class=\"xs-social-follower-label\">\n\t\t\t\t\t\t\t\t\tTelegram                                <\/div>\n                            <\/div>\n                        <\/a>\n                    <\/li>\n\t\t\t\t\t                    <li class=\"xs-share-li email                        wslu-no-extra-data\">\n                        <a href=\"javascript:void(0);\"\n                           id=\"xs_feed_email\"\n                           onclick=\"xs_social_sharer(this);\"\n                           data-pid=\"4826\"\n                           data-uri_hash=\"cac45f0c8e9038d7c6733ca50b9a89db\"\n                           data-key=\"email\"\n                           data-xs-href=\"mailto:?body=Title%3A+Succ%C3%A8s+retentissant+du+Festival+%C3%89ducatif+%26%23038%3B+Culturel+Saint-Charles+de+Borgne+2025+%5Cn%5Cn+URL%3A+https%3A%2F%2Fvelipost.com%2Findex.php%3Frest_route%3D%252Fwp%252Fv2%252Fposts%252F4826&amp;subject=Succ%C3%A8s+retentissant+du+Festival+%C3%89ducatif+%26%23038%3B+Culturel+Saint-Charles+de+Borgne+2025\">\n\n                            <div class=\"xs-social-icon\">\n                                <span class=\"met-social met-social-email\"><\/span>\n                            <\/div>\n\n\t\t\t\t\t\t\t\n                            <div class=\"wslu-hover-content\">\n                                <div class=\"xs-social-followers\">\n\t\t\t\t\t\t\t\t\t0                                <\/div>\n                                <div class=\"xs-social-follower-text\">\n\t\t\t\t\t\t\t\t\tShare                                <\/div>\n                                <div class=\"xs-social-follower-label\">\n\t\t\t\t\t\t\t\t\tEmail                                <\/div>\n                            <\/div>\n                        <\/a>\n                    <\/li>\n\t\t\t\t\t        <\/ul>\n    <\/div> \n","protected":false},"excerpt":{"rendered":"<p>Borgne, 8 novembre 2025 | La commune de Borgne a vibr\u00e9 les 3 et 4 novembre derniers au rythme du Festival \u00c9ducatif &amp; Culturel<\/p>\n","protected":false},"author":1,"featured_media":4827,"comment_status":"open","ping_status":"open","sticky":false,"template":"","format":"standard","meta":{"_uag_custom_page_level_css":"","footnotes":"","jetpack_publicize_message":"","jetpack_publicize_feature_enabled":true,"jetpack_social_post_already_shared":true,"jetpack_social_options":{"image_generator_settings":{"template":"highway","default_image_id":0,"font":"","enabled":false},"version":2}},"categories":[54],"tags":[],"class_list":["post-4826","post","type-post","status-publish","format-standard","has-post-thumbnail","hentry","category-culture"],"yoast_head":"<!-- This site is optimized with the Yoast SEO plugin v25.3.1 - https:\/\/yoast.com\/wordpress\/plugins\/seo\/ -->\n<title>Succ\u00e8s retentissant du Festival \u00c9ducatif &amp; Culturel Saint-Charles de Borgne 2025 &#8211; VeliPost<\/title>\n<meta name=\"robots\" content=\"index, follow, max-snippet:-1, max-image-preview:large, max-video-preview:-1\" \/>\n<link rel=\"canonical\" href=\"https:\/\/velipost.com\/?p=4826\" \/>\n<meta property=\"og:locale\" content=\"fr_FR\" \/>\n<meta property=\"og:type\" content=\"article\" \/>\n<meta property=\"og:title\" content=\"Succ\u00e8s retentissant du Festival \u00c9ducatif &amp; Culturel Saint-Charles de Borgne 2025 &#8211; VeliPost\" \/>\n<meta property=\"og:description\" content=\"Borgne, 8 novembre 2025 | La commune de Borgne a vibr\u00e9 les 3 et 4 novembre derniers au rythme du Festival \u00c9ducatif &amp; Culturel\" \/>\n<meta property=\"og:url\" content=\"https:\/\/velipost.com\/?p=4826\" \/>\n<meta property=\"og:site_name\" content=\"VeliPost\" \/>\n<meta property=\"article:publisher\" content=\"https:\/\/www.facebook.com\/veliposthaiti\" \/>\n<meta property=\"article:published_time\" content=\"2025-11-09T04:42:36+00:00\" \/>\n<meta property=\"article:modified_time\" content=\"2025-11-09T04:42:38+00:00\" \/>\n<meta property=\"og:image\" content=\"https:\/\/velipost.com\/wp-content\/uploads\/2025\/11\/Succes-retentissant-du-Festival-Educatif-Culturel-Saint-Charles-de-Borgne-2025.jpg\" \/>\n\t<meta property=\"og:image:width\" content=\"1170\" \/>\n\t<meta property=\"og:image:height\" content=\"603\" \/>\n\t<meta property=\"og:image:type\" content=\"image\/jpeg\" \/>\n<meta name=\"author\" content=\"VeliPost\" \/>\n<meta name=\"twitter:card\" content=\"summary_large_image\" \/>\n<meta name=\"twitter:creator\" content=\"@veliposthaiti\" \/>\n<meta name=\"twitter:site\" content=\"@veliposthaiti\" \/>\n<meta name=\"twitter:label1\" content=\"\u00c9crit par\" \/>\n\t<meta name=\"twitter:data1\" content=\"VeliPost\" \/>\n\t<meta name=\"twitter:label2\" content=\"Dur\u00e9e de lecture estim\u00e9e\" \/>\n\t<meta name=\"twitter:data2\" content=\"2 minutes\" \/>\n<script type=\"application\/ld+json\" class=\"yoast-schema-graph\">{\"@context\":\"https:\/\/schema.org\",\"@graph\":[{\"@type\":\"Article\",\"@id\":\"https:\/\/velipost.com\/?p=4826#article\",\"isPartOf\":{\"@id\":\"https:\/\/velipost.com\/?p=4826\"},\"author\":{\"name\":\"VeliPost\",\"@id\":\"https:\/\/velipost.com\/#\/schema\/person\/32ff49a53c9c1bb24302ee8ece058096\"},\"headline\":\"Succ\u00e8s retentissant du Festival \u00c9ducatif &#038; Culturel Saint-Charles de Borgne 2025\",\"datePublished\":\"2025-11-09T04:42:36+00:00\",\"dateModified\":\"2025-11-09T04:42:38+00:00\",\"mainEntityOfPage\":{\"@id\":\"https:\/\/velipost.com\/?p=4826\"},\"wordCount\":340,\"commentCount\":0,\"publisher\":{\"@id\":\"https:\/\/velipost.com\/#organization\"},\"image\":{\"@id\":\"https:\/\/velipost.com\/?p=4826#primaryimage\"},\"thumbnailUrl\":\"https:\/\/velipost.com\/wp-content\/uploads\/2025\/11\/Succes-retentissant-du-Festival-Educatif-Culturel-Saint-Charles-de-Borgne-2025.jpg\",\"articleSection\":[\"Culture\"],\"inLanguage\":\"fr-FR\",\"potentialAction\":[{\"@type\":\"CommentAction\",\"name\":\"Comment\",\"target\":[\"https:\/\/velipost.com\/?p=4826#respond\"]}]},{\"@type\":\"WebPage\",\"@id\":\"https:\/\/velipost.com\/?p=4826\",\"url\":\"https:\/\/velipost.com\/?p=4826\",\"name\":\"Succ\u00e8s retentissant du Festival \u00c9ducatif & Culturel Saint-Charles de Borgne 2025 &#8211; VeliPost\",\"isPartOf\":{\"@id\":\"https:\/\/velipost.com\/#website\"},\"primaryImageOfPage\":{\"@id\":\"https:\/\/velipost.com\/?p=4826#primaryimage\"},\"image\":{\"@id\":\"https:\/\/velipost.com\/?p=4826#primaryimage\"},\"thumbnailUrl\":\"https:\/\/velipost.com\/wp-content\/uploads\/2025\/11\/Succes-retentissant-du-Festival-Educatif-Culturel-Saint-Charles-de-Borgne-2025.jpg\",\"datePublished\":\"2025-11-09T04:42:36+00:00\",\"dateModified\":\"2025-11-09T04:42:38+00:00\",\"breadcrumb\":{\"@id\":\"https:\/\/velipost.com\/?p=4826#breadcrumb\"},\"inLanguage\":\"fr-FR\",\"potentialAction\":[{\"@type\":\"ReadAction\",\"target\":[\"https:\/\/velipost.com\/?p=4826\"]}]},{\"@type\":\"ImageObject\",\"inLanguage\":\"fr-FR\",\"@id\":\"https:\/\/velipost.com\/?p=4826#primaryimage\",\"url\":\"https:\/\/velipost.com\/wp-content\/uploads\/2025\/11\/Succes-retentissant-du-Festival-Educatif-Culturel-Saint-Charles-de-Borgne-2025.jpg\",\"contentUrl\":\"https:\/\/velipost.com\/wp-content\/uploads\/2025\/11\/Succes-retentissant-du-Festival-Educatif-Culturel-Saint-Charles-de-Borgne-2025.jpg\",\"width\":1170,\"height\":603},{\"@type\":\"BreadcrumbList\",\"@id\":\"https:\/\/velipost.com\/?p=4826#breadcrumb\",\"itemListElement\":[{\"@type\":\"ListItem\",\"position\":1,\"name\":\"Accueil\",\"item\":\"https:\/\/velipost.com\/\"},{\"@type\":\"ListItem\",\"position\":2,\"name\":\"Succ\u00e8s retentissant du Festival \u00c9ducatif &#038; Culturel Saint-Charles de Borgne 2025\"}]},{\"@type\":\"WebSite\",\"@id\":\"https:\/\/velipost.com\/#website\",\"url\":\"https:\/\/velipost.com\/\",\"name\":\"VeliPost\",\"description\":\"L\u2019info en un clic\",\"publisher\":{\"@id\":\"https:\/\/velipost.com\/#organization\"},\"potentialAction\":[{\"@type\":\"SearchAction\",\"target\":{\"@type\":\"EntryPoint\",\"urlTemplate\":\"https:\/\/velipost.com\/?s={search_term_string}\"},\"query-input\":{\"@type\":\"PropertyValueSpecification\",\"valueRequired\":true,\"valueName\":\"search_term_string\"}}],\"inLanguage\":\"fr-FR\"},{\"@type\":\"Organization\",\"@id\":\"https:\/\/velipost.com\/#organization\",\"name\":\"VeliPost\",\"url\":\"https:\/\/velipost.com\/\",\"logo\":{\"@type\":\"ImageObject\",\"inLanguage\":\"fr-FR\",\"@id\":\"https:\/\/velipost.com\/#\/schema\/logo\/image\/\",\"url\":\"https:\/\/velipost.com\/wp-content\/uploads\/2024\/08\/cropped-VP-logo-piti.png\",\"contentUrl\":\"https:\/\/velipost.com\/wp-content\/uploads\/2024\/08\/cropped-VP-logo-piti.png\",\"width\":201,\"height\":69,\"caption\":\"VeliPost\"},\"image\":{\"@id\":\"https:\/\/velipost.com\/#\/schema\/logo\/image\/\"},\"sameAs\":[\"https:\/\/www.facebook.com\/veliposthaiti\",\"https:\/\/x.com\/veliposthaiti\",\"https:\/\/www.instagram.com\/veliposthaiti\"]},{\"@type\":\"Person\",\"@id\":\"https:\/\/velipost.com\/#\/schema\/person\/32ff49a53c9c1bb24302ee8ece058096\",\"name\":\"VeliPost\",\"image\":{\"@type\":\"ImageObject\",\"inLanguage\":\"fr-FR\",\"@id\":\"https:\/\/velipost.com\/#\/schema\/person\/image\/\",\"url\":\"https:\/\/secure.gravatar.com\/avatar\/57c226c264de62f794185a89596d4a37b85a5ad20aca30d9d5a478b27d8c8d9d?s=96&d=mm&r=g\",\"contentUrl\":\"https:\/\/secure.gravatar.com\/avatar\/57c226c264de62f794185a89596d4a37b85a5ad20aca30d9d5a478b27d8c8d9d?s=96&d=mm&r=g\",\"caption\":\"VeliPost\"},\"sameAs\":[\"https:\/\/velipost.com\"],\"url\":\"https:\/\/velipost.com\/?author=1\"}]}<\/script>\n<!-- \/ Yoast SEO plugin. -->","yoast_head_json":{"title":"Succ\u00e8s retentissant du Festival \u00c9ducatif & Culturel Saint-Charles de Borgne 2025 &#8211; VeliPost","robots":{"index":"index","follow":"follow","max-snippet":"max-snippet:-1","max-image-preview":"max-image-preview:large","max-video-preview":"max-video-preview:-1"},"canonical":"https:\/\/velipost.com\/?p=4826","og_locale":"fr_FR","og_type":"article","og_title":"Succ\u00e8s retentissant du Festival \u00c9ducatif & Culturel Saint-Charles de Borgne 2025 &#8211; VeliPost","og_description":"Borgne, 8 novembre 2025 | La commune de Borgne a vibr\u00e9 les 3 et 4 novembre derniers au rythme du Festival \u00c9ducatif &amp; Culturel","og_url":"https:\/\/velipost.com\/?p=4826","og_site_name":"VeliPost","article_publisher":"https:\/\/www.facebook.com\/veliposthaiti","article_published_time":"2025-11-09T04:42:36+00:00","article_modified_time":"2025-11-09T04:42:38+00:00","og_image":[{"width":1170,"height":603,"url":"https:\/\/velipost.com\/wp-content\/uploads\/2025\/11\/Succes-retentissant-du-Festival-Educatif-Culturel-Saint-Charles-de-Borgne-2025.jpg","type":"image\/jpeg"}],"author":"VeliPost","twitter_card":"summary_large_image","twitter_creator":"@veliposthaiti","twitter_site":"@veliposthaiti","twitter_misc":{"\u00c9crit par":"VeliPost","Dur\u00e9e de lecture estim\u00e9e":"2 minutes"},"schema":{"@context":"https:\/\/schema.org","@graph":[{"@type":"Article","@id":"https:\/\/velipost.com\/?p=4826#article","isPartOf":{"@id":"https:\/\/velipost.com\/?p=4826"},"author":{"name":"VeliPost","@id":"https:\/\/velipost.com\/#\/schema\/person\/32ff49a53c9c1bb24302ee8ece058096"},"headline":"Succ\u00e8s retentissant du Festival \u00c9ducatif &#038; Culturel Saint-Charles de Borgne 2025","datePublished":"2025-11-09T04:42:36+00:00","dateModified":"2025-11-09T04:42:38+00:00","mainEntityOfPage":{"@id":"https:\/\/velipost.com\/?p=4826"},"wordCount":340,"commentCount":0,"publisher":{"@id":"https:\/\/velipost.com\/#organization"},"image":{"@id":"https:\/\/velipost.com\/?p=4826#primaryimage"},"thumbnailUrl":"https:\/\/velipost.com\/wp-content\/uploads\/2025\/11\/Succes-retentissant-du-Festival-Educatif-Culturel-Saint-Charles-de-Borgne-2025.jpg","articleSection":["Culture"],"inLanguage":"fr-FR","potentialAction":[{"@type":"CommentAction","name":"Comment","target":["https:\/\/velipost.com\/?p=4826#respond"]}]},{"@type":"WebPage","@id":"https:\/\/velipost.com\/?p=4826","url":"https:\/\/velipost.com\/?p=4826","name":"Succ\u00e8s retentissant du Festival \u00c9ducatif & Culturel Saint-Charles de Borgne 2025 &#8211; VeliPost","isPartOf":{"@id":"https:\/\/velipost.com\/#website"},"primaryImageOfPage":{"@id":"https:\/\/velipost.com\/?p=4826#primaryimage"},"image":{"@id":"https:\/\/velipost.com\/?p=4826#primaryimage"},"thumbnailUrl":"https:\/\/velipost.com\/wp-content\/uploads\/2025\/11\/Succes-retentissant-du-Festival-Educatif-Culturel-Saint-Charles-de-Borgne-2025.jpg","datePublished":"2025-11-09T04:42:36+00:00","dateModified":"2025-11-09T04:42:38+00:00","breadcrumb":{"@id":"https:\/\/velipost.com\/?p=4826#breadcrumb"},"inLanguage":"fr-FR","potentialAction":[{"@type":"ReadAction","target":["https:\/\/velipost.com\/?p=4826"]}]},{"@type":"ImageObject","inLanguage":"fr-FR","@id":"https:\/\/velipost.com\/?p=4826#primaryimage","url":"https:\/\/velipost.com\/wp-content\/uploads\/2025\/11\/Succes-retentissant-du-Festival-Educatif-Culturel-Saint-Charles-de-Borgne-2025.jpg","contentUrl":"https:\/\/velipost.com\/wp-content\/uploads\/2025\/11\/Succes-retentissant-du-Festival-Educatif-Culturel-Saint-Charles-de-Borgne-2025.jpg","width":1170,"height":603},{"@type":"BreadcrumbList","@id":"https:\/\/velipost.com\/?p=4826#breadcrumb","itemListElement":[{"@type":"ListItem","position":1,"name":"Accueil","item":"https:\/\/velipost.com\/"},{"@type":"ListItem","position":2,"name":"Succ\u00e8s retentissant du Festival \u00c9ducatif &#038; Culturel Saint-Charles de Borgne 2025"}]},{"@type":"WebSite","@id":"https:\/\/velipost.com\/#website","url":"https:\/\/velipost.com\/","name":"VeliPost","description":"L\u2019info en un clic","publisher":{"@id":"https:\/\/velipost.com\/#organization"},"potentialAction":[{"@type":"SearchAction","target":{"@type":"EntryPoint","urlTemplate":"https:\/\/velipost.com\/?s={search_term_string}"},"query-input":{"@type":"PropertyValueSpecification","valueRequired":true,"valueName":"search_term_string"}}],"inLanguage":"fr-FR"},{"@type":"Organization","@id":"https:\/\/velipost.com\/#organization","name":"VeliPost","url":"https:\/\/velipost.com\/","logo":{"@type":"ImageObject","inLanguage":"fr-FR","@id":"https:\/\/velipost.com\/#\/schema\/logo\/image\/","url":"https:\/\/velipost.com\/wp-content\/uploads\/2024\/08\/cropped-VP-logo-piti.png","contentUrl":"https:\/\/velipost.com\/wp-content\/uploads\/2024\/08\/cropped-VP-logo-piti.png","width":201,"height":69,"caption":"VeliPost"},"image":{"@id":"https:\/\/velipost.com\/#\/schema\/logo\/image\/"},"sameAs":["https:\/\/www.facebook.com\/veliposthaiti","https:\/\/x.com\/veliposthaiti","https:\/\/www.instagram.com\/veliposthaiti"]},{"@type":"Person","@id":"https:\/\/velipost.com\/#\/schema\/person\/32ff49a53c9c1bb24302ee8ece058096","name":"VeliPost","image":{"@type":"ImageObject","inLanguage":"fr-FR","@id":"https:\/\/velipost.com\/#\/schema\/person\/image\/","url":"https:\/\/secure.gravatar.com\/avatar\/57c226c264de62f794185a89596d4a37b85a5ad20aca30d9d5a478b27d8c8d9d?s=96&d=mm&r=g","contentUrl":"https:\/\/secure.gravatar.com\/avatar\/57c226c264de62f794185a89596d4a37b85a5ad20aca30d9d5a478b27d8c8d9d?s=96&d=mm&r=g","caption":"VeliPost"},"sameAs":["https:\/\/velipost.com"],"url":"https:\/\/velipost.com\/?author=1"}]}},"views":0,"jetpack_publicize_connections":[],"uagb_featured_image_src":{"full":["https:\/\/velipost.com\/wp-content\/uploads\/2025\/11\/Succes-retentissant-du-Festival-Educatif-Culturel-Saint-Charles-de-Borgne-2025.jpg",1170,603,false],"thumbnail":["https:\/\/velipost.com\/wp-content\/uploads\/2025\/11\/Succes-retentissant-du-Festival-Educatif-Culturel-Saint-Charles-de-Borgne-2025-150x150.jpg",150,150,true],"medium":["https:\/\/velipost.com\/wp-content\/uploads\/2025\/11\/Succes-retentissant-du-Festival-Educatif-Culturel-Saint-Charles-de-Borgne-2025-300x155.jpg",300,155,true],"medium_large":["https:\/\/velipost.com\/wp-content\/uploads\/2025\/11\/Succes-retentissant-du-Festival-Educatif-Culturel-Saint-Charles-de-Borgne-2025-768x396.jpg",715,369,true],"large":["https:\/\/velipost.com\/wp-content\/uploads\/2025\/11\/Succes-retentissant-du-Festival-Educatif-Culturel-Saint-Charles-de-Borgne-2025-1024x528.jpg",715,369,true],"1536x1536":["https:\/\/velipost.com\/wp-content\/uploads\/2025\/11\/Succes-retentissant-du-Festival-Educatif-Culturel-Saint-Charles-de-Borgne-2025.jpg",1170,603,false],"2048x2048":["https:\/\/velipost.com\/wp-content\/uploads\/2025\/11\/Succes-retentissant-du-Festival-Educatif-Culturel-Saint-Charles-de-Borgne-2025.jpg",1170,603,false],"colornews-big-slider":["https:\/\/velipost.com\/wp-content\/uploads\/2025\/11\/Succes-retentissant-du-Festival-Educatif-Culturel-Saint-Charles-de-Borgne-2025-1070x470.jpg",1070,470,true],"colornews-big-slider-thumb":["https:\/\/velipost.com\/wp-content\/uploads\/2025\/11\/Succes-retentissant-du-Festival-Educatif-Culturel-Saint-Charles-de-Borgne-2025-184x109.jpg",184,109,true],"colornews-featured-post-medium":["https:\/\/velipost.com\/wp-content\/uploads\/2025\/11\/Succes-retentissant-du-Festival-Educatif-Culturel-Saint-Charles-de-Borgne-2025-345x265.jpg",345,265,true],"colornews-featured-post-small":["https:\/\/velipost.com\/wp-content\/uploads\/2025\/11\/Succes-retentissant-du-Festival-Educatif-Culturel-Saint-Charles-de-Borgne-2025-115x73.jpg",115,73,true],"colornews-random-posts":["https:\/\/velipost.com\/wp-content\/uploads\/2025\/11\/Succes-retentissant-du-Festival-Educatif-Culturel-Saint-Charles-de-Borgne-2025-215x215.jpg",215,215,true],"colornews-featured-image":["https:\/\/velipost.com\/wp-content\/uploads\/2025\/11\/Succes-retentissant-du-Festival-Educatif-Culturel-Saint-Charles-de-Borgne-2025-715x400.jpg",715,400,true],"mailpoet_newsletter_max":["https:\/\/velipost.com\/wp-content\/uploads\/2025\/11\/Succes-retentissant-du-Festival-Educatif-Culturel-Saint-Charles-de-Borgne-2025.jpg",1170,603,false]},"uagb_author_info":{"display_name":"VeliPost","author_link":"https:\/\/velipost.com\/?author=1"},"uagb_comment_info":0,"uagb_excerpt":"Borgne, 8 novembre 2025 | La commune de Borgne a vibr\u00e9 les 3 et 4 novembre derniers au rythme du Festival \u00c9ducatif &amp; Culturel","_links":{"self":[{"href":"https:\/\/velipost.com\/index.php?rest_route=\/wp\/v2\/posts\/4826","targetHints":{"allow":["GET"]}}],"collection":[{"href":"https:\/\/velipost.com\/index.php?rest_route=\/wp\/v2\/posts"}],"about":[{"href":"https:\/\/velipost.com\/index.php?rest_route=\/wp\/v2\/types\/post"}],"author":[{"embeddable":true,"href":"https:\/\/velipost.com\/index.php?rest_route=\/wp\/v2\/users\/1"}],"replies":[{"embeddable":true,"href":"https:\/\/velipost.com\/index.php?rest_route=%2Fwp%2Fv2%2Fcomments&post=4826"}],"version-history":[{"count":1,"href":"https:\/\/velipost.com\/index.php?rest_route=\/wp\/v2\/posts\/4826\/revisions"}],"predecessor-version":[{"id":4828,"href":"https:\/\/velipost.com\/index.php?rest_route=\/wp\/v2\/posts\/4826\/revisions\/4828"}],"wp:featuredmedia":[{"embeddable":true,"href":"https:\/\/velipost.com\/index.php?rest_route=\/wp\/v2\/media\/4827"}],"wp:attachment":[{"href":"https:\/\/velipost.com\/index.php?rest_route=%2Fwp%2Fv2%2Fmedia&parent=4826"}],"wp:term":[{"taxonomy":"category","embeddable":true,"href":"https:\/\/velipost.com\/index.php?rest_route=%2Fwp%2Fv2%2Fcategories&post=4826"},{"taxonomy":"post_tag","embeddable":true,"href":"https:\/\/velipost.com\/index.php?rest_route=%2Fwp%2Fv2%2Ftags&post=4826"}],"curies":[{"name":"wp","href":"https:\/\/api.w.org\/{rel}","templated":true}]}}