{"id":4785,"date":"2025-11-03T12:15:39","date_gmt":"2025-11-03T11:15:39","guid":{"rendered":"https:\/\/velipost.com\/?p=4785"},"modified":"2025-11-03T12:15:41","modified_gmt":"2025-11-03T11:15:41","slug":"le-gouvernement-haitien-decrete-trois-jours-de-deuil-national-apres-le-passage-de-louragan-melissa","status":"publish","type":"post","link":"https:\/\/velipost.com\/?p=4785","title":{"rendered":"Le gouvernement ha\u00eftien d\u00e9cr\u00e8te trois jours de deuil national apr\u00e8s le passage de l\u2019ouragan Melissa"},"content":{"rendered":"\n<p>Le gouvernement ha\u00eftien a pris d\u2019importantes d\u00e9cisions ce vendredi lors d\u2019un Conseil des ministres sp\u00e9cial tenu par visioconf\u00e9rence. Ces mesures font suite aux d\u00e9g\u00e2ts provoqu\u00e9s par le passage de l\u2019ouragan Melissa, qui a caus\u00e9 la mort de plus d\u2019une vingtaine de personnes.<\/p>\n\n\n\n<p>Les lundi 3, mardi 4 et mercredi 5 novembre 2025 sont d\u00e9clar\u00e9s jours de deuil national. Pendant ces journ\u00e9es, le drapeau sera en berne, les discoth\u00e8ques resteront ferm\u00e9es, et les m\u00e9dias diffuseront uniquement des \u00e9missions et musiques de circonstance.<\/p>\n\n\n\n<p>En plus, le gouvernement a instaur\u00e9 un \u00e9tat d\u2019urgence pour trois mois, du 3 novembre 2025 au 3 f\u00e9vrier 2026, dans les d\u00e9partements du Sud, Sud-Est, Grand-Anse, Nippes, Ouest et Nord-Ouest. Cette d\u00e9cision vise \u00e0 aider les familles sinistr\u00e9es et \u00e0 faciliter les op\u00e9rations de secours.<\/p>\n\n\n\n<p>Le Conseil Pr\u00e9sidentiel de Transition et le Gouvernement assurent qu\u2019ils continueront \u00e0 travailler ensemble pour soutenir les victimes et am\u00e9liorer la situation du pays.<\/p>\n\n    <div class=\"xs_social_share_widget xs_share_url after_content \t\tmain_content  wslu-style-3 wslu-share-box-shaped wslu-fill-brand-hover-colored wslu-share-m-5 wslu-none wslu-share-horizontal wslu-theme-font-no wslu-main_content\">\n\n\t\t\n        <ul>\n\t\t\t                    <li class=\"xs-share-li twitter                        wslu-no-extra-data\">\n                        <a href=\"javascript:void(0);\"\n                           id=\"xs_feed_twitter\"\n                           onclick=\"xs_social_sharer(this);\"\n                           data-pid=\"4785\"\n                           data-uri_hash=\"664b25bdb3e4f9004c58f30acfec4dce\"\n                           data-key=\"twitter\"\n                           data-xs-href=\"https:\/\/twitter.com\/intent\/tweet?text=Le+gouvernement+ha%C3%AFtien+d%C3%A9cr%C3%A8te+trois+jours+de+deuil+national+apr%C3%A8s+le+passage+de+l%E2%80%99ouragan+Melissa+https%3A%2F%2Fvelipost.com%2Findex.php%3Frest_route%3D%252Fwp%252Fv2%252Fposts%252F4785&amp;original_referer=https%3A%2F%2Fvelipost.com%2Findex.php%3Frest_route%3D%252Fwp%252Fv2%252Fposts%252F4785&amp;related=xpeedstudio\">\n\n                            <div class=\"xs-social-icon\">\n                                <span class=\"met-social met-social-twitter\"><\/span>\n                            <\/div>\n\n\t\t\t\t\t\t\t\n                            <div class=\"wslu-hover-content\">\n                                <div class=\"xs-social-followers\">\n\t\t\t\t\t\t\t\t\t10                                <\/div>\n                                <div class=\"xs-social-follower-text\">\n\t\t\t\t\t\t\t\t\tShare                                <\/div>\n                                <div class=\"xs-social-follower-label\">\n\t\t\t\t\t\t\t\t\tTwitter                                <\/div>\n                            <\/div>\n                        <\/a>\n                    <\/li>\n\t\t\t\t\t                    <li class=\"xs-share-li telegram                        wslu-no-extra-data\">\n                        <a href=\"javascript:void(0);\"\n                           id=\"xs_feed_telegram\"\n                           onclick=\"xs_social_sharer(this);\"\n                           data-pid=\"4785\"\n                           data-uri_hash=\"664b25bdb3e4f9004c58f30acfec4dce\"\n                           data-key=\"telegram\"\n                           data-xs-href=\"https:\/\/telegram.me\/share\/url?url=https%3A%2F%2Fvelipost.com%2Findex.php%3Frest_route%3D%252Fwp%252Fv2%252Fposts%252F4785&amp;text=Le+gouvernement+ha%C3%AFtien+d%C3%A9cr%C3%A8te+trois+jours+de+deuil+national+apr%C3%A8s+le+passage+de+l%E2%80%99ouragan+Melissa\">\n\n                            <div class=\"xs-social-icon\">\n                                <span class=\"met-social met-social-telegram\"><\/span>\n                            <\/div>\n\n\t\t\t\t\t\t\t\n                            <div class=\"wslu-hover-content\">\n                                <div class=\"xs-social-followers\">\n\t\t\t\t\t\t\t\t\t0                                <\/div>\n                                <div class=\"xs-social-follower-text\">\n\t\t\t\t\t\t\t\t\tShare                                <\/div>\n                                <div class=\"xs-social-follower-label\">\n\t\t\t\t\t\t\t\t\tTelegram                                <\/div>\n                            <\/div>\n                        <\/a>\n                    <\/li>\n\t\t\t\t\t                    <li class=\"xs-share-li email                        wslu-no-extra-data\">\n                        <a href=\"javascript:void(0);\"\n                           id=\"xs_feed_email\"\n                           onclick=\"xs_social_sharer(this);\"\n                           data-pid=\"4785\"\n                           data-uri_hash=\"664b25bdb3e4f9004c58f30acfec4dce\"\n                           data-key=\"email\"\n                           data-xs-href=\"mailto:?body=Title%3A+Le+gouvernement+ha%C3%AFtien+d%C3%A9cr%C3%A8te+trois+jours+de+deuil+national+apr%C3%A8s+le+passage+de+l%E2%80%99ouragan+Melissa+%5Cn%5Cn+URL%3A+https%3A%2F%2Fvelipost.com%2Findex.php%3Frest_route%3D%252Fwp%252Fv2%252Fposts%252F4785&amp;subject=Le+gouvernement+ha%C3%AFtien+d%C3%A9cr%C3%A8te+trois+jours+de+deuil+national+apr%C3%A8s+le+passage+de+l%E2%80%99ouragan+Melissa\">\n\n                            <div class=\"xs-social-icon\">\n                                <span class=\"met-social met-social-email\"><\/span>\n                            <\/div>\n\n\t\t\t\t\t\t\t\n                            <div class=\"wslu-hover-content\">\n                                <div class=\"xs-social-followers\">\n\t\t\t\t\t\t\t\t\t0                                <\/div>\n                                <div class=\"xs-social-follower-text\">\n\t\t\t\t\t\t\t\t\tShare                                <\/div>\n                                <div class=\"xs-social-follower-label\">\n\t\t\t\t\t\t\t\t\tEmail                                <\/div>\n                            <\/div>\n                        <\/a>\n                    <\/li>\n\t\t\t\t\t        <\/ul>\n    <\/div> \n","protected":false},"excerpt":{"rendered":"<p>Le gouvernement ha\u00eftien a pris d\u2019importantes d\u00e9cisions ce vendredi lors d\u2019un Conseil des ministres sp\u00e9cial tenu par visioconf\u00e9rence. Ces mesures font suite aux d\u00e9g\u00e2ts<\/p>\n","protected":false},"author":1,"featured_media":4786,"comment_status":"open","ping_status":"open","sticky":false,"template":"","format":"standard","meta":{"_uag_custom_page_level_css":"","footnotes":"","jetpack_publicize_message":"","jetpack_publicize_feature_enabled":true,"jetpack_social_post_already_shared":true,"jetpack_social_options":{"image_generator_settings":{"template":"highway","default_image_id":0,"font":"","enabled":false},"version":2}},"categories":[94],"tags":[],"class_list":["post-4785","post","type-post","status-publish","format-standard","has-post-thumbnail","hentry","category-a-la-une"],"yoast_head":"<!-- This site is optimized with the Yoast SEO plugin v25.3.1 - https:\/\/yoast.com\/wordpress\/plugins\/seo\/ -->\n<title>Le gouvernement ha\u00eftien d\u00e9cr\u00e8te trois jours de deuil national apr\u00e8s le passage de l\u2019ouragan Melissa &#8211; VeliPost<\/title>\n<meta name=\"robots\" content=\"index, follow, max-snippet:-1, max-image-preview:large, max-video-preview:-1\" \/>\n<link rel=\"canonical\" href=\"https:\/\/velipost.com\/?p=4785\" \/>\n<meta property=\"og:locale\" content=\"fr_FR\" \/>\n<meta property=\"og:type\" content=\"article\" \/>\n<meta property=\"og:title\" content=\"Le gouvernement ha\u00eftien d\u00e9cr\u00e8te trois jours de deuil national apr\u00e8s le passage de l\u2019ouragan Melissa &#8211; VeliPost\" \/>\n<meta property=\"og:description\" content=\"Le gouvernement ha\u00eftien a pris d\u2019importantes d\u00e9cisions ce vendredi lors d\u2019un Conseil des ministres sp\u00e9cial tenu par visioconf\u00e9rence. Ces mesures font suite aux d\u00e9g\u00e2ts\" \/>\n<meta property=\"og:url\" content=\"https:\/\/velipost.com\/?p=4785\" \/>\n<meta property=\"og:site_name\" content=\"VeliPost\" \/>\n<meta property=\"article:publisher\" content=\"https:\/\/www.facebook.com\/veliposthaiti\" \/>\n<meta property=\"article:published_time\" content=\"2025-11-03T11:15:39+00:00\" \/>\n<meta property=\"article:modified_time\" content=\"2025-11-03T11:15:41+00:00\" \/>\n<meta property=\"og:image\" content=\"https:\/\/velipost.com\/wp-content\/uploads\/2025\/11\/Deuil.jpg\" \/>\n\t<meta property=\"og:image:width\" content=\"1170\" \/>\n\t<meta property=\"og:image:height\" content=\"603\" \/>\n\t<meta property=\"og:image:type\" content=\"image\/jpeg\" \/>\n<meta name=\"author\" content=\"VeliPost\" \/>\n<meta name=\"twitter:card\" content=\"summary_large_image\" \/>\n<meta name=\"twitter:creator\" content=\"@veliposthaiti\" \/>\n<meta name=\"twitter:site\" content=\"@veliposthaiti\" \/>\n<meta name=\"twitter:label1\" content=\"\u00c9crit par\" \/>\n\t<meta name=\"twitter:data1\" content=\"VeliPost\" \/>\n\t<meta name=\"twitter:label2\" content=\"Dur\u00e9e de lecture estim\u00e9e\" \/>\n\t<meta name=\"twitter:data2\" content=\"1 minute\" \/>\n<script type=\"application\/ld+json\" class=\"yoast-schema-graph\">{\"@context\":\"https:\/\/schema.org\",\"@graph\":[{\"@type\":\"Article\",\"@id\":\"https:\/\/velipost.com\/?p=4785#article\",\"isPartOf\":{\"@id\":\"https:\/\/velipost.com\/?p=4785\"},\"author\":{\"name\":\"VeliPost\",\"@id\":\"https:\/\/velipost.com\/#\/schema\/person\/32ff49a53c9c1bb24302ee8ece058096\"},\"headline\":\"Le gouvernement ha\u00eftien d\u00e9cr\u00e8te trois jours de deuil national apr\u00e8s le passage de l\u2019ouragan Melissa\",\"datePublished\":\"2025-11-03T11:15:39+00:00\",\"dateModified\":\"2025-11-03T11:15:41+00:00\",\"mainEntityOfPage\":{\"@id\":\"https:\/\/velipost.com\/?p=4785\"},\"wordCount\":186,\"commentCount\":0,\"publisher\":{\"@id\":\"https:\/\/velipost.com\/#organization\"},\"image\":{\"@id\":\"https:\/\/velipost.com\/?p=4785#primaryimage\"},\"thumbnailUrl\":\"https:\/\/velipost.com\/wp-content\/uploads\/2025\/11\/Deuil.jpg\",\"articleSection\":[\"A la Une\"],\"inLanguage\":\"fr-FR\",\"potentialAction\":[{\"@type\":\"CommentAction\",\"name\":\"Comment\",\"target\":[\"https:\/\/velipost.com\/?p=4785#respond\"]}]},{\"@type\":\"WebPage\",\"@id\":\"https:\/\/velipost.com\/?p=4785\",\"url\":\"https:\/\/velipost.com\/?p=4785\",\"name\":\"Le gouvernement ha\u00eftien d\u00e9cr\u00e8te trois jours de deuil national apr\u00e8s le passage de l\u2019ouragan Melissa &#8211; VeliPost\",\"isPartOf\":{\"@id\":\"https:\/\/velipost.com\/#website\"},\"primaryImageOfPage\":{\"@id\":\"https:\/\/velipost.com\/?p=4785#primaryimage\"},\"image\":{\"@id\":\"https:\/\/velipost.com\/?p=4785#primaryimage\"},\"thumbnailUrl\":\"https:\/\/velipost.com\/wp-content\/uploads\/2025\/11\/Deuil.jpg\",\"datePublished\":\"2025-11-03T11:15:39+00:00\",\"dateModified\":\"2025-11-03T11:15:41+00:00\",\"breadcrumb\":{\"@id\":\"https:\/\/velipost.com\/?p=4785#breadcrumb\"},\"inLanguage\":\"fr-FR\",\"potentialAction\":[{\"@type\":\"ReadAction\",\"target\":[\"https:\/\/velipost.com\/?p=4785\"]}]},{\"@type\":\"ImageObject\",\"inLanguage\":\"fr-FR\",\"@id\":\"https:\/\/velipost.com\/?p=4785#primaryimage\",\"url\":\"https:\/\/velipost.com\/wp-content\/uploads\/2025\/11\/Deuil.jpg\",\"contentUrl\":\"https:\/\/velipost.com\/wp-content\/uploads\/2025\/11\/Deuil.jpg\",\"width\":1170,\"height\":603},{\"@type\":\"BreadcrumbList\",\"@id\":\"https:\/\/velipost.com\/?p=4785#breadcrumb\",\"itemListElement\":[{\"@type\":\"ListItem\",\"position\":1,\"name\":\"Accueil\",\"item\":\"https:\/\/velipost.com\/\"},{\"@type\":\"ListItem\",\"position\":2,\"name\":\"Le gouvernement ha\u00eftien d\u00e9cr\u00e8te trois jours de deuil national apr\u00e8s le passage de l\u2019ouragan Melissa\"}]},{\"@type\":\"WebSite\",\"@id\":\"https:\/\/velipost.com\/#website\",\"url\":\"https:\/\/velipost.com\/\",\"name\":\"VeliPost\",\"description\":\"L\u2019info en un clic\",\"publisher\":{\"@id\":\"https:\/\/velipost.com\/#organization\"},\"potentialAction\":[{\"@type\":\"SearchAction\",\"target\":{\"@type\":\"EntryPoint\",\"urlTemplate\":\"https:\/\/velipost.com\/?s={search_term_string}\"},\"query-input\":{\"@type\":\"PropertyValueSpecification\",\"valueRequired\":true,\"valueName\":\"search_term_string\"}}],\"inLanguage\":\"fr-FR\"},{\"@type\":\"Organization\",\"@id\":\"https:\/\/velipost.com\/#organization\",\"name\":\"VeliPost\",\"url\":\"https:\/\/velipost.com\/\",\"logo\":{\"@type\":\"ImageObject\",\"inLanguage\":\"fr-FR\",\"@id\":\"https:\/\/velipost.com\/#\/schema\/logo\/image\/\",\"url\":\"https:\/\/velipost.com\/wp-content\/uploads\/2024\/08\/cropped-VP-logo-piti.png\",\"contentUrl\":\"https:\/\/velipost.com\/wp-content\/uploads\/2024\/08\/cropped-VP-logo-piti.png\",\"width\":201,\"height\":69,\"caption\":\"VeliPost\"},\"image\":{\"@id\":\"https:\/\/velipost.com\/#\/schema\/logo\/image\/\"},\"sameAs\":[\"https:\/\/www.facebook.com\/veliposthaiti\",\"https:\/\/x.com\/veliposthaiti\",\"https:\/\/www.instagram.com\/veliposthaiti\"]},{\"@type\":\"Person\",\"@id\":\"https:\/\/velipost.com\/#\/schema\/person\/32ff49a53c9c1bb24302ee8ece058096\",\"name\":\"VeliPost\",\"image\":{\"@type\":\"ImageObject\",\"inLanguage\":\"fr-FR\",\"@id\":\"https:\/\/velipost.com\/#\/schema\/person\/image\/\",\"url\":\"https:\/\/secure.gravatar.com\/avatar\/57c226c264de62f794185a89596d4a37b85a5ad20aca30d9d5a478b27d8c8d9d?s=96&d=mm&r=g\",\"contentUrl\":\"https:\/\/secure.gravatar.com\/avatar\/57c226c264de62f794185a89596d4a37b85a5ad20aca30d9d5a478b27d8c8d9d?s=96&d=mm&r=g\",\"caption\":\"VeliPost\"},\"sameAs\":[\"https:\/\/velipost.com\"],\"url\":\"https:\/\/velipost.com\/?author=1\"}]}<\/script>\n<!-- \/ Yoast SEO plugin. -->","yoast_head_json":{"title":"Le gouvernement ha\u00eftien d\u00e9cr\u00e8te trois jours de deuil national apr\u00e8s le passage de l\u2019ouragan Melissa &#8211; VeliPost","robots":{"index":"index","follow":"follow","max-snippet":"max-snippet:-1","max-image-preview":"max-image-preview:large","max-video-preview":"max-video-preview:-1"},"canonical":"https:\/\/velipost.com\/?p=4785","og_locale":"fr_FR","og_type":"article","og_title":"Le gouvernement ha\u00eftien d\u00e9cr\u00e8te trois jours de deuil national apr\u00e8s le passage de l\u2019ouragan Melissa &#8211; VeliPost","og_description":"Le gouvernement ha\u00eftien a pris d\u2019importantes d\u00e9cisions ce vendredi lors d\u2019un Conseil des ministres sp\u00e9cial tenu par visioconf\u00e9rence. Ces mesures font suite aux d\u00e9g\u00e2ts","og_url":"https:\/\/velipost.com\/?p=4785","og_site_name":"VeliPost","article_publisher":"https:\/\/www.facebook.com\/veliposthaiti","article_published_time":"2025-11-03T11:15:39+00:00","article_modified_time":"2025-11-03T11:15:41+00:00","og_image":[{"width":1170,"height":603,"url":"https:\/\/velipost.com\/wp-content\/uploads\/2025\/11\/Deuil.jpg","type":"image\/jpeg"}],"author":"VeliPost","twitter_card":"summary_large_image","twitter_creator":"@veliposthaiti","twitter_site":"@veliposthaiti","twitter_misc":{"\u00c9crit par":"VeliPost","Dur\u00e9e de lecture estim\u00e9e":"1 minute"},"schema":{"@context":"https:\/\/schema.org","@graph":[{"@type":"Article","@id":"https:\/\/velipost.com\/?p=4785#article","isPartOf":{"@id":"https:\/\/velipost.com\/?p=4785"},"author":{"name":"VeliPost","@id":"https:\/\/velipost.com\/#\/schema\/person\/32ff49a53c9c1bb24302ee8ece058096"},"headline":"Le gouvernement ha\u00eftien d\u00e9cr\u00e8te trois jours de deuil national apr\u00e8s le passage de l\u2019ouragan Melissa","datePublished":"2025-11-03T11:15:39+00:00","dateModified":"2025-11-03T11:15:41+00:00","mainEntityOfPage":{"@id":"https:\/\/velipost.com\/?p=4785"},"wordCount":186,"commentCount":0,"publisher":{"@id":"https:\/\/velipost.com\/#organization"},"image":{"@id":"https:\/\/velipost.com\/?p=4785#primaryimage"},"thumbnailUrl":"https:\/\/velipost.com\/wp-content\/uploads\/2025\/11\/Deuil.jpg","articleSection":["A la Une"],"inLanguage":"fr-FR","potentialAction":[{"@type":"CommentAction","name":"Comment","target":["https:\/\/velipost.com\/?p=4785#respond"]}]},{"@type":"WebPage","@id":"https:\/\/velipost.com\/?p=4785","url":"https:\/\/velipost.com\/?p=4785","name":"Le gouvernement ha\u00eftien d\u00e9cr\u00e8te trois jours de deuil national apr\u00e8s le passage de l\u2019ouragan Melissa &#8211; VeliPost","isPartOf":{"@id":"https:\/\/velipost.com\/#website"},"primaryImageOfPage":{"@id":"https:\/\/velipost.com\/?p=4785#primaryimage"},"image":{"@id":"https:\/\/velipost.com\/?p=4785#primaryimage"},"thumbnailUrl":"https:\/\/velipost.com\/wp-content\/uploads\/2025\/11\/Deuil.jpg","datePublished":"2025-11-03T11:15:39+00:00","dateModified":"2025-11-03T11:15:41+00:00","breadcrumb":{"@id":"https:\/\/velipost.com\/?p=4785#breadcrumb"},"inLanguage":"fr-FR","potentialAction":[{"@type":"ReadAction","target":["https:\/\/velipost.com\/?p=4785"]}]},{"@type":"ImageObject","inLanguage":"fr-FR","@id":"https:\/\/velipost.com\/?p=4785#primaryimage","url":"https:\/\/velipost.com\/wp-content\/uploads\/2025\/11\/Deuil.jpg","contentUrl":"https:\/\/velipost.com\/wp-content\/uploads\/2025\/11\/Deuil.jpg","width":1170,"height":603},{"@type":"BreadcrumbList","@id":"https:\/\/velipost.com\/?p=4785#breadcrumb","itemListElement":[{"@type":"ListItem","position":1,"name":"Accueil","item":"https:\/\/velipost.com\/"},{"@type":"ListItem","position":2,"name":"Le gouvernement ha\u00eftien d\u00e9cr\u00e8te trois jours de deuil national apr\u00e8s le passage de l\u2019ouragan Melissa"}]},{"@type":"WebSite","@id":"https:\/\/velipost.com\/#website","url":"https:\/\/velipost.com\/","name":"VeliPost","description":"L\u2019info en un clic","publisher":{"@id":"https:\/\/velipost.com\/#organization"},"potentialAction":[{"@type":"SearchAction","target":{"@type":"EntryPoint","urlTemplate":"https:\/\/velipost.com\/?s={search_term_string}"},"query-input":{"@type":"PropertyValueSpecification","valueRequired":true,"valueName":"search_term_string"}}],"inLanguage":"fr-FR"},{"@type":"Organization","@id":"https:\/\/velipost.com\/#organization","name":"VeliPost","url":"https:\/\/velipost.com\/","logo":{"@type":"ImageObject","inLanguage":"fr-FR","@id":"https:\/\/velipost.com\/#\/schema\/logo\/image\/","url":"https:\/\/velipost.com\/wp-content\/uploads\/2024\/08\/cropped-VP-logo-piti.png","contentUrl":"https:\/\/velipost.com\/wp-content\/uploads\/2024\/08\/cropped-VP-logo-piti.png","width":201,"height":69,"caption":"VeliPost"},"image":{"@id":"https:\/\/velipost.com\/#\/schema\/logo\/image\/"},"sameAs":["https:\/\/www.facebook.com\/veliposthaiti","https:\/\/x.com\/veliposthaiti","https:\/\/www.instagram.com\/veliposthaiti"]},{"@type":"Person","@id":"https:\/\/velipost.com\/#\/schema\/person\/32ff49a53c9c1bb24302ee8ece058096","name":"VeliPost","image":{"@type":"ImageObject","inLanguage":"fr-FR","@id":"https:\/\/velipost.com\/#\/schema\/person\/image\/","url":"https:\/\/secure.gravatar.com\/avatar\/57c226c264de62f794185a89596d4a37b85a5ad20aca30d9d5a478b27d8c8d9d?s=96&d=mm&r=g","contentUrl":"https:\/\/secure.gravatar.com\/avatar\/57c226c264de62f794185a89596d4a37b85a5ad20aca30d9d5a478b27d8c8d9d?s=96&d=mm&r=g","caption":"VeliPost"},"sameAs":["https:\/\/velipost.com"],"url":"https:\/\/velipost.com\/?author=1"}]}},"views":0,"jetpack_publicize_connections":[],"uagb_featured_image_src":{"full":["https:\/\/velipost.com\/wp-content\/uploads\/2025\/11\/Deuil.jpg",1170,603,false],"thumbnail":["https:\/\/velipost.com\/wp-content\/uploads\/2025\/11\/Deuil-150x150.jpg",150,150,true],"medium":["https:\/\/velipost.com\/wp-content\/uploads\/2025\/11\/Deuil-300x155.jpg",300,155,true],"medium_large":["https:\/\/velipost.com\/wp-content\/uploads\/2025\/11\/Deuil-768x396.jpg",715,369,true],"large":["https:\/\/velipost.com\/wp-content\/uploads\/2025\/11\/Deuil-1024x528.jpg",715,369,true],"1536x1536":["https:\/\/velipost.com\/wp-content\/uploads\/2025\/11\/Deuil.jpg",1170,603,false],"2048x2048":["https:\/\/velipost.com\/wp-content\/uploads\/2025\/11\/Deuil.jpg",1170,603,false],"colornews-big-slider":["https:\/\/velipost.com\/wp-content\/uploads\/2025\/11\/Deuil-1070x470.jpg",1070,470,true],"colornews-big-slider-thumb":["https:\/\/velipost.com\/wp-content\/uploads\/2025\/11\/Deuil-184x109.jpg",184,109,true],"colornews-featured-post-medium":["https:\/\/velipost.com\/wp-content\/uploads\/2025\/11\/Deuil-345x265.jpg",345,265,true],"colornews-featured-post-small":["https:\/\/velipost.com\/wp-content\/uploads\/2025\/11\/Deuil-115x73.jpg",115,73,true],"colornews-random-posts":["https:\/\/velipost.com\/wp-content\/uploads\/2025\/11\/Deuil-215x215.jpg",215,215,true],"colornews-featured-image":["https:\/\/velipost.com\/wp-content\/uploads\/2025\/11\/Deuil-715x400.jpg",715,400,true],"mailpoet_newsletter_max":["https:\/\/velipost.com\/wp-content\/uploads\/2025\/11\/Deuil.jpg",1170,603,false]},"uagb_author_info":{"display_name":"VeliPost","author_link":"https:\/\/velipost.com\/?author=1"},"uagb_comment_info":0,"uagb_excerpt":"Le gouvernement ha\u00eftien a pris d\u2019importantes d\u00e9cisions ce vendredi lors d\u2019un Conseil des ministres sp\u00e9cial tenu par visioconf\u00e9rence. Ces mesures font suite aux d\u00e9g\u00e2ts","_links":{"self":[{"href":"https:\/\/velipost.com\/index.php?rest_route=\/wp\/v2\/posts\/4785","targetHints":{"allow":["GET"]}}],"collection":[{"href":"https:\/\/velipost.com\/index.php?rest_route=\/wp\/v2\/posts"}],"about":[{"href":"https:\/\/velipost.com\/index.php?rest_route=\/wp\/v2\/types\/post"}],"author":[{"embeddable":true,"href":"https:\/\/velipost.com\/index.php?rest_route=\/wp\/v2\/users\/1"}],"replies":[{"embeddable":true,"href":"https:\/\/velipost.com\/index.php?rest_route=%2Fwp%2Fv2%2Fcomments&post=4785"}],"version-history":[{"count":1,"href":"https:\/\/velipost.com\/index.php?rest_route=\/wp\/v2\/posts\/4785\/revisions"}],"predecessor-version":[{"id":4787,"href":"https:\/\/velipost.com\/index.php?rest_route=\/wp\/v2\/posts\/4785\/revisions\/4787"}],"wp:featuredmedia":[{"embeddable":true,"href":"https:\/\/velipost.com\/index.php?rest_route=\/wp\/v2\/media\/4786"}],"wp:attachment":[{"href":"https:\/\/velipost.com\/index.php?rest_route=%2Fwp%2Fv2%2Fmedia&parent=4785"}],"wp:term":[{"taxonomy":"category","embeddable":true,"href":"https:\/\/velipost.com\/index.php?rest_route=%2Fwp%2Fv2%2Fcategories&post=4785"},{"taxonomy":"post_tag","embeddable":true,"href":"https:\/\/velipost.com\/index.php?rest_route=%2Fwp%2Fv2%2Ftags&post=4785"}],"curies":[{"name":"wp","href":"https:\/\/api.w.org\/{rel}","templated":true}]}}