{"id":4739,"date":"2025-10-30T21:57:40","date_gmt":"2025-10-30T20:57:40","guid":{"rendered":"https:\/\/velipost.com\/?p=4739"},"modified":"2025-10-30T21:57:42","modified_gmt":"2025-10-30T20:57:42","slug":"la-romanciere-haitienne-yanick-lahens-remporte-le-grand-prix-du-roman-2025-de-lacademie-francaise","status":"publish","type":"post","link":"https:\/\/velipost.com\/?p=4739","title":{"rendered":"La romanci\u00e8re ha\u00eftienne Yanick Lahens remporte le Grand Prix du Roman 2025 de l\u2019Acad\u00e9mie fran\u00e7aise"},"content":{"rendered":"\n<p>Nouvelle cons\u00e9cration pour la litt\u00e9rature ha\u00eftienne. L\u2019Acad\u00e9mie fran\u00e7aise a choisi de distinguer Yanick Lahens, figure majeure des lettres francophones, en lui attribuant le Grand Prix du Roman 2025 pour Passag\u00e8res de nuit, publi\u00e9 chez Sabine Wespieser.<\/p>\n\n\n\n<p>Le vote, tr\u00e8s serr\u00e9, s\u2019est conclu au troisi\u00e8me tour. La romanci\u00e8re ha\u00eftienne a devanc\u00e9 Pauline Dreyfus (Un pont sur la Seine, Grasset) d\u2019une seule voix, tandis qu\u2019Alfred de Montesquiou (Le Cr\u00e9puscule des hommes, Robert Laffont) figurait parmi les finalistes.<\/p>\n\n\n\n<p>Cr\u00e9\u00e9 en 1915, le Grand Prix du Roman de l\u2019Acad\u00e9mie fran\u00e7aise, dot\u00e9 de 10 000 euros, ouvre traditionnellement la saison des grands prix litt\u00e9raires fran\u00e7ais, avant le Femina, le Goncourt, le Renaudot et le M\u00e9dicis. Yanick Lahens succ\u00e8de \u00e0 Miguel Bonnefoy, laur\u00e9at 2024 avec Le R\u00eave du jaguar.<\/p>\n\n\n\n<p>N\u00e9e en 1953 \u00e0 Port-au-Prince, Yanick Lahens est reconnue pour son \u0153uvre profond\u00e9ment ancr\u00e9e dans l\u2019histoire et la r\u00e9alit\u00e9 ha\u00eftiennes. Laur\u00e9ate du Prix Femina en 2014 pour Bain de lune, elle poursuit avec Passag\u00e8res de nuit une exploration po\u00e9tique de la m\u00e9moire collective et de la r\u00e9sistance f\u00e9minine.<\/p>\n\n\n\n<p>Son roman met en lumi\u00e8re des g\u00e9n\u00e9rations de femmes marqu\u00e9es par la traite et l\u2019exil, d\u2019Elizabeth, n\u00e9e \u00e0 La Nouvelle-Orl\u00e9ans en 1818, \u00e0 R\u00e9gina, issue des milieux d\u00e9favoris\u00e9s d\u2019Ha\u00efti. Par leurs luttes et leur courage, ces \u00ab passag\u00e8res de nuit \u00bb deviennent le symbole d\u2019une humanit\u00e9 debout.<\/p>\n\n\n\n<p>Avec cette distinction, Yanick Lahens confirme sa place parmi les grandes voix francophones contemporaines, tout en rappelant que la litt\u00e9rature ha\u00eftienne continue d\u2019inspirer et d\u2019\u00e9mouvoir bien au-del\u00e0 de ses fronti\u00e8res.<\/p>\n\n    <div class=\"xs_social_share_widget xs_share_url after_content \t\tmain_content  wslu-style-3 wslu-share-box-shaped wslu-fill-brand-hover-colored wslu-share-m-5 wslu-none wslu-share-horizontal wslu-theme-font-no wslu-main_content\">\n\n\t\t\n        <ul>\n\t\t\t                    <li class=\"xs-share-li twitter                        wslu-no-extra-data\">\n                        <a href=\"javascript:void(0);\"\n                           id=\"xs_feed_twitter\"\n                           onclick=\"xs_social_sharer(this);\"\n                           data-pid=\"4739\"\n                           data-uri_hash=\"11bb50be814d271bc95e02cc3d638064\"\n                           data-key=\"twitter\"\n                           data-xs-href=\"https:\/\/twitter.com\/intent\/tweet?text=La+romanci%C3%A8re+ha%C3%AFtienne+Yanick+Lahens+remporte+le+Grand+Prix+du+Roman+2025+de+l%E2%80%99Acad%C3%A9mie+fran%C3%A7aise+https%3A%2F%2Fvelipost.com%2Findex.php%3Frest_route%3D%252Fwp%252Fv2%252Fposts%252F4739&amp;original_referer=https%3A%2F%2Fvelipost.com%2Findex.php%3Frest_route%3D%252Fwp%252Fv2%252Fposts%252F4739&amp;related=xpeedstudio\">\n\n                            <div class=\"xs-social-icon\">\n                                <span class=\"met-social met-social-twitter\"><\/span>\n                            <\/div>\n\n\t\t\t\t\t\t\t\n                            <div class=\"wslu-hover-content\">\n                                <div class=\"xs-social-followers\">\n\t\t\t\t\t\t\t\t\t10                                <\/div>\n                                <div class=\"xs-social-follower-text\">\n\t\t\t\t\t\t\t\t\tShare                                <\/div>\n                                <div class=\"xs-social-follower-label\">\n\t\t\t\t\t\t\t\t\tTwitter                                <\/div>\n                            <\/div>\n                        <\/a>\n                    <\/li>\n\t\t\t\t\t                    <li class=\"xs-share-li telegram                        wslu-no-extra-data\">\n                        <a href=\"javascript:void(0);\"\n                           id=\"xs_feed_telegram\"\n                           onclick=\"xs_social_sharer(this);\"\n                           data-pid=\"4739\"\n                           data-uri_hash=\"11bb50be814d271bc95e02cc3d638064\"\n                           data-key=\"telegram\"\n                           data-xs-href=\"https:\/\/telegram.me\/share\/url?url=https%3A%2F%2Fvelipost.com%2Findex.php%3Frest_route%3D%252Fwp%252Fv2%252Fposts%252F4739&amp;text=La+romanci%C3%A8re+ha%C3%AFtienne+Yanick+Lahens+remporte+le+Grand+Prix+du+Roman+2025+de+l%E2%80%99Acad%C3%A9mie+fran%C3%A7aise\">\n\n                            <div class=\"xs-social-icon\">\n                                <span class=\"met-social met-social-telegram\"><\/span>\n                            <\/div>\n\n\t\t\t\t\t\t\t\n                            <div class=\"wslu-hover-content\">\n                                <div class=\"xs-social-followers\">\n\t\t\t\t\t\t\t\t\t0                                <\/div>\n                                <div class=\"xs-social-follower-text\">\n\t\t\t\t\t\t\t\t\tShare                                <\/div>\n                                <div class=\"xs-social-follower-label\">\n\t\t\t\t\t\t\t\t\tTelegram                                <\/div>\n                            <\/div>\n                        <\/a>\n                    <\/li>\n\t\t\t\t\t                    <li class=\"xs-share-li email                        wslu-no-extra-data\">\n                        <a href=\"javascript:void(0);\"\n                           id=\"xs_feed_email\"\n                           onclick=\"xs_social_sharer(this);\"\n                           data-pid=\"4739\"\n                           data-uri_hash=\"11bb50be814d271bc95e02cc3d638064\"\n                           data-key=\"email\"\n                           data-xs-href=\"mailto:?body=Title%3A+La+romanci%C3%A8re+ha%C3%AFtienne+Yanick+Lahens+remporte+le+Grand+Prix+du+Roman+2025+de+l%E2%80%99Acad%C3%A9mie+fran%C3%A7aise+%5Cn%5Cn+URL%3A+https%3A%2F%2Fvelipost.com%2Findex.php%3Frest_route%3D%252Fwp%252Fv2%252Fposts%252F4739&amp;subject=La+romanci%C3%A8re+ha%C3%AFtienne+Yanick+Lahens+remporte+le+Grand+Prix+du+Roman+2025+de+l%E2%80%99Acad%C3%A9mie+fran%C3%A7aise\">\n\n                            <div class=\"xs-social-icon\">\n                                <span class=\"met-social met-social-email\"><\/span>\n                            <\/div>\n\n\t\t\t\t\t\t\t\n                            <div class=\"wslu-hover-content\">\n                                <div class=\"xs-social-followers\">\n\t\t\t\t\t\t\t\t\t0                                <\/div>\n                                <div class=\"xs-social-follower-text\">\n\t\t\t\t\t\t\t\t\tShare                                <\/div>\n                                <div class=\"xs-social-follower-label\">\n\t\t\t\t\t\t\t\t\tEmail                                <\/div>\n                            <\/div>\n                        <\/a>\n                    <\/li>\n\t\t\t\t\t        <\/ul>\n    <\/div> \n","protected":false},"excerpt":{"rendered":"<p>Nouvelle cons\u00e9cration pour la litt\u00e9rature ha\u00eftienne. L\u2019Acad\u00e9mie fran\u00e7aise a choisi de distinguer Yanick Lahens, figure majeure des lettres francophones, en lui attribuant le Grand<\/p>\n","protected":false},"author":1,"featured_media":4450,"comment_status":"open","ping_status":"open","sticky":false,"template":"","format":"standard","meta":{"_uag_custom_page_level_css":"","footnotes":"","jetpack_publicize_message":"","jetpack_publicize_feature_enabled":true,"jetpack_social_post_already_shared":true,"jetpack_social_options":{"image_generator_settings":{"template":"highway","default_image_id":0,"font":"","enabled":false},"version":2}},"categories":[442],"tags":[],"class_list":["post-4739","post","type-post","status-publish","format-standard","has-post-thumbnail","hentry","category-litterature"],"yoast_head":"<!-- This site is optimized with the Yoast SEO plugin v25.3.1 - https:\/\/yoast.com\/wordpress\/plugins\/seo\/ -->\n<title>La romanci\u00e8re ha\u00eftienne Yanick Lahens remporte le Grand Prix du Roman 2025 de l\u2019Acad\u00e9mie fran\u00e7aise &#8211; VeliPost<\/title>\n<meta name=\"robots\" content=\"index, follow, max-snippet:-1, max-image-preview:large, max-video-preview:-1\" \/>\n<link rel=\"canonical\" href=\"https:\/\/velipost.com\/?p=4739\" \/>\n<meta property=\"og:locale\" content=\"fr_FR\" \/>\n<meta property=\"og:type\" content=\"article\" \/>\n<meta property=\"og:title\" content=\"La romanci\u00e8re ha\u00eftienne Yanick Lahens remporte le Grand Prix du Roman 2025 de l\u2019Acad\u00e9mie fran\u00e7aise &#8211; VeliPost\" \/>\n<meta property=\"og:description\" content=\"Nouvelle cons\u00e9cration pour la litt\u00e9rature ha\u00eftienne. L\u2019Acad\u00e9mie fran\u00e7aise a choisi de distinguer Yanick Lahens, figure majeure des lettres francophones, en lui attribuant le Grand\" \/>\n<meta property=\"og:url\" content=\"https:\/\/velipost.com\/?p=4739\" \/>\n<meta property=\"og:site_name\" content=\"VeliPost\" \/>\n<meta property=\"article:publisher\" content=\"https:\/\/www.facebook.com\/veliposthaiti\" \/>\n<meta property=\"article:published_time\" content=\"2025-10-30T20:57:40+00:00\" \/>\n<meta property=\"article:modified_time\" content=\"2025-10-30T20:57:42+00:00\" \/>\n<meta property=\"og:image\" content=\"https:\/\/velipost.com\/wp-content\/uploads\/2025\/10\/Yanick-Lahens.jpg\" \/>\n\t<meta property=\"og:image:width\" content=\"1170\" \/>\n\t<meta property=\"og:image:height\" content=\"603\" \/>\n\t<meta property=\"og:image:type\" content=\"image\/jpeg\" \/>\n<meta name=\"author\" content=\"VeliPost\" \/>\n<meta name=\"twitter:card\" content=\"summary_large_image\" \/>\n<meta name=\"twitter:creator\" content=\"@veliposthaiti\" \/>\n<meta name=\"twitter:site\" content=\"@veliposthaiti\" \/>\n<meta name=\"twitter:label1\" content=\"\u00c9crit par\" \/>\n\t<meta name=\"twitter:data1\" content=\"VeliPost\" \/>\n\t<meta name=\"twitter:label2\" content=\"Dur\u00e9e de lecture estim\u00e9e\" \/>\n\t<meta name=\"twitter:data2\" content=\"2 minutes\" \/>\n<script type=\"application\/ld+json\" class=\"yoast-schema-graph\">{\"@context\":\"https:\/\/schema.org\",\"@graph\":[{\"@type\":\"Article\",\"@id\":\"https:\/\/velipost.com\/?p=4739#article\",\"isPartOf\":{\"@id\":\"https:\/\/velipost.com\/?p=4739\"},\"author\":{\"name\":\"VeliPost\",\"@id\":\"https:\/\/velipost.com\/#\/schema\/person\/32ff49a53c9c1bb24302ee8ece058096\"},\"headline\":\"La romanci\u00e8re ha\u00eftienne Yanick Lahens remporte le Grand Prix du Roman 2025 de l\u2019Acad\u00e9mie fran\u00e7aise\",\"datePublished\":\"2025-10-30T20:57:40+00:00\",\"dateModified\":\"2025-10-30T20:57:42+00:00\",\"mainEntityOfPage\":{\"@id\":\"https:\/\/velipost.com\/?p=4739\"},\"wordCount\":309,\"commentCount\":0,\"publisher\":{\"@id\":\"https:\/\/velipost.com\/#organization\"},\"image\":{\"@id\":\"https:\/\/velipost.com\/?p=4739#primaryimage\"},\"thumbnailUrl\":\"https:\/\/velipost.com\/wp-content\/uploads\/2025\/10\/Yanick-Lahens.jpg\",\"articleSection\":[\"Litt\u00e9rature\"],\"inLanguage\":\"fr-FR\",\"potentialAction\":[{\"@type\":\"CommentAction\",\"name\":\"Comment\",\"target\":[\"https:\/\/velipost.com\/?p=4739#respond\"]}]},{\"@type\":\"WebPage\",\"@id\":\"https:\/\/velipost.com\/?p=4739\",\"url\":\"https:\/\/velipost.com\/?p=4739\",\"name\":\"La romanci\u00e8re ha\u00eftienne Yanick Lahens remporte le Grand Prix du Roman 2025 de l\u2019Acad\u00e9mie fran\u00e7aise &#8211; VeliPost\",\"isPartOf\":{\"@id\":\"https:\/\/velipost.com\/#website\"},\"primaryImageOfPage\":{\"@id\":\"https:\/\/velipost.com\/?p=4739#primaryimage\"},\"image\":{\"@id\":\"https:\/\/velipost.com\/?p=4739#primaryimage\"},\"thumbnailUrl\":\"https:\/\/velipost.com\/wp-content\/uploads\/2025\/10\/Yanick-Lahens.jpg\",\"datePublished\":\"2025-10-30T20:57:40+00:00\",\"dateModified\":\"2025-10-30T20:57:42+00:00\",\"breadcrumb\":{\"@id\":\"https:\/\/velipost.com\/?p=4739#breadcrumb\"},\"inLanguage\":\"fr-FR\",\"potentialAction\":[{\"@type\":\"ReadAction\",\"target\":[\"https:\/\/velipost.com\/?p=4739\"]}]},{\"@type\":\"ImageObject\",\"inLanguage\":\"fr-FR\",\"@id\":\"https:\/\/velipost.com\/?p=4739#primaryimage\",\"url\":\"https:\/\/velipost.com\/wp-content\/uploads\/2025\/10\/Yanick-Lahens.jpg\",\"contentUrl\":\"https:\/\/velipost.com\/wp-content\/uploads\/2025\/10\/Yanick-Lahens.jpg\",\"width\":1170,\"height\":603},{\"@type\":\"BreadcrumbList\",\"@id\":\"https:\/\/velipost.com\/?p=4739#breadcrumb\",\"itemListElement\":[{\"@type\":\"ListItem\",\"position\":1,\"name\":\"Accueil\",\"item\":\"https:\/\/velipost.com\/\"},{\"@type\":\"ListItem\",\"position\":2,\"name\":\"La romanci\u00e8re ha\u00eftienne Yanick Lahens remporte le Grand Prix du Roman 2025 de l\u2019Acad\u00e9mie fran\u00e7aise\"}]},{\"@type\":\"WebSite\",\"@id\":\"https:\/\/velipost.com\/#website\",\"url\":\"https:\/\/velipost.com\/\",\"name\":\"VeliPost\",\"description\":\"L\u2019info en un clic\",\"publisher\":{\"@id\":\"https:\/\/velipost.com\/#organization\"},\"potentialAction\":[{\"@type\":\"SearchAction\",\"target\":{\"@type\":\"EntryPoint\",\"urlTemplate\":\"https:\/\/velipost.com\/?s={search_term_string}\"},\"query-input\":{\"@type\":\"PropertyValueSpecification\",\"valueRequired\":true,\"valueName\":\"search_term_string\"}}],\"inLanguage\":\"fr-FR\"},{\"@type\":\"Organization\",\"@id\":\"https:\/\/velipost.com\/#organization\",\"name\":\"VeliPost\",\"url\":\"https:\/\/velipost.com\/\",\"logo\":{\"@type\":\"ImageObject\",\"inLanguage\":\"fr-FR\",\"@id\":\"https:\/\/velipost.com\/#\/schema\/logo\/image\/\",\"url\":\"https:\/\/velipost.com\/wp-content\/uploads\/2024\/08\/cropped-VP-logo-piti.png\",\"contentUrl\":\"https:\/\/velipost.com\/wp-content\/uploads\/2024\/08\/cropped-VP-logo-piti.png\",\"width\":201,\"height\":69,\"caption\":\"VeliPost\"},\"image\":{\"@id\":\"https:\/\/velipost.com\/#\/schema\/logo\/image\/\"},\"sameAs\":[\"https:\/\/www.facebook.com\/veliposthaiti\",\"https:\/\/x.com\/veliposthaiti\",\"https:\/\/www.instagram.com\/veliposthaiti\"]},{\"@type\":\"Person\",\"@id\":\"https:\/\/velipost.com\/#\/schema\/person\/32ff49a53c9c1bb24302ee8ece058096\",\"name\":\"VeliPost\",\"image\":{\"@type\":\"ImageObject\",\"inLanguage\":\"fr-FR\",\"@id\":\"https:\/\/velipost.com\/#\/schema\/person\/image\/\",\"url\":\"https:\/\/secure.gravatar.com\/avatar\/57c226c264de62f794185a89596d4a37b85a5ad20aca30d9d5a478b27d8c8d9d?s=96&d=mm&r=g\",\"contentUrl\":\"https:\/\/secure.gravatar.com\/avatar\/57c226c264de62f794185a89596d4a37b85a5ad20aca30d9d5a478b27d8c8d9d?s=96&d=mm&r=g\",\"caption\":\"VeliPost\"},\"sameAs\":[\"https:\/\/velipost.com\"],\"url\":\"https:\/\/velipost.com\/?author=1\"}]}<\/script>\n<!-- \/ Yoast SEO plugin. -->","yoast_head_json":{"title":"La romanci\u00e8re ha\u00eftienne Yanick Lahens remporte le Grand Prix du Roman 2025 de l\u2019Acad\u00e9mie fran\u00e7aise &#8211; VeliPost","robots":{"index":"index","follow":"follow","max-snippet":"max-snippet:-1","max-image-preview":"max-image-preview:large","max-video-preview":"max-video-preview:-1"},"canonical":"https:\/\/velipost.com\/?p=4739","og_locale":"fr_FR","og_type":"article","og_title":"La romanci\u00e8re ha\u00eftienne Yanick Lahens remporte le Grand Prix du Roman 2025 de l\u2019Acad\u00e9mie fran\u00e7aise &#8211; VeliPost","og_description":"Nouvelle cons\u00e9cration pour la litt\u00e9rature ha\u00eftienne. L\u2019Acad\u00e9mie fran\u00e7aise a choisi de distinguer Yanick Lahens, figure majeure des lettres francophones, en lui attribuant le Grand","og_url":"https:\/\/velipost.com\/?p=4739","og_site_name":"VeliPost","article_publisher":"https:\/\/www.facebook.com\/veliposthaiti","article_published_time":"2025-10-30T20:57:40+00:00","article_modified_time":"2025-10-30T20:57:42+00:00","og_image":[{"width":1170,"height":603,"url":"https:\/\/velipost.com\/wp-content\/uploads\/2025\/10\/Yanick-Lahens.jpg","type":"image\/jpeg"}],"author":"VeliPost","twitter_card":"summary_large_image","twitter_creator":"@veliposthaiti","twitter_site":"@veliposthaiti","twitter_misc":{"\u00c9crit par":"VeliPost","Dur\u00e9e de lecture estim\u00e9e":"2 minutes"},"schema":{"@context":"https:\/\/schema.org","@graph":[{"@type":"Article","@id":"https:\/\/velipost.com\/?p=4739#article","isPartOf":{"@id":"https:\/\/velipost.com\/?p=4739"},"author":{"name":"VeliPost","@id":"https:\/\/velipost.com\/#\/schema\/person\/32ff49a53c9c1bb24302ee8ece058096"},"headline":"La romanci\u00e8re ha\u00eftienne Yanick Lahens remporte le Grand Prix du Roman 2025 de l\u2019Acad\u00e9mie fran\u00e7aise","datePublished":"2025-10-30T20:57:40+00:00","dateModified":"2025-10-30T20:57:42+00:00","mainEntityOfPage":{"@id":"https:\/\/velipost.com\/?p=4739"},"wordCount":309,"commentCount":0,"publisher":{"@id":"https:\/\/velipost.com\/#organization"},"image":{"@id":"https:\/\/velipost.com\/?p=4739#primaryimage"},"thumbnailUrl":"https:\/\/velipost.com\/wp-content\/uploads\/2025\/10\/Yanick-Lahens.jpg","articleSection":["Litt\u00e9rature"],"inLanguage":"fr-FR","potentialAction":[{"@type":"CommentAction","name":"Comment","target":["https:\/\/velipost.com\/?p=4739#respond"]}]},{"@type":"WebPage","@id":"https:\/\/velipost.com\/?p=4739","url":"https:\/\/velipost.com\/?p=4739","name":"La romanci\u00e8re ha\u00eftienne Yanick Lahens remporte le Grand Prix du Roman 2025 de l\u2019Acad\u00e9mie fran\u00e7aise &#8211; VeliPost","isPartOf":{"@id":"https:\/\/velipost.com\/#website"},"primaryImageOfPage":{"@id":"https:\/\/velipost.com\/?p=4739#primaryimage"},"image":{"@id":"https:\/\/velipost.com\/?p=4739#primaryimage"},"thumbnailUrl":"https:\/\/velipost.com\/wp-content\/uploads\/2025\/10\/Yanick-Lahens.jpg","datePublished":"2025-10-30T20:57:40+00:00","dateModified":"2025-10-30T20:57:42+00:00","breadcrumb":{"@id":"https:\/\/velipost.com\/?p=4739#breadcrumb"},"inLanguage":"fr-FR","potentialAction":[{"@type":"ReadAction","target":["https:\/\/velipost.com\/?p=4739"]}]},{"@type":"ImageObject","inLanguage":"fr-FR","@id":"https:\/\/velipost.com\/?p=4739#primaryimage","url":"https:\/\/velipost.com\/wp-content\/uploads\/2025\/10\/Yanick-Lahens.jpg","contentUrl":"https:\/\/velipost.com\/wp-content\/uploads\/2025\/10\/Yanick-Lahens.jpg","width":1170,"height":603},{"@type":"BreadcrumbList","@id":"https:\/\/velipost.com\/?p=4739#breadcrumb","itemListElement":[{"@type":"ListItem","position":1,"name":"Accueil","item":"https:\/\/velipost.com\/"},{"@type":"ListItem","position":2,"name":"La romanci\u00e8re ha\u00eftienne Yanick Lahens remporte le Grand Prix du Roman 2025 de l\u2019Acad\u00e9mie fran\u00e7aise"}]},{"@type":"WebSite","@id":"https:\/\/velipost.com\/#website","url":"https:\/\/velipost.com\/","name":"VeliPost","description":"L\u2019info en un clic","publisher":{"@id":"https:\/\/velipost.com\/#organization"},"potentialAction":[{"@type":"SearchAction","target":{"@type":"EntryPoint","urlTemplate":"https:\/\/velipost.com\/?s={search_term_string}"},"query-input":{"@type":"PropertyValueSpecification","valueRequired":true,"valueName":"search_term_string"}}],"inLanguage":"fr-FR"},{"@type":"Organization","@id":"https:\/\/velipost.com\/#organization","name":"VeliPost","url":"https:\/\/velipost.com\/","logo":{"@type":"ImageObject","inLanguage":"fr-FR","@id":"https:\/\/velipost.com\/#\/schema\/logo\/image\/","url":"https:\/\/velipost.com\/wp-content\/uploads\/2024\/08\/cropped-VP-logo-piti.png","contentUrl":"https:\/\/velipost.com\/wp-content\/uploads\/2024\/08\/cropped-VP-logo-piti.png","width":201,"height":69,"caption":"VeliPost"},"image":{"@id":"https:\/\/velipost.com\/#\/schema\/logo\/image\/"},"sameAs":["https:\/\/www.facebook.com\/veliposthaiti","https:\/\/x.com\/veliposthaiti","https:\/\/www.instagram.com\/veliposthaiti"]},{"@type":"Person","@id":"https:\/\/velipost.com\/#\/schema\/person\/32ff49a53c9c1bb24302ee8ece058096","name":"VeliPost","image":{"@type":"ImageObject","inLanguage":"fr-FR","@id":"https:\/\/velipost.com\/#\/schema\/person\/image\/","url":"https:\/\/secure.gravatar.com\/avatar\/57c226c264de62f794185a89596d4a37b85a5ad20aca30d9d5a478b27d8c8d9d?s=96&d=mm&r=g","contentUrl":"https:\/\/secure.gravatar.com\/avatar\/57c226c264de62f794185a89596d4a37b85a5ad20aca30d9d5a478b27d8c8d9d?s=96&d=mm&r=g","caption":"VeliPost"},"sameAs":["https:\/\/velipost.com"],"url":"https:\/\/velipost.com\/?author=1"}]}},"views":0,"jetpack_publicize_connections":[],"uagb_featured_image_src":{"full":["https:\/\/velipost.com\/wp-content\/uploads\/2025\/10\/Yanick-Lahens.jpg",1170,603,false],"thumbnail":["https:\/\/velipost.com\/wp-content\/uploads\/2025\/10\/Yanick-Lahens-150x150.jpg",150,150,true],"medium":["https:\/\/velipost.com\/wp-content\/uploads\/2025\/10\/Yanick-Lahens-300x155.jpg",300,155,true],"medium_large":["https:\/\/velipost.com\/wp-content\/uploads\/2025\/10\/Yanick-Lahens-768x396.jpg",715,369,true],"large":["https:\/\/velipost.com\/wp-content\/uploads\/2025\/10\/Yanick-Lahens-1024x528.jpg",715,369,true],"1536x1536":["https:\/\/velipost.com\/wp-content\/uploads\/2025\/10\/Yanick-Lahens.jpg",1170,603,false],"2048x2048":["https:\/\/velipost.com\/wp-content\/uploads\/2025\/10\/Yanick-Lahens.jpg",1170,603,false],"colornews-big-slider":["https:\/\/velipost.com\/wp-content\/uploads\/2025\/10\/Yanick-Lahens-1070x470.jpg",1070,470,true],"colornews-big-slider-thumb":["https:\/\/velipost.com\/wp-content\/uploads\/2025\/10\/Yanick-Lahens-184x109.jpg",184,109,true],"colornews-featured-post-medium":["https:\/\/velipost.com\/wp-content\/uploads\/2025\/10\/Yanick-Lahens-345x265.jpg",345,265,true],"colornews-featured-post-small":["https:\/\/velipost.com\/wp-content\/uploads\/2025\/10\/Yanick-Lahens-115x73.jpg",115,73,true],"colornews-random-posts":["https:\/\/velipost.com\/wp-content\/uploads\/2025\/10\/Yanick-Lahens-215x215.jpg",215,215,true],"colornews-featured-image":["https:\/\/velipost.com\/wp-content\/uploads\/2025\/10\/Yanick-Lahens-715x400.jpg",715,400,true],"mailpoet_newsletter_max":["https:\/\/velipost.com\/wp-content\/uploads\/2025\/10\/Yanick-Lahens.jpg",1170,603,false]},"uagb_author_info":{"display_name":"VeliPost","author_link":"https:\/\/velipost.com\/?author=1"},"uagb_comment_info":0,"uagb_excerpt":"Nouvelle cons\u00e9cration pour la litt\u00e9rature ha\u00eftienne. L\u2019Acad\u00e9mie fran\u00e7aise a choisi de distinguer Yanick Lahens, figure majeure des lettres francophones, en lui attribuant le Grand","_links":{"self":[{"href":"https:\/\/velipost.com\/index.php?rest_route=\/wp\/v2\/posts\/4739","targetHints":{"allow":["GET"]}}],"collection":[{"href":"https:\/\/velipost.com\/index.php?rest_route=\/wp\/v2\/posts"}],"about":[{"href":"https:\/\/velipost.com\/index.php?rest_route=\/wp\/v2\/types\/post"}],"author":[{"embeddable":true,"href":"https:\/\/velipost.com\/index.php?rest_route=\/wp\/v2\/users\/1"}],"replies":[{"embeddable":true,"href":"https:\/\/velipost.com\/index.php?rest_route=%2Fwp%2Fv2%2Fcomments&post=4739"}],"version-history":[{"count":1,"href":"https:\/\/velipost.com\/index.php?rest_route=\/wp\/v2\/posts\/4739\/revisions"}],"predecessor-version":[{"id":4740,"href":"https:\/\/velipost.com\/index.php?rest_route=\/wp\/v2\/posts\/4739\/revisions\/4740"}],"wp:featuredmedia":[{"embeddable":true,"href":"https:\/\/velipost.com\/index.php?rest_route=\/wp\/v2\/media\/4450"}],"wp:attachment":[{"href":"https:\/\/velipost.com\/index.php?rest_route=%2Fwp%2Fv2%2Fmedia&parent=4739"}],"wp:term":[{"taxonomy":"category","embeddable":true,"href":"https:\/\/velipost.com\/index.php?rest_route=%2Fwp%2Fv2%2Fcategories&post=4739"},{"taxonomy":"post_tag","embeddable":true,"href":"https:\/\/velipost.com\/index.php?rest_route=%2Fwp%2Fv2%2Ftags&post=4739"}],"curies":[{"name":"wp","href":"https:\/\/api.w.org\/{rel}","templated":true}]}}