{"id":4693,"date":"2025-10-26T02:46:00","date_gmt":"2025-10-26T01:46:00","guid":{"rendered":"https:\/\/velipost.com\/?p=4693"},"modified":"2025-10-26T02:46:03","modified_gmt":"2025-10-26T01:46:03","slug":"odsonne-edouard-evoque-haiti-mais-garde-les-bleus-en-ligne-de-mire","status":"publish","type":"post","link":"https:\/\/velipost.com\/?p=4693","title":{"rendered":"Odsonne \u00c9douard \u00e9voque Ha\u00efti mais garde les Bleus en ligne de mire"},"content":{"rendered":"\n<p>\u00c0 la veille du choc entre le RC Lens et l\u2019Olympique de Marseille,&nbsp;<strong>Odsonne \u00c9douard<\/strong>&nbsp;s\u2019est confi\u00e9 dans les colonnes de&nbsp;<em>L\u2019\u00c9quipe<\/em>. L\u2019attaquant lensois, auteur d\u2019un bon d\u00e9but de saison, a abord\u00e9 plusieurs sujets, dont ses liens avec&nbsp;<strong>Ha\u00efti<\/strong>, pays d\u2019origine de sa famille.<\/p>\n\n\n\n<p>S\u2019il ne nie pas avoir \u00e9t\u00e9 approch\u00e9 par la&nbsp;<strong>F\u00e9d\u00e9ration Ha\u00eftienne de Football (FHF)<\/strong>, l\u2019ancien international espoir fran\u00e7ais affirme qu\u2019il privil\u00e9gie pour l\u2019instant la continuit\u00e9 avec les s\u00e9lections tricolores :<\/p>\n\n\n\n<blockquote class=\"wp-block-quote is-layout-flow wp-block-quote-is-layout-flow\">\n<p>\u00ab Je ne ferme pas de porte \u00e0 Ha\u00efti, mais j\u2019ai fait toutes mes classes en \u00e9quipe de France, donc ce serait la suite logique pour moi. J\u2019ai toujours espoir, j\u2019esp\u00e8re qu\u2019un jour \u00e7a arrivera. \u00bb<\/p>\n<\/blockquote>\n\n\n\n<p>Cette d\u00e9claration montre l\u2019attachement du joueur \u00e0 son parcours en France, tout en laissant la porte entrouverte \u00e0 une possible aventure internationale sous les couleurs ha\u00eftiennes.<\/p>\n\n\n\n<p>\u00c0 seulement 27 ans,&nbsp;<strong>\u00c9douard<\/strong>&nbsp;reste un attaquant ambitieux, d\u00e9termin\u00e9 \u00e0 retrouver la confiance et la r\u00e9gularit\u00e9 n\u00e9cessaires pour s\u00e9duire le staff de l\u2019\u00e9quipe de France, sans oublier ses racines ha\u00eftiennes, qu\u2019il revendique avec fiert\u00e9.<\/p>\n\n    <div class=\"xs_social_share_widget xs_share_url after_content \t\tmain_content  wslu-style-3 wslu-share-box-shaped wslu-fill-brand-hover-colored wslu-share-m-5 wslu-none wslu-share-horizontal wslu-theme-font-no wslu-main_content\">\n\n\t\t\n        <ul>\n\t\t\t                    <li class=\"xs-share-li twitter                        wslu-no-extra-data\">\n                        <a href=\"javascript:void(0);\"\n                           id=\"xs_feed_twitter\"\n                           onclick=\"xs_social_sharer(this);\"\n                           data-pid=\"4693\"\n                           data-uri_hash=\"d08064be17edcdc92f7638137e3ecf57\"\n                           data-key=\"twitter\"\n                           data-xs-href=\"https:\/\/twitter.com\/intent\/tweet?text=Odsonne+%C3%89douard+%C3%A9voque+Ha%C3%AFti+mais+garde+les+Bleus+en+ligne+de+mire+https%3A%2F%2Fvelipost.com%2Findex.php%3Frest_route%3D%252Fwp%252Fv2%252Fposts%252F4693&amp;original_referer=https%3A%2F%2Fvelipost.com%2Findex.php%3Frest_route%3D%252Fwp%252Fv2%252Fposts%252F4693&amp;related=xpeedstudio\">\n\n                            <div class=\"xs-social-icon\">\n                                <span class=\"met-social met-social-twitter\"><\/span>\n                            <\/div>\n\n\t\t\t\t\t\t\t\n                            <div class=\"wslu-hover-content\">\n                                <div class=\"xs-social-followers\">\n\t\t\t\t\t\t\t\t\t10                                <\/div>\n                                <div class=\"xs-social-follower-text\">\n\t\t\t\t\t\t\t\t\tShare                                <\/div>\n                                <div class=\"xs-social-follower-label\">\n\t\t\t\t\t\t\t\t\tTwitter                                <\/div>\n                            <\/div>\n                        <\/a>\n                    <\/li>\n\t\t\t\t\t                    <li class=\"xs-share-li telegram                        wslu-no-extra-data\">\n                        <a href=\"javascript:void(0);\"\n                           id=\"xs_feed_telegram\"\n                           onclick=\"xs_social_sharer(this);\"\n                           data-pid=\"4693\"\n                           data-uri_hash=\"d08064be17edcdc92f7638137e3ecf57\"\n                           data-key=\"telegram\"\n                           data-xs-href=\"https:\/\/telegram.me\/share\/url?url=https%3A%2F%2Fvelipost.com%2Findex.php%3Frest_route%3D%252Fwp%252Fv2%252Fposts%252F4693&amp;text=Odsonne+%C3%89douard+%C3%A9voque+Ha%C3%AFti+mais+garde+les+Bleus+en+ligne+de+mire\">\n\n                            <div class=\"xs-social-icon\">\n                                <span class=\"met-social met-social-telegram\"><\/span>\n                            <\/div>\n\n\t\t\t\t\t\t\t\n                            <div class=\"wslu-hover-content\">\n                                <div class=\"xs-social-followers\">\n\t\t\t\t\t\t\t\t\t0                                <\/div>\n                                <div class=\"xs-social-follower-text\">\n\t\t\t\t\t\t\t\t\tShare                                <\/div>\n                                <div class=\"xs-social-follower-label\">\n\t\t\t\t\t\t\t\t\tTelegram                                <\/div>\n                            <\/div>\n                        <\/a>\n                    <\/li>\n\t\t\t\t\t                    <li class=\"xs-share-li email                        wslu-no-extra-data\">\n                        <a href=\"javascript:void(0);\"\n                           id=\"xs_feed_email\"\n                           onclick=\"xs_social_sharer(this);\"\n                           data-pid=\"4693\"\n                           data-uri_hash=\"d08064be17edcdc92f7638137e3ecf57\"\n                           data-key=\"email\"\n                           data-xs-href=\"mailto:?body=Title%3A+Odsonne+%C3%89douard+%C3%A9voque+Ha%C3%AFti+mais+garde+les+Bleus+en+ligne+de+mire+%5Cn%5Cn+URL%3A+https%3A%2F%2Fvelipost.com%2Findex.php%3Frest_route%3D%252Fwp%252Fv2%252Fposts%252F4693&amp;subject=Odsonne+%C3%89douard+%C3%A9voque+Ha%C3%AFti+mais+garde+les+Bleus+en+ligne+de+mire\">\n\n                            <div class=\"xs-social-icon\">\n                                <span class=\"met-social met-social-email\"><\/span>\n                            <\/div>\n\n\t\t\t\t\t\t\t\n                            <div class=\"wslu-hover-content\">\n                                <div class=\"xs-social-followers\">\n\t\t\t\t\t\t\t\t\t0                                <\/div>\n                                <div class=\"xs-social-follower-text\">\n\t\t\t\t\t\t\t\t\tShare                                <\/div>\n                                <div class=\"xs-social-follower-label\">\n\t\t\t\t\t\t\t\t\tEmail                                <\/div>\n                            <\/div>\n                        <\/a>\n                    <\/li>\n\t\t\t\t\t        <\/ul>\n    <\/div> \n","protected":false},"excerpt":{"rendered":"<p>\u00c0 la veille du choc entre le RC Lens et l\u2019Olympique de Marseille,&nbsp;Odsonne \u00c9douard&nbsp;s\u2019est confi\u00e9 dans les colonnes de&nbsp;L\u2019\u00c9quipe. L\u2019attaquant lensois, auteur d\u2019un bon<\/p>\n","protected":false},"author":1,"featured_media":0,"comment_status":"open","ping_status":"open","sticky":false,"template":"","format":"standard","meta":{"_uag_custom_page_level_css":"","footnotes":"","jetpack_publicize_message":"","jetpack_publicize_feature_enabled":true,"jetpack_social_post_already_shared":true,"jetpack_social_options":{"image_generator_settings":{"template":"highway","default_image_id":0,"font":"","enabled":false},"version":2}},"categories":[102],"tags":[],"class_list":["post-4693","post","type-post","status-publish","format-standard","hentry","category-football"],"yoast_head":"<!-- This site is optimized with the Yoast SEO plugin v25.3.1 - https:\/\/yoast.com\/wordpress\/plugins\/seo\/ -->\n<title>Odsonne \u00c9douard \u00e9voque Ha\u00efti mais garde les Bleus en ligne de mire &#8211; VeliPost<\/title>\n<meta name=\"robots\" content=\"index, follow, max-snippet:-1, max-image-preview:large, max-video-preview:-1\" \/>\n<link rel=\"canonical\" href=\"https:\/\/velipost.com\/?p=4693\" \/>\n<meta property=\"og:locale\" content=\"fr_FR\" \/>\n<meta property=\"og:type\" content=\"article\" \/>\n<meta property=\"og:title\" content=\"Odsonne \u00c9douard \u00e9voque Ha\u00efti mais garde les Bleus en ligne de mire &#8211; VeliPost\" \/>\n<meta property=\"og:description\" content=\"\u00c0 la veille du choc entre le RC Lens et l\u2019Olympique de Marseille,&nbsp;Odsonne \u00c9douard&nbsp;s\u2019est confi\u00e9 dans les colonnes de&nbsp;L\u2019\u00c9quipe. L\u2019attaquant lensois, auteur d\u2019un bon\" \/>\n<meta property=\"og:url\" content=\"https:\/\/velipost.com\/?p=4693\" \/>\n<meta property=\"og:site_name\" content=\"VeliPost\" \/>\n<meta property=\"article:publisher\" content=\"https:\/\/www.facebook.com\/veliposthaiti\" \/>\n<meta property=\"article:published_time\" content=\"2025-10-26T01:46:00+00:00\" \/>\n<meta property=\"article:modified_time\" content=\"2025-10-26T01:46:03+00:00\" \/>\n<meta property=\"og:image\" content=\"https:\/\/velipost.com\/wp-content\/uploads\/2025\/10\/Odsonne-Edouard-1.jpg\" \/>\n\t<meta property=\"og:image:width\" content=\"1170\" \/>\n\t<meta property=\"og:image:height\" content=\"603\" \/>\n\t<meta property=\"og:image:type\" content=\"image\/jpeg\" \/>\n<meta name=\"author\" content=\"VeliPost\" \/>\n<meta name=\"twitter:card\" content=\"summary_large_image\" \/>\n<meta name=\"twitter:creator\" content=\"@veliposthaiti\" \/>\n<meta name=\"twitter:site\" content=\"@veliposthaiti\" \/>\n<meta name=\"twitter:label1\" content=\"\u00c9crit par\" \/>\n\t<meta name=\"twitter:data1\" content=\"VeliPost\" \/>\n\t<meta name=\"twitter:label2\" content=\"Dur\u00e9e de lecture estim\u00e9e\" \/>\n\t<meta name=\"twitter:data2\" content=\"1 minute\" \/>\n<script type=\"application\/ld+json\" class=\"yoast-schema-graph\">{\"@context\":\"https:\/\/schema.org\",\"@graph\":[{\"@type\":\"Article\",\"@id\":\"https:\/\/velipost.com\/?p=4693#article\",\"isPartOf\":{\"@id\":\"https:\/\/velipost.com\/?p=4693\"},\"author\":{\"name\":\"VeliPost\",\"@id\":\"https:\/\/velipost.com\/#\/schema\/person\/32ff49a53c9c1bb24302ee8ece058096\"},\"headline\":\"Odsonne \u00c9douard \u00e9voque Ha\u00efti mais garde les Bleus en ligne de mire\",\"datePublished\":\"2025-10-26T01:46:00+00:00\",\"dateModified\":\"2025-10-26T01:46:03+00:00\",\"mainEntityOfPage\":{\"@id\":\"https:\/\/velipost.com\/?p=4693\"},\"wordCount\":215,\"commentCount\":0,\"publisher\":{\"@id\":\"https:\/\/velipost.com\/#organization\"},\"articleSection\":[\"Football\"],\"inLanguage\":\"fr-FR\",\"potentialAction\":[{\"@type\":\"CommentAction\",\"name\":\"Comment\",\"target\":[\"https:\/\/velipost.com\/?p=4693#respond\"]}]},{\"@type\":\"WebPage\",\"@id\":\"https:\/\/velipost.com\/?p=4693\",\"url\":\"https:\/\/velipost.com\/?p=4693\",\"name\":\"Odsonne \u00c9douard \u00e9voque Ha\u00efti mais garde les Bleus en ligne de mire &#8211; VeliPost\",\"isPartOf\":{\"@id\":\"https:\/\/velipost.com\/#website\"},\"datePublished\":\"2025-10-26T01:46:00+00:00\",\"dateModified\":\"2025-10-26T01:46:03+00:00\",\"breadcrumb\":{\"@id\":\"https:\/\/velipost.com\/?p=4693#breadcrumb\"},\"inLanguage\":\"fr-FR\",\"potentialAction\":[{\"@type\":\"ReadAction\",\"target\":[\"https:\/\/velipost.com\/?p=4693\"]}]},{\"@type\":\"BreadcrumbList\",\"@id\":\"https:\/\/velipost.com\/?p=4693#breadcrumb\",\"itemListElement\":[{\"@type\":\"ListItem\",\"position\":1,\"name\":\"Accueil\",\"item\":\"https:\/\/velipost.com\/\"},{\"@type\":\"ListItem\",\"position\":2,\"name\":\"Odsonne \u00c9douard \u00e9voque Ha\u00efti mais garde les Bleus en ligne de mire\"}]},{\"@type\":\"WebSite\",\"@id\":\"https:\/\/velipost.com\/#website\",\"url\":\"https:\/\/velipost.com\/\",\"name\":\"VeliPost\",\"description\":\"L\u2019info en un clic\",\"publisher\":{\"@id\":\"https:\/\/velipost.com\/#organization\"},\"potentialAction\":[{\"@type\":\"SearchAction\",\"target\":{\"@type\":\"EntryPoint\",\"urlTemplate\":\"https:\/\/velipost.com\/?s={search_term_string}\"},\"query-input\":{\"@type\":\"PropertyValueSpecification\",\"valueRequired\":true,\"valueName\":\"search_term_string\"}}],\"inLanguage\":\"fr-FR\"},{\"@type\":\"Organization\",\"@id\":\"https:\/\/velipost.com\/#organization\",\"name\":\"VeliPost\",\"url\":\"https:\/\/velipost.com\/\",\"logo\":{\"@type\":\"ImageObject\",\"inLanguage\":\"fr-FR\",\"@id\":\"https:\/\/velipost.com\/#\/schema\/logo\/image\/\",\"url\":\"https:\/\/velipost.com\/wp-content\/uploads\/2024\/08\/cropped-VP-logo-piti.png\",\"contentUrl\":\"https:\/\/velipost.com\/wp-content\/uploads\/2024\/08\/cropped-VP-logo-piti.png\",\"width\":201,\"height\":69,\"caption\":\"VeliPost\"},\"image\":{\"@id\":\"https:\/\/velipost.com\/#\/schema\/logo\/image\/\"},\"sameAs\":[\"https:\/\/www.facebook.com\/veliposthaiti\",\"https:\/\/x.com\/veliposthaiti\",\"https:\/\/www.instagram.com\/veliposthaiti\"]},{\"@type\":\"Person\",\"@id\":\"https:\/\/velipost.com\/#\/schema\/person\/32ff49a53c9c1bb24302ee8ece058096\",\"name\":\"VeliPost\",\"image\":{\"@type\":\"ImageObject\",\"inLanguage\":\"fr-FR\",\"@id\":\"https:\/\/velipost.com\/#\/schema\/person\/image\/\",\"url\":\"https:\/\/secure.gravatar.com\/avatar\/57c226c264de62f794185a89596d4a37b85a5ad20aca30d9d5a478b27d8c8d9d?s=96&d=mm&r=g\",\"contentUrl\":\"https:\/\/secure.gravatar.com\/avatar\/57c226c264de62f794185a89596d4a37b85a5ad20aca30d9d5a478b27d8c8d9d?s=96&d=mm&r=g\",\"caption\":\"VeliPost\"},\"sameAs\":[\"https:\/\/velipost.com\"],\"url\":\"https:\/\/velipost.com\/?author=1\"}]}<\/script>\n<!-- \/ Yoast SEO plugin. -->","yoast_head_json":{"title":"Odsonne \u00c9douard \u00e9voque Ha\u00efti mais garde les Bleus en ligne de mire &#8211; VeliPost","robots":{"index":"index","follow":"follow","max-snippet":"max-snippet:-1","max-image-preview":"max-image-preview:large","max-video-preview":"max-video-preview:-1"},"canonical":"https:\/\/velipost.com\/?p=4693","og_locale":"fr_FR","og_type":"article","og_title":"Odsonne \u00c9douard \u00e9voque Ha\u00efti mais garde les Bleus en ligne de mire &#8211; VeliPost","og_description":"\u00c0 la veille du choc entre le RC Lens et l\u2019Olympique de Marseille,&nbsp;Odsonne \u00c9douard&nbsp;s\u2019est confi\u00e9 dans les colonnes de&nbsp;L\u2019\u00c9quipe. L\u2019attaquant lensois, auteur d\u2019un bon","og_url":"https:\/\/velipost.com\/?p=4693","og_site_name":"VeliPost","article_publisher":"https:\/\/www.facebook.com\/veliposthaiti","article_published_time":"2025-10-26T01:46:00+00:00","article_modified_time":"2025-10-26T01:46:03+00:00","og_image":[{"width":1170,"height":603,"url":"https:\/\/velipost.com\/wp-content\/uploads\/2025\/10\/Odsonne-Edouard-1.jpg","type":"image\/jpeg"}],"author":"VeliPost","twitter_card":"summary_large_image","twitter_creator":"@veliposthaiti","twitter_site":"@veliposthaiti","twitter_misc":{"\u00c9crit par":"VeliPost","Dur\u00e9e de lecture estim\u00e9e":"1 minute"},"schema":{"@context":"https:\/\/schema.org","@graph":[{"@type":"Article","@id":"https:\/\/velipost.com\/?p=4693#article","isPartOf":{"@id":"https:\/\/velipost.com\/?p=4693"},"author":{"name":"VeliPost","@id":"https:\/\/velipost.com\/#\/schema\/person\/32ff49a53c9c1bb24302ee8ece058096"},"headline":"Odsonne \u00c9douard \u00e9voque Ha\u00efti mais garde les Bleus en ligne de mire","datePublished":"2025-10-26T01:46:00+00:00","dateModified":"2025-10-26T01:46:03+00:00","mainEntityOfPage":{"@id":"https:\/\/velipost.com\/?p=4693"},"wordCount":215,"commentCount":0,"publisher":{"@id":"https:\/\/velipost.com\/#organization"},"articleSection":["Football"],"inLanguage":"fr-FR","potentialAction":[{"@type":"CommentAction","name":"Comment","target":["https:\/\/velipost.com\/?p=4693#respond"]}]},{"@type":"WebPage","@id":"https:\/\/velipost.com\/?p=4693","url":"https:\/\/velipost.com\/?p=4693","name":"Odsonne \u00c9douard \u00e9voque Ha\u00efti mais garde les Bleus en ligne de mire &#8211; VeliPost","isPartOf":{"@id":"https:\/\/velipost.com\/#website"},"datePublished":"2025-10-26T01:46:00+00:00","dateModified":"2025-10-26T01:46:03+00:00","breadcrumb":{"@id":"https:\/\/velipost.com\/?p=4693#breadcrumb"},"inLanguage":"fr-FR","potentialAction":[{"@type":"ReadAction","target":["https:\/\/velipost.com\/?p=4693"]}]},{"@type":"BreadcrumbList","@id":"https:\/\/velipost.com\/?p=4693#breadcrumb","itemListElement":[{"@type":"ListItem","position":1,"name":"Accueil","item":"https:\/\/velipost.com\/"},{"@type":"ListItem","position":2,"name":"Odsonne \u00c9douard \u00e9voque Ha\u00efti mais garde les Bleus en ligne de mire"}]},{"@type":"WebSite","@id":"https:\/\/velipost.com\/#website","url":"https:\/\/velipost.com\/","name":"VeliPost","description":"L\u2019info en un clic","publisher":{"@id":"https:\/\/velipost.com\/#organization"},"potentialAction":[{"@type":"SearchAction","target":{"@type":"EntryPoint","urlTemplate":"https:\/\/velipost.com\/?s={search_term_string}"},"query-input":{"@type":"PropertyValueSpecification","valueRequired":true,"valueName":"search_term_string"}}],"inLanguage":"fr-FR"},{"@type":"Organization","@id":"https:\/\/velipost.com\/#organization","name":"VeliPost","url":"https:\/\/velipost.com\/","logo":{"@type":"ImageObject","inLanguage":"fr-FR","@id":"https:\/\/velipost.com\/#\/schema\/logo\/image\/","url":"https:\/\/velipost.com\/wp-content\/uploads\/2024\/08\/cropped-VP-logo-piti.png","contentUrl":"https:\/\/velipost.com\/wp-content\/uploads\/2024\/08\/cropped-VP-logo-piti.png","width":201,"height":69,"caption":"VeliPost"},"image":{"@id":"https:\/\/velipost.com\/#\/schema\/logo\/image\/"},"sameAs":["https:\/\/www.facebook.com\/veliposthaiti","https:\/\/x.com\/veliposthaiti","https:\/\/www.instagram.com\/veliposthaiti"]},{"@type":"Person","@id":"https:\/\/velipost.com\/#\/schema\/person\/32ff49a53c9c1bb24302ee8ece058096","name":"VeliPost","image":{"@type":"ImageObject","inLanguage":"fr-FR","@id":"https:\/\/velipost.com\/#\/schema\/person\/image\/","url":"https:\/\/secure.gravatar.com\/avatar\/57c226c264de62f794185a89596d4a37b85a5ad20aca30d9d5a478b27d8c8d9d?s=96&d=mm&r=g","contentUrl":"https:\/\/secure.gravatar.com\/avatar\/57c226c264de62f794185a89596d4a37b85a5ad20aca30d9d5a478b27d8c8d9d?s=96&d=mm&r=g","caption":"VeliPost"},"sameAs":["https:\/\/velipost.com"],"url":"https:\/\/velipost.com\/?author=1"}]}},"views":0,"jetpack_publicize_connections":[],"uagb_featured_image_src":{"full":false,"thumbnail":false,"medium":false,"medium_large":false,"large":false,"1536x1536":false,"2048x2048":false,"colornews-big-slider":false,"colornews-big-slider-thumb":false,"colornews-featured-post-medium":false,"colornews-featured-post-small":false,"colornews-random-posts":false,"colornews-featured-image":false,"mailpoet_newsletter_max":false},"uagb_author_info":{"display_name":"VeliPost","author_link":"https:\/\/velipost.com\/?author=1"},"uagb_comment_info":0,"uagb_excerpt":"\u00c0 la veille du choc entre le RC Lens et l\u2019Olympique de Marseille,&nbsp;Odsonne \u00c9douard&nbsp;s\u2019est confi\u00e9 dans les colonnes de&nbsp;L\u2019\u00c9quipe. L\u2019attaquant lensois, auteur d\u2019un bon","_links":{"self":[{"href":"https:\/\/velipost.com\/index.php?rest_route=\/wp\/v2\/posts\/4693","targetHints":{"allow":["GET"]}}],"collection":[{"href":"https:\/\/velipost.com\/index.php?rest_route=\/wp\/v2\/posts"}],"about":[{"href":"https:\/\/velipost.com\/index.php?rest_route=\/wp\/v2\/types\/post"}],"author":[{"embeddable":true,"href":"https:\/\/velipost.com\/index.php?rest_route=\/wp\/v2\/users\/1"}],"replies":[{"embeddable":true,"href":"https:\/\/velipost.com\/index.php?rest_route=%2Fwp%2Fv2%2Fcomments&post=4693"}],"version-history":[{"count":1,"href":"https:\/\/velipost.com\/index.php?rest_route=\/wp\/v2\/posts\/4693\/revisions"}],"predecessor-version":[{"id":4696,"href":"https:\/\/velipost.com\/index.php?rest_route=\/wp\/v2\/posts\/4693\/revisions\/4696"}],"wp:attachment":[{"href":"https:\/\/velipost.com\/index.php?rest_route=%2Fwp%2Fv2%2Fmedia&parent=4693"}],"wp:term":[{"taxonomy":"category","embeddable":true,"href":"https:\/\/velipost.com\/index.php?rest_route=%2Fwp%2Fv2%2Fcategories&post=4693"},{"taxonomy":"post_tag","embeddable":true,"href":"https:\/\/velipost.com\/index.php?rest_route=%2Fwp%2Fv2%2Ftags&post=4693"}],"curies":[{"name":"wp","href":"https:\/\/api.w.org\/{rel}","templated":true}]}}