{"id":4668,"date":"2025-10-24T21:35:26","date_gmt":"2025-10-24T19:35:26","guid":{"rendered":"https:\/\/velipost.com\/?p=4668"},"modified":"2025-10-24T21:42:09","modified_gmt":"2025-10-24T19:42:09","slug":"pierre-simon-georges-appelle-a-une-refondation-nationale-pour-sauver-haiti","status":"publish","type":"post","link":"https:\/\/velipost.com\/?p=4668","title":{"rendered":"Pierre Simon Georges appelle \u00e0 une refondation nationale pour sauver Ha\u00efti"},"content":{"rendered":"\n<p>Dans une lettre ouverte \u00e0 la nation, l\u2019ancien ministre de l\u2019Environnement, Pierre Simon Georges, a lanc\u00e9 un appel \u00e0 la conscience collective des Ha\u00eftiens. Selon lui, le pays traverse une crise morale, politique et existentielle sans pr\u00e9c\u00e9dent qui exige un sursaut national. \u00ab Ha\u00efti doit redevenir un projet collectif \u00bb, \u00e9crit-il, plaidant pour une reconstruction morale, politique et \u00e9conomique fond\u00e9e sur les valeurs de 1804.<\/p>\n\n\n\n<p>L\u2019ancien d\u00e9put\u00e9 de la 45e l\u00e9gislature d\u00e9nonce une souverainet\u00e9 confisqu\u00e9e par des forces internes et externes, qu\u2019il accuse de \u00ab marchander l\u2019avenir du pays \u00bb. Il met \u00e9galement en garde contre la tenue d\u2019\u00e9lections dans le contexte actuel, qu\u2019il juge manipul\u00e9 par ce qu\u2019il appelle \u00ab le syndicat diplomatique \u00bb des&nbsp;<em>Amis d\u2019Ha\u00efti<\/em>. Selon lui, ces scrutins viseraient davantage \u00e0 l\u00e9gitimer des int\u00e9r\u00eats \u00e9trangers qu\u2019\u00e0 r\u00e9pondre aux aspirations du peuple ha\u00eftien. M. Georges appelle les citoyens \u00e0 la vigilance et \u00e0 la r\u00e9sistance face \u00e0 ce qu\u2019il qualifie de manipulation politique et d\u2019ing\u00e9rence \u00e9trang\u00e8re.<\/p>\n\n\n\n<p>Pierre Simon Georges lie cette situation \u00e0 \u00ab l\u2019acte de d\u00e9c\u00e8s du Pr\u00e9sident Jovenel Mo\u00efse \u00bb, estimant que toutes les oligarchies \u2013 politique, \u00e9conomique, religieuse et internationale \u2013 ont contribu\u00e9 \u00e0 son assassinat.<\/p>\n\n\n\n<p>Dans son manifeste intitul\u00e9 Pour le renouveau d\u2019Ha\u00efti, il propose une s\u00e9rie de mesures pour refonder la R\u00e9publique sur de nouvelles bases : cr\u00e9ation d\u2019une \u00ab R\u00e9publique Dessalinienne d\u2019Ha\u00efti \u00bb, adoption d\u2019une Constitution inspir\u00e9e des id\u00e9aux de Dessalines, r\u00e9forme du syst\u00e8me judiciaire, int\u00e9gration de la diaspora et mise en place d\u2019un service militaire obligatoire \u00e0 vocation de d\u00e9veloppement. Il pr\u00f4ne \u00e9galement la cr\u00e9ation d\u2019un Tribunal sp\u00e9cial pour juger les grands dossiers de corruption et rendre justice \u00e0 Jovenel Mo\u00efse et \u00e0 Dessalines.<\/p>\n\n\n\n<p>Pierre Simon Georges affirme que la souverainet\u00e9 d\u2019Ha\u00efti \u00ab n\u2019est pas \u00e0 n\u00e9gocier, mais \u00e0 reconqu\u00e9rir \u00bb. Il invite la jeunesse \u00e0 devenir le moteur du renouveau national et \u00e0 porter la flamme du r\u00eave dessalinien. \u00ab Ha\u00efti ne mourra pas, elle rena\u00eetra du c\u0153ur de ses enfants \u00bb, \u00e9crit-il avec espoir.<\/p>\n\n\n\n<p><em>T\u00e9l\u00e9chargez le document complet, \u00ab Lettre ouverte \u00e0 la Nation ha\u00eftienne \u00bb, et d\u00e9couvrez l\u2019int\u00e9gralit\u00e9 de sa r\u00e9flexion sur la souverainet\u00e9, la refondation nationale et l\u2019avenir d\u2019Ha\u00efti.<\/em> <\/p>\n\n\n\n<div data-wp-interactive=\"core\/file\" class=\"wp-block-file\"><object data-wp-bind--hidden=\"!state.hasPdfPreview\" hidden class=\"wp-block-file__embed\" data=\"https:\/\/velipost.com\/wp-content\/uploads\/2025\/10\/Pierre-Simon-Georges_pour-le-renouveu-dHaiti_final.pdf\" type=\"application\/pdf\" style=\"width:100%;height:600px\" aria-label=\"Contenu embarqu\u00e9 Pierre Simon Georges_pour le renouveu d&apos;Haiti_final.\"><\/object><a id=\"wp-block-file--media-3f589d16-7a74-4376-81e9-62d14e004600\" href=\"https:\/\/velipost.com\/wp-content\/uploads\/2025\/10\/Pierre-Simon-Georges_pour-le-renouveu-dHaiti_final.pdf\">Pierre Simon Georges_pour le renouveu d&rsquo;Haiti_final<\/a><a href=\"https:\/\/velipost.com\/wp-content\/uploads\/2025\/10\/Pierre-Simon-Georges_pour-le-renouveu-dHaiti_final.pdf\" class=\"wp-block-file__button wp-element-button\" download aria-describedby=\"wp-block-file--media-3f589d16-7a74-4376-81e9-62d14e004600\">T\u00e9l\u00e9charger<\/a><\/div>\n\n    <div class=\"xs_social_share_widget xs_share_url after_content \t\tmain_content  wslu-style-3 wslu-share-box-shaped wslu-fill-brand-hover-colored wslu-share-m-5 wslu-none wslu-share-horizontal wslu-theme-font-no wslu-main_content\">\n\n\t\t\n        <ul>\n\t\t\t                    <li class=\"xs-share-li twitter                        wslu-no-extra-data\">\n                        <a href=\"javascript:void(0);\"\n                           id=\"xs_feed_twitter\"\n                           onclick=\"xs_social_sharer(this);\"\n                           data-pid=\"4668\"\n                           data-uri_hash=\"b8454f420c2d39095f8468d2ab706c1c\"\n                           data-key=\"twitter\"\n                           data-xs-href=\"https:\/\/twitter.com\/intent\/tweet?text=Pierre+Simon+Georges+appelle+%C3%A0+une+refondation+nationale+pour+sauver+Ha%C3%AFti+https%3A%2F%2Fvelipost.com%2Findex.php%3Frest_route%3D%252Fwp%252Fv2%252Fposts%252F4668&amp;original_referer=https%3A%2F%2Fvelipost.com%2Findex.php%3Frest_route%3D%252Fwp%252Fv2%252Fposts%252F4668&amp;related=xpeedstudio\">\n\n                            <div class=\"xs-social-icon\">\n                                <span class=\"met-social met-social-twitter\"><\/span>\n                            <\/div>\n\n\t\t\t\t\t\t\t\n                            <div class=\"wslu-hover-content\">\n                                <div class=\"xs-social-followers\">\n\t\t\t\t\t\t\t\t\t10                                <\/div>\n                                <div class=\"xs-social-follower-text\">\n\t\t\t\t\t\t\t\t\tShare                                <\/div>\n                                <div class=\"xs-social-follower-label\">\n\t\t\t\t\t\t\t\t\tTwitter                                <\/div>\n                            <\/div>\n                        <\/a>\n                    <\/li>\n\t\t\t\t\t                    <li class=\"xs-share-li telegram                        wslu-no-extra-data\">\n                        <a href=\"javascript:void(0);\"\n                           id=\"xs_feed_telegram\"\n                           onclick=\"xs_social_sharer(this);\"\n                           data-pid=\"4668\"\n                           data-uri_hash=\"b8454f420c2d39095f8468d2ab706c1c\"\n                           data-key=\"telegram\"\n                           data-xs-href=\"https:\/\/telegram.me\/share\/url?url=https%3A%2F%2Fvelipost.com%2Findex.php%3Frest_route%3D%252Fwp%252Fv2%252Fposts%252F4668&amp;text=Pierre+Simon+Georges+appelle+%C3%A0+une+refondation+nationale+pour+sauver+Ha%C3%AFti\">\n\n                            <div class=\"xs-social-icon\">\n                                <span class=\"met-social met-social-telegram\"><\/span>\n                            <\/div>\n\n\t\t\t\t\t\t\t\n                            <div class=\"wslu-hover-content\">\n                                <div class=\"xs-social-followers\">\n\t\t\t\t\t\t\t\t\t0                                <\/div>\n                                <div class=\"xs-social-follower-text\">\n\t\t\t\t\t\t\t\t\tShare                                <\/div>\n                                <div class=\"xs-social-follower-label\">\n\t\t\t\t\t\t\t\t\tTelegram                                <\/div>\n                            <\/div>\n                        <\/a>\n                    <\/li>\n\t\t\t\t\t                    <li class=\"xs-share-li email                        wslu-no-extra-data\">\n                        <a href=\"javascript:void(0);\"\n                           id=\"xs_feed_email\"\n                           onclick=\"xs_social_sharer(this);\"\n                           data-pid=\"4668\"\n                           data-uri_hash=\"b8454f420c2d39095f8468d2ab706c1c\"\n                           data-key=\"email\"\n                           data-xs-href=\"mailto:?body=Title%3A+Pierre+Simon+Georges+appelle+%C3%A0+une+refondation+nationale+pour+sauver+Ha%C3%AFti+%5Cn%5Cn+URL%3A+https%3A%2F%2Fvelipost.com%2Findex.php%3Frest_route%3D%252Fwp%252Fv2%252Fposts%252F4668&amp;subject=Pierre+Simon+Georges+appelle+%C3%A0+une+refondation+nationale+pour+sauver+Ha%C3%AFti\">\n\n                            <div class=\"xs-social-icon\">\n                                <span class=\"met-social met-social-email\"><\/span>\n                            <\/div>\n\n\t\t\t\t\t\t\t\n                            <div class=\"wslu-hover-content\">\n                                <div class=\"xs-social-followers\">\n\t\t\t\t\t\t\t\t\t0                                <\/div>\n                                <div class=\"xs-social-follower-text\">\n\t\t\t\t\t\t\t\t\tShare                                <\/div>\n                                <div class=\"xs-social-follower-label\">\n\t\t\t\t\t\t\t\t\tEmail                                <\/div>\n                            <\/div>\n                        <\/a>\n                    <\/li>\n\t\t\t\t\t        <\/ul>\n    <\/div> \n","protected":false},"excerpt":{"rendered":"<p>Dans une lettre ouverte \u00e0 la nation, l\u2019ancien ministre de l\u2019Environnement, Pierre Simon Georges, a lanc\u00e9 un appel \u00e0 la conscience collective des Ha\u00eftiens.<\/p>\n","protected":false},"author":1,"featured_media":4669,"comment_status":"open","ping_status":"open","sticky":false,"template":"","format":"standard","meta":{"_uag_custom_page_level_css":"","footnotes":"","jetpack_publicize_message":"","jetpack_publicize_feature_enabled":true,"jetpack_social_post_already_shared":true,"jetpack_social_options":{"image_generator_settings":{"template":"highway","default_image_id":0,"font":"","enabled":false},"version":2}},"categories":[115],"tags":[],"class_list":["post-4668","post","type-post","status-publish","format-standard","has-post-thumbnail","hentry","category-politique"],"yoast_head":"<!-- This site is optimized with the Yoast SEO plugin v25.3.1 - https:\/\/yoast.com\/wordpress\/plugins\/seo\/ -->\n<title>Pierre Simon Georges appelle \u00e0 une refondation nationale pour sauver Ha\u00efti &#8211; VeliPost<\/title>\n<meta name=\"robots\" content=\"index, follow, max-snippet:-1, max-image-preview:large, max-video-preview:-1\" \/>\n<link rel=\"canonical\" href=\"https:\/\/velipost.com\/?p=4668\" \/>\n<meta property=\"og:locale\" content=\"fr_FR\" \/>\n<meta property=\"og:type\" content=\"article\" \/>\n<meta property=\"og:title\" content=\"Pierre Simon Georges appelle \u00e0 une refondation nationale pour sauver Ha\u00efti &#8211; VeliPost\" \/>\n<meta property=\"og:description\" content=\"Dans une lettre ouverte \u00e0 la nation, l\u2019ancien ministre de l\u2019Environnement, Pierre Simon Georges, a lanc\u00e9 un appel \u00e0 la conscience collective des Ha\u00eftiens.\" \/>\n<meta property=\"og:url\" content=\"https:\/\/velipost.com\/?p=4668\" \/>\n<meta property=\"og:site_name\" content=\"VeliPost\" \/>\n<meta property=\"article:publisher\" content=\"https:\/\/www.facebook.com\/veliposthaiti\" \/>\n<meta property=\"article:published_time\" content=\"2025-10-24T19:35:26+00:00\" \/>\n<meta property=\"article:modified_time\" content=\"2025-10-24T19:42:09+00:00\" \/>\n<meta property=\"og:image\" content=\"https:\/\/velipost.com\/wp-content\/uploads\/2025\/10\/Pierre-Simon-Georges.jpg\" \/>\n\t<meta property=\"og:image:width\" content=\"1170\" \/>\n\t<meta property=\"og:image:height\" content=\"603\" \/>\n\t<meta property=\"og:image:type\" content=\"image\/jpeg\" \/>\n<meta name=\"author\" content=\"VeliPost\" \/>\n<meta name=\"twitter:card\" content=\"summary_large_image\" \/>\n<meta name=\"twitter:creator\" content=\"@veliposthaiti\" \/>\n<meta name=\"twitter:site\" content=\"@veliposthaiti\" \/>\n<meta name=\"twitter:label1\" content=\"\u00c9crit par\" \/>\n\t<meta name=\"twitter:data1\" content=\"VeliPost\" \/>\n\t<meta name=\"twitter:label2\" content=\"Dur\u00e9e de lecture estim\u00e9e\" \/>\n\t<meta name=\"twitter:data2\" content=\"2 minutes\" \/>\n<script type=\"application\/ld+json\" class=\"yoast-schema-graph\">{\"@context\":\"https:\/\/schema.org\",\"@graph\":[{\"@type\":\"Article\",\"@id\":\"https:\/\/velipost.com\/?p=4668#article\",\"isPartOf\":{\"@id\":\"https:\/\/velipost.com\/?p=4668\"},\"author\":{\"name\":\"VeliPost\",\"@id\":\"https:\/\/velipost.com\/#\/schema\/person\/32ff49a53c9c1bb24302ee8ece058096\"},\"headline\":\"Pierre Simon Georges appelle \u00e0 une refondation nationale pour sauver Ha\u00efti\",\"datePublished\":\"2025-10-24T19:35:26+00:00\",\"dateModified\":\"2025-10-24T19:42:09+00:00\",\"mainEntityOfPage\":{\"@id\":\"https:\/\/velipost.com\/?p=4668\"},\"wordCount\":416,\"commentCount\":0,\"publisher\":{\"@id\":\"https:\/\/velipost.com\/#organization\"},\"image\":{\"@id\":\"https:\/\/velipost.com\/?p=4668#primaryimage\"},\"thumbnailUrl\":\"https:\/\/velipost.com\/wp-content\/uploads\/2025\/10\/Pierre-Simon-Georges.jpg\",\"articleSection\":[\"Politique\"],\"inLanguage\":\"fr-FR\",\"potentialAction\":[{\"@type\":\"CommentAction\",\"name\":\"Comment\",\"target\":[\"https:\/\/velipost.com\/?p=4668#respond\"]}]},{\"@type\":\"WebPage\",\"@id\":\"https:\/\/velipost.com\/?p=4668\",\"url\":\"https:\/\/velipost.com\/?p=4668\",\"name\":\"Pierre Simon Georges appelle \u00e0 une refondation nationale pour sauver Ha\u00efti &#8211; VeliPost\",\"isPartOf\":{\"@id\":\"https:\/\/velipost.com\/#website\"},\"primaryImageOfPage\":{\"@id\":\"https:\/\/velipost.com\/?p=4668#primaryimage\"},\"image\":{\"@id\":\"https:\/\/velipost.com\/?p=4668#primaryimage\"},\"thumbnailUrl\":\"https:\/\/velipost.com\/wp-content\/uploads\/2025\/10\/Pierre-Simon-Georges.jpg\",\"datePublished\":\"2025-10-24T19:35:26+00:00\",\"dateModified\":\"2025-10-24T19:42:09+00:00\",\"breadcrumb\":{\"@id\":\"https:\/\/velipost.com\/?p=4668#breadcrumb\"},\"inLanguage\":\"fr-FR\",\"potentialAction\":[{\"@type\":\"ReadAction\",\"target\":[\"https:\/\/velipost.com\/?p=4668\"]}]},{\"@type\":\"ImageObject\",\"inLanguage\":\"fr-FR\",\"@id\":\"https:\/\/velipost.com\/?p=4668#primaryimage\",\"url\":\"https:\/\/velipost.com\/wp-content\/uploads\/2025\/10\/Pierre-Simon-Georges.jpg\",\"contentUrl\":\"https:\/\/velipost.com\/wp-content\/uploads\/2025\/10\/Pierre-Simon-Georges.jpg\",\"width\":1170,\"height\":603},{\"@type\":\"BreadcrumbList\",\"@id\":\"https:\/\/velipost.com\/?p=4668#breadcrumb\",\"itemListElement\":[{\"@type\":\"ListItem\",\"position\":1,\"name\":\"Accueil\",\"item\":\"https:\/\/velipost.com\/\"},{\"@type\":\"ListItem\",\"position\":2,\"name\":\"Pierre Simon Georges appelle \u00e0 une refondation nationale pour sauver Ha\u00efti\"}]},{\"@type\":\"WebSite\",\"@id\":\"https:\/\/velipost.com\/#website\",\"url\":\"https:\/\/velipost.com\/\",\"name\":\"VeliPost\",\"description\":\"L\u2019info en un clic\",\"publisher\":{\"@id\":\"https:\/\/velipost.com\/#organization\"},\"potentialAction\":[{\"@type\":\"SearchAction\",\"target\":{\"@type\":\"EntryPoint\",\"urlTemplate\":\"https:\/\/velipost.com\/?s={search_term_string}\"},\"query-input\":{\"@type\":\"PropertyValueSpecification\",\"valueRequired\":true,\"valueName\":\"search_term_string\"}}],\"inLanguage\":\"fr-FR\"},{\"@type\":\"Organization\",\"@id\":\"https:\/\/velipost.com\/#organization\",\"name\":\"VeliPost\",\"url\":\"https:\/\/velipost.com\/\",\"logo\":{\"@type\":\"ImageObject\",\"inLanguage\":\"fr-FR\",\"@id\":\"https:\/\/velipost.com\/#\/schema\/logo\/image\/\",\"url\":\"https:\/\/velipost.com\/wp-content\/uploads\/2024\/08\/cropped-VP-logo-piti.png\",\"contentUrl\":\"https:\/\/velipost.com\/wp-content\/uploads\/2024\/08\/cropped-VP-logo-piti.png\",\"width\":201,\"height\":69,\"caption\":\"VeliPost\"},\"image\":{\"@id\":\"https:\/\/velipost.com\/#\/schema\/logo\/image\/\"},\"sameAs\":[\"https:\/\/www.facebook.com\/veliposthaiti\",\"https:\/\/x.com\/veliposthaiti\",\"https:\/\/www.instagram.com\/veliposthaiti\"]},{\"@type\":\"Person\",\"@id\":\"https:\/\/velipost.com\/#\/schema\/person\/32ff49a53c9c1bb24302ee8ece058096\",\"name\":\"VeliPost\",\"image\":{\"@type\":\"ImageObject\",\"inLanguage\":\"fr-FR\",\"@id\":\"https:\/\/velipost.com\/#\/schema\/person\/image\/\",\"url\":\"https:\/\/secure.gravatar.com\/avatar\/57c226c264de62f794185a89596d4a37b85a5ad20aca30d9d5a478b27d8c8d9d?s=96&d=mm&r=g\",\"contentUrl\":\"https:\/\/secure.gravatar.com\/avatar\/57c226c264de62f794185a89596d4a37b85a5ad20aca30d9d5a478b27d8c8d9d?s=96&d=mm&r=g\",\"caption\":\"VeliPost\"},\"sameAs\":[\"https:\/\/velipost.com\"],\"url\":\"https:\/\/velipost.com\/?author=1\"}]}<\/script>\n<!-- \/ Yoast SEO plugin. -->","yoast_head_json":{"title":"Pierre Simon Georges appelle \u00e0 une refondation nationale pour sauver Ha\u00efti &#8211; VeliPost","robots":{"index":"index","follow":"follow","max-snippet":"max-snippet:-1","max-image-preview":"max-image-preview:large","max-video-preview":"max-video-preview:-1"},"canonical":"https:\/\/velipost.com\/?p=4668","og_locale":"fr_FR","og_type":"article","og_title":"Pierre Simon Georges appelle \u00e0 une refondation nationale pour sauver Ha\u00efti &#8211; VeliPost","og_description":"Dans une lettre ouverte \u00e0 la nation, l\u2019ancien ministre de l\u2019Environnement, Pierre Simon Georges, a lanc\u00e9 un appel \u00e0 la conscience collective des Ha\u00eftiens.","og_url":"https:\/\/velipost.com\/?p=4668","og_site_name":"VeliPost","article_publisher":"https:\/\/www.facebook.com\/veliposthaiti","article_published_time":"2025-10-24T19:35:26+00:00","article_modified_time":"2025-10-24T19:42:09+00:00","og_image":[{"width":1170,"height":603,"url":"https:\/\/velipost.com\/wp-content\/uploads\/2025\/10\/Pierre-Simon-Georges.jpg","type":"image\/jpeg"}],"author":"VeliPost","twitter_card":"summary_large_image","twitter_creator":"@veliposthaiti","twitter_site":"@veliposthaiti","twitter_misc":{"\u00c9crit par":"VeliPost","Dur\u00e9e de lecture estim\u00e9e":"2 minutes"},"schema":{"@context":"https:\/\/schema.org","@graph":[{"@type":"Article","@id":"https:\/\/velipost.com\/?p=4668#article","isPartOf":{"@id":"https:\/\/velipost.com\/?p=4668"},"author":{"name":"VeliPost","@id":"https:\/\/velipost.com\/#\/schema\/person\/32ff49a53c9c1bb24302ee8ece058096"},"headline":"Pierre Simon Georges appelle \u00e0 une refondation nationale pour sauver Ha\u00efti","datePublished":"2025-10-24T19:35:26+00:00","dateModified":"2025-10-24T19:42:09+00:00","mainEntityOfPage":{"@id":"https:\/\/velipost.com\/?p=4668"},"wordCount":416,"commentCount":0,"publisher":{"@id":"https:\/\/velipost.com\/#organization"},"image":{"@id":"https:\/\/velipost.com\/?p=4668#primaryimage"},"thumbnailUrl":"https:\/\/velipost.com\/wp-content\/uploads\/2025\/10\/Pierre-Simon-Georges.jpg","articleSection":["Politique"],"inLanguage":"fr-FR","potentialAction":[{"@type":"CommentAction","name":"Comment","target":["https:\/\/velipost.com\/?p=4668#respond"]}]},{"@type":"WebPage","@id":"https:\/\/velipost.com\/?p=4668","url":"https:\/\/velipost.com\/?p=4668","name":"Pierre Simon Georges appelle \u00e0 une refondation nationale pour sauver Ha\u00efti &#8211; VeliPost","isPartOf":{"@id":"https:\/\/velipost.com\/#website"},"primaryImageOfPage":{"@id":"https:\/\/velipost.com\/?p=4668#primaryimage"},"image":{"@id":"https:\/\/velipost.com\/?p=4668#primaryimage"},"thumbnailUrl":"https:\/\/velipost.com\/wp-content\/uploads\/2025\/10\/Pierre-Simon-Georges.jpg","datePublished":"2025-10-24T19:35:26+00:00","dateModified":"2025-10-24T19:42:09+00:00","breadcrumb":{"@id":"https:\/\/velipost.com\/?p=4668#breadcrumb"},"inLanguage":"fr-FR","potentialAction":[{"@type":"ReadAction","target":["https:\/\/velipost.com\/?p=4668"]}]},{"@type":"ImageObject","inLanguage":"fr-FR","@id":"https:\/\/velipost.com\/?p=4668#primaryimage","url":"https:\/\/velipost.com\/wp-content\/uploads\/2025\/10\/Pierre-Simon-Georges.jpg","contentUrl":"https:\/\/velipost.com\/wp-content\/uploads\/2025\/10\/Pierre-Simon-Georges.jpg","width":1170,"height":603},{"@type":"BreadcrumbList","@id":"https:\/\/velipost.com\/?p=4668#breadcrumb","itemListElement":[{"@type":"ListItem","position":1,"name":"Accueil","item":"https:\/\/velipost.com\/"},{"@type":"ListItem","position":2,"name":"Pierre Simon Georges appelle \u00e0 une refondation nationale pour sauver Ha\u00efti"}]},{"@type":"WebSite","@id":"https:\/\/velipost.com\/#website","url":"https:\/\/velipost.com\/","name":"VeliPost","description":"L\u2019info en un clic","publisher":{"@id":"https:\/\/velipost.com\/#organization"},"potentialAction":[{"@type":"SearchAction","target":{"@type":"EntryPoint","urlTemplate":"https:\/\/velipost.com\/?s={search_term_string}"},"query-input":{"@type":"PropertyValueSpecification","valueRequired":true,"valueName":"search_term_string"}}],"inLanguage":"fr-FR"},{"@type":"Organization","@id":"https:\/\/velipost.com\/#organization","name":"VeliPost","url":"https:\/\/velipost.com\/","logo":{"@type":"ImageObject","inLanguage":"fr-FR","@id":"https:\/\/velipost.com\/#\/schema\/logo\/image\/","url":"https:\/\/velipost.com\/wp-content\/uploads\/2024\/08\/cropped-VP-logo-piti.png","contentUrl":"https:\/\/velipost.com\/wp-content\/uploads\/2024\/08\/cropped-VP-logo-piti.png","width":201,"height":69,"caption":"VeliPost"},"image":{"@id":"https:\/\/velipost.com\/#\/schema\/logo\/image\/"},"sameAs":["https:\/\/www.facebook.com\/veliposthaiti","https:\/\/x.com\/veliposthaiti","https:\/\/www.instagram.com\/veliposthaiti"]},{"@type":"Person","@id":"https:\/\/velipost.com\/#\/schema\/person\/32ff49a53c9c1bb24302ee8ece058096","name":"VeliPost","image":{"@type":"ImageObject","inLanguage":"fr-FR","@id":"https:\/\/velipost.com\/#\/schema\/person\/image\/","url":"https:\/\/secure.gravatar.com\/avatar\/57c226c264de62f794185a89596d4a37b85a5ad20aca30d9d5a478b27d8c8d9d?s=96&d=mm&r=g","contentUrl":"https:\/\/secure.gravatar.com\/avatar\/57c226c264de62f794185a89596d4a37b85a5ad20aca30d9d5a478b27d8c8d9d?s=96&d=mm&r=g","caption":"VeliPost"},"sameAs":["https:\/\/velipost.com"],"url":"https:\/\/velipost.com\/?author=1"}]}},"views":1,"jetpack_publicize_connections":[],"uagb_featured_image_src":{"full":["https:\/\/velipost.com\/wp-content\/uploads\/2025\/10\/Pierre-Simon-Georges.jpg",1170,603,false],"thumbnail":["https:\/\/velipost.com\/wp-content\/uploads\/2025\/10\/Pierre-Simon-Georges-150x150.jpg",150,150,true],"medium":["https:\/\/velipost.com\/wp-content\/uploads\/2025\/10\/Pierre-Simon-Georges-300x155.jpg",300,155,true],"medium_large":["https:\/\/velipost.com\/wp-content\/uploads\/2025\/10\/Pierre-Simon-Georges-768x396.jpg",715,369,true],"large":["https:\/\/velipost.com\/wp-content\/uploads\/2025\/10\/Pierre-Simon-Georges-1024x528.jpg",715,369,true],"1536x1536":["https:\/\/velipost.com\/wp-content\/uploads\/2025\/10\/Pierre-Simon-Georges.jpg",1170,603,false],"2048x2048":["https:\/\/velipost.com\/wp-content\/uploads\/2025\/10\/Pierre-Simon-Georges.jpg",1170,603,false],"colornews-big-slider":["https:\/\/velipost.com\/wp-content\/uploads\/2025\/10\/Pierre-Simon-Georges-1070x470.jpg",1070,470,true],"colornews-big-slider-thumb":["https:\/\/velipost.com\/wp-content\/uploads\/2025\/10\/Pierre-Simon-Georges-184x109.jpg",184,109,true],"colornews-featured-post-medium":["https:\/\/velipost.com\/wp-content\/uploads\/2025\/10\/Pierre-Simon-Georges-345x265.jpg",345,265,true],"colornews-featured-post-small":["https:\/\/velipost.com\/wp-content\/uploads\/2025\/10\/Pierre-Simon-Georges-115x73.jpg",115,73,true],"colornews-random-posts":["https:\/\/velipost.com\/wp-content\/uploads\/2025\/10\/Pierre-Simon-Georges-215x215.jpg",215,215,true],"colornews-featured-image":["https:\/\/velipost.com\/wp-content\/uploads\/2025\/10\/Pierre-Simon-Georges-715x400.jpg",715,400,true],"mailpoet_newsletter_max":["https:\/\/velipost.com\/wp-content\/uploads\/2025\/10\/Pierre-Simon-Georges.jpg",1170,603,false]},"uagb_author_info":{"display_name":"VeliPost","author_link":"https:\/\/velipost.com\/?author=1"},"uagb_comment_info":0,"uagb_excerpt":"Dans une lettre ouverte \u00e0 la nation, l\u2019ancien ministre de l\u2019Environnement, Pierre Simon Georges, a lanc\u00e9 un appel \u00e0 la conscience collective des Ha\u00eftiens.","_links":{"self":[{"href":"https:\/\/velipost.com\/index.php?rest_route=\/wp\/v2\/posts\/4668","targetHints":{"allow":["GET"]}}],"collection":[{"href":"https:\/\/velipost.com\/index.php?rest_route=\/wp\/v2\/posts"}],"about":[{"href":"https:\/\/velipost.com\/index.php?rest_route=\/wp\/v2\/types\/post"}],"author":[{"embeddable":true,"href":"https:\/\/velipost.com\/index.php?rest_route=\/wp\/v2\/users\/1"}],"replies":[{"embeddable":true,"href":"https:\/\/velipost.com\/index.php?rest_route=%2Fwp%2Fv2%2Fcomments&post=4668"}],"version-history":[{"count":2,"href":"https:\/\/velipost.com\/index.php?rest_route=\/wp\/v2\/posts\/4668\/revisions"}],"predecessor-version":[{"id":4673,"href":"https:\/\/velipost.com\/index.php?rest_route=\/wp\/v2\/posts\/4668\/revisions\/4673"}],"wp:featuredmedia":[{"embeddable":true,"href":"https:\/\/velipost.com\/index.php?rest_route=\/wp\/v2\/media\/4669"}],"wp:attachment":[{"href":"https:\/\/velipost.com\/index.php?rest_route=%2Fwp%2Fv2%2Fmedia&parent=4668"}],"wp:term":[{"taxonomy":"category","embeddable":true,"href":"https:\/\/velipost.com\/index.php?rest_route=%2Fwp%2Fv2%2Fcategories&post=4668"},{"taxonomy":"post_tag","embeddable":true,"href":"https:\/\/velipost.com\/index.php?rest_route=%2Fwp%2Fv2%2Ftags&post=4668"}],"curies":[{"name":"wp","href":"https:\/\/api.w.org\/{rel}","templated":true}]}}