{"id":4627,"date":"2025-10-21T21:25:30","date_gmt":"2025-10-21T19:25:30","guid":{"rendered":"https:\/\/velipost.com\/?p=4627"},"modified":"2025-10-21T21:25:32","modified_gmt":"2025-10-21T19:25:32","slug":"nicolas-sarkozy-incarcere-pour-association-de-malfaiteurs-une-premiere-historique-sous-la-ve-republique","status":"publish","type":"post","link":"https:\/\/velipost.com\/?p=4627","title":{"rendered":"Nicolas Sarkozy incarc\u00e9r\u00e9 pour association de malfaiteurs : une premi\u00e8re historique sous la Ve R\u00e9publique"},"content":{"rendered":"\n<p>L&rsquo;ancien pr\u00e9sident fran\u00e7ais Nicolas Sarkozy a \u00e9t\u00e9 incarc\u00e9r\u00e9 \u00e0 la prison de la Sant\u00e9, pr\u00e8s d\u2019un mois apr\u00e8s sa condamnation pour association de malfaiteurs dans l\u2019affaire du financement libyen. Une d\u00e9tention in\u00e9dite dans l\u2019histoire de la R\u00e9publique fran\u00e7aise.<\/p>\n\n\n\n<p>Selon son avocat, Me Christophe Ingrain, M. Sarkozy restera d\u00e9tenu \u00ab un minimum de trois semaines \u00e0 un mois \u00bb. La cour d\u2019appel de Paris dispose de deux mois pour statuer sur la demande de mise en libert\u00e9 d\u00e9pos\u00e9e imm\u00e9diatement apr\u00e8s son incarc\u00e9ration.<\/p>\n\n\n\n<p>Si des dirigeants \u00e9trangers comme le Br\u00e9silien Lula ou le Sud-Africain Jacob Zuma ont d\u00e9j\u00e0 connu la prison apr\u00e8s leur mandat, jamais un ancien chef d\u2019\u00c9tat de l\u2019Union europ\u00e9enne n\u2019avait \u00e9t\u00e9 incarc\u00e9r\u00e9 jusqu\u2019ici.<\/p>\n\n\n\n<p>Salu\u00e9 par les acclamations de ses partisans \u00e0 son d\u00e9part de son domicile de l\u2019ouest parisien vers 9 h 15, Nicolas Sarkozy, 70 ans, est arriv\u00e9 une vingtaine de minutes plus tard \u00e0 la prison de la Sant\u00e9, escort\u00e9 par de nombreuses cam\u00e9ras et motos de presse. Sa voiture a attendu quelques instants devant le haut mur d\u2019enceinte avant que l\u2019ex-pr\u00e9sident ne soit admis dans l\u2019\u00e9tablissement p\u00e9nitentiaire.<\/p>\n\n\n\n<p>Avant de partir, accompagn\u00e9 de son \u00e9pouse Carla Bruni, il a pris le temps de saluer ses soutiens. Ces derniers ont entonn\u00e9 La Marseillaise et brandi des drapeaux tricolores en criant : \u00ab Lib\u00e9rez Nicolas ! \u00bb.<\/p>\n\n\n\n<p>L\u2019ancien pr\u00e9sident a embrass\u00e9 ses proches, serr\u00e9 plusieurs mains et publi\u00e9 un message sur les r\u00e9seaux sociaux :<\/p>\n\n\n\n<p>\u00ab La v\u00e9rit\u00e9 triomphera. Mais que le prix \u00e0 payer aura \u00e9t\u00e9 \u00e9crasant\u2026 Ce n\u2019est pas un ancien pr\u00e9sident de la R\u00e9publique que l\u2019on enferme ce matin, c\u2019est un innocent. \u00bb<\/p>\n\n\n\n<p>Selon son avocat, Nicolas Sarkozy sera d\u00e9tenu seul en cellule, avec \u00ab une heure de promenade quotidienne dans une cour grillag\u00e9e \u00bb et \u00ab trois visites familiales par semaine \u00bb. Il n\u2019aura aucun contact avec les autres d\u00e9tenus.<\/p>\n\n    <div class=\"xs_social_share_widget xs_share_url after_content \t\tmain_content  wslu-style-3 wslu-share-box-shaped wslu-fill-brand-hover-colored wslu-share-m-5 wslu-none wslu-share-horizontal wslu-theme-font-no wslu-main_content\">\n\n\t\t\n        <ul>\n\t\t\t                    <li class=\"xs-share-li twitter                        wslu-no-extra-data\">\n                        <a href=\"javascript:void(0);\"\n                           id=\"xs_feed_twitter\"\n                           onclick=\"xs_social_sharer(this);\"\n                           data-pid=\"4627\"\n                           data-uri_hash=\"b5027a2eaf8efc2220c14e3fd88749da\"\n                           data-key=\"twitter\"\n                           data-xs-href=\"https:\/\/twitter.com\/intent\/tweet?text=Nicolas+Sarkozy+incarc%C3%A9r%C3%A9+pour+association+de+malfaiteurs+%3A+une+premi%C3%A8re+historique+sous+la+Ve+R%C3%A9publique+https%3A%2F%2Fvelipost.com%2Findex.php%3Frest_route%3D%252Fwp%252Fv2%252Fposts%252F4627&amp;original_referer=https%3A%2F%2Fvelipost.com%2Findex.php%3Frest_route%3D%252Fwp%252Fv2%252Fposts%252F4627&amp;related=xpeedstudio\">\n\n                            <div class=\"xs-social-icon\">\n                                <span class=\"met-social met-social-twitter\"><\/span>\n                            <\/div>\n\n\t\t\t\t\t\t\t\n                            <div class=\"wslu-hover-content\">\n                                <div class=\"xs-social-followers\">\n\t\t\t\t\t\t\t\t\t10                                <\/div>\n                                <div class=\"xs-social-follower-text\">\n\t\t\t\t\t\t\t\t\tShare                                <\/div>\n                                <div class=\"xs-social-follower-label\">\n\t\t\t\t\t\t\t\t\tTwitter                                <\/div>\n                            <\/div>\n                        <\/a>\n                    <\/li>\n\t\t\t\t\t                    <li class=\"xs-share-li telegram                        wslu-no-extra-data\">\n                        <a href=\"javascript:void(0);\"\n                           id=\"xs_feed_telegram\"\n                           onclick=\"xs_social_sharer(this);\"\n                           data-pid=\"4627\"\n                           data-uri_hash=\"b5027a2eaf8efc2220c14e3fd88749da\"\n                           data-key=\"telegram\"\n                           data-xs-href=\"https:\/\/telegram.me\/share\/url?url=https%3A%2F%2Fvelipost.com%2Findex.php%3Frest_route%3D%252Fwp%252Fv2%252Fposts%252F4627&amp;text=Nicolas+Sarkozy+incarc%C3%A9r%C3%A9+pour+association+de+malfaiteurs+%3A+une+premi%C3%A8re+historique+sous+la+Ve+R%C3%A9publique\">\n\n                            <div class=\"xs-social-icon\">\n                                <span class=\"met-social met-social-telegram\"><\/span>\n                            <\/div>\n\n\t\t\t\t\t\t\t\n                            <div class=\"wslu-hover-content\">\n                                <div class=\"xs-social-followers\">\n\t\t\t\t\t\t\t\t\t0                                <\/div>\n                                <div class=\"xs-social-follower-text\">\n\t\t\t\t\t\t\t\t\tShare                                <\/div>\n                                <div class=\"xs-social-follower-label\">\n\t\t\t\t\t\t\t\t\tTelegram                                <\/div>\n                            <\/div>\n                        <\/a>\n                    <\/li>\n\t\t\t\t\t                    <li class=\"xs-share-li email                        wslu-no-extra-data\">\n                        <a href=\"javascript:void(0);\"\n                           id=\"xs_feed_email\"\n                           onclick=\"xs_social_sharer(this);\"\n                           data-pid=\"4627\"\n                           data-uri_hash=\"b5027a2eaf8efc2220c14e3fd88749da\"\n                           data-key=\"email\"\n                           data-xs-href=\"mailto:?body=Title%3A+Nicolas+Sarkozy+incarc%C3%A9r%C3%A9+pour+association+de+malfaiteurs+%3A+une+premi%C3%A8re+historique+sous+la+Ve+R%C3%A9publique+%5Cn%5Cn+URL%3A+https%3A%2F%2Fvelipost.com%2Findex.php%3Frest_route%3D%252Fwp%252Fv2%252Fposts%252F4627&amp;subject=Nicolas+Sarkozy+incarc%C3%A9r%C3%A9+pour+association+de+malfaiteurs+%3A+une+premi%C3%A8re+historique+sous+la+Ve+R%C3%A9publique\">\n\n                            <div class=\"xs-social-icon\">\n                                <span class=\"met-social met-social-email\"><\/span>\n                            <\/div>\n\n\t\t\t\t\t\t\t\n                            <div class=\"wslu-hover-content\">\n                                <div class=\"xs-social-followers\">\n\t\t\t\t\t\t\t\t\t0                                <\/div>\n                                <div class=\"xs-social-follower-text\">\n\t\t\t\t\t\t\t\t\tShare                                <\/div>\n                                <div class=\"xs-social-follower-label\">\n\t\t\t\t\t\t\t\t\tEmail                                <\/div>\n                            <\/div>\n                        <\/a>\n                    <\/li>\n\t\t\t\t\t        <\/ul>\n    <\/div> \n","protected":false},"excerpt":{"rendered":"<p>L&rsquo;ancien pr\u00e9sident fran\u00e7ais Nicolas Sarkozy a \u00e9t\u00e9 incarc\u00e9r\u00e9 \u00e0 la prison de la Sant\u00e9, pr\u00e8s d\u2019un mois apr\u00e8s sa condamnation pour association de malfaiteurs<\/p>\n","protected":false},"author":1,"featured_media":4628,"comment_status":"open","ping_status":"open","sticky":false,"template":"","format":"standard","meta":{"_uag_custom_page_level_css":"","footnotes":"","jetpack_publicize_message":"","jetpack_publicize_feature_enabled":true,"jetpack_social_post_already_shared":true,"jetpack_social_options":{"image_generator_settings":{"template":"highway","default_image_id":0,"font":"","enabled":false},"version":2}},"categories":[107],"tags":[],"class_list":["post-4627","post","type-post","status-publish","format-standard","has-post-thumbnail","hentry","category-international"],"yoast_head":"<!-- This site is optimized with the Yoast SEO plugin v25.3.1 - https:\/\/yoast.com\/wordpress\/plugins\/seo\/ -->\n<title>Nicolas Sarkozy incarc\u00e9r\u00e9 pour association de malfaiteurs : une premi\u00e8re historique sous la Ve R\u00e9publique &#8211; VeliPost<\/title>\n<meta name=\"robots\" content=\"index, follow, max-snippet:-1, max-image-preview:large, max-video-preview:-1\" \/>\n<link rel=\"canonical\" href=\"https:\/\/velipost.com\/?p=4627\" \/>\n<meta property=\"og:locale\" content=\"fr_FR\" \/>\n<meta property=\"og:type\" content=\"article\" \/>\n<meta property=\"og:title\" content=\"Nicolas Sarkozy incarc\u00e9r\u00e9 pour association de malfaiteurs : une premi\u00e8re historique sous la Ve R\u00e9publique &#8211; VeliPost\" \/>\n<meta property=\"og:description\" content=\"L&rsquo;ancien pr\u00e9sident fran\u00e7ais Nicolas Sarkozy a \u00e9t\u00e9 incarc\u00e9r\u00e9 \u00e0 la prison de la Sant\u00e9, pr\u00e8s d\u2019un mois apr\u00e8s sa condamnation pour association de malfaiteurs\" \/>\n<meta property=\"og:url\" content=\"https:\/\/velipost.com\/?p=4627\" \/>\n<meta property=\"og:site_name\" content=\"VeliPost\" \/>\n<meta property=\"article:publisher\" content=\"https:\/\/www.facebook.com\/veliposthaiti\" \/>\n<meta property=\"article:published_time\" content=\"2025-10-21T19:25:30+00:00\" \/>\n<meta property=\"article:modified_time\" content=\"2025-10-21T19:25:32+00:00\" \/>\n<meta property=\"og:image\" content=\"https:\/\/velipost.com\/wp-content\/uploads\/2025\/10\/sarkozy.jpg\" \/>\n\t<meta property=\"og:image:width\" content=\"1170\" \/>\n\t<meta property=\"og:image:height\" content=\"603\" \/>\n\t<meta property=\"og:image:type\" content=\"image\/jpeg\" \/>\n<meta name=\"author\" content=\"VeliPost\" \/>\n<meta name=\"twitter:card\" content=\"summary_large_image\" \/>\n<meta name=\"twitter:creator\" content=\"@veliposthaiti\" \/>\n<meta name=\"twitter:site\" content=\"@veliposthaiti\" \/>\n<meta name=\"twitter:label1\" content=\"\u00c9crit par\" \/>\n\t<meta name=\"twitter:data1\" content=\"VeliPost\" \/>\n\t<meta name=\"twitter:label2\" content=\"Dur\u00e9e de lecture estim\u00e9e\" \/>\n\t<meta name=\"twitter:data2\" content=\"2 minutes\" \/>\n<script type=\"application\/ld+json\" class=\"yoast-schema-graph\">{\"@context\":\"https:\/\/schema.org\",\"@graph\":[{\"@type\":\"Article\",\"@id\":\"https:\/\/velipost.com\/?p=4627#article\",\"isPartOf\":{\"@id\":\"https:\/\/velipost.com\/?p=4627\"},\"author\":{\"name\":\"VeliPost\",\"@id\":\"https:\/\/velipost.com\/#\/schema\/person\/32ff49a53c9c1bb24302ee8ece058096\"},\"headline\":\"Nicolas Sarkozy incarc\u00e9r\u00e9 pour association de malfaiteurs : une premi\u00e8re historique sous la Ve R\u00e9publique\",\"datePublished\":\"2025-10-21T19:25:30+00:00\",\"dateModified\":\"2025-10-21T19:25:32+00:00\",\"mainEntityOfPage\":{\"@id\":\"https:\/\/velipost.com\/?p=4627\"},\"wordCount\":352,\"commentCount\":0,\"publisher\":{\"@id\":\"https:\/\/velipost.com\/#organization\"},\"image\":{\"@id\":\"https:\/\/velipost.com\/?p=4627#primaryimage\"},\"thumbnailUrl\":\"https:\/\/velipost.com\/wp-content\/uploads\/2025\/10\/sarkozy.jpg\",\"articleSection\":[\"International\"],\"inLanguage\":\"fr-FR\",\"potentialAction\":[{\"@type\":\"CommentAction\",\"name\":\"Comment\",\"target\":[\"https:\/\/velipost.com\/?p=4627#respond\"]}]},{\"@type\":\"WebPage\",\"@id\":\"https:\/\/velipost.com\/?p=4627\",\"url\":\"https:\/\/velipost.com\/?p=4627\",\"name\":\"Nicolas Sarkozy incarc\u00e9r\u00e9 pour association de malfaiteurs : une premi\u00e8re historique sous la Ve R\u00e9publique &#8211; VeliPost\",\"isPartOf\":{\"@id\":\"https:\/\/velipost.com\/#website\"},\"primaryImageOfPage\":{\"@id\":\"https:\/\/velipost.com\/?p=4627#primaryimage\"},\"image\":{\"@id\":\"https:\/\/velipost.com\/?p=4627#primaryimage\"},\"thumbnailUrl\":\"https:\/\/velipost.com\/wp-content\/uploads\/2025\/10\/sarkozy.jpg\",\"datePublished\":\"2025-10-21T19:25:30+00:00\",\"dateModified\":\"2025-10-21T19:25:32+00:00\",\"breadcrumb\":{\"@id\":\"https:\/\/velipost.com\/?p=4627#breadcrumb\"},\"inLanguage\":\"fr-FR\",\"potentialAction\":[{\"@type\":\"ReadAction\",\"target\":[\"https:\/\/velipost.com\/?p=4627\"]}]},{\"@type\":\"ImageObject\",\"inLanguage\":\"fr-FR\",\"@id\":\"https:\/\/velipost.com\/?p=4627#primaryimage\",\"url\":\"https:\/\/velipost.com\/wp-content\/uploads\/2025\/10\/sarkozy.jpg\",\"contentUrl\":\"https:\/\/velipost.com\/wp-content\/uploads\/2025\/10\/sarkozy.jpg\",\"width\":1170,\"height\":603},{\"@type\":\"BreadcrumbList\",\"@id\":\"https:\/\/velipost.com\/?p=4627#breadcrumb\",\"itemListElement\":[{\"@type\":\"ListItem\",\"position\":1,\"name\":\"Accueil\",\"item\":\"https:\/\/velipost.com\/\"},{\"@type\":\"ListItem\",\"position\":2,\"name\":\"Nicolas Sarkozy incarc\u00e9r\u00e9 pour association de malfaiteurs : une premi\u00e8re historique sous la Ve R\u00e9publique\"}]},{\"@type\":\"WebSite\",\"@id\":\"https:\/\/velipost.com\/#website\",\"url\":\"https:\/\/velipost.com\/\",\"name\":\"VeliPost\",\"description\":\"L\u2019info en un clic\",\"publisher\":{\"@id\":\"https:\/\/velipost.com\/#organization\"},\"potentialAction\":[{\"@type\":\"SearchAction\",\"target\":{\"@type\":\"EntryPoint\",\"urlTemplate\":\"https:\/\/velipost.com\/?s={search_term_string}\"},\"query-input\":{\"@type\":\"PropertyValueSpecification\",\"valueRequired\":true,\"valueName\":\"search_term_string\"}}],\"inLanguage\":\"fr-FR\"},{\"@type\":\"Organization\",\"@id\":\"https:\/\/velipost.com\/#organization\",\"name\":\"VeliPost\",\"url\":\"https:\/\/velipost.com\/\",\"logo\":{\"@type\":\"ImageObject\",\"inLanguage\":\"fr-FR\",\"@id\":\"https:\/\/velipost.com\/#\/schema\/logo\/image\/\",\"url\":\"https:\/\/velipost.com\/wp-content\/uploads\/2024\/08\/cropped-VP-logo-piti.png\",\"contentUrl\":\"https:\/\/velipost.com\/wp-content\/uploads\/2024\/08\/cropped-VP-logo-piti.png\",\"width\":201,\"height\":69,\"caption\":\"VeliPost\"},\"image\":{\"@id\":\"https:\/\/velipost.com\/#\/schema\/logo\/image\/\"},\"sameAs\":[\"https:\/\/www.facebook.com\/veliposthaiti\",\"https:\/\/x.com\/veliposthaiti\",\"https:\/\/www.instagram.com\/veliposthaiti\"]},{\"@type\":\"Person\",\"@id\":\"https:\/\/velipost.com\/#\/schema\/person\/32ff49a53c9c1bb24302ee8ece058096\",\"name\":\"VeliPost\",\"image\":{\"@type\":\"ImageObject\",\"inLanguage\":\"fr-FR\",\"@id\":\"https:\/\/velipost.com\/#\/schema\/person\/image\/\",\"url\":\"https:\/\/secure.gravatar.com\/avatar\/57c226c264de62f794185a89596d4a37b85a5ad20aca30d9d5a478b27d8c8d9d?s=96&d=mm&r=g\",\"contentUrl\":\"https:\/\/secure.gravatar.com\/avatar\/57c226c264de62f794185a89596d4a37b85a5ad20aca30d9d5a478b27d8c8d9d?s=96&d=mm&r=g\",\"caption\":\"VeliPost\"},\"sameAs\":[\"https:\/\/velipost.com\"],\"url\":\"https:\/\/velipost.com\/?author=1\"}]}<\/script>\n<!-- \/ Yoast SEO plugin. -->","yoast_head_json":{"title":"Nicolas Sarkozy incarc\u00e9r\u00e9 pour association de malfaiteurs : une premi\u00e8re historique sous la Ve R\u00e9publique &#8211; VeliPost","robots":{"index":"index","follow":"follow","max-snippet":"max-snippet:-1","max-image-preview":"max-image-preview:large","max-video-preview":"max-video-preview:-1"},"canonical":"https:\/\/velipost.com\/?p=4627","og_locale":"fr_FR","og_type":"article","og_title":"Nicolas Sarkozy incarc\u00e9r\u00e9 pour association de malfaiteurs : une premi\u00e8re historique sous la Ve R\u00e9publique &#8211; VeliPost","og_description":"L&rsquo;ancien pr\u00e9sident fran\u00e7ais Nicolas Sarkozy a \u00e9t\u00e9 incarc\u00e9r\u00e9 \u00e0 la prison de la Sant\u00e9, pr\u00e8s d\u2019un mois apr\u00e8s sa condamnation pour association de malfaiteurs","og_url":"https:\/\/velipost.com\/?p=4627","og_site_name":"VeliPost","article_publisher":"https:\/\/www.facebook.com\/veliposthaiti","article_published_time":"2025-10-21T19:25:30+00:00","article_modified_time":"2025-10-21T19:25:32+00:00","og_image":[{"width":1170,"height":603,"url":"https:\/\/velipost.com\/wp-content\/uploads\/2025\/10\/sarkozy.jpg","type":"image\/jpeg"}],"author":"VeliPost","twitter_card":"summary_large_image","twitter_creator":"@veliposthaiti","twitter_site":"@veliposthaiti","twitter_misc":{"\u00c9crit par":"VeliPost","Dur\u00e9e de lecture estim\u00e9e":"2 minutes"},"schema":{"@context":"https:\/\/schema.org","@graph":[{"@type":"Article","@id":"https:\/\/velipost.com\/?p=4627#article","isPartOf":{"@id":"https:\/\/velipost.com\/?p=4627"},"author":{"name":"VeliPost","@id":"https:\/\/velipost.com\/#\/schema\/person\/32ff49a53c9c1bb24302ee8ece058096"},"headline":"Nicolas Sarkozy incarc\u00e9r\u00e9 pour association de malfaiteurs : une premi\u00e8re historique sous la Ve R\u00e9publique","datePublished":"2025-10-21T19:25:30+00:00","dateModified":"2025-10-21T19:25:32+00:00","mainEntityOfPage":{"@id":"https:\/\/velipost.com\/?p=4627"},"wordCount":352,"commentCount":0,"publisher":{"@id":"https:\/\/velipost.com\/#organization"},"image":{"@id":"https:\/\/velipost.com\/?p=4627#primaryimage"},"thumbnailUrl":"https:\/\/velipost.com\/wp-content\/uploads\/2025\/10\/sarkozy.jpg","articleSection":["International"],"inLanguage":"fr-FR","potentialAction":[{"@type":"CommentAction","name":"Comment","target":["https:\/\/velipost.com\/?p=4627#respond"]}]},{"@type":"WebPage","@id":"https:\/\/velipost.com\/?p=4627","url":"https:\/\/velipost.com\/?p=4627","name":"Nicolas Sarkozy incarc\u00e9r\u00e9 pour association de malfaiteurs : une premi\u00e8re historique sous la Ve R\u00e9publique &#8211; VeliPost","isPartOf":{"@id":"https:\/\/velipost.com\/#website"},"primaryImageOfPage":{"@id":"https:\/\/velipost.com\/?p=4627#primaryimage"},"image":{"@id":"https:\/\/velipost.com\/?p=4627#primaryimage"},"thumbnailUrl":"https:\/\/velipost.com\/wp-content\/uploads\/2025\/10\/sarkozy.jpg","datePublished":"2025-10-21T19:25:30+00:00","dateModified":"2025-10-21T19:25:32+00:00","breadcrumb":{"@id":"https:\/\/velipost.com\/?p=4627#breadcrumb"},"inLanguage":"fr-FR","potentialAction":[{"@type":"ReadAction","target":["https:\/\/velipost.com\/?p=4627"]}]},{"@type":"ImageObject","inLanguage":"fr-FR","@id":"https:\/\/velipost.com\/?p=4627#primaryimage","url":"https:\/\/velipost.com\/wp-content\/uploads\/2025\/10\/sarkozy.jpg","contentUrl":"https:\/\/velipost.com\/wp-content\/uploads\/2025\/10\/sarkozy.jpg","width":1170,"height":603},{"@type":"BreadcrumbList","@id":"https:\/\/velipost.com\/?p=4627#breadcrumb","itemListElement":[{"@type":"ListItem","position":1,"name":"Accueil","item":"https:\/\/velipost.com\/"},{"@type":"ListItem","position":2,"name":"Nicolas Sarkozy incarc\u00e9r\u00e9 pour association de malfaiteurs : une premi\u00e8re historique sous la Ve R\u00e9publique"}]},{"@type":"WebSite","@id":"https:\/\/velipost.com\/#website","url":"https:\/\/velipost.com\/","name":"VeliPost","description":"L\u2019info en un clic","publisher":{"@id":"https:\/\/velipost.com\/#organization"},"potentialAction":[{"@type":"SearchAction","target":{"@type":"EntryPoint","urlTemplate":"https:\/\/velipost.com\/?s={search_term_string}"},"query-input":{"@type":"PropertyValueSpecification","valueRequired":true,"valueName":"search_term_string"}}],"inLanguage":"fr-FR"},{"@type":"Organization","@id":"https:\/\/velipost.com\/#organization","name":"VeliPost","url":"https:\/\/velipost.com\/","logo":{"@type":"ImageObject","inLanguage":"fr-FR","@id":"https:\/\/velipost.com\/#\/schema\/logo\/image\/","url":"https:\/\/velipost.com\/wp-content\/uploads\/2024\/08\/cropped-VP-logo-piti.png","contentUrl":"https:\/\/velipost.com\/wp-content\/uploads\/2024\/08\/cropped-VP-logo-piti.png","width":201,"height":69,"caption":"VeliPost"},"image":{"@id":"https:\/\/velipost.com\/#\/schema\/logo\/image\/"},"sameAs":["https:\/\/www.facebook.com\/veliposthaiti","https:\/\/x.com\/veliposthaiti","https:\/\/www.instagram.com\/veliposthaiti"]},{"@type":"Person","@id":"https:\/\/velipost.com\/#\/schema\/person\/32ff49a53c9c1bb24302ee8ece058096","name":"VeliPost","image":{"@type":"ImageObject","inLanguage":"fr-FR","@id":"https:\/\/velipost.com\/#\/schema\/person\/image\/","url":"https:\/\/secure.gravatar.com\/avatar\/57c226c264de62f794185a89596d4a37b85a5ad20aca30d9d5a478b27d8c8d9d?s=96&d=mm&r=g","contentUrl":"https:\/\/secure.gravatar.com\/avatar\/57c226c264de62f794185a89596d4a37b85a5ad20aca30d9d5a478b27d8c8d9d?s=96&d=mm&r=g","caption":"VeliPost"},"sameAs":["https:\/\/velipost.com"],"url":"https:\/\/velipost.com\/?author=1"}]}},"views":0,"jetpack_publicize_connections":[],"uagb_featured_image_src":{"full":["https:\/\/velipost.com\/wp-content\/uploads\/2025\/10\/sarkozy.jpg",1170,603,false],"thumbnail":["https:\/\/velipost.com\/wp-content\/uploads\/2025\/10\/sarkozy-150x150.jpg",150,150,true],"medium":["https:\/\/velipost.com\/wp-content\/uploads\/2025\/10\/sarkozy-300x155.jpg",300,155,true],"medium_large":["https:\/\/velipost.com\/wp-content\/uploads\/2025\/10\/sarkozy-768x396.jpg",715,369,true],"large":["https:\/\/velipost.com\/wp-content\/uploads\/2025\/10\/sarkozy-1024x528.jpg",715,369,true],"1536x1536":["https:\/\/velipost.com\/wp-content\/uploads\/2025\/10\/sarkozy.jpg",1170,603,false],"2048x2048":["https:\/\/velipost.com\/wp-content\/uploads\/2025\/10\/sarkozy.jpg",1170,603,false],"colornews-big-slider":["https:\/\/velipost.com\/wp-content\/uploads\/2025\/10\/sarkozy-1070x470.jpg",1070,470,true],"colornews-big-slider-thumb":["https:\/\/velipost.com\/wp-content\/uploads\/2025\/10\/sarkozy-184x109.jpg",184,109,true],"colornews-featured-post-medium":["https:\/\/velipost.com\/wp-content\/uploads\/2025\/10\/sarkozy-345x265.jpg",345,265,true],"colornews-featured-post-small":["https:\/\/velipost.com\/wp-content\/uploads\/2025\/10\/sarkozy-115x73.jpg",115,73,true],"colornews-random-posts":["https:\/\/velipost.com\/wp-content\/uploads\/2025\/10\/sarkozy-215x215.jpg",215,215,true],"colornews-featured-image":["https:\/\/velipost.com\/wp-content\/uploads\/2025\/10\/sarkozy-715x400.jpg",715,400,true],"mailpoet_newsletter_max":["https:\/\/velipost.com\/wp-content\/uploads\/2025\/10\/sarkozy.jpg",1170,603,false]},"uagb_author_info":{"display_name":"VeliPost","author_link":"https:\/\/velipost.com\/?author=1"},"uagb_comment_info":0,"uagb_excerpt":"L&rsquo;ancien pr\u00e9sident fran\u00e7ais Nicolas Sarkozy a \u00e9t\u00e9 incarc\u00e9r\u00e9 \u00e0 la prison de la Sant\u00e9, pr\u00e8s d\u2019un mois apr\u00e8s sa condamnation pour association de malfaiteurs","_links":{"self":[{"href":"https:\/\/velipost.com\/index.php?rest_route=\/wp\/v2\/posts\/4627","targetHints":{"allow":["GET"]}}],"collection":[{"href":"https:\/\/velipost.com\/index.php?rest_route=\/wp\/v2\/posts"}],"about":[{"href":"https:\/\/velipost.com\/index.php?rest_route=\/wp\/v2\/types\/post"}],"author":[{"embeddable":true,"href":"https:\/\/velipost.com\/index.php?rest_route=\/wp\/v2\/users\/1"}],"replies":[{"embeddable":true,"href":"https:\/\/velipost.com\/index.php?rest_route=%2Fwp%2Fv2%2Fcomments&post=4627"}],"version-history":[{"count":1,"href":"https:\/\/velipost.com\/index.php?rest_route=\/wp\/v2\/posts\/4627\/revisions"}],"predecessor-version":[{"id":4629,"href":"https:\/\/velipost.com\/index.php?rest_route=\/wp\/v2\/posts\/4627\/revisions\/4629"}],"wp:featuredmedia":[{"embeddable":true,"href":"https:\/\/velipost.com\/index.php?rest_route=\/wp\/v2\/media\/4628"}],"wp:attachment":[{"href":"https:\/\/velipost.com\/index.php?rest_route=%2Fwp%2Fv2%2Fmedia&parent=4627"}],"wp:term":[{"taxonomy":"category","embeddable":true,"href":"https:\/\/velipost.com\/index.php?rest_route=%2Fwp%2Fv2%2Fcategories&post=4627"},{"taxonomy":"post_tag","embeddable":true,"href":"https:\/\/velipost.com\/index.php?rest_route=%2Fwp%2Fv2%2Ftags&post=4627"}],"curies":[{"name":"wp","href":"https:\/\/api.w.org\/{rel}","templated":true}]}}