{"id":4605,"date":"2025-10-20T01:19:15","date_gmt":"2025-10-19T23:19:15","guid":{"rendered":"https:\/\/velipost.com\/?p=4605"},"modified":"2025-10-20T02:12:03","modified_gmt":"2025-10-20T00:12:03","slug":"haiti-republique-dominicaine-inel-torchon-appelle-a-une-diplomatie-de-comprehension-et-non-de-confrontation","status":"publish","type":"post","link":"https:\/\/velipost.com\/?p=4605","title":{"rendered":"Ha\u00efti\u2013R\u00e9publique dominicaine : Inel Torchon appelle \u00e0 une diplomatie de compr\u00e9hension et non de confrontation"},"content":{"rendered":"\n<p>Entre m\u00e9fiance historique, tensions identitaires et d\u00e9fis \u00e9conomiques, les relations entre Ha\u00efti et la R\u00e9publique dominicaine demeurent fragiles. Dans une r\u00e9flexion approfondie, le chercheur Inel Torchon plaide pour un\u00a0dialogue sinc\u00e8re, une\u00a0coop\u00e9ration intelligente\u00a0et un\u00a0regard neuf sur la relation bilat\u00e9rale.<\/p>\n\n\n\n<p>Ha\u00efti et la R\u00e9publique dominicaine partagent la m\u00eame \u00eele, mais trop souvent, pas la m\u00eame vision du voisinage. Depuis plus d\u2019un si\u00e8cle, l\u2019histoire commune des deux nations est marqu\u00e9e par les\u00a0soup\u00e7ons, les pr\u00e9jug\u00e9s et les crises diplomatiques r\u00e9p\u00e9t\u00e9es. Pour Inel Torchon, cette situation n\u2019est pas une fatalit\u00e9 : elle r\u00e9sulte d\u2019une construction historique et psychologique qu\u2019il est possible de transformer.<\/p>\n\n\n\n<h4 class=\"wp-block-heading\"><strong>Des blessures h\u00e9rit\u00e9es du pass\u00e9<\/strong><\/h4>\n\n\n\n<p>Les tensions entre Port-au-Prince et Saint-Domingue plongent leurs racines dans la colonisation et dans les diff\u00e9rences culturelles et linguistiques. Le\u00a0massacre de 1937, symbole du rejet de l\u2019autre, reste une plaie ouverte dans la m\u00e9moire collective ha\u00eftienne. Les politiques migratoires dominicaines, les expulsions et les discriminations \u00e0 l\u2019\u00e9gard des Ha\u00eftiens perp\u00e9tuent une logique d\u2019exclusion, tandis que la soci\u00e9t\u00e9 ha\u00eftienne nourrit, en retour, un sentiment d\u2019humiliation et de m\u00e9fiance. Reconna\u00eetre ces blessures et en parler sans tabou est, selon Torchon,\u00a0le premier pas vers une r\u00e9conciliation authentique.<\/p>\n\n\n\n<blockquote class=\"wp-block-quote is-layout-flow wp-block-quote-is-layout-flow\">\n<p>On ne b\u00e2tit pas l\u2019avenir sur le d\u00e9ni, mais sur la v\u00e9rit\u00e9 et le respect mutuel.<\/p>\n<\/blockquote>\n\n\n\n<h4 class=\"wp-block-heading\"><strong>Un voisinage sous tension<\/strong><\/h4>\n\n\n\n<p>Les divergences actuelles s\u2019expriment \u00e0 travers des&nbsp;conflits autour de la migration, du commerce frontalier, de la gestion des ressources en eau&nbsp;\u2014 notamment le fleuve Massacre \u2014 et des int\u00e9r\u00eats \u00e9conomiques in\u00e9gaux. Mais au-del\u00e0 de la politique, ces tensions r\u00e9v\u00e8lent&nbsp;une fracture identitaire profonde&nbsp;: chaque peuple s\u2019est construit en se d\u00e9finissant contre l\u2019autre.<\/p>\n\n\n\n<h4 class=\"wp-block-heading\"><strong>Plaidoyer pour une diplomatie du respect<\/strong><\/h4>\n\n\n\n<p>Face \u00e0 cette situation, Inel Torchon appelle \u00e0 une&nbsp;diplomatie de compr\u00e9hension mutuelle. Il estime que la solution ne viendra ni des pressions internationales ni des discours populistes, mais d\u2019un&nbsp;dialogue franc, continu et culturellement enracin\u00e9&nbsp;entre les deux peuples. \u00c9changes \u00e9ducatifs, programmes de coop\u00e9ration frontali\u00e8re, initiatives m\u00e9diatiques et culturelles : autant d\u2019outils pour b\u00e2tir des ponts plut\u00f4t que des murs.<\/p>\n\n\n\n<h4 class=\"wp-block-heading\"><strong>Le poids g\u00e9opolitique d\u2019une \u00eele r\u00e9concili\u00e9e<\/strong><\/h4>\n\n\n\n<p>Au-del\u00e0 de la symbolique, une r\u00e9conciliation durable entre Port-au-Prince et Saint-Domingue pourrait\u00a0red\u00e9finir la carte g\u00e9opolitique de la Cara\u00efbe. En combinant les atouts humains d\u2019Ha\u00efti, la vitalit\u00e9 \u00e9conomique dominicaine et la position strat\u00e9gique de l\u2019\u00eele au c\u0153ur des Am\u00e9riques, le duo pourrait devenir\u00a0une force r\u00e9gionale d\u2019influence, capable de peser sur les d\u00e9cisions \u00e9conomiques et diplomatiques dans la zone. Ensemble, les deux nations formeraient un\u00a0bloc carib\u00e9en stable, susceptible d\u2019attirer davantage d\u2019investissements, de renforcer la s\u00e9curit\u00e9 insulaire et de d\u00e9fendre une voix commune dans les instances internationales.<\/p>\n\n\n\n<h4 class=\"wp-block-heading\"><strong>Responsabilit\u00e9 partag\u00e9e<\/strong><\/h4>\n\n\n\n<p>L\u2019auteur invite la communaut\u00e9 internationale \u2014 notamment la CARICOM, l\u2019OEA et les Nations unies \u2014 \u00e0 soutenir ce processus, sans pour autant l\u2019imposer. La r\u00e9conciliation durable, dit-il,&nbsp;doit na\u00eetre d\u2019une volont\u00e9 commune, authentiquement carib\u00e9enne.<\/p>\n\n\n\n<h4 class=\"wp-block-heading\"><strong>Pour une \u00eele r\u00e9concili\u00e9e<\/strong><\/h4>\n\n\n\n<p>Selon Inel Torchon, Ha\u00efti et la R\u00e9publique dominicaine sont\u00a0condamn\u00e9es \u00e0 cohabiter, mais elles peuvent choisir de\u00a0repanser leurs blessures, de\u00a0prendre la voie du dialogue\u00a0et de\u00a0constituer une force g\u00e9opolitique dans la zone carib\u00e9enne, et ce,\u00a0dans l\u2019int\u00e9r\u00eat des deux pays. La\u00a0d\u00e9tente diplomatique\u00a0passe par la mise en place de\u00a0commissions mixtes permanentes, la\u00a0promotion d\u2019une p\u00e9dagogie du vivre-ensemble\u00a0et la\u00a0cr\u00e9ation d\u2019int\u00e9r\u00eats \u00e9conomiques partag\u00e9s.<\/p>\n\n\n\n<p>\u00c0 ses yeux,&nbsp;<strong>la r\u00e9conciliation n\u2019est pas une utopie, mais une n\u00e9cessit\u00e9 historique<\/strong>&nbsp;: sans elle,&nbsp;<strong>l\u2019\u00eele d\u2019Ha\u00efti restera divis\u00e9e dans son c\u0153ur, m\u00eame unie par la g\u00e9ographie<\/strong>.<\/p>\n\n\n\n<hr class=\"wp-block-separator has-alpha-channel-opacity\"\/>\n\n\n\n<h3 class=\"wp-block-heading\"><strong>\ud83d\udd8b\ufe0f&nbsp;<\/strong><em>R\u00e9daction VeliPost \/ D\u2019apr\u00e8s la r\u00e9flexion d\u2019Inel Torchon<\/em><\/h3>\n\n\n\n<p>\ud83d\udc49 T\u00e9l\u00e9chargez le document complet,&nbsp;<em>\u00ab R\u00e9flexion en vue de d\u00e9tente diplomatique entre Ha\u00efti et la R\u00e9publique dominicaine \u00bb<\/em>, et d\u00e9couvrez l\u2019int\u00e9gralit\u00e9 de sa pens\u00e9e sur la r\u00e9conciliation ha\u00eftiano-dominicaine.<\/p>\n\n\n\n<div data-wp-interactive=\"core\/file\" class=\"wp-block-file\"><object data-wp-bind--hidden=\"!state.hasPdfPreview\" hidden class=\"wp-block-file__embed\" data=\"https:\/\/velipost.com\/wp-content\/uploads\/2025\/10\/Reflexion-autour-Detente-diplomatiquen-entre-Haiti-et-la-Republique-dominicaine.pdf\" type=\"application\/pdf\" style=\"width:100%;height:600px\" aria-label=\"Contenu embarqu\u00e9 Reflexion autour Detente diplomatiquen entre Haiti et la Republique dominicaine.\"><\/object><a id=\"wp-block-file--media-5990a309-834e-4377-895f-d3bce956ddbc\" href=\"https:\/\/velipost.com\/wp-content\/uploads\/2025\/10\/Reflexion-autour-Detente-diplomatiquen-entre-Haiti-et-la-Republique-dominicaine.pdf\">Reflexion autour Detente diplomatiquen entre Haiti et la Republique dominicaine<\/a><a href=\"https:\/\/velipost.com\/wp-content\/uploads\/2025\/10\/Reflexion-autour-Detente-diplomatiquen-entre-Haiti-et-la-Republique-dominicaine.pdf\" class=\"wp-block-file__button wp-element-button\" download aria-describedby=\"wp-block-file--media-5990a309-834e-4377-895f-d3bce956ddbc\">T\u00e9l\u00e9charger<\/a><\/div>\n\n    <div class=\"xs_social_share_widget xs_share_url after_content \t\tmain_content  wslu-style-3 wslu-share-box-shaped wslu-fill-brand-hover-colored wslu-share-m-5 wslu-none wslu-share-horizontal wslu-theme-font-no wslu-main_content\">\n\n\t\t\n        <ul>\n\t\t\t                    <li class=\"xs-share-li twitter                        wslu-no-extra-data\">\n                        <a href=\"javascript:void(0);\"\n                           id=\"xs_feed_twitter\"\n                           onclick=\"xs_social_sharer(this);\"\n                           data-pid=\"4605\"\n                           data-uri_hash=\"a46a61464a36d932d08adc00ac4fb283\"\n                           data-key=\"twitter\"\n                           data-xs-href=\"https:\/\/twitter.com\/intent\/tweet?text=Ha%C3%AFti%E2%80%93R%C3%A9publique+dominicaine+%3A+Inel+Torchon+appelle+%C3%A0+une+diplomatie+de+compr%C3%A9hension+et+non+de+confrontation+https%3A%2F%2Fvelipost.com%2Findex.php%3Frest_route%3D%252Fwp%252Fv2%252Fposts%252F4605&amp;original_referer=https%3A%2F%2Fvelipost.com%2Findex.php%3Frest_route%3D%252Fwp%252Fv2%252Fposts%252F4605&amp;related=xpeedstudio\">\n\n                            <div class=\"xs-social-icon\">\n                                <span class=\"met-social met-social-twitter\"><\/span>\n                            <\/div>\n\n\t\t\t\t\t\t\t\n                            <div class=\"wslu-hover-content\">\n                                <div class=\"xs-social-followers\">\n\t\t\t\t\t\t\t\t\t10                                <\/div>\n                                <div class=\"xs-social-follower-text\">\n\t\t\t\t\t\t\t\t\tShare                                <\/div>\n                                <div class=\"xs-social-follower-label\">\n\t\t\t\t\t\t\t\t\tTwitter                                <\/div>\n                            <\/div>\n                        <\/a>\n                    <\/li>\n\t\t\t\t\t                    <li class=\"xs-share-li telegram                        wslu-no-extra-data\">\n                        <a href=\"javascript:void(0);\"\n                           id=\"xs_feed_telegram\"\n                           onclick=\"xs_social_sharer(this);\"\n                           data-pid=\"4605\"\n                           data-uri_hash=\"a46a61464a36d932d08adc00ac4fb283\"\n                           data-key=\"telegram\"\n                           data-xs-href=\"https:\/\/telegram.me\/share\/url?url=https%3A%2F%2Fvelipost.com%2Findex.php%3Frest_route%3D%252Fwp%252Fv2%252Fposts%252F4605&amp;text=Ha%C3%AFti%E2%80%93R%C3%A9publique+dominicaine+%3A+Inel+Torchon+appelle+%C3%A0+une+diplomatie+de+compr%C3%A9hension+et+non+de+confrontation\">\n\n                            <div class=\"xs-social-icon\">\n                                <span class=\"met-social met-social-telegram\"><\/span>\n                            <\/div>\n\n\t\t\t\t\t\t\t\n                            <div class=\"wslu-hover-content\">\n                                <div class=\"xs-social-followers\">\n\t\t\t\t\t\t\t\t\t0                                <\/div>\n                                <div class=\"xs-social-follower-text\">\n\t\t\t\t\t\t\t\t\tShare                                <\/div>\n                                <div class=\"xs-social-follower-label\">\n\t\t\t\t\t\t\t\t\tTelegram                                <\/div>\n                            <\/div>\n                        <\/a>\n                    <\/li>\n\t\t\t\t\t                    <li class=\"xs-share-li email                        wslu-no-extra-data\">\n                        <a href=\"javascript:void(0);\"\n                           id=\"xs_feed_email\"\n                           onclick=\"xs_social_sharer(this);\"\n                           data-pid=\"4605\"\n                           data-uri_hash=\"a46a61464a36d932d08adc00ac4fb283\"\n                           data-key=\"email\"\n                           data-xs-href=\"mailto:?body=Title%3A+Ha%C3%AFti%E2%80%93R%C3%A9publique+dominicaine+%3A+Inel+Torchon+appelle+%C3%A0+une+diplomatie+de+compr%C3%A9hension+et+non+de+confrontation+%5Cn%5Cn+URL%3A+https%3A%2F%2Fvelipost.com%2Findex.php%3Frest_route%3D%252Fwp%252Fv2%252Fposts%252F4605&amp;subject=Ha%C3%AFti%E2%80%93R%C3%A9publique+dominicaine+%3A+Inel+Torchon+appelle+%C3%A0+une+diplomatie+de+compr%C3%A9hension+et+non+de+confrontation\">\n\n                            <div class=\"xs-social-icon\">\n                                <span class=\"met-social met-social-email\"><\/span>\n                            <\/div>\n\n\t\t\t\t\t\t\t\n                            <div class=\"wslu-hover-content\">\n                                <div class=\"xs-social-followers\">\n\t\t\t\t\t\t\t\t\t0                                <\/div>\n                                <div class=\"xs-social-follower-text\">\n\t\t\t\t\t\t\t\t\tShare                                <\/div>\n                                <div class=\"xs-social-follower-label\">\n\t\t\t\t\t\t\t\t\tEmail                                <\/div>\n                            <\/div>\n                        <\/a>\n                    <\/li>\n\t\t\t\t\t        <\/ul>\n    <\/div> \n","protected":false},"excerpt":{"rendered":"<p>Entre m\u00e9fiance historique, tensions identitaires et d\u00e9fis \u00e9conomiques, les relations entre Ha\u00efti et la R\u00e9publique dominicaine demeurent fragiles. Dans une r\u00e9flexion approfondie, le chercheur<\/p>\n","protected":false},"author":1,"featured_media":4607,"comment_status":"open","ping_status":"open","sticky":false,"template":"","format":"standard","meta":{"_uag_custom_page_level_css":"","footnotes":"","jetpack_publicize_message":"","jetpack_publicize_feature_enabled":true,"jetpack_social_post_already_shared":true,"jetpack_social_options":{"image_generator_settings":{"template":"highway","default_image_id":0,"font":"","enabled":false},"version":2}},"categories":[94],"tags":[],"class_list":["post-4605","post","type-post","status-publish","format-standard","has-post-thumbnail","hentry","category-a-la-une"],"yoast_head":"<!-- This site is optimized with the Yoast SEO plugin v25.3.1 - https:\/\/yoast.com\/wordpress\/plugins\/seo\/ -->\n<title>Ha\u00efti\u2013R\u00e9publique dominicaine : Inel Torchon appelle \u00e0 une diplomatie de compr\u00e9hension et non de confrontation &#8211; VeliPost<\/title>\n<meta name=\"robots\" content=\"index, follow, max-snippet:-1, max-image-preview:large, max-video-preview:-1\" \/>\n<link rel=\"canonical\" href=\"https:\/\/velipost.com\/?p=4605\" \/>\n<meta property=\"og:locale\" content=\"fr_FR\" \/>\n<meta property=\"og:type\" content=\"article\" \/>\n<meta property=\"og:title\" content=\"Ha\u00efti\u2013R\u00e9publique dominicaine : Inel Torchon appelle \u00e0 une diplomatie de compr\u00e9hension et non de confrontation &#8211; VeliPost\" \/>\n<meta property=\"og:description\" content=\"Entre m\u00e9fiance historique, tensions identitaires et d\u00e9fis \u00e9conomiques, les relations entre Ha\u00efti et la R\u00e9publique dominicaine demeurent fragiles. Dans une r\u00e9flexion approfondie, le chercheur\" \/>\n<meta property=\"og:url\" content=\"https:\/\/velipost.com\/?p=4605\" \/>\n<meta property=\"og:site_name\" content=\"VeliPost\" \/>\n<meta property=\"article:publisher\" content=\"https:\/\/www.facebook.com\/veliposthaiti\" \/>\n<meta property=\"article:published_time\" content=\"2025-10-19T23:19:15+00:00\" \/>\n<meta property=\"article:modified_time\" content=\"2025-10-20T00:12:03+00:00\" \/>\n<meta property=\"og:image\" content=\"https:\/\/velipost.com\/wp-content\/uploads\/2025\/10\/Inel-Torchon.jpg\" \/>\n\t<meta property=\"og:image:width\" content=\"1170\" \/>\n\t<meta property=\"og:image:height\" content=\"603\" \/>\n\t<meta property=\"og:image:type\" content=\"image\/jpeg\" \/>\n<meta name=\"author\" content=\"VeliPost\" \/>\n<meta name=\"twitter:card\" content=\"summary_large_image\" \/>\n<meta name=\"twitter:creator\" content=\"@veliposthaiti\" \/>\n<meta name=\"twitter:site\" content=\"@veliposthaiti\" \/>\n<meta name=\"twitter:label1\" content=\"\u00c9crit par\" \/>\n\t<meta name=\"twitter:data1\" content=\"VeliPost\" \/>\n\t<meta name=\"twitter:label2\" content=\"Dur\u00e9e de lecture estim\u00e9e\" \/>\n\t<meta name=\"twitter:data2\" content=\"4 minutes\" \/>\n<script type=\"application\/ld+json\" class=\"yoast-schema-graph\">{\"@context\":\"https:\/\/schema.org\",\"@graph\":[{\"@type\":\"Article\",\"@id\":\"https:\/\/velipost.com\/?p=4605#article\",\"isPartOf\":{\"@id\":\"https:\/\/velipost.com\/?p=4605\"},\"author\":{\"name\":\"VeliPost\",\"@id\":\"https:\/\/velipost.com\/#\/schema\/person\/32ff49a53c9c1bb24302ee8ece058096\"},\"headline\":\"Ha\u00efti\u2013R\u00e9publique dominicaine : Inel Torchon appelle \u00e0 une diplomatie de compr\u00e9hension et non de confrontation\",\"datePublished\":\"2025-10-19T23:19:15+00:00\",\"dateModified\":\"2025-10-20T00:12:03+00:00\",\"mainEntityOfPage\":{\"@id\":\"https:\/\/velipost.com\/?p=4605\"},\"wordCount\":763,\"commentCount\":0,\"publisher\":{\"@id\":\"https:\/\/velipost.com\/#organization\"},\"image\":{\"@id\":\"https:\/\/velipost.com\/?p=4605#primaryimage\"},\"thumbnailUrl\":\"https:\/\/velipost.com\/wp-content\/uploads\/2025\/10\/Inel-Torchon.jpg\",\"articleSection\":[\"A la Une\"],\"inLanguage\":\"fr-FR\",\"potentialAction\":[{\"@type\":\"CommentAction\",\"name\":\"Comment\",\"target\":[\"https:\/\/velipost.com\/?p=4605#respond\"]}]},{\"@type\":\"WebPage\",\"@id\":\"https:\/\/velipost.com\/?p=4605\",\"url\":\"https:\/\/velipost.com\/?p=4605\",\"name\":\"Ha\u00efti\u2013R\u00e9publique dominicaine : Inel Torchon appelle \u00e0 une diplomatie de compr\u00e9hension et non de confrontation &#8211; VeliPost\",\"isPartOf\":{\"@id\":\"https:\/\/velipost.com\/#website\"},\"primaryImageOfPage\":{\"@id\":\"https:\/\/velipost.com\/?p=4605#primaryimage\"},\"image\":{\"@id\":\"https:\/\/velipost.com\/?p=4605#primaryimage\"},\"thumbnailUrl\":\"https:\/\/velipost.com\/wp-content\/uploads\/2025\/10\/Inel-Torchon.jpg\",\"datePublished\":\"2025-10-19T23:19:15+00:00\",\"dateModified\":\"2025-10-20T00:12:03+00:00\",\"breadcrumb\":{\"@id\":\"https:\/\/velipost.com\/?p=4605#breadcrumb\"},\"inLanguage\":\"fr-FR\",\"potentialAction\":[{\"@type\":\"ReadAction\",\"target\":[\"https:\/\/velipost.com\/?p=4605\"]}]},{\"@type\":\"ImageObject\",\"inLanguage\":\"fr-FR\",\"@id\":\"https:\/\/velipost.com\/?p=4605#primaryimage\",\"url\":\"https:\/\/velipost.com\/wp-content\/uploads\/2025\/10\/Inel-Torchon.jpg\",\"contentUrl\":\"https:\/\/velipost.com\/wp-content\/uploads\/2025\/10\/Inel-Torchon.jpg\",\"width\":1170,\"height\":603},{\"@type\":\"BreadcrumbList\",\"@id\":\"https:\/\/velipost.com\/?p=4605#breadcrumb\",\"itemListElement\":[{\"@type\":\"ListItem\",\"position\":1,\"name\":\"Accueil\",\"item\":\"https:\/\/velipost.com\/\"},{\"@type\":\"ListItem\",\"position\":2,\"name\":\"Ha\u00efti\u2013R\u00e9publique dominicaine : Inel Torchon appelle \u00e0 une diplomatie de compr\u00e9hension et non de confrontation\"}]},{\"@type\":\"WebSite\",\"@id\":\"https:\/\/velipost.com\/#website\",\"url\":\"https:\/\/velipost.com\/\",\"name\":\"VeliPost\",\"description\":\"L\u2019info en un clic\",\"publisher\":{\"@id\":\"https:\/\/velipost.com\/#organization\"},\"potentialAction\":[{\"@type\":\"SearchAction\",\"target\":{\"@type\":\"EntryPoint\",\"urlTemplate\":\"https:\/\/velipost.com\/?s={search_term_string}\"},\"query-input\":{\"@type\":\"PropertyValueSpecification\",\"valueRequired\":true,\"valueName\":\"search_term_string\"}}],\"inLanguage\":\"fr-FR\"},{\"@type\":\"Organization\",\"@id\":\"https:\/\/velipost.com\/#organization\",\"name\":\"VeliPost\",\"url\":\"https:\/\/velipost.com\/\",\"logo\":{\"@type\":\"ImageObject\",\"inLanguage\":\"fr-FR\",\"@id\":\"https:\/\/velipost.com\/#\/schema\/logo\/image\/\",\"url\":\"https:\/\/velipost.com\/wp-content\/uploads\/2024\/08\/cropped-VP-logo-piti.png\",\"contentUrl\":\"https:\/\/velipost.com\/wp-content\/uploads\/2024\/08\/cropped-VP-logo-piti.png\",\"width\":201,\"height\":69,\"caption\":\"VeliPost\"},\"image\":{\"@id\":\"https:\/\/velipost.com\/#\/schema\/logo\/image\/\"},\"sameAs\":[\"https:\/\/www.facebook.com\/veliposthaiti\",\"https:\/\/x.com\/veliposthaiti\",\"https:\/\/www.instagram.com\/veliposthaiti\"]},{\"@type\":\"Person\",\"@id\":\"https:\/\/velipost.com\/#\/schema\/person\/32ff49a53c9c1bb24302ee8ece058096\",\"name\":\"VeliPost\",\"image\":{\"@type\":\"ImageObject\",\"inLanguage\":\"fr-FR\",\"@id\":\"https:\/\/velipost.com\/#\/schema\/person\/image\/\",\"url\":\"https:\/\/secure.gravatar.com\/avatar\/57c226c264de62f794185a89596d4a37b85a5ad20aca30d9d5a478b27d8c8d9d?s=96&d=mm&r=g\",\"contentUrl\":\"https:\/\/secure.gravatar.com\/avatar\/57c226c264de62f794185a89596d4a37b85a5ad20aca30d9d5a478b27d8c8d9d?s=96&d=mm&r=g\",\"caption\":\"VeliPost\"},\"sameAs\":[\"https:\/\/velipost.com\"],\"url\":\"https:\/\/velipost.com\/?author=1\"}]}<\/script>\n<!-- \/ Yoast SEO plugin. -->","yoast_head_json":{"title":"Ha\u00efti\u2013R\u00e9publique dominicaine : Inel Torchon appelle \u00e0 une diplomatie de compr\u00e9hension et non de confrontation &#8211; VeliPost","robots":{"index":"index","follow":"follow","max-snippet":"max-snippet:-1","max-image-preview":"max-image-preview:large","max-video-preview":"max-video-preview:-1"},"canonical":"https:\/\/velipost.com\/?p=4605","og_locale":"fr_FR","og_type":"article","og_title":"Ha\u00efti\u2013R\u00e9publique dominicaine : Inel Torchon appelle \u00e0 une diplomatie de compr\u00e9hension et non de confrontation &#8211; VeliPost","og_description":"Entre m\u00e9fiance historique, tensions identitaires et d\u00e9fis \u00e9conomiques, les relations entre Ha\u00efti et la R\u00e9publique dominicaine demeurent fragiles. Dans une r\u00e9flexion approfondie, le chercheur","og_url":"https:\/\/velipost.com\/?p=4605","og_site_name":"VeliPost","article_publisher":"https:\/\/www.facebook.com\/veliposthaiti","article_published_time":"2025-10-19T23:19:15+00:00","article_modified_time":"2025-10-20T00:12:03+00:00","og_image":[{"width":1170,"height":603,"url":"https:\/\/velipost.com\/wp-content\/uploads\/2025\/10\/Inel-Torchon.jpg","type":"image\/jpeg"}],"author":"VeliPost","twitter_card":"summary_large_image","twitter_creator":"@veliposthaiti","twitter_site":"@veliposthaiti","twitter_misc":{"\u00c9crit par":"VeliPost","Dur\u00e9e de lecture estim\u00e9e":"4 minutes"},"schema":{"@context":"https:\/\/schema.org","@graph":[{"@type":"Article","@id":"https:\/\/velipost.com\/?p=4605#article","isPartOf":{"@id":"https:\/\/velipost.com\/?p=4605"},"author":{"name":"VeliPost","@id":"https:\/\/velipost.com\/#\/schema\/person\/32ff49a53c9c1bb24302ee8ece058096"},"headline":"Ha\u00efti\u2013R\u00e9publique dominicaine : Inel Torchon appelle \u00e0 une diplomatie de compr\u00e9hension et non de confrontation","datePublished":"2025-10-19T23:19:15+00:00","dateModified":"2025-10-20T00:12:03+00:00","mainEntityOfPage":{"@id":"https:\/\/velipost.com\/?p=4605"},"wordCount":763,"commentCount":0,"publisher":{"@id":"https:\/\/velipost.com\/#organization"},"image":{"@id":"https:\/\/velipost.com\/?p=4605#primaryimage"},"thumbnailUrl":"https:\/\/velipost.com\/wp-content\/uploads\/2025\/10\/Inel-Torchon.jpg","articleSection":["A la Une"],"inLanguage":"fr-FR","potentialAction":[{"@type":"CommentAction","name":"Comment","target":["https:\/\/velipost.com\/?p=4605#respond"]}]},{"@type":"WebPage","@id":"https:\/\/velipost.com\/?p=4605","url":"https:\/\/velipost.com\/?p=4605","name":"Ha\u00efti\u2013R\u00e9publique dominicaine : Inel Torchon appelle \u00e0 une diplomatie de compr\u00e9hension et non de confrontation &#8211; VeliPost","isPartOf":{"@id":"https:\/\/velipost.com\/#website"},"primaryImageOfPage":{"@id":"https:\/\/velipost.com\/?p=4605#primaryimage"},"image":{"@id":"https:\/\/velipost.com\/?p=4605#primaryimage"},"thumbnailUrl":"https:\/\/velipost.com\/wp-content\/uploads\/2025\/10\/Inel-Torchon.jpg","datePublished":"2025-10-19T23:19:15+00:00","dateModified":"2025-10-20T00:12:03+00:00","breadcrumb":{"@id":"https:\/\/velipost.com\/?p=4605#breadcrumb"},"inLanguage":"fr-FR","potentialAction":[{"@type":"ReadAction","target":["https:\/\/velipost.com\/?p=4605"]}]},{"@type":"ImageObject","inLanguage":"fr-FR","@id":"https:\/\/velipost.com\/?p=4605#primaryimage","url":"https:\/\/velipost.com\/wp-content\/uploads\/2025\/10\/Inel-Torchon.jpg","contentUrl":"https:\/\/velipost.com\/wp-content\/uploads\/2025\/10\/Inel-Torchon.jpg","width":1170,"height":603},{"@type":"BreadcrumbList","@id":"https:\/\/velipost.com\/?p=4605#breadcrumb","itemListElement":[{"@type":"ListItem","position":1,"name":"Accueil","item":"https:\/\/velipost.com\/"},{"@type":"ListItem","position":2,"name":"Ha\u00efti\u2013R\u00e9publique dominicaine : Inel Torchon appelle \u00e0 une diplomatie de compr\u00e9hension et non de confrontation"}]},{"@type":"WebSite","@id":"https:\/\/velipost.com\/#website","url":"https:\/\/velipost.com\/","name":"VeliPost","description":"L\u2019info en un clic","publisher":{"@id":"https:\/\/velipost.com\/#organization"},"potentialAction":[{"@type":"SearchAction","target":{"@type":"EntryPoint","urlTemplate":"https:\/\/velipost.com\/?s={search_term_string}"},"query-input":{"@type":"PropertyValueSpecification","valueRequired":true,"valueName":"search_term_string"}}],"inLanguage":"fr-FR"},{"@type":"Organization","@id":"https:\/\/velipost.com\/#organization","name":"VeliPost","url":"https:\/\/velipost.com\/","logo":{"@type":"ImageObject","inLanguage":"fr-FR","@id":"https:\/\/velipost.com\/#\/schema\/logo\/image\/","url":"https:\/\/velipost.com\/wp-content\/uploads\/2024\/08\/cropped-VP-logo-piti.png","contentUrl":"https:\/\/velipost.com\/wp-content\/uploads\/2024\/08\/cropped-VP-logo-piti.png","width":201,"height":69,"caption":"VeliPost"},"image":{"@id":"https:\/\/velipost.com\/#\/schema\/logo\/image\/"},"sameAs":["https:\/\/www.facebook.com\/veliposthaiti","https:\/\/x.com\/veliposthaiti","https:\/\/www.instagram.com\/veliposthaiti"]},{"@type":"Person","@id":"https:\/\/velipost.com\/#\/schema\/person\/32ff49a53c9c1bb24302ee8ece058096","name":"VeliPost","image":{"@type":"ImageObject","inLanguage":"fr-FR","@id":"https:\/\/velipost.com\/#\/schema\/person\/image\/","url":"https:\/\/secure.gravatar.com\/avatar\/57c226c264de62f794185a89596d4a37b85a5ad20aca30d9d5a478b27d8c8d9d?s=96&d=mm&r=g","contentUrl":"https:\/\/secure.gravatar.com\/avatar\/57c226c264de62f794185a89596d4a37b85a5ad20aca30d9d5a478b27d8c8d9d?s=96&d=mm&r=g","caption":"VeliPost"},"sameAs":["https:\/\/velipost.com"],"url":"https:\/\/velipost.com\/?author=1"}]}},"views":0,"jetpack_publicize_connections":[],"uagb_featured_image_src":{"full":["https:\/\/velipost.com\/wp-content\/uploads\/2025\/10\/Inel-Torchon.jpg",1170,603,false],"thumbnail":["https:\/\/velipost.com\/wp-content\/uploads\/2025\/10\/Inel-Torchon-150x150.jpg",150,150,true],"medium":["https:\/\/velipost.com\/wp-content\/uploads\/2025\/10\/Inel-Torchon-300x155.jpg",300,155,true],"medium_large":["https:\/\/velipost.com\/wp-content\/uploads\/2025\/10\/Inel-Torchon-768x396.jpg",715,369,true],"large":["https:\/\/velipost.com\/wp-content\/uploads\/2025\/10\/Inel-Torchon-1024x528.jpg",715,369,true],"1536x1536":["https:\/\/velipost.com\/wp-content\/uploads\/2025\/10\/Inel-Torchon.jpg",1170,603,false],"2048x2048":["https:\/\/velipost.com\/wp-content\/uploads\/2025\/10\/Inel-Torchon.jpg",1170,603,false],"colornews-big-slider":["https:\/\/velipost.com\/wp-content\/uploads\/2025\/10\/Inel-Torchon-1070x470.jpg",1070,470,true],"colornews-big-slider-thumb":["https:\/\/velipost.com\/wp-content\/uploads\/2025\/10\/Inel-Torchon-184x109.jpg",184,109,true],"colornews-featured-post-medium":["https:\/\/velipost.com\/wp-content\/uploads\/2025\/10\/Inel-Torchon-345x265.jpg",345,265,true],"colornews-featured-post-small":["https:\/\/velipost.com\/wp-content\/uploads\/2025\/10\/Inel-Torchon-115x73.jpg",115,73,true],"colornews-random-posts":["https:\/\/velipost.com\/wp-content\/uploads\/2025\/10\/Inel-Torchon-215x215.jpg",215,215,true],"colornews-featured-image":["https:\/\/velipost.com\/wp-content\/uploads\/2025\/10\/Inel-Torchon-715x400.jpg",715,400,true],"mailpoet_newsletter_max":["https:\/\/velipost.com\/wp-content\/uploads\/2025\/10\/Inel-Torchon.jpg",1170,603,false]},"uagb_author_info":{"display_name":"VeliPost","author_link":"https:\/\/velipost.com\/?author=1"},"uagb_comment_info":0,"uagb_excerpt":"Entre m\u00e9fiance historique, tensions identitaires et d\u00e9fis \u00e9conomiques, les relations entre Ha\u00efti et la R\u00e9publique dominicaine demeurent fragiles. Dans une r\u00e9flexion approfondie, le chercheur","_links":{"self":[{"href":"https:\/\/velipost.com\/index.php?rest_route=\/wp\/v2\/posts\/4605","targetHints":{"allow":["GET"]}}],"collection":[{"href":"https:\/\/velipost.com\/index.php?rest_route=\/wp\/v2\/posts"}],"about":[{"href":"https:\/\/velipost.com\/index.php?rest_route=\/wp\/v2\/types\/post"}],"author":[{"embeddable":true,"href":"https:\/\/velipost.com\/index.php?rest_route=\/wp\/v2\/users\/1"}],"replies":[{"embeddable":true,"href":"https:\/\/velipost.com\/index.php?rest_route=%2Fwp%2Fv2%2Fcomments&post=4605"}],"version-history":[{"count":3,"href":"https:\/\/velipost.com\/index.php?rest_route=\/wp\/v2\/posts\/4605\/revisions"}],"predecessor-version":[{"id":4615,"href":"https:\/\/velipost.com\/index.php?rest_route=\/wp\/v2\/posts\/4605\/revisions\/4615"}],"wp:featuredmedia":[{"embeddable":true,"href":"https:\/\/velipost.com\/index.php?rest_route=\/wp\/v2\/media\/4607"}],"wp:attachment":[{"href":"https:\/\/velipost.com\/index.php?rest_route=%2Fwp%2Fv2%2Fmedia&parent=4605"}],"wp:term":[{"taxonomy":"category","embeddable":true,"href":"https:\/\/velipost.com\/index.php?rest_route=%2Fwp%2Fv2%2Fcategories&post=4605"},{"taxonomy":"post_tag","embeddable":true,"href":"https:\/\/velipost.com\/index.php?rest_route=%2Fwp%2Fv2%2Ftags&post=4605"}],"curies":[{"name":"wp","href":"https:\/\/api.w.org\/{rel}","templated":true}]}}