{"id":4588,"date":"2025-10-17T20:46:38","date_gmt":"2025-10-17T18:46:38","guid":{"rendered":"https:\/\/velipost.com\/?p=4588"},"modified":"2025-10-17T20:46:40","modified_gmt":"2025-10-17T18:46:40","slug":"commemoration-de-dessalines-laurent-saint-cyr-souligne-lurgence-de-la-securite-pour-les-elections","status":"publish","type":"post","link":"https:\/\/velipost.com\/?p=4588","title":{"rendered":"Comm\u00e9moration de Dessalines : Laurent Saint-Cyr souligne l\u2019urgence de la s\u00e9curit\u00e9 pour les \u00e9lections"},"content":{"rendered":"\n<p>Ce vendredi marque le 219\u1d49 anniversaire de l\u2019assassinat de Jean-Jacques Dessalines, p\u00e8re de la nation ha\u00eftienne. Une c\u00e9r\u00e9monie officielle s\u2019est tenue \u00e0 la Villa d\u2019Accueil, rassemblant les membres du Conseil Pr\u00e9sidentiel de Transition (CPT), des repr\u00e9sentants du gouvernement, du corps diplomatique et d\u2019autres personnalit\u00e9s.<\/p>\n\n\n\n<p>Dans son allocution, le Pr\u00e9sident du CPT, Laurent Saint-Cyr, a rendu hommage au h\u00e9ros de l\u2019ind\u00e9pendance. Il a rappel\u00e9 que l\u2019esprit de Dessalines doit inspirer tous les Ha\u00eftiens face aux difficult\u00e9s actuelles, en particulier la mont\u00e9e des actes criminels qui perturbent la vie quotidienne et fragilisent l\u2019\u00e9conomie.<\/p>\n\n\n\n<p>Laurent Saint-Cyr a \u00e9galement salu\u00e9 les efforts des forces de s\u00e9curit\u00e9 et du gouvernement pour reprendre le contr\u00f4le des zones de Port-au-Prince occup\u00e9es par les gangs arm\u00e9s. Il a rendu hommage aux policiers et militaires tomb\u00e9s au combat et a encourag\u00e9 l\u2019acc\u00e9l\u00e9ration de la mise en \u0153uvre de la Force de r\u00e9pression des gangs (FRG), r\u00e9cemment autoris\u00e9e par le Conseil de s\u00e9curit\u00e9 de l\u2019ONU.<\/p>\n\n\n\n<p>Le Pr\u00e9sident a enfin insist\u00e9 sur le lien entre s\u00e9curit\u00e9 et processus \u00e9lectoral. Selon lui, restaurer l\u2019ordre est une condition essentielle pour permettre la tenue d\u2019\u00e9lections cr\u00e9dibles et la d\u00e9signation de dirigeants l\u00e9gitimes d\u2019ici le 7 f\u00e9vrier 2026. Il a exhort\u00e9 le Conseil \u00e9lectoral provisoire (CEP) \u00e0 publier rapidement un calendrier clair, tout en pr\u00e9cisant que le CPT ne participera pas aux scrutins mais veillera \u00e0 ce que les conditions soient r\u00e9unies.<\/p>\n\n    <div class=\"xs_social_share_widget xs_share_url after_content \t\tmain_content  wslu-style-3 wslu-share-box-shaped wslu-fill-brand-hover-colored wslu-share-m-5 wslu-none wslu-share-horizontal wslu-theme-font-no wslu-main_content\">\n\n\t\t\n        <ul>\n\t\t\t                    <li class=\"xs-share-li twitter                        wslu-no-extra-data\">\n                        <a href=\"javascript:void(0);\"\n                           id=\"xs_feed_twitter\"\n                           onclick=\"xs_social_sharer(this);\"\n                           data-pid=\"4588\"\n                           data-uri_hash=\"bbe86ad8ffbdacf8047b8104dda1b4bf\"\n                           data-key=\"twitter\"\n                           data-xs-href=\"https:\/\/twitter.com\/intent\/tweet?text=Comm%C3%A9moration+de+Dessalines+%3A+Laurent+Saint-Cyr+souligne+l%E2%80%99urgence+de+la+s%C3%A9curit%C3%A9+pour+les+%C3%A9lections+https%3A%2F%2Fvelipost.com%2Findex.php%3Frest_route%3D%252Fwp%252Fv2%252Fposts%252F4588&amp;original_referer=https%3A%2F%2Fvelipost.com%2Findex.php%3Frest_route%3D%252Fwp%252Fv2%252Fposts%252F4588&amp;related=xpeedstudio\">\n\n                            <div class=\"xs-social-icon\">\n                                <span class=\"met-social met-social-twitter\"><\/span>\n                            <\/div>\n\n\t\t\t\t\t\t\t\n                            <div class=\"wslu-hover-content\">\n                                <div class=\"xs-social-followers\">\n\t\t\t\t\t\t\t\t\t10                                <\/div>\n                                <div class=\"xs-social-follower-text\">\n\t\t\t\t\t\t\t\t\tShare                                <\/div>\n                                <div class=\"xs-social-follower-label\">\n\t\t\t\t\t\t\t\t\tTwitter                                <\/div>\n                            <\/div>\n                        <\/a>\n                    <\/li>\n\t\t\t\t\t                    <li class=\"xs-share-li telegram                        wslu-no-extra-data\">\n                        <a href=\"javascript:void(0);\"\n                           id=\"xs_feed_telegram\"\n                           onclick=\"xs_social_sharer(this);\"\n                           data-pid=\"4588\"\n                           data-uri_hash=\"bbe86ad8ffbdacf8047b8104dda1b4bf\"\n                           data-key=\"telegram\"\n                           data-xs-href=\"https:\/\/telegram.me\/share\/url?url=https%3A%2F%2Fvelipost.com%2Findex.php%3Frest_route%3D%252Fwp%252Fv2%252Fposts%252F4588&amp;text=Comm%C3%A9moration+de+Dessalines+%3A+Laurent+Saint-Cyr+souligne+l%E2%80%99urgence+de+la+s%C3%A9curit%C3%A9+pour+les+%C3%A9lections\">\n\n                            <div class=\"xs-social-icon\">\n                                <span class=\"met-social met-social-telegram\"><\/span>\n                            <\/div>\n\n\t\t\t\t\t\t\t\n                            <div class=\"wslu-hover-content\">\n                                <div class=\"xs-social-followers\">\n\t\t\t\t\t\t\t\t\t0                                <\/div>\n                                <div class=\"xs-social-follower-text\">\n\t\t\t\t\t\t\t\t\tShare                                <\/div>\n                                <div class=\"xs-social-follower-label\">\n\t\t\t\t\t\t\t\t\tTelegram                                <\/div>\n                            <\/div>\n                        <\/a>\n                    <\/li>\n\t\t\t\t\t                    <li class=\"xs-share-li email                        wslu-no-extra-data\">\n                        <a href=\"javascript:void(0);\"\n                           id=\"xs_feed_email\"\n                           onclick=\"xs_social_sharer(this);\"\n                           data-pid=\"4588\"\n                           data-uri_hash=\"bbe86ad8ffbdacf8047b8104dda1b4bf\"\n                           data-key=\"email\"\n                           data-xs-href=\"mailto:?body=Title%3A+Comm%C3%A9moration+de+Dessalines+%3A+Laurent+Saint-Cyr+souligne+l%E2%80%99urgence+de+la+s%C3%A9curit%C3%A9+pour+les+%C3%A9lections+%5Cn%5Cn+URL%3A+https%3A%2F%2Fvelipost.com%2Findex.php%3Frest_route%3D%252Fwp%252Fv2%252Fposts%252F4588&amp;subject=Comm%C3%A9moration+de+Dessalines+%3A+Laurent+Saint-Cyr+souligne+l%E2%80%99urgence+de+la+s%C3%A9curit%C3%A9+pour+les+%C3%A9lections\">\n\n                            <div class=\"xs-social-icon\">\n                                <span class=\"met-social met-social-email\"><\/span>\n                            <\/div>\n\n\t\t\t\t\t\t\t\n                            <div class=\"wslu-hover-content\">\n                                <div class=\"xs-social-followers\">\n\t\t\t\t\t\t\t\t\t0                                <\/div>\n                                <div class=\"xs-social-follower-text\">\n\t\t\t\t\t\t\t\t\tShare                                <\/div>\n                                <div class=\"xs-social-follower-label\">\n\t\t\t\t\t\t\t\t\tEmail                                <\/div>\n                            <\/div>\n                        <\/a>\n                    <\/li>\n\t\t\t\t\t        <\/ul>\n    <\/div> \n","protected":false},"excerpt":{"rendered":"<p>Ce vendredi marque le 219\u1d49 anniversaire de l\u2019assassinat de Jean-Jacques Dessalines, p\u00e8re de la nation ha\u00eftienne. Une c\u00e9r\u00e9monie officielle s\u2019est tenue \u00e0 la Villa<\/p>\n","protected":false},"author":1,"featured_media":4589,"comment_status":"open","ping_status":"open","sticky":false,"template":"","format":"standard","meta":{"_uag_custom_page_level_css":"","footnotes":"","jetpack_publicize_message":"","jetpack_publicize_feature_enabled":true,"jetpack_social_post_already_shared":true,"jetpack_social_options":{"image_generator_settings":{"template":"highway","default_image_id":0,"font":"","enabled":false},"version":2}},"categories":[94],"tags":[],"class_list":["post-4588","post","type-post","status-publish","format-standard","has-post-thumbnail","hentry","category-a-la-une"],"yoast_head":"<!-- This site is optimized with the Yoast SEO plugin v25.3.1 - https:\/\/yoast.com\/wordpress\/plugins\/seo\/ -->\n<title>Comm\u00e9moration de Dessalines : Laurent Saint-Cyr souligne l\u2019urgence de la s\u00e9curit\u00e9 pour les \u00e9lections &#8211; VeliPost<\/title>\n<meta name=\"robots\" content=\"index, follow, max-snippet:-1, max-image-preview:large, max-video-preview:-1\" \/>\n<link rel=\"canonical\" href=\"https:\/\/velipost.com\/?p=4588\" \/>\n<meta property=\"og:locale\" content=\"fr_FR\" \/>\n<meta property=\"og:type\" content=\"article\" \/>\n<meta property=\"og:title\" content=\"Comm\u00e9moration de Dessalines : Laurent Saint-Cyr souligne l\u2019urgence de la s\u00e9curit\u00e9 pour les \u00e9lections &#8211; VeliPost\" \/>\n<meta property=\"og:description\" content=\"Ce vendredi marque le 219\u1d49 anniversaire de l\u2019assassinat de Jean-Jacques Dessalines, p\u00e8re de la nation ha\u00eftienne. Une c\u00e9r\u00e9monie officielle s\u2019est tenue \u00e0 la Villa\" \/>\n<meta property=\"og:url\" content=\"https:\/\/velipost.com\/?p=4588\" \/>\n<meta property=\"og:site_name\" content=\"VeliPost\" \/>\n<meta property=\"article:publisher\" content=\"https:\/\/www.facebook.com\/veliposthaiti\" \/>\n<meta property=\"article:published_time\" content=\"2025-10-17T18:46:38+00:00\" \/>\n<meta property=\"article:modified_time\" content=\"2025-10-17T18:46:40+00:00\" \/>\n<meta property=\"og:image\" content=\"https:\/\/velipost.com\/wp-content\/uploads\/2025\/10\/Cover-VP@1x_1-3.jpg\" \/>\n\t<meta property=\"og:image:width\" content=\"1170\" \/>\n\t<meta property=\"og:image:height\" content=\"603\" \/>\n\t<meta property=\"og:image:type\" content=\"image\/jpeg\" \/>\n<meta name=\"author\" content=\"VeliPost\" \/>\n<meta name=\"twitter:card\" content=\"summary_large_image\" \/>\n<meta name=\"twitter:creator\" content=\"@veliposthaiti\" \/>\n<meta name=\"twitter:site\" content=\"@veliposthaiti\" \/>\n<meta name=\"twitter:label1\" content=\"\u00c9crit par\" \/>\n\t<meta name=\"twitter:data1\" content=\"VeliPost\" \/>\n\t<meta name=\"twitter:label2\" content=\"Dur\u00e9e de lecture estim\u00e9e\" \/>\n\t<meta name=\"twitter:data2\" content=\"2 minutes\" \/>\n<script type=\"application\/ld+json\" class=\"yoast-schema-graph\">{\"@context\":\"https:\/\/schema.org\",\"@graph\":[{\"@type\":\"Article\",\"@id\":\"https:\/\/velipost.com\/?p=4588#article\",\"isPartOf\":{\"@id\":\"https:\/\/velipost.com\/?p=4588\"},\"author\":{\"name\":\"VeliPost\",\"@id\":\"https:\/\/velipost.com\/#\/schema\/person\/32ff49a53c9c1bb24302ee8ece058096\"},\"headline\":\"Comm\u00e9moration de Dessalines : Laurent Saint-Cyr souligne l\u2019urgence de la s\u00e9curit\u00e9 pour les \u00e9lections\",\"datePublished\":\"2025-10-17T18:46:38+00:00\",\"dateModified\":\"2025-10-17T18:46:40+00:00\",\"mainEntityOfPage\":{\"@id\":\"https:\/\/velipost.com\/?p=4588\"},\"wordCount\":281,\"commentCount\":0,\"publisher\":{\"@id\":\"https:\/\/velipost.com\/#organization\"},\"image\":{\"@id\":\"https:\/\/velipost.com\/?p=4588#primaryimage\"},\"thumbnailUrl\":\"https:\/\/velipost.com\/wp-content\/uploads\/2025\/10\/Cover-VP@1x_1-3.jpg\",\"articleSection\":[\"A la Une\"],\"inLanguage\":\"fr-FR\",\"potentialAction\":[{\"@type\":\"CommentAction\",\"name\":\"Comment\",\"target\":[\"https:\/\/velipost.com\/?p=4588#respond\"]}]},{\"@type\":\"WebPage\",\"@id\":\"https:\/\/velipost.com\/?p=4588\",\"url\":\"https:\/\/velipost.com\/?p=4588\",\"name\":\"Comm\u00e9moration de Dessalines : Laurent Saint-Cyr souligne l\u2019urgence de la s\u00e9curit\u00e9 pour les \u00e9lections &#8211; VeliPost\",\"isPartOf\":{\"@id\":\"https:\/\/velipost.com\/#website\"},\"primaryImageOfPage\":{\"@id\":\"https:\/\/velipost.com\/?p=4588#primaryimage\"},\"image\":{\"@id\":\"https:\/\/velipost.com\/?p=4588#primaryimage\"},\"thumbnailUrl\":\"https:\/\/velipost.com\/wp-content\/uploads\/2025\/10\/Cover-VP@1x_1-3.jpg\",\"datePublished\":\"2025-10-17T18:46:38+00:00\",\"dateModified\":\"2025-10-17T18:46:40+00:00\",\"breadcrumb\":{\"@id\":\"https:\/\/velipost.com\/?p=4588#breadcrumb\"},\"inLanguage\":\"fr-FR\",\"potentialAction\":[{\"@type\":\"ReadAction\",\"target\":[\"https:\/\/velipost.com\/?p=4588\"]}]},{\"@type\":\"ImageObject\",\"inLanguage\":\"fr-FR\",\"@id\":\"https:\/\/velipost.com\/?p=4588#primaryimage\",\"url\":\"https:\/\/velipost.com\/wp-content\/uploads\/2025\/10\/Cover-VP@1x_1-3.jpg\",\"contentUrl\":\"https:\/\/velipost.com\/wp-content\/uploads\/2025\/10\/Cover-VP@1x_1-3.jpg\",\"width\":1170,\"height\":603},{\"@type\":\"BreadcrumbList\",\"@id\":\"https:\/\/velipost.com\/?p=4588#breadcrumb\",\"itemListElement\":[{\"@type\":\"ListItem\",\"position\":1,\"name\":\"Accueil\",\"item\":\"https:\/\/velipost.com\/\"},{\"@type\":\"ListItem\",\"position\":2,\"name\":\"Comm\u00e9moration de Dessalines : Laurent Saint-Cyr souligne l\u2019urgence de la s\u00e9curit\u00e9 pour les \u00e9lections\"}]},{\"@type\":\"WebSite\",\"@id\":\"https:\/\/velipost.com\/#website\",\"url\":\"https:\/\/velipost.com\/\",\"name\":\"VeliPost\",\"description\":\"L\u2019info en un clic\",\"publisher\":{\"@id\":\"https:\/\/velipost.com\/#organization\"},\"potentialAction\":[{\"@type\":\"SearchAction\",\"target\":{\"@type\":\"EntryPoint\",\"urlTemplate\":\"https:\/\/velipost.com\/?s={search_term_string}\"},\"query-input\":{\"@type\":\"PropertyValueSpecification\",\"valueRequired\":true,\"valueName\":\"search_term_string\"}}],\"inLanguage\":\"fr-FR\"},{\"@type\":\"Organization\",\"@id\":\"https:\/\/velipost.com\/#organization\",\"name\":\"VeliPost\",\"url\":\"https:\/\/velipost.com\/\",\"logo\":{\"@type\":\"ImageObject\",\"inLanguage\":\"fr-FR\",\"@id\":\"https:\/\/velipost.com\/#\/schema\/logo\/image\/\",\"url\":\"https:\/\/velipost.com\/wp-content\/uploads\/2024\/08\/cropped-VP-logo-piti.png\",\"contentUrl\":\"https:\/\/velipost.com\/wp-content\/uploads\/2024\/08\/cropped-VP-logo-piti.png\",\"width\":201,\"height\":69,\"caption\":\"VeliPost\"},\"image\":{\"@id\":\"https:\/\/velipost.com\/#\/schema\/logo\/image\/\"},\"sameAs\":[\"https:\/\/www.facebook.com\/veliposthaiti\",\"https:\/\/x.com\/veliposthaiti\",\"https:\/\/www.instagram.com\/veliposthaiti\"]},{\"@type\":\"Person\",\"@id\":\"https:\/\/velipost.com\/#\/schema\/person\/32ff49a53c9c1bb24302ee8ece058096\",\"name\":\"VeliPost\",\"image\":{\"@type\":\"ImageObject\",\"inLanguage\":\"fr-FR\",\"@id\":\"https:\/\/velipost.com\/#\/schema\/person\/image\/\",\"url\":\"https:\/\/secure.gravatar.com\/avatar\/57c226c264de62f794185a89596d4a37b85a5ad20aca30d9d5a478b27d8c8d9d?s=96&d=mm&r=g\",\"contentUrl\":\"https:\/\/secure.gravatar.com\/avatar\/57c226c264de62f794185a89596d4a37b85a5ad20aca30d9d5a478b27d8c8d9d?s=96&d=mm&r=g\",\"caption\":\"VeliPost\"},\"sameAs\":[\"https:\/\/velipost.com\"],\"url\":\"https:\/\/velipost.com\/?author=1\"}]}<\/script>\n<!-- \/ Yoast SEO plugin. -->","yoast_head_json":{"title":"Comm\u00e9moration de Dessalines : Laurent Saint-Cyr souligne l\u2019urgence de la s\u00e9curit\u00e9 pour les \u00e9lections &#8211; VeliPost","robots":{"index":"index","follow":"follow","max-snippet":"max-snippet:-1","max-image-preview":"max-image-preview:large","max-video-preview":"max-video-preview:-1"},"canonical":"https:\/\/velipost.com\/?p=4588","og_locale":"fr_FR","og_type":"article","og_title":"Comm\u00e9moration de Dessalines : Laurent Saint-Cyr souligne l\u2019urgence de la s\u00e9curit\u00e9 pour les \u00e9lections &#8211; VeliPost","og_description":"Ce vendredi marque le 219\u1d49 anniversaire de l\u2019assassinat de Jean-Jacques Dessalines, p\u00e8re de la nation ha\u00eftienne. Une c\u00e9r\u00e9monie officielle s\u2019est tenue \u00e0 la Villa","og_url":"https:\/\/velipost.com\/?p=4588","og_site_name":"VeliPost","article_publisher":"https:\/\/www.facebook.com\/veliposthaiti","article_published_time":"2025-10-17T18:46:38+00:00","article_modified_time":"2025-10-17T18:46:40+00:00","og_image":[{"width":1170,"height":603,"url":"https:\/\/velipost.com\/wp-content\/uploads\/2025\/10\/Cover-VP@1x_1-3.jpg","type":"image\/jpeg"}],"author":"VeliPost","twitter_card":"summary_large_image","twitter_creator":"@veliposthaiti","twitter_site":"@veliposthaiti","twitter_misc":{"\u00c9crit par":"VeliPost","Dur\u00e9e de lecture estim\u00e9e":"2 minutes"},"schema":{"@context":"https:\/\/schema.org","@graph":[{"@type":"Article","@id":"https:\/\/velipost.com\/?p=4588#article","isPartOf":{"@id":"https:\/\/velipost.com\/?p=4588"},"author":{"name":"VeliPost","@id":"https:\/\/velipost.com\/#\/schema\/person\/32ff49a53c9c1bb24302ee8ece058096"},"headline":"Comm\u00e9moration de Dessalines : Laurent Saint-Cyr souligne l\u2019urgence de la s\u00e9curit\u00e9 pour les \u00e9lections","datePublished":"2025-10-17T18:46:38+00:00","dateModified":"2025-10-17T18:46:40+00:00","mainEntityOfPage":{"@id":"https:\/\/velipost.com\/?p=4588"},"wordCount":281,"commentCount":0,"publisher":{"@id":"https:\/\/velipost.com\/#organization"},"image":{"@id":"https:\/\/velipost.com\/?p=4588#primaryimage"},"thumbnailUrl":"https:\/\/velipost.com\/wp-content\/uploads\/2025\/10\/Cover-VP@1x_1-3.jpg","articleSection":["A la Une"],"inLanguage":"fr-FR","potentialAction":[{"@type":"CommentAction","name":"Comment","target":["https:\/\/velipost.com\/?p=4588#respond"]}]},{"@type":"WebPage","@id":"https:\/\/velipost.com\/?p=4588","url":"https:\/\/velipost.com\/?p=4588","name":"Comm\u00e9moration de Dessalines : Laurent Saint-Cyr souligne l\u2019urgence de la s\u00e9curit\u00e9 pour les \u00e9lections &#8211; VeliPost","isPartOf":{"@id":"https:\/\/velipost.com\/#website"},"primaryImageOfPage":{"@id":"https:\/\/velipost.com\/?p=4588#primaryimage"},"image":{"@id":"https:\/\/velipost.com\/?p=4588#primaryimage"},"thumbnailUrl":"https:\/\/velipost.com\/wp-content\/uploads\/2025\/10\/Cover-VP@1x_1-3.jpg","datePublished":"2025-10-17T18:46:38+00:00","dateModified":"2025-10-17T18:46:40+00:00","breadcrumb":{"@id":"https:\/\/velipost.com\/?p=4588#breadcrumb"},"inLanguage":"fr-FR","potentialAction":[{"@type":"ReadAction","target":["https:\/\/velipost.com\/?p=4588"]}]},{"@type":"ImageObject","inLanguage":"fr-FR","@id":"https:\/\/velipost.com\/?p=4588#primaryimage","url":"https:\/\/velipost.com\/wp-content\/uploads\/2025\/10\/Cover-VP@1x_1-3.jpg","contentUrl":"https:\/\/velipost.com\/wp-content\/uploads\/2025\/10\/Cover-VP@1x_1-3.jpg","width":1170,"height":603},{"@type":"BreadcrumbList","@id":"https:\/\/velipost.com\/?p=4588#breadcrumb","itemListElement":[{"@type":"ListItem","position":1,"name":"Accueil","item":"https:\/\/velipost.com\/"},{"@type":"ListItem","position":2,"name":"Comm\u00e9moration de Dessalines : Laurent Saint-Cyr souligne l\u2019urgence de la s\u00e9curit\u00e9 pour les \u00e9lections"}]},{"@type":"WebSite","@id":"https:\/\/velipost.com\/#website","url":"https:\/\/velipost.com\/","name":"VeliPost","description":"L\u2019info en un clic","publisher":{"@id":"https:\/\/velipost.com\/#organization"},"potentialAction":[{"@type":"SearchAction","target":{"@type":"EntryPoint","urlTemplate":"https:\/\/velipost.com\/?s={search_term_string}"},"query-input":{"@type":"PropertyValueSpecification","valueRequired":true,"valueName":"search_term_string"}}],"inLanguage":"fr-FR"},{"@type":"Organization","@id":"https:\/\/velipost.com\/#organization","name":"VeliPost","url":"https:\/\/velipost.com\/","logo":{"@type":"ImageObject","inLanguage":"fr-FR","@id":"https:\/\/velipost.com\/#\/schema\/logo\/image\/","url":"https:\/\/velipost.com\/wp-content\/uploads\/2024\/08\/cropped-VP-logo-piti.png","contentUrl":"https:\/\/velipost.com\/wp-content\/uploads\/2024\/08\/cropped-VP-logo-piti.png","width":201,"height":69,"caption":"VeliPost"},"image":{"@id":"https:\/\/velipost.com\/#\/schema\/logo\/image\/"},"sameAs":["https:\/\/www.facebook.com\/veliposthaiti","https:\/\/x.com\/veliposthaiti","https:\/\/www.instagram.com\/veliposthaiti"]},{"@type":"Person","@id":"https:\/\/velipost.com\/#\/schema\/person\/32ff49a53c9c1bb24302ee8ece058096","name":"VeliPost","image":{"@type":"ImageObject","inLanguage":"fr-FR","@id":"https:\/\/velipost.com\/#\/schema\/person\/image\/","url":"https:\/\/secure.gravatar.com\/avatar\/57c226c264de62f794185a89596d4a37b85a5ad20aca30d9d5a478b27d8c8d9d?s=96&d=mm&r=g","contentUrl":"https:\/\/secure.gravatar.com\/avatar\/57c226c264de62f794185a89596d4a37b85a5ad20aca30d9d5a478b27d8c8d9d?s=96&d=mm&r=g","caption":"VeliPost"},"sameAs":["https:\/\/velipost.com"],"url":"https:\/\/velipost.com\/?author=1"}]}},"views":0,"jetpack_publicize_connections":[],"uagb_featured_image_src":{"full":["https:\/\/velipost.com\/wp-content\/uploads\/2025\/10\/Cover-VP@1x_1-3.jpg",1170,603,false],"thumbnail":["https:\/\/velipost.com\/wp-content\/uploads\/2025\/10\/Cover-VP@1x_1-3-150x150.jpg",150,150,true],"medium":["https:\/\/velipost.com\/wp-content\/uploads\/2025\/10\/Cover-VP@1x_1-3-300x155.jpg",300,155,true],"medium_large":["https:\/\/velipost.com\/wp-content\/uploads\/2025\/10\/Cover-VP@1x_1-3-768x396.jpg",715,369,true],"large":["https:\/\/velipost.com\/wp-content\/uploads\/2025\/10\/Cover-VP@1x_1-3-1024x528.jpg",715,369,true],"1536x1536":["https:\/\/velipost.com\/wp-content\/uploads\/2025\/10\/Cover-VP@1x_1-3.jpg",1170,603,false],"2048x2048":["https:\/\/velipost.com\/wp-content\/uploads\/2025\/10\/Cover-VP@1x_1-3.jpg",1170,603,false],"colornews-big-slider":["https:\/\/velipost.com\/wp-content\/uploads\/2025\/10\/Cover-VP@1x_1-3-1070x470.jpg",1070,470,true],"colornews-big-slider-thumb":["https:\/\/velipost.com\/wp-content\/uploads\/2025\/10\/Cover-VP@1x_1-3-184x109.jpg",184,109,true],"colornews-featured-post-medium":["https:\/\/velipost.com\/wp-content\/uploads\/2025\/10\/Cover-VP@1x_1-3-345x265.jpg",345,265,true],"colornews-featured-post-small":["https:\/\/velipost.com\/wp-content\/uploads\/2025\/10\/Cover-VP@1x_1-3-115x73.jpg",115,73,true],"colornews-random-posts":["https:\/\/velipost.com\/wp-content\/uploads\/2025\/10\/Cover-VP@1x_1-3-215x215.jpg",215,215,true],"colornews-featured-image":["https:\/\/velipost.com\/wp-content\/uploads\/2025\/10\/Cover-VP@1x_1-3-715x400.jpg",715,400,true],"mailpoet_newsletter_max":["https:\/\/velipost.com\/wp-content\/uploads\/2025\/10\/Cover-VP@1x_1-3.jpg",1170,603,false]},"uagb_author_info":{"display_name":"VeliPost","author_link":"https:\/\/velipost.com\/?author=1"},"uagb_comment_info":0,"uagb_excerpt":"Ce vendredi marque le 219\u1d49 anniversaire de l\u2019assassinat de Jean-Jacques Dessalines, p\u00e8re de la nation ha\u00eftienne. Une c\u00e9r\u00e9monie officielle s\u2019est tenue \u00e0 la Villa","_links":{"self":[{"href":"https:\/\/velipost.com\/index.php?rest_route=\/wp\/v2\/posts\/4588","targetHints":{"allow":["GET"]}}],"collection":[{"href":"https:\/\/velipost.com\/index.php?rest_route=\/wp\/v2\/posts"}],"about":[{"href":"https:\/\/velipost.com\/index.php?rest_route=\/wp\/v2\/types\/post"}],"author":[{"embeddable":true,"href":"https:\/\/velipost.com\/index.php?rest_route=\/wp\/v2\/users\/1"}],"replies":[{"embeddable":true,"href":"https:\/\/velipost.com\/index.php?rest_route=%2Fwp%2Fv2%2Fcomments&post=4588"}],"version-history":[{"count":1,"href":"https:\/\/velipost.com\/index.php?rest_route=\/wp\/v2\/posts\/4588\/revisions"}],"predecessor-version":[{"id":4590,"href":"https:\/\/velipost.com\/index.php?rest_route=\/wp\/v2\/posts\/4588\/revisions\/4590"}],"wp:featuredmedia":[{"embeddable":true,"href":"https:\/\/velipost.com\/index.php?rest_route=\/wp\/v2\/media\/4589"}],"wp:attachment":[{"href":"https:\/\/velipost.com\/index.php?rest_route=%2Fwp%2Fv2%2Fmedia&parent=4588"}],"wp:term":[{"taxonomy":"category","embeddable":true,"href":"https:\/\/velipost.com\/index.php?rest_route=%2Fwp%2Fv2%2Fcategories&post=4588"},{"taxonomy":"post_tag","embeddable":true,"href":"https:\/\/velipost.com\/index.php?rest_route=%2Fwp%2Fv2%2Ftags&post=4588"}],"curies":[{"name":"wp","href":"https:\/\/api.w.org\/{rel}","templated":true}]}}