{"id":4557,"date":"2025-10-15T18:43:54","date_gmt":"2025-10-15T16:43:54","guid":{"rendered":"https:\/\/velipost.com\/?p=4557"},"modified":"2025-10-15T18:43:56","modified_gmt":"2025-10-15T16:43:56","slug":"le-gouvernement-salue-la-memoire-de-robert-denis-bobby-figure-emblematique-des-medias-haitiens","status":"publish","type":"post","link":"https:\/\/velipost.com\/?p=4557","title":{"rendered":"Le Gouvernement salue la m\u00e9moire de Robert Denis \u00ab Bobby \u00bb, figure embl\u00e9matique des m\u00e9dias ha\u00eftiens"},"content":{"rendered":"\n<p>Le Gouvernement ha\u00eftien, par la voix du Premier ministre Alix Didier Fils-Aim\u00e9, exprime sa profonde tristesse \u00e0 l\u2019annonce du d\u00e9c\u00e8s de Robert Denis, connu sous le nom de \u00ab Bobby \u00bb, figure embl\u00e9matique du son ha\u00eftien et antillais.<\/p>\n\n\n\n<p>Fondateur du mythique studio Audiotek, Robert Denis a marqu\u00e9 plusieurs d\u00e9cennies de cr\u00e9ation musicale, des ann\u00e9es 1970 \u00e0 2000. Visionnaire et perfectionniste, il a su donner \u00e0 la musique ha\u00eftienne une qualit\u00e9 sonore et une modernit\u00e9 qui l\u2019ont propuls\u00e9e sur la sc\u00e8ne internationale. Plusieurs ic\u00f4nes, de Coupe Clou\u00e9 \u00e0 Ansy Derose, en passant par Isnard Douby, Fred Paul ou Raymond Cajuste, ont vu leurs \u0153uvres fa\u00e7onn\u00e9es par son savoir-faire unique.<\/p>\n\n\n\n<p>Le Gouvernement salue \u00e9galement en lui un homme de culture profond\u00e9ment engag\u00e9, pr\u00e9sident de l\u2019Association nationale des m\u00e9dias ha\u00eftiens (ANMH), d\u00e9fenseur acharn\u00e9 de la libert\u00e9 de la presse et de la valorisation des professionnels du secteur. Sous sa direction, Audiotek n\u2019\u00e9tait pas qu\u2019un simple studio d\u2019enregistrement, mais un v\u00e9ritable lieu de rencontre, d\u2019\u00e9change et de fraternit\u00e9 pour les artistes.<\/p>\n\n\n\n<p>\u00ab Son d\u00e9part laisse un vide immense, mais son h\u00e9ritage demeure vivant dans chaque chanson et chaque note portant la marque de son talent \u00bb, souligne le communiqu\u00e9 officiel.<\/p>\n\n\n\n<p>Le Premier ministre Alix Didier Fils-Aim\u00e9 et l\u2019ensemble du Gouvernement adressent leurs plus sinc\u00e8res condol\u00e9ances \u00e0 la famille de Robert Denis, \u00e0 ses proches, \u00e0 ses collaborateurs de Canal Bleu, ainsi qu\u2019\u00e0 toute la communaut\u00e9 artistique et m\u00e9diatique ha\u00eftienne et carib\u00e9enne.<\/p>\n\n    <div class=\"xs_social_share_widget xs_share_url after_content \t\tmain_content  wslu-style-3 wslu-share-box-shaped wslu-fill-brand-hover-colored wslu-share-m-5 wslu-none wslu-share-horizontal wslu-theme-font-no wslu-main_content\">\n\n\t\t\n        <ul>\n\t\t\t                    <li class=\"xs-share-li twitter                        wslu-no-extra-data\">\n                        <a href=\"javascript:void(0);\"\n                           id=\"xs_feed_twitter\"\n                           onclick=\"xs_social_sharer(this);\"\n                           data-pid=\"4557\"\n                           data-uri_hash=\"6d0d64dbf699142f6234a98702b81e13\"\n                           data-key=\"twitter\"\n                           data-xs-href=\"https:\/\/twitter.com\/intent\/tweet?text=Le+Gouvernement+salue+la+m%C3%A9moire+de+Robert+Denis+%C2%AB+Bobby+%C2%BB%2C+figure+embl%C3%A9matique+des+m%C3%A9dias+ha%C3%AFtiens+https%3A%2F%2Fvelipost.com%2Findex.php%3Frest_route%3D%252Fwp%252Fv2%252Fposts%252F4557&amp;original_referer=https%3A%2F%2Fvelipost.com%2Findex.php%3Frest_route%3D%252Fwp%252Fv2%252Fposts%252F4557&amp;related=xpeedstudio\">\n\n                            <div class=\"xs-social-icon\">\n                                <span class=\"met-social met-social-twitter\"><\/span>\n                            <\/div>\n\n\t\t\t\t\t\t\t\n                            <div class=\"wslu-hover-content\">\n                                <div class=\"xs-social-followers\">\n\t\t\t\t\t\t\t\t\t10                                <\/div>\n                                <div class=\"xs-social-follower-text\">\n\t\t\t\t\t\t\t\t\tShare                                <\/div>\n                                <div class=\"xs-social-follower-label\">\n\t\t\t\t\t\t\t\t\tTwitter                                <\/div>\n                            <\/div>\n                        <\/a>\n                    <\/li>\n\t\t\t\t\t                    <li class=\"xs-share-li telegram                        wslu-no-extra-data\">\n                        <a href=\"javascript:void(0);\"\n                           id=\"xs_feed_telegram\"\n                           onclick=\"xs_social_sharer(this);\"\n                           data-pid=\"4557\"\n                           data-uri_hash=\"6d0d64dbf699142f6234a98702b81e13\"\n                           data-key=\"telegram\"\n                           data-xs-href=\"https:\/\/telegram.me\/share\/url?url=https%3A%2F%2Fvelipost.com%2Findex.php%3Frest_route%3D%252Fwp%252Fv2%252Fposts%252F4557&amp;text=Le+Gouvernement+salue+la+m%C3%A9moire+de+Robert+Denis+%C2%AB+Bobby+%C2%BB%2C+figure+embl%C3%A9matique+des+m%C3%A9dias+ha%C3%AFtiens\">\n\n                            <div class=\"xs-social-icon\">\n                                <span class=\"met-social met-social-telegram\"><\/span>\n                            <\/div>\n\n\t\t\t\t\t\t\t\n                            <div class=\"wslu-hover-content\">\n                                <div class=\"xs-social-followers\">\n\t\t\t\t\t\t\t\t\t0                                <\/div>\n                                <div class=\"xs-social-follower-text\">\n\t\t\t\t\t\t\t\t\tShare                                <\/div>\n                                <div class=\"xs-social-follower-label\">\n\t\t\t\t\t\t\t\t\tTelegram                                <\/div>\n                            <\/div>\n                        <\/a>\n                    <\/li>\n\t\t\t\t\t                    <li class=\"xs-share-li email                        wslu-no-extra-data\">\n                        <a href=\"javascript:void(0);\"\n                           id=\"xs_feed_email\"\n                           onclick=\"xs_social_sharer(this);\"\n                           data-pid=\"4557\"\n                           data-uri_hash=\"6d0d64dbf699142f6234a98702b81e13\"\n                           data-key=\"email\"\n                           data-xs-href=\"mailto:?body=Title%3A+Le+Gouvernement+salue+la+m%C3%A9moire+de+Robert+Denis+%C2%AB+Bobby+%C2%BB%2C+figure+embl%C3%A9matique+des+m%C3%A9dias+ha%C3%AFtiens+%5Cn%5Cn+URL%3A+https%3A%2F%2Fvelipost.com%2Findex.php%3Frest_route%3D%252Fwp%252Fv2%252Fposts%252F4557&amp;subject=Le+Gouvernement+salue+la+m%C3%A9moire+de+Robert+Denis+%C2%AB+Bobby+%C2%BB%2C+figure+embl%C3%A9matique+des+m%C3%A9dias+ha%C3%AFtiens\">\n\n                            <div class=\"xs-social-icon\">\n                                <span class=\"met-social met-social-email\"><\/span>\n                            <\/div>\n\n\t\t\t\t\t\t\t\n                            <div class=\"wslu-hover-content\">\n                                <div class=\"xs-social-followers\">\n\t\t\t\t\t\t\t\t\t0                                <\/div>\n                                <div class=\"xs-social-follower-text\">\n\t\t\t\t\t\t\t\t\tShare                                <\/div>\n                                <div class=\"xs-social-follower-label\">\n\t\t\t\t\t\t\t\t\tEmail                                <\/div>\n                            <\/div>\n                        <\/a>\n                    <\/li>\n\t\t\t\t\t        <\/ul>\n    <\/div> \n","protected":false},"excerpt":{"rendered":"<p>Le Gouvernement ha\u00eftien, par la voix du Premier ministre Alix Didier Fils-Aim\u00e9, exprime sa profonde tristesse \u00e0 l\u2019annonce du d\u00e9c\u00e8s de Robert Denis, connu<\/p>\n","protected":false},"author":1,"featured_media":4558,"comment_status":"open","ping_status":"open","sticky":false,"template":"","format":"standard","meta":{"_uag_custom_page_level_css":"","footnotes":"","jetpack_publicize_message":"","jetpack_publicize_feature_enabled":true,"jetpack_social_post_already_shared":true,"jetpack_social_options":{"image_generator_settings":{"template":"highway","default_image_id":0,"font":"","enabled":false},"version":2}},"categories":[94],"tags":[],"class_list":["post-4557","post","type-post","status-publish","format-standard","has-post-thumbnail","hentry","category-a-la-une"],"yoast_head":"<!-- This site is optimized with the Yoast SEO plugin v25.3.1 - https:\/\/yoast.com\/wordpress\/plugins\/seo\/ -->\n<title>Le Gouvernement salue la m\u00e9moire de Robert Denis \u00ab Bobby \u00bb, figure embl\u00e9matique des m\u00e9dias ha\u00eftiens &#8211; VeliPost<\/title>\n<meta name=\"robots\" content=\"index, follow, max-snippet:-1, max-image-preview:large, max-video-preview:-1\" \/>\n<link rel=\"canonical\" href=\"https:\/\/velipost.com\/?p=4557\" \/>\n<meta property=\"og:locale\" content=\"fr_FR\" \/>\n<meta property=\"og:type\" content=\"article\" \/>\n<meta property=\"og:title\" content=\"Le Gouvernement salue la m\u00e9moire de Robert Denis \u00ab Bobby \u00bb, figure embl\u00e9matique des m\u00e9dias ha\u00eftiens &#8211; VeliPost\" \/>\n<meta property=\"og:description\" content=\"Le Gouvernement ha\u00eftien, par la voix du Premier ministre Alix Didier Fils-Aim\u00e9, exprime sa profonde tristesse \u00e0 l\u2019annonce du d\u00e9c\u00e8s de Robert Denis, connu\" \/>\n<meta property=\"og:url\" content=\"https:\/\/velipost.com\/?p=4557\" \/>\n<meta property=\"og:site_name\" content=\"VeliPost\" \/>\n<meta property=\"article:publisher\" content=\"https:\/\/www.facebook.com\/veliposthaiti\" \/>\n<meta property=\"article:published_time\" content=\"2025-10-15T16:43:54+00:00\" \/>\n<meta property=\"article:modified_time\" content=\"2025-10-15T16:43:56+00:00\" \/>\n<meta property=\"og:image\" content=\"https:\/\/velipost.com\/wp-content\/uploads\/2025\/10\/Cover-VP-6.jpg\" \/>\n\t<meta property=\"og:image:width\" content=\"1170\" \/>\n\t<meta property=\"og:image:height\" content=\"603\" \/>\n\t<meta property=\"og:image:type\" content=\"image\/jpeg\" \/>\n<meta name=\"author\" content=\"VeliPost\" \/>\n<meta name=\"twitter:card\" content=\"summary_large_image\" \/>\n<meta name=\"twitter:creator\" content=\"@veliposthaiti\" \/>\n<meta name=\"twitter:site\" content=\"@veliposthaiti\" \/>\n<meta name=\"twitter:label1\" content=\"\u00c9crit par\" \/>\n\t<meta name=\"twitter:data1\" content=\"VeliPost\" \/>\n\t<meta name=\"twitter:label2\" content=\"Dur\u00e9e de lecture estim\u00e9e\" \/>\n\t<meta name=\"twitter:data2\" content=\"2 minutes\" \/>\n<script type=\"application\/ld+json\" class=\"yoast-schema-graph\">{\"@context\":\"https:\/\/schema.org\",\"@graph\":[{\"@type\":\"Article\",\"@id\":\"https:\/\/velipost.com\/?p=4557#article\",\"isPartOf\":{\"@id\":\"https:\/\/velipost.com\/?p=4557\"},\"author\":{\"name\":\"VeliPost\",\"@id\":\"https:\/\/velipost.com\/#\/schema\/person\/32ff49a53c9c1bb24302ee8ece058096\"},\"headline\":\"Le Gouvernement salue la m\u00e9moire de Robert Denis \u00ab Bobby \u00bb, figure embl\u00e9matique des m\u00e9dias ha\u00eftiens\",\"datePublished\":\"2025-10-15T16:43:54+00:00\",\"dateModified\":\"2025-10-15T16:43:56+00:00\",\"mainEntityOfPage\":{\"@id\":\"https:\/\/velipost.com\/?p=4557\"},\"wordCount\":277,\"commentCount\":0,\"publisher\":{\"@id\":\"https:\/\/velipost.com\/#organization\"},\"image\":{\"@id\":\"https:\/\/velipost.com\/?p=4557#primaryimage\"},\"thumbnailUrl\":\"https:\/\/velipost.com\/wp-content\/uploads\/2025\/10\/Cover-VP-6.jpg\",\"articleSection\":[\"A la Une\"],\"inLanguage\":\"fr-FR\",\"potentialAction\":[{\"@type\":\"CommentAction\",\"name\":\"Comment\",\"target\":[\"https:\/\/velipost.com\/?p=4557#respond\"]}]},{\"@type\":\"WebPage\",\"@id\":\"https:\/\/velipost.com\/?p=4557\",\"url\":\"https:\/\/velipost.com\/?p=4557\",\"name\":\"Le Gouvernement salue la m\u00e9moire de Robert Denis \u00ab Bobby \u00bb, figure embl\u00e9matique des m\u00e9dias ha\u00eftiens &#8211; VeliPost\",\"isPartOf\":{\"@id\":\"https:\/\/velipost.com\/#website\"},\"primaryImageOfPage\":{\"@id\":\"https:\/\/velipost.com\/?p=4557#primaryimage\"},\"image\":{\"@id\":\"https:\/\/velipost.com\/?p=4557#primaryimage\"},\"thumbnailUrl\":\"https:\/\/velipost.com\/wp-content\/uploads\/2025\/10\/Cover-VP-6.jpg\",\"datePublished\":\"2025-10-15T16:43:54+00:00\",\"dateModified\":\"2025-10-15T16:43:56+00:00\",\"breadcrumb\":{\"@id\":\"https:\/\/velipost.com\/?p=4557#breadcrumb\"},\"inLanguage\":\"fr-FR\",\"potentialAction\":[{\"@type\":\"ReadAction\",\"target\":[\"https:\/\/velipost.com\/?p=4557\"]}]},{\"@type\":\"ImageObject\",\"inLanguage\":\"fr-FR\",\"@id\":\"https:\/\/velipost.com\/?p=4557#primaryimage\",\"url\":\"https:\/\/velipost.com\/wp-content\/uploads\/2025\/10\/Cover-VP-6.jpg\",\"contentUrl\":\"https:\/\/velipost.com\/wp-content\/uploads\/2025\/10\/Cover-VP-6.jpg\",\"width\":1170,\"height\":603},{\"@type\":\"BreadcrumbList\",\"@id\":\"https:\/\/velipost.com\/?p=4557#breadcrumb\",\"itemListElement\":[{\"@type\":\"ListItem\",\"position\":1,\"name\":\"Accueil\",\"item\":\"https:\/\/velipost.com\/\"},{\"@type\":\"ListItem\",\"position\":2,\"name\":\"Le Gouvernement salue la m\u00e9moire de Robert Denis \u00ab Bobby \u00bb, figure embl\u00e9matique des m\u00e9dias ha\u00eftiens\"}]},{\"@type\":\"WebSite\",\"@id\":\"https:\/\/velipost.com\/#website\",\"url\":\"https:\/\/velipost.com\/\",\"name\":\"VeliPost\",\"description\":\"L\u2019info en un clic\",\"publisher\":{\"@id\":\"https:\/\/velipost.com\/#organization\"},\"potentialAction\":[{\"@type\":\"SearchAction\",\"target\":{\"@type\":\"EntryPoint\",\"urlTemplate\":\"https:\/\/velipost.com\/?s={search_term_string}\"},\"query-input\":{\"@type\":\"PropertyValueSpecification\",\"valueRequired\":true,\"valueName\":\"search_term_string\"}}],\"inLanguage\":\"fr-FR\"},{\"@type\":\"Organization\",\"@id\":\"https:\/\/velipost.com\/#organization\",\"name\":\"VeliPost\",\"url\":\"https:\/\/velipost.com\/\",\"logo\":{\"@type\":\"ImageObject\",\"inLanguage\":\"fr-FR\",\"@id\":\"https:\/\/velipost.com\/#\/schema\/logo\/image\/\",\"url\":\"https:\/\/velipost.com\/wp-content\/uploads\/2024\/08\/cropped-VP-logo-piti.png\",\"contentUrl\":\"https:\/\/velipost.com\/wp-content\/uploads\/2024\/08\/cropped-VP-logo-piti.png\",\"width\":201,\"height\":69,\"caption\":\"VeliPost\"},\"image\":{\"@id\":\"https:\/\/velipost.com\/#\/schema\/logo\/image\/\"},\"sameAs\":[\"https:\/\/www.facebook.com\/veliposthaiti\",\"https:\/\/x.com\/veliposthaiti\",\"https:\/\/www.instagram.com\/veliposthaiti\"]},{\"@type\":\"Person\",\"@id\":\"https:\/\/velipost.com\/#\/schema\/person\/32ff49a53c9c1bb24302ee8ece058096\",\"name\":\"VeliPost\",\"image\":{\"@type\":\"ImageObject\",\"inLanguage\":\"fr-FR\",\"@id\":\"https:\/\/velipost.com\/#\/schema\/person\/image\/\",\"url\":\"https:\/\/secure.gravatar.com\/avatar\/57c226c264de62f794185a89596d4a37b85a5ad20aca30d9d5a478b27d8c8d9d?s=96&d=mm&r=g\",\"contentUrl\":\"https:\/\/secure.gravatar.com\/avatar\/57c226c264de62f794185a89596d4a37b85a5ad20aca30d9d5a478b27d8c8d9d?s=96&d=mm&r=g\",\"caption\":\"VeliPost\"},\"sameAs\":[\"https:\/\/velipost.com\"],\"url\":\"https:\/\/velipost.com\/?author=1\"}]}<\/script>\n<!-- \/ Yoast SEO plugin. -->","yoast_head_json":{"title":"Le Gouvernement salue la m\u00e9moire de Robert Denis \u00ab Bobby \u00bb, figure embl\u00e9matique des m\u00e9dias ha\u00eftiens &#8211; VeliPost","robots":{"index":"index","follow":"follow","max-snippet":"max-snippet:-1","max-image-preview":"max-image-preview:large","max-video-preview":"max-video-preview:-1"},"canonical":"https:\/\/velipost.com\/?p=4557","og_locale":"fr_FR","og_type":"article","og_title":"Le Gouvernement salue la m\u00e9moire de Robert Denis \u00ab Bobby \u00bb, figure embl\u00e9matique des m\u00e9dias ha\u00eftiens &#8211; VeliPost","og_description":"Le Gouvernement ha\u00eftien, par la voix du Premier ministre Alix Didier Fils-Aim\u00e9, exprime sa profonde tristesse \u00e0 l\u2019annonce du d\u00e9c\u00e8s de Robert Denis, connu","og_url":"https:\/\/velipost.com\/?p=4557","og_site_name":"VeliPost","article_publisher":"https:\/\/www.facebook.com\/veliposthaiti","article_published_time":"2025-10-15T16:43:54+00:00","article_modified_time":"2025-10-15T16:43:56+00:00","og_image":[{"width":1170,"height":603,"url":"https:\/\/velipost.com\/wp-content\/uploads\/2025\/10\/Cover-VP-6.jpg","type":"image\/jpeg"}],"author":"VeliPost","twitter_card":"summary_large_image","twitter_creator":"@veliposthaiti","twitter_site":"@veliposthaiti","twitter_misc":{"\u00c9crit par":"VeliPost","Dur\u00e9e de lecture estim\u00e9e":"2 minutes"},"schema":{"@context":"https:\/\/schema.org","@graph":[{"@type":"Article","@id":"https:\/\/velipost.com\/?p=4557#article","isPartOf":{"@id":"https:\/\/velipost.com\/?p=4557"},"author":{"name":"VeliPost","@id":"https:\/\/velipost.com\/#\/schema\/person\/32ff49a53c9c1bb24302ee8ece058096"},"headline":"Le Gouvernement salue la m\u00e9moire de Robert Denis \u00ab Bobby \u00bb, figure embl\u00e9matique des m\u00e9dias ha\u00eftiens","datePublished":"2025-10-15T16:43:54+00:00","dateModified":"2025-10-15T16:43:56+00:00","mainEntityOfPage":{"@id":"https:\/\/velipost.com\/?p=4557"},"wordCount":277,"commentCount":0,"publisher":{"@id":"https:\/\/velipost.com\/#organization"},"image":{"@id":"https:\/\/velipost.com\/?p=4557#primaryimage"},"thumbnailUrl":"https:\/\/velipost.com\/wp-content\/uploads\/2025\/10\/Cover-VP-6.jpg","articleSection":["A la Une"],"inLanguage":"fr-FR","potentialAction":[{"@type":"CommentAction","name":"Comment","target":["https:\/\/velipost.com\/?p=4557#respond"]}]},{"@type":"WebPage","@id":"https:\/\/velipost.com\/?p=4557","url":"https:\/\/velipost.com\/?p=4557","name":"Le Gouvernement salue la m\u00e9moire de Robert Denis \u00ab Bobby \u00bb, figure embl\u00e9matique des m\u00e9dias ha\u00eftiens &#8211; VeliPost","isPartOf":{"@id":"https:\/\/velipost.com\/#website"},"primaryImageOfPage":{"@id":"https:\/\/velipost.com\/?p=4557#primaryimage"},"image":{"@id":"https:\/\/velipost.com\/?p=4557#primaryimage"},"thumbnailUrl":"https:\/\/velipost.com\/wp-content\/uploads\/2025\/10\/Cover-VP-6.jpg","datePublished":"2025-10-15T16:43:54+00:00","dateModified":"2025-10-15T16:43:56+00:00","breadcrumb":{"@id":"https:\/\/velipost.com\/?p=4557#breadcrumb"},"inLanguage":"fr-FR","potentialAction":[{"@type":"ReadAction","target":["https:\/\/velipost.com\/?p=4557"]}]},{"@type":"ImageObject","inLanguage":"fr-FR","@id":"https:\/\/velipost.com\/?p=4557#primaryimage","url":"https:\/\/velipost.com\/wp-content\/uploads\/2025\/10\/Cover-VP-6.jpg","contentUrl":"https:\/\/velipost.com\/wp-content\/uploads\/2025\/10\/Cover-VP-6.jpg","width":1170,"height":603},{"@type":"BreadcrumbList","@id":"https:\/\/velipost.com\/?p=4557#breadcrumb","itemListElement":[{"@type":"ListItem","position":1,"name":"Accueil","item":"https:\/\/velipost.com\/"},{"@type":"ListItem","position":2,"name":"Le Gouvernement salue la m\u00e9moire de Robert Denis \u00ab Bobby \u00bb, figure embl\u00e9matique des m\u00e9dias ha\u00eftiens"}]},{"@type":"WebSite","@id":"https:\/\/velipost.com\/#website","url":"https:\/\/velipost.com\/","name":"VeliPost","description":"L\u2019info en un clic","publisher":{"@id":"https:\/\/velipost.com\/#organization"},"potentialAction":[{"@type":"SearchAction","target":{"@type":"EntryPoint","urlTemplate":"https:\/\/velipost.com\/?s={search_term_string}"},"query-input":{"@type":"PropertyValueSpecification","valueRequired":true,"valueName":"search_term_string"}}],"inLanguage":"fr-FR"},{"@type":"Organization","@id":"https:\/\/velipost.com\/#organization","name":"VeliPost","url":"https:\/\/velipost.com\/","logo":{"@type":"ImageObject","inLanguage":"fr-FR","@id":"https:\/\/velipost.com\/#\/schema\/logo\/image\/","url":"https:\/\/velipost.com\/wp-content\/uploads\/2024\/08\/cropped-VP-logo-piti.png","contentUrl":"https:\/\/velipost.com\/wp-content\/uploads\/2024\/08\/cropped-VP-logo-piti.png","width":201,"height":69,"caption":"VeliPost"},"image":{"@id":"https:\/\/velipost.com\/#\/schema\/logo\/image\/"},"sameAs":["https:\/\/www.facebook.com\/veliposthaiti","https:\/\/x.com\/veliposthaiti","https:\/\/www.instagram.com\/veliposthaiti"]},{"@type":"Person","@id":"https:\/\/velipost.com\/#\/schema\/person\/32ff49a53c9c1bb24302ee8ece058096","name":"VeliPost","image":{"@type":"ImageObject","inLanguage":"fr-FR","@id":"https:\/\/velipost.com\/#\/schema\/person\/image\/","url":"https:\/\/secure.gravatar.com\/avatar\/57c226c264de62f794185a89596d4a37b85a5ad20aca30d9d5a478b27d8c8d9d?s=96&d=mm&r=g","contentUrl":"https:\/\/secure.gravatar.com\/avatar\/57c226c264de62f794185a89596d4a37b85a5ad20aca30d9d5a478b27d8c8d9d?s=96&d=mm&r=g","caption":"VeliPost"},"sameAs":["https:\/\/velipost.com"],"url":"https:\/\/velipost.com\/?author=1"}]}},"views":1,"jetpack_publicize_connections":[],"uagb_featured_image_src":{"full":["https:\/\/velipost.com\/wp-content\/uploads\/2025\/10\/Cover-VP-6.jpg",1170,603,false],"thumbnail":["https:\/\/velipost.com\/wp-content\/uploads\/2025\/10\/Cover-VP-6-150x150.jpg",150,150,true],"medium":["https:\/\/velipost.com\/wp-content\/uploads\/2025\/10\/Cover-VP-6-300x155.jpg",300,155,true],"medium_large":["https:\/\/velipost.com\/wp-content\/uploads\/2025\/10\/Cover-VP-6-768x396.jpg",715,369,true],"large":["https:\/\/velipost.com\/wp-content\/uploads\/2025\/10\/Cover-VP-6-1024x528.jpg",715,369,true],"1536x1536":["https:\/\/velipost.com\/wp-content\/uploads\/2025\/10\/Cover-VP-6.jpg",1170,603,false],"2048x2048":["https:\/\/velipost.com\/wp-content\/uploads\/2025\/10\/Cover-VP-6.jpg",1170,603,false],"colornews-big-slider":["https:\/\/velipost.com\/wp-content\/uploads\/2025\/10\/Cover-VP-6-1070x470.jpg",1070,470,true],"colornews-big-slider-thumb":["https:\/\/velipost.com\/wp-content\/uploads\/2025\/10\/Cover-VP-6-184x109.jpg",184,109,true],"colornews-featured-post-medium":["https:\/\/velipost.com\/wp-content\/uploads\/2025\/10\/Cover-VP-6-345x265.jpg",345,265,true],"colornews-featured-post-small":["https:\/\/velipost.com\/wp-content\/uploads\/2025\/10\/Cover-VP-6-115x73.jpg",115,73,true],"colornews-random-posts":["https:\/\/velipost.com\/wp-content\/uploads\/2025\/10\/Cover-VP-6-215x215.jpg",215,215,true],"colornews-featured-image":["https:\/\/velipost.com\/wp-content\/uploads\/2025\/10\/Cover-VP-6-715x400.jpg",715,400,true],"mailpoet_newsletter_max":["https:\/\/velipost.com\/wp-content\/uploads\/2025\/10\/Cover-VP-6.jpg",1170,603,false]},"uagb_author_info":{"display_name":"VeliPost","author_link":"https:\/\/velipost.com\/?author=1"},"uagb_comment_info":0,"uagb_excerpt":"Le Gouvernement ha\u00eftien, par la voix du Premier ministre Alix Didier Fils-Aim\u00e9, exprime sa profonde tristesse \u00e0 l\u2019annonce du d\u00e9c\u00e8s de Robert Denis, connu","_links":{"self":[{"href":"https:\/\/velipost.com\/index.php?rest_route=\/wp\/v2\/posts\/4557","targetHints":{"allow":["GET"]}}],"collection":[{"href":"https:\/\/velipost.com\/index.php?rest_route=\/wp\/v2\/posts"}],"about":[{"href":"https:\/\/velipost.com\/index.php?rest_route=\/wp\/v2\/types\/post"}],"author":[{"embeddable":true,"href":"https:\/\/velipost.com\/index.php?rest_route=\/wp\/v2\/users\/1"}],"replies":[{"embeddable":true,"href":"https:\/\/velipost.com\/index.php?rest_route=%2Fwp%2Fv2%2Fcomments&post=4557"}],"version-history":[{"count":1,"href":"https:\/\/velipost.com\/index.php?rest_route=\/wp\/v2\/posts\/4557\/revisions"}],"predecessor-version":[{"id":4559,"href":"https:\/\/velipost.com\/index.php?rest_route=\/wp\/v2\/posts\/4557\/revisions\/4559"}],"wp:featuredmedia":[{"embeddable":true,"href":"https:\/\/velipost.com\/index.php?rest_route=\/wp\/v2\/media\/4558"}],"wp:attachment":[{"href":"https:\/\/velipost.com\/index.php?rest_route=%2Fwp%2Fv2%2Fmedia&parent=4557"}],"wp:term":[{"taxonomy":"category","embeddable":true,"href":"https:\/\/velipost.com\/index.php?rest_route=%2Fwp%2Fv2%2Fcategories&post=4557"},{"taxonomy":"post_tag","embeddable":true,"href":"https:\/\/velipost.com\/index.php?rest_route=%2Fwp%2Fv2%2Ftags&post=4557"}],"curies":[{"name":"wp","href":"https:\/\/api.w.org\/{rel}","templated":true}]}}