{"id":4505,"date":"2025-10-12T23:33:07","date_gmt":"2025-10-12T21:33:07","guid":{"rendered":"https:\/\/velipost.com\/?p=4505"},"modified":"2025-10-12T23:33:10","modified_gmt":"2025-10-12T21:33:10","slug":"la-jerh-et-plan-international-celebrent-la-journee-internationale-de-la-fille-par-un-atelier-thematique","status":"publish","type":"post","link":"https:\/\/velipost.com\/?p=4505","title":{"rendered":"La JERH et Plan International c\u00e9l\u00e8brent la Journ\u00e9e internationale de la fille par un atelier th\u00e9matique"},"content":{"rendered":"\n<p>Sous le th\u00e8me \u00ab Les filles lib\u00e9r\u00e9es des unions forc\u00e9es \u00bb, la Journ\u00e9e internationale de la fille a \u00e9t\u00e9 c\u00e9l\u00e9br\u00e9e ce samedi 11 octobre lors d\u2019un \u00e9v\u00e9nement hybride organis\u00e9 par la Jeunesse Engag\u00e9e pour la Reconstruction d\u2019Ha\u00efti (JERH), en partenariat avec Plan International. L\u2019activit\u00e9, anim\u00e9e par Gloria Emmanuella Ductan et Minelda Louisin, a r\u00e9uni des jeunes, des militantes f\u00e9ministes et des actrices engag\u00e9es pour la protection des droits des filles.<\/p>\n\n\n\n<p>D\u00e8s l\u2019ouverture, la coordonnatrice g\u00e9n\u00e9rale de la JERH, Mme St\u00e9phanie Sophie Louis, a salu\u00e9 la d\u00e9termination des jeunes filles \u00e0 faire entendre leur voix dans une soci\u00e9t\u00e9 o\u00f9 les mariages pr\u00e9coces demeurent une r\u00e9alit\u00e9 alarmante. Elle a rappel\u00e9 l\u2019importance de promouvoir l\u2019\u00e9galit\u00e9 des chances et de garantir un avenir meilleur \u00e0 toutes les filles ha\u00eftiennes.<\/p>\n\n\n\n<p>Dans son intervention remarqu\u00e9e, la jeune ministre \u00e0 la Condition F\u00e9minine et aux Droits des Femmes, Neyssa Sen\u00e9lier, a lanc\u00e9 un vibrant appel \u00e0 la soci\u00e9t\u00e9 ha\u00eftienne pour \u00ab faire respecter les droits des filles et combattre les unions pr\u00e9coces \u00bb. Elle a insist\u00e9 sur la responsabilit\u00e9 des familles, des institutions et de l\u2019\u00c9tat \u00e0 prot\u00e9ger les adolescentes contre les pratiques traditionnelles qui freinent leur \u00e9panouissement.<\/p>\n\n\n\n<p>Trois sujets majeurs ont marqu\u00e9 le panel de discussion : la compr\u00e9hension des racines du mariage pr\u00e9coce en Ha\u00efti, son impact sur la soci\u00e9t\u00e9, et les politiques publiques \u00e0 renforcer pour y mettre fin. Les \u00e9changes, men\u00e9s par des expertes telles que Michma Marie Edm\u00e9, Mica Louna Elize et Me Abiga\u00efl Derolian, ont soulign\u00e9 la n\u00e9cessit\u00e9 d\u2019un cadre juridique plus strict et d\u2019une mobilisation communautaire soutenue.<\/p>\n\n\n\n<p>La journ\u00e9e s\u2019est cl\u00f4tur\u00e9e par un atelier pratique, au cours duquel les participantes ont formul\u00e9 des recommandations autour de quatre axes : le renforcement du cadre l\u00e9gal, les strat\u00e9gies de mobilisation, le r\u00f4le des jeunes et des organisations communautaires dans le plaidoyer, ainsi que la communication et la sensibilisation.<\/p>\n\n\n\n<p>\u00c0 travers cette initiative, la JERH et ses partenaires ont r\u00e9affirm\u00e9 leur engagement \u00e0 b\u00e2tir une Ha\u00efti o\u00f9 chaque fille pourra grandir libre, instruite et \u00e0 l\u2019abri de toute forme de contrainte.<\/p>\n\n    <div class=\"xs_social_share_widget xs_share_url after_content \t\tmain_content  wslu-style-3 wslu-share-box-shaped wslu-fill-brand-hover-colored wslu-share-m-5 wslu-none wslu-share-horizontal wslu-theme-font-no wslu-main_content\">\n\n\t\t\n        <ul>\n\t\t\t                    <li class=\"xs-share-li twitter                        wslu-no-extra-data\">\n                        <a href=\"javascript:void(0);\"\n                           id=\"xs_feed_twitter\"\n                           onclick=\"xs_social_sharer(this);\"\n                           data-pid=\"4505\"\n                           data-uri_hash=\"d41985d8f102dc0ce94c0e5e796463ef\"\n                           data-key=\"twitter\"\n                           data-xs-href=\"https:\/\/twitter.com\/intent\/tweet?text=La+JERH+et+Plan+International+c%C3%A9l%C3%A8brent+la+Journ%C3%A9e+internationale+de+la+fille+par+un+atelier+th%C3%A9matique+https%3A%2F%2Fvelipost.com%2Findex.php%3Frest_route%3D%252Fwp%252Fv2%252Fposts%252F4505&amp;original_referer=https%3A%2F%2Fvelipost.com%2Findex.php%3Frest_route%3D%252Fwp%252Fv2%252Fposts%252F4505&amp;related=xpeedstudio\">\n\n                            <div class=\"xs-social-icon\">\n                                <span class=\"met-social met-social-twitter\"><\/span>\n                            <\/div>\n\n\t\t\t\t\t\t\t\n                            <div class=\"wslu-hover-content\">\n                                <div class=\"xs-social-followers\">\n\t\t\t\t\t\t\t\t\t10                                <\/div>\n                                <div class=\"xs-social-follower-text\">\n\t\t\t\t\t\t\t\t\tShare                                <\/div>\n                                <div class=\"xs-social-follower-label\">\n\t\t\t\t\t\t\t\t\tTwitter                                <\/div>\n                            <\/div>\n                        <\/a>\n                    <\/li>\n\t\t\t\t\t                    <li class=\"xs-share-li telegram                        wslu-no-extra-data\">\n                        <a href=\"javascript:void(0);\"\n                           id=\"xs_feed_telegram\"\n                           onclick=\"xs_social_sharer(this);\"\n                           data-pid=\"4505\"\n                           data-uri_hash=\"d41985d8f102dc0ce94c0e5e796463ef\"\n                           data-key=\"telegram\"\n                           data-xs-href=\"https:\/\/telegram.me\/share\/url?url=https%3A%2F%2Fvelipost.com%2Findex.php%3Frest_route%3D%252Fwp%252Fv2%252Fposts%252F4505&amp;text=La+JERH+et+Plan+International+c%C3%A9l%C3%A8brent+la+Journ%C3%A9e+internationale+de+la+fille+par+un+atelier+th%C3%A9matique\">\n\n                            <div class=\"xs-social-icon\">\n                                <span class=\"met-social met-social-telegram\"><\/span>\n                            <\/div>\n\n\t\t\t\t\t\t\t\n                            <div class=\"wslu-hover-content\">\n                                <div class=\"xs-social-followers\">\n\t\t\t\t\t\t\t\t\t0                                <\/div>\n                                <div class=\"xs-social-follower-text\">\n\t\t\t\t\t\t\t\t\tShare                                <\/div>\n                                <div class=\"xs-social-follower-label\">\n\t\t\t\t\t\t\t\t\tTelegram                                <\/div>\n                            <\/div>\n                        <\/a>\n                    <\/li>\n\t\t\t\t\t                    <li class=\"xs-share-li email                        wslu-no-extra-data\">\n                        <a href=\"javascript:void(0);\"\n                           id=\"xs_feed_email\"\n                           onclick=\"xs_social_sharer(this);\"\n                           data-pid=\"4505\"\n                           data-uri_hash=\"d41985d8f102dc0ce94c0e5e796463ef\"\n                           data-key=\"email\"\n                           data-xs-href=\"mailto:?body=Title%3A+La+JERH+et+Plan+International+c%C3%A9l%C3%A8brent+la+Journ%C3%A9e+internationale+de+la+fille+par+un+atelier+th%C3%A9matique+%5Cn%5Cn+URL%3A+https%3A%2F%2Fvelipost.com%2Findex.php%3Frest_route%3D%252Fwp%252Fv2%252Fposts%252F4505&amp;subject=La+JERH+et+Plan+International+c%C3%A9l%C3%A8brent+la+Journ%C3%A9e+internationale+de+la+fille+par+un+atelier+th%C3%A9matique\">\n\n                            <div class=\"xs-social-icon\">\n                                <span class=\"met-social met-social-email\"><\/span>\n                            <\/div>\n\n\t\t\t\t\t\t\t\n                            <div class=\"wslu-hover-content\">\n                                <div class=\"xs-social-followers\">\n\t\t\t\t\t\t\t\t\t0                                <\/div>\n                                <div class=\"xs-social-follower-text\">\n\t\t\t\t\t\t\t\t\tShare                                <\/div>\n                                <div class=\"xs-social-follower-label\">\n\t\t\t\t\t\t\t\t\tEmail                                <\/div>\n                            <\/div>\n                        <\/a>\n                    <\/li>\n\t\t\t\t\t        <\/ul>\n    <\/div> \n","protected":false},"excerpt":{"rendered":"<p>Sous le th\u00e8me \u00ab Les filles lib\u00e9r\u00e9es des unions forc\u00e9es \u00bb, la Journ\u00e9e internationale de la fille a \u00e9t\u00e9 c\u00e9l\u00e9br\u00e9e ce samedi 11 octobre<\/p>\n","protected":false},"author":1,"featured_media":4506,"comment_status":"open","ping_status":"open","sticky":false,"template":"","format":"standard","meta":{"_uag_custom_page_level_css":"","footnotes":"","jetpack_publicize_message":"","jetpack_publicize_feature_enabled":true,"jetpack_social_post_already_shared":true,"jetpack_social_options":{"image_generator_settings":{"template":"highway","default_image_id":0,"font":"","enabled":false},"version":2}},"categories":[3],"tags":[],"class_list":["post-4505","post","type-post","status-publish","format-standard","has-post-thumbnail","hentry","category-societe"],"yoast_head":"<!-- This site is optimized with the Yoast SEO plugin v25.3.1 - https:\/\/yoast.com\/wordpress\/plugins\/seo\/ -->\n<title>La JERH et Plan International c\u00e9l\u00e8brent la Journ\u00e9e internationale de la fille par un atelier th\u00e9matique &#8211; VeliPost<\/title>\n<meta name=\"robots\" content=\"index, follow, max-snippet:-1, max-image-preview:large, max-video-preview:-1\" \/>\n<link rel=\"canonical\" href=\"https:\/\/velipost.com\/?p=4505\" \/>\n<meta property=\"og:locale\" content=\"fr_FR\" \/>\n<meta property=\"og:type\" content=\"article\" \/>\n<meta property=\"og:title\" content=\"La JERH et Plan International c\u00e9l\u00e8brent la Journ\u00e9e internationale de la fille par un atelier th\u00e9matique &#8211; VeliPost\" \/>\n<meta property=\"og:description\" content=\"Sous le th\u00e8me \u00ab Les filles lib\u00e9r\u00e9es des unions forc\u00e9es \u00bb, la Journ\u00e9e internationale de la fille a \u00e9t\u00e9 c\u00e9l\u00e9br\u00e9e ce samedi 11 octobre\" \/>\n<meta property=\"og:url\" content=\"https:\/\/velipost.com\/?p=4505\" \/>\n<meta property=\"og:site_name\" content=\"VeliPost\" \/>\n<meta property=\"article:publisher\" content=\"https:\/\/www.facebook.com\/veliposthaiti\" \/>\n<meta property=\"article:published_time\" content=\"2025-10-12T21:33:07+00:00\" \/>\n<meta property=\"article:modified_time\" content=\"2025-10-12T21:33:10+00:00\" \/>\n<meta property=\"og:image\" content=\"https:\/\/velipost.com\/wp-content\/uploads\/2025\/10\/jerh.jpg\" \/>\n\t<meta property=\"og:image:width\" content=\"1170\" \/>\n\t<meta property=\"og:image:height\" content=\"603\" \/>\n\t<meta property=\"og:image:type\" content=\"image\/jpeg\" \/>\n<meta name=\"author\" content=\"VeliPost\" \/>\n<meta name=\"twitter:card\" content=\"summary_large_image\" \/>\n<meta name=\"twitter:creator\" content=\"@veliposthaiti\" \/>\n<meta name=\"twitter:site\" content=\"@veliposthaiti\" \/>\n<meta name=\"twitter:label1\" content=\"\u00c9crit par\" \/>\n\t<meta name=\"twitter:data1\" content=\"VeliPost\" \/>\n\t<meta name=\"twitter:label2\" content=\"Dur\u00e9e de lecture estim\u00e9e\" \/>\n\t<meta name=\"twitter:data2\" content=\"2 minutes\" \/>\n<script type=\"application\/ld+json\" class=\"yoast-schema-graph\">{\"@context\":\"https:\/\/schema.org\",\"@graph\":[{\"@type\":\"Article\",\"@id\":\"https:\/\/velipost.com\/?p=4505#article\",\"isPartOf\":{\"@id\":\"https:\/\/velipost.com\/?p=4505\"},\"author\":{\"name\":\"VeliPost\",\"@id\":\"https:\/\/velipost.com\/#\/schema\/person\/32ff49a53c9c1bb24302ee8ece058096\"},\"headline\":\"La JERH et Plan International c\u00e9l\u00e8brent la Journ\u00e9e internationale de la fille par un atelier th\u00e9matique\",\"datePublished\":\"2025-10-12T21:33:07+00:00\",\"dateModified\":\"2025-10-12T21:33:10+00:00\",\"mainEntityOfPage\":{\"@id\":\"https:\/\/velipost.com\/?p=4505\"},\"wordCount\":400,\"commentCount\":0,\"publisher\":{\"@id\":\"https:\/\/velipost.com\/#organization\"},\"image\":{\"@id\":\"https:\/\/velipost.com\/?p=4505#primaryimage\"},\"thumbnailUrl\":\"https:\/\/velipost.com\/wp-content\/uploads\/2025\/10\/jerh.jpg\",\"articleSection\":[\"Soci\u00e9t\u00e9\"],\"inLanguage\":\"fr-FR\",\"potentialAction\":[{\"@type\":\"CommentAction\",\"name\":\"Comment\",\"target\":[\"https:\/\/velipost.com\/?p=4505#respond\"]}]},{\"@type\":\"WebPage\",\"@id\":\"https:\/\/velipost.com\/?p=4505\",\"url\":\"https:\/\/velipost.com\/?p=4505\",\"name\":\"La JERH et Plan International c\u00e9l\u00e8brent la Journ\u00e9e internationale de la fille par un atelier th\u00e9matique &#8211; VeliPost\",\"isPartOf\":{\"@id\":\"https:\/\/velipost.com\/#website\"},\"primaryImageOfPage\":{\"@id\":\"https:\/\/velipost.com\/?p=4505#primaryimage\"},\"image\":{\"@id\":\"https:\/\/velipost.com\/?p=4505#primaryimage\"},\"thumbnailUrl\":\"https:\/\/velipost.com\/wp-content\/uploads\/2025\/10\/jerh.jpg\",\"datePublished\":\"2025-10-12T21:33:07+00:00\",\"dateModified\":\"2025-10-12T21:33:10+00:00\",\"breadcrumb\":{\"@id\":\"https:\/\/velipost.com\/?p=4505#breadcrumb\"},\"inLanguage\":\"fr-FR\",\"potentialAction\":[{\"@type\":\"ReadAction\",\"target\":[\"https:\/\/velipost.com\/?p=4505\"]}]},{\"@type\":\"ImageObject\",\"inLanguage\":\"fr-FR\",\"@id\":\"https:\/\/velipost.com\/?p=4505#primaryimage\",\"url\":\"https:\/\/velipost.com\/wp-content\/uploads\/2025\/10\/jerh.jpg\",\"contentUrl\":\"https:\/\/velipost.com\/wp-content\/uploads\/2025\/10\/jerh.jpg\",\"width\":1170,\"height\":603},{\"@type\":\"BreadcrumbList\",\"@id\":\"https:\/\/velipost.com\/?p=4505#breadcrumb\",\"itemListElement\":[{\"@type\":\"ListItem\",\"position\":1,\"name\":\"Accueil\",\"item\":\"https:\/\/velipost.com\/\"},{\"@type\":\"ListItem\",\"position\":2,\"name\":\"La JERH et Plan International c\u00e9l\u00e8brent la Journ\u00e9e internationale de la fille par un atelier th\u00e9matique\"}]},{\"@type\":\"WebSite\",\"@id\":\"https:\/\/velipost.com\/#website\",\"url\":\"https:\/\/velipost.com\/\",\"name\":\"VeliPost\",\"description\":\"L\u2019info en un clic\",\"publisher\":{\"@id\":\"https:\/\/velipost.com\/#organization\"},\"potentialAction\":[{\"@type\":\"SearchAction\",\"target\":{\"@type\":\"EntryPoint\",\"urlTemplate\":\"https:\/\/velipost.com\/?s={search_term_string}\"},\"query-input\":{\"@type\":\"PropertyValueSpecification\",\"valueRequired\":true,\"valueName\":\"search_term_string\"}}],\"inLanguage\":\"fr-FR\"},{\"@type\":\"Organization\",\"@id\":\"https:\/\/velipost.com\/#organization\",\"name\":\"VeliPost\",\"url\":\"https:\/\/velipost.com\/\",\"logo\":{\"@type\":\"ImageObject\",\"inLanguage\":\"fr-FR\",\"@id\":\"https:\/\/velipost.com\/#\/schema\/logo\/image\/\",\"url\":\"https:\/\/velipost.com\/wp-content\/uploads\/2024\/08\/cropped-VP-logo-piti.png\",\"contentUrl\":\"https:\/\/velipost.com\/wp-content\/uploads\/2024\/08\/cropped-VP-logo-piti.png\",\"width\":201,\"height\":69,\"caption\":\"VeliPost\"},\"image\":{\"@id\":\"https:\/\/velipost.com\/#\/schema\/logo\/image\/\"},\"sameAs\":[\"https:\/\/www.facebook.com\/veliposthaiti\",\"https:\/\/x.com\/veliposthaiti\",\"https:\/\/www.instagram.com\/veliposthaiti\"]},{\"@type\":\"Person\",\"@id\":\"https:\/\/velipost.com\/#\/schema\/person\/32ff49a53c9c1bb24302ee8ece058096\",\"name\":\"VeliPost\",\"image\":{\"@type\":\"ImageObject\",\"inLanguage\":\"fr-FR\",\"@id\":\"https:\/\/velipost.com\/#\/schema\/person\/image\/\",\"url\":\"https:\/\/secure.gravatar.com\/avatar\/57c226c264de62f794185a89596d4a37b85a5ad20aca30d9d5a478b27d8c8d9d?s=96&d=mm&r=g\",\"contentUrl\":\"https:\/\/secure.gravatar.com\/avatar\/57c226c264de62f794185a89596d4a37b85a5ad20aca30d9d5a478b27d8c8d9d?s=96&d=mm&r=g\",\"caption\":\"VeliPost\"},\"sameAs\":[\"https:\/\/velipost.com\"],\"url\":\"https:\/\/velipost.com\/?author=1\"}]}<\/script>\n<!-- \/ Yoast SEO plugin. -->","yoast_head_json":{"title":"La JERH et Plan International c\u00e9l\u00e8brent la Journ\u00e9e internationale de la fille par un atelier th\u00e9matique &#8211; VeliPost","robots":{"index":"index","follow":"follow","max-snippet":"max-snippet:-1","max-image-preview":"max-image-preview:large","max-video-preview":"max-video-preview:-1"},"canonical":"https:\/\/velipost.com\/?p=4505","og_locale":"fr_FR","og_type":"article","og_title":"La JERH et Plan International c\u00e9l\u00e8brent la Journ\u00e9e internationale de la fille par un atelier th\u00e9matique &#8211; VeliPost","og_description":"Sous le th\u00e8me \u00ab Les filles lib\u00e9r\u00e9es des unions forc\u00e9es \u00bb, la Journ\u00e9e internationale de la fille a \u00e9t\u00e9 c\u00e9l\u00e9br\u00e9e ce samedi 11 octobre","og_url":"https:\/\/velipost.com\/?p=4505","og_site_name":"VeliPost","article_publisher":"https:\/\/www.facebook.com\/veliposthaiti","article_published_time":"2025-10-12T21:33:07+00:00","article_modified_time":"2025-10-12T21:33:10+00:00","og_image":[{"width":1170,"height":603,"url":"https:\/\/velipost.com\/wp-content\/uploads\/2025\/10\/jerh.jpg","type":"image\/jpeg"}],"author":"VeliPost","twitter_card":"summary_large_image","twitter_creator":"@veliposthaiti","twitter_site":"@veliposthaiti","twitter_misc":{"\u00c9crit par":"VeliPost","Dur\u00e9e de lecture estim\u00e9e":"2 minutes"},"schema":{"@context":"https:\/\/schema.org","@graph":[{"@type":"Article","@id":"https:\/\/velipost.com\/?p=4505#article","isPartOf":{"@id":"https:\/\/velipost.com\/?p=4505"},"author":{"name":"VeliPost","@id":"https:\/\/velipost.com\/#\/schema\/person\/32ff49a53c9c1bb24302ee8ece058096"},"headline":"La JERH et Plan International c\u00e9l\u00e8brent la Journ\u00e9e internationale de la fille par un atelier th\u00e9matique","datePublished":"2025-10-12T21:33:07+00:00","dateModified":"2025-10-12T21:33:10+00:00","mainEntityOfPage":{"@id":"https:\/\/velipost.com\/?p=4505"},"wordCount":400,"commentCount":0,"publisher":{"@id":"https:\/\/velipost.com\/#organization"},"image":{"@id":"https:\/\/velipost.com\/?p=4505#primaryimage"},"thumbnailUrl":"https:\/\/velipost.com\/wp-content\/uploads\/2025\/10\/jerh.jpg","articleSection":["Soci\u00e9t\u00e9"],"inLanguage":"fr-FR","potentialAction":[{"@type":"CommentAction","name":"Comment","target":["https:\/\/velipost.com\/?p=4505#respond"]}]},{"@type":"WebPage","@id":"https:\/\/velipost.com\/?p=4505","url":"https:\/\/velipost.com\/?p=4505","name":"La JERH et Plan International c\u00e9l\u00e8brent la Journ\u00e9e internationale de la fille par un atelier th\u00e9matique &#8211; VeliPost","isPartOf":{"@id":"https:\/\/velipost.com\/#website"},"primaryImageOfPage":{"@id":"https:\/\/velipost.com\/?p=4505#primaryimage"},"image":{"@id":"https:\/\/velipost.com\/?p=4505#primaryimage"},"thumbnailUrl":"https:\/\/velipost.com\/wp-content\/uploads\/2025\/10\/jerh.jpg","datePublished":"2025-10-12T21:33:07+00:00","dateModified":"2025-10-12T21:33:10+00:00","breadcrumb":{"@id":"https:\/\/velipost.com\/?p=4505#breadcrumb"},"inLanguage":"fr-FR","potentialAction":[{"@type":"ReadAction","target":["https:\/\/velipost.com\/?p=4505"]}]},{"@type":"ImageObject","inLanguage":"fr-FR","@id":"https:\/\/velipost.com\/?p=4505#primaryimage","url":"https:\/\/velipost.com\/wp-content\/uploads\/2025\/10\/jerh.jpg","contentUrl":"https:\/\/velipost.com\/wp-content\/uploads\/2025\/10\/jerh.jpg","width":1170,"height":603},{"@type":"BreadcrumbList","@id":"https:\/\/velipost.com\/?p=4505#breadcrumb","itemListElement":[{"@type":"ListItem","position":1,"name":"Accueil","item":"https:\/\/velipost.com\/"},{"@type":"ListItem","position":2,"name":"La JERH et Plan International c\u00e9l\u00e8brent la Journ\u00e9e internationale de la fille par un atelier th\u00e9matique"}]},{"@type":"WebSite","@id":"https:\/\/velipost.com\/#website","url":"https:\/\/velipost.com\/","name":"VeliPost","description":"L\u2019info en un clic","publisher":{"@id":"https:\/\/velipost.com\/#organization"},"potentialAction":[{"@type":"SearchAction","target":{"@type":"EntryPoint","urlTemplate":"https:\/\/velipost.com\/?s={search_term_string}"},"query-input":{"@type":"PropertyValueSpecification","valueRequired":true,"valueName":"search_term_string"}}],"inLanguage":"fr-FR"},{"@type":"Organization","@id":"https:\/\/velipost.com\/#organization","name":"VeliPost","url":"https:\/\/velipost.com\/","logo":{"@type":"ImageObject","inLanguage":"fr-FR","@id":"https:\/\/velipost.com\/#\/schema\/logo\/image\/","url":"https:\/\/velipost.com\/wp-content\/uploads\/2024\/08\/cropped-VP-logo-piti.png","contentUrl":"https:\/\/velipost.com\/wp-content\/uploads\/2024\/08\/cropped-VP-logo-piti.png","width":201,"height":69,"caption":"VeliPost"},"image":{"@id":"https:\/\/velipost.com\/#\/schema\/logo\/image\/"},"sameAs":["https:\/\/www.facebook.com\/veliposthaiti","https:\/\/x.com\/veliposthaiti","https:\/\/www.instagram.com\/veliposthaiti"]},{"@type":"Person","@id":"https:\/\/velipost.com\/#\/schema\/person\/32ff49a53c9c1bb24302ee8ece058096","name":"VeliPost","image":{"@type":"ImageObject","inLanguage":"fr-FR","@id":"https:\/\/velipost.com\/#\/schema\/person\/image\/","url":"https:\/\/secure.gravatar.com\/avatar\/57c226c264de62f794185a89596d4a37b85a5ad20aca30d9d5a478b27d8c8d9d?s=96&d=mm&r=g","contentUrl":"https:\/\/secure.gravatar.com\/avatar\/57c226c264de62f794185a89596d4a37b85a5ad20aca30d9d5a478b27d8c8d9d?s=96&d=mm&r=g","caption":"VeliPost"},"sameAs":["https:\/\/velipost.com"],"url":"https:\/\/velipost.com\/?author=1"}]}},"views":0,"jetpack_publicize_connections":[],"uagb_featured_image_src":{"full":["https:\/\/velipost.com\/wp-content\/uploads\/2025\/10\/jerh.jpg",1170,603,false],"thumbnail":["https:\/\/velipost.com\/wp-content\/uploads\/2025\/10\/jerh-150x150.jpg",150,150,true],"medium":["https:\/\/velipost.com\/wp-content\/uploads\/2025\/10\/jerh-300x155.jpg",300,155,true],"medium_large":["https:\/\/velipost.com\/wp-content\/uploads\/2025\/10\/jerh-768x396.jpg",715,369,true],"large":["https:\/\/velipost.com\/wp-content\/uploads\/2025\/10\/jerh-1024x528.jpg",715,369,true],"1536x1536":["https:\/\/velipost.com\/wp-content\/uploads\/2025\/10\/jerh.jpg",1170,603,false],"2048x2048":["https:\/\/velipost.com\/wp-content\/uploads\/2025\/10\/jerh.jpg",1170,603,false],"colornews-big-slider":["https:\/\/velipost.com\/wp-content\/uploads\/2025\/10\/jerh-1070x470.jpg",1070,470,true],"colornews-big-slider-thumb":["https:\/\/velipost.com\/wp-content\/uploads\/2025\/10\/jerh-184x109.jpg",184,109,true],"colornews-featured-post-medium":["https:\/\/velipost.com\/wp-content\/uploads\/2025\/10\/jerh-345x265.jpg",345,265,true],"colornews-featured-post-small":["https:\/\/velipost.com\/wp-content\/uploads\/2025\/10\/jerh-115x73.jpg",115,73,true],"colornews-random-posts":["https:\/\/velipost.com\/wp-content\/uploads\/2025\/10\/jerh-215x215.jpg",215,215,true],"colornews-featured-image":["https:\/\/velipost.com\/wp-content\/uploads\/2025\/10\/jerh-715x400.jpg",715,400,true],"mailpoet_newsletter_max":["https:\/\/velipost.com\/wp-content\/uploads\/2025\/10\/jerh.jpg",1170,603,false]},"uagb_author_info":{"display_name":"VeliPost","author_link":"https:\/\/velipost.com\/?author=1"},"uagb_comment_info":0,"uagb_excerpt":"Sous le th\u00e8me \u00ab Les filles lib\u00e9r\u00e9es des unions forc\u00e9es \u00bb, la Journ\u00e9e internationale de la fille a \u00e9t\u00e9 c\u00e9l\u00e9br\u00e9e ce samedi 11 octobre","_links":{"self":[{"href":"https:\/\/velipost.com\/index.php?rest_route=\/wp\/v2\/posts\/4505","targetHints":{"allow":["GET"]}}],"collection":[{"href":"https:\/\/velipost.com\/index.php?rest_route=\/wp\/v2\/posts"}],"about":[{"href":"https:\/\/velipost.com\/index.php?rest_route=\/wp\/v2\/types\/post"}],"author":[{"embeddable":true,"href":"https:\/\/velipost.com\/index.php?rest_route=\/wp\/v2\/users\/1"}],"replies":[{"embeddable":true,"href":"https:\/\/velipost.com\/index.php?rest_route=%2Fwp%2Fv2%2Fcomments&post=4505"}],"version-history":[{"count":1,"href":"https:\/\/velipost.com\/index.php?rest_route=\/wp\/v2\/posts\/4505\/revisions"}],"predecessor-version":[{"id":4507,"href":"https:\/\/velipost.com\/index.php?rest_route=\/wp\/v2\/posts\/4505\/revisions\/4507"}],"wp:featuredmedia":[{"embeddable":true,"href":"https:\/\/velipost.com\/index.php?rest_route=\/wp\/v2\/media\/4506"}],"wp:attachment":[{"href":"https:\/\/velipost.com\/index.php?rest_route=%2Fwp%2Fv2%2Fmedia&parent=4505"}],"wp:term":[{"taxonomy":"category","embeddable":true,"href":"https:\/\/velipost.com\/index.php?rest_route=%2Fwp%2Fv2%2Fcategories&post=4505"},{"taxonomy":"post_tag","embeddable":true,"href":"https:\/\/velipost.com\/index.php?rest_route=%2Fwp%2Fv2%2Ftags&post=4505"}],"curies":[{"name":"wp","href":"https:\/\/api.w.org\/{rel}","templated":true}]}}