{"id":4492,"date":"2025-10-12T04:05:52","date_gmt":"2025-10-12T02:05:52","guid":{"rendered":"https:\/\/velipost.com\/?p=4492"},"modified":"2025-10-12T04:05:54","modified_gmt":"2025-10-12T02:05:54","slug":"journee-internationale-de-la-fille-plan-haiti-tire-la-sonnette-dalarme-sur-les-unions-precoces","status":"publish","type":"post","link":"https:\/\/velipost.com\/?p=4492","title":{"rendered":"Journ\u00e9e internationale de la fille : Plan Ha\u00efti tire la sonnette d\u2019alarme sur les unions pr\u00e9coces"},"content":{"rendered":"\n<p>\u00c0 l\u2019occasion de la\u00a0<strong>Journ\u00e9e internationale de la fille<\/strong>, c\u00e9l\u00e9br\u00e9e le 11 octobre,\u00a0Plan International Ha\u00efti\u00a0appelle \u00e0 une mobilisation nationale pour mettre fin aux\u00a0<strong>mariages forc\u00e9s<\/strong>\u00a0et prot\u00e9ger les filles contre toutes formes de\u00a0violence.<\/p>\n\n\n\n<p>Sous le th\u00e8me&nbsp;<em>\u00ab Des filles lib\u00e9r\u00e9es des unions forc\u00e9es \u00bb<\/em>, l\u2019organisation alerte sur la vuln\u00e9rabilit\u00e9 croissante des enfants face \u00e0 l\u2019ins\u00e9curit\u00e9, aux d\u00e9placements massifs et \u00e0 la pauvret\u00e9. Selon l\u2019OIM, pr\u00e8s de&nbsp;<strong>1,3 million de personnes<\/strong>, dont plus de la moiti\u00e9 sont des enfants, sont aujourd\u2019hui d\u00e9plac\u00e9es en Ha\u00efti.<\/p>\n\n\n\n<blockquote class=\"wp-block-quote is-layout-flow wp-block-quote-is-layout-flow\">\n<p>\u00ab Les difficult\u00e9s \u00e9conomiques forcent des familles \u00e0 faire des choix impossibles, rendant les filles plus expos\u00e9es \u00e0 la traite, \u00e0 l\u2019exploitation et aux unions pr\u00e9coces \u00bb,<\/p>\n<\/blockquote>\n\n\n\n<blockquote class=\"wp-block-quote is-layout-flow wp-block-quote-is-layout-flow\">\n<p>a d\u00e9clar\u00e9&nbsp;<strong>Prospery Raymond<\/strong>, directeur national de&nbsp;<em>Plan International Ha\u00efti<\/em>.<\/p>\n<\/blockquote>\n\n\n\n<p>Malgr\u00e9 l\u2019interdiction du mariage des enfants, des milliers de filles continuent d\u2019\u00eatre priv\u00e9es d\u2019\u00e9ducation et de libert\u00e9. Depuis 2022,&nbsp;<em>Plan International<\/em>&nbsp;soutient les familles d\u00e9plac\u00e9es, finance la scolarit\u00e9 des enfants et renforce l\u2019aide psychologique et m\u00e9dicale pour les victimes de violences sexistes.<\/p>\n\n\n\n<p>L\u2019organisation r\u00e9affirme son engagement \u00e0 b\u00e2tir une Ha\u00efti o\u00f9&nbsp;<strong>chaque fille peut grandir libre, prot\u00e9g\u00e9e et \u00e9cout\u00e9e<\/strong>.<\/p>\n\n    <div class=\"xs_social_share_widget xs_share_url after_content \t\tmain_content  wslu-style-3 wslu-share-box-shaped wslu-fill-brand-hover-colored wslu-share-m-5 wslu-none wslu-share-horizontal wslu-theme-font-no wslu-main_content\">\n\n\t\t\n        <ul>\n\t\t\t                    <li class=\"xs-share-li twitter                        wslu-no-extra-data\">\n                        <a href=\"javascript:void(0);\"\n                           id=\"xs_feed_twitter\"\n                           onclick=\"xs_social_sharer(this);\"\n                           data-pid=\"4492\"\n                           data-uri_hash=\"bcd92e1f0889dde4c021b31557be32f0\"\n                           data-key=\"twitter\"\n                           data-xs-href=\"https:\/\/twitter.com\/intent\/tweet?text=Journ%C3%A9e+internationale+de+la+fille+%3A+Plan+Ha%C3%AFti+tire+la+sonnette+d%E2%80%99alarme+sur+les+unions+pr%C3%A9coces+https%3A%2F%2Fvelipost.com%2Findex.php%3Frest_route%3D%252Fwp%252Fv2%252Fposts%252F4492&amp;original_referer=https%3A%2F%2Fvelipost.com%2Findex.php%3Frest_route%3D%252Fwp%252Fv2%252Fposts%252F4492&amp;related=xpeedstudio\">\n\n                            <div class=\"xs-social-icon\">\n                                <span class=\"met-social met-social-twitter\"><\/span>\n                            <\/div>\n\n\t\t\t\t\t\t\t\n                            <div class=\"wslu-hover-content\">\n                                <div class=\"xs-social-followers\">\n\t\t\t\t\t\t\t\t\t10                                <\/div>\n                                <div class=\"xs-social-follower-text\">\n\t\t\t\t\t\t\t\t\tShare                                <\/div>\n                                <div class=\"xs-social-follower-label\">\n\t\t\t\t\t\t\t\t\tTwitter                                <\/div>\n                            <\/div>\n                        <\/a>\n                    <\/li>\n\t\t\t\t\t                    <li class=\"xs-share-li telegram                        wslu-no-extra-data\">\n                        <a href=\"javascript:void(0);\"\n                           id=\"xs_feed_telegram\"\n                           onclick=\"xs_social_sharer(this);\"\n                           data-pid=\"4492\"\n                           data-uri_hash=\"bcd92e1f0889dde4c021b31557be32f0\"\n                           data-key=\"telegram\"\n                           data-xs-href=\"https:\/\/telegram.me\/share\/url?url=https%3A%2F%2Fvelipost.com%2Findex.php%3Frest_route%3D%252Fwp%252Fv2%252Fposts%252F4492&amp;text=Journ%C3%A9e+internationale+de+la+fille+%3A+Plan+Ha%C3%AFti+tire+la+sonnette+d%E2%80%99alarme+sur+les+unions+pr%C3%A9coces\">\n\n                            <div class=\"xs-social-icon\">\n                                <span class=\"met-social met-social-telegram\"><\/span>\n                            <\/div>\n\n\t\t\t\t\t\t\t\n                            <div class=\"wslu-hover-content\">\n                                <div class=\"xs-social-followers\">\n\t\t\t\t\t\t\t\t\t0                                <\/div>\n                                <div class=\"xs-social-follower-text\">\n\t\t\t\t\t\t\t\t\tShare                                <\/div>\n                                <div class=\"xs-social-follower-label\">\n\t\t\t\t\t\t\t\t\tTelegram                                <\/div>\n                            <\/div>\n                        <\/a>\n                    <\/li>\n\t\t\t\t\t                    <li class=\"xs-share-li email                        wslu-no-extra-data\">\n                        <a href=\"javascript:void(0);\"\n                           id=\"xs_feed_email\"\n                           onclick=\"xs_social_sharer(this);\"\n                           data-pid=\"4492\"\n                           data-uri_hash=\"bcd92e1f0889dde4c021b31557be32f0\"\n                           data-key=\"email\"\n                           data-xs-href=\"mailto:?body=Title%3A+Journ%C3%A9e+internationale+de+la+fille+%3A+Plan+Ha%C3%AFti+tire+la+sonnette+d%E2%80%99alarme+sur+les+unions+pr%C3%A9coces+%5Cn%5Cn+URL%3A+https%3A%2F%2Fvelipost.com%2Findex.php%3Frest_route%3D%252Fwp%252Fv2%252Fposts%252F4492&amp;subject=Journ%C3%A9e+internationale+de+la+fille+%3A+Plan+Ha%C3%AFti+tire+la+sonnette+d%E2%80%99alarme+sur+les+unions+pr%C3%A9coces\">\n\n                            <div class=\"xs-social-icon\">\n                                <span class=\"met-social met-social-email\"><\/span>\n                            <\/div>\n\n\t\t\t\t\t\t\t\n                            <div class=\"wslu-hover-content\">\n                                <div class=\"xs-social-followers\">\n\t\t\t\t\t\t\t\t\t0                                <\/div>\n                                <div class=\"xs-social-follower-text\">\n\t\t\t\t\t\t\t\t\tShare                                <\/div>\n                                <div class=\"xs-social-follower-label\">\n\t\t\t\t\t\t\t\t\tEmail                                <\/div>\n                            <\/div>\n                        <\/a>\n                    <\/li>\n\t\t\t\t\t        <\/ul>\n    <\/div> \n","protected":false},"excerpt":{"rendered":"<p>\u00c0 l\u2019occasion de la\u00a0Journ\u00e9e internationale de la fille, c\u00e9l\u00e9br\u00e9e le 11 octobre,\u00a0Plan International Ha\u00efti\u00a0appelle \u00e0 une mobilisation nationale pour mettre fin aux\u00a0mariages forc\u00e9s\u00a0et prot\u00e9ger<\/p>\n","protected":false},"author":1,"featured_media":4493,"comment_status":"open","ping_status":"open","sticky":false,"template":"","format":"standard","meta":{"_uag_custom_page_level_css":"","footnotes":"","jetpack_publicize_message":"","jetpack_publicize_feature_enabled":true,"jetpack_social_post_already_shared":true,"jetpack_social_options":{"image_generator_settings":{"template":"highway","default_image_id":0,"font":"","enabled":false},"version":2}},"categories":[94],"tags":[],"class_list":["post-4492","post","type-post","status-publish","format-standard","has-post-thumbnail","hentry","category-a-la-une"],"yoast_head":"<!-- This site is optimized with the Yoast SEO plugin v25.3.1 - https:\/\/yoast.com\/wordpress\/plugins\/seo\/ -->\n<title>Journ\u00e9e internationale de la fille : Plan Ha\u00efti tire la sonnette d\u2019alarme sur les unions pr\u00e9coces &#8211; VeliPost<\/title>\n<meta name=\"robots\" content=\"index, follow, max-snippet:-1, max-image-preview:large, max-video-preview:-1\" \/>\n<link rel=\"canonical\" href=\"https:\/\/velipost.com\/?p=4492\" \/>\n<meta property=\"og:locale\" content=\"fr_FR\" \/>\n<meta property=\"og:type\" content=\"article\" \/>\n<meta property=\"og:title\" content=\"Journ\u00e9e internationale de la fille : Plan Ha\u00efti tire la sonnette d\u2019alarme sur les unions pr\u00e9coces &#8211; VeliPost\" \/>\n<meta property=\"og:description\" content=\"\u00c0 l\u2019occasion de la\u00a0Journ\u00e9e internationale de la fille, c\u00e9l\u00e9br\u00e9e le 11 octobre,\u00a0Plan International Ha\u00efti\u00a0appelle \u00e0 une mobilisation nationale pour mettre fin aux\u00a0mariages forc\u00e9s\u00a0et prot\u00e9ger\" \/>\n<meta property=\"og:url\" content=\"https:\/\/velipost.com\/?p=4492\" \/>\n<meta property=\"og:site_name\" content=\"VeliPost\" \/>\n<meta property=\"article:publisher\" content=\"https:\/\/www.facebook.com\/veliposthaiti\" \/>\n<meta property=\"article:published_time\" content=\"2025-10-12T02:05:52+00:00\" \/>\n<meta property=\"article:modified_time\" content=\"2025-10-12T02:05:54+00:00\" \/>\n<meta property=\"og:image\" content=\"https:\/\/velipost.com\/wp-content\/uploads\/2025\/10\/Journee-internationale-de-la-fille.jpg\" \/>\n\t<meta property=\"og:image:width\" content=\"1170\" \/>\n\t<meta property=\"og:image:height\" content=\"603\" \/>\n\t<meta property=\"og:image:type\" content=\"image\/jpeg\" \/>\n<meta name=\"author\" content=\"VeliPost\" \/>\n<meta name=\"twitter:card\" content=\"summary_large_image\" \/>\n<meta name=\"twitter:creator\" content=\"@veliposthaiti\" \/>\n<meta name=\"twitter:site\" content=\"@veliposthaiti\" \/>\n<meta name=\"twitter:label1\" content=\"\u00c9crit par\" \/>\n\t<meta name=\"twitter:data1\" content=\"VeliPost\" \/>\n\t<meta name=\"twitter:label2\" content=\"Dur\u00e9e de lecture estim\u00e9e\" \/>\n\t<meta name=\"twitter:data2\" content=\"1 minute\" \/>\n<script type=\"application\/ld+json\" class=\"yoast-schema-graph\">{\"@context\":\"https:\/\/schema.org\",\"@graph\":[{\"@type\":\"Article\",\"@id\":\"https:\/\/velipost.com\/?p=4492#article\",\"isPartOf\":{\"@id\":\"https:\/\/velipost.com\/?p=4492\"},\"author\":{\"name\":\"VeliPost\",\"@id\":\"https:\/\/velipost.com\/#\/schema\/person\/32ff49a53c9c1bb24302ee8ece058096\"},\"headline\":\"Journ\u00e9e internationale de la fille : Plan Ha\u00efti tire la sonnette d\u2019alarme sur les unions pr\u00e9coces\",\"datePublished\":\"2025-10-12T02:05:52+00:00\",\"dateModified\":\"2025-10-12T02:05:54+00:00\",\"mainEntityOfPage\":{\"@id\":\"https:\/\/velipost.com\/?p=4492\"},\"wordCount\":237,\"commentCount\":0,\"publisher\":{\"@id\":\"https:\/\/velipost.com\/#organization\"},\"image\":{\"@id\":\"https:\/\/velipost.com\/?p=4492#primaryimage\"},\"thumbnailUrl\":\"https:\/\/velipost.com\/wp-content\/uploads\/2025\/10\/Journee-internationale-de-la-fille.jpg\",\"articleSection\":[\"A la Une\"],\"inLanguage\":\"fr-FR\",\"potentialAction\":[{\"@type\":\"CommentAction\",\"name\":\"Comment\",\"target\":[\"https:\/\/velipost.com\/?p=4492#respond\"]}]},{\"@type\":\"WebPage\",\"@id\":\"https:\/\/velipost.com\/?p=4492\",\"url\":\"https:\/\/velipost.com\/?p=4492\",\"name\":\"Journ\u00e9e internationale de la fille : Plan Ha\u00efti tire la sonnette d\u2019alarme sur les unions pr\u00e9coces &#8211; VeliPost\",\"isPartOf\":{\"@id\":\"https:\/\/velipost.com\/#website\"},\"primaryImageOfPage\":{\"@id\":\"https:\/\/velipost.com\/?p=4492#primaryimage\"},\"image\":{\"@id\":\"https:\/\/velipost.com\/?p=4492#primaryimage\"},\"thumbnailUrl\":\"https:\/\/velipost.com\/wp-content\/uploads\/2025\/10\/Journee-internationale-de-la-fille.jpg\",\"datePublished\":\"2025-10-12T02:05:52+00:00\",\"dateModified\":\"2025-10-12T02:05:54+00:00\",\"breadcrumb\":{\"@id\":\"https:\/\/velipost.com\/?p=4492#breadcrumb\"},\"inLanguage\":\"fr-FR\",\"potentialAction\":[{\"@type\":\"ReadAction\",\"target\":[\"https:\/\/velipost.com\/?p=4492\"]}]},{\"@type\":\"ImageObject\",\"inLanguage\":\"fr-FR\",\"@id\":\"https:\/\/velipost.com\/?p=4492#primaryimage\",\"url\":\"https:\/\/velipost.com\/wp-content\/uploads\/2025\/10\/Journee-internationale-de-la-fille.jpg\",\"contentUrl\":\"https:\/\/velipost.com\/wp-content\/uploads\/2025\/10\/Journee-internationale-de-la-fille.jpg\",\"width\":1170,\"height\":603},{\"@type\":\"BreadcrumbList\",\"@id\":\"https:\/\/velipost.com\/?p=4492#breadcrumb\",\"itemListElement\":[{\"@type\":\"ListItem\",\"position\":1,\"name\":\"Accueil\",\"item\":\"https:\/\/velipost.com\/\"},{\"@type\":\"ListItem\",\"position\":2,\"name\":\"Journ\u00e9e internationale de la fille : Plan Ha\u00efti tire la sonnette d\u2019alarme sur les unions pr\u00e9coces\"}]},{\"@type\":\"WebSite\",\"@id\":\"https:\/\/velipost.com\/#website\",\"url\":\"https:\/\/velipost.com\/\",\"name\":\"VeliPost\",\"description\":\"L\u2019info en un clic\",\"publisher\":{\"@id\":\"https:\/\/velipost.com\/#organization\"},\"potentialAction\":[{\"@type\":\"SearchAction\",\"target\":{\"@type\":\"EntryPoint\",\"urlTemplate\":\"https:\/\/velipost.com\/?s={search_term_string}\"},\"query-input\":{\"@type\":\"PropertyValueSpecification\",\"valueRequired\":true,\"valueName\":\"search_term_string\"}}],\"inLanguage\":\"fr-FR\"},{\"@type\":\"Organization\",\"@id\":\"https:\/\/velipost.com\/#organization\",\"name\":\"VeliPost\",\"url\":\"https:\/\/velipost.com\/\",\"logo\":{\"@type\":\"ImageObject\",\"inLanguage\":\"fr-FR\",\"@id\":\"https:\/\/velipost.com\/#\/schema\/logo\/image\/\",\"url\":\"https:\/\/velipost.com\/wp-content\/uploads\/2024\/08\/cropped-VP-logo-piti.png\",\"contentUrl\":\"https:\/\/velipost.com\/wp-content\/uploads\/2024\/08\/cropped-VP-logo-piti.png\",\"width\":201,\"height\":69,\"caption\":\"VeliPost\"},\"image\":{\"@id\":\"https:\/\/velipost.com\/#\/schema\/logo\/image\/\"},\"sameAs\":[\"https:\/\/www.facebook.com\/veliposthaiti\",\"https:\/\/x.com\/veliposthaiti\",\"https:\/\/www.instagram.com\/veliposthaiti\"]},{\"@type\":\"Person\",\"@id\":\"https:\/\/velipost.com\/#\/schema\/person\/32ff49a53c9c1bb24302ee8ece058096\",\"name\":\"VeliPost\",\"image\":{\"@type\":\"ImageObject\",\"inLanguage\":\"fr-FR\",\"@id\":\"https:\/\/velipost.com\/#\/schema\/person\/image\/\",\"url\":\"https:\/\/secure.gravatar.com\/avatar\/57c226c264de62f794185a89596d4a37b85a5ad20aca30d9d5a478b27d8c8d9d?s=96&d=mm&r=g\",\"contentUrl\":\"https:\/\/secure.gravatar.com\/avatar\/57c226c264de62f794185a89596d4a37b85a5ad20aca30d9d5a478b27d8c8d9d?s=96&d=mm&r=g\",\"caption\":\"VeliPost\"},\"sameAs\":[\"https:\/\/velipost.com\"],\"url\":\"https:\/\/velipost.com\/?author=1\"}]}<\/script>\n<!-- \/ Yoast SEO plugin. -->","yoast_head_json":{"title":"Journ\u00e9e internationale de la fille : Plan Ha\u00efti tire la sonnette d\u2019alarme sur les unions pr\u00e9coces &#8211; VeliPost","robots":{"index":"index","follow":"follow","max-snippet":"max-snippet:-1","max-image-preview":"max-image-preview:large","max-video-preview":"max-video-preview:-1"},"canonical":"https:\/\/velipost.com\/?p=4492","og_locale":"fr_FR","og_type":"article","og_title":"Journ\u00e9e internationale de la fille : Plan Ha\u00efti tire la sonnette d\u2019alarme sur les unions pr\u00e9coces &#8211; VeliPost","og_description":"\u00c0 l\u2019occasion de la\u00a0Journ\u00e9e internationale de la fille, c\u00e9l\u00e9br\u00e9e le 11 octobre,\u00a0Plan International Ha\u00efti\u00a0appelle \u00e0 une mobilisation nationale pour mettre fin aux\u00a0mariages forc\u00e9s\u00a0et prot\u00e9ger","og_url":"https:\/\/velipost.com\/?p=4492","og_site_name":"VeliPost","article_publisher":"https:\/\/www.facebook.com\/veliposthaiti","article_published_time":"2025-10-12T02:05:52+00:00","article_modified_time":"2025-10-12T02:05:54+00:00","og_image":[{"width":1170,"height":603,"url":"https:\/\/velipost.com\/wp-content\/uploads\/2025\/10\/Journee-internationale-de-la-fille.jpg","type":"image\/jpeg"}],"author":"VeliPost","twitter_card":"summary_large_image","twitter_creator":"@veliposthaiti","twitter_site":"@veliposthaiti","twitter_misc":{"\u00c9crit par":"VeliPost","Dur\u00e9e de lecture estim\u00e9e":"1 minute"},"schema":{"@context":"https:\/\/schema.org","@graph":[{"@type":"Article","@id":"https:\/\/velipost.com\/?p=4492#article","isPartOf":{"@id":"https:\/\/velipost.com\/?p=4492"},"author":{"name":"VeliPost","@id":"https:\/\/velipost.com\/#\/schema\/person\/32ff49a53c9c1bb24302ee8ece058096"},"headline":"Journ\u00e9e internationale de la fille : Plan Ha\u00efti tire la sonnette d\u2019alarme sur les unions pr\u00e9coces","datePublished":"2025-10-12T02:05:52+00:00","dateModified":"2025-10-12T02:05:54+00:00","mainEntityOfPage":{"@id":"https:\/\/velipost.com\/?p=4492"},"wordCount":237,"commentCount":0,"publisher":{"@id":"https:\/\/velipost.com\/#organization"},"image":{"@id":"https:\/\/velipost.com\/?p=4492#primaryimage"},"thumbnailUrl":"https:\/\/velipost.com\/wp-content\/uploads\/2025\/10\/Journee-internationale-de-la-fille.jpg","articleSection":["A la Une"],"inLanguage":"fr-FR","potentialAction":[{"@type":"CommentAction","name":"Comment","target":["https:\/\/velipost.com\/?p=4492#respond"]}]},{"@type":"WebPage","@id":"https:\/\/velipost.com\/?p=4492","url":"https:\/\/velipost.com\/?p=4492","name":"Journ\u00e9e internationale de la fille : Plan Ha\u00efti tire la sonnette d\u2019alarme sur les unions pr\u00e9coces &#8211; VeliPost","isPartOf":{"@id":"https:\/\/velipost.com\/#website"},"primaryImageOfPage":{"@id":"https:\/\/velipost.com\/?p=4492#primaryimage"},"image":{"@id":"https:\/\/velipost.com\/?p=4492#primaryimage"},"thumbnailUrl":"https:\/\/velipost.com\/wp-content\/uploads\/2025\/10\/Journee-internationale-de-la-fille.jpg","datePublished":"2025-10-12T02:05:52+00:00","dateModified":"2025-10-12T02:05:54+00:00","breadcrumb":{"@id":"https:\/\/velipost.com\/?p=4492#breadcrumb"},"inLanguage":"fr-FR","potentialAction":[{"@type":"ReadAction","target":["https:\/\/velipost.com\/?p=4492"]}]},{"@type":"ImageObject","inLanguage":"fr-FR","@id":"https:\/\/velipost.com\/?p=4492#primaryimage","url":"https:\/\/velipost.com\/wp-content\/uploads\/2025\/10\/Journee-internationale-de-la-fille.jpg","contentUrl":"https:\/\/velipost.com\/wp-content\/uploads\/2025\/10\/Journee-internationale-de-la-fille.jpg","width":1170,"height":603},{"@type":"BreadcrumbList","@id":"https:\/\/velipost.com\/?p=4492#breadcrumb","itemListElement":[{"@type":"ListItem","position":1,"name":"Accueil","item":"https:\/\/velipost.com\/"},{"@type":"ListItem","position":2,"name":"Journ\u00e9e internationale de la fille : Plan Ha\u00efti tire la sonnette d\u2019alarme sur les unions pr\u00e9coces"}]},{"@type":"WebSite","@id":"https:\/\/velipost.com\/#website","url":"https:\/\/velipost.com\/","name":"VeliPost","description":"L\u2019info en un clic","publisher":{"@id":"https:\/\/velipost.com\/#organization"},"potentialAction":[{"@type":"SearchAction","target":{"@type":"EntryPoint","urlTemplate":"https:\/\/velipost.com\/?s={search_term_string}"},"query-input":{"@type":"PropertyValueSpecification","valueRequired":true,"valueName":"search_term_string"}}],"inLanguage":"fr-FR"},{"@type":"Organization","@id":"https:\/\/velipost.com\/#organization","name":"VeliPost","url":"https:\/\/velipost.com\/","logo":{"@type":"ImageObject","inLanguage":"fr-FR","@id":"https:\/\/velipost.com\/#\/schema\/logo\/image\/","url":"https:\/\/velipost.com\/wp-content\/uploads\/2024\/08\/cropped-VP-logo-piti.png","contentUrl":"https:\/\/velipost.com\/wp-content\/uploads\/2024\/08\/cropped-VP-logo-piti.png","width":201,"height":69,"caption":"VeliPost"},"image":{"@id":"https:\/\/velipost.com\/#\/schema\/logo\/image\/"},"sameAs":["https:\/\/www.facebook.com\/veliposthaiti","https:\/\/x.com\/veliposthaiti","https:\/\/www.instagram.com\/veliposthaiti"]},{"@type":"Person","@id":"https:\/\/velipost.com\/#\/schema\/person\/32ff49a53c9c1bb24302ee8ece058096","name":"VeliPost","image":{"@type":"ImageObject","inLanguage":"fr-FR","@id":"https:\/\/velipost.com\/#\/schema\/person\/image\/","url":"https:\/\/secure.gravatar.com\/avatar\/57c226c264de62f794185a89596d4a37b85a5ad20aca30d9d5a478b27d8c8d9d?s=96&d=mm&r=g","contentUrl":"https:\/\/secure.gravatar.com\/avatar\/57c226c264de62f794185a89596d4a37b85a5ad20aca30d9d5a478b27d8c8d9d?s=96&d=mm&r=g","caption":"VeliPost"},"sameAs":["https:\/\/velipost.com"],"url":"https:\/\/velipost.com\/?author=1"}]}},"views":0,"jetpack_publicize_connections":[],"uagb_featured_image_src":{"full":["https:\/\/velipost.com\/wp-content\/uploads\/2025\/10\/Journee-internationale-de-la-fille.jpg",1170,603,false],"thumbnail":["https:\/\/velipost.com\/wp-content\/uploads\/2025\/10\/Journee-internationale-de-la-fille-150x150.jpg",150,150,true],"medium":["https:\/\/velipost.com\/wp-content\/uploads\/2025\/10\/Journee-internationale-de-la-fille-300x155.jpg",300,155,true],"medium_large":["https:\/\/velipost.com\/wp-content\/uploads\/2025\/10\/Journee-internationale-de-la-fille-768x396.jpg",715,369,true],"large":["https:\/\/velipost.com\/wp-content\/uploads\/2025\/10\/Journee-internationale-de-la-fille-1024x528.jpg",715,369,true],"1536x1536":["https:\/\/velipost.com\/wp-content\/uploads\/2025\/10\/Journee-internationale-de-la-fille.jpg",1170,603,false],"2048x2048":["https:\/\/velipost.com\/wp-content\/uploads\/2025\/10\/Journee-internationale-de-la-fille.jpg",1170,603,false],"colornews-big-slider":["https:\/\/velipost.com\/wp-content\/uploads\/2025\/10\/Journee-internationale-de-la-fille-1070x470.jpg",1070,470,true],"colornews-big-slider-thumb":["https:\/\/velipost.com\/wp-content\/uploads\/2025\/10\/Journee-internationale-de-la-fille-184x109.jpg",184,109,true],"colornews-featured-post-medium":["https:\/\/velipost.com\/wp-content\/uploads\/2025\/10\/Journee-internationale-de-la-fille-345x265.jpg",345,265,true],"colornews-featured-post-small":["https:\/\/velipost.com\/wp-content\/uploads\/2025\/10\/Journee-internationale-de-la-fille-115x73.jpg",115,73,true],"colornews-random-posts":["https:\/\/velipost.com\/wp-content\/uploads\/2025\/10\/Journee-internationale-de-la-fille-215x215.jpg",215,215,true],"colornews-featured-image":["https:\/\/velipost.com\/wp-content\/uploads\/2025\/10\/Journee-internationale-de-la-fille-715x400.jpg",715,400,true],"mailpoet_newsletter_max":["https:\/\/velipost.com\/wp-content\/uploads\/2025\/10\/Journee-internationale-de-la-fille.jpg",1170,603,false]},"uagb_author_info":{"display_name":"VeliPost","author_link":"https:\/\/velipost.com\/?author=1"},"uagb_comment_info":0,"uagb_excerpt":"\u00c0 l\u2019occasion de la\u00a0Journ\u00e9e internationale de la fille, c\u00e9l\u00e9br\u00e9e le 11 octobre,\u00a0Plan International Ha\u00efti\u00a0appelle \u00e0 une mobilisation nationale pour mettre fin aux\u00a0mariages forc\u00e9s\u00a0et prot\u00e9ger","_links":{"self":[{"href":"https:\/\/velipost.com\/index.php?rest_route=\/wp\/v2\/posts\/4492","targetHints":{"allow":["GET"]}}],"collection":[{"href":"https:\/\/velipost.com\/index.php?rest_route=\/wp\/v2\/posts"}],"about":[{"href":"https:\/\/velipost.com\/index.php?rest_route=\/wp\/v2\/types\/post"}],"author":[{"embeddable":true,"href":"https:\/\/velipost.com\/index.php?rest_route=\/wp\/v2\/users\/1"}],"replies":[{"embeddable":true,"href":"https:\/\/velipost.com\/index.php?rest_route=%2Fwp%2Fv2%2Fcomments&post=4492"}],"version-history":[{"count":1,"href":"https:\/\/velipost.com\/index.php?rest_route=\/wp\/v2\/posts\/4492\/revisions"}],"predecessor-version":[{"id":4494,"href":"https:\/\/velipost.com\/index.php?rest_route=\/wp\/v2\/posts\/4492\/revisions\/4494"}],"wp:featuredmedia":[{"embeddable":true,"href":"https:\/\/velipost.com\/index.php?rest_route=\/wp\/v2\/media\/4493"}],"wp:attachment":[{"href":"https:\/\/velipost.com\/index.php?rest_route=%2Fwp%2Fv2%2Fmedia&parent=4492"}],"wp:term":[{"taxonomy":"category","embeddable":true,"href":"https:\/\/velipost.com\/index.php?rest_route=%2Fwp%2Fv2%2Fcategories&post=4492"},{"taxonomy":"post_tag","embeddable":true,"href":"https:\/\/velipost.com\/index.php?rest_route=%2Fwp%2Fv2%2Ftags&post=4492"}],"curies":[{"name":"wp","href":"https:\/\/api.w.org\/{rel}","templated":true}]}}