{"id":4488,"date":"2025-10-12T00:06:56","date_gmt":"2025-10-11T22:06:56","guid":{"rendered":"https:\/\/velipost.com\/?p=4488"},"modified":"2025-10-12T00:06:58","modified_gmt":"2025-10-11T22:06:58","slug":"haiti-mise-a-lhonneur-a-lexposition-universelle-dosaka-2025","status":"publish","type":"post","link":"https:\/\/velipost.com\/?p=4488","title":{"rendered":"Ha\u00efti mise \u00e0 l\u2019honneur \u00e0 l\u2019Exposition universelle d\u2019Osaka 2025"},"content":{"rendered":"\n<p>Sous un ciel limpide, les couleurs d\u2019Ha\u00efti ont illumin\u00e9 la ville d\u2019Osaka ce samedi 11 octobre, lors de la Journ\u00e9e nationale consacr\u00e9e \u00e0 la R\u00e9publique d\u2019Ha\u00efti \u00e0 l\u2019Exposition universelle Osaka-Kansai 2025. Une c\u00e9l\u00e9bration vibrante de la culture et de la cr\u00e9ativit\u00e9 ha\u00eftiennes, salu\u00e9e avec enthousiasme par le public japonais et international.<\/p>\n\n\n\n<p>La c\u00e9r\u00e9monie officielle s\u2019est d\u00e9roul\u00e9e en pr\u00e9sence de plusieurs personnalit\u00e9s ha\u00eftiennes et \u00e9trang\u00e8res, dont le Pr\u00e9sident du Conseil pr\u00e9sidentiel de transition, Laurent St-Cyr, le Premier ministre Alix Didier Fils-Aim\u00e9, le Ministre du Tourisme John Herrick Dessources, ainsi que l\u2019ambassadeur d\u2019Ha\u00efti au Japon, Louis Harold Joseph. Le Commissaire g\u00e9n\u00e9ral d\u2019Ha\u00efti pour l\u2019exposition, Jean-Marie Th\u00e9odat, et le Directeur du Pavillon ha\u00eftien, Muscadin Jean-Yves Jason, ont \u00e9galement pris part \u00e0 cet \u00e9v\u00e9nement symbolique.<\/p>\n\n\n\n<p>Au c\u0153ur des festivit\u00e9s, la culture ha\u00eftienne a tenu la premi\u00e8re place. Le groupe ASAKIVLE a enflamm\u00e9 la sc\u00e8ne du National Day Hall avec une performance alliant rythmes traditionnels et sonorit\u00e9s modernes, pr\u00e9c\u00e9d\u00e9e d\u2019une d\u00e9clamation po\u00e9tique sign\u00e9e Marie Lyndsay Jason et Gina Th\u00e9odat. Le rara, musique embl\u00e9matique des rues ha\u00eftiennes, a ensuite fait vibrer la foule gr\u00e2ce aux percussions de Ti Tanbou et aux mix entra\u00eenants de DJ Manito. Entre chants, tambours et danses, Ha\u00efti a conquis le public par son \u00e9nergie contagieuse et son authenticit\u00e9.<\/p>\n\n\n\n<p>Le Premier ministre Alix Didier Fils-Aim\u00e9 a salu\u00e9 cet \u00e9lan culturel comme \u00ab un symbole fort d\u2019un nouveau r\u00e9cit national \u00bb, soulignant qu\u2019Ha\u00efti \u00ab continue d\u2019affirmer sa place dans le monde, comme un pays d\u2019inspiration, d\u2019innovation et de grande culture \u00bb.<\/p>\n\n\n\n<p>Depuis son ouverture en avril 2025, le pavillon ha\u00eftien, intitul\u00e9 \u00ab Ha\u00efti en sept lieus \u00bb, a d\u00e9j\u00e0 accueilli plus de 400 000 visiteurs. V\u00e9ritable voyage sensoriel, il met en lumi\u00e8re la richesse du patrimoine ha\u00eftien, la cr\u00e9ativit\u00e9 de sa jeunesse et la r\u00e9silience de son peuple.<\/p>\n\n\n\n<p>Plac\u00e9e sous le th\u00e8me g\u00e9n\u00e9ral \u00ab Concevoir la soci\u00e9t\u00e9 du futur pour nos vies \u00bb, la participation d\u2019Ha\u00efti d\u00e9passe la simple dimension artistique. Elle traduit la volont\u00e9 d\u2019un peuple de se projeter vers l\u2019avenir avec fiert\u00e9, solidarit\u00e9 et espoir.<\/p>\n\n\n\n<p>\u00c0 Osaka, les rires et les applaudissements ont r\u00e9sonn\u00e9 longtemps apr\u00e8s les derni\u00e8res notes de tambour. En ce jour de f\u00eate, le Japon a c\u00e9l\u00e9br\u00e9 Ha\u00efti comme une terre de lumi\u00e8re, une nation qui, \u00e0 travers l\u2019art et la culture, fait rayonner la beaut\u00e9 de la r\u00e9silience.<\/p>\n\n\n\n<figure class=\"wp-block-image size-large\"><a href=\"https:\/\/velipost.com\/wp-content\/uploads\/2025\/10\/Haiti-illumine-Osaka.jpg\"><img fetchpriority=\"high\" decoding=\"async\" width=\"1024\" height=\"528\" src=\"https:\/\/velipost.com\/wp-content\/uploads\/2025\/10\/Haiti-illumine-Osaka-1024x528.jpg\" alt=\"\" class=\"wp-image-4490\" srcset=\"https:\/\/velipost.com\/wp-content\/uploads\/2025\/10\/Haiti-illumine-Osaka-1024x528.jpg 1024w, https:\/\/velipost.com\/wp-content\/uploads\/2025\/10\/Haiti-illumine-Osaka-300x155.jpg 300w, https:\/\/velipost.com\/wp-content\/uploads\/2025\/10\/Haiti-illumine-Osaka-768x396.jpg 768w, https:\/\/velipost.com\/wp-content\/uploads\/2025\/10\/Haiti-illumine-Osaka.jpg 1170w\" sizes=\"(max-width: 1024px) 100vw, 1024px\" \/><\/a><\/figure>\n\n    <div class=\"xs_social_share_widget xs_share_url after_content \t\tmain_content  wslu-style-3 wslu-share-box-shaped wslu-fill-brand-hover-colored wslu-share-m-5 wslu-none wslu-share-horizontal wslu-theme-font-no wslu-main_content\">\n\n\t\t\n        <ul>\n\t\t\t                    <li class=\"xs-share-li twitter                        wslu-no-extra-data\">\n                        <a href=\"javascript:void(0);\"\n                           id=\"xs_feed_twitter\"\n                           onclick=\"xs_social_sharer(this);\"\n                           data-pid=\"4488\"\n                           data-uri_hash=\"8ae59631cfcd50b5a3e2f36cc3c2d396\"\n                           data-key=\"twitter\"\n                           data-xs-href=\"https:\/\/twitter.com\/intent\/tweet?text=Ha%C3%AFti+mise+%C3%A0+l%E2%80%99honneur+%C3%A0+l%E2%80%99Exposition+universelle+d%E2%80%99Osaka+2025+https%3A%2F%2Fvelipost.com%2Findex.php%3Frest_route%3D%252Fwp%252Fv2%252Fposts%252F4488&amp;original_referer=https%3A%2F%2Fvelipost.com%2Findex.php%3Frest_route%3D%252Fwp%252Fv2%252Fposts%252F4488&amp;related=xpeedstudio\">\n\n                            <div class=\"xs-social-icon\">\n                                <span class=\"met-social met-social-twitter\"><\/span>\n                            <\/div>\n\n\t\t\t\t\t\t\t\n                            <div class=\"wslu-hover-content\">\n                                <div class=\"xs-social-followers\">\n\t\t\t\t\t\t\t\t\t10                                <\/div>\n                                <div class=\"xs-social-follower-text\">\n\t\t\t\t\t\t\t\t\tShare                                <\/div>\n                                <div class=\"xs-social-follower-label\">\n\t\t\t\t\t\t\t\t\tTwitter                                <\/div>\n                            <\/div>\n                        <\/a>\n                    <\/li>\n\t\t\t\t\t                    <li class=\"xs-share-li telegram                        wslu-no-extra-data\">\n                        <a href=\"javascript:void(0);\"\n                           id=\"xs_feed_telegram\"\n                           onclick=\"xs_social_sharer(this);\"\n                           data-pid=\"4488\"\n                           data-uri_hash=\"8ae59631cfcd50b5a3e2f36cc3c2d396\"\n                           data-key=\"telegram\"\n                           data-xs-href=\"https:\/\/telegram.me\/share\/url?url=https%3A%2F%2Fvelipost.com%2Findex.php%3Frest_route%3D%252Fwp%252Fv2%252Fposts%252F4488&amp;text=Ha%C3%AFti+mise+%C3%A0+l%E2%80%99honneur+%C3%A0+l%E2%80%99Exposition+universelle+d%E2%80%99Osaka+2025\">\n\n                            <div class=\"xs-social-icon\">\n                                <span class=\"met-social met-social-telegram\"><\/span>\n                            <\/div>\n\n\t\t\t\t\t\t\t\n                            <div class=\"wslu-hover-content\">\n                                <div class=\"xs-social-followers\">\n\t\t\t\t\t\t\t\t\t0                                <\/div>\n                                <div class=\"xs-social-follower-text\">\n\t\t\t\t\t\t\t\t\tShare                                <\/div>\n                                <div class=\"xs-social-follower-label\">\n\t\t\t\t\t\t\t\t\tTelegram                                <\/div>\n                            <\/div>\n                        <\/a>\n                    <\/li>\n\t\t\t\t\t                    <li class=\"xs-share-li email                        wslu-no-extra-data\">\n                        <a href=\"javascript:void(0);\"\n                           id=\"xs_feed_email\"\n                           onclick=\"xs_social_sharer(this);\"\n                           data-pid=\"4488\"\n                           data-uri_hash=\"8ae59631cfcd50b5a3e2f36cc3c2d396\"\n                           data-key=\"email\"\n                           data-xs-href=\"mailto:?body=Title%3A+Ha%C3%AFti+mise+%C3%A0+l%E2%80%99honneur+%C3%A0+l%E2%80%99Exposition+universelle+d%E2%80%99Osaka+2025+%5Cn%5Cn+URL%3A+https%3A%2F%2Fvelipost.com%2Findex.php%3Frest_route%3D%252Fwp%252Fv2%252Fposts%252F4488&amp;subject=Ha%C3%AFti+mise+%C3%A0+l%E2%80%99honneur+%C3%A0+l%E2%80%99Exposition+universelle+d%E2%80%99Osaka+2025\">\n\n                            <div class=\"xs-social-icon\">\n                                <span class=\"met-social met-social-email\"><\/span>\n                            <\/div>\n\n\t\t\t\t\t\t\t\n                            <div class=\"wslu-hover-content\">\n                                <div class=\"xs-social-followers\">\n\t\t\t\t\t\t\t\t\t0                                <\/div>\n                                <div class=\"xs-social-follower-text\">\n\t\t\t\t\t\t\t\t\tShare                                <\/div>\n                                <div class=\"xs-social-follower-label\">\n\t\t\t\t\t\t\t\t\tEmail                                <\/div>\n                            <\/div>\n                        <\/a>\n                    <\/li>\n\t\t\t\t\t        <\/ul>\n    <\/div> \n","protected":false},"excerpt":{"rendered":"<p>Sous un ciel limpide, les couleurs d\u2019Ha\u00efti ont illumin\u00e9 la ville d\u2019Osaka ce samedi 11 octobre, lors de la Journ\u00e9e nationale consacr\u00e9e \u00e0 la<\/p>\n","protected":false},"author":1,"featured_media":4489,"comment_status":"open","ping_status":"open","sticky":false,"template":"","format":"standard","meta":{"_uag_custom_page_level_css":"","footnotes":"","jetpack_publicize_message":"","jetpack_publicize_feature_enabled":true,"jetpack_social_post_already_shared":true,"jetpack_social_options":{"image_generator_settings":{"template":"highway","default_image_id":0,"font":"","enabled":false},"version":2}},"categories":[94],"tags":[],"class_list":["post-4488","post","type-post","status-publish","format-standard","has-post-thumbnail","hentry","category-a-la-une"],"yoast_head":"<!-- This site is optimized with the Yoast SEO plugin v25.3.1 - https:\/\/yoast.com\/wordpress\/plugins\/seo\/ -->\n<title>Ha\u00efti mise \u00e0 l\u2019honneur \u00e0 l\u2019Exposition universelle d\u2019Osaka 2025 &#8211; VeliPost<\/title>\n<meta name=\"robots\" content=\"index, follow, max-snippet:-1, max-image-preview:large, max-video-preview:-1\" \/>\n<link rel=\"canonical\" href=\"https:\/\/velipost.com\/?p=4488\" \/>\n<meta property=\"og:locale\" content=\"fr_FR\" \/>\n<meta property=\"og:type\" content=\"article\" \/>\n<meta property=\"og:title\" content=\"Ha\u00efti mise \u00e0 l\u2019honneur \u00e0 l\u2019Exposition universelle d\u2019Osaka 2025 &#8211; VeliPost\" \/>\n<meta property=\"og:description\" content=\"Sous un ciel limpide, les couleurs d\u2019Ha\u00efti ont illumin\u00e9 la ville d\u2019Osaka ce samedi 11 octobre, lors de la Journ\u00e9e nationale consacr\u00e9e \u00e0 la\" \/>\n<meta property=\"og:url\" content=\"https:\/\/velipost.com\/?p=4488\" \/>\n<meta property=\"og:site_name\" content=\"VeliPost\" \/>\n<meta property=\"article:publisher\" content=\"https:\/\/www.facebook.com\/veliposthaiti\" \/>\n<meta property=\"article:published_time\" content=\"2025-10-11T22:06:56+00:00\" \/>\n<meta property=\"article:modified_time\" content=\"2025-10-11T22:06:58+00:00\" \/>\n<meta property=\"og:image\" content=\"https:\/\/velipost.com\/wp-content\/uploads\/2025\/10\/Haiti-illumine-Osaka1.jpg\" \/>\n\t<meta property=\"og:image:width\" content=\"1170\" \/>\n\t<meta property=\"og:image:height\" content=\"603\" \/>\n\t<meta property=\"og:image:type\" content=\"image\/jpeg\" \/>\n<meta name=\"author\" content=\"VeliPost\" \/>\n<meta name=\"twitter:card\" content=\"summary_large_image\" \/>\n<meta name=\"twitter:creator\" content=\"@veliposthaiti\" \/>\n<meta name=\"twitter:site\" content=\"@veliposthaiti\" \/>\n<meta name=\"twitter:label1\" content=\"\u00c9crit par\" \/>\n\t<meta name=\"twitter:data1\" content=\"VeliPost\" \/>\n\t<meta name=\"twitter:label2\" content=\"Dur\u00e9e de lecture estim\u00e9e\" \/>\n\t<meta name=\"twitter:data2\" content=\"3 minutes\" \/>\n<script type=\"application\/ld+json\" class=\"yoast-schema-graph\">{\"@context\":\"https:\/\/schema.org\",\"@graph\":[{\"@type\":\"Article\",\"@id\":\"https:\/\/velipost.com\/?p=4488#article\",\"isPartOf\":{\"@id\":\"https:\/\/velipost.com\/?p=4488\"},\"author\":{\"name\":\"VeliPost\",\"@id\":\"https:\/\/velipost.com\/#\/schema\/person\/32ff49a53c9c1bb24302ee8ece058096\"},\"headline\":\"Ha\u00efti mise \u00e0 l\u2019honneur \u00e0 l\u2019Exposition universelle d\u2019Osaka 2025\",\"datePublished\":\"2025-10-11T22:06:56+00:00\",\"dateModified\":\"2025-10-11T22:06:58+00:00\",\"mainEntityOfPage\":{\"@id\":\"https:\/\/velipost.com\/?p=4488\"},\"wordCount\":463,\"commentCount\":0,\"publisher\":{\"@id\":\"https:\/\/velipost.com\/#organization\"},\"image\":{\"@id\":\"https:\/\/velipost.com\/?p=4488#primaryimage\"},\"thumbnailUrl\":\"https:\/\/velipost.com\/wp-content\/uploads\/2025\/10\/Haiti-illumine-Osaka1.jpg\",\"articleSection\":[\"A la Une\"],\"inLanguage\":\"fr-FR\",\"potentialAction\":[{\"@type\":\"CommentAction\",\"name\":\"Comment\",\"target\":[\"https:\/\/velipost.com\/?p=4488#respond\"]}]},{\"@type\":\"WebPage\",\"@id\":\"https:\/\/velipost.com\/?p=4488\",\"url\":\"https:\/\/velipost.com\/?p=4488\",\"name\":\"Ha\u00efti mise \u00e0 l\u2019honneur \u00e0 l\u2019Exposition universelle d\u2019Osaka 2025 &#8211; VeliPost\",\"isPartOf\":{\"@id\":\"https:\/\/velipost.com\/#website\"},\"primaryImageOfPage\":{\"@id\":\"https:\/\/velipost.com\/?p=4488#primaryimage\"},\"image\":{\"@id\":\"https:\/\/velipost.com\/?p=4488#primaryimage\"},\"thumbnailUrl\":\"https:\/\/velipost.com\/wp-content\/uploads\/2025\/10\/Haiti-illumine-Osaka1.jpg\",\"datePublished\":\"2025-10-11T22:06:56+00:00\",\"dateModified\":\"2025-10-11T22:06:58+00:00\",\"breadcrumb\":{\"@id\":\"https:\/\/velipost.com\/?p=4488#breadcrumb\"},\"inLanguage\":\"fr-FR\",\"potentialAction\":[{\"@type\":\"ReadAction\",\"target\":[\"https:\/\/velipost.com\/?p=4488\"]}]},{\"@type\":\"ImageObject\",\"inLanguage\":\"fr-FR\",\"@id\":\"https:\/\/velipost.com\/?p=4488#primaryimage\",\"url\":\"https:\/\/velipost.com\/wp-content\/uploads\/2025\/10\/Haiti-illumine-Osaka1.jpg\",\"contentUrl\":\"https:\/\/velipost.com\/wp-content\/uploads\/2025\/10\/Haiti-illumine-Osaka1.jpg\",\"width\":1170,\"height\":603},{\"@type\":\"BreadcrumbList\",\"@id\":\"https:\/\/velipost.com\/?p=4488#breadcrumb\",\"itemListElement\":[{\"@type\":\"ListItem\",\"position\":1,\"name\":\"Accueil\",\"item\":\"https:\/\/velipost.com\/\"},{\"@type\":\"ListItem\",\"position\":2,\"name\":\"Ha\u00efti mise \u00e0 l\u2019honneur \u00e0 l\u2019Exposition universelle d\u2019Osaka 2025\"}]},{\"@type\":\"WebSite\",\"@id\":\"https:\/\/velipost.com\/#website\",\"url\":\"https:\/\/velipost.com\/\",\"name\":\"VeliPost\",\"description\":\"L\u2019info en un clic\",\"publisher\":{\"@id\":\"https:\/\/velipost.com\/#organization\"},\"potentialAction\":[{\"@type\":\"SearchAction\",\"target\":{\"@type\":\"EntryPoint\",\"urlTemplate\":\"https:\/\/velipost.com\/?s={search_term_string}\"},\"query-input\":{\"@type\":\"PropertyValueSpecification\",\"valueRequired\":true,\"valueName\":\"search_term_string\"}}],\"inLanguage\":\"fr-FR\"},{\"@type\":\"Organization\",\"@id\":\"https:\/\/velipost.com\/#organization\",\"name\":\"VeliPost\",\"url\":\"https:\/\/velipost.com\/\",\"logo\":{\"@type\":\"ImageObject\",\"inLanguage\":\"fr-FR\",\"@id\":\"https:\/\/velipost.com\/#\/schema\/logo\/image\/\",\"url\":\"https:\/\/velipost.com\/wp-content\/uploads\/2024\/08\/cropped-VP-logo-piti.png\",\"contentUrl\":\"https:\/\/velipost.com\/wp-content\/uploads\/2024\/08\/cropped-VP-logo-piti.png\",\"width\":201,\"height\":69,\"caption\":\"VeliPost\"},\"image\":{\"@id\":\"https:\/\/velipost.com\/#\/schema\/logo\/image\/\"},\"sameAs\":[\"https:\/\/www.facebook.com\/veliposthaiti\",\"https:\/\/x.com\/veliposthaiti\",\"https:\/\/www.instagram.com\/veliposthaiti\"]},{\"@type\":\"Person\",\"@id\":\"https:\/\/velipost.com\/#\/schema\/person\/32ff49a53c9c1bb24302ee8ece058096\",\"name\":\"VeliPost\",\"image\":{\"@type\":\"ImageObject\",\"inLanguage\":\"fr-FR\",\"@id\":\"https:\/\/velipost.com\/#\/schema\/person\/image\/\",\"url\":\"https:\/\/secure.gravatar.com\/avatar\/57c226c264de62f794185a89596d4a37b85a5ad20aca30d9d5a478b27d8c8d9d?s=96&d=mm&r=g\",\"contentUrl\":\"https:\/\/secure.gravatar.com\/avatar\/57c226c264de62f794185a89596d4a37b85a5ad20aca30d9d5a478b27d8c8d9d?s=96&d=mm&r=g\",\"caption\":\"VeliPost\"},\"sameAs\":[\"https:\/\/velipost.com\"],\"url\":\"https:\/\/velipost.com\/?author=1\"}]}<\/script>\n<!-- \/ Yoast SEO plugin. -->","yoast_head_json":{"title":"Ha\u00efti mise \u00e0 l\u2019honneur \u00e0 l\u2019Exposition universelle d\u2019Osaka 2025 &#8211; VeliPost","robots":{"index":"index","follow":"follow","max-snippet":"max-snippet:-1","max-image-preview":"max-image-preview:large","max-video-preview":"max-video-preview:-1"},"canonical":"https:\/\/velipost.com\/?p=4488","og_locale":"fr_FR","og_type":"article","og_title":"Ha\u00efti mise \u00e0 l\u2019honneur \u00e0 l\u2019Exposition universelle d\u2019Osaka 2025 &#8211; VeliPost","og_description":"Sous un ciel limpide, les couleurs d\u2019Ha\u00efti ont illumin\u00e9 la ville d\u2019Osaka ce samedi 11 octobre, lors de la Journ\u00e9e nationale consacr\u00e9e \u00e0 la","og_url":"https:\/\/velipost.com\/?p=4488","og_site_name":"VeliPost","article_publisher":"https:\/\/www.facebook.com\/veliposthaiti","article_published_time":"2025-10-11T22:06:56+00:00","article_modified_time":"2025-10-11T22:06:58+00:00","og_image":[{"width":1170,"height":603,"url":"https:\/\/velipost.com\/wp-content\/uploads\/2025\/10\/Haiti-illumine-Osaka1.jpg","type":"image\/jpeg"}],"author":"VeliPost","twitter_card":"summary_large_image","twitter_creator":"@veliposthaiti","twitter_site":"@veliposthaiti","twitter_misc":{"\u00c9crit par":"VeliPost","Dur\u00e9e de lecture estim\u00e9e":"3 minutes"},"schema":{"@context":"https:\/\/schema.org","@graph":[{"@type":"Article","@id":"https:\/\/velipost.com\/?p=4488#article","isPartOf":{"@id":"https:\/\/velipost.com\/?p=4488"},"author":{"name":"VeliPost","@id":"https:\/\/velipost.com\/#\/schema\/person\/32ff49a53c9c1bb24302ee8ece058096"},"headline":"Ha\u00efti mise \u00e0 l\u2019honneur \u00e0 l\u2019Exposition universelle d\u2019Osaka 2025","datePublished":"2025-10-11T22:06:56+00:00","dateModified":"2025-10-11T22:06:58+00:00","mainEntityOfPage":{"@id":"https:\/\/velipost.com\/?p=4488"},"wordCount":463,"commentCount":0,"publisher":{"@id":"https:\/\/velipost.com\/#organization"},"image":{"@id":"https:\/\/velipost.com\/?p=4488#primaryimage"},"thumbnailUrl":"https:\/\/velipost.com\/wp-content\/uploads\/2025\/10\/Haiti-illumine-Osaka1.jpg","articleSection":["A la Une"],"inLanguage":"fr-FR","potentialAction":[{"@type":"CommentAction","name":"Comment","target":["https:\/\/velipost.com\/?p=4488#respond"]}]},{"@type":"WebPage","@id":"https:\/\/velipost.com\/?p=4488","url":"https:\/\/velipost.com\/?p=4488","name":"Ha\u00efti mise \u00e0 l\u2019honneur \u00e0 l\u2019Exposition universelle d\u2019Osaka 2025 &#8211; VeliPost","isPartOf":{"@id":"https:\/\/velipost.com\/#website"},"primaryImageOfPage":{"@id":"https:\/\/velipost.com\/?p=4488#primaryimage"},"image":{"@id":"https:\/\/velipost.com\/?p=4488#primaryimage"},"thumbnailUrl":"https:\/\/velipost.com\/wp-content\/uploads\/2025\/10\/Haiti-illumine-Osaka1.jpg","datePublished":"2025-10-11T22:06:56+00:00","dateModified":"2025-10-11T22:06:58+00:00","breadcrumb":{"@id":"https:\/\/velipost.com\/?p=4488#breadcrumb"},"inLanguage":"fr-FR","potentialAction":[{"@type":"ReadAction","target":["https:\/\/velipost.com\/?p=4488"]}]},{"@type":"ImageObject","inLanguage":"fr-FR","@id":"https:\/\/velipost.com\/?p=4488#primaryimage","url":"https:\/\/velipost.com\/wp-content\/uploads\/2025\/10\/Haiti-illumine-Osaka1.jpg","contentUrl":"https:\/\/velipost.com\/wp-content\/uploads\/2025\/10\/Haiti-illumine-Osaka1.jpg","width":1170,"height":603},{"@type":"BreadcrumbList","@id":"https:\/\/velipost.com\/?p=4488#breadcrumb","itemListElement":[{"@type":"ListItem","position":1,"name":"Accueil","item":"https:\/\/velipost.com\/"},{"@type":"ListItem","position":2,"name":"Ha\u00efti mise \u00e0 l\u2019honneur \u00e0 l\u2019Exposition universelle d\u2019Osaka 2025"}]},{"@type":"WebSite","@id":"https:\/\/velipost.com\/#website","url":"https:\/\/velipost.com\/","name":"VeliPost","description":"L\u2019info en un clic","publisher":{"@id":"https:\/\/velipost.com\/#organization"},"potentialAction":[{"@type":"SearchAction","target":{"@type":"EntryPoint","urlTemplate":"https:\/\/velipost.com\/?s={search_term_string}"},"query-input":{"@type":"PropertyValueSpecification","valueRequired":true,"valueName":"search_term_string"}}],"inLanguage":"fr-FR"},{"@type":"Organization","@id":"https:\/\/velipost.com\/#organization","name":"VeliPost","url":"https:\/\/velipost.com\/","logo":{"@type":"ImageObject","inLanguage":"fr-FR","@id":"https:\/\/velipost.com\/#\/schema\/logo\/image\/","url":"https:\/\/velipost.com\/wp-content\/uploads\/2024\/08\/cropped-VP-logo-piti.png","contentUrl":"https:\/\/velipost.com\/wp-content\/uploads\/2024\/08\/cropped-VP-logo-piti.png","width":201,"height":69,"caption":"VeliPost"},"image":{"@id":"https:\/\/velipost.com\/#\/schema\/logo\/image\/"},"sameAs":["https:\/\/www.facebook.com\/veliposthaiti","https:\/\/x.com\/veliposthaiti","https:\/\/www.instagram.com\/veliposthaiti"]},{"@type":"Person","@id":"https:\/\/velipost.com\/#\/schema\/person\/32ff49a53c9c1bb24302ee8ece058096","name":"VeliPost","image":{"@type":"ImageObject","inLanguage":"fr-FR","@id":"https:\/\/velipost.com\/#\/schema\/person\/image\/","url":"https:\/\/secure.gravatar.com\/avatar\/57c226c264de62f794185a89596d4a37b85a5ad20aca30d9d5a478b27d8c8d9d?s=96&d=mm&r=g","contentUrl":"https:\/\/secure.gravatar.com\/avatar\/57c226c264de62f794185a89596d4a37b85a5ad20aca30d9d5a478b27d8c8d9d?s=96&d=mm&r=g","caption":"VeliPost"},"sameAs":["https:\/\/velipost.com"],"url":"https:\/\/velipost.com\/?author=1"}]}},"views":0,"jetpack_publicize_connections":[],"uagb_featured_image_src":{"full":["https:\/\/velipost.com\/wp-content\/uploads\/2025\/10\/Haiti-illumine-Osaka1.jpg",1170,603,false],"thumbnail":["https:\/\/velipost.com\/wp-content\/uploads\/2025\/10\/Haiti-illumine-Osaka1-150x150.jpg",150,150,true],"medium":["https:\/\/velipost.com\/wp-content\/uploads\/2025\/10\/Haiti-illumine-Osaka1-300x155.jpg",300,155,true],"medium_large":["https:\/\/velipost.com\/wp-content\/uploads\/2025\/10\/Haiti-illumine-Osaka1-768x396.jpg",715,369,true],"large":["https:\/\/velipost.com\/wp-content\/uploads\/2025\/10\/Haiti-illumine-Osaka1-1024x528.jpg",715,369,true],"1536x1536":["https:\/\/velipost.com\/wp-content\/uploads\/2025\/10\/Haiti-illumine-Osaka1.jpg",1170,603,false],"2048x2048":["https:\/\/velipost.com\/wp-content\/uploads\/2025\/10\/Haiti-illumine-Osaka1.jpg",1170,603,false],"colornews-big-slider":["https:\/\/velipost.com\/wp-content\/uploads\/2025\/10\/Haiti-illumine-Osaka1-1070x470.jpg",1070,470,true],"colornews-big-slider-thumb":["https:\/\/velipost.com\/wp-content\/uploads\/2025\/10\/Haiti-illumine-Osaka1-184x109.jpg",184,109,true],"colornews-featured-post-medium":["https:\/\/velipost.com\/wp-content\/uploads\/2025\/10\/Haiti-illumine-Osaka1-345x265.jpg",345,265,true],"colornews-featured-post-small":["https:\/\/velipost.com\/wp-content\/uploads\/2025\/10\/Haiti-illumine-Osaka1-115x73.jpg",115,73,true],"colornews-random-posts":["https:\/\/velipost.com\/wp-content\/uploads\/2025\/10\/Haiti-illumine-Osaka1-215x215.jpg",215,215,true],"colornews-featured-image":["https:\/\/velipost.com\/wp-content\/uploads\/2025\/10\/Haiti-illumine-Osaka1-715x400.jpg",715,400,true],"mailpoet_newsletter_max":["https:\/\/velipost.com\/wp-content\/uploads\/2025\/10\/Haiti-illumine-Osaka1.jpg",1170,603,false]},"uagb_author_info":{"display_name":"VeliPost","author_link":"https:\/\/velipost.com\/?author=1"},"uagb_comment_info":0,"uagb_excerpt":"Sous un ciel limpide, les couleurs d\u2019Ha\u00efti ont illumin\u00e9 la ville d\u2019Osaka ce samedi 11 octobre, lors de la Journ\u00e9e nationale consacr\u00e9e \u00e0 la","_links":{"self":[{"href":"https:\/\/velipost.com\/index.php?rest_route=\/wp\/v2\/posts\/4488","targetHints":{"allow":["GET"]}}],"collection":[{"href":"https:\/\/velipost.com\/index.php?rest_route=\/wp\/v2\/posts"}],"about":[{"href":"https:\/\/velipost.com\/index.php?rest_route=\/wp\/v2\/types\/post"}],"author":[{"embeddable":true,"href":"https:\/\/velipost.com\/index.php?rest_route=\/wp\/v2\/users\/1"}],"replies":[{"embeddable":true,"href":"https:\/\/velipost.com\/index.php?rest_route=%2Fwp%2Fv2%2Fcomments&post=4488"}],"version-history":[{"count":1,"href":"https:\/\/velipost.com\/index.php?rest_route=\/wp\/v2\/posts\/4488\/revisions"}],"predecessor-version":[{"id":4491,"href":"https:\/\/velipost.com\/index.php?rest_route=\/wp\/v2\/posts\/4488\/revisions\/4491"}],"wp:featuredmedia":[{"embeddable":true,"href":"https:\/\/velipost.com\/index.php?rest_route=\/wp\/v2\/media\/4489"}],"wp:attachment":[{"href":"https:\/\/velipost.com\/index.php?rest_route=%2Fwp%2Fv2%2Fmedia&parent=4488"}],"wp:term":[{"taxonomy":"category","embeddable":true,"href":"https:\/\/velipost.com\/index.php?rest_route=%2Fwp%2Fv2%2Fcategories&post=4488"},{"taxonomy":"post_tag","embeddable":true,"href":"https:\/\/velipost.com\/index.php?rest_route=%2Fwp%2Fv2%2Ftags&post=4488"}],"curies":[{"name":"wp","href":"https:\/\/api.w.org\/{rel}","templated":true}]}}