{"id":4484,"date":"2025-10-11T08:00:00","date_gmt":"2025-10-11T06:00:00","guid":{"rendered":"https:\/\/velipost.com\/?p=4484"},"modified":"2025-10-11T03:23:17","modified_gmt":"2025-10-11T01:23:17","slug":"mgr-jean-alix-verrier-un-an-deja-dans-le-diocese-du-ciel","status":"publish","type":"post","link":"https:\/\/velipost.com\/?p=4484","title":{"rendered":"Mgr Jean Alix Verrier \u2014 Un an d\u00e9j\u00e0 dans le dioc\u00e8se du Ciel"},"content":{"rendered":"\n<p><strong>Hommage \u00e0 un P\u00e8re spirituel, pasteur et ami fid\u00e8le<\/strong><\/p>\n\n\n\n<p>Le 11 octobre 2024, l\u2019Institut des Filles Missionnaires de la Providence, connu sous le nom de l\u2019Institut Samaritana FSMP, a perdu un guide terrestre, mais le Ciel a accueilli un saint pr\u00eatre, un b\u00e2tisseur d\u2019\u00e2mes, un ami fid\u00e8le : Mgr Jean Alix Verrier.<\/p>\n\n\n\n<p>Aujourd\u2019hui, un an apr\u00e8s son d\u00e9part, nous faisons m\u00e9moire de lui avec une profonde tendresse, une gratitude infinie et une douleur encore vive. Car s\u2019il est pass\u00e9 de ce monde au P\u00e8re, il est toujours vivant au c\u0153ur de notre Institut, dans chaque pri\u00e8re, chaque silence, chaque mission et surtout, dans le c\u0153ur de Madre Bethie, son enfant spirituelle, sa fille de c\u0153ur.<\/p>\n\n\n\n<p><strong>Un Pasteur selon le C\u0153ur de Dieu<\/strong><\/p>\n\n\n\n<p>Fondateur inspir\u00e9 de l\u2019Institut Samaritana, Mgr Jean Alix Verrier \u00e9tait plus qu\u2019un fondateur : il \u00e9tait un p\u00e8re spirituel, un guide, un ami s\u00fbr, un roc. Sa vie \u00e9tait marqu\u00e9e par la pri\u00e8re, la sagesse, l\u2019humilit\u00e9 et une compassion sans mesure. Il savait \u00e9couter, il savait consoler, il savait corriger avec amour.<\/p>\n\n\n\n<p>Il a reconnu en Madre Bethie l\u2019appel de Dieu, et c\u2019est avec confiance qu\u2019il l\u2019a soutenue, form\u00e9e, port\u00e9e et prot\u00e9g\u00e9e. Il fut son mentor, son ange gardien, son confident, son P\u00e8re. Il a vu na\u00eetre et grandir l\u2019Institut, non pas comme un simple projet humain, mais comme une \u0153uvre divine, confi\u00e9e \u00e0 des c\u0153urs disponibles.<\/p>\n\n\n\n<p><strong>Un lien que la mort n\u2019a pas bris\u00e9<\/strong><\/p>\n\n\n\n<p>Depuis ce 11 octobre 2024, Madre Bethie n\u2019arrive pas \u00e0 accepter son d\u00e9part. Le vide qu\u2019il a laiss\u00e9 est profond, personnel, silencieux. Mais en v\u00e9rit\u00e9, il n\u2019est pas absent. Il est dans le regard de chaque Samaritana, dans les fondations de l\u2019Institut, dans chaque mission, dans chaque silence partag\u00e9 avec Dieu.<\/p>\n\n\n\n<p>Oui, Mgr Jean Alix Verrier vit toujours parmi nous. Il interc\u00e8de, il veille, il prot\u00e8ge, comme il l\u2019a toujours fait. Nous croyons fermement qu\u2019il est pass\u00e9 du minist\u00e8re terrestre au dioc\u00e8se \u00e9ternel du Ciel, o\u00f9 il continue de prier pour chacune des Filles Missionnaires de la Providence.<\/p>\n\n\n\n<p><strong>La m\u00e9moire vivante d\u2019un saint pr\u00eatre<\/strong><\/p>\n\n\n\n<p>Chaque jour, nous faisons m\u00e9moire de Lui, non pas pour pleurer son absence, mais pour honorer sa pr\u00e9sence invisible. Son nom est grav\u00e9 dans notre pri\u00e8re quotidienne, dans la liturgie, dans nos c\u0153urs.<\/p>\n\n\n\n<p>\u201cLe souvenir du juste est en b\u00e9n\u00e9diction.\u201d \u2014 Proverbes 10:7<\/p>\n\n\n\n<p>Ses conseils r\u00e9sonnent encore : \u00ab Restez fid\u00e8les, restez humbles, restez vraies. \u00bb<br>Ses silences \u00e9taient priants. Ses paroles \u00e9taient semences.<br>Son regard, une b\u00e9n\u00e9diction silencieuse.<br>Sa vie : un don total \u00e0 Dieu et \u00e0 l\u2019\u00c9glise.<\/p>\n\n\n\n<p><strong>Un anniversaire de lumi\u00e8re<\/strong><\/p>\n\n\n\n<p>En ce premier anniversaire de son retour \u00e0 la Maison du P\u00e8re, nous ne pleurons pas simplement : nous rendons gr\u00e2ce. Nous c\u00e9l\u00e9brons un h\u00e9ritage spirituel vivant, une f\u00e9condit\u00e9 missionnaire, un amour fid\u00e8le entre un pasteur et son \u0153uvre.<\/p>\n\n\n\n<p>Mgr Jean Alix Verrier, votre passage parmi nous fut court \u00e0 l\u2019\u00e9chelle de l\u2019\u00e9ternit\u00e9, mais votre impact est \u00e9ternel. Vous \u00eates et resterez le Pasteur Fondateur et P\u00e8re spirituel de l\u2019Institut Samaritana, l\u2019ami fid\u00e8le de Madre Bethie, le Pasteur Fondateur du c\u0153ur, le pasteur de l\u2019\u00e2me, le protecteur d\u2019en haut.<\/p>\n\n\n\n<p><strong>Merci, Monseigneur Alix!<\/strong><\/p>\n\n\n\n<p>Un an apr\u00e8s votre d\u00e9part, nous ne disons pas \u201cadieu\u201d, mais \u201c\u00e0 bient\u00f4t\u201d.<br>Nous prions avec vous, non plus pour vous.<br>Et chaque Samaritana, chaque aspirante, chaque mission port\u00e9e par l\u2019Institut, est un fruit de votre amour pastoral.<\/p>\n\n\n\n<p>Reposez dans la paix du Christ, Monseigneur,<br>et continuez de marcher \u00e0 nos c\u00f4t\u00e9s invisiblement, mais puissamment.<\/p>\n\n\n\n<p><strong>Institut Samaritana \u2013 11 octobre 2025<br><\/strong>\u00ab Parce que les vrais p\u00e8res ne meurent jamais. \u00bb<\/p>\n\n\n\n<p><em>\u00a9\ufe0f Octobre 2025. Tous droits r\u00e9serv\u00e9s. Reproduction interdite, m\u00eame partielle, \u00e0 des fins lucratives ou de propagande sans autorisation pr\u00e9alable de l\u2019Institut des Samaritana FSMP.<\/em><\/p>\n\n\n\n<figure class=\"wp-block-image size-large\"><a href=\"https:\/\/velipost.com\/wp-content\/uploads\/2025\/10\/Mgr-Jean-Alix-Verrier2.jpg\"><img fetchpriority=\"high\" decoding=\"async\" width=\"1024\" height=\"528\" src=\"https:\/\/velipost.com\/wp-content\/uploads\/2025\/10\/Mgr-Jean-Alix-Verrier2-1024x528.jpg\" alt=\"\" class=\"wp-image-4486\" srcset=\"https:\/\/velipost.com\/wp-content\/uploads\/2025\/10\/Mgr-Jean-Alix-Verrier2-1024x528.jpg 1024w, https:\/\/velipost.com\/wp-content\/uploads\/2025\/10\/Mgr-Jean-Alix-Verrier2-300x155.jpg 300w, https:\/\/velipost.com\/wp-content\/uploads\/2025\/10\/Mgr-Jean-Alix-Verrier2-768x396.jpg 768w, https:\/\/velipost.com\/wp-content\/uploads\/2025\/10\/Mgr-Jean-Alix-Verrier2.jpg 1170w\" sizes=\"(max-width: 1024px) 100vw, 1024px\" \/><\/a><\/figure>\n\n    <div class=\"xs_social_share_widget xs_share_url after_content \t\tmain_content  wslu-style-3 wslu-share-box-shaped wslu-fill-brand-hover-colored wslu-share-m-5 wslu-none wslu-share-horizontal wslu-theme-font-no wslu-main_content\">\n\n\t\t\n        <ul>\n\t\t\t                    <li class=\"xs-share-li twitter                        wslu-no-extra-data\">\n                        <a href=\"javascript:void(0);\"\n                           id=\"xs_feed_twitter\"\n                           onclick=\"xs_social_sharer(this);\"\n                           data-pid=\"4484\"\n                           data-uri_hash=\"389a62b83d0b39ca41ac6d08cc87e13f\"\n                           data-key=\"twitter\"\n                           data-xs-href=\"https:\/\/twitter.com\/intent\/tweet?text=Mgr+Jean+Alix+Verrier+%E2%80%94+Un+an+d%C3%A9j%C3%A0+dans+le+dioc%C3%A8se+du+Ciel+https%3A%2F%2Fvelipost.com%2Findex.php%3Frest_route%3D%252Fwp%252Fv2%252Fposts%252F4484&amp;original_referer=https%3A%2F%2Fvelipost.com%2Findex.php%3Frest_route%3D%252Fwp%252Fv2%252Fposts%252F4484&amp;related=xpeedstudio\">\n\n                            <div class=\"xs-social-icon\">\n                                <span class=\"met-social met-social-twitter\"><\/span>\n                            <\/div>\n\n\t\t\t\t\t\t\t\n                            <div class=\"wslu-hover-content\">\n                                <div class=\"xs-social-followers\">\n\t\t\t\t\t\t\t\t\t10                                <\/div>\n                                <div class=\"xs-social-follower-text\">\n\t\t\t\t\t\t\t\t\tShare                                <\/div>\n                                <div class=\"xs-social-follower-label\">\n\t\t\t\t\t\t\t\t\tTwitter                                <\/div>\n                            <\/div>\n                        <\/a>\n                    <\/li>\n\t\t\t\t\t                    <li class=\"xs-share-li telegram                        wslu-no-extra-data\">\n                        <a href=\"javascript:void(0);\"\n                           id=\"xs_feed_telegram\"\n                           onclick=\"xs_social_sharer(this);\"\n                           data-pid=\"4484\"\n                           data-uri_hash=\"389a62b83d0b39ca41ac6d08cc87e13f\"\n                           data-key=\"telegram\"\n                           data-xs-href=\"https:\/\/telegram.me\/share\/url?url=https%3A%2F%2Fvelipost.com%2Findex.php%3Frest_route%3D%252Fwp%252Fv2%252Fposts%252F4484&amp;text=Mgr+Jean+Alix+Verrier+%E2%80%94+Un+an+d%C3%A9j%C3%A0+dans+le+dioc%C3%A8se+du+Ciel\">\n\n                            <div class=\"xs-social-icon\">\n                                <span class=\"met-social met-social-telegram\"><\/span>\n                            <\/div>\n\n\t\t\t\t\t\t\t\n                            <div class=\"wslu-hover-content\">\n                                <div class=\"xs-social-followers\">\n\t\t\t\t\t\t\t\t\t0                                <\/div>\n                                <div class=\"xs-social-follower-text\">\n\t\t\t\t\t\t\t\t\tShare                                <\/div>\n                                <div class=\"xs-social-follower-label\">\n\t\t\t\t\t\t\t\t\tTelegram                                <\/div>\n                            <\/div>\n                        <\/a>\n                    <\/li>\n\t\t\t\t\t                    <li class=\"xs-share-li email                        wslu-no-extra-data\">\n                        <a href=\"javascript:void(0);\"\n                           id=\"xs_feed_email\"\n                           onclick=\"xs_social_sharer(this);\"\n                           data-pid=\"4484\"\n                           data-uri_hash=\"389a62b83d0b39ca41ac6d08cc87e13f\"\n                           data-key=\"email\"\n                           data-xs-href=\"mailto:?body=Title%3A+Mgr+Jean+Alix+Verrier+%E2%80%94+Un+an+d%C3%A9j%C3%A0+dans+le+dioc%C3%A8se+du+Ciel+%5Cn%5Cn+URL%3A+https%3A%2F%2Fvelipost.com%2Findex.php%3Frest_route%3D%252Fwp%252Fv2%252Fposts%252F4484&amp;subject=Mgr+Jean+Alix+Verrier+%E2%80%94+Un+an+d%C3%A9j%C3%A0+dans+le+dioc%C3%A8se+du+Ciel\">\n\n                            <div class=\"xs-social-icon\">\n                                <span class=\"met-social met-social-email\"><\/span>\n                            <\/div>\n\n\t\t\t\t\t\t\t\n                            <div class=\"wslu-hover-content\">\n                                <div class=\"xs-social-followers\">\n\t\t\t\t\t\t\t\t\t0                                <\/div>\n                                <div class=\"xs-social-follower-text\">\n\t\t\t\t\t\t\t\t\tShare                                <\/div>\n                                <div class=\"xs-social-follower-label\">\n\t\t\t\t\t\t\t\t\tEmail                                <\/div>\n                            <\/div>\n                        <\/a>\n                    <\/li>\n\t\t\t\t\t        <\/ul>\n    <\/div> \n","protected":false},"excerpt":{"rendered":"<p>Hommage \u00e0 un P\u00e8re spirituel, pasteur et ami fid\u00e8le Le 11 octobre 2024, l\u2019Institut des Filles Missionnaires de la Providence, connu sous le nom<\/p>\n","protected":false},"author":1,"featured_media":4485,"comment_status":"open","ping_status":"open","sticky":false,"template":"","format":"standard","meta":{"_uag_custom_page_level_css":"","footnotes":"","jetpack_publicize_message":"","jetpack_publicize_feature_enabled":true,"jetpack_social_post_already_shared":true,"jetpack_social_options":{"image_generator_settings":{"template":"highway","default_image_id":0,"font":"","enabled":false},"version":2}},"categories":[3],"tags":[],"class_list":["post-4484","post","type-post","status-publish","format-standard","has-post-thumbnail","hentry","category-societe"],"yoast_head":"<!-- This site is optimized with the Yoast SEO plugin v25.3.1 - https:\/\/yoast.com\/wordpress\/plugins\/seo\/ -->\n<title>Mgr Jean Alix Verrier \u2014 Un an d\u00e9j\u00e0 dans le dioc\u00e8se du Ciel &#8211; VeliPost<\/title>\n<meta name=\"robots\" content=\"index, follow, max-snippet:-1, max-image-preview:large, max-video-preview:-1\" \/>\n<link rel=\"canonical\" href=\"https:\/\/velipost.com\/?p=4484\" \/>\n<meta property=\"og:locale\" content=\"fr_FR\" \/>\n<meta property=\"og:type\" content=\"article\" \/>\n<meta property=\"og:title\" content=\"Mgr Jean Alix Verrier \u2014 Un an d\u00e9j\u00e0 dans le dioc\u00e8se du Ciel &#8211; VeliPost\" \/>\n<meta property=\"og:description\" content=\"Hommage \u00e0 un P\u00e8re spirituel, pasteur et ami fid\u00e8le Le 11 octobre 2024, l\u2019Institut des Filles Missionnaires de la Providence, connu sous le nom\" \/>\n<meta property=\"og:url\" content=\"https:\/\/velipost.com\/?p=4484\" \/>\n<meta property=\"og:site_name\" content=\"VeliPost\" \/>\n<meta property=\"article:publisher\" content=\"https:\/\/www.facebook.com\/veliposthaiti\" \/>\n<meta property=\"article:published_time\" content=\"2025-10-11T06:00:00+00:00\" \/>\n<meta property=\"og:image\" content=\"https:\/\/velipost.com\/wp-content\/uploads\/2025\/10\/Mgr-Jean-Alix-Verrier.jpg\" \/>\n\t<meta property=\"og:image:width\" content=\"1170\" \/>\n\t<meta property=\"og:image:height\" content=\"603\" \/>\n\t<meta property=\"og:image:type\" content=\"image\/jpeg\" \/>\n<meta name=\"author\" content=\"VeliPost\" \/>\n<meta name=\"twitter:card\" content=\"summary_large_image\" \/>\n<meta name=\"twitter:creator\" content=\"@veliposthaiti\" \/>\n<meta name=\"twitter:site\" content=\"@veliposthaiti\" \/>\n<meta name=\"twitter:label1\" content=\"\u00c9crit par\" \/>\n\t<meta name=\"twitter:data1\" content=\"VeliPost\" \/>\n\t<meta name=\"twitter:label2\" content=\"Dur\u00e9e de lecture estim\u00e9e\" \/>\n\t<meta name=\"twitter:data2\" content=\"4 minutes\" \/>\n<script type=\"application\/ld+json\" class=\"yoast-schema-graph\">{\"@context\":\"https:\/\/schema.org\",\"@graph\":[{\"@type\":\"Article\",\"@id\":\"https:\/\/velipost.com\/?p=4484#article\",\"isPartOf\":{\"@id\":\"https:\/\/velipost.com\/?p=4484\"},\"author\":{\"name\":\"VeliPost\",\"@id\":\"https:\/\/velipost.com\/#\/schema\/person\/32ff49a53c9c1bb24302ee8ece058096\"},\"headline\":\"Mgr Jean Alix Verrier \u2014 Un an d\u00e9j\u00e0 dans le dioc\u00e8se du Ciel\",\"datePublished\":\"2025-10-11T06:00:00+00:00\",\"mainEntityOfPage\":{\"@id\":\"https:\/\/velipost.com\/?p=4484\"},\"wordCount\":693,\"commentCount\":0,\"publisher\":{\"@id\":\"https:\/\/velipost.com\/#organization\"},\"image\":{\"@id\":\"https:\/\/velipost.com\/?p=4484#primaryimage\"},\"thumbnailUrl\":\"https:\/\/velipost.com\/wp-content\/uploads\/2025\/10\/Mgr-Jean-Alix-Verrier.jpg\",\"articleSection\":[\"Soci\u00e9t\u00e9\"],\"inLanguage\":\"fr-FR\",\"potentialAction\":[{\"@type\":\"CommentAction\",\"name\":\"Comment\",\"target\":[\"https:\/\/velipost.com\/?p=4484#respond\"]}]},{\"@type\":\"WebPage\",\"@id\":\"https:\/\/velipost.com\/?p=4484\",\"url\":\"https:\/\/velipost.com\/?p=4484\",\"name\":\"Mgr Jean Alix Verrier \u2014 Un an d\u00e9j\u00e0 dans le dioc\u00e8se du Ciel &#8211; VeliPost\",\"isPartOf\":{\"@id\":\"https:\/\/velipost.com\/#website\"},\"primaryImageOfPage\":{\"@id\":\"https:\/\/velipost.com\/?p=4484#primaryimage\"},\"image\":{\"@id\":\"https:\/\/velipost.com\/?p=4484#primaryimage\"},\"thumbnailUrl\":\"https:\/\/velipost.com\/wp-content\/uploads\/2025\/10\/Mgr-Jean-Alix-Verrier.jpg\",\"datePublished\":\"2025-10-11T06:00:00+00:00\",\"breadcrumb\":{\"@id\":\"https:\/\/velipost.com\/?p=4484#breadcrumb\"},\"inLanguage\":\"fr-FR\",\"potentialAction\":[{\"@type\":\"ReadAction\",\"target\":[\"https:\/\/velipost.com\/?p=4484\"]}]},{\"@type\":\"ImageObject\",\"inLanguage\":\"fr-FR\",\"@id\":\"https:\/\/velipost.com\/?p=4484#primaryimage\",\"url\":\"https:\/\/velipost.com\/wp-content\/uploads\/2025\/10\/Mgr-Jean-Alix-Verrier.jpg\",\"contentUrl\":\"https:\/\/velipost.com\/wp-content\/uploads\/2025\/10\/Mgr-Jean-Alix-Verrier.jpg\",\"width\":1170,\"height\":603},{\"@type\":\"BreadcrumbList\",\"@id\":\"https:\/\/velipost.com\/?p=4484#breadcrumb\",\"itemListElement\":[{\"@type\":\"ListItem\",\"position\":1,\"name\":\"Accueil\",\"item\":\"https:\/\/velipost.com\/\"},{\"@type\":\"ListItem\",\"position\":2,\"name\":\"Mgr Jean Alix Verrier \u2014 Un an d\u00e9j\u00e0 dans le dioc\u00e8se du Ciel\"}]},{\"@type\":\"WebSite\",\"@id\":\"https:\/\/velipost.com\/#website\",\"url\":\"https:\/\/velipost.com\/\",\"name\":\"VeliPost\",\"description\":\"L\u2019info en un clic\",\"publisher\":{\"@id\":\"https:\/\/velipost.com\/#organization\"},\"potentialAction\":[{\"@type\":\"SearchAction\",\"target\":{\"@type\":\"EntryPoint\",\"urlTemplate\":\"https:\/\/velipost.com\/?s={search_term_string}\"},\"query-input\":{\"@type\":\"PropertyValueSpecification\",\"valueRequired\":true,\"valueName\":\"search_term_string\"}}],\"inLanguage\":\"fr-FR\"},{\"@type\":\"Organization\",\"@id\":\"https:\/\/velipost.com\/#organization\",\"name\":\"VeliPost\",\"url\":\"https:\/\/velipost.com\/\",\"logo\":{\"@type\":\"ImageObject\",\"inLanguage\":\"fr-FR\",\"@id\":\"https:\/\/velipost.com\/#\/schema\/logo\/image\/\",\"url\":\"https:\/\/velipost.com\/wp-content\/uploads\/2024\/08\/cropped-VP-logo-piti.png\",\"contentUrl\":\"https:\/\/velipost.com\/wp-content\/uploads\/2024\/08\/cropped-VP-logo-piti.png\",\"width\":201,\"height\":69,\"caption\":\"VeliPost\"},\"image\":{\"@id\":\"https:\/\/velipost.com\/#\/schema\/logo\/image\/\"},\"sameAs\":[\"https:\/\/www.facebook.com\/veliposthaiti\",\"https:\/\/x.com\/veliposthaiti\",\"https:\/\/www.instagram.com\/veliposthaiti\"]},{\"@type\":\"Person\",\"@id\":\"https:\/\/velipost.com\/#\/schema\/person\/32ff49a53c9c1bb24302ee8ece058096\",\"name\":\"VeliPost\",\"image\":{\"@type\":\"ImageObject\",\"inLanguage\":\"fr-FR\",\"@id\":\"https:\/\/velipost.com\/#\/schema\/person\/image\/\",\"url\":\"https:\/\/secure.gravatar.com\/avatar\/57c226c264de62f794185a89596d4a37b85a5ad20aca30d9d5a478b27d8c8d9d?s=96&d=mm&r=g\",\"contentUrl\":\"https:\/\/secure.gravatar.com\/avatar\/57c226c264de62f794185a89596d4a37b85a5ad20aca30d9d5a478b27d8c8d9d?s=96&d=mm&r=g\",\"caption\":\"VeliPost\"},\"sameAs\":[\"https:\/\/velipost.com\"],\"url\":\"https:\/\/velipost.com\/?author=1\"}]}<\/script>\n<!-- \/ Yoast SEO plugin. -->","yoast_head_json":{"title":"Mgr Jean Alix Verrier \u2014 Un an d\u00e9j\u00e0 dans le dioc\u00e8se du Ciel &#8211; VeliPost","robots":{"index":"index","follow":"follow","max-snippet":"max-snippet:-1","max-image-preview":"max-image-preview:large","max-video-preview":"max-video-preview:-1"},"canonical":"https:\/\/velipost.com\/?p=4484","og_locale":"fr_FR","og_type":"article","og_title":"Mgr Jean Alix Verrier \u2014 Un an d\u00e9j\u00e0 dans le dioc\u00e8se du Ciel &#8211; VeliPost","og_description":"Hommage \u00e0 un P\u00e8re spirituel, pasteur et ami fid\u00e8le Le 11 octobre 2024, l\u2019Institut des Filles Missionnaires de la Providence, connu sous le nom","og_url":"https:\/\/velipost.com\/?p=4484","og_site_name":"VeliPost","article_publisher":"https:\/\/www.facebook.com\/veliposthaiti","article_published_time":"2025-10-11T06:00:00+00:00","og_image":[{"width":1170,"height":603,"url":"https:\/\/velipost.com\/wp-content\/uploads\/2025\/10\/Mgr-Jean-Alix-Verrier.jpg","type":"image\/jpeg"}],"author":"VeliPost","twitter_card":"summary_large_image","twitter_creator":"@veliposthaiti","twitter_site":"@veliposthaiti","twitter_misc":{"\u00c9crit par":"VeliPost","Dur\u00e9e de lecture estim\u00e9e":"4 minutes"},"schema":{"@context":"https:\/\/schema.org","@graph":[{"@type":"Article","@id":"https:\/\/velipost.com\/?p=4484#article","isPartOf":{"@id":"https:\/\/velipost.com\/?p=4484"},"author":{"name":"VeliPost","@id":"https:\/\/velipost.com\/#\/schema\/person\/32ff49a53c9c1bb24302ee8ece058096"},"headline":"Mgr Jean Alix Verrier \u2014 Un an d\u00e9j\u00e0 dans le dioc\u00e8se du Ciel","datePublished":"2025-10-11T06:00:00+00:00","mainEntityOfPage":{"@id":"https:\/\/velipost.com\/?p=4484"},"wordCount":693,"commentCount":0,"publisher":{"@id":"https:\/\/velipost.com\/#organization"},"image":{"@id":"https:\/\/velipost.com\/?p=4484#primaryimage"},"thumbnailUrl":"https:\/\/velipost.com\/wp-content\/uploads\/2025\/10\/Mgr-Jean-Alix-Verrier.jpg","articleSection":["Soci\u00e9t\u00e9"],"inLanguage":"fr-FR","potentialAction":[{"@type":"CommentAction","name":"Comment","target":["https:\/\/velipost.com\/?p=4484#respond"]}]},{"@type":"WebPage","@id":"https:\/\/velipost.com\/?p=4484","url":"https:\/\/velipost.com\/?p=4484","name":"Mgr Jean Alix Verrier \u2014 Un an d\u00e9j\u00e0 dans le dioc\u00e8se du Ciel &#8211; VeliPost","isPartOf":{"@id":"https:\/\/velipost.com\/#website"},"primaryImageOfPage":{"@id":"https:\/\/velipost.com\/?p=4484#primaryimage"},"image":{"@id":"https:\/\/velipost.com\/?p=4484#primaryimage"},"thumbnailUrl":"https:\/\/velipost.com\/wp-content\/uploads\/2025\/10\/Mgr-Jean-Alix-Verrier.jpg","datePublished":"2025-10-11T06:00:00+00:00","breadcrumb":{"@id":"https:\/\/velipost.com\/?p=4484#breadcrumb"},"inLanguage":"fr-FR","potentialAction":[{"@type":"ReadAction","target":["https:\/\/velipost.com\/?p=4484"]}]},{"@type":"ImageObject","inLanguage":"fr-FR","@id":"https:\/\/velipost.com\/?p=4484#primaryimage","url":"https:\/\/velipost.com\/wp-content\/uploads\/2025\/10\/Mgr-Jean-Alix-Verrier.jpg","contentUrl":"https:\/\/velipost.com\/wp-content\/uploads\/2025\/10\/Mgr-Jean-Alix-Verrier.jpg","width":1170,"height":603},{"@type":"BreadcrumbList","@id":"https:\/\/velipost.com\/?p=4484#breadcrumb","itemListElement":[{"@type":"ListItem","position":1,"name":"Accueil","item":"https:\/\/velipost.com\/"},{"@type":"ListItem","position":2,"name":"Mgr Jean Alix Verrier \u2014 Un an d\u00e9j\u00e0 dans le dioc\u00e8se du Ciel"}]},{"@type":"WebSite","@id":"https:\/\/velipost.com\/#website","url":"https:\/\/velipost.com\/","name":"VeliPost","description":"L\u2019info en un clic","publisher":{"@id":"https:\/\/velipost.com\/#organization"},"potentialAction":[{"@type":"SearchAction","target":{"@type":"EntryPoint","urlTemplate":"https:\/\/velipost.com\/?s={search_term_string}"},"query-input":{"@type":"PropertyValueSpecification","valueRequired":true,"valueName":"search_term_string"}}],"inLanguage":"fr-FR"},{"@type":"Organization","@id":"https:\/\/velipost.com\/#organization","name":"VeliPost","url":"https:\/\/velipost.com\/","logo":{"@type":"ImageObject","inLanguage":"fr-FR","@id":"https:\/\/velipost.com\/#\/schema\/logo\/image\/","url":"https:\/\/velipost.com\/wp-content\/uploads\/2024\/08\/cropped-VP-logo-piti.png","contentUrl":"https:\/\/velipost.com\/wp-content\/uploads\/2024\/08\/cropped-VP-logo-piti.png","width":201,"height":69,"caption":"VeliPost"},"image":{"@id":"https:\/\/velipost.com\/#\/schema\/logo\/image\/"},"sameAs":["https:\/\/www.facebook.com\/veliposthaiti","https:\/\/x.com\/veliposthaiti","https:\/\/www.instagram.com\/veliposthaiti"]},{"@type":"Person","@id":"https:\/\/velipost.com\/#\/schema\/person\/32ff49a53c9c1bb24302ee8ece058096","name":"VeliPost","image":{"@type":"ImageObject","inLanguage":"fr-FR","@id":"https:\/\/velipost.com\/#\/schema\/person\/image\/","url":"https:\/\/secure.gravatar.com\/avatar\/57c226c264de62f794185a89596d4a37b85a5ad20aca30d9d5a478b27d8c8d9d?s=96&d=mm&r=g","contentUrl":"https:\/\/secure.gravatar.com\/avatar\/57c226c264de62f794185a89596d4a37b85a5ad20aca30d9d5a478b27d8c8d9d?s=96&d=mm&r=g","caption":"VeliPost"},"sameAs":["https:\/\/velipost.com"],"url":"https:\/\/velipost.com\/?author=1"}]}},"views":1,"jetpack_publicize_connections":[],"uagb_featured_image_src":{"full":["https:\/\/velipost.com\/wp-content\/uploads\/2025\/10\/Mgr-Jean-Alix-Verrier.jpg",1170,603,false],"thumbnail":["https:\/\/velipost.com\/wp-content\/uploads\/2025\/10\/Mgr-Jean-Alix-Verrier-150x150.jpg",150,150,true],"medium":["https:\/\/velipost.com\/wp-content\/uploads\/2025\/10\/Mgr-Jean-Alix-Verrier-300x155.jpg",300,155,true],"medium_large":["https:\/\/velipost.com\/wp-content\/uploads\/2025\/10\/Mgr-Jean-Alix-Verrier-768x396.jpg",715,369,true],"large":["https:\/\/velipost.com\/wp-content\/uploads\/2025\/10\/Mgr-Jean-Alix-Verrier-1024x528.jpg",715,369,true],"1536x1536":["https:\/\/velipost.com\/wp-content\/uploads\/2025\/10\/Mgr-Jean-Alix-Verrier.jpg",1170,603,false],"2048x2048":["https:\/\/velipost.com\/wp-content\/uploads\/2025\/10\/Mgr-Jean-Alix-Verrier.jpg",1170,603,false],"colornews-big-slider":["https:\/\/velipost.com\/wp-content\/uploads\/2025\/10\/Mgr-Jean-Alix-Verrier-1070x470.jpg",1070,470,true],"colornews-big-slider-thumb":["https:\/\/velipost.com\/wp-content\/uploads\/2025\/10\/Mgr-Jean-Alix-Verrier-184x109.jpg",184,109,true],"colornews-featured-post-medium":["https:\/\/velipost.com\/wp-content\/uploads\/2025\/10\/Mgr-Jean-Alix-Verrier-345x265.jpg",345,265,true],"colornews-featured-post-small":["https:\/\/velipost.com\/wp-content\/uploads\/2025\/10\/Mgr-Jean-Alix-Verrier-115x73.jpg",115,73,true],"colornews-random-posts":["https:\/\/velipost.com\/wp-content\/uploads\/2025\/10\/Mgr-Jean-Alix-Verrier-215x215.jpg",215,215,true],"colornews-featured-image":["https:\/\/velipost.com\/wp-content\/uploads\/2025\/10\/Mgr-Jean-Alix-Verrier-715x400.jpg",715,400,true],"mailpoet_newsletter_max":["https:\/\/velipost.com\/wp-content\/uploads\/2025\/10\/Mgr-Jean-Alix-Verrier.jpg",1170,603,false]},"uagb_author_info":{"display_name":"VeliPost","author_link":"https:\/\/velipost.com\/?author=1"},"uagb_comment_info":0,"uagb_excerpt":"Hommage \u00e0 un P\u00e8re spirituel, pasteur et ami fid\u00e8le Le 11 octobre 2024, l\u2019Institut des Filles Missionnaires de la Providence, connu sous le nom","_links":{"self":[{"href":"https:\/\/velipost.com\/index.php?rest_route=\/wp\/v2\/posts\/4484","targetHints":{"allow":["GET"]}}],"collection":[{"href":"https:\/\/velipost.com\/index.php?rest_route=\/wp\/v2\/posts"}],"about":[{"href":"https:\/\/velipost.com\/index.php?rest_route=\/wp\/v2\/types\/post"}],"author":[{"embeddable":true,"href":"https:\/\/velipost.com\/index.php?rest_route=\/wp\/v2\/users\/1"}],"replies":[{"embeddable":true,"href":"https:\/\/velipost.com\/index.php?rest_route=%2Fwp%2Fv2%2Fcomments&post=4484"}],"version-history":[{"count":1,"href":"https:\/\/velipost.com\/index.php?rest_route=\/wp\/v2\/posts\/4484\/revisions"}],"predecessor-version":[{"id":4487,"href":"https:\/\/velipost.com\/index.php?rest_route=\/wp\/v2\/posts\/4484\/revisions\/4487"}],"wp:featuredmedia":[{"embeddable":true,"href":"https:\/\/velipost.com\/index.php?rest_route=\/wp\/v2\/media\/4485"}],"wp:attachment":[{"href":"https:\/\/velipost.com\/index.php?rest_route=%2Fwp%2Fv2%2Fmedia&parent=4484"}],"wp:term":[{"taxonomy":"category","embeddable":true,"href":"https:\/\/velipost.com\/index.php?rest_route=%2Fwp%2Fv2%2Fcategories&post=4484"},{"taxonomy":"post_tag","embeddable":true,"href":"https:\/\/velipost.com\/index.php?rest_route=%2Fwp%2Fv2%2Ftags&post=4484"}],"curies":[{"name":"wp","href":"https:\/\/api.w.org\/{rel}","templated":true}]}}