{"id":4481,"date":"2025-10-11T03:06:10","date_gmt":"2025-10-11T01:06:10","guid":{"rendered":"https:\/\/velipost.com\/?p=4481"},"modified":"2025-10-11T03:06:13","modified_gmt":"2025-10-11T01:06:13","slug":"fils-du-nord-et-garant-du-droit-emmanuel-vertilaire-porte-le-poids-du-silence-et-de-lechec-du-devoir","status":"publish","type":"post","link":"https:\/\/velipost.com\/?p=4481","title":{"rendered":"Fils du Nord et garant du droit, Emmanuel Vertilaire porte le poids du silence et de l\u2019\u00e9chec du devoir"},"content":{"rendered":"\n<p>Originaire du Nord, le Conseiller-Pr\u00e9sident Emmanuel Vertilaire, charg\u00e9 du chantier Justice et S\u00e9curit\u00e9 publique au sein du Conseil Pr\u00e9sidentiel de Transition (CPT), est pour beaucoup une figure tr\u00e8s attendue en cette p\u00e9riode d\u2019incertitude nationale. Pourtant, son silence face aux difficult\u00e9s criantes de sa ville natale interpelle, alors m\u00eame que le Nord ploie sous la pression d\u00e9mographique, l\u2019insalubrit\u00e9 et le d\u00e9sordre institutionnel.<\/p>\n\n\n\n<p>Le Cap-Ha\u00eftien traverse une crise sans pr\u00e9c\u00e9dent. \u00c0 cause de l\u2019ins\u00e9curit\u00e9 qui ravage Port-au-Prince et ses environs, la ville a vu affluer des milliers de d\u00e9plac\u00e9s internes, plus d\u2019un million selon les estimations r\u00e9centes. Cette population, en qu\u00eate de refuge, accentue la pression sur des infrastructures d\u00e9j\u00e0 fragiles : logement, sant\u00e9, eau potable et assainissement. Les montagnes de d\u00e9chets s\u2019accumulent dans les rues, les canaux d\u00e9bordent, et les services publics sont \u00e0 bout de souffle.<\/p>\n\n\n\n<p>Face \u00e0 cette situation, la gouvernance locale reste d\u00e9faillante. Malgr\u00e9 le potentiel \u00e9conomique de la ville \u2014 h\u00f4tels, commerces, entreprises, activit\u00e9s portuaires \u2014 la mairie n\u2019arrive m\u00eame pas \u00e0 collecter un million de gourdes de recettes internes. \u00ab Il est inacceptable qu\u2019une mairie n\u2019arrive pas \u00e0 collecter un million de gourdes avec tous les revenus g\u00e9n\u00e9r\u00e9s par la ville \u00bb, d\u00e9noncent de nombreux acteurs du secteur priv\u00e9, pointant un manque criant de leadership, de transparence et de volont\u00e9 politique.<\/p>\n\n\n\n<p>Dans ce contexte, le r\u00f4le de l\u2019ancien juge Emmanuel Vertilaire rev\u00eat une port\u00e9e symbolique et institutionnelle majeure. En tant que responsable du chantier Justice et S\u00e9curit\u00e9 publique, il est directement interpell\u00e9 par l\u2019effondrement de l\u2019appareil judiciaire et par la mont\u00e9e vertigineuse de l\u2019impunit\u00e9. Depuis la destruction du Palais de justice de Port-au-Prince par les gangs, les tribunaux fonctionnent au ralenti, souvent sans moyens ni s\u00e9curit\u00e9. Cette paralysie nourrit la loi du plus fort et fragilise davantage les fondements de l\u2019\u00c9tat de droit.<\/p>\n\n\n\n<p>L\u2019\u00c9tat de droit ne peut exister en Ha\u00efti si la s\u00e9curit\u00e9 juridique n\u2019est pas garantie. Emmanuel Vertilaire, par ses fonctions, porte une responsabilit\u00e9 directe dans la relance du syst\u00e8me judiciaire et dans la mise en \u0153uvre d\u2019une r\u00e9forme p\u00e9nale capable de restaurer la confiance des citoyens. Mais comment pr\u00f4ner la justice et la s\u00e9curit\u00e9 \u00e0 l\u2019\u00e9chelle nationale quand la deuxi\u00e8me ville du pays, sa propre ville, s\u2019enlise dans la d\u00e9sorganisation et l\u2019abandon institutionnel ?<\/p>\n\n\n\n<p>L\u2019heure n\u2019est plus aux discours de transition, mais \u00e0 l\u2019action, \u00e0 la transparence et \u00e0 la reddition de comptes. Les Ha\u00eftiens, du Cap au Sud, attendent des dirigeants qu\u2019ils incarnent enfin la rupture avec les pratiques d\u2019inaction et d\u2019impunit\u00e9 qui minent la R\u00e9publique.<\/p>\n\n\n\n<p>Emmanuel Vertilaire doit comprendre qu\u2019il ne s\u2019agit plus seulement de diriger un chantier technique, mais de d\u00e9fendre un principe fondamental : la justice comme condition de survie nationale. S\u2019il \u00e9choue \u00e0 relever ce d\u00e9fi, il ne sera pas seulement jug\u00e9 par l\u2019histoire politique, mais aussi par cette g\u00e9n\u00e9ration d\u2019Ha\u00eftiens qui, chaque jour, subit les cons\u00e9quences de l\u2019injustice et du d\u00e9sordre qu\u2019il devait combattre.<\/p>\n\n\n\n<p>Quand la justice s\u2019\u00e9teint, c\u2019est tout un pays qui sombre. Et lorsque le Cap-Ha\u00eftien, ville historique et berceau de la libert\u00e9, s\u2019enlise dans la mis\u00e8re et l\u2019abandon, la responsabilit\u00e9 politique devient une obligation morale. Emmanuel Vertilaire, fils du Nord et garant du chantier Justice, doit aujourd\u2019hui r\u00e9pondre de son silence et de son inaction.<\/p>\n\n    <div class=\"xs_social_share_widget xs_share_url after_content \t\tmain_content  wslu-style-3 wslu-share-box-shaped wslu-fill-brand-hover-colored wslu-share-m-5 wslu-none wslu-share-horizontal wslu-theme-font-no wslu-main_content\">\n\n\t\t\n        <ul>\n\t\t\t                    <li class=\"xs-share-li twitter                        wslu-no-extra-data\">\n                        <a href=\"javascript:void(0);\"\n                           id=\"xs_feed_twitter\"\n                           onclick=\"xs_social_sharer(this);\"\n                           data-pid=\"4481\"\n                           data-uri_hash=\"7f8c32a5feb218f246b46703df8165fe\"\n                           data-key=\"twitter\"\n                           data-xs-href=\"https:\/\/twitter.com\/intent\/tweet?text=Fils+du+Nord+et+garant+du+droit%2C+Emmanuel+Vertilaire+porte+le+poids+du+silence+et+de+l%E2%80%99%C3%A9chec+du+devoir+https%3A%2F%2Fvelipost.com%2Findex.php%3Frest_route%3D%252Fwp%252Fv2%252Fposts%252F4481&amp;original_referer=https%3A%2F%2Fvelipost.com%2Findex.php%3Frest_route%3D%252Fwp%252Fv2%252Fposts%252F4481&amp;related=xpeedstudio\">\n\n                            <div class=\"xs-social-icon\">\n                                <span class=\"met-social met-social-twitter\"><\/span>\n                            <\/div>\n\n\t\t\t\t\t\t\t\n                            <div class=\"wslu-hover-content\">\n                                <div class=\"xs-social-followers\">\n\t\t\t\t\t\t\t\t\t10                                <\/div>\n                                <div class=\"xs-social-follower-text\">\n\t\t\t\t\t\t\t\t\tShare                                <\/div>\n                                <div class=\"xs-social-follower-label\">\n\t\t\t\t\t\t\t\t\tTwitter                                <\/div>\n                            <\/div>\n                        <\/a>\n                    <\/li>\n\t\t\t\t\t                    <li class=\"xs-share-li telegram                        wslu-no-extra-data\">\n                        <a href=\"javascript:void(0);\"\n                           id=\"xs_feed_telegram\"\n                           onclick=\"xs_social_sharer(this);\"\n                           data-pid=\"4481\"\n                           data-uri_hash=\"7f8c32a5feb218f246b46703df8165fe\"\n                           data-key=\"telegram\"\n                           data-xs-href=\"https:\/\/telegram.me\/share\/url?url=https%3A%2F%2Fvelipost.com%2Findex.php%3Frest_route%3D%252Fwp%252Fv2%252Fposts%252F4481&amp;text=Fils+du+Nord+et+garant+du+droit%2C+Emmanuel+Vertilaire+porte+le+poids+du+silence+et+de+l%E2%80%99%C3%A9chec+du+devoir\">\n\n                            <div class=\"xs-social-icon\">\n                                <span class=\"met-social met-social-telegram\"><\/span>\n                            <\/div>\n\n\t\t\t\t\t\t\t\n                            <div class=\"wslu-hover-content\">\n                                <div class=\"xs-social-followers\">\n\t\t\t\t\t\t\t\t\t0                                <\/div>\n                                <div class=\"xs-social-follower-text\">\n\t\t\t\t\t\t\t\t\tShare                                <\/div>\n                                <div class=\"xs-social-follower-label\">\n\t\t\t\t\t\t\t\t\tTelegram                                <\/div>\n                            <\/div>\n                        <\/a>\n                    <\/li>\n\t\t\t\t\t                    <li class=\"xs-share-li email                        wslu-no-extra-data\">\n                        <a href=\"javascript:void(0);\"\n                           id=\"xs_feed_email\"\n                           onclick=\"xs_social_sharer(this);\"\n                           data-pid=\"4481\"\n                           data-uri_hash=\"7f8c32a5feb218f246b46703df8165fe\"\n                           data-key=\"email\"\n                           data-xs-href=\"mailto:?body=Title%3A+Fils+du+Nord+et+garant+du+droit%2C+Emmanuel+Vertilaire+porte+le+poids+du+silence+et+de+l%E2%80%99%C3%A9chec+du+devoir+%5Cn%5Cn+URL%3A+https%3A%2F%2Fvelipost.com%2Findex.php%3Frest_route%3D%252Fwp%252Fv2%252Fposts%252F4481&amp;subject=Fils+du+Nord+et+garant+du+droit%2C+Emmanuel+Vertilaire+porte+le+poids+du+silence+et+de+l%E2%80%99%C3%A9chec+du+devoir\">\n\n                            <div class=\"xs-social-icon\">\n                                <span class=\"met-social met-social-email\"><\/span>\n                            <\/div>\n\n\t\t\t\t\t\t\t\n                            <div class=\"wslu-hover-content\">\n                                <div class=\"xs-social-followers\">\n\t\t\t\t\t\t\t\t\t0                                <\/div>\n                                <div class=\"xs-social-follower-text\">\n\t\t\t\t\t\t\t\t\tShare                                <\/div>\n                                <div class=\"xs-social-follower-label\">\n\t\t\t\t\t\t\t\t\tEmail                                <\/div>\n                            <\/div>\n                        <\/a>\n                    <\/li>\n\t\t\t\t\t        <\/ul>\n    <\/div> \n","protected":false},"excerpt":{"rendered":"<p>Originaire du Nord, le Conseiller-Pr\u00e9sident Emmanuel Vertilaire, charg\u00e9 du chantier Justice et S\u00e9curit\u00e9 publique au sein du Conseil Pr\u00e9sidentiel de Transition (CPT), est pour<\/p>\n","protected":false},"author":1,"featured_media":4482,"comment_status":"open","ping_status":"open","sticky":false,"template":"","format":"standard","meta":{"_uag_custom_page_level_css":"","footnotes":"","jetpack_publicize_message":"","jetpack_publicize_feature_enabled":true,"jetpack_social_post_already_shared":true,"jetpack_social_options":{"image_generator_settings":{"template":"highway","default_image_id":0,"font":"","enabled":false},"version":2}},"categories":[238],"tags":[],"class_list":["post-4481","post","type-post","status-publish","format-standard","has-post-thumbnail","hentry","category-opinion"],"yoast_head":"<!-- This site is optimized with the Yoast SEO plugin v25.3.1 - https:\/\/yoast.com\/wordpress\/plugins\/seo\/ -->\n<title>Fils du Nord et garant du droit, Emmanuel Vertilaire porte le poids du silence et de l\u2019\u00e9chec du devoir &#8211; VeliPost<\/title>\n<meta name=\"robots\" content=\"index, follow, max-snippet:-1, max-image-preview:large, max-video-preview:-1\" \/>\n<link rel=\"canonical\" href=\"https:\/\/velipost.com\/?p=4481\" \/>\n<meta property=\"og:locale\" content=\"fr_FR\" \/>\n<meta property=\"og:type\" content=\"article\" \/>\n<meta property=\"og:title\" content=\"Fils du Nord et garant du droit, Emmanuel Vertilaire porte le poids du silence et de l\u2019\u00e9chec du devoir &#8211; VeliPost\" \/>\n<meta property=\"og:description\" content=\"Originaire du Nord, le Conseiller-Pr\u00e9sident Emmanuel Vertilaire, charg\u00e9 du chantier Justice et S\u00e9curit\u00e9 publique au sein du Conseil Pr\u00e9sidentiel de Transition (CPT), est pour\" \/>\n<meta property=\"og:url\" content=\"https:\/\/velipost.com\/?p=4481\" \/>\n<meta property=\"og:site_name\" content=\"VeliPost\" \/>\n<meta property=\"article:publisher\" content=\"https:\/\/www.facebook.com\/veliposthaiti\" \/>\n<meta property=\"article:published_time\" content=\"2025-10-11T01:06:10+00:00\" \/>\n<meta property=\"article:modified_time\" content=\"2025-10-11T01:06:13+00:00\" \/>\n<meta property=\"og:image\" content=\"https:\/\/velipost.com\/wp-content\/uploads\/2025\/10\/Emmanuel-Vertilaire.jpg\" \/>\n\t<meta property=\"og:image:width\" content=\"1170\" \/>\n\t<meta property=\"og:image:height\" content=\"603\" \/>\n\t<meta property=\"og:image:type\" content=\"image\/jpeg\" \/>\n<meta name=\"author\" content=\"VeliPost\" \/>\n<meta name=\"twitter:card\" content=\"summary_large_image\" \/>\n<meta name=\"twitter:creator\" content=\"@veliposthaiti\" \/>\n<meta name=\"twitter:site\" content=\"@veliposthaiti\" \/>\n<meta name=\"twitter:label1\" content=\"\u00c9crit par\" \/>\n\t<meta name=\"twitter:data1\" content=\"VeliPost\" \/>\n\t<meta name=\"twitter:label2\" content=\"Dur\u00e9e de lecture estim\u00e9e\" \/>\n\t<meta name=\"twitter:data2\" content=\"3 minutes\" \/>\n<script type=\"application\/ld+json\" class=\"yoast-schema-graph\">{\"@context\":\"https:\/\/schema.org\",\"@graph\":[{\"@type\":\"Article\",\"@id\":\"https:\/\/velipost.com\/?p=4481#article\",\"isPartOf\":{\"@id\":\"https:\/\/velipost.com\/?p=4481\"},\"author\":{\"name\":\"VeliPost\",\"@id\":\"https:\/\/velipost.com\/#\/schema\/person\/32ff49a53c9c1bb24302ee8ece058096\"},\"headline\":\"Fils du Nord et garant du droit, Emmanuel Vertilaire porte le poids du silence et de l\u2019\u00e9chec du devoir\",\"datePublished\":\"2025-10-11T01:06:10+00:00\",\"dateModified\":\"2025-10-11T01:06:13+00:00\",\"mainEntityOfPage\":{\"@id\":\"https:\/\/velipost.com\/?p=4481\"},\"wordCount\":626,\"commentCount\":0,\"publisher\":{\"@id\":\"https:\/\/velipost.com\/#organization\"},\"image\":{\"@id\":\"https:\/\/velipost.com\/?p=4481#primaryimage\"},\"thumbnailUrl\":\"https:\/\/velipost.com\/wp-content\/uploads\/2025\/10\/Emmanuel-Vertilaire.jpg\",\"articleSection\":[\"Opinion\"],\"inLanguage\":\"fr-FR\",\"potentialAction\":[{\"@type\":\"CommentAction\",\"name\":\"Comment\",\"target\":[\"https:\/\/velipost.com\/?p=4481#respond\"]}]},{\"@type\":\"WebPage\",\"@id\":\"https:\/\/velipost.com\/?p=4481\",\"url\":\"https:\/\/velipost.com\/?p=4481\",\"name\":\"Fils du Nord et garant du droit, Emmanuel Vertilaire porte le poids du silence et de l\u2019\u00e9chec du devoir &#8211; VeliPost\",\"isPartOf\":{\"@id\":\"https:\/\/velipost.com\/#website\"},\"primaryImageOfPage\":{\"@id\":\"https:\/\/velipost.com\/?p=4481#primaryimage\"},\"image\":{\"@id\":\"https:\/\/velipost.com\/?p=4481#primaryimage\"},\"thumbnailUrl\":\"https:\/\/velipost.com\/wp-content\/uploads\/2025\/10\/Emmanuel-Vertilaire.jpg\",\"datePublished\":\"2025-10-11T01:06:10+00:00\",\"dateModified\":\"2025-10-11T01:06:13+00:00\",\"breadcrumb\":{\"@id\":\"https:\/\/velipost.com\/?p=4481#breadcrumb\"},\"inLanguage\":\"fr-FR\",\"potentialAction\":[{\"@type\":\"ReadAction\",\"target\":[\"https:\/\/velipost.com\/?p=4481\"]}]},{\"@type\":\"ImageObject\",\"inLanguage\":\"fr-FR\",\"@id\":\"https:\/\/velipost.com\/?p=4481#primaryimage\",\"url\":\"https:\/\/velipost.com\/wp-content\/uploads\/2025\/10\/Emmanuel-Vertilaire.jpg\",\"contentUrl\":\"https:\/\/velipost.com\/wp-content\/uploads\/2025\/10\/Emmanuel-Vertilaire.jpg\",\"width\":1170,\"height\":603},{\"@type\":\"BreadcrumbList\",\"@id\":\"https:\/\/velipost.com\/?p=4481#breadcrumb\",\"itemListElement\":[{\"@type\":\"ListItem\",\"position\":1,\"name\":\"Accueil\",\"item\":\"https:\/\/velipost.com\/\"},{\"@type\":\"ListItem\",\"position\":2,\"name\":\"Fils du Nord et garant du droit, Emmanuel Vertilaire porte le poids du silence et de l\u2019\u00e9chec du devoir\"}]},{\"@type\":\"WebSite\",\"@id\":\"https:\/\/velipost.com\/#website\",\"url\":\"https:\/\/velipost.com\/\",\"name\":\"VeliPost\",\"description\":\"L\u2019info en un clic\",\"publisher\":{\"@id\":\"https:\/\/velipost.com\/#organization\"},\"potentialAction\":[{\"@type\":\"SearchAction\",\"target\":{\"@type\":\"EntryPoint\",\"urlTemplate\":\"https:\/\/velipost.com\/?s={search_term_string}\"},\"query-input\":{\"@type\":\"PropertyValueSpecification\",\"valueRequired\":true,\"valueName\":\"search_term_string\"}}],\"inLanguage\":\"fr-FR\"},{\"@type\":\"Organization\",\"@id\":\"https:\/\/velipost.com\/#organization\",\"name\":\"VeliPost\",\"url\":\"https:\/\/velipost.com\/\",\"logo\":{\"@type\":\"ImageObject\",\"inLanguage\":\"fr-FR\",\"@id\":\"https:\/\/velipost.com\/#\/schema\/logo\/image\/\",\"url\":\"https:\/\/velipost.com\/wp-content\/uploads\/2024\/08\/cropped-VP-logo-piti.png\",\"contentUrl\":\"https:\/\/velipost.com\/wp-content\/uploads\/2024\/08\/cropped-VP-logo-piti.png\",\"width\":201,\"height\":69,\"caption\":\"VeliPost\"},\"image\":{\"@id\":\"https:\/\/velipost.com\/#\/schema\/logo\/image\/\"},\"sameAs\":[\"https:\/\/www.facebook.com\/veliposthaiti\",\"https:\/\/x.com\/veliposthaiti\",\"https:\/\/www.instagram.com\/veliposthaiti\"]},{\"@type\":\"Person\",\"@id\":\"https:\/\/velipost.com\/#\/schema\/person\/32ff49a53c9c1bb24302ee8ece058096\",\"name\":\"VeliPost\",\"image\":{\"@type\":\"ImageObject\",\"inLanguage\":\"fr-FR\",\"@id\":\"https:\/\/velipost.com\/#\/schema\/person\/image\/\",\"url\":\"https:\/\/secure.gravatar.com\/avatar\/57c226c264de62f794185a89596d4a37b85a5ad20aca30d9d5a478b27d8c8d9d?s=96&d=mm&r=g\",\"contentUrl\":\"https:\/\/secure.gravatar.com\/avatar\/57c226c264de62f794185a89596d4a37b85a5ad20aca30d9d5a478b27d8c8d9d?s=96&d=mm&r=g\",\"caption\":\"VeliPost\"},\"sameAs\":[\"https:\/\/velipost.com\"],\"url\":\"https:\/\/velipost.com\/?author=1\"}]}<\/script>\n<!-- \/ Yoast SEO plugin. -->","yoast_head_json":{"title":"Fils du Nord et garant du droit, Emmanuel Vertilaire porte le poids du silence et de l\u2019\u00e9chec du devoir &#8211; VeliPost","robots":{"index":"index","follow":"follow","max-snippet":"max-snippet:-1","max-image-preview":"max-image-preview:large","max-video-preview":"max-video-preview:-1"},"canonical":"https:\/\/velipost.com\/?p=4481","og_locale":"fr_FR","og_type":"article","og_title":"Fils du Nord et garant du droit, Emmanuel Vertilaire porte le poids du silence et de l\u2019\u00e9chec du devoir &#8211; VeliPost","og_description":"Originaire du Nord, le Conseiller-Pr\u00e9sident Emmanuel Vertilaire, charg\u00e9 du chantier Justice et S\u00e9curit\u00e9 publique au sein du Conseil Pr\u00e9sidentiel de Transition (CPT), est pour","og_url":"https:\/\/velipost.com\/?p=4481","og_site_name":"VeliPost","article_publisher":"https:\/\/www.facebook.com\/veliposthaiti","article_published_time":"2025-10-11T01:06:10+00:00","article_modified_time":"2025-10-11T01:06:13+00:00","og_image":[{"width":1170,"height":603,"url":"https:\/\/velipost.com\/wp-content\/uploads\/2025\/10\/Emmanuel-Vertilaire.jpg","type":"image\/jpeg"}],"author":"VeliPost","twitter_card":"summary_large_image","twitter_creator":"@veliposthaiti","twitter_site":"@veliposthaiti","twitter_misc":{"\u00c9crit par":"VeliPost","Dur\u00e9e de lecture estim\u00e9e":"3 minutes"},"schema":{"@context":"https:\/\/schema.org","@graph":[{"@type":"Article","@id":"https:\/\/velipost.com\/?p=4481#article","isPartOf":{"@id":"https:\/\/velipost.com\/?p=4481"},"author":{"name":"VeliPost","@id":"https:\/\/velipost.com\/#\/schema\/person\/32ff49a53c9c1bb24302ee8ece058096"},"headline":"Fils du Nord et garant du droit, Emmanuel Vertilaire porte le poids du silence et de l\u2019\u00e9chec du devoir","datePublished":"2025-10-11T01:06:10+00:00","dateModified":"2025-10-11T01:06:13+00:00","mainEntityOfPage":{"@id":"https:\/\/velipost.com\/?p=4481"},"wordCount":626,"commentCount":0,"publisher":{"@id":"https:\/\/velipost.com\/#organization"},"image":{"@id":"https:\/\/velipost.com\/?p=4481#primaryimage"},"thumbnailUrl":"https:\/\/velipost.com\/wp-content\/uploads\/2025\/10\/Emmanuel-Vertilaire.jpg","articleSection":["Opinion"],"inLanguage":"fr-FR","potentialAction":[{"@type":"CommentAction","name":"Comment","target":["https:\/\/velipost.com\/?p=4481#respond"]}]},{"@type":"WebPage","@id":"https:\/\/velipost.com\/?p=4481","url":"https:\/\/velipost.com\/?p=4481","name":"Fils du Nord et garant du droit, Emmanuel Vertilaire porte le poids du silence et de l\u2019\u00e9chec du devoir &#8211; VeliPost","isPartOf":{"@id":"https:\/\/velipost.com\/#website"},"primaryImageOfPage":{"@id":"https:\/\/velipost.com\/?p=4481#primaryimage"},"image":{"@id":"https:\/\/velipost.com\/?p=4481#primaryimage"},"thumbnailUrl":"https:\/\/velipost.com\/wp-content\/uploads\/2025\/10\/Emmanuel-Vertilaire.jpg","datePublished":"2025-10-11T01:06:10+00:00","dateModified":"2025-10-11T01:06:13+00:00","breadcrumb":{"@id":"https:\/\/velipost.com\/?p=4481#breadcrumb"},"inLanguage":"fr-FR","potentialAction":[{"@type":"ReadAction","target":["https:\/\/velipost.com\/?p=4481"]}]},{"@type":"ImageObject","inLanguage":"fr-FR","@id":"https:\/\/velipost.com\/?p=4481#primaryimage","url":"https:\/\/velipost.com\/wp-content\/uploads\/2025\/10\/Emmanuel-Vertilaire.jpg","contentUrl":"https:\/\/velipost.com\/wp-content\/uploads\/2025\/10\/Emmanuel-Vertilaire.jpg","width":1170,"height":603},{"@type":"BreadcrumbList","@id":"https:\/\/velipost.com\/?p=4481#breadcrumb","itemListElement":[{"@type":"ListItem","position":1,"name":"Accueil","item":"https:\/\/velipost.com\/"},{"@type":"ListItem","position":2,"name":"Fils du Nord et garant du droit, Emmanuel Vertilaire porte le poids du silence et de l\u2019\u00e9chec du devoir"}]},{"@type":"WebSite","@id":"https:\/\/velipost.com\/#website","url":"https:\/\/velipost.com\/","name":"VeliPost","description":"L\u2019info en un clic","publisher":{"@id":"https:\/\/velipost.com\/#organization"},"potentialAction":[{"@type":"SearchAction","target":{"@type":"EntryPoint","urlTemplate":"https:\/\/velipost.com\/?s={search_term_string}"},"query-input":{"@type":"PropertyValueSpecification","valueRequired":true,"valueName":"search_term_string"}}],"inLanguage":"fr-FR"},{"@type":"Organization","@id":"https:\/\/velipost.com\/#organization","name":"VeliPost","url":"https:\/\/velipost.com\/","logo":{"@type":"ImageObject","inLanguage":"fr-FR","@id":"https:\/\/velipost.com\/#\/schema\/logo\/image\/","url":"https:\/\/velipost.com\/wp-content\/uploads\/2024\/08\/cropped-VP-logo-piti.png","contentUrl":"https:\/\/velipost.com\/wp-content\/uploads\/2024\/08\/cropped-VP-logo-piti.png","width":201,"height":69,"caption":"VeliPost"},"image":{"@id":"https:\/\/velipost.com\/#\/schema\/logo\/image\/"},"sameAs":["https:\/\/www.facebook.com\/veliposthaiti","https:\/\/x.com\/veliposthaiti","https:\/\/www.instagram.com\/veliposthaiti"]},{"@type":"Person","@id":"https:\/\/velipost.com\/#\/schema\/person\/32ff49a53c9c1bb24302ee8ece058096","name":"VeliPost","image":{"@type":"ImageObject","inLanguage":"fr-FR","@id":"https:\/\/velipost.com\/#\/schema\/person\/image\/","url":"https:\/\/secure.gravatar.com\/avatar\/57c226c264de62f794185a89596d4a37b85a5ad20aca30d9d5a478b27d8c8d9d?s=96&d=mm&r=g","contentUrl":"https:\/\/secure.gravatar.com\/avatar\/57c226c264de62f794185a89596d4a37b85a5ad20aca30d9d5a478b27d8c8d9d?s=96&d=mm&r=g","caption":"VeliPost"},"sameAs":["https:\/\/velipost.com"],"url":"https:\/\/velipost.com\/?author=1"}]}},"views":0,"jetpack_publicize_connections":[],"uagb_featured_image_src":{"full":["https:\/\/velipost.com\/wp-content\/uploads\/2025\/10\/Emmanuel-Vertilaire.jpg",1170,603,false],"thumbnail":["https:\/\/velipost.com\/wp-content\/uploads\/2025\/10\/Emmanuel-Vertilaire-150x150.jpg",150,150,true],"medium":["https:\/\/velipost.com\/wp-content\/uploads\/2025\/10\/Emmanuel-Vertilaire-300x155.jpg",300,155,true],"medium_large":["https:\/\/velipost.com\/wp-content\/uploads\/2025\/10\/Emmanuel-Vertilaire-768x396.jpg",715,369,true],"large":["https:\/\/velipost.com\/wp-content\/uploads\/2025\/10\/Emmanuel-Vertilaire-1024x528.jpg",715,369,true],"1536x1536":["https:\/\/velipost.com\/wp-content\/uploads\/2025\/10\/Emmanuel-Vertilaire.jpg",1170,603,false],"2048x2048":["https:\/\/velipost.com\/wp-content\/uploads\/2025\/10\/Emmanuel-Vertilaire.jpg",1170,603,false],"colornews-big-slider":["https:\/\/velipost.com\/wp-content\/uploads\/2025\/10\/Emmanuel-Vertilaire-1070x470.jpg",1070,470,true],"colornews-big-slider-thumb":["https:\/\/velipost.com\/wp-content\/uploads\/2025\/10\/Emmanuel-Vertilaire-184x109.jpg",184,109,true],"colornews-featured-post-medium":["https:\/\/velipost.com\/wp-content\/uploads\/2025\/10\/Emmanuel-Vertilaire-345x265.jpg",345,265,true],"colornews-featured-post-small":["https:\/\/velipost.com\/wp-content\/uploads\/2025\/10\/Emmanuel-Vertilaire-115x73.jpg",115,73,true],"colornews-random-posts":["https:\/\/velipost.com\/wp-content\/uploads\/2025\/10\/Emmanuel-Vertilaire-215x215.jpg",215,215,true],"colornews-featured-image":["https:\/\/velipost.com\/wp-content\/uploads\/2025\/10\/Emmanuel-Vertilaire-715x400.jpg",715,400,true],"mailpoet_newsletter_max":["https:\/\/velipost.com\/wp-content\/uploads\/2025\/10\/Emmanuel-Vertilaire.jpg",1170,603,false]},"uagb_author_info":{"display_name":"VeliPost","author_link":"https:\/\/velipost.com\/?author=1"},"uagb_comment_info":0,"uagb_excerpt":"Originaire du Nord, le Conseiller-Pr\u00e9sident Emmanuel Vertilaire, charg\u00e9 du chantier Justice et S\u00e9curit\u00e9 publique au sein du Conseil Pr\u00e9sidentiel de Transition (CPT), est pour","_links":{"self":[{"href":"https:\/\/velipost.com\/index.php?rest_route=\/wp\/v2\/posts\/4481","targetHints":{"allow":["GET"]}}],"collection":[{"href":"https:\/\/velipost.com\/index.php?rest_route=\/wp\/v2\/posts"}],"about":[{"href":"https:\/\/velipost.com\/index.php?rest_route=\/wp\/v2\/types\/post"}],"author":[{"embeddable":true,"href":"https:\/\/velipost.com\/index.php?rest_route=\/wp\/v2\/users\/1"}],"replies":[{"embeddable":true,"href":"https:\/\/velipost.com\/index.php?rest_route=%2Fwp%2Fv2%2Fcomments&post=4481"}],"version-history":[{"count":1,"href":"https:\/\/velipost.com\/index.php?rest_route=\/wp\/v2\/posts\/4481\/revisions"}],"predecessor-version":[{"id":4483,"href":"https:\/\/velipost.com\/index.php?rest_route=\/wp\/v2\/posts\/4481\/revisions\/4483"}],"wp:featuredmedia":[{"embeddable":true,"href":"https:\/\/velipost.com\/index.php?rest_route=\/wp\/v2\/media\/4482"}],"wp:attachment":[{"href":"https:\/\/velipost.com\/index.php?rest_route=%2Fwp%2Fv2%2Fmedia&parent=4481"}],"wp:term":[{"taxonomy":"category","embeddable":true,"href":"https:\/\/velipost.com\/index.php?rest_route=%2Fwp%2Fv2%2Fcategories&post=4481"},{"taxonomy":"post_tag","embeddable":true,"href":"https:\/\/velipost.com\/index.php?rest_route=%2Fwp%2Fv2%2Ftags&post=4481"}],"curies":[{"name":"wp","href":"https:\/\/api.w.org\/{rel}","templated":true}]}}