{"id":4478,"date":"2025-10-11T01:31:38","date_gmt":"2025-10-10T23:31:38","guid":{"rendered":"https:\/\/velipost.com\/?p=4478"},"modified":"2025-10-11T01:31:40","modified_gmt":"2025-10-10T23:31:40","slug":"sebastien-lecornu-de-retour-a-tete-du-gouvernement-francais-quatre-jours-apres-sa-demission","status":"publish","type":"post","link":"https:\/\/velipost.com\/?p=4478","title":{"rendered":"S\u00e9bastien Lecornu de retour \u00e0 t\u00eate du gouvernement fran\u00e7ais, quatre jours apr\u00e8s sa d\u00e9mission"},"content":{"rendered":"\n<p>Le feuilleton politique de la semaine \u00e0 Paris a pris fin tard dans la soir\u00e9e du vendredi 10 octobre. Quatre jours seulement apr\u00e8s sa d\u00e9mission surprise, S\u00e9bastien Lecornu a \u00e9t\u00e9 renomm\u00e9 Premier ministre par le pr\u00e9sident Emmanuel Macron. L\u2019annonce officielle de l\u2019\u00c9lys\u00e9e est tomb\u00e9e peu avant 22h, apr\u00e8s une journ\u00e9e marqu\u00e9e par le silence et les sp\u00e9culations.<\/p>\n\n\n\n<p>Le 6 octobre dernier, le chef du gouvernement avait cr\u00e9\u00e9 la stupeur en quittant ses fonctions \u00e0 peine quelques heures apr\u00e8s avoir pr\u00e9sent\u00e9 la composition de son \u00e9quipe. Une d\u00e9cision inattendue qui avait plong\u00e9 le pays dans une p\u00e9riode de flou politique. Durant la semaine, Emmanuel Macron avait consult\u00e9 plusieurs responsables de partis politiques, \u00e0 l\u2019exception du RN et de LFI, afin de trouver une issue \u00e0 la crise.<\/p>\n\n\n\n<p>Dans un message publi\u00e9 sur son compte X, S\u00e9bastien Lecornu a expliqu\u00e9 accepter \u00ab par devoir \u00bb cette reconduction. Il a affirm\u00e9 vouloir \u00ab donner un budget \u00e0 la France pour la fin de l\u2019ann\u00e9e \u00bb et \u00ab r\u00e9pondre aux probl\u00e8mes de la vie quotidienne \u00bb des Fran\u00e7ais.<\/p>\n\n\n\n<p>Le Premier ministre doit d\u00e9sormais former un nouveau gouvernement. Il a d\u00e9j\u00e0 pr\u00e9venu que les futurs ministres devront mettre de c\u00f4t\u00e9 toute ambition pr\u00e9sidentielle pour 2027. \u00ab Ceux qui entreront au Gouvernement devront se d\u00e9connecter des ambitions pr\u00e9sidentielles \u00bb, a-t-il insist\u00e9, promettant un travail centr\u00e9 sur les priorit\u00e9s nationales plut\u00f4t que sur les calculs politiques.<\/p>\n\n    <div class=\"xs_social_share_widget xs_share_url after_content \t\tmain_content  wslu-style-3 wslu-share-box-shaped wslu-fill-brand-hover-colored wslu-share-m-5 wslu-none wslu-share-horizontal wslu-theme-font-no wslu-main_content\">\n\n\t\t\n        <ul>\n\t\t\t                    <li class=\"xs-share-li twitter                        wslu-no-extra-data\">\n                        <a href=\"javascript:void(0);\"\n                           id=\"xs_feed_twitter\"\n                           onclick=\"xs_social_sharer(this);\"\n                           data-pid=\"4478\"\n                           data-uri_hash=\"327544225ba4601172e9b0345820ad6a\"\n                           data-key=\"twitter\"\n                           data-xs-href=\"https:\/\/twitter.com\/intent\/tweet?text=S%C3%A9bastien+Lecornu+de+retour+%C3%A0+t%C3%AAte+du+gouvernement+fran%C3%A7ais%2C+quatre+jours+apr%C3%A8s+sa+d%C3%A9mission+https%3A%2F%2Fvelipost.com%2Findex.php%3Frest_route%3D%252Fwp%252Fv2%252Fposts%252F4478&amp;original_referer=https%3A%2F%2Fvelipost.com%2Findex.php%3Frest_route%3D%252Fwp%252Fv2%252Fposts%252F4478&amp;related=xpeedstudio\">\n\n                            <div class=\"xs-social-icon\">\n                                <span class=\"met-social met-social-twitter\"><\/span>\n                            <\/div>\n\n\t\t\t\t\t\t\t\n                            <div class=\"wslu-hover-content\">\n                                <div class=\"xs-social-followers\">\n\t\t\t\t\t\t\t\t\t10                                <\/div>\n                                <div class=\"xs-social-follower-text\">\n\t\t\t\t\t\t\t\t\tShare                                <\/div>\n                                <div class=\"xs-social-follower-label\">\n\t\t\t\t\t\t\t\t\tTwitter                                <\/div>\n                            <\/div>\n                        <\/a>\n                    <\/li>\n\t\t\t\t\t                    <li class=\"xs-share-li telegram                        wslu-no-extra-data\">\n                        <a href=\"javascript:void(0);\"\n                           id=\"xs_feed_telegram\"\n                           onclick=\"xs_social_sharer(this);\"\n                           data-pid=\"4478\"\n                           data-uri_hash=\"327544225ba4601172e9b0345820ad6a\"\n                           data-key=\"telegram\"\n                           data-xs-href=\"https:\/\/telegram.me\/share\/url?url=https%3A%2F%2Fvelipost.com%2Findex.php%3Frest_route%3D%252Fwp%252Fv2%252Fposts%252F4478&amp;text=S%C3%A9bastien+Lecornu+de+retour+%C3%A0+t%C3%AAte+du+gouvernement+fran%C3%A7ais%2C+quatre+jours+apr%C3%A8s+sa+d%C3%A9mission\">\n\n                            <div class=\"xs-social-icon\">\n                                <span class=\"met-social met-social-telegram\"><\/span>\n                            <\/div>\n\n\t\t\t\t\t\t\t\n                            <div class=\"wslu-hover-content\">\n                                <div class=\"xs-social-followers\">\n\t\t\t\t\t\t\t\t\t0                                <\/div>\n                                <div class=\"xs-social-follower-text\">\n\t\t\t\t\t\t\t\t\tShare                                <\/div>\n                                <div class=\"xs-social-follower-label\">\n\t\t\t\t\t\t\t\t\tTelegram                                <\/div>\n                            <\/div>\n                        <\/a>\n                    <\/li>\n\t\t\t\t\t                    <li class=\"xs-share-li email                        wslu-no-extra-data\">\n                        <a href=\"javascript:void(0);\"\n                           id=\"xs_feed_email\"\n                           onclick=\"xs_social_sharer(this);\"\n                           data-pid=\"4478\"\n                           data-uri_hash=\"327544225ba4601172e9b0345820ad6a\"\n                           data-key=\"email\"\n                           data-xs-href=\"mailto:?body=Title%3A+S%C3%A9bastien+Lecornu+de+retour+%C3%A0+t%C3%AAte+du+gouvernement+fran%C3%A7ais%2C+quatre+jours+apr%C3%A8s+sa+d%C3%A9mission+%5Cn%5Cn+URL%3A+https%3A%2F%2Fvelipost.com%2Findex.php%3Frest_route%3D%252Fwp%252Fv2%252Fposts%252F4478&amp;subject=S%C3%A9bastien+Lecornu+de+retour+%C3%A0+t%C3%AAte+du+gouvernement+fran%C3%A7ais%2C+quatre+jours+apr%C3%A8s+sa+d%C3%A9mission\">\n\n                            <div class=\"xs-social-icon\">\n                                <span class=\"met-social met-social-email\"><\/span>\n                            <\/div>\n\n\t\t\t\t\t\t\t\n                            <div class=\"wslu-hover-content\">\n                                <div class=\"xs-social-followers\">\n\t\t\t\t\t\t\t\t\t0                                <\/div>\n                                <div class=\"xs-social-follower-text\">\n\t\t\t\t\t\t\t\t\tShare                                <\/div>\n                                <div class=\"xs-social-follower-label\">\n\t\t\t\t\t\t\t\t\tEmail                                <\/div>\n                            <\/div>\n                        <\/a>\n                    <\/li>\n\t\t\t\t\t        <\/ul>\n    <\/div> \n","protected":false},"excerpt":{"rendered":"<p>Le feuilleton politique de la semaine \u00e0 Paris a pris fin tard dans la soir\u00e9e du vendredi 10 octobre. Quatre jours seulement apr\u00e8s sa<\/p>\n","protected":false},"author":1,"featured_media":4479,"comment_status":"open","ping_status":"open","sticky":false,"template":"","format":"standard","meta":{"_uag_custom_page_level_css":"","footnotes":"","jetpack_publicize_message":"","jetpack_publicize_feature_enabled":true,"jetpack_social_post_already_shared":true,"jetpack_social_options":{"image_generator_settings":{"template":"highway","default_image_id":0,"font":"","enabled":false},"version":2}},"categories":[107],"tags":[],"class_list":["post-4478","post","type-post","status-publish","format-standard","has-post-thumbnail","hentry","category-international"],"yoast_head":"<!-- This site is optimized with the Yoast SEO plugin v25.3.1 - https:\/\/yoast.com\/wordpress\/plugins\/seo\/ -->\n<title>S\u00e9bastien Lecornu de retour \u00e0 t\u00eate du gouvernement fran\u00e7ais, quatre jours apr\u00e8s sa d\u00e9mission &#8211; VeliPost<\/title>\n<meta name=\"robots\" content=\"index, follow, max-snippet:-1, max-image-preview:large, max-video-preview:-1\" \/>\n<link rel=\"canonical\" href=\"https:\/\/velipost.com\/?p=4478\" \/>\n<meta property=\"og:locale\" content=\"fr_FR\" \/>\n<meta property=\"og:type\" content=\"article\" \/>\n<meta property=\"og:title\" content=\"S\u00e9bastien Lecornu de retour \u00e0 t\u00eate du gouvernement fran\u00e7ais, quatre jours apr\u00e8s sa d\u00e9mission &#8211; VeliPost\" \/>\n<meta property=\"og:description\" content=\"Le feuilleton politique de la semaine \u00e0 Paris a pris fin tard dans la soir\u00e9e du vendredi 10 octobre. Quatre jours seulement apr\u00e8s sa\" \/>\n<meta property=\"og:url\" content=\"https:\/\/velipost.com\/?p=4478\" \/>\n<meta property=\"og:site_name\" content=\"VeliPost\" \/>\n<meta property=\"article:publisher\" content=\"https:\/\/www.facebook.com\/veliposthaiti\" \/>\n<meta property=\"article:published_time\" content=\"2025-10-10T23:31:38+00:00\" \/>\n<meta property=\"article:modified_time\" content=\"2025-10-10T23:31:40+00:00\" \/>\n<meta property=\"og:image\" content=\"https:\/\/velipost.com\/wp-content\/uploads\/2025\/10\/Sebastien-Lecornu.jpg\" \/>\n\t<meta property=\"og:image:width\" content=\"1170\" \/>\n\t<meta property=\"og:image:height\" content=\"603\" \/>\n\t<meta property=\"og:image:type\" content=\"image\/jpeg\" \/>\n<meta name=\"author\" content=\"VeliPost\" \/>\n<meta name=\"twitter:card\" content=\"summary_large_image\" \/>\n<meta name=\"twitter:creator\" content=\"@veliposthaiti\" \/>\n<meta name=\"twitter:site\" content=\"@veliposthaiti\" \/>\n<meta name=\"twitter:label1\" content=\"\u00c9crit par\" \/>\n\t<meta name=\"twitter:data1\" content=\"VeliPost\" \/>\n\t<meta name=\"twitter:label2\" content=\"Dur\u00e9e de lecture estim\u00e9e\" \/>\n\t<meta name=\"twitter:data2\" content=\"2 minutes\" \/>\n<script type=\"application\/ld+json\" class=\"yoast-schema-graph\">{\"@context\":\"https:\/\/schema.org\",\"@graph\":[{\"@type\":\"Article\",\"@id\":\"https:\/\/velipost.com\/?p=4478#article\",\"isPartOf\":{\"@id\":\"https:\/\/velipost.com\/?p=4478\"},\"author\":{\"name\":\"VeliPost\",\"@id\":\"https:\/\/velipost.com\/#\/schema\/person\/32ff49a53c9c1bb24302ee8ece058096\"},\"headline\":\"S\u00e9bastien Lecornu de retour \u00e0 t\u00eate du gouvernement fran\u00e7ais, quatre jours apr\u00e8s sa d\u00e9mission\",\"datePublished\":\"2025-10-10T23:31:38+00:00\",\"dateModified\":\"2025-10-10T23:31:40+00:00\",\"mainEntityOfPage\":{\"@id\":\"https:\/\/velipost.com\/?p=4478\"},\"wordCount\":264,\"commentCount\":0,\"publisher\":{\"@id\":\"https:\/\/velipost.com\/#organization\"},\"image\":{\"@id\":\"https:\/\/velipost.com\/?p=4478#primaryimage\"},\"thumbnailUrl\":\"https:\/\/velipost.com\/wp-content\/uploads\/2025\/10\/Sebastien-Lecornu.jpg\",\"articleSection\":[\"International\"],\"inLanguage\":\"fr-FR\",\"potentialAction\":[{\"@type\":\"CommentAction\",\"name\":\"Comment\",\"target\":[\"https:\/\/velipost.com\/?p=4478#respond\"]}]},{\"@type\":\"WebPage\",\"@id\":\"https:\/\/velipost.com\/?p=4478\",\"url\":\"https:\/\/velipost.com\/?p=4478\",\"name\":\"S\u00e9bastien Lecornu de retour \u00e0 t\u00eate du gouvernement fran\u00e7ais, quatre jours apr\u00e8s sa d\u00e9mission &#8211; VeliPost\",\"isPartOf\":{\"@id\":\"https:\/\/velipost.com\/#website\"},\"primaryImageOfPage\":{\"@id\":\"https:\/\/velipost.com\/?p=4478#primaryimage\"},\"image\":{\"@id\":\"https:\/\/velipost.com\/?p=4478#primaryimage\"},\"thumbnailUrl\":\"https:\/\/velipost.com\/wp-content\/uploads\/2025\/10\/Sebastien-Lecornu.jpg\",\"datePublished\":\"2025-10-10T23:31:38+00:00\",\"dateModified\":\"2025-10-10T23:31:40+00:00\",\"breadcrumb\":{\"@id\":\"https:\/\/velipost.com\/?p=4478#breadcrumb\"},\"inLanguage\":\"fr-FR\",\"potentialAction\":[{\"@type\":\"ReadAction\",\"target\":[\"https:\/\/velipost.com\/?p=4478\"]}]},{\"@type\":\"ImageObject\",\"inLanguage\":\"fr-FR\",\"@id\":\"https:\/\/velipost.com\/?p=4478#primaryimage\",\"url\":\"https:\/\/velipost.com\/wp-content\/uploads\/2025\/10\/Sebastien-Lecornu.jpg\",\"contentUrl\":\"https:\/\/velipost.com\/wp-content\/uploads\/2025\/10\/Sebastien-Lecornu.jpg\",\"width\":1170,\"height\":603},{\"@type\":\"BreadcrumbList\",\"@id\":\"https:\/\/velipost.com\/?p=4478#breadcrumb\",\"itemListElement\":[{\"@type\":\"ListItem\",\"position\":1,\"name\":\"Accueil\",\"item\":\"https:\/\/velipost.com\/\"},{\"@type\":\"ListItem\",\"position\":2,\"name\":\"S\u00e9bastien Lecornu de retour \u00e0 t\u00eate du gouvernement fran\u00e7ais, quatre jours apr\u00e8s sa d\u00e9mission\"}]},{\"@type\":\"WebSite\",\"@id\":\"https:\/\/velipost.com\/#website\",\"url\":\"https:\/\/velipost.com\/\",\"name\":\"VeliPost\",\"description\":\"L\u2019info en un clic\",\"publisher\":{\"@id\":\"https:\/\/velipost.com\/#organization\"},\"potentialAction\":[{\"@type\":\"SearchAction\",\"target\":{\"@type\":\"EntryPoint\",\"urlTemplate\":\"https:\/\/velipost.com\/?s={search_term_string}\"},\"query-input\":{\"@type\":\"PropertyValueSpecification\",\"valueRequired\":true,\"valueName\":\"search_term_string\"}}],\"inLanguage\":\"fr-FR\"},{\"@type\":\"Organization\",\"@id\":\"https:\/\/velipost.com\/#organization\",\"name\":\"VeliPost\",\"url\":\"https:\/\/velipost.com\/\",\"logo\":{\"@type\":\"ImageObject\",\"inLanguage\":\"fr-FR\",\"@id\":\"https:\/\/velipost.com\/#\/schema\/logo\/image\/\",\"url\":\"https:\/\/velipost.com\/wp-content\/uploads\/2024\/08\/cropped-VP-logo-piti.png\",\"contentUrl\":\"https:\/\/velipost.com\/wp-content\/uploads\/2024\/08\/cropped-VP-logo-piti.png\",\"width\":201,\"height\":69,\"caption\":\"VeliPost\"},\"image\":{\"@id\":\"https:\/\/velipost.com\/#\/schema\/logo\/image\/\"},\"sameAs\":[\"https:\/\/www.facebook.com\/veliposthaiti\",\"https:\/\/x.com\/veliposthaiti\",\"https:\/\/www.instagram.com\/veliposthaiti\"]},{\"@type\":\"Person\",\"@id\":\"https:\/\/velipost.com\/#\/schema\/person\/32ff49a53c9c1bb24302ee8ece058096\",\"name\":\"VeliPost\",\"image\":{\"@type\":\"ImageObject\",\"inLanguage\":\"fr-FR\",\"@id\":\"https:\/\/velipost.com\/#\/schema\/person\/image\/\",\"url\":\"https:\/\/secure.gravatar.com\/avatar\/57c226c264de62f794185a89596d4a37b85a5ad20aca30d9d5a478b27d8c8d9d?s=96&d=mm&r=g\",\"contentUrl\":\"https:\/\/secure.gravatar.com\/avatar\/57c226c264de62f794185a89596d4a37b85a5ad20aca30d9d5a478b27d8c8d9d?s=96&d=mm&r=g\",\"caption\":\"VeliPost\"},\"sameAs\":[\"https:\/\/velipost.com\"],\"url\":\"https:\/\/velipost.com\/?author=1\"}]}<\/script>\n<!-- \/ Yoast SEO plugin. -->","yoast_head_json":{"title":"S\u00e9bastien Lecornu de retour \u00e0 t\u00eate du gouvernement fran\u00e7ais, quatre jours apr\u00e8s sa d\u00e9mission &#8211; VeliPost","robots":{"index":"index","follow":"follow","max-snippet":"max-snippet:-1","max-image-preview":"max-image-preview:large","max-video-preview":"max-video-preview:-1"},"canonical":"https:\/\/velipost.com\/?p=4478","og_locale":"fr_FR","og_type":"article","og_title":"S\u00e9bastien Lecornu de retour \u00e0 t\u00eate du gouvernement fran\u00e7ais, quatre jours apr\u00e8s sa d\u00e9mission &#8211; VeliPost","og_description":"Le feuilleton politique de la semaine \u00e0 Paris a pris fin tard dans la soir\u00e9e du vendredi 10 octobre. Quatre jours seulement apr\u00e8s sa","og_url":"https:\/\/velipost.com\/?p=4478","og_site_name":"VeliPost","article_publisher":"https:\/\/www.facebook.com\/veliposthaiti","article_published_time":"2025-10-10T23:31:38+00:00","article_modified_time":"2025-10-10T23:31:40+00:00","og_image":[{"width":1170,"height":603,"url":"https:\/\/velipost.com\/wp-content\/uploads\/2025\/10\/Sebastien-Lecornu.jpg","type":"image\/jpeg"}],"author":"VeliPost","twitter_card":"summary_large_image","twitter_creator":"@veliposthaiti","twitter_site":"@veliposthaiti","twitter_misc":{"\u00c9crit par":"VeliPost","Dur\u00e9e de lecture estim\u00e9e":"2 minutes"},"schema":{"@context":"https:\/\/schema.org","@graph":[{"@type":"Article","@id":"https:\/\/velipost.com\/?p=4478#article","isPartOf":{"@id":"https:\/\/velipost.com\/?p=4478"},"author":{"name":"VeliPost","@id":"https:\/\/velipost.com\/#\/schema\/person\/32ff49a53c9c1bb24302ee8ece058096"},"headline":"S\u00e9bastien Lecornu de retour \u00e0 t\u00eate du gouvernement fran\u00e7ais, quatre jours apr\u00e8s sa d\u00e9mission","datePublished":"2025-10-10T23:31:38+00:00","dateModified":"2025-10-10T23:31:40+00:00","mainEntityOfPage":{"@id":"https:\/\/velipost.com\/?p=4478"},"wordCount":264,"commentCount":0,"publisher":{"@id":"https:\/\/velipost.com\/#organization"},"image":{"@id":"https:\/\/velipost.com\/?p=4478#primaryimage"},"thumbnailUrl":"https:\/\/velipost.com\/wp-content\/uploads\/2025\/10\/Sebastien-Lecornu.jpg","articleSection":["International"],"inLanguage":"fr-FR","potentialAction":[{"@type":"CommentAction","name":"Comment","target":["https:\/\/velipost.com\/?p=4478#respond"]}]},{"@type":"WebPage","@id":"https:\/\/velipost.com\/?p=4478","url":"https:\/\/velipost.com\/?p=4478","name":"S\u00e9bastien Lecornu de retour \u00e0 t\u00eate du gouvernement fran\u00e7ais, quatre jours apr\u00e8s sa d\u00e9mission &#8211; VeliPost","isPartOf":{"@id":"https:\/\/velipost.com\/#website"},"primaryImageOfPage":{"@id":"https:\/\/velipost.com\/?p=4478#primaryimage"},"image":{"@id":"https:\/\/velipost.com\/?p=4478#primaryimage"},"thumbnailUrl":"https:\/\/velipost.com\/wp-content\/uploads\/2025\/10\/Sebastien-Lecornu.jpg","datePublished":"2025-10-10T23:31:38+00:00","dateModified":"2025-10-10T23:31:40+00:00","breadcrumb":{"@id":"https:\/\/velipost.com\/?p=4478#breadcrumb"},"inLanguage":"fr-FR","potentialAction":[{"@type":"ReadAction","target":["https:\/\/velipost.com\/?p=4478"]}]},{"@type":"ImageObject","inLanguage":"fr-FR","@id":"https:\/\/velipost.com\/?p=4478#primaryimage","url":"https:\/\/velipost.com\/wp-content\/uploads\/2025\/10\/Sebastien-Lecornu.jpg","contentUrl":"https:\/\/velipost.com\/wp-content\/uploads\/2025\/10\/Sebastien-Lecornu.jpg","width":1170,"height":603},{"@type":"BreadcrumbList","@id":"https:\/\/velipost.com\/?p=4478#breadcrumb","itemListElement":[{"@type":"ListItem","position":1,"name":"Accueil","item":"https:\/\/velipost.com\/"},{"@type":"ListItem","position":2,"name":"S\u00e9bastien Lecornu de retour \u00e0 t\u00eate du gouvernement fran\u00e7ais, quatre jours apr\u00e8s sa d\u00e9mission"}]},{"@type":"WebSite","@id":"https:\/\/velipost.com\/#website","url":"https:\/\/velipost.com\/","name":"VeliPost","description":"L\u2019info en un clic","publisher":{"@id":"https:\/\/velipost.com\/#organization"},"potentialAction":[{"@type":"SearchAction","target":{"@type":"EntryPoint","urlTemplate":"https:\/\/velipost.com\/?s={search_term_string}"},"query-input":{"@type":"PropertyValueSpecification","valueRequired":true,"valueName":"search_term_string"}}],"inLanguage":"fr-FR"},{"@type":"Organization","@id":"https:\/\/velipost.com\/#organization","name":"VeliPost","url":"https:\/\/velipost.com\/","logo":{"@type":"ImageObject","inLanguage":"fr-FR","@id":"https:\/\/velipost.com\/#\/schema\/logo\/image\/","url":"https:\/\/velipost.com\/wp-content\/uploads\/2024\/08\/cropped-VP-logo-piti.png","contentUrl":"https:\/\/velipost.com\/wp-content\/uploads\/2024\/08\/cropped-VP-logo-piti.png","width":201,"height":69,"caption":"VeliPost"},"image":{"@id":"https:\/\/velipost.com\/#\/schema\/logo\/image\/"},"sameAs":["https:\/\/www.facebook.com\/veliposthaiti","https:\/\/x.com\/veliposthaiti","https:\/\/www.instagram.com\/veliposthaiti"]},{"@type":"Person","@id":"https:\/\/velipost.com\/#\/schema\/person\/32ff49a53c9c1bb24302ee8ece058096","name":"VeliPost","image":{"@type":"ImageObject","inLanguage":"fr-FR","@id":"https:\/\/velipost.com\/#\/schema\/person\/image\/","url":"https:\/\/secure.gravatar.com\/avatar\/57c226c264de62f794185a89596d4a37b85a5ad20aca30d9d5a478b27d8c8d9d?s=96&d=mm&r=g","contentUrl":"https:\/\/secure.gravatar.com\/avatar\/57c226c264de62f794185a89596d4a37b85a5ad20aca30d9d5a478b27d8c8d9d?s=96&d=mm&r=g","caption":"VeliPost"},"sameAs":["https:\/\/velipost.com"],"url":"https:\/\/velipost.com\/?author=1"}]}},"views":0,"jetpack_publicize_connections":[],"uagb_featured_image_src":{"full":["https:\/\/velipost.com\/wp-content\/uploads\/2025\/10\/Sebastien-Lecornu.jpg",1170,603,false],"thumbnail":["https:\/\/velipost.com\/wp-content\/uploads\/2025\/10\/Sebastien-Lecornu-150x150.jpg",150,150,true],"medium":["https:\/\/velipost.com\/wp-content\/uploads\/2025\/10\/Sebastien-Lecornu-300x155.jpg",300,155,true],"medium_large":["https:\/\/velipost.com\/wp-content\/uploads\/2025\/10\/Sebastien-Lecornu-768x396.jpg",715,369,true],"large":["https:\/\/velipost.com\/wp-content\/uploads\/2025\/10\/Sebastien-Lecornu-1024x528.jpg",715,369,true],"1536x1536":["https:\/\/velipost.com\/wp-content\/uploads\/2025\/10\/Sebastien-Lecornu.jpg",1170,603,false],"2048x2048":["https:\/\/velipost.com\/wp-content\/uploads\/2025\/10\/Sebastien-Lecornu.jpg",1170,603,false],"colornews-big-slider":["https:\/\/velipost.com\/wp-content\/uploads\/2025\/10\/Sebastien-Lecornu-1070x470.jpg",1070,470,true],"colornews-big-slider-thumb":["https:\/\/velipost.com\/wp-content\/uploads\/2025\/10\/Sebastien-Lecornu-184x109.jpg",184,109,true],"colornews-featured-post-medium":["https:\/\/velipost.com\/wp-content\/uploads\/2025\/10\/Sebastien-Lecornu-345x265.jpg",345,265,true],"colornews-featured-post-small":["https:\/\/velipost.com\/wp-content\/uploads\/2025\/10\/Sebastien-Lecornu-115x73.jpg",115,73,true],"colornews-random-posts":["https:\/\/velipost.com\/wp-content\/uploads\/2025\/10\/Sebastien-Lecornu-215x215.jpg",215,215,true],"colornews-featured-image":["https:\/\/velipost.com\/wp-content\/uploads\/2025\/10\/Sebastien-Lecornu-715x400.jpg",715,400,true],"mailpoet_newsletter_max":["https:\/\/velipost.com\/wp-content\/uploads\/2025\/10\/Sebastien-Lecornu.jpg",1170,603,false]},"uagb_author_info":{"display_name":"VeliPost","author_link":"https:\/\/velipost.com\/?author=1"},"uagb_comment_info":0,"uagb_excerpt":"Le feuilleton politique de la semaine \u00e0 Paris a pris fin tard dans la soir\u00e9e du vendredi 10 octobre. Quatre jours seulement apr\u00e8s sa","_links":{"self":[{"href":"https:\/\/velipost.com\/index.php?rest_route=\/wp\/v2\/posts\/4478","targetHints":{"allow":["GET"]}}],"collection":[{"href":"https:\/\/velipost.com\/index.php?rest_route=\/wp\/v2\/posts"}],"about":[{"href":"https:\/\/velipost.com\/index.php?rest_route=\/wp\/v2\/types\/post"}],"author":[{"embeddable":true,"href":"https:\/\/velipost.com\/index.php?rest_route=\/wp\/v2\/users\/1"}],"replies":[{"embeddable":true,"href":"https:\/\/velipost.com\/index.php?rest_route=%2Fwp%2Fv2%2Fcomments&post=4478"}],"version-history":[{"count":1,"href":"https:\/\/velipost.com\/index.php?rest_route=\/wp\/v2\/posts\/4478\/revisions"}],"predecessor-version":[{"id":4480,"href":"https:\/\/velipost.com\/index.php?rest_route=\/wp\/v2\/posts\/4478\/revisions\/4480"}],"wp:featuredmedia":[{"embeddable":true,"href":"https:\/\/velipost.com\/index.php?rest_route=\/wp\/v2\/media\/4479"}],"wp:attachment":[{"href":"https:\/\/velipost.com\/index.php?rest_route=%2Fwp%2Fv2%2Fmedia&parent=4478"}],"wp:term":[{"taxonomy":"category","embeddable":true,"href":"https:\/\/velipost.com\/index.php?rest_route=%2Fwp%2Fv2%2Fcategories&post=4478"},{"taxonomy":"post_tag","embeddable":true,"href":"https:\/\/velipost.com\/index.php?rest_route=%2Fwp%2Fv2%2Ftags&post=4478"}],"curies":[{"name":"wp","href":"https:\/\/api.w.org\/{rel}","templated":true}]}}