{"id":4459,"date":"2025-10-09T05:33:30","date_gmt":"2025-10-09T03:33:30","guid":{"rendered":"https:\/\/velipost.com\/?p=4459"},"modified":"2025-10-09T05:36:41","modified_gmt":"2025-10-09T03:36:41","slug":"le-ministere-de-lenvironnement-soutient-les-pecheurs-de-belle-anse-face-aux-defis-climatiques","status":"publish","type":"post","link":"https:\/\/velipost.com\/?p=4459","title":{"rendered":"Le Minist\u00e8re de l\u2019Environnement soutient les p\u00eacheurs de Belle-Anse face aux d\u00e9fis climatiques"},"content":{"rendered":"\n<p> \u00c0 Belle-Anse, les p\u00eacheurs voient enfin leurs efforts reconnus. Le\u00a0<strong>Minist\u00e8re de l\u2019Environnement (MdE)<\/strong>\u00a0a remis dix moteurs hors-bord \u00e0 dix associations de p\u00eacheurs de la commune, une action qui symbolise l\u2019espoir d\u2019une p\u00eache plus moderne, plus s\u00fbre et plus durable dans un contexte climatique de plus en plus difficile.<\/p>\n\n\n\n<p>Cette initiative, r\u00e9alis\u00e9e le 4 octobre 2025, s\u2019inscrit dans la mise en \u0153uvre du\u00a0<strong>Plan National d\u2019Adaptation (PNA)<\/strong>d\u2019Ha\u00efti et vise \u00e0 renforcer la r\u00e9silience des communaut\u00e9s c\u00f4ti\u00e8res tout en favorisant une exploitation responsable des ressources marines.<\/p>\n\n\n\n<p>Pendant des ann\u00e9es, les p\u00eacheurs de Belle-Anse ont d\u00fb affronter la mer avec des moyens limit\u00e9s. Les nouveaux moteurs hors-bord de 40 chevaux leur permettront d\u00e9sormais de parcourir de plus longues distances, d\u2019acc\u00e9der \u00e0 des zones de p\u00eache plus riches et d\u2019assurer une meilleure s\u00e9curit\u00e9 en mer.<\/p>\n\n\n\n<p>Pour le ministre de l\u2019Environnement,\u00a0ing\u00e9nieur Mo\u00efse Fils Jean Pierre, cette remise n\u2019est pas un simple don, mais une action strat\u00e9gique :<\/p>\n\n\n\n<blockquote class=\"wp-block-quote is-layout-flow wp-block-quote-is-layout-flow\">\n<p>\u00ab Elle illustre la volont\u00e9 du gouvernement de traduire en actes la vision du Plan national d\u2019adaptation. Elle t\u00e9moigne de notre engagement \u00e0 renforcer la r\u00e9silience des communaut\u00e9s c\u00f4ti\u00e8res et \u00e0 valoriser durablement les ressources marines. \u00bb<\/p>\n<\/blockquote>\n\n\n\n<p>En dotant les p\u00eacheurs d\u2019outils adapt\u00e9s, le MdE esp\u00e8re encourager des pratiques de p\u00eache plus respectueuses de l\u2019environnement et r\u00e9duire la surexploitation des ressources marines.<\/p>\n\n    <div class=\"xs_social_share_widget xs_share_url after_content \t\tmain_content  wslu-style-3 wslu-share-box-shaped wslu-fill-brand-hover-colored wslu-share-m-5 wslu-none wslu-share-horizontal wslu-theme-font-no wslu-main_content\">\n\n\t\t\n        <ul>\n\t\t\t                    <li class=\"xs-share-li twitter                        wslu-no-extra-data\">\n                        <a href=\"javascript:void(0);\"\n                           id=\"xs_feed_twitter\"\n                           onclick=\"xs_social_sharer(this);\"\n                           data-pid=\"4459\"\n                           data-uri_hash=\"3a80ff80927436c59588d97ff710a00d\"\n                           data-key=\"twitter\"\n                           data-xs-href=\"https:\/\/twitter.com\/intent\/tweet?text=Le+Minist%C3%A8re+de+l%E2%80%99Environnement+soutient+les+p%C3%AAcheurs+de+Belle-Anse+face+aux+d%C3%A9fis+climatiques+https%3A%2F%2Fvelipost.com%2Findex.php%3Frest_route%3D%252Fwp%252Fv2%252Fposts%252F4459&amp;original_referer=https%3A%2F%2Fvelipost.com%2Findex.php%3Frest_route%3D%252Fwp%252Fv2%252Fposts%252F4459&amp;related=xpeedstudio\">\n\n                            <div class=\"xs-social-icon\">\n                                <span class=\"met-social met-social-twitter\"><\/span>\n                            <\/div>\n\n\t\t\t\t\t\t\t\n                            <div class=\"wslu-hover-content\">\n                                <div class=\"xs-social-followers\">\n\t\t\t\t\t\t\t\t\t10                                <\/div>\n                                <div class=\"xs-social-follower-text\">\n\t\t\t\t\t\t\t\t\tShare                                <\/div>\n                                <div class=\"xs-social-follower-label\">\n\t\t\t\t\t\t\t\t\tTwitter                                <\/div>\n                            <\/div>\n                        <\/a>\n                    <\/li>\n\t\t\t\t\t                    <li class=\"xs-share-li telegram                        wslu-no-extra-data\">\n                        <a href=\"javascript:void(0);\"\n                           id=\"xs_feed_telegram\"\n                           onclick=\"xs_social_sharer(this);\"\n                           data-pid=\"4459\"\n                           data-uri_hash=\"3a80ff80927436c59588d97ff710a00d\"\n                           data-key=\"telegram\"\n                           data-xs-href=\"https:\/\/telegram.me\/share\/url?url=https%3A%2F%2Fvelipost.com%2Findex.php%3Frest_route%3D%252Fwp%252Fv2%252Fposts%252F4459&amp;text=Le+Minist%C3%A8re+de+l%E2%80%99Environnement+soutient+les+p%C3%AAcheurs+de+Belle-Anse+face+aux+d%C3%A9fis+climatiques\">\n\n                            <div class=\"xs-social-icon\">\n                                <span class=\"met-social met-social-telegram\"><\/span>\n                            <\/div>\n\n\t\t\t\t\t\t\t\n                            <div class=\"wslu-hover-content\">\n                                <div class=\"xs-social-followers\">\n\t\t\t\t\t\t\t\t\t0                                <\/div>\n                                <div class=\"xs-social-follower-text\">\n\t\t\t\t\t\t\t\t\tShare                                <\/div>\n                                <div class=\"xs-social-follower-label\">\n\t\t\t\t\t\t\t\t\tTelegram                                <\/div>\n                            <\/div>\n                        <\/a>\n                    <\/li>\n\t\t\t\t\t                    <li class=\"xs-share-li email                        wslu-no-extra-data\">\n                        <a href=\"javascript:void(0);\"\n                           id=\"xs_feed_email\"\n                           onclick=\"xs_social_sharer(this);\"\n                           data-pid=\"4459\"\n                           data-uri_hash=\"3a80ff80927436c59588d97ff710a00d\"\n                           data-key=\"email\"\n                           data-xs-href=\"mailto:?body=Title%3A+Le+Minist%C3%A8re+de+l%E2%80%99Environnement+soutient+les+p%C3%AAcheurs+de+Belle-Anse+face+aux+d%C3%A9fis+climatiques+%5Cn%5Cn+URL%3A+https%3A%2F%2Fvelipost.com%2Findex.php%3Frest_route%3D%252Fwp%252Fv2%252Fposts%252F4459&amp;subject=Le+Minist%C3%A8re+de+l%E2%80%99Environnement+soutient+les+p%C3%AAcheurs+de+Belle-Anse+face+aux+d%C3%A9fis+climatiques\">\n\n                            <div class=\"xs-social-icon\">\n                                <span class=\"met-social met-social-email\"><\/span>\n                            <\/div>\n\n\t\t\t\t\t\t\t\n                            <div class=\"wslu-hover-content\">\n                                <div class=\"xs-social-followers\">\n\t\t\t\t\t\t\t\t\t0                                <\/div>\n                                <div class=\"xs-social-follower-text\">\n\t\t\t\t\t\t\t\t\tShare                                <\/div>\n                                <div class=\"xs-social-follower-label\">\n\t\t\t\t\t\t\t\t\tEmail                                <\/div>\n                            <\/div>\n                        <\/a>\n                    <\/li>\n\t\t\t\t\t        <\/ul>\n    <\/div> \n","protected":false},"excerpt":{"rendered":"<p>\u00c0 Belle-Anse, les p\u00eacheurs voient enfin leurs efforts reconnus. Le\u00a0Minist\u00e8re de l\u2019Environnement (MdE)\u00a0a remis dix moteurs hors-bord \u00e0 dix associations de p\u00eacheurs de la<\/p>\n","protected":false},"author":1,"featured_media":4460,"comment_status":"open","ping_status":"open","sticky":false,"template":"","format":"standard","meta":{"_uag_custom_page_level_css":"","footnotes":"","jetpack_publicize_message":"","jetpack_publicize_feature_enabled":true,"jetpack_social_post_already_shared":true,"jetpack_social_options":{"image_generator_settings":{"template":"highway","default_image_id":0,"font":"","enabled":false},"version":2}},"categories":[100],"tags":[],"class_list":["post-4459","post","type-post","status-publish","format-standard","has-post-thumbnail","hentry","category-environnement"],"yoast_head":"<!-- This site is optimized with the Yoast SEO plugin v25.3.1 - https:\/\/yoast.com\/wordpress\/plugins\/seo\/ -->\n<title>Le Minist\u00e8re de l\u2019Environnement soutient les p\u00eacheurs de Belle-Anse face aux d\u00e9fis climatiques &#8211; VeliPost<\/title>\n<meta name=\"robots\" content=\"index, follow, max-snippet:-1, max-image-preview:large, max-video-preview:-1\" \/>\n<link rel=\"canonical\" href=\"https:\/\/velipost.com\/?p=4459\" \/>\n<meta property=\"og:locale\" content=\"fr_FR\" \/>\n<meta property=\"og:type\" content=\"article\" \/>\n<meta property=\"og:title\" content=\"Le Minist\u00e8re de l\u2019Environnement soutient les p\u00eacheurs de Belle-Anse face aux d\u00e9fis climatiques &#8211; VeliPost\" \/>\n<meta property=\"og:description\" content=\"\u00c0 Belle-Anse, les p\u00eacheurs voient enfin leurs efforts reconnus. Le\u00a0Minist\u00e8re de l\u2019Environnement (MdE)\u00a0a remis dix moteurs hors-bord \u00e0 dix associations de p\u00eacheurs de la\" \/>\n<meta property=\"og:url\" content=\"https:\/\/velipost.com\/?p=4459\" \/>\n<meta property=\"og:site_name\" content=\"VeliPost\" \/>\n<meta property=\"article:publisher\" content=\"https:\/\/www.facebook.com\/veliposthaiti\" \/>\n<meta property=\"article:published_time\" content=\"2025-10-09T03:33:30+00:00\" \/>\n<meta property=\"article:modified_time\" content=\"2025-10-09T03:36:41+00:00\" \/>\n<meta property=\"og:image\" content=\"https:\/\/velipost.com\/wp-content\/uploads\/2025\/10\/Cover-VP-2.jpg\" \/>\n\t<meta property=\"og:image:width\" content=\"1170\" \/>\n\t<meta property=\"og:image:height\" content=\"603\" \/>\n\t<meta property=\"og:image:type\" content=\"image\/jpeg\" \/>\n<meta name=\"author\" content=\"VeliPost\" \/>\n<meta name=\"twitter:card\" content=\"summary_large_image\" \/>\n<meta name=\"twitter:creator\" content=\"@veliposthaiti\" \/>\n<meta name=\"twitter:site\" content=\"@veliposthaiti\" \/>\n<meta name=\"twitter:label1\" content=\"\u00c9crit par\" \/>\n\t<meta name=\"twitter:data1\" content=\"VeliPost\" \/>\n\t<meta name=\"twitter:label2\" content=\"Dur\u00e9e de lecture estim\u00e9e\" \/>\n\t<meta name=\"twitter:data2\" content=\"2 minutes\" \/>\n<script type=\"application\/ld+json\" class=\"yoast-schema-graph\">{\"@context\":\"https:\/\/schema.org\",\"@graph\":[{\"@type\":\"Article\",\"@id\":\"https:\/\/velipost.com\/?p=4459#article\",\"isPartOf\":{\"@id\":\"https:\/\/velipost.com\/?p=4459\"},\"author\":{\"name\":\"VeliPost\",\"@id\":\"https:\/\/velipost.com\/#\/schema\/person\/32ff49a53c9c1bb24302ee8ece058096\"},\"headline\":\"Le Minist\u00e8re de l\u2019Environnement soutient les p\u00eacheurs de Belle-Anse face aux d\u00e9fis climatiques\",\"datePublished\":\"2025-10-09T03:33:30+00:00\",\"dateModified\":\"2025-10-09T03:36:41+00:00\",\"mainEntityOfPage\":{\"@id\":\"https:\/\/velipost.com\/?p=4459\"},\"wordCount\":268,\"commentCount\":0,\"publisher\":{\"@id\":\"https:\/\/velipost.com\/#organization\"},\"image\":{\"@id\":\"https:\/\/velipost.com\/?p=4459#primaryimage\"},\"thumbnailUrl\":\"https:\/\/velipost.com\/wp-content\/uploads\/2025\/10\/Cover-VP-2.jpg\",\"articleSection\":[\"Environnement\"],\"inLanguage\":\"fr-FR\",\"potentialAction\":[{\"@type\":\"CommentAction\",\"name\":\"Comment\",\"target\":[\"https:\/\/velipost.com\/?p=4459#respond\"]}]},{\"@type\":\"WebPage\",\"@id\":\"https:\/\/velipost.com\/?p=4459\",\"url\":\"https:\/\/velipost.com\/?p=4459\",\"name\":\"Le Minist\u00e8re de l\u2019Environnement soutient les p\u00eacheurs de Belle-Anse face aux d\u00e9fis climatiques &#8211; VeliPost\",\"isPartOf\":{\"@id\":\"https:\/\/velipost.com\/#website\"},\"primaryImageOfPage\":{\"@id\":\"https:\/\/velipost.com\/?p=4459#primaryimage\"},\"image\":{\"@id\":\"https:\/\/velipost.com\/?p=4459#primaryimage\"},\"thumbnailUrl\":\"https:\/\/velipost.com\/wp-content\/uploads\/2025\/10\/Cover-VP-2.jpg\",\"datePublished\":\"2025-10-09T03:33:30+00:00\",\"dateModified\":\"2025-10-09T03:36:41+00:00\",\"breadcrumb\":{\"@id\":\"https:\/\/velipost.com\/?p=4459#breadcrumb\"},\"inLanguage\":\"fr-FR\",\"potentialAction\":[{\"@type\":\"ReadAction\",\"target\":[\"https:\/\/velipost.com\/?p=4459\"]}]},{\"@type\":\"ImageObject\",\"inLanguage\":\"fr-FR\",\"@id\":\"https:\/\/velipost.com\/?p=4459#primaryimage\",\"url\":\"https:\/\/velipost.com\/wp-content\/uploads\/2025\/10\/Cover-VP-2.jpg\",\"contentUrl\":\"https:\/\/velipost.com\/wp-content\/uploads\/2025\/10\/Cover-VP-2.jpg\",\"width\":1170,\"height\":603},{\"@type\":\"BreadcrumbList\",\"@id\":\"https:\/\/velipost.com\/?p=4459#breadcrumb\",\"itemListElement\":[{\"@type\":\"ListItem\",\"position\":1,\"name\":\"Accueil\",\"item\":\"https:\/\/velipost.com\/\"},{\"@type\":\"ListItem\",\"position\":2,\"name\":\"Le Minist\u00e8re de l\u2019Environnement soutient les p\u00eacheurs de Belle-Anse face aux d\u00e9fis climatiques\"}]},{\"@type\":\"WebSite\",\"@id\":\"https:\/\/velipost.com\/#website\",\"url\":\"https:\/\/velipost.com\/\",\"name\":\"VeliPost\",\"description\":\"L\u2019info en un clic\",\"publisher\":{\"@id\":\"https:\/\/velipost.com\/#organization\"},\"potentialAction\":[{\"@type\":\"SearchAction\",\"target\":{\"@type\":\"EntryPoint\",\"urlTemplate\":\"https:\/\/velipost.com\/?s={search_term_string}\"},\"query-input\":{\"@type\":\"PropertyValueSpecification\",\"valueRequired\":true,\"valueName\":\"search_term_string\"}}],\"inLanguage\":\"fr-FR\"},{\"@type\":\"Organization\",\"@id\":\"https:\/\/velipost.com\/#organization\",\"name\":\"VeliPost\",\"url\":\"https:\/\/velipost.com\/\",\"logo\":{\"@type\":\"ImageObject\",\"inLanguage\":\"fr-FR\",\"@id\":\"https:\/\/velipost.com\/#\/schema\/logo\/image\/\",\"url\":\"https:\/\/velipost.com\/wp-content\/uploads\/2024\/08\/cropped-VP-logo-piti.png\",\"contentUrl\":\"https:\/\/velipost.com\/wp-content\/uploads\/2024\/08\/cropped-VP-logo-piti.png\",\"width\":201,\"height\":69,\"caption\":\"VeliPost\"},\"image\":{\"@id\":\"https:\/\/velipost.com\/#\/schema\/logo\/image\/\"},\"sameAs\":[\"https:\/\/www.facebook.com\/veliposthaiti\",\"https:\/\/x.com\/veliposthaiti\",\"https:\/\/www.instagram.com\/veliposthaiti\"]},{\"@type\":\"Person\",\"@id\":\"https:\/\/velipost.com\/#\/schema\/person\/32ff49a53c9c1bb24302ee8ece058096\",\"name\":\"VeliPost\",\"image\":{\"@type\":\"ImageObject\",\"inLanguage\":\"fr-FR\",\"@id\":\"https:\/\/velipost.com\/#\/schema\/person\/image\/\",\"url\":\"https:\/\/secure.gravatar.com\/avatar\/57c226c264de62f794185a89596d4a37b85a5ad20aca30d9d5a478b27d8c8d9d?s=96&d=mm&r=g\",\"contentUrl\":\"https:\/\/secure.gravatar.com\/avatar\/57c226c264de62f794185a89596d4a37b85a5ad20aca30d9d5a478b27d8c8d9d?s=96&d=mm&r=g\",\"caption\":\"VeliPost\"},\"sameAs\":[\"https:\/\/velipost.com\"],\"url\":\"https:\/\/velipost.com\/?author=1\"}]}<\/script>\n<!-- \/ Yoast SEO plugin. -->","yoast_head_json":{"title":"Le Minist\u00e8re de l\u2019Environnement soutient les p\u00eacheurs de Belle-Anse face aux d\u00e9fis climatiques &#8211; VeliPost","robots":{"index":"index","follow":"follow","max-snippet":"max-snippet:-1","max-image-preview":"max-image-preview:large","max-video-preview":"max-video-preview:-1"},"canonical":"https:\/\/velipost.com\/?p=4459","og_locale":"fr_FR","og_type":"article","og_title":"Le Minist\u00e8re de l\u2019Environnement soutient les p\u00eacheurs de Belle-Anse face aux d\u00e9fis climatiques &#8211; VeliPost","og_description":"\u00c0 Belle-Anse, les p\u00eacheurs voient enfin leurs efforts reconnus. Le\u00a0Minist\u00e8re de l\u2019Environnement (MdE)\u00a0a remis dix moteurs hors-bord \u00e0 dix associations de p\u00eacheurs de la","og_url":"https:\/\/velipost.com\/?p=4459","og_site_name":"VeliPost","article_publisher":"https:\/\/www.facebook.com\/veliposthaiti","article_published_time":"2025-10-09T03:33:30+00:00","article_modified_time":"2025-10-09T03:36:41+00:00","og_image":[{"width":1170,"height":603,"url":"https:\/\/velipost.com\/wp-content\/uploads\/2025\/10\/Cover-VP-2.jpg","type":"image\/jpeg"}],"author":"VeliPost","twitter_card":"summary_large_image","twitter_creator":"@veliposthaiti","twitter_site":"@veliposthaiti","twitter_misc":{"\u00c9crit par":"VeliPost","Dur\u00e9e de lecture estim\u00e9e":"2 minutes"},"schema":{"@context":"https:\/\/schema.org","@graph":[{"@type":"Article","@id":"https:\/\/velipost.com\/?p=4459#article","isPartOf":{"@id":"https:\/\/velipost.com\/?p=4459"},"author":{"name":"VeliPost","@id":"https:\/\/velipost.com\/#\/schema\/person\/32ff49a53c9c1bb24302ee8ece058096"},"headline":"Le Minist\u00e8re de l\u2019Environnement soutient les p\u00eacheurs de Belle-Anse face aux d\u00e9fis climatiques","datePublished":"2025-10-09T03:33:30+00:00","dateModified":"2025-10-09T03:36:41+00:00","mainEntityOfPage":{"@id":"https:\/\/velipost.com\/?p=4459"},"wordCount":268,"commentCount":0,"publisher":{"@id":"https:\/\/velipost.com\/#organization"},"image":{"@id":"https:\/\/velipost.com\/?p=4459#primaryimage"},"thumbnailUrl":"https:\/\/velipost.com\/wp-content\/uploads\/2025\/10\/Cover-VP-2.jpg","articleSection":["Environnement"],"inLanguage":"fr-FR","potentialAction":[{"@type":"CommentAction","name":"Comment","target":["https:\/\/velipost.com\/?p=4459#respond"]}]},{"@type":"WebPage","@id":"https:\/\/velipost.com\/?p=4459","url":"https:\/\/velipost.com\/?p=4459","name":"Le Minist\u00e8re de l\u2019Environnement soutient les p\u00eacheurs de Belle-Anse face aux d\u00e9fis climatiques &#8211; VeliPost","isPartOf":{"@id":"https:\/\/velipost.com\/#website"},"primaryImageOfPage":{"@id":"https:\/\/velipost.com\/?p=4459#primaryimage"},"image":{"@id":"https:\/\/velipost.com\/?p=4459#primaryimage"},"thumbnailUrl":"https:\/\/velipost.com\/wp-content\/uploads\/2025\/10\/Cover-VP-2.jpg","datePublished":"2025-10-09T03:33:30+00:00","dateModified":"2025-10-09T03:36:41+00:00","breadcrumb":{"@id":"https:\/\/velipost.com\/?p=4459#breadcrumb"},"inLanguage":"fr-FR","potentialAction":[{"@type":"ReadAction","target":["https:\/\/velipost.com\/?p=4459"]}]},{"@type":"ImageObject","inLanguage":"fr-FR","@id":"https:\/\/velipost.com\/?p=4459#primaryimage","url":"https:\/\/velipost.com\/wp-content\/uploads\/2025\/10\/Cover-VP-2.jpg","contentUrl":"https:\/\/velipost.com\/wp-content\/uploads\/2025\/10\/Cover-VP-2.jpg","width":1170,"height":603},{"@type":"BreadcrumbList","@id":"https:\/\/velipost.com\/?p=4459#breadcrumb","itemListElement":[{"@type":"ListItem","position":1,"name":"Accueil","item":"https:\/\/velipost.com\/"},{"@type":"ListItem","position":2,"name":"Le Minist\u00e8re de l\u2019Environnement soutient les p\u00eacheurs de Belle-Anse face aux d\u00e9fis climatiques"}]},{"@type":"WebSite","@id":"https:\/\/velipost.com\/#website","url":"https:\/\/velipost.com\/","name":"VeliPost","description":"L\u2019info en un clic","publisher":{"@id":"https:\/\/velipost.com\/#organization"},"potentialAction":[{"@type":"SearchAction","target":{"@type":"EntryPoint","urlTemplate":"https:\/\/velipost.com\/?s={search_term_string}"},"query-input":{"@type":"PropertyValueSpecification","valueRequired":true,"valueName":"search_term_string"}}],"inLanguage":"fr-FR"},{"@type":"Organization","@id":"https:\/\/velipost.com\/#organization","name":"VeliPost","url":"https:\/\/velipost.com\/","logo":{"@type":"ImageObject","inLanguage":"fr-FR","@id":"https:\/\/velipost.com\/#\/schema\/logo\/image\/","url":"https:\/\/velipost.com\/wp-content\/uploads\/2024\/08\/cropped-VP-logo-piti.png","contentUrl":"https:\/\/velipost.com\/wp-content\/uploads\/2024\/08\/cropped-VP-logo-piti.png","width":201,"height":69,"caption":"VeliPost"},"image":{"@id":"https:\/\/velipost.com\/#\/schema\/logo\/image\/"},"sameAs":["https:\/\/www.facebook.com\/veliposthaiti","https:\/\/x.com\/veliposthaiti","https:\/\/www.instagram.com\/veliposthaiti"]},{"@type":"Person","@id":"https:\/\/velipost.com\/#\/schema\/person\/32ff49a53c9c1bb24302ee8ece058096","name":"VeliPost","image":{"@type":"ImageObject","inLanguage":"fr-FR","@id":"https:\/\/velipost.com\/#\/schema\/person\/image\/","url":"https:\/\/secure.gravatar.com\/avatar\/57c226c264de62f794185a89596d4a37b85a5ad20aca30d9d5a478b27d8c8d9d?s=96&d=mm&r=g","contentUrl":"https:\/\/secure.gravatar.com\/avatar\/57c226c264de62f794185a89596d4a37b85a5ad20aca30d9d5a478b27d8c8d9d?s=96&d=mm&r=g","caption":"VeliPost"},"sameAs":["https:\/\/velipost.com"],"url":"https:\/\/velipost.com\/?author=1"}]}},"views":0,"jetpack_publicize_connections":[],"uagb_featured_image_src":{"full":["https:\/\/velipost.com\/wp-content\/uploads\/2025\/10\/Cover-VP-2.jpg",1170,603,false],"thumbnail":["https:\/\/velipost.com\/wp-content\/uploads\/2025\/10\/Cover-VP-2-150x150.jpg",150,150,true],"medium":["https:\/\/velipost.com\/wp-content\/uploads\/2025\/10\/Cover-VP-2-300x155.jpg",300,155,true],"medium_large":["https:\/\/velipost.com\/wp-content\/uploads\/2025\/10\/Cover-VP-2-768x396.jpg",715,369,true],"large":["https:\/\/velipost.com\/wp-content\/uploads\/2025\/10\/Cover-VP-2-1024x528.jpg",715,369,true],"1536x1536":["https:\/\/velipost.com\/wp-content\/uploads\/2025\/10\/Cover-VP-2.jpg",1170,603,false],"2048x2048":["https:\/\/velipost.com\/wp-content\/uploads\/2025\/10\/Cover-VP-2.jpg",1170,603,false],"colornews-big-slider":["https:\/\/velipost.com\/wp-content\/uploads\/2025\/10\/Cover-VP-2-1070x470.jpg",1070,470,true],"colornews-big-slider-thumb":["https:\/\/velipost.com\/wp-content\/uploads\/2025\/10\/Cover-VP-2-184x109.jpg",184,109,true],"colornews-featured-post-medium":["https:\/\/velipost.com\/wp-content\/uploads\/2025\/10\/Cover-VP-2-345x265.jpg",345,265,true],"colornews-featured-post-small":["https:\/\/velipost.com\/wp-content\/uploads\/2025\/10\/Cover-VP-2-115x73.jpg",115,73,true],"colornews-random-posts":["https:\/\/velipost.com\/wp-content\/uploads\/2025\/10\/Cover-VP-2-215x215.jpg",215,215,true],"colornews-featured-image":["https:\/\/velipost.com\/wp-content\/uploads\/2025\/10\/Cover-VP-2-715x400.jpg",715,400,true],"mailpoet_newsletter_max":["https:\/\/velipost.com\/wp-content\/uploads\/2025\/10\/Cover-VP-2.jpg",1170,603,false]},"uagb_author_info":{"display_name":"VeliPost","author_link":"https:\/\/velipost.com\/?author=1"},"uagb_comment_info":0,"uagb_excerpt":"\u00c0 Belle-Anse, les p\u00eacheurs voient enfin leurs efforts reconnus. Le\u00a0Minist\u00e8re de l\u2019Environnement (MdE)\u00a0a remis dix moteurs hors-bord \u00e0 dix associations de p\u00eacheurs de la","_links":{"self":[{"href":"https:\/\/velipost.com\/index.php?rest_route=\/wp\/v2\/posts\/4459","targetHints":{"allow":["GET"]}}],"collection":[{"href":"https:\/\/velipost.com\/index.php?rest_route=\/wp\/v2\/posts"}],"about":[{"href":"https:\/\/velipost.com\/index.php?rest_route=\/wp\/v2\/types\/post"}],"author":[{"embeddable":true,"href":"https:\/\/velipost.com\/index.php?rest_route=\/wp\/v2\/users\/1"}],"replies":[{"embeddable":true,"href":"https:\/\/velipost.com\/index.php?rest_route=%2Fwp%2Fv2%2Fcomments&post=4459"}],"version-history":[{"count":2,"href":"https:\/\/velipost.com\/index.php?rest_route=\/wp\/v2\/posts\/4459\/revisions"}],"predecessor-version":[{"id":4462,"href":"https:\/\/velipost.com\/index.php?rest_route=\/wp\/v2\/posts\/4459\/revisions\/4462"}],"wp:featuredmedia":[{"embeddable":true,"href":"https:\/\/velipost.com\/index.php?rest_route=\/wp\/v2\/media\/4460"}],"wp:attachment":[{"href":"https:\/\/velipost.com\/index.php?rest_route=%2Fwp%2Fv2%2Fmedia&parent=4459"}],"wp:term":[{"taxonomy":"category","embeddable":true,"href":"https:\/\/velipost.com\/index.php?rest_route=%2Fwp%2Fv2%2Fcategories&post=4459"},{"taxonomy":"post_tag","embeddable":true,"href":"https:\/\/velipost.com\/index.php?rest_route=%2Fwp%2Fv2%2Ftags&post=4459"}],"curies":[{"name":"wp","href":"https:\/\/api.w.org\/{rel}","templated":true}]}}