{"id":4438,"date":"2025-10-07T23:01:38","date_gmt":"2025-10-07T21:01:38","guid":{"rendered":"https:\/\/velipost.com\/?p=4438"},"modified":"2025-10-07T23:01:41","modified_gmt":"2025-10-07T21:01:41","slug":"jean-victor-harvel-jean-baptiste-definit-les-nouvelles-priorites-de-la-diplomatie-haitienne","status":"publish","type":"post","link":"https:\/\/velipost.com\/?p=4438","title":{"rendered":"Jean-Victor Harvel Jean-Baptiste d\u00e9finit les nouvelles priorit\u00e9s de la diplomatie ha\u00eftienne"},"content":{"rendered":"\n<p>Lors de la 24\u1d49 \u00e9dition des \u201cMardis de la Nation\u201d, le ministre des Affaires \u00e9trang\u00e8res et des Cultes, Jean-Victor Harvel Jean-Baptiste, a expos\u00e9 les principaux axes de la diplomatie ha\u00eftienne pour les ann\u00e9es \u00e0 venir. Ces orientations visent \u00e0 moderniser le minist\u00e8re et \u00e0 accompagner la politique \u00e9trang\u00e8re du Conseil pr\u00e9sidentiel de transition.<\/p>\n\n\n\n<p>Le ministre a soulign\u00e9 cinq priorit\u00e9s : am\u00e9liorer les conditions de vie des Ha\u00eftiens de la diaspora, promouvoir une image positive d\u2019Ha\u00efti, d\u00e9fendre la souverainet\u00e9 nationale, valoriser les produits ha\u00eftiens \u00e0 l\u2019\u00e9tranger et prot\u00e9ger les valeurs universelles. Il a \u00e9galement mis en avant le programme \u201cDiplomatie 2025\u20132050\u201d, qui comprend la formation de nouveaux diplomates \u00e0 l\u2019Acad\u00e9mie Jean Price-Mars en partenariat avec l\u2019INAGHEI.<\/p>\n\n\n\n<p>Jean-Victor Harvel Jean-Baptiste a enfin annonc\u00e9 l\u2019ouverture prochaine d\u2019un bureau du MAEC au Cap-Ha\u00eftien et la tenue d\u2019une Conf\u00e9rence nationale des ambassadeurs. Il a r\u00e9affirm\u00e9 l\u2019engagement du Gouvernement \u00e0 \u0153uvrer pour la s\u00e9curit\u00e9 et la stabilit\u00e9 du pays, indispensables \u00e0 la relance de l\u2019action diplomatique ha\u00eftienne.<\/p>\n\n    <div class=\"xs_social_share_widget xs_share_url after_content \t\tmain_content  wslu-style-3 wslu-share-box-shaped wslu-fill-brand-hover-colored wslu-share-m-5 wslu-none wslu-share-horizontal wslu-theme-font-no wslu-main_content\">\n\n\t\t\n        <ul>\n\t\t\t                    <li class=\"xs-share-li twitter                        wslu-no-extra-data\">\n                        <a href=\"javascript:void(0);\"\n                           id=\"xs_feed_twitter\"\n                           onclick=\"xs_social_sharer(this);\"\n                           data-pid=\"4438\"\n                           data-uri_hash=\"12d8d42cc72560da54bcee3452187ea8\"\n                           data-key=\"twitter\"\n                           data-xs-href=\"https:\/\/twitter.com\/intent\/tweet?text=Jean-Victor+Harvel+Jean-Baptiste+d%C3%A9finit+les+nouvelles+priorit%C3%A9s+de+la+diplomatie+ha%C3%AFtienne+https%3A%2F%2Fvelipost.com%2Findex.php%3Frest_route%3D%252Fwp%252Fv2%252Fposts%252F4438&amp;original_referer=https%3A%2F%2Fvelipost.com%2Findex.php%3Frest_route%3D%252Fwp%252Fv2%252Fposts%252F4438&amp;related=xpeedstudio\">\n\n                            <div class=\"xs-social-icon\">\n                                <span class=\"met-social met-social-twitter\"><\/span>\n                            <\/div>\n\n\t\t\t\t\t\t\t\n                            <div class=\"wslu-hover-content\">\n                                <div class=\"xs-social-followers\">\n\t\t\t\t\t\t\t\t\t10                                <\/div>\n                                <div class=\"xs-social-follower-text\">\n\t\t\t\t\t\t\t\t\tShare                                <\/div>\n                                <div class=\"xs-social-follower-label\">\n\t\t\t\t\t\t\t\t\tTwitter                                <\/div>\n                            <\/div>\n                        <\/a>\n                    <\/li>\n\t\t\t\t\t                    <li class=\"xs-share-li telegram                        wslu-no-extra-data\">\n                        <a href=\"javascript:void(0);\"\n                           id=\"xs_feed_telegram\"\n                           onclick=\"xs_social_sharer(this);\"\n                           data-pid=\"4438\"\n                           data-uri_hash=\"12d8d42cc72560da54bcee3452187ea8\"\n                           data-key=\"telegram\"\n                           data-xs-href=\"https:\/\/telegram.me\/share\/url?url=https%3A%2F%2Fvelipost.com%2Findex.php%3Frest_route%3D%252Fwp%252Fv2%252Fposts%252F4438&amp;text=Jean-Victor+Harvel+Jean-Baptiste+d%C3%A9finit+les+nouvelles+priorit%C3%A9s+de+la+diplomatie+ha%C3%AFtienne\">\n\n                            <div class=\"xs-social-icon\">\n                                <span class=\"met-social met-social-telegram\"><\/span>\n                            <\/div>\n\n\t\t\t\t\t\t\t\n                            <div class=\"wslu-hover-content\">\n                                <div class=\"xs-social-followers\">\n\t\t\t\t\t\t\t\t\t0                                <\/div>\n                                <div class=\"xs-social-follower-text\">\n\t\t\t\t\t\t\t\t\tShare                                <\/div>\n                                <div class=\"xs-social-follower-label\">\n\t\t\t\t\t\t\t\t\tTelegram                                <\/div>\n                            <\/div>\n                        <\/a>\n                    <\/li>\n\t\t\t\t\t                    <li class=\"xs-share-li email                        wslu-no-extra-data\">\n                        <a href=\"javascript:void(0);\"\n                           id=\"xs_feed_email\"\n                           onclick=\"xs_social_sharer(this);\"\n                           data-pid=\"4438\"\n                           data-uri_hash=\"12d8d42cc72560da54bcee3452187ea8\"\n                           data-key=\"email\"\n                           data-xs-href=\"mailto:?body=Title%3A+Jean-Victor+Harvel+Jean-Baptiste+d%C3%A9finit+les+nouvelles+priorit%C3%A9s+de+la+diplomatie+ha%C3%AFtienne+%5Cn%5Cn+URL%3A+https%3A%2F%2Fvelipost.com%2Findex.php%3Frest_route%3D%252Fwp%252Fv2%252Fposts%252F4438&amp;subject=Jean-Victor+Harvel+Jean-Baptiste+d%C3%A9finit+les+nouvelles+priorit%C3%A9s+de+la+diplomatie+ha%C3%AFtienne\">\n\n                            <div class=\"xs-social-icon\">\n                                <span class=\"met-social met-social-email\"><\/span>\n                            <\/div>\n\n\t\t\t\t\t\t\t\n                            <div class=\"wslu-hover-content\">\n                                <div class=\"xs-social-followers\">\n\t\t\t\t\t\t\t\t\t0                                <\/div>\n                                <div class=\"xs-social-follower-text\">\n\t\t\t\t\t\t\t\t\tShare                                <\/div>\n                                <div class=\"xs-social-follower-label\">\n\t\t\t\t\t\t\t\t\tEmail                                <\/div>\n                            <\/div>\n                        <\/a>\n                    <\/li>\n\t\t\t\t\t        <\/ul>\n    <\/div> \n","protected":false},"excerpt":{"rendered":"<p>Lors de la 24\u1d49 \u00e9dition des \u201cMardis de la Nation\u201d, le ministre des Affaires \u00e9trang\u00e8res et des Cultes, Jean-Victor Harvel Jean-Baptiste, a expos\u00e9 les<\/p>\n","protected":false},"author":1,"featured_media":4439,"comment_status":"open","ping_status":"open","sticky":false,"template":"","format":"standard","meta":{"_uag_custom_page_level_css":"","footnotes":"","jetpack_publicize_message":"","jetpack_publicize_feature_enabled":true,"jetpack_social_post_already_shared":true,"jetpack_social_options":{"image_generator_settings":{"template":"highway","default_image_id":0,"font":"","enabled":false},"version":2}},"categories":[258],"tags":[],"class_list":["post-4438","post","type-post","status-publish","format-standard","has-post-thumbnail","hentry","category-diplomatie"],"yoast_head":"<!-- This site is optimized with the Yoast SEO plugin v25.3.1 - https:\/\/yoast.com\/wordpress\/plugins\/seo\/ -->\n<title>Jean-Victor Harvel Jean-Baptiste d\u00e9finit les nouvelles priorit\u00e9s de la diplomatie ha\u00eftienne &#8211; VeliPost<\/title>\n<meta name=\"robots\" content=\"index, follow, max-snippet:-1, max-image-preview:large, max-video-preview:-1\" \/>\n<link rel=\"canonical\" href=\"https:\/\/velipost.com\/?p=4438\" \/>\n<meta property=\"og:locale\" content=\"fr_FR\" \/>\n<meta property=\"og:type\" content=\"article\" \/>\n<meta property=\"og:title\" content=\"Jean-Victor Harvel Jean-Baptiste d\u00e9finit les nouvelles priorit\u00e9s de la diplomatie ha\u00eftienne &#8211; VeliPost\" \/>\n<meta property=\"og:description\" content=\"Lors de la 24\u1d49 \u00e9dition des \u201cMardis de la Nation\u201d, le ministre des Affaires \u00e9trang\u00e8res et des Cultes, Jean-Victor Harvel Jean-Baptiste, a expos\u00e9 les\" \/>\n<meta property=\"og:url\" content=\"https:\/\/velipost.com\/?p=4438\" \/>\n<meta property=\"og:site_name\" content=\"VeliPost\" \/>\n<meta property=\"article:publisher\" content=\"https:\/\/www.facebook.com\/veliposthaiti\" \/>\n<meta property=\"article:published_time\" content=\"2025-10-07T21:01:38+00:00\" \/>\n<meta property=\"article:modified_time\" content=\"2025-10-07T21:01:41+00:00\" \/>\n<meta property=\"og:image\" content=\"https:\/\/velipost.com\/wp-content\/uploads\/2025\/10\/Harvel.jpg\" \/>\n\t<meta property=\"og:image:width\" content=\"1170\" \/>\n\t<meta property=\"og:image:height\" content=\"603\" \/>\n\t<meta property=\"og:image:type\" content=\"image\/jpeg\" \/>\n<meta name=\"author\" content=\"VeliPost\" \/>\n<meta name=\"twitter:card\" content=\"summary_large_image\" \/>\n<meta name=\"twitter:creator\" content=\"@veliposthaiti\" \/>\n<meta name=\"twitter:site\" content=\"@veliposthaiti\" \/>\n<meta name=\"twitter:label1\" content=\"\u00c9crit par\" \/>\n\t<meta name=\"twitter:data1\" content=\"VeliPost\" \/>\n\t<meta name=\"twitter:label2\" content=\"Dur\u00e9e de lecture estim\u00e9e\" \/>\n\t<meta name=\"twitter:data2\" content=\"2 minutes\" \/>\n<script type=\"application\/ld+json\" class=\"yoast-schema-graph\">{\"@context\":\"https:\/\/schema.org\",\"@graph\":[{\"@type\":\"Article\",\"@id\":\"https:\/\/velipost.com\/?p=4438#article\",\"isPartOf\":{\"@id\":\"https:\/\/velipost.com\/?p=4438\"},\"author\":{\"name\":\"VeliPost\",\"@id\":\"https:\/\/velipost.com\/#\/schema\/person\/32ff49a53c9c1bb24302ee8ece058096\"},\"headline\":\"Jean-Victor Harvel Jean-Baptiste d\u00e9finit les nouvelles priorit\u00e9s de la diplomatie ha\u00eftienne\",\"datePublished\":\"2025-10-07T21:01:38+00:00\",\"dateModified\":\"2025-10-07T21:01:41+00:00\",\"mainEntityOfPage\":{\"@id\":\"https:\/\/velipost.com\/?p=4438\"},\"wordCount\":193,\"commentCount\":0,\"publisher\":{\"@id\":\"https:\/\/velipost.com\/#organization\"},\"image\":{\"@id\":\"https:\/\/velipost.com\/?p=4438#primaryimage\"},\"thumbnailUrl\":\"https:\/\/velipost.com\/wp-content\/uploads\/2025\/10\/Harvel.jpg\",\"articleSection\":[\"Diplomatie\"],\"inLanguage\":\"fr-FR\",\"potentialAction\":[{\"@type\":\"CommentAction\",\"name\":\"Comment\",\"target\":[\"https:\/\/velipost.com\/?p=4438#respond\"]}]},{\"@type\":\"WebPage\",\"@id\":\"https:\/\/velipost.com\/?p=4438\",\"url\":\"https:\/\/velipost.com\/?p=4438\",\"name\":\"Jean-Victor Harvel Jean-Baptiste d\u00e9finit les nouvelles priorit\u00e9s de la diplomatie ha\u00eftienne &#8211; VeliPost\",\"isPartOf\":{\"@id\":\"https:\/\/velipost.com\/#website\"},\"primaryImageOfPage\":{\"@id\":\"https:\/\/velipost.com\/?p=4438#primaryimage\"},\"image\":{\"@id\":\"https:\/\/velipost.com\/?p=4438#primaryimage\"},\"thumbnailUrl\":\"https:\/\/velipost.com\/wp-content\/uploads\/2025\/10\/Harvel.jpg\",\"datePublished\":\"2025-10-07T21:01:38+00:00\",\"dateModified\":\"2025-10-07T21:01:41+00:00\",\"breadcrumb\":{\"@id\":\"https:\/\/velipost.com\/?p=4438#breadcrumb\"},\"inLanguage\":\"fr-FR\",\"potentialAction\":[{\"@type\":\"ReadAction\",\"target\":[\"https:\/\/velipost.com\/?p=4438\"]}]},{\"@type\":\"ImageObject\",\"inLanguage\":\"fr-FR\",\"@id\":\"https:\/\/velipost.com\/?p=4438#primaryimage\",\"url\":\"https:\/\/velipost.com\/wp-content\/uploads\/2025\/10\/Harvel.jpg\",\"contentUrl\":\"https:\/\/velipost.com\/wp-content\/uploads\/2025\/10\/Harvel.jpg\",\"width\":1170,\"height\":603},{\"@type\":\"BreadcrumbList\",\"@id\":\"https:\/\/velipost.com\/?p=4438#breadcrumb\",\"itemListElement\":[{\"@type\":\"ListItem\",\"position\":1,\"name\":\"Accueil\",\"item\":\"https:\/\/velipost.com\/\"},{\"@type\":\"ListItem\",\"position\":2,\"name\":\"Jean-Victor Harvel Jean-Baptiste d\u00e9finit les nouvelles priorit\u00e9s de la diplomatie ha\u00eftienne\"}]},{\"@type\":\"WebSite\",\"@id\":\"https:\/\/velipost.com\/#website\",\"url\":\"https:\/\/velipost.com\/\",\"name\":\"VeliPost\",\"description\":\"L\u2019info en un clic\",\"publisher\":{\"@id\":\"https:\/\/velipost.com\/#organization\"},\"potentialAction\":[{\"@type\":\"SearchAction\",\"target\":{\"@type\":\"EntryPoint\",\"urlTemplate\":\"https:\/\/velipost.com\/?s={search_term_string}\"},\"query-input\":{\"@type\":\"PropertyValueSpecification\",\"valueRequired\":true,\"valueName\":\"search_term_string\"}}],\"inLanguage\":\"fr-FR\"},{\"@type\":\"Organization\",\"@id\":\"https:\/\/velipost.com\/#organization\",\"name\":\"VeliPost\",\"url\":\"https:\/\/velipost.com\/\",\"logo\":{\"@type\":\"ImageObject\",\"inLanguage\":\"fr-FR\",\"@id\":\"https:\/\/velipost.com\/#\/schema\/logo\/image\/\",\"url\":\"https:\/\/velipost.com\/wp-content\/uploads\/2024\/08\/cropped-VP-logo-piti.png\",\"contentUrl\":\"https:\/\/velipost.com\/wp-content\/uploads\/2024\/08\/cropped-VP-logo-piti.png\",\"width\":201,\"height\":69,\"caption\":\"VeliPost\"},\"image\":{\"@id\":\"https:\/\/velipost.com\/#\/schema\/logo\/image\/\"},\"sameAs\":[\"https:\/\/www.facebook.com\/veliposthaiti\",\"https:\/\/x.com\/veliposthaiti\",\"https:\/\/www.instagram.com\/veliposthaiti\"]},{\"@type\":\"Person\",\"@id\":\"https:\/\/velipost.com\/#\/schema\/person\/32ff49a53c9c1bb24302ee8ece058096\",\"name\":\"VeliPost\",\"image\":{\"@type\":\"ImageObject\",\"inLanguage\":\"fr-FR\",\"@id\":\"https:\/\/velipost.com\/#\/schema\/person\/image\/\",\"url\":\"https:\/\/secure.gravatar.com\/avatar\/57c226c264de62f794185a89596d4a37b85a5ad20aca30d9d5a478b27d8c8d9d?s=96&d=mm&r=g\",\"contentUrl\":\"https:\/\/secure.gravatar.com\/avatar\/57c226c264de62f794185a89596d4a37b85a5ad20aca30d9d5a478b27d8c8d9d?s=96&d=mm&r=g\",\"caption\":\"VeliPost\"},\"sameAs\":[\"https:\/\/velipost.com\"],\"url\":\"https:\/\/velipost.com\/?author=1\"}]}<\/script>\n<!-- \/ Yoast SEO plugin. -->","yoast_head_json":{"title":"Jean-Victor Harvel Jean-Baptiste d\u00e9finit les nouvelles priorit\u00e9s de la diplomatie ha\u00eftienne &#8211; VeliPost","robots":{"index":"index","follow":"follow","max-snippet":"max-snippet:-1","max-image-preview":"max-image-preview:large","max-video-preview":"max-video-preview:-1"},"canonical":"https:\/\/velipost.com\/?p=4438","og_locale":"fr_FR","og_type":"article","og_title":"Jean-Victor Harvel Jean-Baptiste d\u00e9finit les nouvelles priorit\u00e9s de la diplomatie ha\u00eftienne &#8211; VeliPost","og_description":"Lors de la 24\u1d49 \u00e9dition des \u201cMardis de la Nation\u201d, le ministre des Affaires \u00e9trang\u00e8res et des Cultes, Jean-Victor Harvel Jean-Baptiste, a expos\u00e9 les","og_url":"https:\/\/velipost.com\/?p=4438","og_site_name":"VeliPost","article_publisher":"https:\/\/www.facebook.com\/veliposthaiti","article_published_time":"2025-10-07T21:01:38+00:00","article_modified_time":"2025-10-07T21:01:41+00:00","og_image":[{"width":1170,"height":603,"url":"https:\/\/velipost.com\/wp-content\/uploads\/2025\/10\/Harvel.jpg","type":"image\/jpeg"}],"author":"VeliPost","twitter_card":"summary_large_image","twitter_creator":"@veliposthaiti","twitter_site":"@veliposthaiti","twitter_misc":{"\u00c9crit par":"VeliPost","Dur\u00e9e de lecture estim\u00e9e":"2 minutes"},"schema":{"@context":"https:\/\/schema.org","@graph":[{"@type":"Article","@id":"https:\/\/velipost.com\/?p=4438#article","isPartOf":{"@id":"https:\/\/velipost.com\/?p=4438"},"author":{"name":"VeliPost","@id":"https:\/\/velipost.com\/#\/schema\/person\/32ff49a53c9c1bb24302ee8ece058096"},"headline":"Jean-Victor Harvel Jean-Baptiste d\u00e9finit les nouvelles priorit\u00e9s de la diplomatie ha\u00eftienne","datePublished":"2025-10-07T21:01:38+00:00","dateModified":"2025-10-07T21:01:41+00:00","mainEntityOfPage":{"@id":"https:\/\/velipost.com\/?p=4438"},"wordCount":193,"commentCount":0,"publisher":{"@id":"https:\/\/velipost.com\/#organization"},"image":{"@id":"https:\/\/velipost.com\/?p=4438#primaryimage"},"thumbnailUrl":"https:\/\/velipost.com\/wp-content\/uploads\/2025\/10\/Harvel.jpg","articleSection":["Diplomatie"],"inLanguage":"fr-FR","potentialAction":[{"@type":"CommentAction","name":"Comment","target":["https:\/\/velipost.com\/?p=4438#respond"]}]},{"@type":"WebPage","@id":"https:\/\/velipost.com\/?p=4438","url":"https:\/\/velipost.com\/?p=4438","name":"Jean-Victor Harvel Jean-Baptiste d\u00e9finit les nouvelles priorit\u00e9s de la diplomatie ha\u00eftienne &#8211; VeliPost","isPartOf":{"@id":"https:\/\/velipost.com\/#website"},"primaryImageOfPage":{"@id":"https:\/\/velipost.com\/?p=4438#primaryimage"},"image":{"@id":"https:\/\/velipost.com\/?p=4438#primaryimage"},"thumbnailUrl":"https:\/\/velipost.com\/wp-content\/uploads\/2025\/10\/Harvel.jpg","datePublished":"2025-10-07T21:01:38+00:00","dateModified":"2025-10-07T21:01:41+00:00","breadcrumb":{"@id":"https:\/\/velipost.com\/?p=4438#breadcrumb"},"inLanguage":"fr-FR","potentialAction":[{"@type":"ReadAction","target":["https:\/\/velipost.com\/?p=4438"]}]},{"@type":"ImageObject","inLanguage":"fr-FR","@id":"https:\/\/velipost.com\/?p=4438#primaryimage","url":"https:\/\/velipost.com\/wp-content\/uploads\/2025\/10\/Harvel.jpg","contentUrl":"https:\/\/velipost.com\/wp-content\/uploads\/2025\/10\/Harvel.jpg","width":1170,"height":603},{"@type":"BreadcrumbList","@id":"https:\/\/velipost.com\/?p=4438#breadcrumb","itemListElement":[{"@type":"ListItem","position":1,"name":"Accueil","item":"https:\/\/velipost.com\/"},{"@type":"ListItem","position":2,"name":"Jean-Victor Harvel Jean-Baptiste d\u00e9finit les nouvelles priorit\u00e9s de la diplomatie ha\u00eftienne"}]},{"@type":"WebSite","@id":"https:\/\/velipost.com\/#website","url":"https:\/\/velipost.com\/","name":"VeliPost","description":"L\u2019info en un clic","publisher":{"@id":"https:\/\/velipost.com\/#organization"},"potentialAction":[{"@type":"SearchAction","target":{"@type":"EntryPoint","urlTemplate":"https:\/\/velipost.com\/?s={search_term_string}"},"query-input":{"@type":"PropertyValueSpecification","valueRequired":true,"valueName":"search_term_string"}}],"inLanguage":"fr-FR"},{"@type":"Organization","@id":"https:\/\/velipost.com\/#organization","name":"VeliPost","url":"https:\/\/velipost.com\/","logo":{"@type":"ImageObject","inLanguage":"fr-FR","@id":"https:\/\/velipost.com\/#\/schema\/logo\/image\/","url":"https:\/\/velipost.com\/wp-content\/uploads\/2024\/08\/cropped-VP-logo-piti.png","contentUrl":"https:\/\/velipost.com\/wp-content\/uploads\/2024\/08\/cropped-VP-logo-piti.png","width":201,"height":69,"caption":"VeliPost"},"image":{"@id":"https:\/\/velipost.com\/#\/schema\/logo\/image\/"},"sameAs":["https:\/\/www.facebook.com\/veliposthaiti","https:\/\/x.com\/veliposthaiti","https:\/\/www.instagram.com\/veliposthaiti"]},{"@type":"Person","@id":"https:\/\/velipost.com\/#\/schema\/person\/32ff49a53c9c1bb24302ee8ece058096","name":"VeliPost","image":{"@type":"ImageObject","inLanguage":"fr-FR","@id":"https:\/\/velipost.com\/#\/schema\/person\/image\/","url":"https:\/\/secure.gravatar.com\/avatar\/57c226c264de62f794185a89596d4a37b85a5ad20aca30d9d5a478b27d8c8d9d?s=96&d=mm&r=g","contentUrl":"https:\/\/secure.gravatar.com\/avatar\/57c226c264de62f794185a89596d4a37b85a5ad20aca30d9d5a478b27d8c8d9d?s=96&d=mm&r=g","caption":"VeliPost"},"sameAs":["https:\/\/velipost.com"],"url":"https:\/\/velipost.com\/?author=1"}]}},"views":1,"jetpack_publicize_connections":[],"uagb_featured_image_src":{"full":["https:\/\/velipost.com\/wp-content\/uploads\/2025\/10\/Harvel.jpg",1170,603,false],"thumbnail":["https:\/\/velipost.com\/wp-content\/uploads\/2025\/10\/Harvel-150x150.jpg",150,150,true],"medium":["https:\/\/velipost.com\/wp-content\/uploads\/2025\/10\/Harvel-300x155.jpg",300,155,true],"medium_large":["https:\/\/velipost.com\/wp-content\/uploads\/2025\/10\/Harvel-768x396.jpg",715,369,true],"large":["https:\/\/velipost.com\/wp-content\/uploads\/2025\/10\/Harvel-1024x528.jpg",715,369,true],"1536x1536":["https:\/\/velipost.com\/wp-content\/uploads\/2025\/10\/Harvel.jpg",1170,603,false],"2048x2048":["https:\/\/velipost.com\/wp-content\/uploads\/2025\/10\/Harvel.jpg",1170,603,false],"colornews-big-slider":["https:\/\/velipost.com\/wp-content\/uploads\/2025\/10\/Harvel-1070x470.jpg",1070,470,true],"colornews-big-slider-thumb":["https:\/\/velipost.com\/wp-content\/uploads\/2025\/10\/Harvel-184x109.jpg",184,109,true],"colornews-featured-post-medium":["https:\/\/velipost.com\/wp-content\/uploads\/2025\/10\/Harvel-345x265.jpg",345,265,true],"colornews-featured-post-small":["https:\/\/velipost.com\/wp-content\/uploads\/2025\/10\/Harvel-115x73.jpg",115,73,true],"colornews-random-posts":["https:\/\/velipost.com\/wp-content\/uploads\/2025\/10\/Harvel-215x215.jpg",215,215,true],"colornews-featured-image":["https:\/\/velipost.com\/wp-content\/uploads\/2025\/10\/Harvel-715x400.jpg",715,400,true],"mailpoet_newsletter_max":["https:\/\/velipost.com\/wp-content\/uploads\/2025\/10\/Harvel.jpg",1170,603,false]},"uagb_author_info":{"display_name":"VeliPost","author_link":"https:\/\/velipost.com\/?author=1"},"uagb_comment_info":0,"uagb_excerpt":"Lors de la 24\u1d49 \u00e9dition des \u201cMardis de la Nation\u201d, le ministre des Affaires \u00e9trang\u00e8res et des Cultes, Jean-Victor Harvel Jean-Baptiste, a expos\u00e9 les","_links":{"self":[{"href":"https:\/\/velipost.com\/index.php?rest_route=\/wp\/v2\/posts\/4438","targetHints":{"allow":["GET"]}}],"collection":[{"href":"https:\/\/velipost.com\/index.php?rest_route=\/wp\/v2\/posts"}],"about":[{"href":"https:\/\/velipost.com\/index.php?rest_route=\/wp\/v2\/types\/post"}],"author":[{"embeddable":true,"href":"https:\/\/velipost.com\/index.php?rest_route=\/wp\/v2\/users\/1"}],"replies":[{"embeddable":true,"href":"https:\/\/velipost.com\/index.php?rest_route=%2Fwp%2Fv2%2Fcomments&post=4438"}],"version-history":[{"count":1,"href":"https:\/\/velipost.com\/index.php?rest_route=\/wp\/v2\/posts\/4438\/revisions"}],"predecessor-version":[{"id":4440,"href":"https:\/\/velipost.com\/index.php?rest_route=\/wp\/v2\/posts\/4438\/revisions\/4440"}],"wp:featuredmedia":[{"embeddable":true,"href":"https:\/\/velipost.com\/index.php?rest_route=\/wp\/v2\/media\/4439"}],"wp:attachment":[{"href":"https:\/\/velipost.com\/index.php?rest_route=%2Fwp%2Fv2%2Fmedia&parent=4438"}],"wp:term":[{"taxonomy":"category","embeddable":true,"href":"https:\/\/velipost.com\/index.php?rest_route=%2Fwp%2Fv2%2Fcategories&post=4438"},{"taxonomy":"post_tag","embeddable":true,"href":"https:\/\/velipost.com\/index.php?rest_route=%2Fwp%2Fv2%2Ftags&post=4438"}],"curies":[{"name":"wp","href":"https:\/\/api.w.org\/{rel}","templated":true}]}}