{"id":4384,"date":"2025-10-03T03:19:57","date_gmt":"2025-10-03T01:19:57","guid":{"rendered":"https:\/\/velipost.com\/?p=4384"},"modified":"2025-10-03T03:20:00","modified_gmt":"2025-10-03T01:20:00","slug":"plus-de-16-000-morts-en-haiti-depuis-2022-alerte-volker-turk-devant-le-conseil-des-droits-de-lhomme-a-geneve","status":"publish","type":"post","link":"https:\/\/velipost.com\/?p=4384","title":{"rendered":"Plus de 16 000 morts en Ha\u00efti depuis 2022, alerte Volker T\u00fcrk devant le Conseil des droits de l\u2019homme \u00e0 Gen\u00e8ve"},"content":{"rendered":"\n<p>Le Haut-Commissaire des Nations unies aux droits de l\u2019homme, Volker T\u00fcrk, a sonn\u00e9 l\u2019alarme devant le Conseil des droits de l\u2019homme : la situation en Ha\u00efti \u00ab a atteint un point critique \u00bb. Dans un discours prononc\u00e9 lors de la 60\u1d49 session, il a dress\u00e9 un tableau sombre de la violence, des violations massives des droits et de l\u2019effondrement humanitaire qui menacent non seulement le pays mais la r\u00e9gion.<\/p>\n\n\n\n<p>Depuis le 1\u1d49\u02b3 janvier 2022, plus de 16 000 personnes ont \u00e9t\u00e9 tu\u00e9es et environ 7 000 bless\u00e9es dans des violences li\u00e9es aux gangs, a indiqu\u00e9 M. T\u00fcrk. Le Conseil de s\u00e9curit\u00e9 a renforc\u00e9, le 30 septembre 2025, la mission internationale en la transformant en Force de r\u00e9pression des gangs \u2014 une d\u00e9cision salu\u00e9e comme \u00ab un signal fort de soutien international \u00bb, mais qui, selon le Haut-Commissaire, doit imp\u00e9rativement s\u2019accompagner de garanties en mati\u00e8re de droits humains.<\/p>\n\n\n\n<p>Les gangs ont \u00e9tendu leur emprise au-del\u00e0 de Port-au-Prince, semant la terreur dans des zones comme le Bas-Artibonite et le d\u00e9partement du Centre. Les groupes arm\u00e9s contr\u00f4lent des axes routiers, imposent des extorsions aux habitants, d\u00e9tournent l\u2019aide alimentaire et d\u00e9truisent des infrastructures publiques \u2014 h\u00f4pitaux, \u00e9coles, b\u00e2timents administratifs.<\/p>\n\n\n\n<p>M. T\u00fcrk a aussi mis en garde contre le risque d\u2019\u00ab import-export \u00bb de criminalit\u00e9 : trafic d\u2019armes, de drogues et de personnes pourraient se d\u00e9velopper et d\u00e9stabiliser la sous-r\u00e9gion. Selon le Bureau des Nations unies, entre 270 000 et 500 000 armes \u00e0 feu circuleraient ill\u00e9galement en Ha\u00efti, majoritairement entre les mains des gangs.<\/p>\n\n\n\n<p>Le Haut-Commissaire a insist\u00e9 sur le sort tragique des enfants. L\u2019UNICEF estime qu\u2019un enfant sur sept n\u2019est pas scolaris\u00e9 et pr\u00e8s d\u2019un million risquent d\u2019abandonner l\u2019\u00e9cole. De plus en plus d\u2019enfants sont victimes de traite, d\u2019exploitation ou sont recrut\u00e9s par des gangs pour servir de coursiers, de guetteurs ou de combattants.<\/p>\n\n\n\n<p>Une mesure positive cit\u00e9e par T\u00fcrk : l\u2019ouverture, en juillet, du premier Centre de transit et d\u2019orientation \u00e0 Port-au-Prince pour accueillir et r\u00e9ins\u00e9rer les enfants anciennement associ\u00e9s aux gangs. Mais il a appel\u00e9 \u00e0 multiplier ce type d\u2019initiatives.<\/p>\n\n\n\n<p>Le discours n\u2019\u00e9pargne pas non plus les forces de l\u2019ordre ha\u00eftiennes. Le Haut-Commissaire a fait \u00e9tat d\u2019un usage \u00ab inutile et disproportionn\u00e9 \u00bb de la force par les autorit\u00e9s, responsable de plus de la moiti\u00e9 des morts et bless\u00e9s cette ann\u00e9e \u2014 une hausse marqu\u00e9e par rapport \u00e0 2024. Il a d\u00e9nonc\u00e9 l\u2019ex\u00e9cution sommaire de 174 personnes par des unit\u00e9s sp\u00e9cialis\u00e9es et signal\u00e9 l\u2019emploi de drones explosifs : \u00e0 la mi-septembre, au moins 559 personnes \u2014 dont 11 enfants \u2014 auraient \u00e9t\u00e9 tu\u00e9es par ces frappes, actes \u00ab probablement ill\u00e9gaux \u00bb au regard du droit international.<\/p>\n\n\n\n<p>M. T\u00fcrk a demand\u00e9 des enqu\u00eates ind\u00e9pendantes et des poursuites effectives, soulignant que la lutte contre l\u2019impunit\u00e9 doit concerner tous les auteurs, y compris au sein des institutions de l\u2019\u00c9tat.<\/p>\n\n\n\n<p>Sur le plan humanitaire, la situation est catastrophique : 6 millions de personnes (la moiti\u00e9 de la population) ont besoin d\u2019assistance, dont 3,3 millions d\u2019enfants. Environ 1,3 million de personnes ont \u00e9t\u00e9 d\u00e9plac\u00e9es, la moiti\u00e9 d\u2019entre elles \u00e9tant des enfants. Ha\u00efti figure d\u00e9sormais parmi les cinq foyers mondiaux d\u2019ins\u00e9curit\u00e9 alimentaire les plus pr\u00e9occupants, a rappel\u00e9 le Haut-Commissaire.<\/p>\n\n\n\n<p>Face \u00e0 l\u2019ampleur de la crise, Volker T\u00fcrk a lanc\u00e9 un appel pressant \u00e0 la communaut\u00e9 internationale. Il a demand\u00e9 l\u2019application stricte de l\u2019embargo sur les armes d\u00e9cid\u00e9 par le Conseil de s\u00e9curit\u00e9, un meilleur contr\u00f4le aux fronti\u00e8res et un soutien financier et en effectifs \u00e0 la nouvelle Force de r\u00e9pression des gangs \u2014 \u00e0 condition que ses op\u00e9rations reposent sur des \u00ab garanties robustes \u00bb en mati\u00e8re de droits humains. Son bureau se dit pr\u00eat \u00e0 fournir des conseils pour encadrer ces op\u00e9rations conform\u00e9ment au droit international.<\/p>\n\n\n\n<p>Pour M. T\u00fcrk, la r\u00e9ponse doit aller au-del\u00e0 de l\u2019intervention s\u00e9curitaire : \u00e9radiquer l\u2019impunit\u00e9, lutter contre la corruption, et s\u2019attaquer aux in\u00e9galit\u00e9s et \u00e0 la pauvret\u00e9 sont des conditions indispensables pour restaurer l\u2019\u00c9tat de droit et briser la spirale de violence.<\/p>\n\n\n\n<p>\u00ab Nous pouvons \u2014 et devons \u2014 renverser la situation pour le peuple ha\u00eftien \u00bb, a conclu le Haut-Commissaire. L\u2019urgence est manifeste. Reste \u00e0 transformer les annonces internationales en actions concr\u00e8tes, rapides et respectueuses des droits humains, pour \u00e9viter que le pays ne tombe encore plus profond\u00e9ment dans le chaos.<\/p>\n\n    <div class=\"xs_social_share_widget xs_share_url after_content \t\tmain_content  wslu-style-3 wslu-share-box-shaped wslu-fill-brand-hover-colored wslu-share-m-5 wslu-none wslu-share-horizontal wslu-theme-font-no wslu-main_content\">\n\n\t\t\n        <ul>\n\t\t\t                    <li class=\"xs-share-li twitter                        wslu-no-extra-data\">\n                        <a href=\"javascript:void(0);\"\n                           id=\"xs_feed_twitter\"\n                           onclick=\"xs_social_sharer(this);\"\n                           data-pid=\"4384\"\n                           data-uri_hash=\"c30bef02a721f2a0348d057a16f5bdd4\"\n                           data-key=\"twitter\"\n                           data-xs-href=\"https:\/\/twitter.com\/intent\/tweet?text=Plus+de+16+000+morts+en+Ha%C3%AFti+depuis+2022%2C+alerte+Volker+T%C3%BCrk+devant+le+Conseil+des+droits+de+l%E2%80%99homme+%C3%A0+Gen%C3%A8ve+https%3A%2F%2Fvelipost.com%2Findex.php%3Frest_route%3D%252Fwp%252Fv2%252Fposts%252F4384&amp;original_referer=https%3A%2F%2Fvelipost.com%2Findex.php%3Frest_route%3D%252Fwp%252Fv2%252Fposts%252F4384&amp;related=xpeedstudio\">\n\n                            <div class=\"xs-social-icon\">\n                                <span class=\"met-social met-social-twitter\"><\/span>\n                            <\/div>\n\n\t\t\t\t\t\t\t\n                            <div class=\"wslu-hover-content\">\n                                <div class=\"xs-social-followers\">\n\t\t\t\t\t\t\t\t\t10                                <\/div>\n                                <div class=\"xs-social-follower-text\">\n\t\t\t\t\t\t\t\t\tShare                                <\/div>\n                                <div class=\"xs-social-follower-label\">\n\t\t\t\t\t\t\t\t\tTwitter                                <\/div>\n                            <\/div>\n                        <\/a>\n                    <\/li>\n\t\t\t\t\t                    <li class=\"xs-share-li telegram                        wslu-no-extra-data\">\n                        <a href=\"javascript:void(0);\"\n                           id=\"xs_feed_telegram\"\n                           onclick=\"xs_social_sharer(this);\"\n                           data-pid=\"4384\"\n                           data-uri_hash=\"c30bef02a721f2a0348d057a16f5bdd4\"\n                           data-key=\"telegram\"\n                           data-xs-href=\"https:\/\/telegram.me\/share\/url?url=https%3A%2F%2Fvelipost.com%2Findex.php%3Frest_route%3D%252Fwp%252Fv2%252Fposts%252F4384&amp;text=Plus+de+16+000+morts+en+Ha%C3%AFti+depuis+2022%2C+alerte+Volker+T%C3%BCrk+devant+le+Conseil+des+droits+de+l%E2%80%99homme+%C3%A0+Gen%C3%A8ve\">\n\n                            <div class=\"xs-social-icon\">\n                                <span class=\"met-social met-social-telegram\"><\/span>\n                            <\/div>\n\n\t\t\t\t\t\t\t\n                            <div class=\"wslu-hover-content\">\n                                <div class=\"xs-social-followers\">\n\t\t\t\t\t\t\t\t\t0                                <\/div>\n                                <div class=\"xs-social-follower-text\">\n\t\t\t\t\t\t\t\t\tShare                                <\/div>\n                                <div class=\"xs-social-follower-label\">\n\t\t\t\t\t\t\t\t\tTelegram                                <\/div>\n                            <\/div>\n                        <\/a>\n                    <\/li>\n\t\t\t\t\t                    <li class=\"xs-share-li email                        wslu-no-extra-data\">\n                        <a href=\"javascript:void(0);\"\n                           id=\"xs_feed_email\"\n                           onclick=\"xs_social_sharer(this);\"\n                           data-pid=\"4384\"\n                           data-uri_hash=\"c30bef02a721f2a0348d057a16f5bdd4\"\n                           data-key=\"email\"\n                           data-xs-href=\"mailto:?body=Title%3A+Plus+de+16+000+morts+en+Ha%C3%AFti+depuis+2022%2C+alerte+Volker+T%C3%BCrk+devant+le+Conseil+des+droits+de+l%E2%80%99homme+%C3%A0+Gen%C3%A8ve+%5Cn%5Cn+URL%3A+https%3A%2F%2Fvelipost.com%2Findex.php%3Frest_route%3D%252Fwp%252Fv2%252Fposts%252F4384&amp;subject=Plus+de+16+000+morts+en+Ha%C3%AFti+depuis+2022%2C+alerte+Volker+T%C3%BCrk+devant+le+Conseil+des+droits+de+l%E2%80%99homme+%C3%A0+Gen%C3%A8ve\">\n\n                            <div class=\"xs-social-icon\">\n                                <span class=\"met-social met-social-email\"><\/span>\n                            <\/div>\n\n\t\t\t\t\t\t\t\n                            <div class=\"wslu-hover-content\">\n                                <div class=\"xs-social-followers\">\n\t\t\t\t\t\t\t\t\t0                                <\/div>\n                                <div class=\"xs-social-follower-text\">\n\t\t\t\t\t\t\t\t\tShare                                <\/div>\n                                <div class=\"xs-social-follower-label\">\n\t\t\t\t\t\t\t\t\tEmail                                <\/div>\n                            <\/div>\n                        <\/a>\n                    <\/li>\n\t\t\t\t\t        <\/ul>\n    <\/div> \n","protected":false},"excerpt":{"rendered":"<p>Le Haut-Commissaire des Nations unies aux droits de l\u2019homme, Volker T\u00fcrk, a sonn\u00e9 l\u2019alarme devant le Conseil des droits de l\u2019homme : la situation<\/p>\n","protected":false},"author":1,"featured_media":4385,"comment_status":"open","ping_status":"open","sticky":false,"template":"","format":"standard","meta":{"_uag_custom_page_level_css":"","footnotes":"","jetpack_publicize_message":"","jetpack_publicize_feature_enabled":true,"jetpack_social_post_already_shared":true,"jetpack_social_options":{"image_generator_settings":{"template":"highway","default_image_id":0,"font":"","enabled":false},"version":2}},"categories":[94],"tags":[],"class_list":["post-4384","post","type-post","status-publish","format-standard","has-post-thumbnail","hentry","category-a-la-une"],"yoast_head":"<!-- This site is optimized with the Yoast SEO plugin v25.3.1 - https:\/\/yoast.com\/wordpress\/plugins\/seo\/ -->\n<title>Plus de 16 000 morts en Ha\u00efti depuis 2022, alerte Volker T\u00fcrk devant le Conseil des droits de l\u2019homme \u00e0 Gen\u00e8ve &#8211; VeliPost<\/title>\n<meta name=\"robots\" content=\"index, follow, max-snippet:-1, max-image-preview:large, max-video-preview:-1\" \/>\n<link rel=\"canonical\" href=\"https:\/\/velipost.com\/?p=4384\" \/>\n<meta property=\"og:locale\" content=\"fr_FR\" \/>\n<meta property=\"og:type\" content=\"article\" \/>\n<meta property=\"og:title\" content=\"Plus de 16 000 morts en Ha\u00efti depuis 2022, alerte Volker T\u00fcrk devant le Conseil des droits de l\u2019homme \u00e0 Gen\u00e8ve &#8211; VeliPost\" \/>\n<meta property=\"og:description\" content=\"Le Haut-Commissaire des Nations unies aux droits de l\u2019homme, Volker T\u00fcrk, a sonn\u00e9 l\u2019alarme devant le Conseil des droits de l\u2019homme : la situation\" \/>\n<meta property=\"og:url\" content=\"https:\/\/velipost.com\/?p=4384\" \/>\n<meta property=\"og:site_name\" content=\"VeliPost\" \/>\n<meta property=\"article:publisher\" content=\"https:\/\/www.facebook.com\/veliposthaiti\" \/>\n<meta property=\"article:published_time\" content=\"2025-10-03T01:19:57+00:00\" \/>\n<meta property=\"article:modified_time\" content=\"2025-10-03T01:20:00+00:00\" \/>\n<meta property=\"og:image\" content=\"https:\/\/velipost.com\/wp-content\/uploads\/2025\/10\/Volker-Turk.jpg\" \/>\n\t<meta property=\"og:image:width\" content=\"1170\" \/>\n\t<meta property=\"og:image:height\" content=\"603\" \/>\n\t<meta property=\"og:image:type\" content=\"image\/jpeg\" \/>\n<meta name=\"author\" content=\"VeliPost\" \/>\n<meta name=\"twitter:card\" content=\"summary_large_image\" \/>\n<meta name=\"twitter:creator\" content=\"@veliposthaiti\" \/>\n<meta name=\"twitter:site\" content=\"@veliposthaiti\" \/>\n<meta name=\"twitter:label1\" content=\"\u00c9crit par\" \/>\n\t<meta name=\"twitter:data1\" content=\"VeliPost\" \/>\n\t<meta name=\"twitter:label2\" content=\"Dur\u00e9e de lecture estim\u00e9e\" \/>\n\t<meta name=\"twitter:data2\" content=\"4 minutes\" \/>\n<script type=\"application\/ld+json\" class=\"yoast-schema-graph\">{\"@context\":\"https:\/\/schema.org\",\"@graph\":[{\"@type\":\"Article\",\"@id\":\"https:\/\/velipost.com\/?p=4384#article\",\"isPartOf\":{\"@id\":\"https:\/\/velipost.com\/?p=4384\"},\"author\":{\"name\":\"VeliPost\",\"@id\":\"https:\/\/velipost.com\/#\/schema\/person\/32ff49a53c9c1bb24302ee8ece058096\"},\"headline\":\"Plus de 16 000 morts en Ha\u00efti depuis 2022, alerte Volker T\u00fcrk devant le Conseil des droits de l\u2019homme \u00e0 Gen\u00e8ve\",\"datePublished\":\"2025-10-03T01:19:57+00:00\",\"dateModified\":\"2025-10-03T01:20:00+00:00\",\"mainEntityOfPage\":{\"@id\":\"https:\/\/velipost.com\/?p=4384\"},\"wordCount\":773,\"commentCount\":0,\"publisher\":{\"@id\":\"https:\/\/velipost.com\/#organization\"},\"image\":{\"@id\":\"https:\/\/velipost.com\/?p=4384#primaryimage\"},\"thumbnailUrl\":\"https:\/\/velipost.com\/wp-content\/uploads\/2025\/10\/Volker-Turk.jpg\",\"articleSection\":[\"A la Une\"],\"inLanguage\":\"fr-FR\",\"potentialAction\":[{\"@type\":\"CommentAction\",\"name\":\"Comment\",\"target\":[\"https:\/\/velipost.com\/?p=4384#respond\"]}]},{\"@type\":\"WebPage\",\"@id\":\"https:\/\/velipost.com\/?p=4384\",\"url\":\"https:\/\/velipost.com\/?p=4384\",\"name\":\"Plus de 16 000 morts en Ha\u00efti depuis 2022, alerte Volker T\u00fcrk devant le Conseil des droits de l\u2019homme \u00e0 Gen\u00e8ve &#8211; VeliPost\",\"isPartOf\":{\"@id\":\"https:\/\/velipost.com\/#website\"},\"primaryImageOfPage\":{\"@id\":\"https:\/\/velipost.com\/?p=4384#primaryimage\"},\"image\":{\"@id\":\"https:\/\/velipost.com\/?p=4384#primaryimage\"},\"thumbnailUrl\":\"https:\/\/velipost.com\/wp-content\/uploads\/2025\/10\/Volker-Turk.jpg\",\"datePublished\":\"2025-10-03T01:19:57+00:00\",\"dateModified\":\"2025-10-03T01:20:00+00:00\",\"breadcrumb\":{\"@id\":\"https:\/\/velipost.com\/?p=4384#breadcrumb\"},\"inLanguage\":\"fr-FR\",\"potentialAction\":[{\"@type\":\"ReadAction\",\"target\":[\"https:\/\/velipost.com\/?p=4384\"]}]},{\"@type\":\"ImageObject\",\"inLanguage\":\"fr-FR\",\"@id\":\"https:\/\/velipost.com\/?p=4384#primaryimage\",\"url\":\"https:\/\/velipost.com\/wp-content\/uploads\/2025\/10\/Volker-Turk.jpg\",\"contentUrl\":\"https:\/\/velipost.com\/wp-content\/uploads\/2025\/10\/Volker-Turk.jpg\",\"width\":1170,\"height\":603},{\"@type\":\"BreadcrumbList\",\"@id\":\"https:\/\/velipost.com\/?p=4384#breadcrumb\",\"itemListElement\":[{\"@type\":\"ListItem\",\"position\":1,\"name\":\"Accueil\",\"item\":\"https:\/\/velipost.com\/\"},{\"@type\":\"ListItem\",\"position\":2,\"name\":\"Plus de 16 000 morts en Ha\u00efti depuis 2022, alerte Volker T\u00fcrk devant le Conseil des droits de l\u2019homme \u00e0 Gen\u00e8ve\"}]},{\"@type\":\"WebSite\",\"@id\":\"https:\/\/velipost.com\/#website\",\"url\":\"https:\/\/velipost.com\/\",\"name\":\"VeliPost\",\"description\":\"L\u2019info en un clic\",\"publisher\":{\"@id\":\"https:\/\/velipost.com\/#organization\"},\"potentialAction\":[{\"@type\":\"SearchAction\",\"target\":{\"@type\":\"EntryPoint\",\"urlTemplate\":\"https:\/\/velipost.com\/?s={search_term_string}\"},\"query-input\":{\"@type\":\"PropertyValueSpecification\",\"valueRequired\":true,\"valueName\":\"search_term_string\"}}],\"inLanguage\":\"fr-FR\"},{\"@type\":\"Organization\",\"@id\":\"https:\/\/velipost.com\/#organization\",\"name\":\"VeliPost\",\"url\":\"https:\/\/velipost.com\/\",\"logo\":{\"@type\":\"ImageObject\",\"inLanguage\":\"fr-FR\",\"@id\":\"https:\/\/velipost.com\/#\/schema\/logo\/image\/\",\"url\":\"https:\/\/velipost.com\/wp-content\/uploads\/2024\/08\/cropped-VP-logo-piti.png\",\"contentUrl\":\"https:\/\/velipost.com\/wp-content\/uploads\/2024\/08\/cropped-VP-logo-piti.png\",\"width\":201,\"height\":69,\"caption\":\"VeliPost\"},\"image\":{\"@id\":\"https:\/\/velipost.com\/#\/schema\/logo\/image\/\"},\"sameAs\":[\"https:\/\/www.facebook.com\/veliposthaiti\",\"https:\/\/x.com\/veliposthaiti\",\"https:\/\/www.instagram.com\/veliposthaiti\"]},{\"@type\":\"Person\",\"@id\":\"https:\/\/velipost.com\/#\/schema\/person\/32ff49a53c9c1bb24302ee8ece058096\",\"name\":\"VeliPost\",\"image\":{\"@type\":\"ImageObject\",\"inLanguage\":\"fr-FR\",\"@id\":\"https:\/\/velipost.com\/#\/schema\/person\/image\/\",\"url\":\"https:\/\/secure.gravatar.com\/avatar\/57c226c264de62f794185a89596d4a37b85a5ad20aca30d9d5a478b27d8c8d9d?s=96&d=mm&r=g\",\"contentUrl\":\"https:\/\/secure.gravatar.com\/avatar\/57c226c264de62f794185a89596d4a37b85a5ad20aca30d9d5a478b27d8c8d9d?s=96&d=mm&r=g\",\"caption\":\"VeliPost\"},\"sameAs\":[\"https:\/\/velipost.com\"],\"url\":\"https:\/\/velipost.com\/?author=1\"}]}<\/script>\n<!-- \/ Yoast SEO plugin. -->","yoast_head_json":{"title":"Plus de 16 000 morts en Ha\u00efti depuis 2022, alerte Volker T\u00fcrk devant le Conseil des droits de l\u2019homme \u00e0 Gen\u00e8ve &#8211; VeliPost","robots":{"index":"index","follow":"follow","max-snippet":"max-snippet:-1","max-image-preview":"max-image-preview:large","max-video-preview":"max-video-preview:-1"},"canonical":"https:\/\/velipost.com\/?p=4384","og_locale":"fr_FR","og_type":"article","og_title":"Plus de 16 000 morts en Ha\u00efti depuis 2022, alerte Volker T\u00fcrk devant le Conseil des droits de l\u2019homme \u00e0 Gen\u00e8ve &#8211; VeliPost","og_description":"Le Haut-Commissaire des Nations unies aux droits de l\u2019homme, Volker T\u00fcrk, a sonn\u00e9 l\u2019alarme devant le Conseil des droits de l\u2019homme : la situation","og_url":"https:\/\/velipost.com\/?p=4384","og_site_name":"VeliPost","article_publisher":"https:\/\/www.facebook.com\/veliposthaiti","article_published_time":"2025-10-03T01:19:57+00:00","article_modified_time":"2025-10-03T01:20:00+00:00","og_image":[{"width":1170,"height":603,"url":"https:\/\/velipost.com\/wp-content\/uploads\/2025\/10\/Volker-Turk.jpg","type":"image\/jpeg"}],"author":"VeliPost","twitter_card":"summary_large_image","twitter_creator":"@veliposthaiti","twitter_site":"@veliposthaiti","twitter_misc":{"\u00c9crit par":"VeliPost","Dur\u00e9e de lecture estim\u00e9e":"4 minutes"},"schema":{"@context":"https:\/\/schema.org","@graph":[{"@type":"Article","@id":"https:\/\/velipost.com\/?p=4384#article","isPartOf":{"@id":"https:\/\/velipost.com\/?p=4384"},"author":{"name":"VeliPost","@id":"https:\/\/velipost.com\/#\/schema\/person\/32ff49a53c9c1bb24302ee8ece058096"},"headline":"Plus de 16 000 morts en Ha\u00efti depuis 2022, alerte Volker T\u00fcrk devant le Conseil des droits de l\u2019homme \u00e0 Gen\u00e8ve","datePublished":"2025-10-03T01:19:57+00:00","dateModified":"2025-10-03T01:20:00+00:00","mainEntityOfPage":{"@id":"https:\/\/velipost.com\/?p=4384"},"wordCount":773,"commentCount":0,"publisher":{"@id":"https:\/\/velipost.com\/#organization"},"image":{"@id":"https:\/\/velipost.com\/?p=4384#primaryimage"},"thumbnailUrl":"https:\/\/velipost.com\/wp-content\/uploads\/2025\/10\/Volker-Turk.jpg","articleSection":["A la Une"],"inLanguage":"fr-FR","potentialAction":[{"@type":"CommentAction","name":"Comment","target":["https:\/\/velipost.com\/?p=4384#respond"]}]},{"@type":"WebPage","@id":"https:\/\/velipost.com\/?p=4384","url":"https:\/\/velipost.com\/?p=4384","name":"Plus de 16 000 morts en Ha\u00efti depuis 2022, alerte Volker T\u00fcrk devant le Conseil des droits de l\u2019homme \u00e0 Gen\u00e8ve &#8211; VeliPost","isPartOf":{"@id":"https:\/\/velipost.com\/#website"},"primaryImageOfPage":{"@id":"https:\/\/velipost.com\/?p=4384#primaryimage"},"image":{"@id":"https:\/\/velipost.com\/?p=4384#primaryimage"},"thumbnailUrl":"https:\/\/velipost.com\/wp-content\/uploads\/2025\/10\/Volker-Turk.jpg","datePublished":"2025-10-03T01:19:57+00:00","dateModified":"2025-10-03T01:20:00+00:00","breadcrumb":{"@id":"https:\/\/velipost.com\/?p=4384#breadcrumb"},"inLanguage":"fr-FR","potentialAction":[{"@type":"ReadAction","target":["https:\/\/velipost.com\/?p=4384"]}]},{"@type":"ImageObject","inLanguage":"fr-FR","@id":"https:\/\/velipost.com\/?p=4384#primaryimage","url":"https:\/\/velipost.com\/wp-content\/uploads\/2025\/10\/Volker-Turk.jpg","contentUrl":"https:\/\/velipost.com\/wp-content\/uploads\/2025\/10\/Volker-Turk.jpg","width":1170,"height":603},{"@type":"BreadcrumbList","@id":"https:\/\/velipost.com\/?p=4384#breadcrumb","itemListElement":[{"@type":"ListItem","position":1,"name":"Accueil","item":"https:\/\/velipost.com\/"},{"@type":"ListItem","position":2,"name":"Plus de 16 000 morts en Ha\u00efti depuis 2022, alerte Volker T\u00fcrk devant le Conseil des droits de l\u2019homme \u00e0 Gen\u00e8ve"}]},{"@type":"WebSite","@id":"https:\/\/velipost.com\/#website","url":"https:\/\/velipost.com\/","name":"VeliPost","description":"L\u2019info en un clic","publisher":{"@id":"https:\/\/velipost.com\/#organization"},"potentialAction":[{"@type":"SearchAction","target":{"@type":"EntryPoint","urlTemplate":"https:\/\/velipost.com\/?s={search_term_string}"},"query-input":{"@type":"PropertyValueSpecification","valueRequired":true,"valueName":"search_term_string"}}],"inLanguage":"fr-FR"},{"@type":"Organization","@id":"https:\/\/velipost.com\/#organization","name":"VeliPost","url":"https:\/\/velipost.com\/","logo":{"@type":"ImageObject","inLanguage":"fr-FR","@id":"https:\/\/velipost.com\/#\/schema\/logo\/image\/","url":"https:\/\/velipost.com\/wp-content\/uploads\/2024\/08\/cropped-VP-logo-piti.png","contentUrl":"https:\/\/velipost.com\/wp-content\/uploads\/2024\/08\/cropped-VP-logo-piti.png","width":201,"height":69,"caption":"VeliPost"},"image":{"@id":"https:\/\/velipost.com\/#\/schema\/logo\/image\/"},"sameAs":["https:\/\/www.facebook.com\/veliposthaiti","https:\/\/x.com\/veliposthaiti","https:\/\/www.instagram.com\/veliposthaiti"]},{"@type":"Person","@id":"https:\/\/velipost.com\/#\/schema\/person\/32ff49a53c9c1bb24302ee8ece058096","name":"VeliPost","image":{"@type":"ImageObject","inLanguage":"fr-FR","@id":"https:\/\/velipost.com\/#\/schema\/person\/image\/","url":"https:\/\/secure.gravatar.com\/avatar\/57c226c264de62f794185a89596d4a37b85a5ad20aca30d9d5a478b27d8c8d9d?s=96&d=mm&r=g","contentUrl":"https:\/\/secure.gravatar.com\/avatar\/57c226c264de62f794185a89596d4a37b85a5ad20aca30d9d5a478b27d8c8d9d?s=96&d=mm&r=g","caption":"VeliPost"},"sameAs":["https:\/\/velipost.com"],"url":"https:\/\/velipost.com\/?author=1"}]}},"views":0,"jetpack_publicize_connections":[],"uagb_featured_image_src":{"full":["https:\/\/velipost.com\/wp-content\/uploads\/2025\/10\/Volker-Turk.jpg",1170,603,false],"thumbnail":["https:\/\/velipost.com\/wp-content\/uploads\/2025\/10\/Volker-Turk-150x150.jpg",150,150,true],"medium":["https:\/\/velipost.com\/wp-content\/uploads\/2025\/10\/Volker-Turk-300x155.jpg",300,155,true],"medium_large":["https:\/\/velipost.com\/wp-content\/uploads\/2025\/10\/Volker-Turk-768x396.jpg",715,369,true],"large":["https:\/\/velipost.com\/wp-content\/uploads\/2025\/10\/Volker-Turk-1024x528.jpg",715,369,true],"1536x1536":["https:\/\/velipost.com\/wp-content\/uploads\/2025\/10\/Volker-Turk.jpg",1170,603,false],"2048x2048":["https:\/\/velipost.com\/wp-content\/uploads\/2025\/10\/Volker-Turk.jpg",1170,603,false],"colornews-big-slider":["https:\/\/velipost.com\/wp-content\/uploads\/2025\/10\/Volker-Turk-1070x470.jpg",1070,470,true],"colornews-big-slider-thumb":["https:\/\/velipost.com\/wp-content\/uploads\/2025\/10\/Volker-Turk-184x109.jpg",184,109,true],"colornews-featured-post-medium":["https:\/\/velipost.com\/wp-content\/uploads\/2025\/10\/Volker-Turk-345x265.jpg",345,265,true],"colornews-featured-post-small":["https:\/\/velipost.com\/wp-content\/uploads\/2025\/10\/Volker-Turk-115x73.jpg",115,73,true],"colornews-random-posts":["https:\/\/velipost.com\/wp-content\/uploads\/2025\/10\/Volker-Turk-215x215.jpg",215,215,true],"colornews-featured-image":["https:\/\/velipost.com\/wp-content\/uploads\/2025\/10\/Volker-Turk-715x400.jpg",715,400,true],"mailpoet_newsletter_max":["https:\/\/velipost.com\/wp-content\/uploads\/2025\/10\/Volker-Turk.jpg",1170,603,false]},"uagb_author_info":{"display_name":"VeliPost","author_link":"https:\/\/velipost.com\/?author=1"},"uagb_comment_info":0,"uagb_excerpt":"Le Haut-Commissaire des Nations unies aux droits de l\u2019homme, Volker T\u00fcrk, a sonn\u00e9 l\u2019alarme devant le Conseil des droits de l\u2019homme : la situation","_links":{"self":[{"href":"https:\/\/velipost.com\/index.php?rest_route=\/wp\/v2\/posts\/4384","targetHints":{"allow":["GET"]}}],"collection":[{"href":"https:\/\/velipost.com\/index.php?rest_route=\/wp\/v2\/posts"}],"about":[{"href":"https:\/\/velipost.com\/index.php?rest_route=\/wp\/v2\/types\/post"}],"author":[{"embeddable":true,"href":"https:\/\/velipost.com\/index.php?rest_route=\/wp\/v2\/users\/1"}],"replies":[{"embeddable":true,"href":"https:\/\/velipost.com\/index.php?rest_route=%2Fwp%2Fv2%2Fcomments&post=4384"}],"version-history":[{"count":1,"href":"https:\/\/velipost.com\/index.php?rest_route=\/wp\/v2\/posts\/4384\/revisions"}],"predecessor-version":[{"id":4386,"href":"https:\/\/velipost.com\/index.php?rest_route=\/wp\/v2\/posts\/4384\/revisions\/4386"}],"wp:featuredmedia":[{"embeddable":true,"href":"https:\/\/velipost.com\/index.php?rest_route=\/wp\/v2\/media\/4385"}],"wp:attachment":[{"href":"https:\/\/velipost.com\/index.php?rest_route=%2Fwp%2Fv2%2Fmedia&parent=4384"}],"wp:term":[{"taxonomy":"category","embeddable":true,"href":"https:\/\/velipost.com\/index.php?rest_route=%2Fwp%2Fv2%2Fcategories&post=4384"},{"taxonomy":"post_tag","embeddable":true,"href":"https:\/\/velipost.com\/index.php?rest_route=%2Fwp%2Fv2%2Ftags&post=4384"}],"curies":[{"name":"wp","href":"https:\/\/api.w.org\/{rel}","templated":true}]}}