{"id":4356,"date":"2025-10-01T03:43:44","date_gmt":"2025-10-01T01:43:44","guid":{"rendered":"https:\/\/velipost.com\/?p=4356"},"modified":"2025-10-01T03:43:46","modified_gmt":"2025-10-01T01:43:46","slug":"lambassadeur-dafrique-du-sud-en-france-retrouve-mort-a-paris","status":"publish","type":"post","link":"https:\/\/velipost.com\/?p=4356","title":{"rendered":"L\u2019ambassadeur d\u2019Afrique du Sud en France retrouv\u00e9 mort \u00e0 Paris"},"content":{"rendered":"\n<p>L\u2019ambassadeur d\u2019Afrique du Sud en France, Nkosinathi Emmanuel Mthethwa, a \u00e9t\u00e9 retrouv\u00e9 mort ce mardi 30 septembre au pied de l\u2019h\u00f4tel Hyatt, dans le 17e arrondissement de Paris. \u00c2g\u00e9 de 58 ans, il avait r\u00e9serv\u00e9 une chambre au 22e \u00e9tage de l\u2019\u00e9tablissement. Selon le parquet, la fen\u00eatre s\u00e9curis\u00e9e de la chambre avait \u00e9t\u00e9 forc\u00e9e. Une enqu\u00eate a \u00e9t\u00e9 ouverte et confi\u00e9e \u00e0 la brigade de r\u00e9pression de la d\u00e9linquance contre la personne (BRDP).<\/p>\n\n\n\n<p>Lundi, son \u00e9pouse avait signal\u00e9 sa disparition apr\u00e8s avoir re\u00e7u un message alarmant. D\u2019apr\u00e8s les premiers \u00e9l\u00e9ments de l\u2019enqu\u00eate, son t\u00e9l\u00e9phone avait born\u00e9 pour la derni\u00e8re fois dans l\u2019apr\u00e8s-midi aux abords du Bois de Boulogne, dans le 16e arrondissement. Craignant un possible geste suicidaire, la police avait lanc\u00e9 des recherches dans la zone.<\/p>\n\n\n\n<p>Diplomate de carri\u00e8re, Nkosinathi Emmanuel Mthethwa occupait son poste d\u2019ambassadeur \u00e0 Paris depuis f\u00e9vrier 2024. Il repr\u00e9sentait \u00e9galement l\u2019Afrique du Sud aupr\u00e8s de l\u2019Unesco. Le minist\u00e8re sud-africain des Affaires \u00e9trang\u00e8res a r\u00e9agi en qualifiant sa mort de \u00ab perte nationale \u00bb, pr\u00e9cisant qu\u2019un communiqu\u00e9 officiel sera diffus\u00e9 d\u00e8s que de nouvelles informations seront disponibles.<\/p>\n\n    <div class=\"xs_social_share_widget xs_share_url after_content \t\tmain_content  wslu-style-3 wslu-share-box-shaped wslu-fill-brand-hover-colored wslu-share-m-5 wslu-none wslu-share-horizontal wslu-theme-font-no wslu-main_content\">\n\n\t\t\n        <ul>\n\t\t\t                    <li class=\"xs-share-li twitter                        wslu-no-extra-data\">\n                        <a href=\"javascript:void(0);\"\n                           id=\"xs_feed_twitter\"\n                           onclick=\"xs_social_sharer(this);\"\n                           data-pid=\"4356\"\n                           data-uri_hash=\"c82fcea5d130681bb8473a969b4558d5\"\n                           data-key=\"twitter\"\n                           data-xs-href=\"https:\/\/twitter.com\/intent\/tweet?text=L%E2%80%99ambassadeur+d%E2%80%99Afrique+du+Sud+en+France+retrouv%C3%A9+mort+%C3%A0+Paris+https%3A%2F%2Fvelipost.com%2Findex.php%3Frest_route%3D%252Fwp%252Fv2%252Fposts%252F4356&amp;original_referer=https%3A%2F%2Fvelipost.com%2Findex.php%3Frest_route%3D%252Fwp%252Fv2%252Fposts%252F4356&amp;related=xpeedstudio\">\n\n                            <div class=\"xs-social-icon\">\n                                <span class=\"met-social met-social-twitter\"><\/span>\n                            <\/div>\n\n\t\t\t\t\t\t\t\n                            <div class=\"wslu-hover-content\">\n                                <div class=\"xs-social-followers\">\n\t\t\t\t\t\t\t\t\t10                                <\/div>\n                                <div class=\"xs-social-follower-text\">\n\t\t\t\t\t\t\t\t\tShare                                <\/div>\n                                <div class=\"xs-social-follower-label\">\n\t\t\t\t\t\t\t\t\tTwitter                                <\/div>\n                            <\/div>\n                        <\/a>\n                    <\/li>\n\t\t\t\t\t                    <li class=\"xs-share-li telegram                        wslu-no-extra-data\">\n                        <a href=\"javascript:void(0);\"\n                           id=\"xs_feed_telegram\"\n                           onclick=\"xs_social_sharer(this);\"\n                           data-pid=\"4356\"\n                           data-uri_hash=\"c82fcea5d130681bb8473a969b4558d5\"\n                           data-key=\"telegram\"\n                           data-xs-href=\"https:\/\/telegram.me\/share\/url?url=https%3A%2F%2Fvelipost.com%2Findex.php%3Frest_route%3D%252Fwp%252Fv2%252Fposts%252F4356&amp;text=L%E2%80%99ambassadeur+d%E2%80%99Afrique+du+Sud+en+France+retrouv%C3%A9+mort+%C3%A0+Paris\">\n\n                            <div class=\"xs-social-icon\">\n                                <span class=\"met-social met-social-telegram\"><\/span>\n                            <\/div>\n\n\t\t\t\t\t\t\t\n                            <div class=\"wslu-hover-content\">\n                                <div class=\"xs-social-followers\">\n\t\t\t\t\t\t\t\t\t0                                <\/div>\n                                <div class=\"xs-social-follower-text\">\n\t\t\t\t\t\t\t\t\tShare                                <\/div>\n                                <div class=\"xs-social-follower-label\">\n\t\t\t\t\t\t\t\t\tTelegram                                <\/div>\n                            <\/div>\n                        <\/a>\n                    <\/li>\n\t\t\t\t\t                    <li class=\"xs-share-li email                        wslu-no-extra-data\">\n                        <a href=\"javascript:void(0);\"\n                           id=\"xs_feed_email\"\n                           onclick=\"xs_social_sharer(this);\"\n                           data-pid=\"4356\"\n                           data-uri_hash=\"c82fcea5d130681bb8473a969b4558d5\"\n                           data-key=\"email\"\n                           data-xs-href=\"mailto:?body=Title%3A+L%E2%80%99ambassadeur+d%E2%80%99Afrique+du+Sud+en+France+retrouv%C3%A9+mort+%C3%A0+Paris+%5Cn%5Cn+URL%3A+https%3A%2F%2Fvelipost.com%2Findex.php%3Frest_route%3D%252Fwp%252Fv2%252Fposts%252F4356&amp;subject=L%E2%80%99ambassadeur+d%E2%80%99Afrique+du+Sud+en+France+retrouv%C3%A9+mort+%C3%A0+Paris\">\n\n                            <div class=\"xs-social-icon\">\n                                <span class=\"met-social met-social-email\"><\/span>\n                            <\/div>\n\n\t\t\t\t\t\t\t\n                            <div class=\"wslu-hover-content\">\n                                <div class=\"xs-social-followers\">\n\t\t\t\t\t\t\t\t\t0                                <\/div>\n                                <div class=\"xs-social-follower-text\">\n\t\t\t\t\t\t\t\t\tShare                                <\/div>\n                                <div class=\"xs-social-follower-label\">\n\t\t\t\t\t\t\t\t\tEmail                                <\/div>\n                            <\/div>\n                        <\/a>\n                    <\/li>\n\t\t\t\t\t        <\/ul>\n    <\/div> \n","protected":false},"excerpt":{"rendered":"<p>L\u2019ambassadeur d\u2019Afrique du Sud en France, Nkosinathi Emmanuel Mthethwa, a \u00e9t\u00e9 retrouv\u00e9 mort ce mardi 30 septembre au pied de l\u2019h\u00f4tel Hyatt, dans le<\/p>\n","protected":false},"author":1,"featured_media":4357,"comment_status":"open","ping_status":"open","sticky":false,"template":"","format":"standard","meta":{"_uag_custom_page_level_css":"","footnotes":"","jetpack_publicize_message":"","jetpack_publicize_feature_enabled":true,"jetpack_social_post_already_shared":true,"jetpack_social_options":{"image_generator_settings":{"template":"highway","default_image_id":0,"font":"","enabled":false},"version":2}},"categories":[107],"tags":[],"class_list":["post-4356","post","type-post","status-publish","format-standard","has-post-thumbnail","hentry","category-international"],"yoast_head":"<!-- This site is optimized with the Yoast SEO plugin v25.3.1 - https:\/\/yoast.com\/wordpress\/plugins\/seo\/ -->\n<title>L\u2019ambassadeur d\u2019Afrique du Sud en France retrouv\u00e9 mort \u00e0 Paris &#8211; VeliPost<\/title>\n<meta name=\"robots\" content=\"index, follow, max-snippet:-1, max-image-preview:large, max-video-preview:-1\" \/>\n<link rel=\"canonical\" href=\"https:\/\/velipost.com\/?p=4356\" \/>\n<meta property=\"og:locale\" content=\"fr_FR\" \/>\n<meta property=\"og:type\" content=\"article\" \/>\n<meta property=\"og:title\" content=\"L\u2019ambassadeur d\u2019Afrique du Sud en France retrouv\u00e9 mort \u00e0 Paris &#8211; VeliPost\" \/>\n<meta property=\"og:description\" content=\"L\u2019ambassadeur d\u2019Afrique du Sud en France, Nkosinathi Emmanuel Mthethwa, a \u00e9t\u00e9 retrouv\u00e9 mort ce mardi 30 septembre au pied de l\u2019h\u00f4tel Hyatt, dans le\" \/>\n<meta property=\"og:url\" content=\"https:\/\/velipost.com\/?p=4356\" \/>\n<meta property=\"og:site_name\" content=\"VeliPost\" \/>\n<meta property=\"article:publisher\" content=\"https:\/\/www.facebook.com\/veliposthaiti\" \/>\n<meta property=\"article:published_time\" content=\"2025-10-01T01:43:44+00:00\" \/>\n<meta property=\"article:modified_time\" content=\"2025-10-01T01:43:46+00:00\" \/>\n<meta property=\"og:image\" content=\"https:\/\/velipost.com\/wp-content\/uploads\/2025\/10\/Nkosinathi-Emmanuel-Mthethwa.jpg\" \/>\n\t<meta property=\"og:image:width\" content=\"1170\" \/>\n\t<meta property=\"og:image:height\" content=\"603\" \/>\n\t<meta property=\"og:image:type\" content=\"image\/jpeg\" \/>\n<meta name=\"author\" content=\"VeliPost\" \/>\n<meta name=\"twitter:card\" content=\"summary_large_image\" \/>\n<meta name=\"twitter:creator\" content=\"@veliposthaiti\" \/>\n<meta name=\"twitter:site\" content=\"@veliposthaiti\" \/>\n<meta name=\"twitter:label1\" content=\"\u00c9crit par\" \/>\n\t<meta name=\"twitter:data1\" content=\"VeliPost\" \/>\n\t<meta name=\"twitter:label2\" content=\"Dur\u00e9e de lecture estim\u00e9e\" \/>\n\t<meta name=\"twitter:data2\" content=\"2 minutes\" \/>\n<script type=\"application\/ld+json\" class=\"yoast-schema-graph\">{\"@context\":\"https:\/\/schema.org\",\"@graph\":[{\"@type\":\"Article\",\"@id\":\"https:\/\/velipost.com\/?p=4356#article\",\"isPartOf\":{\"@id\":\"https:\/\/velipost.com\/?p=4356\"},\"author\":{\"name\":\"VeliPost\",\"@id\":\"https:\/\/velipost.com\/#\/schema\/person\/32ff49a53c9c1bb24302ee8ece058096\"},\"headline\":\"L\u2019ambassadeur d\u2019Afrique du Sud en France retrouv\u00e9 mort \u00e0 Paris\",\"datePublished\":\"2025-10-01T01:43:44+00:00\",\"dateModified\":\"2025-10-01T01:43:46+00:00\",\"mainEntityOfPage\":{\"@id\":\"https:\/\/velipost.com\/?p=4356\"},\"wordCount\":223,\"commentCount\":0,\"publisher\":{\"@id\":\"https:\/\/velipost.com\/#organization\"},\"image\":{\"@id\":\"https:\/\/velipost.com\/?p=4356#primaryimage\"},\"thumbnailUrl\":\"https:\/\/velipost.com\/wp-content\/uploads\/2025\/10\/Nkosinathi-Emmanuel-Mthethwa.jpg\",\"articleSection\":[\"International\"],\"inLanguage\":\"fr-FR\",\"potentialAction\":[{\"@type\":\"CommentAction\",\"name\":\"Comment\",\"target\":[\"https:\/\/velipost.com\/?p=4356#respond\"]}]},{\"@type\":\"WebPage\",\"@id\":\"https:\/\/velipost.com\/?p=4356\",\"url\":\"https:\/\/velipost.com\/?p=4356\",\"name\":\"L\u2019ambassadeur d\u2019Afrique du Sud en France retrouv\u00e9 mort \u00e0 Paris &#8211; VeliPost\",\"isPartOf\":{\"@id\":\"https:\/\/velipost.com\/#website\"},\"primaryImageOfPage\":{\"@id\":\"https:\/\/velipost.com\/?p=4356#primaryimage\"},\"image\":{\"@id\":\"https:\/\/velipost.com\/?p=4356#primaryimage\"},\"thumbnailUrl\":\"https:\/\/velipost.com\/wp-content\/uploads\/2025\/10\/Nkosinathi-Emmanuel-Mthethwa.jpg\",\"datePublished\":\"2025-10-01T01:43:44+00:00\",\"dateModified\":\"2025-10-01T01:43:46+00:00\",\"breadcrumb\":{\"@id\":\"https:\/\/velipost.com\/?p=4356#breadcrumb\"},\"inLanguage\":\"fr-FR\",\"potentialAction\":[{\"@type\":\"ReadAction\",\"target\":[\"https:\/\/velipost.com\/?p=4356\"]}]},{\"@type\":\"ImageObject\",\"inLanguage\":\"fr-FR\",\"@id\":\"https:\/\/velipost.com\/?p=4356#primaryimage\",\"url\":\"https:\/\/velipost.com\/wp-content\/uploads\/2025\/10\/Nkosinathi-Emmanuel-Mthethwa.jpg\",\"contentUrl\":\"https:\/\/velipost.com\/wp-content\/uploads\/2025\/10\/Nkosinathi-Emmanuel-Mthethwa.jpg\",\"width\":1170,\"height\":603},{\"@type\":\"BreadcrumbList\",\"@id\":\"https:\/\/velipost.com\/?p=4356#breadcrumb\",\"itemListElement\":[{\"@type\":\"ListItem\",\"position\":1,\"name\":\"Accueil\",\"item\":\"https:\/\/velipost.com\/\"},{\"@type\":\"ListItem\",\"position\":2,\"name\":\"L\u2019ambassadeur d\u2019Afrique du Sud en France retrouv\u00e9 mort \u00e0 Paris\"}]},{\"@type\":\"WebSite\",\"@id\":\"https:\/\/velipost.com\/#website\",\"url\":\"https:\/\/velipost.com\/\",\"name\":\"VeliPost\",\"description\":\"L\u2019info en un clic\",\"publisher\":{\"@id\":\"https:\/\/velipost.com\/#organization\"},\"potentialAction\":[{\"@type\":\"SearchAction\",\"target\":{\"@type\":\"EntryPoint\",\"urlTemplate\":\"https:\/\/velipost.com\/?s={search_term_string}\"},\"query-input\":{\"@type\":\"PropertyValueSpecification\",\"valueRequired\":true,\"valueName\":\"search_term_string\"}}],\"inLanguage\":\"fr-FR\"},{\"@type\":\"Organization\",\"@id\":\"https:\/\/velipost.com\/#organization\",\"name\":\"VeliPost\",\"url\":\"https:\/\/velipost.com\/\",\"logo\":{\"@type\":\"ImageObject\",\"inLanguage\":\"fr-FR\",\"@id\":\"https:\/\/velipost.com\/#\/schema\/logo\/image\/\",\"url\":\"https:\/\/velipost.com\/wp-content\/uploads\/2024\/08\/cropped-VP-logo-piti.png\",\"contentUrl\":\"https:\/\/velipost.com\/wp-content\/uploads\/2024\/08\/cropped-VP-logo-piti.png\",\"width\":201,\"height\":69,\"caption\":\"VeliPost\"},\"image\":{\"@id\":\"https:\/\/velipost.com\/#\/schema\/logo\/image\/\"},\"sameAs\":[\"https:\/\/www.facebook.com\/veliposthaiti\",\"https:\/\/x.com\/veliposthaiti\",\"https:\/\/www.instagram.com\/veliposthaiti\"]},{\"@type\":\"Person\",\"@id\":\"https:\/\/velipost.com\/#\/schema\/person\/32ff49a53c9c1bb24302ee8ece058096\",\"name\":\"VeliPost\",\"image\":{\"@type\":\"ImageObject\",\"inLanguage\":\"fr-FR\",\"@id\":\"https:\/\/velipost.com\/#\/schema\/person\/image\/\",\"url\":\"https:\/\/secure.gravatar.com\/avatar\/57c226c264de62f794185a89596d4a37b85a5ad20aca30d9d5a478b27d8c8d9d?s=96&d=mm&r=g\",\"contentUrl\":\"https:\/\/secure.gravatar.com\/avatar\/57c226c264de62f794185a89596d4a37b85a5ad20aca30d9d5a478b27d8c8d9d?s=96&d=mm&r=g\",\"caption\":\"VeliPost\"},\"sameAs\":[\"https:\/\/velipost.com\"],\"url\":\"https:\/\/velipost.com\/?author=1\"}]}<\/script>\n<!-- \/ Yoast SEO plugin. -->","yoast_head_json":{"title":"L\u2019ambassadeur d\u2019Afrique du Sud en France retrouv\u00e9 mort \u00e0 Paris &#8211; VeliPost","robots":{"index":"index","follow":"follow","max-snippet":"max-snippet:-1","max-image-preview":"max-image-preview:large","max-video-preview":"max-video-preview:-1"},"canonical":"https:\/\/velipost.com\/?p=4356","og_locale":"fr_FR","og_type":"article","og_title":"L\u2019ambassadeur d\u2019Afrique du Sud en France retrouv\u00e9 mort \u00e0 Paris &#8211; VeliPost","og_description":"L\u2019ambassadeur d\u2019Afrique du Sud en France, Nkosinathi Emmanuel Mthethwa, a \u00e9t\u00e9 retrouv\u00e9 mort ce mardi 30 septembre au pied de l\u2019h\u00f4tel Hyatt, dans le","og_url":"https:\/\/velipost.com\/?p=4356","og_site_name":"VeliPost","article_publisher":"https:\/\/www.facebook.com\/veliposthaiti","article_published_time":"2025-10-01T01:43:44+00:00","article_modified_time":"2025-10-01T01:43:46+00:00","og_image":[{"width":1170,"height":603,"url":"https:\/\/velipost.com\/wp-content\/uploads\/2025\/10\/Nkosinathi-Emmanuel-Mthethwa.jpg","type":"image\/jpeg"}],"author":"VeliPost","twitter_card":"summary_large_image","twitter_creator":"@veliposthaiti","twitter_site":"@veliposthaiti","twitter_misc":{"\u00c9crit par":"VeliPost","Dur\u00e9e de lecture estim\u00e9e":"2 minutes"},"schema":{"@context":"https:\/\/schema.org","@graph":[{"@type":"Article","@id":"https:\/\/velipost.com\/?p=4356#article","isPartOf":{"@id":"https:\/\/velipost.com\/?p=4356"},"author":{"name":"VeliPost","@id":"https:\/\/velipost.com\/#\/schema\/person\/32ff49a53c9c1bb24302ee8ece058096"},"headline":"L\u2019ambassadeur d\u2019Afrique du Sud en France retrouv\u00e9 mort \u00e0 Paris","datePublished":"2025-10-01T01:43:44+00:00","dateModified":"2025-10-01T01:43:46+00:00","mainEntityOfPage":{"@id":"https:\/\/velipost.com\/?p=4356"},"wordCount":223,"commentCount":0,"publisher":{"@id":"https:\/\/velipost.com\/#organization"},"image":{"@id":"https:\/\/velipost.com\/?p=4356#primaryimage"},"thumbnailUrl":"https:\/\/velipost.com\/wp-content\/uploads\/2025\/10\/Nkosinathi-Emmanuel-Mthethwa.jpg","articleSection":["International"],"inLanguage":"fr-FR","potentialAction":[{"@type":"CommentAction","name":"Comment","target":["https:\/\/velipost.com\/?p=4356#respond"]}]},{"@type":"WebPage","@id":"https:\/\/velipost.com\/?p=4356","url":"https:\/\/velipost.com\/?p=4356","name":"L\u2019ambassadeur d\u2019Afrique du Sud en France retrouv\u00e9 mort \u00e0 Paris &#8211; VeliPost","isPartOf":{"@id":"https:\/\/velipost.com\/#website"},"primaryImageOfPage":{"@id":"https:\/\/velipost.com\/?p=4356#primaryimage"},"image":{"@id":"https:\/\/velipost.com\/?p=4356#primaryimage"},"thumbnailUrl":"https:\/\/velipost.com\/wp-content\/uploads\/2025\/10\/Nkosinathi-Emmanuel-Mthethwa.jpg","datePublished":"2025-10-01T01:43:44+00:00","dateModified":"2025-10-01T01:43:46+00:00","breadcrumb":{"@id":"https:\/\/velipost.com\/?p=4356#breadcrumb"},"inLanguage":"fr-FR","potentialAction":[{"@type":"ReadAction","target":["https:\/\/velipost.com\/?p=4356"]}]},{"@type":"ImageObject","inLanguage":"fr-FR","@id":"https:\/\/velipost.com\/?p=4356#primaryimage","url":"https:\/\/velipost.com\/wp-content\/uploads\/2025\/10\/Nkosinathi-Emmanuel-Mthethwa.jpg","contentUrl":"https:\/\/velipost.com\/wp-content\/uploads\/2025\/10\/Nkosinathi-Emmanuel-Mthethwa.jpg","width":1170,"height":603},{"@type":"BreadcrumbList","@id":"https:\/\/velipost.com\/?p=4356#breadcrumb","itemListElement":[{"@type":"ListItem","position":1,"name":"Accueil","item":"https:\/\/velipost.com\/"},{"@type":"ListItem","position":2,"name":"L\u2019ambassadeur d\u2019Afrique du Sud en France retrouv\u00e9 mort \u00e0 Paris"}]},{"@type":"WebSite","@id":"https:\/\/velipost.com\/#website","url":"https:\/\/velipost.com\/","name":"VeliPost","description":"L\u2019info en un clic","publisher":{"@id":"https:\/\/velipost.com\/#organization"},"potentialAction":[{"@type":"SearchAction","target":{"@type":"EntryPoint","urlTemplate":"https:\/\/velipost.com\/?s={search_term_string}"},"query-input":{"@type":"PropertyValueSpecification","valueRequired":true,"valueName":"search_term_string"}}],"inLanguage":"fr-FR"},{"@type":"Organization","@id":"https:\/\/velipost.com\/#organization","name":"VeliPost","url":"https:\/\/velipost.com\/","logo":{"@type":"ImageObject","inLanguage":"fr-FR","@id":"https:\/\/velipost.com\/#\/schema\/logo\/image\/","url":"https:\/\/velipost.com\/wp-content\/uploads\/2024\/08\/cropped-VP-logo-piti.png","contentUrl":"https:\/\/velipost.com\/wp-content\/uploads\/2024\/08\/cropped-VP-logo-piti.png","width":201,"height":69,"caption":"VeliPost"},"image":{"@id":"https:\/\/velipost.com\/#\/schema\/logo\/image\/"},"sameAs":["https:\/\/www.facebook.com\/veliposthaiti","https:\/\/x.com\/veliposthaiti","https:\/\/www.instagram.com\/veliposthaiti"]},{"@type":"Person","@id":"https:\/\/velipost.com\/#\/schema\/person\/32ff49a53c9c1bb24302ee8ece058096","name":"VeliPost","image":{"@type":"ImageObject","inLanguage":"fr-FR","@id":"https:\/\/velipost.com\/#\/schema\/person\/image\/","url":"https:\/\/secure.gravatar.com\/avatar\/57c226c264de62f794185a89596d4a37b85a5ad20aca30d9d5a478b27d8c8d9d?s=96&d=mm&r=g","contentUrl":"https:\/\/secure.gravatar.com\/avatar\/57c226c264de62f794185a89596d4a37b85a5ad20aca30d9d5a478b27d8c8d9d?s=96&d=mm&r=g","caption":"VeliPost"},"sameAs":["https:\/\/velipost.com"],"url":"https:\/\/velipost.com\/?author=1"}]}},"views":0,"jetpack_publicize_connections":[],"uagb_featured_image_src":{"full":["https:\/\/velipost.com\/wp-content\/uploads\/2025\/10\/Nkosinathi-Emmanuel-Mthethwa.jpg",1170,603,false],"thumbnail":["https:\/\/velipost.com\/wp-content\/uploads\/2025\/10\/Nkosinathi-Emmanuel-Mthethwa-150x150.jpg",150,150,true],"medium":["https:\/\/velipost.com\/wp-content\/uploads\/2025\/10\/Nkosinathi-Emmanuel-Mthethwa-300x155.jpg",300,155,true],"medium_large":["https:\/\/velipost.com\/wp-content\/uploads\/2025\/10\/Nkosinathi-Emmanuel-Mthethwa-768x396.jpg",715,369,true],"large":["https:\/\/velipost.com\/wp-content\/uploads\/2025\/10\/Nkosinathi-Emmanuel-Mthethwa-1024x528.jpg",715,369,true],"1536x1536":["https:\/\/velipost.com\/wp-content\/uploads\/2025\/10\/Nkosinathi-Emmanuel-Mthethwa.jpg",1170,603,false],"2048x2048":["https:\/\/velipost.com\/wp-content\/uploads\/2025\/10\/Nkosinathi-Emmanuel-Mthethwa.jpg",1170,603,false],"colornews-big-slider":["https:\/\/velipost.com\/wp-content\/uploads\/2025\/10\/Nkosinathi-Emmanuel-Mthethwa-1070x470.jpg",1070,470,true],"colornews-big-slider-thumb":["https:\/\/velipost.com\/wp-content\/uploads\/2025\/10\/Nkosinathi-Emmanuel-Mthethwa-184x109.jpg",184,109,true],"colornews-featured-post-medium":["https:\/\/velipost.com\/wp-content\/uploads\/2025\/10\/Nkosinathi-Emmanuel-Mthethwa-345x265.jpg",345,265,true],"colornews-featured-post-small":["https:\/\/velipost.com\/wp-content\/uploads\/2025\/10\/Nkosinathi-Emmanuel-Mthethwa-115x73.jpg",115,73,true],"colornews-random-posts":["https:\/\/velipost.com\/wp-content\/uploads\/2025\/10\/Nkosinathi-Emmanuel-Mthethwa-215x215.jpg",215,215,true],"colornews-featured-image":["https:\/\/velipost.com\/wp-content\/uploads\/2025\/10\/Nkosinathi-Emmanuel-Mthethwa-715x400.jpg",715,400,true],"mailpoet_newsletter_max":["https:\/\/velipost.com\/wp-content\/uploads\/2025\/10\/Nkosinathi-Emmanuel-Mthethwa.jpg",1170,603,false]},"uagb_author_info":{"display_name":"VeliPost","author_link":"https:\/\/velipost.com\/?author=1"},"uagb_comment_info":0,"uagb_excerpt":"L\u2019ambassadeur d\u2019Afrique du Sud en France, Nkosinathi Emmanuel Mthethwa, a \u00e9t\u00e9 retrouv\u00e9 mort ce mardi 30 septembre au pied de l\u2019h\u00f4tel Hyatt, dans le","_links":{"self":[{"href":"https:\/\/velipost.com\/index.php?rest_route=\/wp\/v2\/posts\/4356","targetHints":{"allow":["GET"]}}],"collection":[{"href":"https:\/\/velipost.com\/index.php?rest_route=\/wp\/v2\/posts"}],"about":[{"href":"https:\/\/velipost.com\/index.php?rest_route=\/wp\/v2\/types\/post"}],"author":[{"embeddable":true,"href":"https:\/\/velipost.com\/index.php?rest_route=\/wp\/v2\/users\/1"}],"replies":[{"embeddable":true,"href":"https:\/\/velipost.com\/index.php?rest_route=%2Fwp%2Fv2%2Fcomments&post=4356"}],"version-history":[{"count":1,"href":"https:\/\/velipost.com\/index.php?rest_route=\/wp\/v2\/posts\/4356\/revisions"}],"predecessor-version":[{"id":4358,"href":"https:\/\/velipost.com\/index.php?rest_route=\/wp\/v2\/posts\/4356\/revisions\/4358"}],"wp:featuredmedia":[{"embeddable":true,"href":"https:\/\/velipost.com\/index.php?rest_route=\/wp\/v2\/media\/4357"}],"wp:attachment":[{"href":"https:\/\/velipost.com\/index.php?rest_route=%2Fwp%2Fv2%2Fmedia&parent=4356"}],"wp:term":[{"taxonomy":"category","embeddable":true,"href":"https:\/\/velipost.com\/index.php?rest_route=%2Fwp%2Fv2%2Fcategories&post=4356"},{"taxonomy":"post_tag","embeddable":true,"href":"https:\/\/velipost.com\/index.php?rest_route=%2Fwp%2Fv2%2Ftags&post=4356"}],"curies":[{"name":"wp","href":"https:\/\/api.w.org\/{rel}","templated":true}]}}