{"id":4338,"date":"2025-09-29T20:43:54","date_gmt":"2025-09-29T18:43:54","guid":{"rendered":"https:\/\/velipost.com\/?p=4338"},"modified":"2025-09-29T20:47:44","modified_gmt":"2025-09-29T18:47:44","slug":"le-nord-valorise-le-role-strategique-des-pharmaciens-dans-la-sante-publique","status":"publish","type":"post","link":"https:\/\/velipost.com\/?p=4338","title":{"rendered":"Le Nord valorise le r\u00f4le strat\u00e9gique des pharmaciens dans la sant\u00e9 publique"},"content":{"rendered":"\n<p><strong>Cap-Ha\u00eftien, 25 septembre 2025<\/strong>\u00a0\u2013 \u00c0 l\u2019occasion de la Journ\u00e9e mondiale des pharmaciens, la Direction Sanitaire du Nord (DSN) a organis\u00e9 une conf\u00e9rence-d\u00e9bat ax\u00e9e sur le r\u00f4le central des pharmaciens dans l\u2019acc\u00e8s aux soins. L\u2019\u00e9v\u00e9nement a rassembl\u00e9 professionnels de sant\u00e9 et d\u00e9cideurs autour du th\u00e8me :\u00a0<em>\u00ab Pharmacien : pilier de soins, acteur d\u2019une sant\u00e9 accessible \u00e0 tous \u00bb<\/em>.<\/p>\n\n\n\n<p>La Pharm. Rose-Martine R. Bien-Aim\u00e9 a soulign\u00e9 l\u2019importance de la responsabilit\u00e9 sociale des pharmaciens dans la prise en charge des patients.<\/p>\n\n\n\n<p>Lors de son intervention, le Dr Hans Humbold A. Charles a insist\u00e9 sur le r\u00f4le strat\u00e9gique du pharmacien dans l\u2019ensemble du syst\u00e8me de sant\u00e9. Il a soulign\u00e9 que la pharmacie ne se limite pas \u00e0 la distribution de m\u00e9dicaments, mais constitue un\u00a0maillon cl\u00e9 dans la pr\u00e9vention, l\u2019\u00e9ducation sanitaire et le suivi th\u00e9rapeutique des patients. Le Dr Charles a \u00e9galement pr\u00e9sent\u00e9 la vision de la DSN pour renforcer la formation continue des pharmaciens et am\u00e9liorer la coordination avec les m\u00e9decins et autres professionnels de sant\u00e9, afin d\u2019assurer un acc\u00e8s \u00e9quitable \u00e0 des soins de qualit\u00e9 sur tout le territoire du Nord.<\/p>\n\n\n\n<p>L\u2019ancien pr\u00e9sident de l\u2019Assembl\u00e9e nationale, Dr Kely C. Bastien, est intervenu sur la n\u00e9cessit\u00e9 de renforcer le cadre l\u00e9gislatif pour aligner la pratique locale sur les standards internationaux. Les discussions ont \u00e9galement port\u00e9 sur la lutte contre les m\u00e9dicaments contrefaits, une priorit\u00e9 pour garantir la s\u00e9curit\u00e9 des patients.<\/p>\n\n\n\n<p>Les participants ont salu\u00e9 l\u2019initiative, qui contribue \u00e0 renforcer la coop\u00e9ration professionnelle et \u00e0 poser les bases d\u2019un syst\u00e8me de sant\u00e9 plus efficace dans le Nord.<\/p>\n\n\n\n<figure class=\"wp-block-image size-large\"><a href=\"https:\/\/velipost.com\/wp-content\/uploads\/2025\/09\/conference-debat1.jpg\"><img fetchpriority=\"high\" decoding=\"async\" width=\"1024\" height=\"528\" src=\"https:\/\/velipost.com\/wp-content\/uploads\/2025\/09\/conference-debat1-1024x528.jpg\" alt=\"\" class=\"wp-image-4340\" srcset=\"https:\/\/velipost.com\/wp-content\/uploads\/2025\/09\/conference-debat1-1024x528.jpg 1024w, https:\/\/velipost.com\/wp-content\/uploads\/2025\/09\/conference-debat1-300x155.jpg 300w, https:\/\/velipost.com\/wp-content\/uploads\/2025\/09\/conference-debat1-768x396.jpg 768w, https:\/\/velipost.com\/wp-content\/uploads\/2025\/09\/conference-debat1.jpg 1170w\" sizes=\"(max-width: 1024px) 100vw, 1024px\" \/><\/a><\/figure>\n\n    <div class=\"xs_social_share_widget xs_share_url after_content \t\tmain_content  wslu-style-3 wslu-share-box-shaped wslu-fill-brand-hover-colored wslu-share-m-5 wslu-none wslu-share-horizontal wslu-theme-font-no wslu-main_content\">\n\n\t\t\n        <ul>\n\t\t\t                    <li class=\"xs-share-li twitter                        wslu-no-extra-data\">\n                        <a href=\"javascript:void(0);\"\n                           id=\"xs_feed_twitter\"\n                           onclick=\"xs_social_sharer(this);\"\n                           data-pid=\"4338\"\n                           data-uri_hash=\"f773fb7e252903ae5c292f82ded4428a\"\n                           data-key=\"twitter\"\n                           data-xs-href=\"https:\/\/twitter.com\/intent\/tweet?text=Le+Nord+valorise+le+r%C3%B4le+strat%C3%A9gique+des+pharmaciens+dans+la+sant%C3%A9+publique+https%3A%2F%2Fvelipost.com%2Findex.php%3Frest_route%3D%252Fwp%252Fv2%252Fposts%252F4338&amp;original_referer=https%3A%2F%2Fvelipost.com%2Findex.php%3Frest_route%3D%252Fwp%252Fv2%252Fposts%252F4338&amp;related=xpeedstudio\">\n\n                            <div class=\"xs-social-icon\">\n                                <span class=\"met-social met-social-twitter\"><\/span>\n                            <\/div>\n\n\t\t\t\t\t\t\t\n                            <div class=\"wslu-hover-content\">\n                                <div class=\"xs-social-followers\">\n\t\t\t\t\t\t\t\t\t10                                <\/div>\n                                <div class=\"xs-social-follower-text\">\n\t\t\t\t\t\t\t\t\tShare                                <\/div>\n                                <div class=\"xs-social-follower-label\">\n\t\t\t\t\t\t\t\t\tTwitter                                <\/div>\n                            <\/div>\n                        <\/a>\n                    <\/li>\n\t\t\t\t\t                    <li class=\"xs-share-li telegram                        wslu-no-extra-data\">\n                        <a href=\"javascript:void(0);\"\n                           id=\"xs_feed_telegram\"\n                           onclick=\"xs_social_sharer(this);\"\n                           data-pid=\"4338\"\n                           data-uri_hash=\"f773fb7e252903ae5c292f82ded4428a\"\n                           data-key=\"telegram\"\n                           data-xs-href=\"https:\/\/telegram.me\/share\/url?url=https%3A%2F%2Fvelipost.com%2Findex.php%3Frest_route%3D%252Fwp%252Fv2%252Fposts%252F4338&amp;text=Le+Nord+valorise+le+r%C3%B4le+strat%C3%A9gique+des+pharmaciens+dans+la+sant%C3%A9+publique\">\n\n                            <div class=\"xs-social-icon\">\n                                <span class=\"met-social met-social-telegram\"><\/span>\n                            <\/div>\n\n\t\t\t\t\t\t\t\n                            <div class=\"wslu-hover-content\">\n                                <div class=\"xs-social-followers\">\n\t\t\t\t\t\t\t\t\t0                                <\/div>\n                                <div class=\"xs-social-follower-text\">\n\t\t\t\t\t\t\t\t\tShare                                <\/div>\n                                <div class=\"xs-social-follower-label\">\n\t\t\t\t\t\t\t\t\tTelegram                                <\/div>\n                            <\/div>\n                        <\/a>\n                    <\/li>\n\t\t\t\t\t                    <li class=\"xs-share-li email                        wslu-no-extra-data\">\n                        <a href=\"javascript:void(0);\"\n                           id=\"xs_feed_email\"\n                           onclick=\"xs_social_sharer(this);\"\n                           data-pid=\"4338\"\n                           data-uri_hash=\"f773fb7e252903ae5c292f82ded4428a\"\n                           data-key=\"email\"\n                           data-xs-href=\"mailto:?body=Title%3A+Le+Nord+valorise+le+r%C3%B4le+strat%C3%A9gique+des+pharmaciens+dans+la+sant%C3%A9+publique+%5Cn%5Cn+URL%3A+https%3A%2F%2Fvelipost.com%2Findex.php%3Frest_route%3D%252Fwp%252Fv2%252Fposts%252F4338&amp;subject=Le+Nord+valorise+le+r%C3%B4le+strat%C3%A9gique+des+pharmaciens+dans+la+sant%C3%A9+publique\">\n\n                            <div class=\"xs-social-icon\">\n                                <span class=\"met-social met-social-email\"><\/span>\n                            <\/div>\n\n\t\t\t\t\t\t\t\n                            <div class=\"wslu-hover-content\">\n                                <div class=\"xs-social-followers\">\n\t\t\t\t\t\t\t\t\t0                                <\/div>\n                                <div class=\"xs-social-follower-text\">\n\t\t\t\t\t\t\t\t\tShare                                <\/div>\n                                <div class=\"xs-social-follower-label\">\n\t\t\t\t\t\t\t\t\tEmail                                <\/div>\n                            <\/div>\n                        <\/a>\n                    <\/li>\n\t\t\t\t\t        <\/ul>\n    <\/div> \n","protected":false},"excerpt":{"rendered":"<p>Cap-Ha\u00eftien, 25 septembre 2025\u00a0\u2013 \u00c0 l\u2019occasion de la Journ\u00e9e mondiale des pharmaciens, la Direction Sanitaire du Nord (DSN) a organis\u00e9 une conf\u00e9rence-d\u00e9bat ax\u00e9e sur<\/p>\n","protected":false},"author":1,"featured_media":4339,"comment_status":"open","ping_status":"open","sticky":false,"template":"","format":"standard","meta":{"_uag_custom_page_level_css":"","footnotes":"","jetpack_publicize_message":"","jetpack_publicize_feature_enabled":true,"jetpack_social_post_already_shared":true,"jetpack_social_options":{"image_generator_settings":{"template":"highway","default_image_id":0,"font":"","enabled":false},"version":2}},"categories":[190],"tags":[],"class_list":["post-4338","post","type-post","status-publish","format-standard","has-post-thumbnail","hentry","category-sante"],"yoast_head":"<!-- This site is optimized with the Yoast SEO plugin v25.3.1 - https:\/\/yoast.com\/wordpress\/plugins\/seo\/ -->\n<title>Le Nord valorise le r\u00f4le strat\u00e9gique des pharmaciens dans la sant\u00e9 publique &#8211; VeliPost<\/title>\n<meta name=\"robots\" content=\"index, follow, max-snippet:-1, max-image-preview:large, max-video-preview:-1\" \/>\n<link rel=\"canonical\" href=\"https:\/\/velipost.com\/?p=4338\" \/>\n<meta property=\"og:locale\" content=\"fr_FR\" \/>\n<meta property=\"og:type\" content=\"article\" \/>\n<meta property=\"og:title\" content=\"Le Nord valorise le r\u00f4le strat\u00e9gique des pharmaciens dans la sant\u00e9 publique &#8211; VeliPost\" \/>\n<meta property=\"og:description\" content=\"Cap-Ha\u00eftien, 25 septembre 2025\u00a0\u2013 \u00c0 l\u2019occasion de la Journ\u00e9e mondiale des pharmaciens, la Direction Sanitaire du Nord (DSN) a organis\u00e9 une conf\u00e9rence-d\u00e9bat ax\u00e9e sur\" \/>\n<meta property=\"og:url\" content=\"https:\/\/velipost.com\/?p=4338\" \/>\n<meta property=\"og:site_name\" content=\"VeliPost\" \/>\n<meta property=\"article:publisher\" content=\"https:\/\/www.facebook.com\/veliposthaiti\" \/>\n<meta property=\"article:published_time\" content=\"2025-09-29T18:43:54+00:00\" \/>\n<meta property=\"article:modified_time\" content=\"2025-09-29T18:47:44+00:00\" \/>\n<meta property=\"og:image\" content=\"https:\/\/velipost.com\/wp-content\/uploads\/2025\/09\/conference-debat.jpg\" \/>\n\t<meta property=\"og:image:width\" content=\"1170\" \/>\n\t<meta property=\"og:image:height\" content=\"603\" \/>\n\t<meta property=\"og:image:type\" content=\"image\/jpeg\" \/>\n<meta name=\"author\" content=\"VeliPost\" \/>\n<meta name=\"twitter:card\" content=\"summary_large_image\" \/>\n<meta name=\"twitter:creator\" content=\"@veliposthaiti\" \/>\n<meta name=\"twitter:site\" content=\"@veliposthaiti\" \/>\n<meta name=\"twitter:label1\" content=\"\u00c9crit par\" \/>\n\t<meta name=\"twitter:data1\" content=\"VeliPost\" \/>\n\t<meta name=\"twitter:label2\" content=\"Dur\u00e9e de lecture estim\u00e9e\" \/>\n\t<meta name=\"twitter:data2\" content=\"2 minutes\" \/>\n<script type=\"application\/ld+json\" class=\"yoast-schema-graph\">{\"@context\":\"https:\/\/schema.org\",\"@graph\":[{\"@type\":\"Article\",\"@id\":\"https:\/\/velipost.com\/?p=4338#article\",\"isPartOf\":{\"@id\":\"https:\/\/velipost.com\/?p=4338\"},\"author\":{\"name\":\"VeliPost\",\"@id\":\"https:\/\/velipost.com\/#\/schema\/person\/32ff49a53c9c1bb24302ee8ece058096\"},\"headline\":\"Le Nord valorise le r\u00f4le strat\u00e9gique des pharmaciens dans la sant\u00e9 publique\",\"datePublished\":\"2025-09-29T18:43:54+00:00\",\"dateModified\":\"2025-09-29T18:47:44+00:00\",\"mainEntityOfPage\":{\"@id\":\"https:\/\/velipost.com\/?p=4338\"},\"wordCount\":296,\"commentCount\":0,\"publisher\":{\"@id\":\"https:\/\/velipost.com\/#organization\"},\"image\":{\"@id\":\"https:\/\/velipost.com\/?p=4338#primaryimage\"},\"thumbnailUrl\":\"https:\/\/velipost.com\/wp-content\/uploads\/2025\/09\/conference-debat.jpg\",\"articleSection\":[\"Sant\u00e9\"],\"inLanguage\":\"fr-FR\",\"potentialAction\":[{\"@type\":\"CommentAction\",\"name\":\"Comment\",\"target\":[\"https:\/\/velipost.com\/?p=4338#respond\"]}]},{\"@type\":\"WebPage\",\"@id\":\"https:\/\/velipost.com\/?p=4338\",\"url\":\"https:\/\/velipost.com\/?p=4338\",\"name\":\"Le Nord valorise le r\u00f4le strat\u00e9gique des pharmaciens dans la sant\u00e9 publique &#8211; VeliPost\",\"isPartOf\":{\"@id\":\"https:\/\/velipost.com\/#website\"},\"primaryImageOfPage\":{\"@id\":\"https:\/\/velipost.com\/?p=4338#primaryimage\"},\"image\":{\"@id\":\"https:\/\/velipost.com\/?p=4338#primaryimage\"},\"thumbnailUrl\":\"https:\/\/velipost.com\/wp-content\/uploads\/2025\/09\/conference-debat.jpg\",\"datePublished\":\"2025-09-29T18:43:54+00:00\",\"dateModified\":\"2025-09-29T18:47:44+00:00\",\"breadcrumb\":{\"@id\":\"https:\/\/velipost.com\/?p=4338#breadcrumb\"},\"inLanguage\":\"fr-FR\",\"potentialAction\":[{\"@type\":\"ReadAction\",\"target\":[\"https:\/\/velipost.com\/?p=4338\"]}]},{\"@type\":\"ImageObject\",\"inLanguage\":\"fr-FR\",\"@id\":\"https:\/\/velipost.com\/?p=4338#primaryimage\",\"url\":\"https:\/\/velipost.com\/wp-content\/uploads\/2025\/09\/conference-debat.jpg\",\"contentUrl\":\"https:\/\/velipost.com\/wp-content\/uploads\/2025\/09\/conference-debat.jpg\",\"width\":1170,\"height\":603},{\"@type\":\"BreadcrumbList\",\"@id\":\"https:\/\/velipost.com\/?p=4338#breadcrumb\",\"itemListElement\":[{\"@type\":\"ListItem\",\"position\":1,\"name\":\"Accueil\",\"item\":\"https:\/\/velipost.com\/\"},{\"@type\":\"ListItem\",\"position\":2,\"name\":\"Le Nord valorise le r\u00f4le strat\u00e9gique des pharmaciens dans la sant\u00e9 publique\"}]},{\"@type\":\"WebSite\",\"@id\":\"https:\/\/velipost.com\/#website\",\"url\":\"https:\/\/velipost.com\/\",\"name\":\"VeliPost\",\"description\":\"L\u2019info en un clic\",\"publisher\":{\"@id\":\"https:\/\/velipost.com\/#organization\"},\"potentialAction\":[{\"@type\":\"SearchAction\",\"target\":{\"@type\":\"EntryPoint\",\"urlTemplate\":\"https:\/\/velipost.com\/?s={search_term_string}\"},\"query-input\":{\"@type\":\"PropertyValueSpecification\",\"valueRequired\":true,\"valueName\":\"search_term_string\"}}],\"inLanguage\":\"fr-FR\"},{\"@type\":\"Organization\",\"@id\":\"https:\/\/velipost.com\/#organization\",\"name\":\"VeliPost\",\"url\":\"https:\/\/velipost.com\/\",\"logo\":{\"@type\":\"ImageObject\",\"inLanguage\":\"fr-FR\",\"@id\":\"https:\/\/velipost.com\/#\/schema\/logo\/image\/\",\"url\":\"https:\/\/velipost.com\/wp-content\/uploads\/2024\/08\/cropped-VP-logo-piti.png\",\"contentUrl\":\"https:\/\/velipost.com\/wp-content\/uploads\/2024\/08\/cropped-VP-logo-piti.png\",\"width\":201,\"height\":69,\"caption\":\"VeliPost\"},\"image\":{\"@id\":\"https:\/\/velipost.com\/#\/schema\/logo\/image\/\"},\"sameAs\":[\"https:\/\/www.facebook.com\/veliposthaiti\",\"https:\/\/x.com\/veliposthaiti\",\"https:\/\/www.instagram.com\/veliposthaiti\"]},{\"@type\":\"Person\",\"@id\":\"https:\/\/velipost.com\/#\/schema\/person\/32ff49a53c9c1bb24302ee8ece058096\",\"name\":\"VeliPost\",\"image\":{\"@type\":\"ImageObject\",\"inLanguage\":\"fr-FR\",\"@id\":\"https:\/\/velipost.com\/#\/schema\/person\/image\/\",\"url\":\"https:\/\/secure.gravatar.com\/avatar\/57c226c264de62f794185a89596d4a37b85a5ad20aca30d9d5a478b27d8c8d9d?s=96&d=mm&r=g\",\"contentUrl\":\"https:\/\/secure.gravatar.com\/avatar\/57c226c264de62f794185a89596d4a37b85a5ad20aca30d9d5a478b27d8c8d9d?s=96&d=mm&r=g\",\"caption\":\"VeliPost\"},\"sameAs\":[\"https:\/\/velipost.com\"],\"url\":\"https:\/\/velipost.com\/?author=1\"}]}<\/script>\n<!-- \/ Yoast SEO plugin. -->","yoast_head_json":{"title":"Le Nord valorise le r\u00f4le strat\u00e9gique des pharmaciens dans la sant\u00e9 publique &#8211; VeliPost","robots":{"index":"index","follow":"follow","max-snippet":"max-snippet:-1","max-image-preview":"max-image-preview:large","max-video-preview":"max-video-preview:-1"},"canonical":"https:\/\/velipost.com\/?p=4338","og_locale":"fr_FR","og_type":"article","og_title":"Le Nord valorise le r\u00f4le strat\u00e9gique des pharmaciens dans la sant\u00e9 publique &#8211; VeliPost","og_description":"Cap-Ha\u00eftien, 25 septembre 2025\u00a0\u2013 \u00c0 l\u2019occasion de la Journ\u00e9e mondiale des pharmaciens, la Direction Sanitaire du Nord (DSN) a organis\u00e9 une conf\u00e9rence-d\u00e9bat ax\u00e9e sur","og_url":"https:\/\/velipost.com\/?p=4338","og_site_name":"VeliPost","article_publisher":"https:\/\/www.facebook.com\/veliposthaiti","article_published_time":"2025-09-29T18:43:54+00:00","article_modified_time":"2025-09-29T18:47:44+00:00","og_image":[{"width":1170,"height":603,"url":"https:\/\/velipost.com\/wp-content\/uploads\/2025\/09\/conference-debat.jpg","type":"image\/jpeg"}],"author":"VeliPost","twitter_card":"summary_large_image","twitter_creator":"@veliposthaiti","twitter_site":"@veliposthaiti","twitter_misc":{"\u00c9crit par":"VeliPost","Dur\u00e9e de lecture estim\u00e9e":"2 minutes"},"schema":{"@context":"https:\/\/schema.org","@graph":[{"@type":"Article","@id":"https:\/\/velipost.com\/?p=4338#article","isPartOf":{"@id":"https:\/\/velipost.com\/?p=4338"},"author":{"name":"VeliPost","@id":"https:\/\/velipost.com\/#\/schema\/person\/32ff49a53c9c1bb24302ee8ece058096"},"headline":"Le Nord valorise le r\u00f4le strat\u00e9gique des pharmaciens dans la sant\u00e9 publique","datePublished":"2025-09-29T18:43:54+00:00","dateModified":"2025-09-29T18:47:44+00:00","mainEntityOfPage":{"@id":"https:\/\/velipost.com\/?p=4338"},"wordCount":296,"commentCount":0,"publisher":{"@id":"https:\/\/velipost.com\/#organization"},"image":{"@id":"https:\/\/velipost.com\/?p=4338#primaryimage"},"thumbnailUrl":"https:\/\/velipost.com\/wp-content\/uploads\/2025\/09\/conference-debat.jpg","articleSection":["Sant\u00e9"],"inLanguage":"fr-FR","potentialAction":[{"@type":"CommentAction","name":"Comment","target":["https:\/\/velipost.com\/?p=4338#respond"]}]},{"@type":"WebPage","@id":"https:\/\/velipost.com\/?p=4338","url":"https:\/\/velipost.com\/?p=4338","name":"Le Nord valorise le r\u00f4le strat\u00e9gique des pharmaciens dans la sant\u00e9 publique &#8211; VeliPost","isPartOf":{"@id":"https:\/\/velipost.com\/#website"},"primaryImageOfPage":{"@id":"https:\/\/velipost.com\/?p=4338#primaryimage"},"image":{"@id":"https:\/\/velipost.com\/?p=4338#primaryimage"},"thumbnailUrl":"https:\/\/velipost.com\/wp-content\/uploads\/2025\/09\/conference-debat.jpg","datePublished":"2025-09-29T18:43:54+00:00","dateModified":"2025-09-29T18:47:44+00:00","breadcrumb":{"@id":"https:\/\/velipost.com\/?p=4338#breadcrumb"},"inLanguage":"fr-FR","potentialAction":[{"@type":"ReadAction","target":["https:\/\/velipost.com\/?p=4338"]}]},{"@type":"ImageObject","inLanguage":"fr-FR","@id":"https:\/\/velipost.com\/?p=4338#primaryimage","url":"https:\/\/velipost.com\/wp-content\/uploads\/2025\/09\/conference-debat.jpg","contentUrl":"https:\/\/velipost.com\/wp-content\/uploads\/2025\/09\/conference-debat.jpg","width":1170,"height":603},{"@type":"BreadcrumbList","@id":"https:\/\/velipost.com\/?p=4338#breadcrumb","itemListElement":[{"@type":"ListItem","position":1,"name":"Accueil","item":"https:\/\/velipost.com\/"},{"@type":"ListItem","position":2,"name":"Le Nord valorise le r\u00f4le strat\u00e9gique des pharmaciens dans la sant\u00e9 publique"}]},{"@type":"WebSite","@id":"https:\/\/velipost.com\/#website","url":"https:\/\/velipost.com\/","name":"VeliPost","description":"L\u2019info en un clic","publisher":{"@id":"https:\/\/velipost.com\/#organization"},"potentialAction":[{"@type":"SearchAction","target":{"@type":"EntryPoint","urlTemplate":"https:\/\/velipost.com\/?s={search_term_string}"},"query-input":{"@type":"PropertyValueSpecification","valueRequired":true,"valueName":"search_term_string"}}],"inLanguage":"fr-FR"},{"@type":"Organization","@id":"https:\/\/velipost.com\/#organization","name":"VeliPost","url":"https:\/\/velipost.com\/","logo":{"@type":"ImageObject","inLanguage":"fr-FR","@id":"https:\/\/velipost.com\/#\/schema\/logo\/image\/","url":"https:\/\/velipost.com\/wp-content\/uploads\/2024\/08\/cropped-VP-logo-piti.png","contentUrl":"https:\/\/velipost.com\/wp-content\/uploads\/2024\/08\/cropped-VP-logo-piti.png","width":201,"height":69,"caption":"VeliPost"},"image":{"@id":"https:\/\/velipost.com\/#\/schema\/logo\/image\/"},"sameAs":["https:\/\/www.facebook.com\/veliposthaiti","https:\/\/x.com\/veliposthaiti","https:\/\/www.instagram.com\/veliposthaiti"]},{"@type":"Person","@id":"https:\/\/velipost.com\/#\/schema\/person\/32ff49a53c9c1bb24302ee8ece058096","name":"VeliPost","image":{"@type":"ImageObject","inLanguage":"fr-FR","@id":"https:\/\/velipost.com\/#\/schema\/person\/image\/","url":"https:\/\/secure.gravatar.com\/avatar\/57c226c264de62f794185a89596d4a37b85a5ad20aca30d9d5a478b27d8c8d9d?s=96&d=mm&r=g","contentUrl":"https:\/\/secure.gravatar.com\/avatar\/57c226c264de62f794185a89596d4a37b85a5ad20aca30d9d5a478b27d8c8d9d?s=96&d=mm&r=g","caption":"VeliPost"},"sameAs":["https:\/\/velipost.com"],"url":"https:\/\/velipost.com\/?author=1"}]}},"views":1,"jetpack_publicize_connections":[],"uagb_featured_image_src":{"full":["https:\/\/velipost.com\/wp-content\/uploads\/2025\/09\/conference-debat.jpg",1170,603,false],"thumbnail":["https:\/\/velipost.com\/wp-content\/uploads\/2025\/09\/conference-debat-150x150.jpg",150,150,true],"medium":["https:\/\/velipost.com\/wp-content\/uploads\/2025\/09\/conference-debat-300x155.jpg",300,155,true],"medium_large":["https:\/\/velipost.com\/wp-content\/uploads\/2025\/09\/conference-debat-768x396.jpg",715,369,true],"large":["https:\/\/velipost.com\/wp-content\/uploads\/2025\/09\/conference-debat-1024x528.jpg",715,369,true],"1536x1536":["https:\/\/velipost.com\/wp-content\/uploads\/2025\/09\/conference-debat.jpg",1170,603,false],"2048x2048":["https:\/\/velipost.com\/wp-content\/uploads\/2025\/09\/conference-debat.jpg",1170,603,false],"colornews-big-slider":["https:\/\/velipost.com\/wp-content\/uploads\/2025\/09\/conference-debat-1070x470.jpg",1070,470,true],"colornews-big-slider-thumb":["https:\/\/velipost.com\/wp-content\/uploads\/2025\/09\/conference-debat-184x109.jpg",184,109,true],"colornews-featured-post-medium":["https:\/\/velipost.com\/wp-content\/uploads\/2025\/09\/conference-debat-345x265.jpg",345,265,true],"colornews-featured-post-small":["https:\/\/velipost.com\/wp-content\/uploads\/2025\/09\/conference-debat-115x73.jpg",115,73,true],"colornews-random-posts":["https:\/\/velipost.com\/wp-content\/uploads\/2025\/09\/conference-debat-215x215.jpg",215,215,true],"colornews-featured-image":["https:\/\/velipost.com\/wp-content\/uploads\/2025\/09\/conference-debat-715x400.jpg",715,400,true],"mailpoet_newsletter_max":["https:\/\/velipost.com\/wp-content\/uploads\/2025\/09\/conference-debat.jpg",1170,603,false]},"uagb_author_info":{"display_name":"VeliPost","author_link":"https:\/\/velipost.com\/?author=1"},"uagb_comment_info":0,"uagb_excerpt":"Cap-Ha\u00eftien, 25 septembre 2025\u00a0\u2013 \u00c0 l\u2019occasion de la Journ\u00e9e mondiale des pharmaciens, la Direction Sanitaire du Nord (DSN) a organis\u00e9 une conf\u00e9rence-d\u00e9bat ax\u00e9e sur","_links":{"self":[{"href":"https:\/\/velipost.com\/index.php?rest_route=\/wp\/v2\/posts\/4338","targetHints":{"allow":["GET"]}}],"collection":[{"href":"https:\/\/velipost.com\/index.php?rest_route=\/wp\/v2\/posts"}],"about":[{"href":"https:\/\/velipost.com\/index.php?rest_route=\/wp\/v2\/types\/post"}],"author":[{"embeddable":true,"href":"https:\/\/velipost.com\/index.php?rest_route=\/wp\/v2\/users\/1"}],"replies":[{"embeddable":true,"href":"https:\/\/velipost.com\/index.php?rest_route=%2Fwp%2Fv2%2Fcomments&post=4338"}],"version-history":[{"count":2,"href":"https:\/\/velipost.com\/index.php?rest_route=\/wp\/v2\/posts\/4338\/revisions"}],"predecessor-version":[{"id":4342,"href":"https:\/\/velipost.com\/index.php?rest_route=\/wp\/v2\/posts\/4338\/revisions\/4342"}],"wp:featuredmedia":[{"embeddable":true,"href":"https:\/\/velipost.com\/index.php?rest_route=\/wp\/v2\/media\/4339"}],"wp:attachment":[{"href":"https:\/\/velipost.com\/index.php?rest_route=%2Fwp%2Fv2%2Fmedia&parent=4338"}],"wp:term":[{"taxonomy":"category","embeddable":true,"href":"https:\/\/velipost.com\/index.php?rest_route=%2Fwp%2Fv2%2Fcategories&post=4338"},{"taxonomy":"post_tag","embeddable":true,"href":"https:\/\/velipost.com\/index.php?rest_route=%2Fwp%2Fv2%2Ftags&post=4338"}],"curies":[{"name":"wp","href":"https:\/\/api.w.org\/{rel}","templated":true}]}}