{"id":4248,"date":"2025-09-21T17:00:30","date_gmt":"2025-09-21T15:00:30","guid":{"rendered":"https:\/\/velipost.com\/?p=4248"},"modified":"2025-09-21T17:37:16","modified_gmt":"2025-09-21T15:37:16","slug":"gary-didier-perez-mort-dans-lindifference-de-ses-heritiers","status":"publish","type":"post","link":"https:\/\/velipost.com\/?p=4248","title":{"rendered":"Gary Didier Perez : mort dans l\u2019indiff\u00e9rence de ses h\u00e9ritiers"},"content":{"rendered":"\n<p>Gracia, Reginald, Fr\u00e9rot, Kenny, Ritchie, Nickenson, Emmy Nix, Wid, Isy Mic n\u2019\u00e9taient pas pr\u00e9sents \u00e0 l\u2019enterrement du premier chanteur de Zenglen, Gary Didier Perez.<\/p>\n\n\n\n<p>Pourtant, chacun d\u2019eux doit une part de sa notori\u00e9t\u00e9 au passage de ce chanteur hors du commun au sein du groupe Zenglen.<\/p>\n\n\n\n<p>Un seul hit peut parfois suffire \u00e0 un groupe pour marquer les esprits. Pour Zenglen, ce moment est arriv\u00e9 gr\u00e2ce \u00e0 Gary Didier Perez, qui a permis aux m\u00e9lomanes d\u2019Ha\u00efti et d\u2019ailleurs de d\u00e9couvrir et de retenir le nom du groupe \u00e0 travers deux grands succ\u00e8s :&nbsp;<strong>Anba lat\u00e8 (Ozone)<\/strong>&nbsp;et&nbsp;<strong>Fidel<\/strong>. Cet exploit marketing a constitu\u00e9 une \u00e9tape d\u00e9cisive dans la commercialisation du produit appel\u00e9&nbsp;<em>Zenglen<\/em>.<\/p>\n\n\n\n<p>Avec ces morceaux devenus incontournables \u2014 dont les auteurs des paroles restent m\u00e9connus du grand public \u2014 la voix de Gary Didier a donn\u00e9 une impulsion d\u00e9cisive \u00e0 la notori\u00e9t\u00e9, \u00e0 la cr\u00e9dibilit\u00e9 et \u00e0 la long\u00e9vit\u00e9 du groupe.<\/p>\n\n\n\n<p>Apr\u00e8s son passage,&nbsp;<strong>Brutus Jean Derissaint<\/strong>&nbsp;a repris le flambeau de&nbsp;<strong>Patrick Martineau<\/strong>. Sa constance, sa discr\u00e9tion, son sens du d\u00e9passement, sa patience et ses choix \u00e9clair\u00e9s ont fait de Brutus le digne successeur de l\u2019illustre maestro.<\/p>\n\n\n\n<p>Ainsi, Zenglen a contribu\u00e9 \u00e0 donner ou \u00e0 renforcer la popularit\u00e9 de&nbsp;<strong>Gracia Delva<\/strong>, \u00e0 mettre en avant les compositions de&nbsp;<strong>Jean H\u00e9rold Richard (Ritchie)<\/strong>, \u00e0 valoriser le talent de&nbsp;<strong>Nickenson Prud\u2019homme<\/strong>, et \u00e0 faire conna\u00eetre la notori\u00e9t\u00e9 de&nbsp;<strong>Nicolina Florentino<\/strong>&nbsp;et&nbsp;<strong>Eddy Germain<\/strong>, tout en mettant en lumi\u00e8re la puissance d\u2019<strong>El Pozo<\/strong>. Le groupe a \u00e9galement offert une vitrine dor\u00e9e \u00e0&nbsp;<strong>Sandra Desmornes<\/strong>,&nbsp;<strong>Gis\u00e8le Pierre<\/strong>,&nbsp;<strong>Dener Ceide<\/strong>,&nbsp;<strong>Fr\u00e9rot Jean-Baptiste<\/strong>,&nbsp;<strong>Reginald Cang\u00e9<\/strong>,&nbsp;<strong>Kenny Desmangles<\/strong>,&nbsp;<strong>Emmy Nix<\/strong>,&nbsp;<strong>Wid Octavius<\/strong>,&nbsp;<strong>Isy Mike<\/strong>,&nbsp;<strong>James Nozile<\/strong>,&nbsp;<strong>Mario D\u00e9sir (Zagalo)<\/strong>,&nbsp;<strong>Jean-Yves Edwin Sainvil<\/strong>&nbsp;et bien d\u2019autres.<\/p>\n\n\n\n<p>Pourtant, selon ce que laisse entendre&nbsp;<strong>Gerrier Guy Webern (Guy Wewe)<\/strong>, ces h\u00e9ritiers des premiers succ\u00e8s du groupe chant\u00e9s par Gary Didier Perez ne l\u2019ont pas accompagn\u00e9 durant sa convalescence, ni moralement ni financi\u00e8rement. Pire encore, ils n\u2019ont pas jug\u00e9 n\u00e9cessaire de lui rendre hommage par une simple pr\u00e9sence \u00e0 son enterrement, malgr\u00e9 tout ce qu\u2019il avait apport\u00e9 au groupe et \u00e0 la musique ha\u00eftienne.<\/p>\n\n\n\n<p>Parmi les rares \u00e0 honorer sa m\u00e9moire, on compte l\u2019infatigable&nbsp;<strong>Akinson Belizaire (Zagalo)<\/strong>&nbsp;et&nbsp;<strong>Caleb Desrameau<\/strong>. L\u2019absence de \u00ab likes \u00bb, de \u00ab views \u00bb, de nuit\u00e9es d\u2019h\u00f4tel et de billets d\u2019avion&nbsp;<em>ti cheri<\/em>&nbsp;n\u2019a pas incit\u00e9 les animateurs, journalistes, influenceurs, t\u00e9l\u00e9\/radios et journaux \u2014 pourtant b\u00e9n\u00e9ficiaires de l\u2019inspiration des artistes \u2014 \u00e0 relayer l\u2019\u00e9v\u00e9nement. R\u00e9sultat : le d\u00e9part de Gary Didier Perez est rest\u00e9 largement ignor\u00e9.<\/p>\n\n\n\n<p>Seuls trois grands musiciens,&nbsp;<strong>Frantz Lar\u00e8che (Sexy Frantzy)<\/strong>,&nbsp;<strong>Brutus Jean Derissaint<\/strong>&nbsp;et&nbsp;<strong>Dely Fran\u00e7ois (Ti Dely)<\/strong>, \u00e9taient pr\u00e9sents, selon Akinson Belizaire (Zagalo) sur la plateforme&nbsp;<em>Randevou-a<\/em>. Pendant ce temps, les flyers de promotion des soir\u00e9es occupaient plus de place sur les pages des artistes actifs les plus connus, faisant oublier que&nbsp;<em>\u00ab la reconnaissance est la m\u00e9moire du c\u0153ur \u00bb<\/em>, pour rappeler cruellement que la vraie reconnaissance, c\u2019est l\u2019argent.<\/p>\n\n\n\n<p>Concernant\u00a0<strong>Gracia Delva<\/strong>, il faut tout de m\u00eame pr\u00e9ciser une r\u00e9alit\u00e9 : son absence aux fun\u00e9railles s\u2019explique en partie par son impossibilit\u00e9 d\u2019entrer sur le territoire am\u00e9ricain. Cela ne le d\u00e9douane pas pour autant de l\u2019obligation morale de manifester autrement sa solidarit\u00e9, ne serait-ce que par un mot public ou une initiative symbolique.<\/p>\n\n\n\n<p><em>Mizisyen se yon s\u00e8l k\u00f2d fanmi<\/em>, chant\u00e9 par&nbsp;<strong>Emmanuel Jean-Baptiste (Ti Manno)<\/strong>&nbsp;depuis environ 45 ans, aurait d\u00fb \u00eatre le credo de tous les musiciens. Mais, h\u00e9las, cette maxime peine \u00e0 s\u2019incarner dans les esprits de ceux qui devraient en \u00eatre les gardiens, dans une communaut\u00e9 ha\u00eftienne qui a tant besoin de solidarit\u00e9.<\/p>\n\n    <div class=\"xs_social_share_widget xs_share_url after_content \t\tmain_content  wslu-style-3 wslu-share-box-shaped wslu-fill-brand-hover-colored wslu-share-m-5 wslu-none wslu-share-horizontal wslu-theme-font-no wslu-main_content\">\n\n\t\t\n        <ul>\n\t\t\t                    <li class=\"xs-share-li twitter                        wslu-no-extra-data\">\n                        <a href=\"javascript:void(0);\"\n                           id=\"xs_feed_twitter\"\n                           onclick=\"xs_social_sharer(this);\"\n                           data-pid=\"4248\"\n                           data-uri_hash=\"92e1f442219ba75eedeeb397de0af21c\"\n                           data-key=\"twitter\"\n                           data-xs-href=\"https:\/\/twitter.com\/intent\/tweet?text=Gary+Didier+Perez+%3A+mort+dans+l%E2%80%99indiff%C3%A9rence+de+ses+h%C3%A9ritiers+https%3A%2F%2Fvelipost.com%2Findex.php%3Frest_route%3D%252Fwp%252Fv2%252Fposts%252F4248&amp;original_referer=https%3A%2F%2Fvelipost.com%2Findex.php%3Frest_route%3D%252Fwp%252Fv2%252Fposts%252F4248&amp;related=xpeedstudio\">\n\n                            <div class=\"xs-social-icon\">\n                                <span class=\"met-social met-social-twitter\"><\/span>\n                            <\/div>\n\n\t\t\t\t\t\t\t\n                            <div class=\"wslu-hover-content\">\n                                <div class=\"xs-social-followers\">\n\t\t\t\t\t\t\t\t\t10                                <\/div>\n                                <div class=\"xs-social-follower-text\">\n\t\t\t\t\t\t\t\t\tShare                                <\/div>\n                                <div class=\"xs-social-follower-label\">\n\t\t\t\t\t\t\t\t\tTwitter                                <\/div>\n                            <\/div>\n                        <\/a>\n                    <\/li>\n\t\t\t\t\t                    <li class=\"xs-share-li telegram                        wslu-no-extra-data\">\n                        <a href=\"javascript:void(0);\"\n                           id=\"xs_feed_telegram\"\n                           onclick=\"xs_social_sharer(this);\"\n                           data-pid=\"4248\"\n                           data-uri_hash=\"92e1f442219ba75eedeeb397de0af21c\"\n                           data-key=\"telegram\"\n                           data-xs-href=\"https:\/\/telegram.me\/share\/url?url=https%3A%2F%2Fvelipost.com%2Findex.php%3Frest_route%3D%252Fwp%252Fv2%252Fposts%252F4248&amp;text=Gary+Didier+Perez+%3A+mort+dans+l%E2%80%99indiff%C3%A9rence+de+ses+h%C3%A9ritiers\">\n\n                            <div class=\"xs-social-icon\">\n                                <span class=\"met-social met-social-telegram\"><\/span>\n                            <\/div>\n\n\t\t\t\t\t\t\t\n                            <div class=\"wslu-hover-content\">\n                                <div class=\"xs-social-followers\">\n\t\t\t\t\t\t\t\t\t0                                <\/div>\n                                <div class=\"xs-social-follower-text\">\n\t\t\t\t\t\t\t\t\tShare                                <\/div>\n                                <div class=\"xs-social-follower-label\">\n\t\t\t\t\t\t\t\t\tTelegram                                <\/div>\n                            <\/div>\n                        <\/a>\n                    <\/li>\n\t\t\t\t\t                    <li class=\"xs-share-li email                        wslu-no-extra-data\">\n                        <a href=\"javascript:void(0);\"\n                           id=\"xs_feed_email\"\n                           onclick=\"xs_social_sharer(this);\"\n                           data-pid=\"4248\"\n                           data-uri_hash=\"92e1f442219ba75eedeeb397de0af21c\"\n                           data-key=\"email\"\n                           data-xs-href=\"mailto:?body=Title%3A+Gary+Didier+Perez+%3A+mort+dans+l%E2%80%99indiff%C3%A9rence+de+ses+h%C3%A9ritiers+%5Cn%5Cn+URL%3A+https%3A%2F%2Fvelipost.com%2Findex.php%3Frest_route%3D%252Fwp%252Fv2%252Fposts%252F4248&amp;subject=Gary+Didier+Perez+%3A+mort+dans+l%E2%80%99indiff%C3%A9rence+de+ses+h%C3%A9ritiers\">\n\n                            <div class=\"xs-social-icon\">\n                                <span class=\"met-social met-social-email\"><\/span>\n                            <\/div>\n\n\t\t\t\t\t\t\t\n                            <div class=\"wslu-hover-content\">\n                                <div class=\"xs-social-followers\">\n\t\t\t\t\t\t\t\t\t0                                <\/div>\n                                <div class=\"xs-social-follower-text\">\n\t\t\t\t\t\t\t\t\tShare                                <\/div>\n                                <div class=\"xs-social-follower-label\">\n\t\t\t\t\t\t\t\t\tEmail                                <\/div>\n                            <\/div>\n                        <\/a>\n                    <\/li>\n\t\t\t\t\t        <\/ul>\n    <\/div> \n","protected":false},"excerpt":{"rendered":"<p>Gracia, Reginald, Fr\u00e9rot, Kenny, Ritchie, Nickenson, Emmy Nix, Wid, Isy Mic n\u2019\u00e9taient pas pr\u00e9sents \u00e0 l\u2019enterrement du premier chanteur de Zenglen, Gary Didier Perez.<\/p>\n","protected":false},"author":1,"featured_media":4249,"comment_status":"open","ping_status":"open","sticky":false,"template":"","format":"standard","meta":{"_uag_custom_page_level_css":"","footnotes":"","jetpack_publicize_message":"","jetpack_publicize_feature_enabled":true,"jetpack_social_post_already_shared":true,"jetpack_social_options":{"image_generator_settings":{"template":"highway","default_image_id":0,"font":"","enabled":false},"version":2}},"categories":[238],"tags":[],"class_list":["post-4248","post","type-post","status-publish","format-standard","has-post-thumbnail","hentry","category-opinion"],"yoast_head":"<!-- This site is optimized with the Yoast SEO plugin v25.3.1 - https:\/\/yoast.com\/wordpress\/plugins\/seo\/ -->\n<title>Gary Didier Perez : mort dans l\u2019indiff\u00e9rence de ses h\u00e9ritiers &#8211; VeliPost<\/title>\n<meta name=\"robots\" content=\"index, follow, max-snippet:-1, max-image-preview:large, max-video-preview:-1\" \/>\n<link rel=\"canonical\" href=\"https:\/\/velipost.com\/?p=4248\" \/>\n<meta property=\"og:locale\" content=\"fr_FR\" \/>\n<meta property=\"og:type\" content=\"article\" \/>\n<meta property=\"og:title\" content=\"Gary Didier Perez : mort dans l\u2019indiff\u00e9rence de ses h\u00e9ritiers &#8211; VeliPost\" \/>\n<meta property=\"og:description\" content=\"Gracia, Reginald, Fr\u00e9rot, Kenny, Ritchie, Nickenson, Emmy Nix, Wid, Isy Mic n\u2019\u00e9taient pas pr\u00e9sents \u00e0 l\u2019enterrement du premier chanteur de Zenglen, Gary Didier Perez.\" \/>\n<meta property=\"og:url\" content=\"https:\/\/velipost.com\/?p=4248\" \/>\n<meta property=\"og:site_name\" content=\"VeliPost\" \/>\n<meta property=\"article:publisher\" content=\"https:\/\/www.facebook.com\/veliposthaiti\" \/>\n<meta property=\"article:published_time\" content=\"2025-09-21T15:00:30+00:00\" \/>\n<meta property=\"article:modified_time\" content=\"2025-09-21T15:37:16+00:00\" \/>\n<meta property=\"og:image\" content=\"https:\/\/velipost.com\/wp-content\/uploads\/2025\/09\/Gary-Didier-Perez.jpg\" \/>\n\t<meta property=\"og:image:width\" content=\"1170\" \/>\n\t<meta property=\"og:image:height\" content=\"603\" \/>\n\t<meta property=\"og:image:type\" content=\"image\/jpeg\" \/>\n<meta name=\"author\" content=\"VeliPost\" \/>\n<meta name=\"twitter:card\" content=\"summary_large_image\" \/>\n<meta name=\"twitter:creator\" content=\"@veliposthaiti\" \/>\n<meta name=\"twitter:site\" content=\"@veliposthaiti\" \/>\n<meta name=\"twitter:label1\" content=\"\u00c9crit par\" \/>\n\t<meta name=\"twitter:data1\" content=\"VeliPost\" \/>\n\t<meta name=\"twitter:label2\" content=\"Dur\u00e9e de lecture estim\u00e9e\" \/>\n\t<meta name=\"twitter:data2\" content=\"4 minutes\" \/>\n<script type=\"application\/ld+json\" class=\"yoast-schema-graph\">{\"@context\":\"https:\/\/schema.org\",\"@graph\":[{\"@type\":\"Article\",\"@id\":\"https:\/\/velipost.com\/?p=4248#article\",\"isPartOf\":{\"@id\":\"https:\/\/velipost.com\/?p=4248\"},\"author\":{\"name\":\"VeliPost\",\"@id\":\"https:\/\/velipost.com\/#\/schema\/person\/32ff49a53c9c1bb24302ee8ece058096\"},\"headline\":\"Gary Didier Perez : mort dans l\u2019indiff\u00e9rence de ses h\u00e9ritiers\",\"datePublished\":\"2025-09-21T15:00:30+00:00\",\"dateModified\":\"2025-09-21T15:37:16+00:00\",\"mainEntityOfPage\":{\"@id\":\"https:\/\/velipost.com\/?p=4248\"},\"wordCount\":691,\"commentCount\":0,\"publisher\":{\"@id\":\"https:\/\/velipost.com\/#organization\"},\"image\":{\"@id\":\"https:\/\/velipost.com\/?p=4248#primaryimage\"},\"thumbnailUrl\":\"https:\/\/velipost.com\/wp-content\/uploads\/2025\/09\/Gary-Didier-Perez.jpg\",\"articleSection\":[\"Opinion\"],\"inLanguage\":\"fr-FR\",\"potentialAction\":[{\"@type\":\"CommentAction\",\"name\":\"Comment\",\"target\":[\"https:\/\/velipost.com\/?p=4248#respond\"]}]},{\"@type\":\"WebPage\",\"@id\":\"https:\/\/velipost.com\/?p=4248\",\"url\":\"https:\/\/velipost.com\/?p=4248\",\"name\":\"Gary Didier Perez : mort dans l\u2019indiff\u00e9rence de ses h\u00e9ritiers &#8211; VeliPost\",\"isPartOf\":{\"@id\":\"https:\/\/velipost.com\/#website\"},\"primaryImageOfPage\":{\"@id\":\"https:\/\/velipost.com\/?p=4248#primaryimage\"},\"image\":{\"@id\":\"https:\/\/velipost.com\/?p=4248#primaryimage\"},\"thumbnailUrl\":\"https:\/\/velipost.com\/wp-content\/uploads\/2025\/09\/Gary-Didier-Perez.jpg\",\"datePublished\":\"2025-09-21T15:00:30+00:00\",\"dateModified\":\"2025-09-21T15:37:16+00:00\",\"breadcrumb\":{\"@id\":\"https:\/\/velipost.com\/?p=4248#breadcrumb\"},\"inLanguage\":\"fr-FR\",\"potentialAction\":[{\"@type\":\"ReadAction\",\"target\":[\"https:\/\/velipost.com\/?p=4248\"]}]},{\"@type\":\"ImageObject\",\"inLanguage\":\"fr-FR\",\"@id\":\"https:\/\/velipost.com\/?p=4248#primaryimage\",\"url\":\"https:\/\/velipost.com\/wp-content\/uploads\/2025\/09\/Gary-Didier-Perez.jpg\",\"contentUrl\":\"https:\/\/velipost.com\/wp-content\/uploads\/2025\/09\/Gary-Didier-Perez.jpg\",\"width\":1170,\"height\":603},{\"@type\":\"BreadcrumbList\",\"@id\":\"https:\/\/velipost.com\/?p=4248#breadcrumb\",\"itemListElement\":[{\"@type\":\"ListItem\",\"position\":1,\"name\":\"Accueil\",\"item\":\"https:\/\/velipost.com\/\"},{\"@type\":\"ListItem\",\"position\":2,\"name\":\"Gary Didier Perez : mort dans l\u2019indiff\u00e9rence de ses h\u00e9ritiers\"}]},{\"@type\":\"WebSite\",\"@id\":\"https:\/\/velipost.com\/#website\",\"url\":\"https:\/\/velipost.com\/\",\"name\":\"VeliPost\",\"description\":\"L\u2019info en un clic\",\"publisher\":{\"@id\":\"https:\/\/velipost.com\/#organization\"},\"potentialAction\":[{\"@type\":\"SearchAction\",\"target\":{\"@type\":\"EntryPoint\",\"urlTemplate\":\"https:\/\/velipost.com\/?s={search_term_string}\"},\"query-input\":{\"@type\":\"PropertyValueSpecification\",\"valueRequired\":true,\"valueName\":\"search_term_string\"}}],\"inLanguage\":\"fr-FR\"},{\"@type\":\"Organization\",\"@id\":\"https:\/\/velipost.com\/#organization\",\"name\":\"VeliPost\",\"url\":\"https:\/\/velipost.com\/\",\"logo\":{\"@type\":\"ImageObject\",\"inLanguage\":\"fr-FR\",\"@id\":\"https:\/\/velipost.com\/#\/schema\/logo\/image\/\",\"url\":\"https:\/\/velipost.com\/wp-content\/uploads\/2024\/08\/cropped-VP-logo-piti.png\",\"contentUrl\":\"https:\/\/velipost.com\/wp-content\/uploads\/2024\/08\/cropped-VP-logo-piti.png\",\"width\":201,\"height\":69,\"caption\":\"VeliPost\"},\"image\":{\"@id\":\"https:\/\/velipost.com\/#\/schema\/logo\/image\/\"},\"sameAs\":[\"https:\/\/www.facebook.com\/veliposthaiti\",\"https:\/\/x.com\/veliposthaiti\",\"https:\/\/www.instagram.com\/veliposthaiti\"]},{\"@type\":\"Person\",\"@id\":\"https:\/\/velipost.com\/#\/schema\/person\/32ff49a53c9c1bb24302ee8ece058096\",\"name\":\"VeliPost\",\"image\":{\"@type\":\"ImageObject\",\"inLanguage\":\"fr-FR\",\"@id\":\"https:\/\/velipost.com\/#\/schema\/person\/image\/\",\"url\":\"https:\/\/secure.gravatar.com\/avatar\/57c226c264de62f794185a89596d4a37b85a5ad20aca30d9d5a478b27d8c8d9d?s=96&d=mm&r=g\",\"contentUrl\":\"https:\/\/secure.gravatar.com\/avatar\/57c226c264de62f794185a89596d4a37b85a5ad20aca30d9d5a478b27d8c8d9d?s=96&d=mm&r=g\",\"caption\":\"VeliPost\"},\"sameAs\":[\"https:\/\/velipost.com\"],\"url\":\"https:\/\/velipost.com\/?author=1\"}]}<\/script>\n<!-- \/ Yoast SEO plugin. -->","yoast_head_json":{"title":"Gary Didier Perez : mort dans l\u2019indiff\u00e9rence de ses h\u00e9ritiers &#8211; VeliPost","robots":{"index":"index","follow":"follow","max-snippet":"max-snippet:-1","max-image-preview":"max-image-preview:large","max-video-preview":"max-video-preview:-1"},"canonical":"https:\/\/velipost.com\/?p=4248","og_locale":"fr_FR","og_type":"article","og_title":"Gary Didier Perez : mort dans l\u2019indiff\u00e9rence de ses h\u00e9ritiers &#8211; VeliPost","og_description":"Gracia, Reginald, Fr\u00e9rot, Kenny, Ritchie, Nickenson, Emmy Nix, Wid, Isy Mic n\u2019\u00e9taient pas pr\u00e9sents \u00e0 l\u2019enterrement du premier chanteur de Zenglen, Gary Didier Perez.","og_url":"https:\/\/velipost.com\/?p=4248","og_site_name":"VeliPost","article_publisher":"https:\/\/www.facebook.com\/veliposthaiti","article_published_time":"2025-09-21T15:00:30+00:00","article_modified_time":"2025-09-21T15:37:16+00:00","og_image":[{"width":1170,"height":603,"url":"https:\/\/velipost.com\/wp-content\/uploads\/2025\/09\/Gary-Didier-Perez.jpg","type":"image\/jpeg"}],"author":"VeliPost","twitter_card":"summary_large_image","twitter_creator":"@veliposthaiti","twitter_site":"@veliposthaiti","twitter_misc":{"\u00c9crit par":"VeliPost","Dur\u00e9e de lecture estim\u00e9e":"4 minutes"},"schema":{"@context":"https:\/\/schema.org","@graph":[{"@type":"Article","@id":"https:\/\/velipost.com\/?p=4248#article","isPartOf":{"@id":"https:\/\/velipost.com\/?p=4248"},"author":{"name":"VeliPost","@id":"https:\/\/velipost.com\/#\/schema\/person\/32ff49a53c9c1bb24302ee8ece058096"},"headline":"Gary Didier Perez : mort dans l\u2019indiff\u00e9rence de ses h\u00e9ritiers","datePublished":"2025-09-21T15:00:30+00:00","dateModified":"2025-09-21T15:37:16+00:00","mainEntityOfPage":{"@id":"https:\/\/velipost.com\/?p=4248"},"wordCount":691,"commentCount":0,"publisher":{"@id":"https:\/\/velipost.com\/#organization"},"image":{"@id":"https:\/\/velipost.com\/?p=4248#primaryimage"},"thumbnailUrl":"https:\/\/velipost.com\/wp-content\/uploads\/2025\/09\/Gary-Didier-Perez.jpg","articleSection":["Opinion"],"inLanguage":"fr-FR","potentialAction":[{"@type":"CommentAction","name":"Comment","target":["https:\/\/velipost.com\/?p=4248#respond"]}]},{"@type":"WebPage","@id":"https:\/\/velipost.com\/?p=4248","url":"https:\/\/velipost.com\/?p=4248","name":"Gary Didier Perez : mort dans l\u2019indiff\u00e9rence de ses h\u00e9ritiers &#8211; VeliPost","isPartOf":{"@id":"https:\/\/velipost.com\/#website"},"primaryImageOfPage":{"@id":"https:\/\/velipost.com\/?p=4248#primaryimage"},"image":{"@id":"https:\/\/velipost.com\/?p=4248#primaryimage"},"thumbnailUrl":"https:\/\/velipost.com\/wp-content\/uploads\/2025\/09\/Gary-Didier-Perez.jpg","datePublished":"2025-09-21T15:00:30+00:00","dateModified":"2025-09-21T15:37:16+00:00","breadcrumb":{"@id":"https:\/\/velipost.com\/?p=4248#breadcrumb"},"inLanguage":"fr-FR","potentialAction":[{"@type":"ReadAction","target":["https:\/\/velipost.com\/?p=4248"]}]},{"@type":"ImageObject","inLanguage":"fr-FR","@id":"https:\/\/velipost.com\/?p=4248#primaryimage","url":"https:\/\/velipost.com\/wp-content\/uploads\/2025\/09\/Gary-Didier-Perez.jpg","contentUrl":"https:\/\/velipost.com\/wp-content\/uploads\/2025\/09\/Gary-Didier-Perez.jpg","width":1170,"height":603},{"@type":"BreadcrumbList","@id":"https:\/\/velipost.com\/?p=4248#breadcrumb","itemListElement":[{"@type":"ListItem","position":1,"name":"Accueil","item":"https:\/\/velipost.com\/"},{"@type":"ListItem","position":2,"name":"Gary Didier Perez : mort dans l\u2019indiff\u00e9rence de ses h\u00e9ritiers"}]},{"@type":"WebSite","@id":"https:\/\/velipost.com\/#website","url":"https:\/\/velipost.com\/","name":"VeliPost","description":"L\u2019info en un clic","publisher":{"@id":"https:\/\/velipost.com\/#organization"},"potentialAction":[{"@type":"SearchAction","target":{"@type":"EntryPoint","urlTemplate":"https:\/\/velipost.com\/?s={search_term_string}"},"query-input":{"@type":"PropertyValueSpecification","valueRequired":true,"valueName":"search_term_string"}}],"inLanguage":"fr-FR"},{"@type":"Organization","@id":"https:\/\/velipost.com\/#organization","name":"VeliPost","url":"https:\/\/velipost.com\/","logo":{"@type":"ImageObject","inLanguage":"fr-FR","@id":"https:\/\/velipost.com\/#\/schema\/logo\/image\/","url":"https:\/\/velipost.com\/wp-content\/uploads\/2024\/08\/cropped-VP-logo-piti.png","contentUrl":"https:\/\/velipost.com\/wp-content\/uploads\/2024\/08\/cropped-VP-logo-piti.png","width":201,"height":69,"caption":"VeliPost"},"image":{"@id":"https:\/\/velipost.com\/#\/schema\/logo\/image\/"},"sameAs":["https:\/\/www.facebook.com\/veliposthaiti","https:\/\/x.com\/veliposthaiti","https:\/\/www.instagram.com\/veliposthaiti"]},{"@type":"Person","@id":"https:\/\/velipost.com\/#\/schema\/person\/32ff49a53c9c1bb24302ee8ece058096","name":"VeliPost","image":{"@type":"ImageObject","inLanguage":"fr-FR","@id":"https:\/\/velipost.com\/#\/schema\/person\/image\/","url":"https:\/\/secure.gravatar.com\/avatar\/57c226c264de62f794185a89596d4a37b85a5ad20aca30d9d5a478b27d8c8d9d?s=96&d=mm&r=g","contentUrl":"https:\/\/secure.gravatar.com\/avatar\/57c226c264de62f794185a89596d4a37b85a5ad20aca30d9d5a478b27d8c8d9d?s=96&d=mm&r=g","caption":"VeliPost"},"sameAs":["https:\/\/velipost.com"],"url":"https:\/\/velipost.com\/?author=1"}]}},"views":0,"jetpack_publicize_connections":[],"uagb_featured_image_src":{"full":["https:\/\/velipost.com\/wp-content\/uploads\/2025\/09\/Gary-Didier-Perez.jpg",1170,603,false],"thumbnail":["https:\/\/velipost.com\/wp-content\/uploads\/2025\/09\/Gary-Didier-Perez-150x150.jpg",150,150,true],"medium":["https:\/\/velipost.com\/wp-content\/uploads\/2025\/09\/Gary-Didier-Perez-300x155.jpg",300,155,true],"medium_large":["https:\/\/velipost.com\/wp-content\/uploads\/2025\/09\/Gary-Didier-Perez-768x396.jpg",715,369,true],"large":["https:\/\/velipost.com\/wp-content\/uploads\/2025\/09\/Gary-Didier-Perez-1024x528.jpg",715,369,true],"1536x1536":["https:\/\/velipost.com\/wp-content\/uploads\/2025\/09\/Gary-Didier-Perez.jpg",1170,603,false],"2048x2048":["https:\/\/velipost.com\/wp-content\/uploads\/2025\/09\/Gary-Didier-Perez.jpg",1170,603,false],"colornews-big-slider":["https:\/\/velipost.com\/wp-content\/uploads\/2025\/09\/Gary-Didier-Perez-1070x470.jpg",1070,470,true],"colornews-big-slider-thumb":["https:\/\/velipost.com\/wp-content\/uploads\/2025\/09\/Gary-Didier-Perez-184x109.jpg",184,109,true],"colornews-featured-post-medium":["https:\/\/velipost.com\/wp-content\/uploads\/2025\/09\/Gary-Didier-Perez-345x265.jpg",345,265,true],"colornews-featured-post-small":["https:\/\/velipost.com\/wp-content\/uploads\/2025\/09\/Gary-Didier-Perez-115x73.jpg",115,73,true],"colornews-random-posts":["https:\/\/velipost.com\/wp-content\/uploads\/2025\/09\/Gary-Didier-Perez-215x215.jpg",215,215,true],"colornews-featured-image":["https:\/\/velipost.com\/wp-content\/uploads\/2025\/09\/Gary-Didier-Perez-715x400.jpg",715,400,true],"mailpoet_newsletter_max":["https:\/\/velipost.com\/wp-content\/uploads\/2025\/09\/Gary-Didier-Perez.jpg",1170,603,false]},"uagb_author_info":{"display_name":"VeliPost","author_link":"https:\/\/velipost.com\/?author=1"},"uagb_comment_info":0,"uagb_excerpt":"Gracia, Reginald, Fr\u00e9rot, Kenny, Ritchie, Nickenson, Emmy Nix, Wid, Isy Mic n\u2019\u00e9taient pas pr\u00e9sents \u00e0 l\u2019enterrement du premier chanteur de Zenglen, Gary Didier Perez.","_links":{"self":[{"href":"https:\/\/velipost.com\/index.php?rest_route=\/wp\/v2\/posts\/4248","targetHints":{"allow":["GET"]}}],"collection":[{"href":"https:\/\/velipost.com\/index.php?rest_route=\/wp\/v2\/posts"}],"about":[{"href":"https:\/\/velipost.com\/index.php?rest_route=\/wp\/v2\/types\/post"}],"author":[{"embeddable":true,"href":"https:\/\/velipost.com\/index.php?rest_route=\/wp\/v2\/users\/1"}],"replies":[{"embeddable":true,"href":"https:\/\/velipost.com\/index.php?rest_route=%2Fwp%2Fv2%2Fcomments&post=4248"}],"version-history":[{"count":2,"href":"https:\/\/velipost.com\/index.php?rest_route=\/wp\/v2\/posts\/4248\/revisions"}],"predecessor-version":[{"id":4251,"href":"https:\/\/velipost.com\/index.php?rest_route=\/wp\/v2\/posts\/4248\/revisions\/4251"}],"wp:featuredmedia":[{"embeddable":true,"href":"https:\/\/velipost.com\/index.php?rest_route=\/wp\/v2\/media\/4249"}],"wp:attachment":[{"href":"https:\/\/velipost.com\/index.php?rest_route=%2Fwp%2Fv2%2Fmedia&parent=4248"}],"wp:term":[{"taxonomy":"category","embeddable":true,"href":"https:\/\/velipost.com\/index.php?rest_route=%2Fwp%2Fv2%2Fcategories&post=4248"},{"taxonomy":"post_tag","embeddable":true,"href":"https:\/\/velipost.com\/index.php?rest_route=%2Fwp%2Fv2%2Ftags&post=4248"}],"curies":[{"name":"wp","href":"https:\/\/api.w.org\/{rel}","templated":true}]}}