{"id":4200,"date":"2025-09-18T03:41:12","date_gmt":"2025-09-18T01:41:12","guid":{"rendered":"https:\/\/velipost.com\/?p=4200"},"modified":"2025-09-18T03:41:14","modified_gmt":"2025-09-18T01:41:14","slug":"olne-j-dario-met-en-lumiere-le-role-des-ong-dans-la-reconstruction-du-pays","status":"publish","type":"post","link":"https:\/\/velipost.com\/?p=4200","title":{"rendered":"OLN\u00c9 J. Dario met en lumi\u00e8re le r\u00f4le des ONG dans la reconstruction du pays"},"content":{"rendered":"\n<p>\u00c0 seulement 25 ans, DOLN\u00c9 J. Dario, \u00e9tudiant en Sciences Politiques \u00e0 l\u2019INAGHEI, s\u2019impose d\u00e9j\u00e0 comme une voix montante dans l\u2019analyse des dynamiques sociales ha\u00eftiennes. Sa th\u00e8se intitul\u00e9e \u00ab Engagement et Impact : Les associations et les ONG en Ha\u00efti de la conception \u00e0 l\u2019action \u00bb, r\u00e9cemment publi\u00e9e aux \u00c9ditions Jean-Jacques Dessalines, propose une r\u00e9flexion critique et document\u00e9e sur la place des organisations non gouvernementales dans la soci\u00e9t\u00e9 ha\u00eftienne.<\/p>\n\n\n\n<p>Fruit de plusieurs mois de recherche, l\u2019ouvrage retrace l\u2019histoire et le fonctionnement des ONG, notamment apr\u00e8s le s\u00e9isme du 12 janvier 2010. \u00c0 travers une m\u00e9thodologie alliant enqu\u00eates de terrain, entretiens et analyses documentaires, Dario met en \u00e9vidence \u00e0 la fois les contributions positives des associations et les limites li\u00e9es \u00e0 leur transparence et \u00e0 leur efficacit\u00e9. Son objectif : nourrir le d\u00e9bat public et inciter \u00e0 une meilleure gouvernance dans un secteur crucial au d\u00e9veloppement du pays.<\/p>\n\n\n\n<p>Sous la direction du Dr. Joseph Cyprien, ce travail acad\u00e9mique met aussi en lumi\u00e8re les d\u00e9fis d\u2019un \u00c9tat affaibli face \u00e0 une aide humanitaire massive et parfois mal coordonn\u00e9e. Pour Dario, la r\u00e9flexion sur l\u2019avenir d\u2019Ha\u00efti passe in\u00e9vitablement par un engagement citoyen accru et par une responsabilisation collective. \u00ab Les ONG ne doivent pas seulement combler un vide, elles doivent renforcer la soci\u00e9t\u00e9 civile et contribuer durablement au progr\u00e8s national \u00bb, affirme-t-il.<\/p>\n\n\n\n<p>Au-del\u00e0 de son apport scientifique, cette publication r\u00e9v\u00e8le \u00e9galement le parcours d\u2019un jeune chercheur engag\u00e9. Certifi\u00e9 en leadership et en diplomatie, Dario s\u2019int\u00e9resse particuli\u00e8rement au r\u00f4le des acteurs associatifs dans la reconstruction du pays. Sa th\u00e8se est d\u00e9j\u00e0 per\u00e7ue comme une r\u00e9f\u00e9rence pour les \u00e9tudiants, chercheurs et d\u00e9cideurs souhaitant comprendre les rouages de l\u2019aide internationale en Ha\u00efti.<\/p>\n\n\n\n<p>Disponible en librairie et en ligne, \u00ab Engagement et Impact \u00bb s\u2019annonce comme une contribution majeure \u00e0 la r\u00e9flexion sur l\u2019avenir du pays. \u00c0 travers cette publication, DOLN\u00c9 J. Dario d\u00e9montre que la jeunesse ha\u00eftienne, arm\u00e9e de savoir et de conviction, peut jouer un r\u00f4le essentiel dans la transformation sociale et politique d\u2019Ha\u00efti.<\/p>\n\n    <div class=\"xs_social_share_widget xs_share_url after_content \t\tmain_content  wslu-style-3 wslu-share-box-shaped wslu-fill-brand-hover-colored wslu-share-m-5 wslu-none wslu-share-horizontal wslu-theme-font-no wslu-main_content\">\n\n\t\t\n        <ul>\n\t\t\t                    <li class=\"xs-share-li twitter                        wslu-no-extra-data\">\n                        <a href=\"javascript:void(0);\"\n                           id=\"xs_feed_twitter\"\n                           onclick=\"xs_social_sharer(this);\"\n                           data-pid=\"4200\"\n                           data-uri_hash=\"c9760331237981bbfad3ef4ba3e46986\"\n                           data-key=\"twitter\"\n                           data-xs-href=\"https:\/\/twitter.com\/intent\/tweet?text=OLN%C3%89+J.+Dario+met+en+lumi%C3%A8re+le+r%C3%B4le+des+ONG+dans+la+reconstruction+du+pays+https%3A%2F%2Fvelipost.com%2Findex.php%3Frest_route%3D%252Fwp%252Fv2%252Fposts%252F4200&amp;original_referer=https%3A%2F%2Fvelipost.com%2Findex.php%3Frest_route%3D%252Fwp%252Fv2%252Fposts%252F4200&amp;related=xpeedstudio\">\n\n                            <div class=\"xs-social-icon\">\n                                <span class=\"met-social met-social-twitter\"><\/span>\n                            <\/div>\n\n\t\t\t\t\t\t\t\n                            <div class=\"wslu-hover-content\">\n                                <div class=\"xs-social-followers\">\n\t\t\t\t\t\t\t\t\t10                                <\/div>\n                                <div class=\"xs-social-follower-text\">\n\t\t\t\t\t\t\t\t\tShare                                <\/div>\n                                <div class=\"xs-social-follower-label\">\n\t\t\t\t\t\t\t\t\tTwitter                                <\/div>\n                            <\/div>\n                        <\/a>\n                    <\/li>\n\t\t\t\t\t                    <li class=\"xs-share-li telegram                        wslu-no-extra-data\">\n                        <a href=\"javascript:void(0);\"\n                           id=\"xs_feed_telegram\"\n                           onclick=\"xs_social_sharer(this);\"\n                           data-pid=\"4200\"\n                           data-uri_hash=\"c9760331237981bbfad3ef4ba3e46986\"\n                           data-key=\"telegram\"\n                           data-xs-href=\"https:\/\/telegram.me\/share\/url?url=https%3A%2F%2Fvelipost.com%2Findex.php%3Frest_route%3D%252Fwp%252Fv2%252Fposts%252F4200&amp;text=OLN%C3%89+J.+Dario+met+en+lumi%C3%A8re+le+r%C3%B4le+des+ONG+dans+la+reconstruction+du+pays\">\n\n                            <div class=\"xs-social-icon\">\n                                <span class=\"met-social met-social-telegram\"><\/span>\n                            <\/div>\n\n\t\t\t\t\t\t\t\n                            <div class=\"wslu-hover-content\">\n                                <div class=\"xs-social-followers\">\n\t\t\t\t\t\t\t\t\t0                                <\/div>\n                                <div class=\"xs-social-follower-text\">\n\t\t\t\t\t\t\t\t\tShare                                <\/div>\n                                <div class=\"xs-social-follower-label\">\n\t\t\t\t\t\t\t\t\tTelegram                                <\/div>\n                            <\/div>\n                        <\/a>\n                    <\/li>\n\t\t\t\t\t                    <li class=\"xs-share-li email                        wslu-no-extra-data\">\n                        <a href=\"javascript:void(0);\"\n                           id=\"xs_feed_email\"\n                           onclick=\"xs_social_sharer(this);\"\n                           data-pid=\"4200\"\n                           data-uri_hash=\"c9760331237981bbfad3ef4ba3e46986\"\n                           data-key=\"email\"\n                           data-xs-href=\"mailto:?body=Title%3A+OLN%C3%89+J.+Dario+met+en+lumi%C3%A8re+le+r%C3%B4le+des+ONG+dans+la+reconstruction+du+pays+%5Cn%5Cn+URL%3A+https%3A%2F%2Fvelipost.com%2Findex.php%3Frest_route%3D%252Fwp%252Fv2%252Fposts%252F4200&amp;subject=OLN%C3%89+J.+Dario+met+en+lumi%C3%A8re+le+r%C3%B4le+des+ONG+dans+la+reconstruction+du+pays\">\n\n                            <div class=\"xs-social-icon\">\n                                <span class=\"met-social met-social-email\"><\/span>\n                            <\/div>\n\n\t\t\t\t\t\t\t\n                            <div class=\"wslu-hover-content\">\n                                <div class=\"xs-social-followers\">\n\t\t\t\t\t\t\t\t\t0                                <\/div>\n                                <div class=\"xs-social-follower-text\">\n\t\t\t\t\t\t\t\t\tShare                                <\/div>\n                                <div class=\"xs-social-follower-label\">\n\t\t\t\t\t\t\t\t\tEmail                                <\/div>\n                            <\/div>\n                        <\/a>\n                    <\/li>\n\t\t\t\t\t        <\/ul>\n    <\/div> \n","protected":false},"excerpt":{"rendered":"<p>\u00c0 seulement 25 ans, DOLN\u00c9 J. Dario, \u00e9tudiant en Sciences Politiques \u00e0 l\u2019INAGHEI, s\u2019impose d\u00e9j\u00e0 comme une voix montante dans l\u2019analyse des dynamiques sociales<\/p>\n","protected":false},"author":1,"featured_media":4202,"comment_status":"open","ping_status":"open","sticky":false,"template":"","format":"standard","meta":{"_uag_custom_page_level_css":"","footnotes":"","jetpack_publicize_message":"","jetpack_publicize_feature_enabled":true,"jetpack_social_post_already_shared":true,"jetpack_social_options":{"image_generator_settings":{"template":"highway","default_image_id":0,"font":"","enabled":false},"version":2}},"categories":[94,3],"tags":[],"class_list":["post-4200","post","type-post","status-publish","format-standard","has-post-thumbnail","hentry","category-a-la-une","category-societe"],"yoast_head":"<!-- This site is optimized with the Yoast SEO plugin v25.3.1 - https:\/\/yoast.com\/wordpress\/plugins\/seo\/ -->\n<title>OLN\u00c9 J. Dario met en lumi\u00e8re le r\u00f4le des ONG dans la reconstruction du pays &#8211; VeliPost<\/title>\n<meta name=\"robots\" content=\"index, follow, max-snippet:-1, max-image-preview:large, max-video-preview:-1\" \/>\n<link rel=\"canonical\" href=\"https:\/\/velipost.com\/?p=4200\" \/>\n<meta property=\"og:locale\" content=\"fr_FR\" \/>\n<meta property=\"og:type\" content=\"article\" \/>\n<meta property=\"og:title\" content=\"OLN\u00c9 J. Dario met en lumi\u00e8re le r\u00f4le des ONG dans la reconstruction du pays &#8211; VeliPost\" \/>\n<meta property=\"og:description\" content=\"\u00c0 seulement 25 ans, DOLN\u00c9 J. Dario, \u00e9tudiant en Sciences Politiques \u00e0 l\u2019INAGHEI, s\u2019impose d\u00e9j\u00e0 comme une voix montante dans l\u2019analyse des dynamiques sociales\" \/>\n<meta property=\"og:url\" content=\"https:\/\/velipost.com\/?p=4200\" \/>\n<meta property=\"og:site_name\" content=\"VeliPost\" \/>\n<meta property=\"article:publisher\" content=\"https:\/\/www.facebook.com\/veliposthaiti\" \/>\n<meta property=\"article:published_time\" content=\"2025-09-18T01:41:12+00:00\" \/>\n<meta property=\"article:modified_time\" content=\"2025-09-18T01:41:14+00:00\" \/>\n<meta property=\"og:image\" content=\"https:\/\/velipost.com\/wp-content\/uploads\/2025\/09\/Cover-VP-8.jpg\" \/>\n\t<meta property=\"og:image:width\" content=\"1170\" \/>\n\t<meta property=\"og:image:height\" content=\"603\" \/>\n\t<meta property=\"og:image:type\" content=\"image\/jpeg\" \/>\n<meta name=\"author\" content=\"VeliPost\" \/>\n<meta name=\"twitter:card\" content=\"summary_large_image\" \/>\n<meta name=\"twitter:creator\" content=\"@veliposthaiti\" \/>\n<meta name=\"twitter:site\" content=\"@veliposthaiti\" \/>\n<meta name=\"twitter:label1\" content=\"\u00c9crit par\" \/>\n\t<meta name=\"twitter:data1\" content=\"VeliPost\" \/>\n\t<meta name=\"twitter:label2\" content=\"Dur\u00e9e de lecture estim\u00e9e\" \/>\n\t<meta name=\"twitter:data2\" content=\"2 minutes\" \/>\n<script type=\"application\/ld+json\" class=\"yoast-schema-graph\">{\"@context\":\"https:\/\/schema.org\",\"@graph\":[{\"@type\":\"Article\",\"@id\":\"https:\/\/velipost.com\/?p=4200#article\",\"isPartOf\":{\"@id\":\"https:\/\/velipost.com\/?p=4200\"},\"author\":{\"name\":\"VeliPost\",\"@id\":\"https:\/\/velipost.com\/#\/schema\/person\/32ff49a53c9c1bb24302ee8ece058096\"},\"headline\":\"OLN\u00c9 J. Dario met en lumi\u00e8re le r\u00f4le des ONG dans la reconstruction du pays\",\"datePublished\":\"2025-09-18T01:41:12+00:00\",\"dateModified\":\"2025-09-18T01:41:14+00:00\",\"mainEntityOfPage\":{\"@id\":\"https:\/\/velipost.com\/?p=4200\"},\"wordCount\":384,\"commentCount\":0,\"publisher\":{\"@id\":\"https:\/\/velipost.com\/#organization\"},\"image\":{\"@id\":\"https:\/\/velipost.com\/?p=4200#primaryimage\"},\"thumbnailUrl\":\"https:\/\/velipost.com\/wp-content\/uploads\/2025\/09\/Cover-VP-8.jpg\",\"articleSection\":[\"A la Une\",\"Soci\u00e9t\u00e9\"],\"inLanguage\":\"fr-FR\",\"potentialAction\":[{\"@type\":\"CommentAction\",\"name\":\"Comment\",\"target\":[\"https:\/\/velipost.com\/?p=4200#respond\"]}]},{\"@type\":\"WebPage\",\"@id\":\"https:\/\/velipost.com\/?p=4200\",\"url\":\"https:\/\/velipost.com\/?p=4200\",\"name\":\"OLN\u00c9 J. Dario met en lumi\u00e8re le r\u00f4le des ONG dans la reconstruction du pays &#8211; VeliPost\",\"isPartOf\":{\"@id\":\"https:\/\/velipost.com\/#website\"},\"primaryImageOfPage\":{\"@id\":\"https:\/\/velipost.com\/?p=4200#primaryimage\"},\"image\":{\"@id\":\"https:\/\/velipost.com\/?p=4200#primaryimage\"},\"thumbnailUrl\":\"https:\/\/velipost.com\/wp-content\/uploads\/2025\/09\/Cover-VP-8.jpg\",\"datePublished\":\"2025-09-18T01:41:12+00:00\",\"dateModified\":\"2025-09-18T01:41:14+00:00\",\"breadcrumb\":{\"@id\":\"https:\/\/velipost.com\/?p=4200#breadcrumb\"},\"inLanguage\":\"fr-FR\",\"potentialAction\":[{\"@type\":\"ReadAction\",\"target\":[\"https:\/\/velipost.com\/?p=4200\"]}]},{\"@type\":\"ImageObject\",\"inLanguage\":\"fr-FR\",\"@id\":\"https:\/\/velipost.com\/?p=4200#primaryimage\",\"url\":\"https:\/\/velipost.com\/wp-content\/uploads\/2025\/09\/Cover-VP-8.jpg\",\"contentUrl\":\"https:\/\/velipost.com\/wp-content\/uploads\/2025\/09\/Cover-VP-8.jpg\",\"width\":1170,\"height\":603},{\"@type\":\"BreadcrumbList\",\"@id\":\"https:\/\/velipost.com\/?p=4200#breadcrumb\",\"itemListElement\":[{\"@type\":\"ListItem\",\"position\":1,\"name\":\"Accueil\",\"item\":\"https:\/\/velipost.com\/\"},{\"@type\":\"ListItem\",\"position\":2,\"name\":\"OLN\u00c9 J. Dario met en lumi\u00e8re le r\u00f4le des ONG dans la reconstruction du pays\"}]},{\"@type\":\"WebSite\",\"@id\":\"https:\/\/velipost.com\/#website\",\"url\":\"https:\/\/velipost.com\/\",\"name\":\"VeliPost\",\"description\":\"L\u2019info en un clic\",\"publisher\":{\"@id\":\"https:\/\/velipost.com\/#organization\"},\"potentialAction\":[{\"@type\":\"SearchAction\",\"target\":{\"@type\":\"EntryPoint\",\"urlTemplate\":\"https:\/\/velipost.com\/?s={search_term_string}\"},\"query-input\":{\"@type\":\"PropertyValueSpecification\",\"valueRequired\":true,\"valueName\":\"search_term_string\"}}],\"inLanguage\":\"fr-FR\"},{\"@type\":\"Organization\",\"@id\":\"https:\/\/velipost.com\/#organization\",\"name\":\"VeliPost\",\"url\":\"https:\/\/velipost.com\/\",\"logo\":{\"@type\":\"ImageObject\",\"inLanguage\":\"fr-FR\",\"@id\":\"https:\/\/velipost.com\/#\/schema\/logo\/image\/\",\"url\":\"https:\/\/velipost.com\/wp-content\/uploads\/2024\/08\/cropped-VP-logo-piti.png\",\"contentUrl\":\"https:\/\/velipost.com\/wp-content\/uploads\/2024\/08\/cropped-VP-logo-piti.png\",\"width\":201,\"height\":69,\"caption\":\"VeliPost\"},\"image\":{\"@id\":\"https:\/\/velipost.com\/#\/schema\/logo\/image\/\"},\"sameAs\":[\"https:\/\/www.facebook.com\/veliposthaiti\",\"https:\/\/x.com\/veliposthaiti\",\"https:\/\/www.instagram.com\/veliposthaiti\"]},{\"@type\":\"Person\",\"@id\":\"https:\/\/velipost.com\/#\/schema\/person\/32ff49a53c9c1bb24302ee8ece058096\",\"name\":\"VeliPost\",\"image\":{\"@type\":\"ImageObject\",\"inLanguage\":\"fr-FR\",\"@id\":\"https:\/\/velipost.com\/#\/schema\/person\/image\/\",\"url\":\"https:\/\/secure.gravatar.com\/avatar\/57c226c264de62f794185a89596d4a37b85a5ad20aca30d9d5a478b27d8c8d9d?s=96&d=mm&r=g\",\"contentUrl\":\"https:\/\/secure.gravatar.com\/avatar\/57c226c264de62f794185a89596d4a37b85a5ad20aca30d9d5a478b27d8c8d9d?s=96&d=mm&r=g\",\"caption\":\"VeliPost\"},\"sameAs\":[\"https:\/\/velipost.com\"],\"url\":\"https:\/\/velipost.com\/?author=1\"}]}<\/script>\n<!-- \/ Yoast SEO plugin. -->","yoast_head_json":{"title":"OLN\u00c9 J. Dario met en lumi\u00e8re le r\u00f4le des ONG dans la reconstruction du pays &#8211; VeliPost","robots":{"index":"index","follow":"follow","max-snippet":"max-snippet:-1","max-image-preview":"max-image-preview:large","max-video-preview":"max-video-preview:-1"},"canonical":"https:\/\/velipost.com\/?p=4200","og_locale":"fr_FR","og_type":"article","og_title":"OLN\u00c9 J. Dario met en lumi\u00e8re le r\u00f4le des ONG dans la reconstruction du pays &#8211; VeliPost","og_description":"\u00c0 seulement 25 ans, DOLN\u00c9 J. Dario, \u00e9tudiant en Sciences Politiques \u00e0 l\u2019INAGHEI, s\u2019impose d\u00e9j\u00e0 comme une voix montante dans l\u2019analyse des dynamiques sociales","og_url":"https:\/\/velipost.com\/?p=4200","og_site_name":"VeliPost","article_publisher":"https:\/\/www.facebook.com\/veliposthaiti","article_published_time":"2025-09-18T01:41:12+00:00","article_modified_time":"2025-09-18T01:41:14+00:00","og_image":[{"width":1170,"height":603,"url":"https:\/\/velipost.com\/wp-content\/uploads\/2025\/09\/Cover-VP-8.jpg","type":"image\/jpeg"}],"author":"VeliPost","twitter_card":"summary_large_image","twitter_creator":"@veliposthaiti","twitter_site":"@veliposthaiti","twitter_misc":{"\u00c9crit par":"VeliPost","Dur\u00e9e de lecture estim\u00e9e":"2 minutes"},"schema":{"@context":"https:\/\/schema.org","@graph":[{"@type":"Article","@id":"https:\/\/velipost.com\/?p=4200#article","isPartOf":{"@id":"https:\/\/velipost.com\/?p=4200"},"author":{"name":"VeliPost","@id":"https:\/\/velipost.com\/#\/schema\/person\/32ff49a53c9c1bb24302ee8ece058096"},"headline":"OLN\u00c9 J. Dario met en lumi\u00e8re le r\u00f4le des ONG dans la reconstruction du pays","datePublished":"2025-09-18T01:41:12+00:00","dateModified":"2025-09-18T01:41:14+00:00","mainEntityOfPage":{"@id":"https:\/\/velipost.com\/?p=4200"},"wordCount":384,"commentCount":0,"publisher":{"@id":"https:\/\/velipost.com\/#organization"},"image":{"@id":"https:\/\/velipost.com\/?p=4200#primaryimage"},"thumbnailUrl":"https:\/\/velipost.com\/wp-content\/uploads\/2025\/09\/Cover-VP-8.jpg","articleSection":["A la Une","Soci\u00e9t\u00e9"],"inLanguage":"fr-FR","potentialAction":[{"@type":"CommentAction","name":"Comment","target":["https:\/\/velipost.com\/?p=4200#respond"]}]},{"@type":"WebPage","@id":"https:\/\/velipost.com\/?p=4200","url":"https:\/\/velipost.com\/?p=4200","name":"OLN\u00c9 J. Dario met en lumi\u00e8re le r\u00f4le des ONG dans la reconstruction du pays &#8211; VeliPost","isPartOf":{"@id":"https:\/\/velipost.com\/#website"},"primaryImageOfPage":{"@id":"https:\/\/velipost.com\/?p=4200#primaryimage"},"image":{"@id":"https:\/\/velipost.com\/?p=4200#primaryimage"},"thumbnailUrl":"https:\/\/velipost.com\/wp-content\/uploads\/2025\/09\/Cover-VP-8.jpg","datePublished":"2025-09-18T01:41:12+00:00","dateModified":"2025-09-18T01:41:14+00:00","breadcrumb":{"@id":"https:\/\/velipost.com\/?p=4200#breadcrumb"},"inLanguage":"fr-FR","potentialAction":[{"@type":"ReadAction","target":["https:\/\/velipost.com\/?p=4200"]}]},{"@type":"ImageObject","inLanguage":"fr-FR","@id":"https:\/\/velipost.com\/?p=4200#primaryimage","url":"https:\/\/velipost.com\/wp-content\/uploads\/2025\/09\/Cover-VP-8.jpg","contentUrl":"https:\/\/velipost.com\/wp-content\/uploads\/2025\/09\/Cover-VP-8.jpg","width":1170,"height":603},{"@type":"BreadcrumbList","@id":"https:\/\/velipost.com\/?p=4200#breadcrumb","itemListElement":[{"@type":"ListItem","position":1,"name":"Accueil","item":"https:\/\/velipost.com\/"},{"@type":"ListItem","position":2,"name":"OLN\u00c9 J. Dario met en lumi\u00e8re le r\u00f4le des ONG dans la reconstruction du pays"}]},{"@type":"WebSite","@id":"https:\/\/velipost.com\/#website","url":"https:\/\/velipost.com\/","name":"VeliPost","description":"L\u2019info en un clic","publisher":{"@id":"https:\/\/velipost.com\/#organization"},"potentialAction":[{"@type":"SearchAction","target":{"@type":"EntryPoint","urlTemplate":"https:\/\/velipost.com\/?s={search_term_string}"},"query-input":{"@type":"PropertyValueSpecification","valueRequired":true,"valueName":"search_term_string"}}],"inLanguage":"fr-FR"},{"@type":"Organization","@id":"https:\/\/velipost.com\/#organization","name":"VeliPost","url":"https:\/\/velipost.com\/","logo":{"@type":"ImageObject","inLanguage":"fr-FR","@id":"https:\/\/velipost.com\/#\/schema\/logo\/image\/","url":"https:\/\/velipost.com\/wp-content\/uploads\/2024\/08\/cropped-VP-logo-piti.png","contentUrl":"https:\/\/velipost.com\/wp-content\/uploads\/2024\/08\/cropped-VP-logo-piti.png","width":201,"height":69,"caption":"VeliPost"},"image":{"@id":"https:\/\/velipost.com\/#\/schema\/logo\/image\/"},"sameAs":["https:\/\/www.facebook.com\/veliposthaiti","https:\/\/x.com\/veliposthaiti","https:\/\/www.instagram.com\/veliposthaiti"]},{"@type":"Person","@id":"https:\/\/velipost.com\/#\/schema\/person\/32ff49a53c9c1bb24302ee8ece058096","name":"VeliPost","image":{"@type":"ImageObject","inLanguage":"fr-FR","@id":"https:\/\/velipost.com\/#\/schema\/person\/image\/","url":"https:\/\/secure.gravatar.com\/avatar\/57c226c264de62f794185a89596d4a37b85a5ad20aca30d9d5a478b27d8c8d9d?s=96&d=mm&r=g","contentUrl":"https:\/\/secure.gravatar.com\/avatar\/57c226c264de62f794185a89596d4a37b85a5ad20aca30d9d5a478b27d8c8d9d?s=96&d=mm&r=g","caption":"VeliPost"},"sameAs":["https:\/\/velipost.com"],"url":"https:\/\/velipost.com\/?author=1"}]}},"views":0,"jetpack_publicize_connections":[],"uagb_featured_image_src":{"full":["https:\/\/velipost.com\/wp-content\/uploads\/2025\/09\/Cover-VP-8.jpg",1170,603,false],"thumbnail":["https:\/\/velipost.com\/wp-content\/uploads\/2025\/09\/Cover-VP-8-150x150.jpg",150,150,true],"medium":["https:\/\/velipost.com\/wp-content\/uploads\/2025\/09\/Cover-VP-8-300x155.jpg",300,155,true],"medium_large":["https:\/\/velipost.com\/wp-content\/uploads\/2025\/09\/Cover-VP-8-768x396.jpg",715,369,true],"large":["https:\/\/velipost.com\/wp-content\/uploads\/2025\/09\/Cover-VP-8-1024x528.jpg",715,369,true],"1536x1536":["https:\/\/velipost.com\/wp-content\/uploads\/2025\/09\/Cover-VP-8.jpg",1170,603,false],"2048x2048":["https:\/\/velipost.com\/wp-content\/uploads\/2025\/09\/Cover-VP-8.jpg",1170,603,false],"colornews-big-slider":["https:\/\/velipost.com\/wp-content\/uploads\/2025\/09\/Cover-VP-8-1070x470.jpg",1070,470,true],"colornews-big-slider-thumb":["https:\/\/velipost.com\/wp-content\/uploads\/2025\/09\/Cover-VP-8-184x109.jpg",184,109,true],"colornews-featured-post-medium":["https:\/\/velipost.com\/wp-content\/uploads\/2025\/09\/Cover-VP-8-345x265.jpg",345,265,true],"colornews-featured-post-small":["https:\/\/velipost.com\/wp-content\/uploads\/2025\/09\/Cover-VP-8-115x73.jpg",115,73,true],"colornews-random-posts":["https:\/\/velipost.com\/wp-content\/uploads\/2025\/09\/Cover-VP-8-215x215.jpg",215,215,true],"colornews-featured-image":["https:\/\/velipost.com\/wp-content\/uploads\/2025\/09\/Cover-VP-8-715x400.jpg",715,400,true],"mailpoet_newsletter_max":["https:\/\/velipost.com\/wp-content\/uploads\/2025\/09\/Cover-VP-8.jpg",1170,603,false]},"uagb_author_info":{"display_name":"VeliPost","author_link":"https:\/\/velipost.com\/?author=1"},"uagb_comment_info":0,"uagb_excerpt":"\u00c0 seulement 25 ans, DOLN\u00c9 J. Dario, \u00e9tudiant en Sciences Politiques \u00e0 l\u2019INAGHEI, s\u2019impose d\u00e9j\u00e0 comme une voix montante dans l\u2019analyse des dynamiques sociales","_links":{"self":[{"href":"https:\/\/velipost.com\/index.php?rest_route=\/wp\/v2\/posts\/4200","targetHints":{"allow":["GET"]}}],"collection":[{"href":"https:\/\/velipost.com\/index.php?rest_route=\/wp\/v2\/posts"}],"about":[{"href":"https:\/\/velipost.com\/index.php?rest_route=\/wp\/v2\/types\/post"}],"author":[{"embeddable":true,"href":"https:\/\/velipost.com\/index.php?rest_route=\/wp\/v2\/users\/1"}],"replies":[{"embeddable":true,"href":"https:\/\/velipost.com\/index.php?rest_route=%2Fwp%2Fv2%2Fcomments&post=4200"}],"version-history":[{"count":1,"href":"https:\/\/velipost.com\/index.php?rest_route=\/wp\/v2\/posts\/4200\/revisions"}],"predecessor-version":[{"id":4203,"href":"https:\/\/velipost.com\/index.php?rest_route=\/wp\/v2\/posts\/4200\/revisions\/4203"}],"wp:featuredmedia":[{"embeddable":true,"href":"https:\/\/velipost.com\/index.php?rest_route=\/wp\/v2\/media\/4202"}],"wp:attachment":[{"href":"https:\/\/velipost.com\/index.php?rest_route=%2Fwp%2Fv2%2Fmedia&parent=4200"}],"wp:term":[{"taxonomy":"category","embeddable":true,"href":"https:\/\/velipost.com\/index.php?rest_route=%2Fwp%2Fv2%2Fcategories&post=4200"},{"taxonomy":"post_tag","embeddable":true,"href":"https:\/\/velipost.com\/index.php?rest_route=%2Fwp%2Fv2%2Ftags&post=4200"}],"curies":[{"name":"wp","href":"https:\/\/api.w.org\/{rel}","templated":true}]}}