{"id":4164,"date":"2025-09-14T02:49:02","date_gmt":"2025-09-14T00:49:02","guid":{"rendered":"https:\/\/velipost.com\/?p=4164"},"modified":"2025-09-14T02:50:11","modified_gmt":"2025-09-14T00:50:11","slug":"port-margot-et-ses-auteurs","status":"publish","type":"post","link":"https:\/\/velipost.com\/?p=4164","title":{"rendered":"Port-Margot et ses auteurs"},"content":{"rendered":"\n<p>Port-Margot, commune historique et culturelle du Nord d\u2019Ha\u00efti, voit \u00e9merger une nouvelle vague de plumes. Ces jeunes auteurs se distinguent par la diversit\u00e9 de leurs formations et de leurs \u0153uvres. Ils sont tous n\u00e9s \u00e0 Port-Margot. Parall\u00e8lement, ce texte met en lumi\u00e8re une autre cat\u00e9gorie d\u2019auteurs que nous appelons affectueusement a\u00een\u00e9s. Certains d\u2019entre eux ne sont plus. L\u2019id\u00e9e, c\u2019est de vous faire d\u00e9couvrir cette constellation de cr\u00e9ateurs, ouvriers de plume qui font la fiert\u00e9 de la commune de Port-Margot, deuxi\u00e8me \u00e9tablissement des Fran\u00e7ais sur l\u2019\u00eele de Saint-Domingue.<\/p>\n\n\n\n<p><strong>Commen\u00e7ons d\u2019abord par les disparus :<\/strong><\/p>\n\n\n\n<p>\u2022\u2060&nbsp;&nbsp;\u2060<strong>Toussaint DESROSIERS<\/strong>, historien, professeur \u00e9m\u00e9rite, auteur et v\u00e9ritable progressiste de Port-Margot. Il est l\u2019un des plus respect\u00e9s des intellectuels originaires de Port-Margot.<\/p>\n\n\n\n<p>Parler de Toussaint DESROSIERS, c\u2019est parler de l\u2019un des plus \u00e9minents intellectuels ha\u00eftiens originaires de Port-Margot. Il a occup\u00e9 de tr\u00e8s hautes fonctions dans sa carri\u00e8re professionnelle et acad\u00e9mique.<\/p>\n\n\n\n<p>Charg\u00e9 de mission au Minist\u00e8re de la Planification, Assistant-Directeur des bureaux de l\u2019OEA en Ha\u00efti, professeur au Qu\u00e9bec\/Canada ; il fut \u00e9galement professeur en C\u00f4te d\u2019Ivoire\u2026<\/p>\n\n\n\n<p>Entre 1980 et 1983, il est sans doute le premier Port-Margot nomm\u00e9 \u00e0 la t\u00eate de l\u2019ONART &#8211; Office National de l\u2019Artisanat, une entit\u00e9 attach\u00e9e au Minist\u00e8re des Affaires sociales.<\/p>\n\n\n\n<p>Ancien s\u00e9nateur, historien, professeur d\u2019universit\u00e9 : Facult\u00e9 d\u2019Ethnologie, CEDI, ANDC, etc., Directeur G\u00e9n\u00e9ral du Minist\u00e8re de l\u2019Information sous Jean-Claude DUVALIER, il fut \u00e9galement D\u00e9put\u00e9 de Borgne et de Port-Margot. L\u2019un des tous premiers fils de Port-Margot ayant \u00e9t\u00e9 membre de la Soci\u00e9t\u00e9 Ha\u00eftienne d\u2019Histoire et de G\u00e9ographie.<\/p>\n\n\n\n<p>Le professeur Toussaint DESROSIERS a publi\u00e9 de nombreux articles dans plusieurs journaux, notamment :&nbsp;<em>Le Petit Samedi Soir, Le Nouvelliste, Panorama, Le Nouveau Monde<\/em>.<\/p>\n\n\n\n<p>Selon AlterPress du 6 avril 2003,&nbsp;<em>\u00ab Le professeur Toussaint Desrosiers a soulign\u00e9 l\u2019intelligence exceptionnelle de Toussaint Louverture pr\u00e9sent\u00e9 comme \u201cl\u2019homme des alliances\u201d. Il a pr\u00f4n\u00e9 un \u201cid\u00e9al louverturien\u201d. \u00bb<\/em><\/p>\n\n\n\n<p>Quelques-unes des publications de Toussaint DESROSIERS\u2026<\/p>\n\n\n\n<p>1.\u2060 \u2060<em>Relations ha\u00eftiano-dominicaines : la vision r\u00e9aliste de Dr Jean Price-Mars et du Professeur Daniel Fignol\u00e9<\/em>, Toussaint Desrosiers, 2001 &#8211; 104 pages<\/p>\n\n\n\n<p>2.\u2060 \u2060<em>Civilisation indienne et culture ha\u00eftienne<\/em><\/p>\n\n\n\n<p>3.\u2060 \u2060<em>Les relations d\u2019Ha\u00efti, Premi\u00e8re R\u00e9publique noire, avec l\u2019Am\u00e9rique<\/em>, Toussaint DESROSIERS, 1980, 150 p.<\/p>\n\n\n\n<p>4.\u2060 \u2060<em>Civilisation indienne et culture ha\u00eftienne<\/em>, Imprimerie Rodriguez, Port-au-Prince, Ha\u00efti<\/p>\n\n\n\n<p>5.\u2060 \u2060<em>\u00c0 propos de la formule dessalinienne \u201ccoup\u00e9 t\u00eate, boul\u00e9 caille\u201d<\/em><\/p>\n\n\n\n<p>\u2022\u2060&nbsp;&nbsp;\u2060<strong>Lys AMBROISE<\/strong>, n\u00e9 \u00e0 Port-Margot, Lys est po\u00e8te, ancien militaire, ancien Ambassadeur d\u2019Ha\u00efti en France, nouvelliste.<\/p>\n\n\n\n<p>Il a publi\u00e9 de nombreux articles. Il est l\u2019auteur de :<\/p>\n\n\n\n<ul class=\"wp-block-list\">\n<li><em>Bor de mer de Port-Margot<\/em><\/li>\n\n\n\n<li><em>Po\u00e9sies du Temps Jadis<\/em><\/li>\n\n\n\n<li><em>De Bric et de Broc<\/em>&nbsp;I, II, III<\/li>\n\n\n\n<li><em>Choix de textes<\/em><\/li>\n\n\n\n<li><em>Dans l\u2019ombre du Humfort<\/em><\/li>\n\n\n\n<li><em>La derni\u00e8re gerbe<\/em><\/li>\n<\/ul>\n\n\n\n<hr class=\"wp-block-separator has-alpha-channel-opacity\"\/>\n\n\n\n<p><strong>Souffle nouveau<\/strong><\/p>\n\n\n\n<p>\u2022\u2060&nbsp;&nbsp;\u2060<strong>Luscarson RAPHA\u00cbL<\/strong>, po\u00e8te, journaliste, auteur de&nbsp;<em>Serenad<\/em>, un important recueil qui marque son entr\u00e9e dans le monde litt\u00e9raire ha\u00eftien. L\u2019auteur a r\u00e9alis\u00e9 la premi\u00e8re vente-signature de ce livre lors de la deuxi\u00e8me \u00e9dition du Salon du Livre et des Arts du Grand Nord d\u2019Ha\u00efti en avril 2025 \u00e0 Port-Margot.<\/p>\n\n\n\n<p>\u2022\u2060&nbsp;&nbsp;\u2060<strong>Il\u00e9us PAPILLON<\/strong>, d\u00e9tenteur d\u2019un Master en Histoire, M\u00e9moire et Patrimoine, op\u00e9rateur culturel, sociologue de formation, nouvelliste et po\u00e8te reconnu, a publi\u00e9 plusieurs ouvrages dont&nbsp;<em>S\u00e8t kle pou louvri let\u00e8nite, Adjeridan, S\u00e8t priy\u00e8 lari, Tessons de vers, Dans la prison de ton corps<\/em>, etc.<\/p>\n\n\n\n<p>Il\u00e9us PAPILLON est op\u00e9rateur culturel bien \u00e9tabli en Ha\u00efti. Il a initi\u00e9&nbsp;<em>Ha\u00efti et ses patrimoines<\/em>,&nbsp;<em>Konbit Liv Timoun<\/em>, l\u2019\u00e9mission&nbsp;<em>N AP LI<\/em>&nbsp;et le&nbsp;<em>Salon du Livre et des Arts du Grand Nord d\u2019Ha\u00efti<\/em>. En 2024, il est laur\u00e9at du Prix International de l\u2019Invention Po\u00e9tique de l\u2019Association Balisaille en Martinique pour son livre&nbsp;<em>Adjeridan<\/em>, publi\u00e9 en 2025 aux Cara\u00efb\u00e9ditions.<\/p>\n\n\n\n<p>\u2022\u2060&nbsp;&nbsp;\u2060<strong>Biverly DUVERNA<\/strong>, a fait des \u00e9tudes d\u2019Anthropologie et de Sociologie. Il est auteur d\u2019ouvrages p\u00e9dagogiques et de formation. Biverly s\u2019est engag\u00e9 dans l\u2019\u00e9ducation et la formation des jeunes. Parmi ses publications, on compte notamment :<\/p>\n\n\n\n<ul class=\"wp-block-list\">\n<li><em>Questionnaire de curriculum<\/em><\/li>\n\n\n\n<li><em>Questionnaire biblique<\/em><\/li>\n\n\n\n<li><em>Cahier de pr\u00e9paration de le\u00e7ons<\/em><\/li>\n\n\n\n<li><em>R\u00e9daction de manuels de culture g\u00e9n\u00e9rale<\/em><\/li>\n<\/ul>\n\n\n\n<p>\u2022\u2060&nbsp;&nbsp;\u2060<strong>Wilcox TOYO<\/strong>, psychologue, jeune tr\u00e8s actif dans l\u2019espace public ha\u00eftien, il signe&nbsp;<em>Dialogue National Inclusif et Souverain (DINIS) \/ Proposition de m\u00e9thodologie<\/em>, son premier livre ax\u00e9 sur la r\u00e9conciliation nationale.<\/p>\n\n\n\n<p>\u2022\u2060&nbsp;&nbsp;\u2060<strong>Dulex CHARLES<\/strong>, \u00e9conomiste et pasteur, petit fr\u00e8re de l\u2019inclassable communicateur social, Dulain Fran\u00e7ois CHARLES. Dulex a d\u00e9j\u00e0 publi\u00e9 plusieurs textes portant sur la litt\u00e9rature, la foi et l\u2019\u00e9conomie.<\/p>\n\n\n\n<p>En 2013, il publie une \u00e9tude portant sur la migration et la production agricole :<\/p>\n\n\n\n<p><em>\u00ab Regard sur le ph\u00e9nom\u00e8ne migratoire et la production agricole dans la commune de Port-Margot, de 1982 \u00e0 2003 \u00bb.<\/em><\/p>\n\n\n\n<p>En d\u00e9cembre 2020, il publie son premier recueil de nouvelles :&nbsp;<em>\u00ab 2 kout kle pou 2 let\u00e8nite \u00bb.<\/em><\/p>\n\n\n\n<p>Actuellement, l\u2019auteur travaille sur deux projets litt\u00e9raires. Ces deux \u0153uvres seront bient\u00f4t disponibles \u00e0 Montr\u00e9al :<\/p>\n\n\n\n<ul class=\"wp-block-list\">\n<li><em>Mizolo<\/em>&nbsp;(Roman)<\/li>\n\n\n\n<li><em>La vall\u00e9e de la mort<\/em>&nbsp;(Roman)<\/li>\n<\/ul>\n\n\n\n<p>\u2022\u2060&nbsp;&nbsp;\u2060<strong>Nimrod S\u00c9NATUS<\/strong>, ing\u00e9nieur civil, journaliste et graphiste, Nimrod publie en 2025&nbsp;<em>Port-Margot, ma ville, mon futur<\/em>, un vibrant hommage \u00e0 sa commune natale.<\/p>\n\n\n\n<hr class=\"wp-block-separator has-alpha-channel-opacity\"\/>\n\n\n\n<p><strong>Vu d\u2019ailleurs<\/strong><\/p>\n\n\n\n<p>\u2022\u2060&nbsp;&nbsp;\u2060<strong>Jumel PLUVIOSE<\/strong><\/p>\n\n\n\n<p>Originaire de Port-Margot, commune du d\u00e9partement du Nord d\u2019Ha\u00efti, Jumel PLUVIOSE est un intellectuel ha\u00eftien passionn\u00e9 par les sciences politiques, la communication strat\u00e9gique et les dynamiques g\u00e9opolitiques contemporaines. Il vit aux \u00c9tats-Unis depuis plusieurs d\u00e9cennies. Infirmier, professeur, influenceur et observateur attentif de la sc\u00e8ne internationale, il se distingue par ses r\u00e9flexions sur les figures majeures qui influencent le cours de l\u2019histoire ha\u00eftienne et mondiale.<\/p>\n\n\n\n<p>En 2025, il publie son premier ouvrage intitul\u00e9&nbsp;<em>Donald J. Trump : Le g\u00e9nie innovateur sculptant un h\u00e9ritage ind\u00e9l\u00e9bile<\/em>, un essai dans lequel il propose une lecture originale du parcours de l\u2019ancien pr\u00e9sident am\u00e9ricain. \u00c0 travers ce livre, l\u2019auteur s\u2019efforce de d\u00e9passer les polarisations id\u00e9ologiques pour analyser, avec rigueur et objectivit\u00e9, les strat\u00e9gies et l\u2019impact politique de Donald Trump.<\/p>\n\n\n\n<p>Jumel PLUVIOSE se positionne comme une voix \u00e9mergente dans le d\u00e9bat intellectuel ha\u00eftien et international. Il ambitionne de contribuer \u00e0 l\u2019\u00e9l\u00e9vation du discours critique, tout en encourageant les jeunes penseurs ha\u00eftiens \u00e0 produire et diffuser leurs id\u00e9es.<\/p>\n\n\n\n<p>Sur sa cha\u00eene YouTube&nbsp;<em>CivicAct<\/em>, depuis New York, Jumel PLUVIOSE pr\u00e9sente des vid\u00e9os \u00e0 caract\u00e8re instructif et \u00e9ducationnel afin d\u2019aider dans les premiers soins.<\/p>\n\n\n\n<hr class=\"wp-block-separator has-alpha-channel-opacity\"\/>\n\n\n\n<p><strong>Dans le monde universitaire<\/strong><\/p>\n\n\n\n<p>\u2022\u2060&nbsp;&nbsp;\u2060<strong>Edelyn DORISMOND<\/strong>, docteur en Philosophie, professeur et chercheur universitaire, est l\u2019auteur d\u2019une \u0153uvre intellectuelle riche et prolifique.<\/p>\n\n\n\n<p>Ses publications :<\/p>\n\n\n\n<p>\u2013 2012.&nbsp;<em>L\u2019\u00e8re du m\u00e9tissage. Variations sur la cr\u00e9olisation : politique, \u00e9thique et philosophie de la diversalit\u00e9<\/em>. Paris : Anibw\u00e9.<\/p>\n\n\n\n<p>\u2013 2009. \u00ab La cr\u00e9olisation de la politique, la politique de la cr\u00e9olisation : penser un \u201cim-pens\u00e9\u201d dans l\u2019\u0153uvre d\u2019Edouard Glissant \u00bb.&nbsp;<em>Revue Sens Public<\/em>, n\u00b011\/12,&nbsp;<em>Malaise dans le capitalisme<\/em>.<\/p>\n\n\n\n<p>\u2013 2012. \u00ab Exister dans les catastrophes. Souffrance et identit\u00e9 \u00bb, communication pr\u00e9sent\u00e9e au colloque&nbsp;<em>Ha\u00efti, des lendemains qui tremblent<\/em>, Jean-Daniel Rainhord (Dir.),&nbsp;<em>Ha\u00efti. R\u00e9inventer l\u2019avenir<\/em>, Paris, Maison des Sciences de l\u2019Homme et Presses de l\u2019Universit\u00e9 d\u2019\u00c9tat d\u2019Ha\u00efti.<\/p>\n\n\n\n<p>\u2013 2010. \u00ab Le Cr\u00e9ole ha\u00eftien dans le devenir-monde de la mondialisation \u00bb,&nbsp;<em>Revue \u00c9tudes Cr\u00e9oles<\/em>, \u00c0 propos d\u2019Ha\u00efti, Paris, L\u2019Harmattan, janvier 2010.<\/p>\n\n\n\n<p>\u2013 2013. \u00ab Les figures de la diversit\u00e9 antillaise. Esquisse d\u2019une \u201cphilosophie politique de la diversalit\u00e9\u201d \u00bb, Georges Navet et Susana Villavicencio (Dir.),&nbsp;<em>Les figures de l\u2019h\u00e9t\u00e9rog\u00e9n\u00e9it\u00e9 et diversit\u00e9 culturelle<\/em>, Paris, L\u2019Harmattan, janvier 2013.<\/p>\n\n\n\n<p>\u2013 \u00ab Comment Deleuze et Derrida voyagent dans la pens\u00e9e glissantienne de la cr\u00e9olisation \u00bb,&nbsp;<em>Revue Rue Descartes<\/em>, n\u00b078, p. 34-47.<\/p>\n\n\n\n<p>\u2013 2014. \u00ab Ph\u00e9nom\u00e9nologie de la terre et anthropologie philosophique des cons\u00e9quences du s\u00e9isme \u00bb, La\u00ebnnec Hurbon (Dir.),&nbsp;<em>Catastrophes et environnement. Ha\u00efti, s\u00e9isme du 12 janvier 2010<\/em>, Paris, EHESS, 2014.<\/p>\n\n\n\n<p>\u2013 2013. \u00ab La cr\u00e9olisation est-elle une philosophie de l\u2019histoire ? Histoire coloniale des Antilles, mondialisation et mondialit\u00e9 \u00bb,&nbsp;<em>Les Anneaux de la M\u00e9moire<\/em>, 2013.<\/p>\n\n\n\n<hr class=\"wp-block-separator has-alpha-channel-opacity\"\/>\n\n\n\n<p>Une belle collection d\u2019esprits pouvant inspirer les jeunes de la commune de Port-Margot. Le Salon du Livre et des Arts du Grand Nord d\u2019Ha\u00efti, l\u2019\u00c9mission&nbsp;<em>N AP LI<\/em>, l\u2019Observatoire Patrimoine et l\u2019\u00c9mission&nbsp;<em>Foyer de l\u2019Excellence<\/em>&nbsp;vous invitent \u00e0 vous procurer des ouvrages de ces auteurs. Venez d\u00e9couvrir l\u2019univers de ce premier groupe de cr\u00e9ateurs originaires de Port-Margot, l\u2019une des plus belles communes d\u2019Ha\u00efti.<\/p>\n\n\n\n<p>Il\u00e9us PAPILLON<\/p>\n\n    <div class=\"xs_social_share_widget xs_share_url after_content \t\tmain_content  wslu-style-3 wslu-share-box-shaped wslu-fill-brand-hover-colored wslu-share-m-5 wslu-none wslu-share-horizontal wslu-theme-font-no wslu-main_content\">\n\n\t\t\n        <ul>\n\t\t\t                    <li class=\"xs-share-li twitter                        wslu-no-extra-data\">\n                        <a href=\"javascript:void(0);\"\n                           id=\"xs_feed_twitter\"\n                           onclick=\"xs_social_sharer(this);\"\n                           data-pid=\"4164\"\n                           data-uri_hash=\"f9f666730453633aae5f88099fda45ef\"\n                           data-key=\"twitter\"\n                           data-xs-href=\"https:\/\/twitter.com\/intent\/tweet?text=Port-Margot+et+ses+auteurs+https%3A%2F%2Fvelipost.com%2Findex.php%3Frest_route%3D%252Fwp%252Fv2%252Fposts%252F4164&amp;original_referer=https%3A%2F%2Fvelipost.com%2Findex.php%3Frest_route%3D%252Fwp%252Fv2%252Fposts%252F4164&amp;related=xpeedstudio\">\n\n                            <div class=\"xs-social-icon\">\n                                <span class=\"met-social met-social-twitter\"><\/span>\n                            <\/div>\n\n\t\t\t\t\t\t\t\n                            <div class=\"wslu-hover-content\">\n                                <div class=\"xs-social-followers\">\n\t\t\t\t\t\t\t\t\t10                                <\/div>\n                                <div class=\"xs-social-follower-text\">\n\t\t\t\t\t\t\t\t\tShare                                <\/div>\n                                <div class=\"xs-social-follower-label\">\n\t\t\t\t\t\t\t\t\tTwitter                                <\/div>\n                            <\/div>\n                        <\/a>\n                    <\/li>\n\t\t\t\t\t                    <li class=\"xs-share-li telegram                        wslu-no-extra-data\">\n                        <a href=\"javascript:void(0);\"\n                           id=\"xs_feed_telegram\"\n                           onclick=\"xs_social_sharer(this);\"\n                           data-pid=\"4164\"\n                           data-uri_hash=\"f9f666730453633aae5f88099fda45ef\"\n                           data-key=\"telegram\"\n                           data-xs-href=\"https:\/\/telegram.me\/share\/url?url=https%3A%2F%2Fvelipost.com%2Findex.php%3Frest_route%3D%252Fwp%252Fv2%252Fposts%252F4164&amp;text=Port-Margot+et+ses+auteurs\">\n\n                            <div class=\"xs-social-icon\">\n                                <span class=\"met-social met-social-telegram\"><\/span>\n                            <\/div>\n\n\t\t\t\t\t\t\t\n                            <div class=\"wslu-hover-content\">\n                                <div class=\"xs-social-followers\">\n\t\t\t\t\t\t\t\t\t0                                <\/div>\n                                <div class=\"xs-social-follower-text\">\n\t\t\t\t\t\t\t\t\tShare                                <\/div>\n                                <div class=\"xs-social-follower-label\">\n\t\t\t\t\t\t\t\t\tTelegram                                <\/div>\n                            <\/div>\n                        <\/a>\n                    <\/li>\n\t\t\t\t\t                    <li class=\"xs-share-li email                        wslu-no-extra-data\">\n                        <a href=\"javascript:void(0);\"\n                           id=\"xs_feed_email\"\n                           onclick=\"xs_social_sharer(this);\"\n                           data-pid=\"4164\"\n                           data-uri_hash=\"f9f666730453633aae5f88099fda45ef\"\n                           data-key=\"email\"\n                           data-xs-href=\"mailto:?body=Title%3A+Port-Margot+et+ses+auteurs+%5Cn%5Cn+URL%3A+https%3A%2F%2Fvelipost.com%2Findex.php%3Frest_route%3D%252Fwp%252Fv2%252Fposts%252F4164&amp;subject=Port-Margot+et+ses+auteurs\">\n\n                            <div class=\"xs-social-icon\">\n                                <span class=\"met-social met-social-email\"><\/span>\n                            <\/div>\n\n\t\t\t\t\t\t\t\n                            <div class=\"wslu-hover-content\">\n                                <div class=\"xs-social-followers\">\n\t\t\t\t\t\t\t\t\t0                                <\/div>\n                                <div class=\"xs-social-follower-text\">\n\t\t\t\t\t\t\t\t\tShare                                <\/div>\n                                <div class=\"xs-social-follower-label\">\n\t\t\t\t\t\t\t\t\tEmail                                <\/div>\n                            <\/div>\n                        <\/a>\n                    <\/li>\n\t\t\t\t\t        <\/ul>\n    <\/div> \n","protected":false},"excerpt":{"rendered":"<p>Port-Margot, commune historique et culturelle du Nord d\u2019Ha\u00efti, voit \u00e9merger une nouvelle vague de plumes. Ces jeunes auteurs se distinguent par la diversit\u00e9 de<\/p>\n","protected":false},"author":1,"featured_media":4165,"comment_status":"open","ping_status":"open","sticky":false,"template":"","format":"standard","meta":{"_uag_custom_page_level_css":"","footnotes":"","jetpack_publicize_message":"","jetpack_publicize_feature_enabled":true,"jetpack_social_post_already_shared":true,"jetpack_social_options":{"image_generator_settings":{"template":"highway","default_image_id":0,"font":"","enabled":false},"version":2}},"categories":[54],"tags":[],"class_list":["post-4164","post","type-post","status-publish","format-standard","has-post-thumbnail","hentry","category-culture"],"yoast_head":"<!-- This site is optimized with the Yoast SEO plugin v25.3.1 - https:\/\/yoast.com\/wordpress\/plugins\/seo\/ -->\n<title>Port-Margot et ses auteurs &#8211; VeliPost<\/title>\n<meta name=\"robots\" content=\"index, follow, max-snippet:-1, max-image-preview:large, max-video-preview:-1\" \/>\n<link rel=\"canonical\" href=\"https:\/\/velipost.com\/?p=4164\" \/>\n<meta property=\"og:locale\" content=\"fr_FR\" \/>\n<meta property=\"og:type\" content=\"article\" \/>\n<meta property=\"og:title\" content=\"Port-Margot et ses auteurs &#8211; VeliPost\" \/>\n<meta property=\"og:description\" content=\"Port-Margot, commune historique et culturelle du Nord d\u2019Ha\u00efti, voit \u00e9merger une nouvelle vague de plumes. Ces jeunes auteurs se distinguent par la diversit\u00e9 de\" \/>\n<meta property=\"og:url\" content=\"https:\/\/velipost.com\/?p=4164\" \/>\n<meta property=\"og:site_name\" content=\"VeliPost\" \/>\n<meta property=\"article:publisher\" content=\"https:\/\/www.facebook.com\/veliposthaiti\" \/>\n<meta property=\"article:published_time\" content=\"2025-09-14T00:49:02+00:00\" \/>\n<meta property=\"article:modified_time\" content=\"2025-09-14T00:50:11+00:00\" \/>\n<meta property=\"og:image\" content=\"https:\/\/velipost.com\/wp-content\/uploads\/2025\/09\/Cover-VP-6.jpg\" \/>\n\t<meta property=\"og:image:width\" content=\"1170\" \/>\n\t<meta property=\"og:image:height\" content=\"603\" \/>\n\t<meta property=\"og:image:type\" content=\"image\/jpeg\" \/>\n<meta name=\"author\" content=\"VeliPost\" \/>\n<meta name=\"twitter:card\" content=\"summary_large_image\" \/>\n<meta name=\"twitter:creator\" content=\"@veliposthaiti\" \/>\n<meta name=\"twitter:site\" content=\"@veliposthaiti\" \/>\n<meta name=\"twitter:label1\" content=\"\u00c9crit par\" \/>\n\t<meta name=\"twitter:data1\" content=\"VeliPost\" \/>\n\t<meta name=\"twitter:label2\" content=\"Dur\u00e9e de lecture estim\u00e9e\" \/>\n\t<meta name=\"twitter:data2\" content=\"7 minutes\" \/>\n<script type=\"application\/ld+json\" class=\"yoast-schema-graph\">{\"@context\":\"https:\/\/schema.org\",\"@graph\":[{\"@type\":\"Article\",\"@id\":\"https:\/\/velipost.com\/?p=4164#article\",\"isPartOf\":{\"@id\":\"https:\/\/velipost.com\/?p=4164\"},\"author\":{\"name\":\"VeliPost\",\"@id\":\"https:\/\/velipost.com\/#\/schema\/person\/32ff49a53c9c1bb24302ee8ece058096\"},\"headline\":\"Port-Margot et ses auteurs\",\"datePublished\":\"2025-09-14T00:49:02+00:00\",\"dateModified\":\"2025-09-14T00:50:11+00:00\",\"mainEntityOfPage\":{\"@id\":\"https:\/\/velipost.com\/?p=4164\"},\"wordCount\":1484,\"commentCount\":0,\"publisher\":{\"@id\":\"https:\/\/velipost.com\/#organization\"},\"image\":{\"@id\":\"https:\/\/velipost.com\/?p=4164#primaryimage\"},\"thumbnailUrl\":\"https:\/\/velipost.com\/wp-content\/uploads\/2025\/09\/Cover-VP-6.jpg\",\"articleSection\":[\"Culture\"],\"inLanguage\":\"fr-FR\",\"potentialAction\":[{\"@type\":\"CommentAction\",\"name\":\"Comment\",\"target\":[\"https:\/\/velipost.com\/?p=4164#respond\"]}]},{\"@type\":\"WebPage\",\"@id\":\"https:\/\/velipost.com\/?p=4164\",\"url\":\"https:\/\/velipost.com\/?p=4164\",\"name\":\"Port-Margot et ses auteurs &#8211; VeliPost\",\"isPartOf\":{\"@id\":\"https:\/\/velipost.com\/#website\"},\"primaryImageOfPage\":{\"@id\":\"https:\/\/velipost.com\/?p=4164#primaryimage\"},\"image\":{\"@id\":\"https:\/\/velipost.com\/?p=4164#primaryimage\"},\"thumbnailUrl\":\"https:\/\/velipost.com\/wp-content\/uploads\/2025\/09\/Cover-VP-6.jpg\",\"datePublished\":\"2025-09-14T00:49:02+00:00\",\"dateModified\":\"2025-09-14T00:50:11+00:00\",\"breadcrumb\":{\"@id\":\"https:\/\/velipost.com\/?p=4164#breadcrumb\"},\"inLanguage\":\"fr-FR\",\"potentialAction\":[{\"@type\":\"ReadAction\",\"target\":[\"https:\/\/velipost.com\/?p=4164\"]}]},{\"@type\":\"ImageObject\",\"inLanguage\":\"fr-FR\",\"@id\":\"https:\/\/velipost.com\/?p=4164#primaryimage\",\"url\":\"https:\/\/velipost.com\/wp-content\/uploads\/2025\/09\/Cover-VP-6.jpg\",\"contentUrl\":\"https:\/\/velipost.com\/wp-content\/uploads\/2025\/09\/Cover-VP-6.jpg\",\"width\":1170,\"height\":603},{\"@type\":\"BreadcrumbList\",\"@id\":\"https:\/\/velipost.com\/?p=4164#breadcrumb\",\"itemListElement\":[{\"@type\":\"ListItem\",\"position\":1,\"name\":\"Accueil\",\"item\":\"https:\/\/velipost.com\/\"},{\"@type\":\"ListItem\",\"position\":2,\"name\":\"Port-Margot et ses auteurs\"}]},{\"@type\":\"WebSite\",\"@id\":\"https:\/\/velipost.com\/#website\",\"url\":\"https:\/\/velipost.com\/\",\"name\":\"VeliPost\",\"description\":\"L\u2019info en un clic\",\"publisher\":{\"@id\":\"https:\/\/velipost.com\/#organization\"},\"potentialAction\":[{\"@type\":\"SearchAction\",\"target\":{\"@type\":\"EntryPoint\",\"urlTemplate\":\"https:\/\/velipost.com\/?s={search_term_string}\"},\"query-input\":{\"@type\":\"PropertyValueSpecification\",\"valueRequired\":true,\"valueName\":\"search_term_string\"}}],\"inLanguage\":\"fr-FR\"},{\"@type\":\"Organization\",\"@id\":\"https:\/\/velipost.com\/#organization\",\"name\":\"VeliPost\",\"url\":\"https:\/\/velipost.com\/\",\"logo\":{\"@type\":\"ImageObject\",\"inLanguage\":\"fr-FR\",\"@id\":\"https:\/\/velipost.com\/#\/schema\/logo\/image\/\",\"url\":\"https:\/\/velipost.com\/wp-content\/uploads\/2024\/08\/cropped-VP-logo-piti.png\",\"contentUrl\":\"https:\/\/velipost.com\/wp-content\/uploads\/2024\/08\/cropped-VP-logo-piti.png\",\"width\":201,\"height\":69,\"caption\":\"VeliPost\"},\"image\":{\"@id\":\"https:\/\/velipost.com\/#\/schema\/logo\/image\/\"},\"sameAs\":[\"https:\/\/www.facebook.com\/veliposthaiti\",\"https:\/\/x.com\/veliposthaiti\",\"https:\/\/www.instagram.com\/veliposthaiti\"]},{\"@type\":\"Person\",\"@id\":\"https:\/\/velipost.com\/#\/schema\/person\/32ff49a53c9c1bb24302ee8ece058096\",\"name\":\"VeliPost\",\"image\":{\"@type\":\"ImageObject\",\"inLanguage\":\"fr-FR\",\"@id\":\"https:\/\/velipost.com\/#\/schema\/person\/image\/\",\"url\":\"https:\/\/secure.gravatar.com\/avatar\/57c226c264de62f794185a89596d4a37b85a5ad20aca30d9d5a478b27d8c8d9d?s=96&d=mm&r=g\",\"contentUrl\":\"https:\/\/secure.gravatar.com\/avatar\/57c226c264de62f794185a89596d4a37b85a5ad20aca30d9d5a478b27d8c8d9d?s=96&d=mm&r=g\",\"caption\":\"VeliPost\"},\"sameAs\":[\"https:\/\/velipost.com\"],\"url\":\"https:\/\/velipost.com\/?author=1\"}]}<\/script>\n<!-- \/ Yoast SEO plugin. -->","yoast_head_json":{"title":"Port-Margot et ses auteurs &#8211; VeliPost","robots":{"index":"index","follow":"follow","max-snippet":"max-snippet:-1","max-image-preview":"max-image-preview:large","max-video-preview":"max-video-preview:-1"},"canonical":"https:\/\/velipost.com\/?p=4164","og_locale":"fr_FR","og_type":"article","og_title":"Port-Margot et ses auteurs &#8211; VeliPost","og_description":"Port-Margot, commune historique et culturelle du Nord d\u2019Ha\u00efti, voit \u00e9merger une nouvelle vague de plumes. Ces jeunes auteurs se distinguent par la diversit\u00e9 de","og_url":"https:\/\/velipost.com\/?p=4164","og_site_name":"VeliPost","article_publisher":"https:\/\/www.facebook.com\/veliposthaiti","article_published_time":"2025-09-14T00:49:02+00:00","article_modified_time":"2025-09-14T00:50:11+00:00","og_image":[{"width":1170,"height":603,"url":"https:\/\/velipost.com\/wp-content\/uploads\/2025\/09\/Cover-VP-6.jpg","type":"image\/jpeg"}],"author":"VeliPost","twitter_card":"summary_large_image","twitter_creator":"@veliposthaiti","twitter_site":"@veliposthaiti","twitter_misc":{"\u00c9crit par":"VeliPost","Dur\u00e9e de lecture estim\u00e9e":"7 minutes"},"schema":{"@context":"https:\/\/schema.org","@graph":[{"@type":"Article","@id":"https:\/\/velipost.com\/?p=4164#article","isPartOf":{"@id":"https:\/\/velipost.com\/?p=4164"},"author":{"name":"VeliPost","@id":"https:\/\/velipost.com\/#\/schema\/person\/32ff49a53c9c1bb24302ee8ece058096"},"headline":"Port-Margot et ses auteurs","datePublished":"2025-09-14T00:49:02+00:00","dateModified":"2025-09-14T00:50:11+00:00","mainEntityOfPage":{"@id":"https:\/\/velipost.com\/?p=4164"},"wordCount":1484,"commentCount":0,"publisher":{"@id":"https:\/\/velipost.com\/#organization"},"image":{"@id":"https:\/\/velipost.com\/?p=4164#primaryimage"},"thumbnailUrl":"https:\/\/velipost.com\/wp-content\/uploads\/2025\/09\/Cover-VP-6.jpg","articleSection":["Culture"],"inLanguage":"fr-FR","potentialAction":[{"@type":"CommentAction","name":"Comment","target":["https:\/\/velipost.com\/?p=4164#respond"]}]},{"@type":"WebPage","@id":"https:\/\/velipost.com\/?p=4164","url":"https:\/\/velipost.com\/?p=4164","name":"Port-Margot et ses auteurs &#8211; VeliPost","isPartOf":{"@id":"https:\/\/velipost.com\/#website"},"primaryImageOfPage":{"@id":"https:\/\/velipost.com\/?p=4164#primaryimage"},"image":{"@id":"https:\/\/velipost.com\/?p=4164#primaryimage"},"thumbnailUrl":"https:\/\/velipost.com\/wp-content\/uploads\/2025\/09\/Cover-VP-6.jpg","datePublished":"2025-09-14T00:49:02+00:00","dateModified":"2025-09-14T00:50:11+00:00","breadcrumb":{"@id":"https:\/\/velipost.com\/?p=4164#breadcrumb"},"inLanguage":"fr-FR","potentialAction":[{"@type":"ReadAction","target":["https:\/\/velipost.com\/?p=4164"]}]},{"@type":"ImageObject","inLanguage":"fr-FR","@id":"https:\/\/velipost.com\/?p=4164#primaryimage","url":"https:\/\/velipost.com\/wp-content\/uploads\/2025\/09\/Cover-VP-6.jpg","contentUrl":"https:\/\/velipost.com\/wp-content\/uploads\/2025\/09\/Cover-VP-6.jpg","width":1170,"height":603},{"@type":"BreadcrumbList","@id":"https:\/\/velipost.com\/?p=4164#breadcrumb","itemListElement":[{"@type":"ListItem","position":1,"name":"Accueil","item":"https:\/\/velipost.com\/"},{"@type":"ListItem","position":2,"name":"Port-Margot et ses auteurs"}]},{"@type":"WebSite","@id":"https:\/\/velipost.com\/#website","url":"https:\/\/velipost.com\/","name":"VeliPost","description":"L\u2019info en un clic","publisher":{"@id":"https:\/\/velipost.com\/#organization"},"potentialAction":[{"@type":"SearchAction","target":{"@type":"EntryPoint","urlTemplate":"https:\/\/velipost.com\/?s={search_term_string}"},"query-input":{"@type":"PropertyValueSpecification","valueRequired":true,"valueName":"search_term_string"}}],"inLanguage":"fr-FR"},{"@type":"Organization","@id":"https:\/\/velipost.com\/#organization","name":"VeliPost","url":"https:\/\/velipost.com\/","logo":{"@type":"ImageObject","inLanguage":"fr-FR","@id":"https:\/\/velipost.com\/#\/schema\/logo\/image\/","url":"https:\/\/velipost.com\/wp-content\/uploads\/2024\/08\/cropped-VP-logo-piti.png","contentUrl":"https:\/\/velipost.com\/wp-content\/uploads\/2024\/08\/cropped-VP-logo-piti.png","width":201,"height":69,"caption":"VeliPost"},"image":{"@id":"https:\/\/velipost.com\/#\/schema\/logo\/image\/"},"sameAs":["https:\/\/www.facebook.com\/veliposthaiti","https:\/\/x.com\/veliposthaiti","https:\/\/www.instagram.com\/veliposthaiti"]},{"@type":"Person","@id":"https:\/\/velipost.com\/#\/schema\/person\/32ff49a53c9c1bb24302ee8ece058096","name":"VeliPost","image":{"@type":"ImageObject","inLanguage":"fr-FR","@id":"https:\/\/velipost.com\/#\/schema\/person\/image\/","url":"https:\/\/secure.gravatar.com\/avatar\/57c226c264de62f794185a89596d4a37b85a5ad20aca30d9d5a478b27d8c8d9d?s=96&d=mm&r=g","contentUrl":"https:\/\/secure.gravatar.com\/avatar\/57c226c264de62f794185a89596d4a37b85a5ad20aca30d9d5a478b27d8c8d9d?s=96&d=mm&r=g","caption":"VeliPost"},"sameAs":["https:\/\/velipost.com"],"url":"https:\/\/velipost.com\/?author=1"}]}},"views":3,"jetpack_publicize_connections":[],"uagb_featured_image_src":{"full":["https:\/\/velipost.com\/wp-content\/uploads\/2025\/09\/Cover-VP-6.jpg",1170,603,false],"thumbnail":["https:\/\/velipost.com\/wp-content\/uploads\/2025\/09\/Cover-VP-6-150x150.jpg",150,150,true],"medium":["https:\/\/velipost.com\/wp-content\/uploads\/2025\/09\/Cover-VP-6-300x155.jpg",300,155,true],"medium_large":["https:\/\/velipost.com\/wp-content\/uploads\/2025\/09\/Cover-VP-6-768x396.jpg",715,369,true],"large":["https:\/\/velipost.com\/wp-content\/uploads\/2025\/09\/Cover-VP-6-1024x528.jpg",715,369,true],"1536x1536":["https:\/\/velipost.com\/wp-content\/uploads\/2025\/09\/Cover-VP-6.jpg",1170,603,false],"2048x2048":["https:\/\/velipost.com\/wp-content\/uploads\/2025\/09\/Cover-VP-6.jpg",1170,603,false],"colornews-big-slider":["https:\/\/velipost.com\/wp-content\/uploads\/2025\/09\/Cover-VP-6-1070x470.jpg",1070,470,true],"colornews-big-slider-thumb":["https:\/\/velipost.com\/wp-content\/uploads\/2025\/09\/Cover-VP-6-184x109.jpg",184,109,true],"colornews-featured-post-medium":["https:\/\/velipost.com\/wp-content\/uploads\/2025\/09\/Cover-VP-6-345x265.jpg",345,265,true],"colornews-featured-post-small":["https:\/\/velipost.com\/wp-content\/uploads\/2025\/09\/Cover-VP-6-115x73.jpg",115,73,true],"colornews-random-posts":["https:\/\/velipost.com\/wp-content\/uploads\/2025\/09\/Cover-VP-6-215x215.jpg",215,215,true],"colornews-featured-image":["https:\/\/velipost.com\/wp-content\/uploads\/2025\/09\/Cover-VP-6-715x400.jpg",715,400,true],"mailpoet_newsletter_max":["https:\/\/velipost.com\/wp-content\/uploads\/2025\/09\/Cover-VP-6.jpg",1170,603,false]},"uagb_author_info":{"display_name":"VeliPost","author_link":"https:\/\/velipost.com\/?author=1"},"uagb_comment_info":1,"uagb_excerpt":"Port-Margot, commune historique et culturelle du Nord d\u2019Ha\u00efti, voit \u00e9merger une nouvelle vague de plumes. Ces jeunes auteurs se distinguent par la diversit\u00e9 de","_links":{"self":[{"href":"https:\/\/velipost.com\/index.php?rest_route=\/wp\/v2\/posts\/4164","targetHints":{"allow":["GET"]}}],"collection":[{"href":"https:\/\/velipost.com\/index.php?rest_route=\/wp\/v2\/posts"}],"about":[{"href":"https:\/\/velipost.com\/index.php?rest_route=\/wp\/v2\/types\/post"}],"author":[{"embeddable":true,"href":"https:\/\/velipost.com\/index.php?rest_route=\/wp\/v2\/users\/1"}],"replies":[{"embeddable":true,"href":"https:\/\/velipost.com\/index.php?rest_route=%2Fwp%2Fv2%2Fcomments&post=4164"}],"version-history":[{"count":2,"href":"https:\/\/velipost.com\/index.php?rest_route=\/wp\/v2\/posts\/4164\/revisions"}],"predecessor-version":[{"id":4168,"href":"https:\/\/velipost.com\/index.php?rest_route=\/wp\/v2\/posts\/4164\/revisions\/4168"}],"wp:featuredmedia":[{"embeddable":true,"href":"https:\/\/velipost.com\/index.php?rest_route=\/wp\/v2\/media\/4165"}],"wp:attachment":[{"href":"https:\/\/velipost.com\/index.php?rest_route=%2Fwp%2Fv2%2Fmedia&parent=4164"}],"wp:term":[{"taxonomy":"category","embeddable":true,"href":"https:\/\/velipost.com\/index.php?rest_route=%2Fwp%2Fv2%2Fcategories&post=4164"},{"taxonomy":"post_tag","embeddable":true,"href":"https:\/\/velipost.com\/index.php?rest_route=%2Fwp%2Fv2%2Ftags&post=4164"}],"curies":[{"name":"wp","href":"https:\/\/api.w.org\/{rel}","templated":true}]}}