{"id":4149,"date":"2025-09-11T04:08:33","date_gmt":"2025-09-11T02:08:33","guid":{"rendered":"https:\/\/velipost.com\/?p=4149"},"modified":"2025-09-11T04:08:36","modified_gmt":"2025-09-11T02:08:36","slug":"le-cpt-et-gouvernement-haitien-se-mobilisent-pour-une-rentree-scolaire-reussie","status":"publish","type":"post","link":"https:\/\/velipost.com\/?p=4149","title":{"rendered":"Le CPT et Gouvernement ha\u00eftien se mobilisent pour une rentr\u00e9e scolaire r\u00e9ussie"},"content":{"rendered":"\n<p>Le Pr\u00e9sident du Conseil Pr\u00e9sidentiel de Transition (CPT), Laurent SAINT-CYR, et le Premier ministre, Alix Didier FILS-AIM\u00c9, ont tenu une r\u00e9union de travail avec les responsables de plusieurs institutions publiques pour pr\u00e9parer la rentr\u00e9e scolaire.<\/p>\n\n\n\n<p>\u00c9taient pr\u00e9sents des repr\u00e9sentants du Minist\u00e8re de l\u2019\u00c9ducation nationale et de la Formation professionnelle (MENFP), du Minist\u00e8re des Affaires sociales et du Travail (MAST), du Minist\u00e8re des Travaux publics, Transports et Communications (MTPTC), du Minist\u00e8re de la Jeunesse, des Sports et de l\u2019Action civique (MJSAC), ainsi que du Fonds national de l\u2019\u00c9ducation (FNE), du Programme national de Cantines scolaires (PNCS) et du Fonds d\u2019assistance \u00e9conomique et sociale (FAES).<\/p>\n\n\n\n<p>Plusieurs d\u00e9cisions ont \u00e9t\u00e9 adopt\u00e9es \u00e0 l\u2019issue de la rencontre. Parmi elles : le soutien aux familles d\u00e9plac\u00e9es pour lib\u00e9rer les \u00e9tablissements scolaires, la r\u00e9habilitation d\u2019infrastructures endommag\u00e9es et la mise \u00e0 disposition effective de la cantine scolaire pour la nouvelle ann\u00e9e acad\u00e9mique.<\/p>\n\n\n\n<p>Le CPT et le Gouvernement r\u00e9affirment leur engagement \u00e0 soutenir les plus vuln\u00e9rables et \u00e0 garantir le droit fondamental \u00e0 l\u2019\u00e9ducation pour chaque enfant ha\u00eftien. Ces mesures s\u2019inscrivent dans une volont\u00e9 de s\u00e9curiser et d\u2019am\u00e9liorer l\u2019acc\u00e8s \u00e0 l\u2019\u00e9cole, \u00e9tape essentielle pour b\u00e2tir un avenir meilleur pour le pays.<\/p>\n\n    <div class=\"xs_social_share_widget xs_share_url after_content \t\tmain_content  wslu-style-3 wslu-share-box-shaped wslu-fill-brand-hover-colored wslu-share-m-5 wslu-none wslu-share-horizontal wslu-theme-font-no wslu-main_content\">\n\n\t\t\n        <ul>\n\t\t\t                    <li class=\"xs-share-li twitter                        wslu-no-extra-data\">\n                        <a href=\"javascript:void(0);\"\n                           id=\"xs_feed_twitter\"\n                           onclick=\"xs_social_sharer(this);\"\n                           data-pid=\"4149\"\n                           data-uri_hash=\"4e4f950fe7e46235130bcb0ad472f46f\"\n                           data-key=\"twitter\"\n                           data-xs-href=\"https:\/\/twitter.com\/intent\/tweet?text=Le+CPT+et+Gouvernement+ha%C3%AFtien+se+mobilisent+pour+une+rentr%C3%A9e+scolaire+r%C3%A9ussie+https%3A%2F%2Fvelipost.com%2Findex.php%3Frest_route%3D%252Fwp%252Fv2%252Fposts%252F4149&amp;original_referer=https%3A%2F%2Fvelipost.com%2Findex.php%3Frest_route%3D%252Fwp%252Fv2%252Fposts%252F4149&amp;related=xpeedstudio\">\n\n                            <div class=\"xs-social-icon\">\n                                <span class=\"met-social met-social-twitter\"><\/span>\n                            <\/div>\n\n\t\t\t\t\t\t\t\n                            <div class=\"wslu-hover-content\">\n                                <div class=\"xs-social-followers\">\n\t\t\t\t\t\t\t\t\t10                                <\/div>\n                                <div class=\"xs-social-follower-text\">\n\t\t\t\t\t\t\t\t\tShare                                <\/div>\n                                <div class=\"xs-social-follower-label\">\n\t\t\t\t\t\t\t\t\tTwitter                                <\/div>\n                            <\/div>\n                        <\/a>\n                    <\/li>\n\t\t\t\t\t                    <li class=\"xs-share-li telegram                        wslu-no-extra-data\">\n                        <a href=\"javascript:void(0);\"\n                           id=\"xs_feed_telegram\"\n                           onclick=\"xs_social_sharer(this);\"\n                           data-pid=\"4149\"\n                           data-uri_hash=\"4e4f950fe7e46235130bcb0ad472f46f\"\n                           data-key=\"telegram\"\n                           data-xs-href=\"https:\/\/telegram.me\/share\/url?url=https%3A%2F%2Fvelipost.com%2Findex.php%3Frest_route%3D%252Fwp%252Fv2%252Fposts%252F4149&amp;text=Le+CPT+et+Gouvernement+ha%C3%AFtien+se+mobilisent+pour+une+rentr%C3%A9e+scolaire+r%C3%A9ussie\">\n\n                            <div class=\"xs-social-icon\">\n                                <span class=\"met-social met-social-telegram\"><\/span>\n                            <\/div>\n\n\t\t\t\t\t\t\t\n                            <div class=\"wslu-hover-content\">\n                                <div class=\"xs-social-followers\">\n\t\t\t\t\t\t\t\t\t0                                <\/div>\n                                <div class=\"xs-social-follower-text\">\n\t\t\t\t\t\t\t\t\tShare                                <\/div>\n                                <div class=\"xs-social-follower-label\">\n\t\t\t\t\t\t\t\t\tTelegram                                <\/div>\n                            <\/div>\n                        <\/a>\n                    <\/li>\n\t\t\t\t\t                    <li class=\"xs-share-li email                        wslu-no-extra-data\">\n                        <a href=\"javascript:void(0);\"\n                           id=\"xs_feed_email\"\n                           onclick=\"xs_social_sharer(this);\"\n                           data-pid=\"4149\"\n                           data-uri_hash=\"4e4f950fe7e46235130bcb0ad472f46f\"\n                           data-key=\"email\"\n                           data-xs-href=\"mailto:?body=Title%3A+Le+CPT+et+Gouvernement+ha%C3%AFtien+se+mobilisent+pour+une+rentr%C3%A9e+scolaire+r%C3%A9ussie+%5Cn%5Cn+URL%3A+https%3A%2F%2Fvelipost.com%2Findex.php%3Frest_route%3D%252Fwp%252Fv2%252Fposts%252F4149&amp;subject=Le+CPT+et+Gouvernement+ha%C3%AFtien+se+mobilisent+pour+une+rentr%C3%A9e+scolaire+r%C3%A9ussie\">\n\n                            <div class=\"xs-social-icon\">\n                                <span class=\"met-social met-social-email\"><\/span>\n                            <\/div>\n\n\t\t\t\t\t\t\t\n                            <div class=\"wslu-hover-content\">\n                                <div class=\"xs-social-followers\">\n\t\t\t\t\t\t\t\t\t0                                <\/div>\n                                <div class=\"xs-social-follower-text\">\n\t\t\t\t\t\t\t\t\tShare                                <\/div>\n                                <div class=\"xs-social-follower-label\">\n\t\t\t\t\t\t\t\t\tEmail                                <\/div>\n                            <\/div>\n                        <\/a>\n                    <\/li>\n\t\t\t\t\t        <\/ul>\n    <\/div> \n","protected":false},"excerpt":{"rendered":"<p>Le Pr\u00e9sident du Conseil Pr\u00e9sidentiel de Transition (CPT), Laurent SAINT-CYR, et le Premier ministre, Alix Didier FILS-AIM\u00c9, ont tenu une r\u00e9union de travail avec<\/p>\n","protected":false},"author":1,"featured_media":4150,"comment_status":"open","ping_status":"open","sticky":false,"template":"","format":"standard","meta":{"_uag_custom_page_level_css":"","footnotes":"","jetpack_publicize_message":"","jetpack_publicize_feature_enabled":true,"jetpack_social_post_already_shared":true,"jetpack_social_options":{"image_generator_settings":{"template":"highway","default_image_id":0,"font":"","enabled":false},"version":2}},"categories":[260],"tags":[],"class_list":["post-4149","post","type-post","status-publish","format-standard","has-post-thumbnail","hentry","category-education"],"yoast_head":"<!-- This site is optimized with the Yoast SEO plugin v25.3.1 - https:\/\/yoast.com\/wordpress\/plugins\/seo\/ -->\n<title>Le CPT et Gouvernement ha\u00eftien se mobilisent pour une rentr\u00e9e scolaire r\u00e9ussie &#8211; VeliPost<\/title>\n<meta name=\"robots\" content=\"index, follow, max-snippet:-1, max-image-preview:large, max-video-preview:-1\" \/>\n<link rel=\"canonical\" href=\"https:\/\/velipost.com\/?p=4149\" \/>\n<meta property=\"og:locale\" content=\"fr_FR\" \/>\n<meta property=\"og:type\" content=\"article\" \/>\n<meta property=\"og:title\" content=\"Le CPT et Gouvernement ha\u00eftien se mobilisent pour une rentr\u00e9e scolaire r\u00e9ussie &#8211; VeliPost\" \/>\n<meta property=\"og:description\" content=\"Le Pr\u00e9sident du Conseil Pr\u00e9sidentiel de Transition (CPT), Laurent SAINT-CYR, et le Premier ministre, Alix Didier FILS-AIM\u00c9, ont tenu une r\u00e9union de travail avec\" \/>\n<meta property=\"og:url\" content=\"https:\/\/velipost.com\/?p=4149\" \/>\n<meta property=\"og:site_name\" content=\"VeliPost\" \/>\n<meta property=\"article:publisher\" content=\"https:\/\/www.facebook.com\/veliposthaiti\" \/>\n<meta property=\"article:published_time\" content=\"2025-09-11T02:08:33+00:00\" \/>\n<meta property=\"article:modified_time\" content=\"2025-09-11T02:08:36+00:00\" \/>\n<meta property=\"og:image\" content=\"https:\/\/velipost.com\/wp-content\/uploads\/2025\/09\/Le-CPT-rentree-scolaire-reussie.jpg\" \/>\n\t<meta property=\"og:image:width\" content=\"1170\" \/>\n\t<meta property=\"og:image:height\" content=\"603\" \/>\n\t<meta property=\"og:image:type\" content=\"image\/jpeg\" \/>\n<meta name=\"author\" content=\"VeliPost\" \/>\n<meta name=\"twitter:card\" content=\"summary_large_image\" \/>\n<meta name=\"twitter:creator\" content=\"@veliposthaiti\" \/>\n<meta name=\"twitter:site\" content=\"@veliposthaiti\" \/>\n<meta name=\"twitter:label1\" content=\"\u00c9crit par\" \/>\n\t<meta name=\"twitter:data1\" content=\"VeliPost\" \/>\n\t<meta name=\"twitter:label2\" content=\"Dur\u00e9e de lecture estim\u00e9e\" \/>\n\t<meta name=\"twitter:data2\" content=\"2 minutes\" \/>\n<script type=\"application\/ld+json\" class=\"yoast-schema-graph\">{\"@context\":\"https:\/\/schema.org\",\"@graph\":[{\"@type\":\"Article\",\"@id\":\"https:\/\/velipost.com\/?p=4149#article\",\"isPartOf\":{\"@id\":\"https:\/\/velipost.com\/?p=4149\"},\"author\":{\"name\":\"VeliPost\",\"@id\":\"https:\/\/velipost.com\/#\/schema\/person\/32ff49a53c9c1bb24302ee8ece058096\"},\"headline\":\"Le CPT et Gouvernement ha\u00eftien se mobilisent pour une rentr\u00e9e scolaire r\u00e9ussie\",\"datePublished\":\"2025-09-11T02:08:33+00:00\",\"dateModified\":\"2025-09-11T02:08:36+00:00\",\"mainEntityOfPage\":{\"@id\":\"https:\/\/velipost.com\/?p=4149\"},\"wordCount\":239,\"commentCount\":0,\"publisher\":{\"@id\":\"https:\/\/velipost.com\/#organization\"},\"image\":{\"@id\":\"https:\/\/velipost.com\/?p=4149#primaryimage\"},\"thumbnailUrl\":\"https:\/\/velipost.com\/wp-content\/uploads\/2025\/09\/Le-CPT-rentree-scolaire-reussie.jpg\",\"articleSection\":[\"Education\"],\"inLanguage\":\"fr-FR\",\"potentialAction\":[{\"@type\":\"CommentAction\",\"name\":\"Comment\",\"target\":[\"https:\/\/velipost.com\/?p=4149#respond\"]}]},{\"@type\":\"WebPage\",\"@id\":\"https:\/\/velipost.com\/?p=4149\",\"url\":\"https:\/\/velipost.com\/?p=4149\",\"name\":\"Le CPT et Gouvernement ha\u00eftien se mobilisent pour une rentr\u00e9e scolaire r\u00e9ussie &#8211; VeliPost\",\"isPartOf\":{\"@id\":\"https:\/\/velipost.com\/#website\"},\"primaryImageOfPage\":{\"@id\":\"https:\/\/velipost.com\/?p=4149#primaryimage\"},\"image\":{\"@id\":\"https:\/\/velipost.com\/?p=4149#primaryimage\"},\"thumbnailUrl\":\"https:\/\/velipost.com\/wp-content\/uploads\/2025\/09\/Le-CPT-rentree-scolaire-reussie.jpg\",\"datePublished\":\"2025-09-11T02:08:33+00:00\",\"dateModified\":\"2025-09-11T02:08:36+00:00\",\"breadcrumb\":{\"@id\":\"https:\/\/velipost.com\/?p=4149#breadcrumb\"},\"inLanguage\":\"fr-FR\",\"potentialAction\":[{\"@type\":\"ReadAction\",\"target\":[\"https:\/\/velipost.com\/?p=4149\"]}]},{\"@type\":\"ImageObject\",\"inLanguage\":\"fr-FR\",\"@id\":\"https:\/\/velipost.com\/?p=4149#primaryimage\",\"url\":\"https:\/\/velipost.com\/wp-content\/uploads\/2025\/09\/Le-CPT-rentree-scolaire-reussie.jpg\",\"contentUrl\":\"https:\/\/velipost.com\/wp-content\/uploads\/2025\/09\/Le-CPT-rentree-scolaire-reussie.jpg\",\"width\":1170,\"height\":603},{\"@type\":\"BreadcrumbList\",\"@id\":\"https:\/\/velipost.com\/?p=4149#breadcrumb\",\"itemListElement\":[{\"@type\":\"ListItem\",\"position\":1,\"name\":\"Accueil\",\"item\":\"https:\/\/velipost.com\/\"},{\"@type\":\"ListItem\",\"position\":2,\"name\":\"Le CPT et Gouvernement ha\u00eftien se mobilisent pour une rentr\u00e9e scolaire r\u00e9ussie\"}]},{\"@type\":\"WebSite\",\"@id\":\"https:\/\/velipost.com\/#website\",\"url\":\"https:\/\/velipost.com\/\",\"name\":\"VeliPost\",\"description\":\"L\u2019info en un clic\",\"publisher\":{\"@id\":\"https:\/\/velipost.com\/#organization\"},\"potentialAction\":[{\"@type\":\"SearchAction\",\"target\":{\"@type\":\"EntryPoint\",\"urlTemplate\":\"https:\/\/velipost.com\/?s={search_term_string}\"},\"query-input\":{\"@type\":\"PropertyValueSpecification\",\"valueRequired\":true,\"valueName\":\"search_term_string\"}}],\"inLanguage\":\"fr-FR\"},{\"@type\":\"Organization\",\"@id\":\"https:\/\/velipost.com\/#organization\",\"name\":\"VeliPost\",\"url\":\"https:\/\/velipost.com\/\",\"logo\":{\"@type\":\"ImageObject\",\"inLanguage\":\"fr-FR\",\"@id\":\"https:\/\/velipost.com\/#\/schema\/logo\/image\/\",\"url\":\"https:\/\/velipost.com\/wp-content\/uploads\/2024\/08\/cropped-VP-logo-piti.png\",\"contentUrl\":\"https:\/\/velipost.com\/wp-content\/uploads\/2024\/08\/cropped-VP-logo-piti.png\",\"width\":201,\"height\":69,\"caption\":\"VeliPost\"},\"image\":{\"@id\":\"https:\/\/velipost.com\/#\/schema\/logo\/image\/\"},\"sameAs\":[\"https:\/\/www.facebook.com\/veliposthaiti\",\"https:\/\/x.com\/veliposthaiti\",\"https:\/\/www.instagram.com\/veliposthaiti\"]},{\"@type\":\"Person\",\"@id\":\"https:\/\/velipost.com\/#\/schema\/person\/32ff49a53c9c1bb24302ee8ece058096\",\"name\":\"VeliPost\",\"image\":{\"@type\":\"ImageObject\",\"inLanguage\":\"fr-FR\",\"@id\":\"https:\/\/velipost.com\/#\/schema\/person\/image\/\",\"url\":\"https:\/\/secure.gravatar.com\/avatar\/57c226c264de62f794185a89596d4a37b85a5ad20aca30d9d5a478b27d8c8d9d?s=96&d=mm&r=g\",\"contentUrl\":\"https:\/\/secure.gravatar.com\/avatar\/57c226c264de62f794185a89596d4a37b85a5ad20aca30d9d5a478b27d8c8d9d?s=96&d=mm&r=g\",\"caption\":\"VeliPost\"},\"sameAs\":[\"https:\/\/velipost.com\"],\"url\":\"https:\/\/velipost.com\/?author=1\"}]}<\/script>\n<!-- \/ Yoast SEO plugin. -->","yoast_head_json":{"title":"Le CPT et Gouvernement ha\u00eftien se mobilisent pour une rentr\u00e9e scolaire r\u00e9ussie &#8211; VeliPost","robots":{"index":"index","follow":"follow","max-snippet":"max-snippet:-1","max-image-preview":"max-image-preview:large","max-video-preview":"max-video-preview:-1"},"canonical":"https:\/\/velipost.com\/?p=4149","og_locale":"fr_FR","og_type":"article","og_title":"Le CPT et Gouvernement ha\u00eftien se mobilisent pour une rentr\u00e9e scolaire r\u00e9ussie &#8211; VeliPost","og_description":"Le Pr\u00e9sident du Conseil Pr\u00e9sidentiel de Transition (CPT), Laurent SAINT-CYR, et le Premier ministre, Alix Didier FILS-AIM\u00c9, ont tenu une r\u00e9union de travail avec","og_url":"https:\/\/velipost.com\/?p=4149","og_site_name":"VeliPost","article_publisher":"https:\/\/www.facebook.com\/veliposthaiti","article_published_time":"2025-09-11T02:08:33+00:00","article_modified_time":"2025-09-11T02:08:36+00:00","og_image":[{"width":1170,"height":603,"url":"https:\/\/velipost.com\/wp-content\/uploads\/2025\/09\/Le-CPT-rentree-scolaire-reussie.jpg","type":"image\/jpeg"}],"author":"VeliPost","twitter_card":"summary_large_image","twitter_creator":"@veliposthaiti","twitter_site":"@veliposthaiti","twitter_misc":{"\u00c9crit par":"VeliPost","Dur\u00e9e de lecture estim\u00e9e":"2 minutes"},"schema":{"@context":"https:\/\/schema.org","@graph":[{"@type":"Article","@id":"https:\/\/velipost.com\/?p=4149#article","isPartOf":{"@id":"https:\/\/velipost.com\/?p=4149"},"author":{"name":"VeliPost","@id":"https:\/\/velipost.com\/#\/schema\/person\/32ff49a53c9c1bb24302ee8ece058096"},"headline":"Le CPT et Gouvernement ha\u00eftien se mobilisent pour une rentr\u00e9e scolaire r\u00e9ussie","datePublished":"2025-09-11T02:08:33+00:00","dateModified":"2025-09-11T02:08:36+00:00","mainEntityOfPage":{"@id":"https:\/\/velipost.com\/?p=4149"},"wordCount":239,"commentCount":0,"publisher":{"@id":"https:\/\/velipost.com\/#organization"},"image":{"@id":"https:\/\/velipost.com\/?p=4149#primaryimage"},"thumbnailUrl":"https:\/\/velipost.com\/wp-content\/uploads\/2025\/09\/Le-CPT-rentree-scolaire-reussie.jpg","articleSection":["Education"],"inLanguage":"fr-FR","potentialAction":[{"@type":"CommentAction","name":"Comment","target":["https:\/\/velipost.com\/?p=4149#respond"]}]},{"@type":"WebPage","@id":"https:\/\/velipost.com\/?p=4149","url":"https:\/\/velipost.com\/?p=4149","name":"Le CPT et Gouvernement ha\u00eftien se mobilisent pour une rentr\u00e9e scolaire r\u00e9ussie &#8211; VeliPost","isPartOf":{"@id":"https:\/\/velipost.com\/#website"},"primaryImageOfPage":{"@id":"https:\/\/velipost.com\/?p=4149#primaryimage"},"image":{"@id":"https:\/\/velipost.com\/?p=4149#primaryimage"},"thumbnailUrl":"https:\/\/velipost.com\/wp-content\/uploads\/2025\/09\/Le-CPT-rentree-scolaire-reussie.jpg","datePublished":"2025-09-11T02:08:33+00:00","dateModified":"2025-09-11T02:08:36+00:00","breadcrumb":{"@id":"https:\/\/velipost.com\/?p=4149#breadcrumb"},"inLanguage":"fr-FR","potentialAction":[{"@type":"ReadAction","target":["https:\/\/velipost.com\/?p=4149"]}]},{"@type":"ImageObject","inLanguage":"fr-FR","@id":"https:\/\/velipost.com\/?p=4149#primaryimage","url":"https:\/\/velipost.com\/wp-content\/uploads\/2025\/09\/Le-CPT-rentree-scolaire-reussie.jpg","contentUrl":"https:\/\/velipost.com\/wp-content\/uploads\/2025\/09\/Le-CPT-rentree-scolaire-reussie.jpg","width":1170,"height":603},{"@type":"BreadcrumbList","@id":"https:\/\/velipost.com\/?p=4149#breadcrumb","itemListElement":[{"@type":"ListItem","position":1,"name":"Accueil","item":"https:\/\/velipost.com\/"},{"@type":"ListItem","position":2,"name":"Le CPT et Gouvernement ha\u00eftien se mobilisent pour une rentr\u00e9e scolaire r\u00e9ussie"}]},{"@type":"WebSite","@id":"https:\/\/velipost.com\/#website","url":"https:\/\/velipost.com\/","name":"VeliPost","description":"L\u2019info en un clic","publisher":{"@id":"https:\/\/velipost.com\/#organization"},"potentialAction":[{"@type":"SearchAction","target":{"@type":"EntryPoint","urlTemplate":"https:\/\/velipost.com\/?s={search_term_string}"},"query-input":{"@type":"PropertyValueSpecification","valueRequired":true,"valueName":"search_term_string"}}],"inLanguage":"fr-FR"},{"@type":"Organization","@id":"https:\/\/velipost.com\/#organization","name":"VeliPost","url":"https:\/\/velipost.com\/","logo":{"@type":"ImageObject","inLanguage":"fr-FR","@id":"https:\/\/velipost.com\/#\/schema\/logo\/image\/","url":"https:\/\/velipost.com\/wp-content\/uploads\/2024\/08\/cropped-VP-logo-piti.png","contentUrl":"https:\/\/velipost.com\/wp-content\/uploads\/2024\/08\/cropped-VP-logo-piti.png","width":201,"height":69,"caption":"VeliPost"},"image":{"@id":"https:\/\/velipost.com\/#\/schema\/logo\/image\/"},"sameAs":["https:\/\/www.facebook.com\/veliposthaiti","https:\/\/x.com\/veliposthaiti","https:\/\/www.instagram.com\/veliposthaiti"]},{"@type":"Person","@id":"https:\/\/velipost.com\/#\/schema\/person\/32ff49a53c9c1bb24302ee8ece058096","name":"VeliPost","image":{"@type":"ImageObject","inLanguage":"fr-FR","@id":"https:\/\/velipost.com\/#\/schema\/person\/image\/","url":"https:\/\/secure.gravatar.com\/avatar\/57c226c264de62f794185a89596d4a37b85a5ad20aca30d9d5a478b27d8c8d9d?s=96&d=mm&r=g","contentUrl":"https:\/\/secure.gravatar.com\/avatar\/57c226c264de62f794185a89596d4a37b85a5ad20aca30d9d5a478b27d8c8d9d?s=96&d=mm&r=g","caption":"VeliPost"},"sameAs":["https:\/\/velipost.com"],"url":"https:\/\/velipost.com\/?author=1"}]}},"views":0,"jetpack_publicize_connections":[],"uagb_featured_image_src":{"full":["https:\/\/velipost.com\/wp-content\/uploads\/2025\/09\/Le-CPT-rentree-scolaire-reussie.jpg",1170,603,false],"thumbnail":["https:\/\/velipost.com\/wp-content\/uploads\/2025\/09\/Le-CPT-rentree-scolaire-reussie-150x150.jpg",150,150,true],"medium":["https:\/\/velipost.com\/wp-content\/uploads\/2025\/09\/Le-CPT-rentree-scolaire-reussie-300x155.jpg",300,155,true],"medium_large":["https:\/\/velipost.com\/wp-content\/uploads\/2025\/09\/Le-CPT-rentree-scolaire-reussie-768x396.jpg",715,369,true],"large":["https:\/\/velipost.com\/wp-content\/uploads\/2025\/09\/Le-CPT-rentree-scolaire-reussie-1024x528.jpg",715,369,true],"1536x1536":["https:\/\/velipost.com\/wp-content\/uploads\/2025\/09\/Le-CPT-rentree-scolaire-reussie.jpg",1170,603,false],"2048x2048":["https:\/\/velipost.com\/wp-content\/uploads\/2025\/09\/Le-CPT-rentree-scolaire-reussie.jpg",1170,603,false],"colornews-big-slider":["https:\/\/velipost.com\/wp-content\/uploads\/2025\/09\/Le-CPT-rentree-scolaire-reussie-1070x470.jpg",1070,470,true],"colornews-big-slider-thumb":["https:\/\/velipost.com\/wp-content\/uploads\/2025\/09\/Le-CPT-rentree-scolaire-reussie-184x109.jpg",184,109,true],"colornews-featured-post-medium":["https:\/\/velipost.com\/wp-content\/uploads\/2025\/09\/Le-CPT-rentree-scolaire-reussie-345x265.jpg",345,265,true],"colornews-featured-post-small":["https:\/\/velipost.com\/wp-content\/uploads\/2025\/09\/Le-CPT-rentree-scolaire-reussie-115x73.jpg",115,73,true],"colornews-random-posts":["https:\/\/velipost.com\/wp-content\/uploads\/2025\/09\/Le-CPT-rentree-scolaire-reussie-215x215.jpg",215,215,true],"colornews-featured-image":["https:\/\/velipost.com\/wp-content\/uploads\/2025\/09\/Le-CPT-rentree-scolaire-reussie-715x400.jpg",715,400,true],"mailpoet_newsletter_max":["https:\/\/velipost.com\/wp-content\/uploads\/2025\/09\/Le-CPT-rentree-scolaire-reussie.jpg",1170,603,false]},"uagb_author_info":{"display_name":"VeliPost","author_link":"https:\/\/velipost.com\/?author=1"},"uagb_comment_info":0,"uagb_excerpt":"Le Pr\u00e9sident du Conseil Pr\u00e9sidentiel de Transition (CPT), Laurent SAINT-CYR, et le Premier ministre, Alix Didier FILS-AIM\u00c9, ont tenu une r\u00e9union de travail avec","_links":{"self":[{"href":"https:\/\/velipost.com\/index.php?rest_route=\/wp\/v2\/posts\/4149","targetHints":{"allow":["GET"]}}],"collection":[{"href":"https:\/\/velipost.com\/index.php?rest_route=\/wp\/v2\/posts"}],"about":[{"href":"https:\/\/velipost.com\/index.php?rest_route=\/wp\/v2\/types\/post"}],"author":[{"embeddable":true,"href":"https:\/\/velipost.com\/index.php?rest_route=\/wp\/v2\/users\/1"}],"replies":[{"embeddable":true,"href":"https:\/\/velipost.com\/index.php?rest_route=%2Fwp%2Fv2%2Fcomments&post=4149"}],"version-history":[{"count":1,"href":"https:\/\/velipost.com\/index.php?rest_route=\/wp\/v2\/posts\/4149\/revisions"}],"predecessor-version":[{"id":4151,"href":"https:\/\/velipost.com\/index.php?rest_route=\/wp\/v2\/posts\/4149\/revisions\/4151"}],"wp:featuredmedia":[{"embeddable":true,"href":"https:\/\/velipost.com\/index.php?rest_route=\/wp\/v2\/media\/4150"}],"wp:attachment":[{"href":"https:\/\/velipost.com\/index.php?rest_route=%2Fwp%2Fv2%2Fmedia&parent=4149"}],"wp:term":[{"taxonomy":"category","embeddable":true,"href":"https:\/\/velipost.com\/index.php?rest_route=%2Fwp%2Fv2%2Fcategories&post=4149"},{"taxonomy":"post_tag","embeddable":true,"href":"https:\/\/velipost.com\/index.php?rest_route=%2Fwp%2Fv2%2Ftags&post=4149"}],"curies":[{"name":"wp","href":"https:\/\/api.w.org\/{rel}","templated":true}]}}