{"id":4130,"date":"2025-09-10T05:31:32","date_gmt":"2025-09-10T03:31:32","guid":{"rendered":"https:\/\/velipost.com\/?p=4130"},"modified":"2025-09-10T05:31:34","modified_gmt":"2025-09-10T03:31:34","slug":"le-dg-de-la-pnh-recoit-le-representant-de-lonu-pour-renforcer-la-cooperation-et-soutenir-la-lutte-contre-le-grand-banditisme","status":"publish","type":"post","link":"https:\/\/velipost.com\/?p=4130","title":{"rendered":"Le DG de la PNH re\u00e7oit le Repr\u00e9sentant de l\u2019ONU pour renforcer la coop\u00e9ration et soutenir la lutte contre le grand banditisme"},"content":{"rendered":"\n<p>Le Commandant en Chef de la Police Nationale d\u2019Ha\u00efti (PNH), Andr\u00e9 Jonas Vladimir Paraison, a re\u00e7u ce mardi 9 septembre 2025 une d\u00e9l\u00e9gation de haut niveau des Nations Unies, conduite par Carlos Gabriel Ruiz Massieu, Repr\u00e9sentant Sp\u00e9cial du Secr\u00e9taire G\u00e9n\u00e9ral de l\u2019ONU et Chef du Bureau Int\u00e9gr\u00e9 des Nations Unies en Ha\u00efti (BINUH). La rencontre s\u2019est tenue \u00e0 la Direction G\u00e9n\u00e9rale de la PNH, \u00e0 Clercine 8, dans la commune de Tabarre.<\/p>\n\n\n\n<p>Cette visite de courtoisie souligne l\u2019importance du partenariat entre la PNH et l\u2019ONU, dans un contexte marqu\u00e9 par la priorit\u00e9 nationale de renforcer la s\u00e9curit\u00e9 publique. Elle vise \u00e0 consolider les liens existants et \u00e0 \u00e9changer sur les moyens d\u2019am\u00e9liorer la coop\u00e9ration op\u00e9rationnelle entre les deux institutions.<\/p>\n\n\n\n<p>Accompagn\u00e9 de plusieurs responsables du BINUH, dont le Chef de la Section des Affaires Correctionnelles et le chef de la composante police, M. Papa Samba Mbodj, le Repr\u00e9sentant de l\u2019ONU a particip\u00e9 \u00e0 un atelier technique avec les autorit\u00e9s polici\u00e8res ha\u00eftiennes. Les discussions ont port\u00e9 sur le soutien institutionnel et les strat\u00e9gies de collaboration visant \u00e0 renforcer les capacit\u00e9s de la PNH.<\/p>\n\n\n\n<p>Le Commandant en Chef Paraison a salu\u00e9 cette initiative et rappel\u00e9 le r\u00f4le crucial du soutien international pour accro\u00eetre l\u2019efficacit\u00e9 de la police dans la lutte contre le grand banditisme. Il a soulign\u00e9 que ce type de partenariat constitue un pilier pour garantir la s\u00e9curit\u00e9 des citoyens et am\u00e9liorer les performances op\u00e9rationnelles de l\u2019institution polici\u00e8re.<\/p>\n\n    <div class=\"xs_social_share_widget xs_share_url after_content \t\tmain_content  wslu-style-3 wslu-share-box-shaped wslu-fill-brand-hover-colored wslu-share-m-5 wslu-none wslu-share-horizontal wslu-theme-font-no wslu-main_content\">\n\n\t\t\n        <ul>\n\t\t\t                    <li class=\"xs-share-li twitter                        wslu-no-extra-data\">\n                        <a href=\"javascript:void(0);\"\n                           id=\"xs_feed_twitter\"\n                           onclick=\"xs_social_sharer(this);\"\n                           data-pid=\"4130\"\n                           data-uri_hash=\"fa30d6d2759796270a01bfa71f9b007a\"\n                           data-key=\"twitter\"\n                           data-xs-href=\"https:\/\/twitter.com\/intent\/tweet?text=Le+DG+de+la+PNH+re%C3%A7oit+le+Repr%C3%A9sentant+de+l%E2%80%99ONU+pour+renforcer+la+coop%C3%A9ration+et+soutenir+la+lutte+contre+le+grand+banditisme+https%3A%2F%2Fvelipost.com%2Findex.php%3Frest_route%3D%252Fwp%252Fv2%252Fposts%252F4130&amp;original_referer=https%3A%2F%2Fvelipost.com%2Findex.php%3Frest_route%3D%252Fwp%252Fv2%252Fposts%252F4130&amp;related=xpeedstudio\">\n\n                            <div class=\"xs-social-icon\">\n                                <span class=\"met-social met-social-twitter\"><\/span>\n                            <\/div>\n\n\t\t\t\t\t\t\t\n                            <div class=\"wslu-hover-content\">\n                                <div class=\"xs-social-followers\">\n\t\t\t\t\t\t\t\t\t10                                <\/div>\n                                <div class=\"xs-social-follower-text\">\n\t\t\t\t\t\t\t\t\tShare                                <\/div>\n                                <div class=\"xs-social-follower-label\">\n\t\t\t\t\t\t\t\t\tTwitter                                <\/div>\n                            <\/div>\n                        <\/a>\n                    <\/li>\n\t\t\t\t\t                    <li class=\"xs-share-li telegram                        wslu-no-extra-data\">\n                        <a href=\"javascript:void(0);\"\n                           id=\"xs_feed_telegram\"\n                           onclick=\"xs_social_sharer(this);\"\n                           data-pid=\"4130\"\n                           data-uri_hash=\"fa30d6d2759796270a01bfa71f9b007a\"\n                           data-key=\"telegram\"\n                           data-xs-href=\"https:\/\/telegram.me\/share\/url?url=https%3A%2F%2Fvelipost.com%2Findex.php%3Frest_route%3D%252Fwp%252Fv2%252Fposts%252F4130&amp;text=Le+DG+de+la+PNH+re%C3%A7oit+le+Repr%C3%A9sentant+de+l%E2%80%99ONU+pour+renforcer+la+coop%C3%A9ration+et+soutenir+la+lutte+contre+le+grand+banditisme\">\n\n                            <div class=\"xs-social-icon\">\n                                <span class=\"met-social met-social-telegram\"><\/span>\n                            <\/div>\n\n\t\t\t\t\t\t\t\n                            <div class=\"wslu-hover-content\">\n                                <div class=\"xs-social-followers\">\n\t\t\t\t\t\t\t\t\t0                                <\/div>\n                                <div class=\"xs-social-follower-text\">\n\t\t\t\t\t\t\t\t\tShare                                <\/div>\n                                <div class=\"xs-social-follower-label\">\n\t\t\t\t\t\t\t\t\tTelegram                                <\/div>\n                            <\/div>\n                        <\/a>\n                    <\/li>\n\t\t\t\t\t                    <li class=\"xs-share-li email                        wslu-no-extra-data\">\n                        <a href=\"javascript:void(0);\"\n                           id=\"xs_feed_email\"\n                           onclick=\"xs_social_sharer(this);\"\n                           data-pid=\"4130\"\n                           data-uri_hash=\"fa30d6d2759796270a01bfa71f9b007a\"\n                           data-key=\"email\"\n                           data-xs-href=\"mailto:?body=Title%3A+Le+DG+de+la+PNH+re%C3%A7oit+le+Repr%C3%A9sentant+de+l%E2%80%99ONU+pour+renforcer+la+coop%C3%A9ration+et+soutenir+la+lutte+contre+le+grand+banditisme+%5Cn%5Cn+URL%3A+https%3A%2F%2Fvelipost.com%2Findex.php%3Frest_route%3D%252Fwp%252Fv2%252Fposts%252F4130&amp;subject=Le+DG+de+la+PNH+re%C3%A7oit+le+Repr%C3%A9sentant+de+l%E2%80%99ONU+pour+renforcer+la+coop%C3%A9ration+et+soutenir+la+lutte+contre+le+grand+banditisme\">\n\n                            <div class=\"xs-social-icon\">\n                                <span class=\"met-social met-social-email\"><\/span>\n                            <\/div>\n\n\t\t\t\t\t\t\t\n                            <div class=\"wslu-hover-content\">\n                                <div class=\"xs-social-followers\">\n\t\t\t\t\t\t\t\t\t0                                <\/div>\n                                <div class=\"xs-social-follower-text\">\n\t\t\t\t\t\t\t\t\tShare                                <\/div>\n                                <div class=\"xs-social-follower-label\">\n\t\t\t\t\t\t\t\t\tEmail                                <\/div>\n                            <\/div>\n                        <\/a>\n                    <\/li>\n\t\t\t\t\t        <\/ul>\n    <\/div> \n","protected":false},"excerpt":{"rendered":"<p>Le Commandant en Chef de la Police Nationale d\u2019Ha\u00efti (PNH), Andr\u00e9 Jonas Vladimir Paraison, a re\u00e7u ce mardi 9 septembre 2025 une d\u00e9l\u00e9gation de<\/p>\n","protected":false},"author":1,"featured_media":4132,"comment_status":"open","ping_status":"open","sticky":false,"template":"","format":"standard","meta":{"_uag_custom_page_level_css":"","footnotes":"","jetpack_publicize_message":"","jetpack_publicize_feature_enabled":true,"jetpack_social_post_already_shared":true,"jetpack_social_options":{"image_generator_settings":{"template":"highway","default_image_id":0,"font":"","enabled":false},"version":2}},"categories":[94],"tags":[],"class_list":["post-4130","post","type-post","status-publish","format-standard","has-post-thumbnail","hentry","category-a-la-une"],"yoast_head":"<!-- This site is optimized with the Yoast SEO plugin v25.3.1 - https:\/\/yoast.com\/wordpress\/plugins\/seo\/ -->\n<title>Le DG de la PNH re\u00e7oit le Repr\u00e9sentant de l\u2019ONU pour renforcer la coop\u00e9ration et soutenir la lutte contre le grand banditisme &#8211; VeliPost<\/title>\n<meta name=\"robots\" content=\"index, follow, max-snippet:-1, max-image-preview:large, max-video-preview:-1\" \/>\n<link rel=\"canonical\" href=\"https:\/\/velipost.com\/?p=4130\" \/>\n<meta property=\"og:locale\" content=\"fr_FR\" \/>\n<meta property=\"og:type\" content=\"article\" \/>\n<meta property=\"og:title\" content=\"Le DG de la PNH re\u00e7oit le Repr\u00e9sentant de l\u2019ONU pour renforcer la coop\u00e9ration et soutenir la lutte contre le grand banditisme &#8211; VeliPost\" \/>\n<meta property=\"og:description\" content=\"Le Commandant en Chef de la Police Nationale d\u2019Ha\u00efti (PNH), Andr\u00e9 Jonas Vladimir Paraison, a re\u00e7u ce mardi 9 septembre 2025 une d\u00e9l\u00e9gation de\" \/>\n<meta property=\"og:url\" content=\"https:\/\/velipost.com\/?p=4130\" \/>\n<meta property=\"og:site_name\" content=\"VeliPost\" \/>\n<meta property=\"article:publisher\" content=\"https:\/\/www.facebook.com\/veliposthaiti\" \/>\n<meta property=\"article:published_time\" content=\"2025-09-10T03:31:32+00:00\" \/>\n<meta property=\"article:modified_time\" content=\"2025-09-10T03:31:34+00:00\" \/>\n<meta property=\"og:image\" content=\"https:\/\/velipost.com\/wp-content\/uploads\/2025\/09\/Cover-VP-4.jpg\" \/>\n\t<meta property=\"og:image:width\" content=\"1170\" \/>\n\t<meta property=\"og:image:height\" content=\"603\" \/>\n\t<meta property=\"og:image:type\" content=\"image\/jpeg\" \/>\n<meta name=\"author\" content=\"VeliPost\" \/>\n<meta name=\"twitter:card\" content=\"summary_large_image\" \/>\n<meta name=\"twitter:creator\" content=\"@veliposthaiti\" \/>\n<meta name=\"twitter:site\" content=\"@veliposthaiti\" \/>\n<meta name=\"twitter:label1\" content=\"\u00c9crit par\" \/>\n\t<meta name=\"twitter:data1\" content=\"VeliPost\" \/>\n\t<meta name=\"twitter:label2\" content=\"Dur\u00e9e de lecture estim\u00e9e\" \/>\n\t<meta name=\"twitter:data2\" content=\"2 minutes\" \/>\n<script type=\"application\/ld+json\" class=\"yoast-schema-graph\">{\"@context\":\"https:\/\/schema.org\",\"@graph\":[{\"@type\":\"Article\",\"@id\":\"https:\/\/velipost.com\/?p=4130#article\",\"isPartOf\":{\"@id\":\"https:\/\/velipost.com\/?p=4130\"},\"author\":{\"name\":\"VeliPost\",\"@id\":\"https:\/\/velipost.com\/#\/schema\/person\/32ff49a53c9c1bb24302ee8ece058096\"},\"headline\":\"Le DG de la PNH re\u00e7oit le Repr\u00e9sentant de l\u2019ONU pour renforcer la coop\u00e9ration et soutenir la lutte contre le grand banditisme\",\"datePublished\":\"2025-09-10T03:31:32+00:00\",\"dateModified\":\"2025-09-10T03:31:34+00:00\",\"mainEntityOfPage\":{\"@id\":\"https:\/\/velipost.com\/?p=4130\"},\"wordCount\":291,\"commentCount\":0,\"publisher\":{\"@id\":\"https:\/\/velipost.com\/#organization\"},\"image\":{\"@id\":\"https:\/\/velipost.com\/?p=4130#primaryimage\"},\"thumbnailUrl\":\"https:\/\/velipost.com\/wp-content\/uploads\/2025\/09\/Cover-VP-4.jpg\",\"articleSection\":[\"A la Une\"],\"inLanguage\":\"fr-FR\",\"potentialAction\":[{\"@type\":\"CommentAction\",\"name\":\"Comment\",\"target\":[\"https:\/\/velipost.com\/?p=4130#respond\"]}]},{\"@type\":\"WebPage\",\"@id\":\"https:\/\/velipost.com\/?p=4130\",\"url\":\"https:\/\/velipost.com\/?p=4130\",\"name\":\"Le DG de la PNH re\u00e7oit le Repr\u00e9sentant de l\u2019ONU pour renforcer la coop\u00e9ration et soutenir la lutte contre le grand banditisme &#8211; VeliPost\",\"isPartOf\":{\"@id\":\"https:\/\/velipost.com\/#website\"},\"primaryImageOfPage\":{\"@id\":\"https:\/\/velipost.com\/?p=4130#primaryimage\"},\"image\":{\"@id\":\"https:\/\/velipost.com\/?p=4130#primaryimage\"},\"thumbnailUrl\":\"https:\/\/velipost.com\/wp-content\/uploads\/2025\/09\/Cover-VP-4.jpg\",\"datePublished\":\"2025-09-10T03:31:32+00:00\",\"dateModified\":\"2025-09-10T03:31:34+00:00\",\"breadcrumb\":{\"@id\":\"https:\/\/velipost.com\/?p=4130#breadcrumb\"},\"inLanguage\":\"fr-FR\",\"potentialAction\":[{\"@type\":\"ReadAction\",\"target\":[\"https:\/\/velipost.com\/?p=4130\"]}]},{\"@type\":\"ImageObject\",\"inLanguage\":\"fr-FR\",\"@id\":\"https:\/\/velipost.com\/?p=4130#primaryimage\",\"url\":\"https:\/\/velipost.com\/wp-content\/uploads\/2025\/09\/Cover-VP-4.jpg\",\"contentUrl\":\"https:\/\/velipost.com\/wp-content\/uploads\/2025\/09\/Cover-VP-4.jpg\",\"width\":1170,\"height\":603},{\"@type\":\"BreadcrumbList\",\"@id\":\"https:\/\/velipost.com\/?p=4130#breadcrumb\",\"itemListElement\":[{\"@type\":\"ListItem\",\"position\":1,\"name\":\"Accueil\",\"item\":\"https:\/\/velipost.com\/\"},{\"@type\":\"ListItem\",\"position\":2,\"name\":\"Le DG de la PNH re\u00e7oit le Repr\u00e9sentant de l\u2019ONU pour renforcer la coop\u00e9ration et soutenir la lutte contre le grand banditisme\"}]},{\"@type\":\"WebSite\",\"@id\":\"https:\/\/velipost.com\/#website\",\"url\":\"https:\/\/velipost.com\/\",\"name\":\"VeliPost\",\"description\":\"L\u2019info en un clic\",\"publisher\":{\"@id\":\"https:\/\/velipost.com\/#organization\"},\"potentialAction\":[{\"@type\":\"SearchAction\",\"target\":{\"@type\":\"EntryPoint\",\"urlTemplate\":\"https:\/\/velipost.com\/?s={search_term_string}\"},\"query-input\":{\"@type\":\"PropertyValueSpecification\",\"valueRequired\":true,\"valueName\":\"search_term_string\"}}],\"inLanguage\":\"fr-FR\"},{\"@type\":\"Organization\",\"@id\":\"https:\/\/velipost.com\/#organization\",\"name\":\"VeliPost\",\"url\":\"https:\/\/velipost.com\/\",\"logo\":{\"@type\":\"ImageObject\",\"inLanguage\":\"fr-FR\",\"@id\":\"https:\/\/velipost.com\/#\/schema\/logo\/image\/\",\"url\":\"https:\/\/velipost.com\/wp-content\/uploads\/2024\/08\/cropped-VP-logo-piti.png\",\"contentUrl\":\"https:\/\/velipost.com\/wp-content\/uploads\/2024\/08\/cropped-VP-logo-piti.png\",\"width\":201,\"height\":69,\"caption\":\"VeliPost\"},\"image\":{\"@id\":\"https:\/\/velipost.com\/#\/schema\/logo\/image\/\"},\"sameAs\":[\"https:\/\/www.facebook.com\/veliposthaiti\",\"https:\/\/x.com\/veliposthaiti\",\"https:\/\/www.instagram.com\/veliposthaiti\"]},{\"@type\":\"Person\",\"@id\":\"https:\/\/velipost.com\/#\/schema\/person\/32ff49a53c9c1bb24302ee8ece058096\",\"name\":\"VeliPost\",\"image\":{\"@type\":\"ImageObject\",\"inLanguage\":\"fr-FR\",\"@id\":\"https:\/\/velipost.com\/#\/schema\/person\/image\/\",\"url\":\"https:\/\/secure.gravatar.com\/avatar\/57c226c264de62f794185a89596d4a37b85a5ad20aca30d9d5a478b27d8c8d9d?s=96&d=mm&r=g\",\"contentUrl\":\"https:\/\/secure.gravatar.com\/avatar\/57c226c264de62f794185a89596d4a37b85a5ad20aca30d9d5a478b27d8c8d9d?s=96&d=mm&r=g\",\"caption\":\"VeliPost\"},\"sameAs\":[\"https:\/\/velipost.com\"],\"url\":\"https:\/\/velipost.com\/?author=1\"}]}<\/script>\n<!-- \/ Yoast SEO plugin. -->","yoast_head_json":{"title":"Le DG de la PNH re\u00e7oit le Repr\u00e9sentant de l\u2019ONU pour renforcer la coop\u00e9ration et soutenir la lutte contre le grand banditisme &#8211; VeliPost","robots":{"index":"index","follow":"follow","max-snippet":"max-snippet:-1","max-image-preview":"max-image-preview:large","max-video-preview":"max-video-preview:-1"},"canonical":"https:\/\/velipost.com\/?p=4130","og_locale":"fr_FR","og_type":"article","og_title":"Le DG de la PNH re\u00e7oit le Repr\u00e9sentant de l\u2019ONU pour renforcer la coop\u00e9ration et soutenir la lutte contre le grand banditisme &#8211; VeliPost","og_description":"Le Commandant en Chef de la Police Nationale d\u2019Ha\u00efti (PNH), Andr\u00e9 Jonas Vladimir Paraison, a re\u00e7u ce mardi 9 septembre 2025 une d\u00e9l\u00e9gation de","og_url":"https:\/\/velipost.com\/?p=4130","og_site_name":"VeliPost","article_publisher":"https:\/\/www.facebook.com\/veliposthaiti","article_published_time":"2025-09-10T03:31:32+00:00","article_modified_time":"2025-09-10T03:31:34+00:00","og_image":[{"width":1170,"height":603,"url":"https:\/\/velipost.com\/wp-content\/uploads\/2025\/09\/Cover-VP-4.jpg","type":"image\/jpeg"}],"author":"VeliPost","twitter_card":"summary_large_image","twitter_creator":"@veliposthaiti","twitter_site":"@veliposthaiti","twitter_misc":{"\u00c9crit par":"VeliPost","Dur\u00e9e de lecture estim\u00e9e":"2 minutes"},"schema":{"@context":"https:\/\/schema.org","@graph":[{"@type":"Article","@id":"https:\/\/velipost.com\/?p=4130#article","isPartOf":{"@id":"https:\/\/velipost.com\/?p=4130"},"author":{"name":"VeliPost","@id":"https:\/\/velipost.com\/#\/schema\/person\/32ff49a53c9c1bb24302ee8ece058096"},"headline":"Le DG de la PNH re\u00e7oit le Repr\u00e9sentant de l\u2019ONU pour renforcer la coop\u00e9ration et soutenir la lutte contre le grand banditisme","datePublished":"2025-09-10T03:31:32+00:00","dateModified":"2025-09-10T03:31:34+00:00","mainEntityOfPage":{"@id":"https:\/\/velipost.com\/?p=4130"},"wordCount":291,"commentCount":0,"publisher":{"@id":"https:\/\/velipost.com\/#organization"},"image":{"@id":"https:\/\/velipost.com\/?p=4130#primaryimage"},"thumbnailUrl":"https:\/\/velipost.com\/wp-content\/uploads\/2025\/09\/Cover-VP-4.jpg","articleSection":["A la Une"],"inLanguage":"fr-FR","potentialAction":[{"@type":"CommentAction","name":"Comment","target":["https:\/\/velipost.com\/?p=4130#respond"]}]},{"@type":"WebPage","@id":"https:\/\/velipost.com\/?p=4130","url":"https:\/\/velipost.com\/?p=4130","name":"Le DG de la PNH re\u00e7oit le Repr\u00e9sentant de l\u2019ONU pour renforcer la coop\u00e9ration et soutenir la lutte contre le grand banditisme &#8211; VeliPost","isPartOf":{"@id":"https:\/\/velipost.com\/#website"},"primaryImageOfPage":{"@id":"https:\/\/velipost.com\/?p=4130#primaryimage"},"image":{"@id":"https:\/\/velipost.com\/?p=4130#primaryimage"},"thumbnailUrl":"https:\/\/velipost.com\/wp-content\/uploads\/2025\/09\/Cover-VP-4.jpg","datePublished":"2025-09-10T03:31:32+00:00","dateModified":"2025-09-10T03:31:34+00:00","breadcrumb":{"@id":"https:\/\/velipost.com\/?p=4130#breadcrumb"},"inLanguage":"fr-FR","potentialAction":[{"@type":"ReadAction","target":["https:\/\/velipost.com\/?p=4130"]}]},{"@type":"ImageObject","inLanguage":"fr-FR","@id":"https:\/\/velipost.com\/?p=4130#primaryimage","url":"https:\/\/velipost.com\/wp-content\/uploads\/2025\/09\/Cover-VP-4.jpg","contentUrl":"https:\/\/velipost.com\/wp-content\/uploads\/2025\/09\/Cover-VP-4.jpg","width":1170,"height":603},{"@type":"BreadcrumbList","@id":"https:\/\/velipost.com\/?p=4130#breadcrumb","itemListElement":[{"@type":"ListItem","position":1,"name":"Accueil","item":"https:\/\/velipost.com\/"},{"@type":"ListItem","position":2,"name":"Le DG de la PNH re\u00e7oit le Repr\u00e9sentant de l\u2019ONU pour renforcer la coop\u00e9ration et soutenir la lutte contre le grand banditisme"}]},{"@type":"WebSite","@id":"https:\/\/velipost.com\/#website","url":"https:\/\/velipost.com\/","name":"VeliPost","description":"L\u2019info en un clic","publisher":{"@id":"https:\/\/velipost.com\/#organization"},"potentialAction":[{"@type":"SearchAction","target":{"@type":"EntryPoint","urlTemplate":"https:\/\/velipost.com\/?s={search_term_string}"},"query-input":{"@type":"PropertyValueSpecification","valueRequired":true,"valueName":"search_term_string"}}],"inLanguage":"fr-FR"},{"@type":"Organization","@id":"https:\/\/velipost.com\/#organization","name":"VeliPost","url":"https:\/\/velipost.com\/","logo":{"@type":"ImageObject","inLanguage":"fr-FR","@id":"https:\/\/velipost.com\/#\/schema\/logo\/image\/","url":"https:\/\/velipost.com\/wp-content\/uploads\/2024\/08\/cropped-VP-logo-piti.png","contentUrl":"https:\/\/velipost.com\/wp-content\/uploads\/2024\/08\/cropped-VP-logo-piti.png","width":201,"height":69,"caption":"VeliPost"},"image":{"@id":"https:\/\/velipost.com\/#\/schema\/logo\/image\/"},"sameAs":["https:\/\/www.facebook.com\/veliposthaiti","https:\/\/x.com\/veliposthaiti","https:\/\/www.instagram.com\/veliposthaiti"]},{"@type":"Person","@id":"https:\/\/velipost.com\/#\/schema\/person\/32ff49a53c9c1bb24302ee8ece058096","name":"VeliPost","image":{"@type":"ImageObject","inLanguage":"fr-FR","@id":"https:\/\/velipost.com\/#\/schema\/person\/image\/","url":"https:\/\/secure.gravatar.com\/avatar\/57c226c264de62f794185a89596d4a37b85a5ad20aca30d9d5a478b27d8c8d9d?s=96&d=mm&r=g","contentUrl":"https:\/\/secure.gravatar.com\/avatar\/57c226c264de62f794185a89596d4a37b85a5ad20aca30d9d5a478b27d8c8d9d?s=96&d=mm&r=g","caption":"VeliPost"},"sameAs":["https:\/\/velipost.com"],"url":"https:\/\/velipost.com\/?author=1"}]}},"views":1,"jetpack_publicize_connections":[],"uagb_featured_image_src":{"full":["https:\/\/velipost.com\/wp-content\/uploads\/2025\/09\/Cover-VP-4.jpg",1170,603,false],"thumbnail":["https:\/\/velipost.com\/wp-content\/uploads\/2025\/09\/Cover-VP-4-150x150.jpg",150,150,true],"medium":["https:\/\/velipost.com\/wp-content\/uploads\/2025\/09\/Cover-VP-4-300x155.jpg",300,155,true],"medium_large":["https:\/\/velipost.com\/wp-content\/uploads\/2025\/09\/Cover-VP-4-768x396.jpg",715,369,true],"large":["https:\/\/velipost.com\/wp-content\/uploads\/2025\/09\/Cover-VP-4-1024x528.jpg",715,369,true],"1536x1536":["https:\/\/velipost.com\/wp-content\/uploads\/2025\/09\/Cover-VP-4.jpg",1170,603,false],"2048x2048":["https:\/\/velipost.com\/wp-content\/uploads\/2025\/09\/Cover-VP-4.jpg",1170,603,false],"colornews-big-slider":["https:\/\/velipost.com\/wp-content\/uploads\/2025\/09\/Cover-VP-4-1070x470.jpg",1070,470,true],"colornews-big-slider-thumb":["https:\/\/velipost.com\/wp-content\/uploads\/2025\/09\/Cover-VP-4-184x109.jpg",184,109,true],"colornews-featured-post-medium":["https:\/\/velipost.com\/wp-content\/uploads\/2025\/09\/Cover-VP-4-345x265.jpg",345,265,true],"colornews-featured-post-small":["https:\/\/velipost.com\/wp-content\/uploads\/2025\/09\/Cover-VP-4-115x73.jpg",115,73,true],"colornews-random-posts":["https:\/\/velipost.com\/wp-content\/uploads\/2025\/09\/Cover-VP-4-215x215.jpg",215,215,true],"colornews-featured-image":["https:\/\/velipost.com\/wp-content\/uploads\/2025\/09\/Cover-VP-4-715x400.jpg",715,400,true],"mailpoet_newsletter_max":["https:\/\/velipost.com\/wp-content\/uploads\/2025\/09\/Cover-VP-4.jpg",1170,603,false]},"uagb_author_info":{"display_name":"VeliPost","author_link":"https:\/\/velipost.com\/?author=1"},"uagb_comment_info":0,"uagb_excerpt":"Le Commandant en Chef de la Police Nationale d\u2019Ha\u00efti (PNH), Andr\u00e9 Jonas Vladimir Paraison, a re\u00e7u ce mardi 9 septembre 2025 une d\u00e9l\u00e9gation de","_links":{"self":[{"href":"https:\/\/velipost.com\/index.php?rest_route=\/wp\/v2\/posts\/4130","targetHints":{"allow":["GET"]}}],"collection":[{"href":"https:\/\/velipost.com\/index.php?rest_route=\/wp\/v2\/posts"}],"about":[{"href":"https:\/\/velipost.com\/index.php?rest_route=\/wp\/v2\/types\/post"}],"author":[{"embeddable":true,"href":"https:\/\/velipost.com\/index.php?rest_route=\/wp\/v2\/users\/1"}],"replies":[{"embeddable":true,"href":"https:\/\/velipost.com\/index.php?rest_route=%2Fwp%2Fv2%2Fcomments&post=4130"}],"version-history":[{"count":1,"href":"https:\/\/velipost.com\/index.php?rest_route=\/wp\/v2\/posts\/4130\/revisions"}],"predecessor-version":[{"id":4133,"href":"https:\/\/velipost.com\/index.php?rest_route=\/wp\/v2\/posts\/4130\/revisions\/4133"}],"wp:featuredmedia":[{"embeddable":true,"href":"https:\/\/velipost.com\/index.php?rest_route=\/wp\/v2\/media\/4132"}],"wp:attachment":[{"href":"https:\/\/velipost.com\/index.php?rest_route=%2Fwp%2Fv2%2Fmedia&parent=4130"}],"wp:term":[{"taxonomy":"category","embeddable":true,"href":"https:\/\/velipost.com\/index.php?rest_route=%2Fwp%2Fv2%2Fcategories&post=4130"},{"taxonomy":"post_tag","embeddable":true,"href":"https:\/\/velipost.com\/index.php?rest_route=%2Fwp%2Fv2%2Ftags&post=4130"}],"curies":[{"name":"wp","href":"https:\/\/api.w.org\/{rel}","templated":true}]}}