{"id":4127,"date":"2025-09-10T05:23:12","date_gmt":"2025-09-10T03:23:12","guid":{"rendered":"https:\/\/velipost.com\/?p=4127"},"modified":"2025-09-10T05:23:15","modified_gmt":"2025-09-10T03:23:15","slug":"le-president-emmanuel-macron-nomme-sebastien-lecornu-premier-ministre","status":"publish","type":"post","link":"https:\/\/velipost.com\/?p=4127","title":{"rendered":"Le Pr\u00e9sident Emmanuel Macron nomme S\u00e9bastien Lecornu Premier ministre"},"content":{"rendered":"\n<p>Quelques heures seulement apr\u00e8s la&nbsp;d\u00e9mission officielle de Fran\u00e7ois Bayrou, Emmanuel Macron a d\u00e9sign\u00e9 S\u00e9bastien Lecornu pour lui succ\u00e9der au poste de Premier ministre. Celui-ci&nbsp;sera charg\u00e9 de&nbsp;\u00ab\u00a0consulter\u00a0\u00bb&nbsp;les partis en vue de&nbsp;\u00ab\u00a0b\u00e2tir les accords indispensables aux d\u00e9cisions des prochains mois\u00a0\u00bb, \u00e9crit l&rsquo;\u00c9lys\u00e9e dans un communiqu\u00e9. \u00ab\u00a0\u00c0 la suite de ces discussions, il appartiendra au nouveau Premier ministre de proposer un gouvernement au pr\u00e9sident de la R\u00e9publique\u00a0\u00bb.<\/p>\n\n\n\n<p>Ag\u00e9 de 39 ans, homme de confiance d&rsquo;Emmanuel Macron, S\u00e9bastien Lecornu occupait, dans le gouvernement Bayrou, le poste de ministre des Arm\u00e9es. Il y a neuf mois, il avait failli \u00eatre nomm\u00e9 \u00e0 Matignon avant que le maire de Pau ne torde le bras du pr\u00e9sident et prenne la t\u00eate du gouvernement. Neuf mois plus tard, le pr\u00e9sident de la R\u00e9publique revient \u00e0 son premier choix. S\u00e9bastien Lecornu aura la lourde t\u00e2che d&rsquo;arracher un accord de non-censure et faire passer le budget d&rsquo;ici \u00e0 la fin de l&rsquo;ann\u00e9e.<\/p>\n\n\n\n<p>Venu de la droite, il est un homme du premier cercle d&rsquo;Emmanuel Macron qui, avec cette nomination, se replie sur son carr\u00e9 de fid\u00e8les. Dans le dernier gouvernement, il \u00e9tait le seul ministre d\u00e9j\u00e0 pr\u00e9sent en 2017, au poste de Secr\u00e9taire d&rsquo;\u00c9tat aupr\u00e8s du ministre charg\u00e9 de la Transition \u00e9cologique et solidaire.<\/p>\n\n\n\n<p>\u00ab\u00a0Le pr\u00e9sident tire la derni\u00e8re cartouche du macronisme, bunkeris\u00e9 avec son petit carr\u00e9 de fid\u00e8les\u00a0\u00bb, a fustig\u00e9 ce mardi soir sur X Marine Le Pen, apr\u00e8s l&rsquo;annonce de la nomination de S\u00e9bastien Lecornu \u00e0 Matignon. \u00ab\u00a0Apr\u00e8s les in\u00e9luctables futures \u00e9lections l\u00e9gislatives, le Premier ministre s\u2019appellera Jordan Bardella\u00a0\u00bb,&nbsp;termine la pr\u00e9sidente du groupe RN \u00e0 l&rsquo;Assembl\u00e9e. Cette&nbsp;nomination,&nbsp;\u00ab\u00a0\u00e0 la veille du mouvement du 10 septembre\u00a0\u00bb, est&nbsp;\u00ab\u00a0une provocation\u00a0\u00bb, r\u00e9agit de son c\u00f4t\u00e9 la d\u00e9put\u00e9e LFI Mathilde Panot.<\/p>\n\n    <div class=\"xs_social_share_widget xs_share_url after_content \t\tmain_content  wslu-style-3 wslu-share-box-shaped wslu-fill-brand-hover-colored wslu-share-m-5 wslu-none wslu-share-horizontal wslu-theme-font-no wslu-main_content\">\n\n\t\t\n        <ul>\n\t\t\t                    <li class=\"xs-share-li twitter                        wslu-no-extra-data\">\n                        <a href=\"javascript:void(0);\"\n                           id=\"xs_feed_twitter\"\n                           onclick=\"xs_social_sharer(this);\"\n                           data-pid=\"4127\"\n                           data-uri_hash=\"dd71608e756aabb2b864d0bb1d93a52d\"\n                           data-key=\"twitter\"\n                           data-xs-href=\"https:\/\/twitter.com\/intent\/tweet?text=Le+Pr%C3%A9sident+Emmanuel+Macron+nomme+S%C3%A9bastien+Lecornu+Premier+ministre+https%3A%2F%2Fvelipost.com%2Findex.php%3Frest_route%3D%252Fwp%252Fv2%252Fposts%252F4127&amp;original_referer=https%3A%2F%2Fvelipost.com%2Findex.php%3Frest_route%3D%252Fwp%252Fv2%252Fposts%252F4127&amp;related=xpeedstudio\">\n\n                            <div class=\"xs-social-icon\">\n                                <span class=\"met-social met-social-twitter\"><\/span>\n                            <\/div>\n\n\t\t\t\t\t\t\t\n                            <div class=\"wslu-hover-content\">\n                                <div class=\"xs-social-followers\">\n\t\t\t\t\t\t\t\t\t10                                <\/div>\n                                <div class=\"xs-social-follower-text\">\n\t\t\t\t\t\t\t\t\tShare                                <\/div>\n                                <div class=\"xs-social-follower-label\">\n\t\t\t\t\t\t\t\t\tTwitter                                <\/div>\n                            <\/div>\n                        <\/a>\n                    <\/li>\n\t\t\t\t\t                    <li class=\"xs-share-li telegram                        wslu-no-extra-data\">\n                        <a href=\"javascript:void(0);\"\n                           id=\"xs_feed_telegram\"\n                           onclick=\"xs_social_sharer(this);\"\n                           data-pid=\"4127\"\n                           data-uri_hash=\"dd71608e756aabb2b864d0bb1d93a52d\"\n                           data-key=\"telegram\"\n                           data-xs-href=\"https:\/\/telegram.me\/share\/url?url=https%3A%2F%2Fvelipost.com%2Findex.php%3Frest_route%3D%252Fwp%252Fv2%252Fposts%252F4127&amp;text=Le+Pr%C3%A9sident+Emmanuel+Macron+nomme+S%C3%A9bastien+Lecornu+Premier+ministre\">\n\n                            <div class=\"xs-social-icon\">\n                                <span class=\"met-social met-social-telegram\"><\/span>\n                            <\/div>\n\n\t\t\t\t\t\t\t\n                            <div class=\"wslu-hover-content\">\n                                <div class=\"xs-social-followers\">\n\t\t\t\t\t\t\t\t\t0                                <\/div>\n                                <div class=\"xs-social-follower-text\">\n\t\t\t\t\t\t\t\t\tShare                                <\/div>\n                                <div class=\"xs-social-follower-label\">\n\t\t\t\t\t\t\t\t\tTelegram                                <\/div>\n                            <\/div>\n                        <\/a>\n                    <\/li>\n\t\t\t\t\t                    <li class=\"xs-share-li email                        wslu-no-extra-data\">\n                        <a href=\"javascript:void(0);\"\n                           id=\"xs_feed_email\"\n                           onclick=\"xs_social_sharer(this);\"\n                           data-pid=\"4127\"\n                           data-uri_hash=\"dd71608e756aabb2b864d0bb1d93a52d\"\n                           data-key=\"email\"\n                           data-xs-href=\"mailto:?body=Title%3A+Le+Pr%C3%A9sident+Emmanuel+Macron+nomme+S%C3%A9bastien+Lecornu+Premier+ministre+%5Cn%5Cn+URL%3A+https%3A%2F%2Fvelipost.com%2Findex.php%3Frest_route%3D%252Fwp%252Fv2%252Fposts%252F4127&amp;subject=Le+Pr%C3%A9sident+Emmanuel+Macron+nomme+S%C3%A9bastien+Lecornu+Premier+ministre\">\n\n                            <div class=\"xs-social-icon\">\n                                <span class=\"met-social met-social-email\"><\/span>\n                            <\/div>\n\n\t\t\t\t\t\t\t\n                            <div class=\"wslu-hover-content\">\n                                <div class=\"xs-social-followers\">\n\t\t\t\t\t\t\t\t\t0                                <\/div>\n                                <div class=\"xs-social-follower-text\">\n\t\t\t\t\t\t\t\t\tShare                                <\/div>\n                                <div class=\"xs-social-follower-label\">\n\t\t\t\t\t\t\t\t\tEmail                                <\/div>\n                            <\/div>\n                        <\/a>\n                    <\/li>\n\t\t\t\t\t        <\/ul>\n    <\/div> \n","protected":false},"excerpt":{"rendered":"<p>Quelques heures seulement apr\u00e8s la&nbsp;d\u00e9mission officielle de Fran\u00e7ois Bayrou, Emmanuel Macron a d\u00e9sign\u00e9 S\u00e9bastien Lecornu pour lui succ\u00e9der au poste de Premier ministre. Celui-ci&nbsp;sera<\/p>\n","protected":false},"author":1,"featured_media":4128,"comment_status":"open","ping_status":"open","sticky":false,"template":"","format":"standard","meta":{"_uag_custom_page_level_css":"","footnotes":"","jetpack_publicize_message":"","jetpack_publicize_feature_enabled":true,"jetpack_social_post_already_shared":true,"jetpack_social_options":{"image_generator_settings":{"template":"highway","default_image_id":0,"font":"","enabled":false},"version":2}},"categories":[107],"tags":[],"class_list":["post-4127","post","type-post","status-publish","format-standard","has-post-thumbnail","hentry","category-international"],"yoast_head":"<!-- This site is optimized with the Yoast SEO plugin v25.3.1 - https:\/\/yoast.com\/wordpress\/plugins\/seo\/ -->\n<title>Le Pr\u00e9sident Emmanuel Macron nomme S\u00e9bastien Lecornu Premier ministre &#8211; VeliPost<\/title>\n<meta name=\"robots\" content=\"index, follow, max-snippet:-1, max-image-preview:large, max-video-preview:-1\" \/>\n<link rel=\"canonical\" href=\"https:\/\/velipost.com\/?p=4127\" \/>\n<meta property=\"og:locale\" content=\"fr_FR\" \/>\n<meta property=\"og:type\" content=\"article\" \/>\n<meta property=\"og:title\" content=\"Le Pr\u00e9sident Emmanuel Macron nomme S\u00e9bastien Lecornu Premier ministre &#8211; VeliPost\" \/>\n<meta property=\"og:description\" content=\"Quelques heures seulement apr\u00e8s la&nbsp;d\u00e9mission officielle de Fran\u00e7ois Bayrou, Emmanuel Macron a d\u00e9sign\u00e9 S\u00e9bastien Lecornu pour lui succ\u00e9der au poste de Premier ministre. Celui-ci&nbsp;sera\" \/>\n<meta property=\"og:url\" content=\"https:\/\/velipost.com\/?p=4127\" \/>\n<meta property=\"og:site_name\" content=\"VeliPost\" \/>\n<meta property=\"article:publisher\" content=\"https:\/\/www.facebook.com\/veliposthaiti\" \/>\n<meta property=\"article:published_time\" content=\"2025-09-10T03:23:12+00:00\" \/>\n<meta property=\"article:modified_time\" content=\"2025-09-10T03:23:15+00:00\" \/>\n<meta property=\"og:image\" content=\"https:\/\/velipost.com\/wp-content\/uploads\/2025\/09\/Cover-VP-3.jpg\" \/>\n\t<meta property=\"og:image:width\" content=\"1170\" \/>\n\t<meta property=\"og:image:height\" content=\"603\" \/>\n\t<meta property=\"og:image:type\" content=\"image\/jpeg\" \/>\n<meta name=\"author\" content=\"VeliPost\" \/>\n<meta name=\"twitter:card\" content=\"summary_large_image\" \/>\n<meta name=\"twitter:creator\" content=\"@veliposthaiti\" \/>\n<meta name=\"twitter:site\" content=\"@veliposthaiti\" \/>\n<meta name=\"twitter:label1\" content=\"\u00c9crit par\" \/>\n\t<meta name=\"twitter:data1\" content=\"VeliPost\" \/>\n\t<meta name=\"twitter:label2\" content=\"Dur\u00e9e de lecture estim\u00e9e\" \/>\n\t<meta name=\"twitter:data2\" content=\"2 minutes\" \/>\n<script type=\"application\/ld+json\" class=\"yoast-schema-graph\">{\"@context\":\"https:\/\/schema.org\",\"@graph\":[{\"@type\":\"Article\",\"@id\":\"https:\/\/velipost.com\/?p=4127#article\",\"isPartOf\":{\"@id\":\"https:\/\/velipost.com\/?p=4127\"},\"author\":{\"name\":\"VeliPost\",\"@id\":\"https:\/\/velipost.com\/#\/schema\/person\/32ff49a53c9c1bb24302ee8ece058096\"},\"headline\":\"Le Pr\u00e9sident Emmanuel Macron nomme S\u00e9bastien Lecornu Premier ministre\",\"datePublished\":\"2025-09-10T03:23:12+00:00\",\"dateModified\":\"2025-09-10T03:23:15+00:00\",\"mainEntityOfPage\":{\"@id\":\"https:\/\/velipost.com\/?p=4127\"},\"wordCount\":345,\"commentCount\":0,\"publisher\":{\"@id\":\"https:\/\/velipost.com\/#organization\"},\"image\":{\"@id\":\"https:\/\/velipost.com\/?p=4127#primaryimage\"},\"thumbnailUrl\":\"https:\/\/velipost.com\/wp-content\/uploads\/2025\/09\/Cover-VP-3.jpg\",\"articleSection\":[\"International\"],\"inLanguage\":\"fr-FR\",\"potentialAction\":[{\"@type\":\"CommentAction\",\"name\":\"Comment\",\"target\":[\"https:\/\/velipost.com\/?p=4127#respond\"]}]},{\"@type\":\"WebPage\",\"@id\":\"https:\/\/velipost.com\/?p=4127\",\"url\":\"https:\/\/velipost.com\/?p=4127\",\"name\":\"Le Pr\u00e9sident Emmanuel Macron nomme S\u00e9bastien Lecornu Premier ministre &#8211; VeliPost\",\"isPartOf\":{\"@id\":\"https:\/\/velipost.com\/#website\"},\"primaryImageOfPage\":{\"@id\":\"https:\/\/velipost.com\/?p=4127#primaryimage\"},\"image\":{\"@id\":\"https:\/\/velipost.com\/?p=4127#primaryimage\"},\"thumbnailUrl\":\"https:\/\/velipost.com\/wp-content\/uploads\/2025\/09\/Cover-VP-3.jpg\",\"datePublished\":\"2025-09-10T03:23:12+00:00\",\"dateModified\":\"2025-09-10T03:23:15+00:00\",\"breadcrumb\":{\"@id\":\"https:\/\/velipost.com\/?p=4127#breadcrumb\"},\"inLanguage\":\"fr-FR\",\"potentialAction\":[{\"@type\":\"ReadAction\",\"target\":[\"https:\/\/velipost.com\/?p=4127\"]}]},{\"@type\":\"ImageObject\",\"inLanguage\":\"fr-FR\",\"@id\":\"https:\/\/velipost.com\/?p=4127#primaryimage\",\"url\":\"https:\/\/velipost.com\/wp-content\/uploads\/2025\/09\/Cover-VP-3.jpg\",\"contentUrl\":\"https:\/\/velipost.com\/wp-content\/uploads\/2025\/09\/Cover-VP-3.jpg\",\"width\":1170,\"height\":603},{\"@type\":\"BreadcrumbList\",\"@id\":\"https:\/\/velipost.com\/?p=4127#breadcrumb\",\"itemListElement\":[{\"@type\":\"ListItem\",\"position\":1,\"name\":\"Accueil\",\"item\":\"https:\/\/velipost.com\/\"},{\"@type\":\"ListItem\",\"position\":2,\"name\":\"Le Pr\u00e9sident Emmanuel Macron nomme S\u00e9bastien Lecornu Premier ministre\"}]},{\"@type\":\"WebSite\",\"@id\":\"https:\/\/velipost.com\/#website\",\"url\":\"https:\/\/velipost.com\/\",\"name\":\"VeliPost\",\"description\":\"L\u2019info en un clic\",\"publisher\":{\"@id\":\"https:\/\/velipost.com\/#organization\"},\"potentialAction\":[{\"@type\":\"SearchAction\",\"target\":{\"@type\":\"EntryPoint\",\"urlTemplate\":\"https:\/\/velipost.com\/?s={search_term_string}\"},\"query-input\":{\"@type\":\"PropertyValueSpecification\",\"valueRequired\":true,\"valueName\":\"search_term_string\"}}],\"inLanguage\":\"fr-FR\"},{\"@type\":\"Organization\",\"@id\":\"https:\/\/velipost.com\/#organization\",\"name\":\"VeliPost\",\"url\":\"https:\/\/velipost.com\/\",\"logo\":{\"@type\":\"ImageObject\",\"inLanguage\":\"fr-FR\",\"@id\":\"https:\/\/velipost.com\/#\/schema\/logo\/image\/\",\"url\":\"https:\/\/velipost.com\/wp-content\/uploads\/2024\/08\/cropped-VP-logo-piti.png\",\"contentUrl\":\"https:\/\/velipost.com\/wp-content\/uploads\/2024\/08\/cropped-VP-logo-piti.png\",\"width\":201,\"height\":69,\"caption\":\"VeliPost\"},\"image\":{\"@id\":\"https:\/\/velipost.com\/#\/schema\/logo\/image\/\"},\"sameAs\":[\"https:\/\/www.facebook.com\/veliposthaiti\",\"https:\/\/x.com\/veliposthaiti\",\"https:\/\/www.instagram.com\/veliposthaiti\"]},{\"@type\":\"Person\",\"@id\":\"https:\/\/velipost.com\/#\/schema\/person\/32ff49a53c9c1bb24302ee8ece058096\",\"name\":\"VeliPost\",\"image\":{\"@type\":\"ImageObject\",\"inLanguage\":\"fr-FR\",\"@id\":\"https:\/\/velipost.com\/#\/schema\/person\/image\/\",\"url\":\"https:\/\/secure.gravatar.com\/avatar\/57c226c264de62f794185a89596d4a37b85a5ad20aca30d9d5a478b27d8c8d9d?s=96&d=mm&r=g\",\"contentUrl\":\"https:\/\/secure.gravatar.com\/avatar\/57c226c264de62f794185a89596d4a37b85a5ad20aca30d9d5a478b27d8c8d9d?s=96&d=mm&r=g\",\"caption\":\"VeliPost\"},\"sameAs\":[\"https:\/\/velipost.com\"],\"url\":\"https:\/\/velipost.com\/?author=1\"}]}<\/script>\n<!-- \/ Yoast SEO plugin. -->","yoast_head_json":{"title":"Le Pr\u00e9sident Emmanuel Macron nomme S\u00e9bastien Lecornu Premier ministre &#8211; VeliPost","robots":{"index":"index","follow":"follow","max-snippet":"max-snippet:-1","max-image-preview":"max-image-preview:large","max-video-preview":"max-video-preview:-1"},"canonical":"https:\/\/velipost.com\/?p=4127","og_locale":"fr_FR","og_type":"article","og_title":"Le Pr\u00e9sident Emmanuel Macron nomme S\u00e9bastien Lecornu Premier ministre &#8211; VeliPost","og_description":"Quelques heures seulement apr\u00e8s la&nbsp;d\u00e9mission officielle de Fran\u00e7ois Bayrou, Emmanuel Macron a d\u00e9sign\u00e9 S\u00e9bastien Lecornu pour lui succ\u00e9der au poste de Premier ministre. Celui-ci&nbsp;sera","og_url":"https:\/\/velipost.com\/?p=4127","og_site_name":"VeliPost","article_publisher":"https:\/\/www.facebook.com\/veliposthaiti","article_published_time":"2025-09-10T03:23:12+00:00","article_modified_time":"2025-09-10T03:23:15+00:00","og_image":[{"width":1170,"height":603,"url":"https:\/\/velipost.com\/wp-content\/uploads\/2025\/09\/Cover-VP-3.jpg","type":"image\/jpeg"}],"author":"VeliPost","twitter_card":"summary_large_image","twitter_creator":"@veliposthaiti","twitter_site":"@veliposthaiti","twitter_misc":{"\u00c9crit par":"VeliPost","Dur\u00e9e de lecture estim\u00e9e":"2 minutes"},"schema":{"@context":"https:\/\/schema.org","@graph":[{"@type":"Article","@id":"https:\/\/velipost.com\/?p=4127#article","isPartOf":{"@id":"https:\/\/velipost.com\/?p=4127"},"author":{"name":"VeliPost","@id":"https:\/\/velipost.com\/#\/schema\/person\/32ff49a53c9c1bb24302ee8ece058096"},"headline":"Le Pr\u00e9sident Emmanuel Macron nomme S\u00e9bastien Lecornu Premier ministre","datePublished":"2025-09-10T03:23:12+00:00","dateModified":"2025-09-10T03:23:15+00:00","mainEntityOfPage":{"@id":"https:\/\/velipost.com\/?p=4127"},"wordCount":345,"commentCount":0,"publisher":{"@id":"https:\/\/velipost.com\/#organization"},"image":{"@id":"https:\/\/velipost.com\/?p=4127#primaryimage"},"thumbnailUrl":"https:\/\/velipost.com\/wp-content\/uploads\/2025\/09\/Cover-VP-3.jpg","articleSection":["International"],"inLanguage":"fr-FR","potentialAction":[{"@type":"CommentAction","name":"Comment","target":["https:\/\/velipost.com\/?p=4127#respond"]}]},{"@type":"WebPage","@id":"https:\/\/velipost.com\/?p=4127","url":"https:\/\/velipost.com\/?p=4127","name":"Le Pr\u00e9sident Emmanuel Macron nomme S\u00e9bastien Lecornu Premier ministre &#8211; VeliPost","isPartOf":{"@id":"https:\/\/velipost.com\/#website"},"primaryImageOfPage":{"@id":"https:\/\/velipost.com\/?p=4127#primaryimage"},"image":{"@id":"https:\/\/velipost.com\/?p=4127#primaryimage"},"thumbnailUrl":"https:\/\/velipost.com\/wp-content\/uploads\/2025\/09\/Cover-VP-3.jpg","datePublished":"2025-09-10T03:23:12+00:00","dateModified":"2025-09-10T03:23:15+00:00","breadcrumb":{"@id":"https:\/\/velipost.com\/?p=4127#breadcrumb"},"inLanguage":"fr-FR","potentialAction":[{"@type":"ReadAction","target":["https:\/\/velipost.com\/?p=4127"]}]},{"@type":"ImageObject","inLanguage":"fr-FR","@id":"https:\/\/velipost.com\/?p=4127#primaryimage","url":"https:\/\/velipost.com\/wp-content\/uploads\/2025\/09\/Cover-VP-3.jpg","contentUrl":"https:\/\/velipost.com\/wp-content\/uploads\/2025\/09\/Cover-VP-3.jpg","width":1170,"height":603},{"@type":"BreadcrumbList","@id":"https:\/\/velipost.com\/?p=4127#breadcrumb","itemListElement":[{"@type":"ListItem","position":1,"name":"Accueil","item":"https:\/\/velipost.com\/"},{"@type":"ListItem","position":2,"name":"Le Pr\u00e9sident Emmanuel Macron nomme S\u00e9bastien Lecornu Premier ministre"}]},{"@type":"WebSite","@id":"https:\/\/velipost.com\/#website","url":"https:\/\/velipost.com\/","name":"VeliPost","description":"L\u2019info en un clic","publisher":{"@id":"https:\/\/velipost.com\/#organization"},"potentialAction":[{"@type":"SearchAction","target":{"@type":"EntryPoint","urlTemplate":"https:\/\/velipost.com\/?s={search_term_string}"},"query-input":{"@type":"PropertyValueSpecification","valueRequired":true,"valueName":"search_term_string"}}],"inLanguage":"fr-FR"},{"@type":"Organization","@id":"https:\/\/velipost.com\/#organization","name":"VeliPost","url":"https:\/\/velipost.com\/","logo":{"@type":"ImageObject","inLanguage":"fr-FR","@id":"https:\/\/velipost.com\/#\/schema\/logo\/image\/","url":"https:\/\/velipost.com\/wp-content\/uploads\/2024\/08\/cropped-VP-logo-piti.png","contentUrl":"https:\/\/velipost.com\/wp-content\/uploads\/2024\/08\/cropped-VP-logo-piti.png","width":201,"height":69,"caption":"VeliPost"},"image":{"@id":"https:\/\/velipost.com\/#\/schema\/logo\/image\/"},"sameAs":["https:\/\/www.facebook.com\/veliposthaiti","https:\/\/x.com\/veliposthaiti","https:\/\/www.instagram.com\/veliposthaiti"]},{"@type":"Person","@id":"https:\/\/velipost.com\/#\/schema\/person\/32ff49a53c9c1bb24302ee8ece058096","name":"VeliPost","image":{"@type":"ImageObject","inLanguage":"fr-FR","@id":"https:\/\/velipost.com\/#\/schema\/person\/image\/","url":"https:\/\/secure.gravatar.com\/avatar\/57c226c264de62f794185a89596d4a37b85a5ad20aca30d9d5a478b27d8c8d9d?s=96&d=mm&r=g","contentUrl":"https:\/\/secure.gravatar.com\/avatar\/57c226c264de62f794185a89596d4a37b85a5ad20aca30d9d5a478b27d8c8d9d?s=96&d=mm&r=g","caption":"VeliPost"},"sameAs":["https:\/\/velipost.com"],"url":"https:\/\/velipost.com\/?author=1"}]}},"views":0,"jetpack_publicize_connections":[],"uagb_featured_image_src":{"full":["https:\/\/velipost.com\/wp-content\/uploads\/2025\/09\/Cover-VP-3.jpg",1170,603,false],"thumbnail":["https:\/\/velipost.com\/wp-content\/uploads\/2025\/09\/Cover-VP-3-150x150.jpg",150,150,true],"medium":["https:\/\/velipost.com\/wp-content\/uploads\/2025\/09\/Cover-VP-3-300x155.jpg",300,155,true],"medium_large":["https:\/\/velipost.com\/wp-content\/uploads\/2025\/09\/Cover-VP-3-768x396.jpg",715,369,true],"large":["https:\/\/velipost.com\/wp-content\/uploads\/2025\/09\/Cover-VP-3-1024x528.jpg",715,369,true],"1536x1536":["https:\/\/velipost.com\/wp-content\/uploads\/2025\/09\/Cover-VP-3.jpg",1170,603,false],"2048x2048":["https:\/\/velipost.com\/wp-content\/uploads\/2025\/09\/Cover-VP-3.jpg",1170,603,false],"colornews-big-slider":["https:\/\/velipost.com\/wp-content\/uploads\/2025\/09\/Cover-VP-3-1070x470.jpg",1070,470,true],"colornews-big-slider-thumb":["https:\/\/velipost.com\/wp-content\/uploads\/2025\/09\/Cover-VP-3-184x109.jpg",184,109,true],"colornews-featured-post-medium":["https:\/\/velipost.com\/wp-content\/uploads\/2025\/09\/Cover-VP-3-345x265.jpg",345,265,true],"colornews-featured-post-small":["https:\/\/velipost.com\/wp-content\/uploads\/2025\/09\/Cover-VP-3-115x73.jpg",115,73,true],"colornews-random-posts":["https:\/\/velipost.com\/wp-content\/uploads\/2025\/09\/Cover-VP-3-215x215.jpg",215,215,true],"colornews-featured-image":["https:\/\/velipost.com\/wp-content\/uploads\/2025\/09\/Cover-VP-3-715x400.jpg",715,400,true],"mailpoet_newsletter_max":["https:\/\/velipost.com\/wp-content\/uploads\/2025\/09\/Cover-VP-3.jpg",1170,603,false]},"uagb_author_info":{"display_name":"VeliPost","author_link":"https:\/\/velipost.com\/?author=1"},"uagb_comment_info":0,"uagb_excerpt":"Quelques heures seulement apr\u00e8s la&nbsp;d\u00e9mission officielle de Fran\u00e7ois Bayrou, Emmanuel Macron a d\u00e9sign\u00e9 S\u00e9bastien Lecornu pour lui succ\u00e9der au poste de Premier ministre. Celui-ci&nbsp;sera","_links":{"self":[{"href":"https:\/\/velipost.com\/index.php?rest_route=\/wp\/v2\/posts\/4127","targetHints":{"allow":["GET"]}}],"collection":[{"href":"https:\/\/velipost.com\/index.php?rest_route=\/wp\/v2\/posts"}],"about":[{"href":"https:\/\/velipost.com\/index.php?rest_route=\/wp\/v2\/types\/post"}],"author":[{"embeddable":true,"href":"https:\/\/velipost.com\/index.php?rest_route=\/wp\/v2\/users\/1"}],"replies":[{"embeddable":true,"href":"https:\/\/velipost.com\/index.php?rest_route=%2Fwp%2Fv2%2Fcomments&post=4127"}],"version-history":[{"count":1,"href":"https:\/\/velipost.com\/index.php?rest_route=\/wp\/v2\/posts\/4127\/revisions"}],"predecessor-version":[{"id":4129,"href":"https:\/\/velipost.com\/index.php?rest_route=\/wp\/v2\/posts\/4127\/revisions\/4129"}],"wp:featuredmedia":[{"embeddable":true,"href":"https:\/\/velipost.com\/index.php?rest_route=\/wp\/v2\/media\/4128"}],"wp:attachment":[{"href":"https:\/\/velipost.com\/index.php?rest_route=%2Fwp%2Fv2%2Fmedia&parent=4127"}],"wp:term":[{"taxonomy":"category","embeddable":true,"href":"https:\/\/velipost.com\/index.php?rest_route=%2Fwp%2Fv2%2Fcategories&post=4127"},{"taxonomy":"post_tag","embeddable":true,"href":"https:\/\/velipost.com\/index.php?rest_route=%2Fwp%2Fv2%2Ftags&post=4127"}],"curies":[{"name":"wp","href":"https:\/\/api.w.org\/{rel}","templated":true}]}}