{"id":4124,"date":"2025-09-10T05:12:06","date_gmt":"2025-09-10T03:12:06","guid":{"rendered":"https:\/\/velipost.com\/?p=4124"},"modified":"2025-09-10T05:12:08","modified_gmt":"2025-09-10T03:12:08","slug":"la-caricom-salue-le-projet-de-resolution-de-lonu-pour-renforcer-la-securite-en-haiti","status":"publish","type":"post","link":"https:\/\/velipost.com\/?p=4124","title":{"rendered":"La CARICOM salue le projet de r\u00e9solution de l\u2019ONU pour renforcer la s\u00e9curit\u00e9 en Ha\u00efti"},"content":{"rendered":"\n<p>La Communaut\u00e9 des Cara\u00efbes (CARICOM) a exprim\u00e9 son soutien au projet de r\u00e9solution r\u00e9cemment d\u00e9pos\u00e9 au Conseil de s\u00e9curit\u00e9 des Nations Unies par les \u00c9tats-Unis et le Panama. Cette initiative vise \u00e0 accro\u00eetre l\u2019assistance s\u00e9curitaire en Ha\u00efti, dans un contexte de violence croissante et de crise humanitaire majeure.<\/p>\n\n\n\n<p>Selon la CARICOM, le projet de r\u00e9solution intervient \u00e0 un moment critique. Les meurtres, enl\u00e8vements, violences sexistes, pertes territoriales et d\u00e9placements massifs de populations li\u00e9s aux gangs arm\u00e9s continuent de d\u00e9stabiliser le pays.<\/p>\n\n\n\n<p>Le texte propos\u00e9 reconna\u00eet la contribution de la Mission multinationale de soutien \u00e0 la s\u00e9curit\u00e9 (MNSS) en Ha\u00efti et loue le leadership du Kenya, ainsi que l\u2019engagement des autres \u00c9tats membres qui ont fourni du personnel et des ressources. Il approuve \u00e9galement les recommandations du Secr\u00e9taire g\u00e9n\u00e9ral de l\u2019ONU, valid\u00e9es par le gouvernement ha\u00eftien, pour le d\u00e9ploiement d\u2019une force de s\u00e9curit\u00e9 renforc\u00e9e et la mise en place d\u2019un Bureau d\u2019appui des Nations Unies pour soutenir cette op\u00e9ration.<\/p>\n\n\n\n<p>La future \u00ab Force de r\u00e9pression des gangs \u00bb (FSG) pourra compter sur un effectif maximal de 5\u202f500 hommes et disposera d\u2019un mandat solide. Son financement reposera sur des contributions volontaires, tandis que le Bureau d\u2019appui sera financ\u00e9 par les \u00c9tats membres de l\u2019ONU. La r\u00e9solution prend \u00e9galement en compte la Feuille de route pour la stabilit\u00e9 et la paix en Ha\u00efti, \u00e9labor\u00e9e par l\u2019Organisation des \u00c9tats am\u00e9ricains (OEA), qui pourrait fournir un appui logistique \u00e0 la FSG.<\/p>\n\n\n\n<p>La CARICOM appelle les membres permanents du Conseil de s\u00e9curit\u00e9 \u00e0 consid\u00e9rer la situation \u00ab d\u00e9sastreuse et pr\u00e9caire \u00bb du peuple ha\u00eftien. Dans sa d\u00e9claration, l\u2019organisation souligne que l\u2019adoption de ce projet de r\u00e9solution offrirait \u00ab une lueur d\u2019espoir et la promesse d\u2019un soulagement \u00bb \u00e0 une population plong\u00e9e \u00ab dans une v\u00e9ritable temp\u00eate de souffrances \u00bb, selon les mots du Secr\u00e9taire g\u00e9n\u00e9ral des Nations Unies.<\/p>\n\n    <div class=\"xs_social_share_widget xs_share_url after_content \t\tmain_content  wslu-style-3 wslu-share-box-shaped wslu-fill-brand-hover-colored wslu-share-m-5 wslu-none wslu-share-horizontal wslu-theme-font-no wslu-main_content\">\n\n\t\t\n        <ul>\n\t\t\t                    <li class=\"xs-share-li twitter                        wslu-no-extra-data\">\n                        <a href=\"javascript:void(0);\"\n                           id=\"xs_feed_twitter\"\n                           onclick=\"xs_social_sharer(this);\"\n                           data-pid=\"4124\"\n                           data-uri_hash=\"b75cd2b8333fb3ce441e48476995015c\"\n                           data-key=\"twitter\"\n                           data-xs-href=\"https:\/\/twitter.com\/intent\/tweet?text=La+CARICOM+salue+le+projet+de+r%C3%A9solution+de+l%E2%80%99ONU+pour+renforcer+la+s%C3%A9curit%C3%A9+en+Ha%C3%AFti+https%3A%2F%2Fvelipost.com%2Findex.php%3Frest_route%3D%252Fwp%252Fv2%252Fposts%252F4124&amp;original_referer=https%3A%2F%2Fvelipost.com%2Findex.php%3Frest_route%3D%252Fwp%252Fv2%252Fposts%252F4124&amp;related=xpeedstudio\">\n\n                            <div class=\"xs-social-icon\">\n                                <span class=\"met-social met-social-twitter\"><\/span>\n                            <\/div>\n\n\t\t\t\t\t\t\t\n                            <div class=\"wslu-hover-content\">\n                                <div class=\"xs-social-followers\">\n\t\t\t\t\t\t\t\t\t10                                <\/div>\n                                <div class=\"xs-social-follower-text\">\n\t\t\t\t\t\t\t\t\tShare                                <\/div>\n                                <div class=\"xs-social-follower-label\">\n\t\t\t\t\t\t\t\t\tTwitter                                <\/div>\n                            <\/div>\n                        <\/a>\n                    <\/li>\n\t\t\t\t\t                    <li class=\"xs-share-li telegram                        wslu-no-extra-data\">\n                        <a href=\"javascript:void(0);\"\n                           id=\"xs_feed_telegram\"\n                           onclick=\"xs_social_sharer(this);\"\n                           data-pid=\"4124\"\n                           data-uri_hash=\"b75cd2b8333fb3ce441e48476995015c\"\n                           data-key=\"telegram\"\n                           data-xs-href=\"https:\/\/telegram.me\/share\/url?url=https%3A%2F%2Fvelipost.com%2Findex.php%3Frest_route%3D%252Fwp%252Fv2%252Fposts%252F4124&amp;text=La+CARICOM+salue+le+projet+de+r%C3%A9solution+de+l%E2%80%99ONU+pour+renforcer+la+s%C3%A9curit%C3%A9+en+Ha%C3%AFti\">\n\n                            <div class=\"xs-social-icon\">\n                                <span class=\"met-social met-social-telegram\"><\/span>\n                            <\/div>\n\n\t\t\t\t\t\t\t\n                            <div class=\"wslu-hover-content\">\n                                <div class=\"xs-social-followers\">\n\t\t\t\t\t\t\t\t\t0                                <\/div>\n                                <div class=\"xs-social-follower-text\">\n\t\t\t\t\t\t\t\t\tShare                                <\/div>\n                                <div class=\"xs-social-follower-label\">\n\t\t\t\t\t\t\t\t\tTelegram                                <\/div>\n                            <\/div>\n                        <\/a>\n                    <\/li>\n\t\t\t\t\t                    <li class=\"xs-share-li email                        wslu-no-extra-data\">\n                        <a href=\"javascript:void(0);\"\n                           id=\"xs_feed_email\"\n                           onclick=\"xs_social_sharer(this);\"\n                           data-pid=\"4124\"\n                           data-uri_hash=\"b75cd2b8333fb3ce441e48476995015c\"\n                           data-key=\"email\"\n                           data-xs-href=\"mailto:?body=Title%3A+La+CARICOM+salue+le+projet+de+r%C3%A9solution+de+l%E2%80%99ONU+pour+renforcer+la+s%C3%A9curit%C3%A9+en+Ha%C3%AFti+%5Cn%5Cn+URL%3A+https%3A%2F%2Fvelipost.com%2Findex.php%3Frest_route%3D%252Fwp%252Fv2%252Fposts%252F4124&amp;subject=La+CARICOM+salue+le+projet+de+r%C3%A9solution+de+l%E2%80%99ONU+pour+renforcer+la+s%C3%A9curit%C3%A9+en+Ha%C3%AFti\">\n\n                            <div class=\"xs-social-icon\">\n                                <span class=\"met-social met-social-email\"><\/span>\n                            <\/div>\n\n\t\t\t\t\t\t\t\n                            <div class=\"wslu-hover-content\">\n                                <div class=\"xs-social-followers\">\n\t\t\t\t\t\t\t\t\t0                                <\/div>\n                                <div class=\"xs-social-follower-text\">\n\t\t\t\t\t\t\t\t\tShare                                <\/div>\n                                <div class=\"xs-social-follower-label\">\n\t\t\t\t\t\t\t\t\tEmail                                <\/div>\n                            <\/div>\n                        <\/a>\n                    <\/li>\n\t\t\t\t\t        <\/ul>\n    <\/div> \n","protected":false},"excerpt":{"rendered":"<p>La Communaut\u00e9 des Cara\u00efbes (CARICOM) a exprim\u00e9 son soutien au projet de r\u00e9solution r\u00e9cemment d\u00e9pos\u00e9 au Conseil de s\u00e9curit\u00e9 des Nations Unies par les<\/p>\n","protected":false},"author":1,"featured_media":4125,"comment_status":"open","ping_status":"open","sticky":false,"template":"","format":"standard","meta":{"_uag_custom_page_level_css":"","footnotes":"","jetpack_publicize_message":"","jetpack_publicize_feature_enabled":true,"jetpack_social_post_already_shared":true,"jetpack_social_options":{"image_generator_settings":{"template":"highway","default_image_id":0,"font":"","enabled":false},"version":2}},"categories":[255],"tags":[],"class_list":["post-4124","post","type-post","status-publish","format-standard","has-post-thumbnail","hentry","category-securite"],"yoast_head":"<!-- This site is optimized with the Yoast SEO plugin v25.3.1 - https:\/\/yoast.com\/wordpress\/plugins\/seo\/ -->\n<title>La CARICOM salue le projet de r\u00e9solution de l\u2019ONU pour renforcer la s\u00e9curit\u00e9 en Ha\u00efti &#8211; VeliPost<\/title>\n<meta name=\"robots\" content=\"index, follow, max-snippet:-1, max-image-preview:large, max-video-preview:-1\" \/>\n<link rel=\"canonical\" href=\"https:\/\/velipost.com\/?p=4124\" \/>\n<meta property=\"og:locale\" content=\"fr_FR\" \/>\n<meta property=\"og:type\" content=\"article\" \/>\n<meta property=\"og:title\" content=\"La CARICOM salue le projet de r\u00e9solution de l\u2019ONU pour renforcer la s\u00e9curit\u00e9 en Ha\u00efti &#8211; VeliPost\" \/>\n<meta property=\"og:description\" content=\"La Communaut\u00e9 des Cara\u00efbes (CARICOM) a exprim\u00e9 son soutien au projet de r\u00e9solution r\u00e9cemment d\u00e9pos\u00e9 au Conseil de s\u00e9curit\u00e9 des Nations Unies par les\" \/>\n<meta property=\"og:url\" content=\"https:\/\/velipost.com\/?p=4124\" \/>\n<meta property=\"og:site_name\" content=\"VeliPost\" \/>\n<meta property=\"article:publisher\" content=\"https:\/\/www.facebook.com\/veliposthaiti\" \/>\n<meta property=\"article:published_time\" content=\"2025-09-10T03:12:06+00:00\" \/>\n<meta property=\"article:modified_time\" content=\"2025-09-10T03:12:08+00:00\" \/>\n<meta property=\"og:image\" content=\"https:\/\/velipost.com\/wp-content\/uploads\/2025\/09\/CARICOM.jpg\" \/>\n\t<meta property=\"og:image:width\" content=\"1170\" \/>\n\t<meta property=\"og:image:height\" content=\"603\" \/>\n\t<meta property=\"og:image:type\" content=\"image\/jpeg\" \/>\n<meta name=\"author\" content=\"VeliPost\" \/>\n<meta name=\"twitter:card\" content=\"summary_large_image\" \/>\n<meta name=\"twitter:creator\" content=\"@veliposthaiti\" \/>\n<meta name=\"twitter:site\" content=\"@veliposthaiti\" \/>\n<meta name=\"twitter:label1\" content=\"\u00c9crit par\" \/>\n\t<meta name=\"twitter:data1\" content=\"VeliPost\" \/>\n\t<meta name=\"twitter:label2\" content=\"Dur\u00e9e de lecture estim\u00e9e\" \/>\n\t<meta name=\"twitter:data2\" content=\"2 minutes\" \/>\n<script type=\"application\/ld+json\" class=\"yoast-schema-graph\">{\"@context\":\"https:\/\/schema.org\",\"@graph\":[{\"@type\":\"Article\",\"@id\":\"https:\/\/velipost.com\/?p=4124#article\",\"isPartOf\":{\"@id\":\"https:\/\/velipost.com\/?p=4124\"},\"author\":{\"name\":\"VeliPost\",\"@id\":\"https:\/\/velipost.com\/#\/schema\/person\/32ff49a53c9c1bb24302ee8ece058096\"},\"headline\":\"La CARICOM salue le projet de r\u00e9solution de l\u2019ONU pour renforcer la s\u00e9curit\u00e9 en Ha\u00efti\",\"datePublished\":\"2025-09-10T03:12:06+00:00\",\"dateModified\":\"2025-09-10T03:12:08+00:00\",\"mainEntityOfPage\":{\"@id\":\"https:\/\/velipost.com\/?p=4124\"},\"wordCount\":364,\"commentCount\":0,\"publisher\":{\"@id\":\"https:\/\/velipost.com\/#organization\"},\"image\":{\"@id\":\"https:\/\/velipost.com\/?p=4124#primaryimage\"},\"thumbnailUrl\":\"https:\/\/velipost.com\/wp-content\/uploads\/2025\/09\/CARICOM.jpg\",\"articleSection\":[\"S\u00e9curit\u00e9\"],\"inLanguage\":\"fr-FR\",\"potentialAction\":[{\"@type\":\"CommentAction\",\"name\":\"Comment\",\"target\":[\"https:\/\/velipost.com\/?p=4124#respond\"]}]},{\"@type\":\"WebPage\",\"@id\":\"https:\/\/velipost.com\/?p=4124\",\"url\":\"https:\/\/velipost.com\/?p=4124\",\"name\":\"La CARICOM salue le projet de r\u00e9solution de l\u2019ONU pour renforcer la s\u00e9curit\u00e9 en Ha\u00efti &#8211; VeliPost\",\"isPartOf\":{\"@id\":\"https:\/\/velipost.com\/#website\"},\"primaryImageOfPage\":{\"@id\":\"https:\/\/velipost.com\/?p=4124#primaryimage\"},\"image\":{\"@id\":\"https:\/\/velipost.com\/?p=4124#primaryimage\"},\"thumbnailUrl\":\"https:\/\/velipost.com\/wp-content\/uploads\/2025\/09\/CARICOM.jpg\",\"datePublished\":\"2025-09-10T03:12:06+00:00\",\"dateModified\":\"2025-09-10T03:12:08+00:00\",\"breadcrumb\":{\"@id\":\"https:\/\/velipost.com\/?p=4124#breadcrumb\"},\"inLanguage\":\"fr-FR\",\"potentialAction\":[{\"@type\":\"ReadAction\",\"target\":[\"https:\/\/velipost.com\/?p=4124\"]}]},{\"@type\":\"ImageObject\",\"inLanguage\":\"fr-FR\",\"@id\":\"https:\/\/velipost.com\/?p=4124#primaryimage\",\"url\":\"https:\/\/velipost.com\/wp-content\/uploads\/2025\/09\/CARICOM.jpg\",\"contentUrl\":\"https:\/\/velipost.com\/wp-content\/uploads\/2025\/09\/CARICOM.jpg\",\"width\":1170,\"height\":603},{\"@type\":\"BreadcrumbList\",\"@id\":\"https:\/\/velipost.com\/?p=4124#breadcrumb\",\"itemListElement\":[{\"@type\":\"ListItem\",\"position\":1,\"name\":\"Accueil\",\"item\":\"https:\/\/velipost.com\/\"},{\"@type\":\"ListItem\",\"position\":2,\"name\":\"La CARICOM salue le projet de r\u00e9solution de l\u2019ONU pour renforcer la s\u00e9curit\u00e9 en Ha\u00efti\"}]},{\"@type\":\"WebSite\",\"@id\":\"https:\/\/velipost.com\/#website\",\"url\":\"https:\/\/velipost.com\/\",\"name\":\"VeliPost\",\"description\":\"L\u2019info en un clic\",\"publisher\":{\"@id\":\"https:\/\/velipost.com\/#organization\"},\"potentialAction\":[{\"@type\":\"SearchAction\",\"target\":{\"@type\":\"EntryPoint\",\"urlTemplate\":\"https:\/\/velipost.com\/?s={search_term_string}\"},\"query-input\":{\"@type\":\"PropertyValueSpecification\",\"valueRequired\":true,\"valueName\":\"search_term_string\"}}],\"inLanguage\":\"fr-FR\"},{\"@type\":\"Organization\",\"@id\":\"https:\/\/velipost.com\/#organization\",\"name\":\"VeliPost\",\"url\":\"https:\/\/velipost.com\/\",\"logo\":{\"@type\":\"ImageObject\",\"inLanguage\":\"fr-FR\",\"@id\":\"https:\/\/velipost.com\/#\/schema\/logo\/image\/\",\"url\":\"https:\/\/velipost.com\/wp-content\/uploads\/2024\/08\/cropped-VP-logo-piti.png\",\"contentUrl\":\"https:\/\/velipost.com\/wp-content\/uploads\/2024\/08\/cropped-VP-logo-piti.png\",\"width\":201,\"height\":69,\"caption\":\"VeliPost\"},\"image\":{\"@id\":\"https:\/\/velipost.com\/#\/schema\/logo\/image\/\"},\"sameAs\":[\"https:\/\/www.facebook.com\/veliposthaiti\",\"https:\/\/x.com\/veliposthaiti\",\"https:\/\/www.instagram.com\/veliposthaiti\"]},{\"@type\":\"Person\",\"@id\":\"https:\/\/velipost.com\/#\/schema\/person\/32ff49a53c9c1bb24302ee8ece058096\",\"name\":\"VeliPost\",\"image\":{\"@type\":\"ImageObject\",\"inLanguage\":\"fr-FR\",\"@id\":\"https:\/\/velipost.com\/#\/schema\/person\/image\/\",\"url\":\"https:\/\/secure.gravatar.com\/avatar\/57c226c264de62f794185a89596d4a37b85a5ad20aca30d9d5a478b27d8c8d9d?s=96&d=mm&r=g\",\"contentUrl\":\"https:\/\/secure.gravatar.com\/avatar\/57c226c264de62f794185a89596d4a37b85a5ad20aca30d9d5a478b27d8c8d9d?s=96&d=mm&r=g\",\"caption\":\"VeliPost\"},\"sameAs\":[\"https:\/\/velipost.com\"],\"url\":\"https:\/\/velipost.com\/?author=1\"}]}<\/script>\n<!-- \/ Yoast SEO plugin. -->","yoast_head_json":{"title":"La CARICOM salue le projet de r\u00e9solution de l\u2019ONU pour renforcer la s\u00e9curit\u00e9 en Ha\u00efti &#8211; VeliPost","robots":{"index":"index","follow":"follow","max-snippet":"max-snippet:-1","max-image-preview":"max-image-preview:large","max-video-preview":"max-video-preview:-1"},"canonical":"https:\/\/velipost.com\/?p=4124","og_locale":"fr_FR","og_type":"article","og_title":"La CARICOM salue le projet de r\u00e9solution de l\u2019ONU pour renforcer la s\u00e9curit\u00e9 en Ha\u00efti &#8211; VeliPost","og_description":"La Communaut\u00e9 des Cara\u00efbes (CARICOM) a exprim\u00e9 son soutien au projet de r\u00e9solution r\u00e9cemment d\u00e9pos\u00e9 au Conseil de s\u00e9curit\u00e9 des Nations Unies par les","og_url":"https:\/\/velipost.com\/?p=4124","og_site_name":"VeliPost","article_publisher":"https:\/\/www.facebook.com\/veliposthaiti","article_published_time":"2025-09-10T03:12:06+00:00","article_modified_time":"2025-09-10T03:12:08+00:00","og_image":[{"width":1170,"height":603,"url":"https:\/\/velipost.com\/wp-content\/uploads\/2025\/09\/CARICOM.jpg","type":"image\/jpeg"}],"author":"VeliPost","twitter_card":"summary_large_image","twitter_creator":"@veliposthaiti","twitter_site":"@veliposthaiti","twitter_misc":{"\u00c9crit par":"VeliPost","Dur\u00e9e de lecture estim\u00e9e":"2 minutes"},"schema":{"@context":"https:\/\/schema.org","@graph":[{"@type":"Article","@id":"https:\/\/velipost.com\/?p=4124#article","isPartOf":{"@id":"https:\/\/velipost.com\/?p=4124"},"author":{"name":"VeliPost","@id":"https:\/\/velipost.com\/#\/schema\/person\/32ff49a53c9c1bb24302ee8ece058096"},"headline":"La CARICOM salue le projet de r\u00e9solution de l\u2019ONU pour renforcer la s\u00e9curit\u00e9 en Ha\u00efti","datePublished":"2025-09-10T03:12:06+00:00","dateModified":"2025-09-10T03:12:08+00:00","mainEntityOfPage":{"@id":"https:\/\/velipost.com\/?p=4124"},"wordCount":364,"commentCount":0,"publisher":{"@id":"https:\/\/velipost.com\/#organization"},"image":{"@id":"https:\/\/velipost.com\/?p=4124#primaryimage"},"thumbnailUrl":"https:\/\/velipost.com\/wp-content\/uploads\/2025\/09\/CARICOM.jpg","articleSection":["S\u00e9curit\u00e9"],"inLanguage":"fr-FR","potentialAction":[{"@type":"CommentAction","name":"Comment","target":["https:\/\/velipost.com\/?p=4124#respond"]}]},{"@type":"WebPage","@id":"https:\/\/velipost.com\/?p=4124","url":"https:\/\/velipost.com\/?p=4124","name":"La CARICOM salue le projet de r\u00e9solution de l\u2019ONU pour renforcer la s\u00e9curit\u00e9 en Ha\u00efti &#8211; VeliPost","isPartOf":{"@id":"https:\/\/velipost.com\/#website"},"primaryImageOfPage":{"@id":"https:\/\/velipost.com\/?p=4124#primaryimage"},"image":{"@id":"https:\/\/velipost.com\/?p=4124#primaryimage"},"thumbnailUrl":"https:\/\/velipost.com\/wp-content\/uploads\/2025\/09\/CARICOM.jpg","datePublished":"2025-09-10T03:12:06+00:00","dateModified":"2025-09-10T03:12:08+00:00","breadcrumb":{"@id":"https:\/\/velipost.com\/?p=4124#breadcrumb"},"inLanguage":"fr-FR","potentialAction":[{"@type":"ReadAction","target":["https:\/\/velipost.com\/?p=4124"]}]},{"@type":"ImageObject","inLanguage":"fr-FR","@id":"https:\/\/velipost.com\/?p=4124#primaryimage","url":"https:\/\/velipost.com\/wp-content\/uploads\/2025\/09\/CARICOM.jpg","contentUrl":"https:\/\/velipost.com\/wp-content\/uploads\/2025\/09\/CARICOM.jpg","width":1170,"height":603},{"@type":"BreadcrumbList","@id":"https:\/\/velipost.com\/?p=4124#breadcrumb","itemListElement":[{"@type":"ListItem","position":1,"name":"Accueil","item":"https:\/\/velipost.com\/"},{"@type":"ListItem","position":2,"name":"La CARICOM salue le projet de r\u00e9solution de l\u2019ONU pour renforcer la s\u00e9curit\u00e9 en Ha\u00efti"}]},{"@type":"WebSite","@id":"https:\/\/velipost.com\/#website","url":"https:\/\/velipost.com\/","name":"VeliPost","description":"L\u2019info en un clic","publisher":{"@id":"https:\/\/velipost.com\/#organization"},"potentialAction":[{"@type":"SearchAction","target":{"@type":"EntryPoint","urlTemplate":"https:\/\/velipost.com\/?s={search_term_string}"},"query-input":{"@type":"PropertyValueSpecification","valueRequired":true,"valueName":"search_term_string"}}],"inLanguage":"fr-FR"},{"@type":"Organization","@id":"https:\/\/velipost.com\/#organization","name":"VeliPost","url":"https:\/\/velipost.com\/","logo":{"@type":"ImageObject","inLanguage":"fr-FR","@id":"https:\/\/velipost.com\/#\/schema\/logo\/image\/","url":"https:\/\/velipost.com\/wp-content\/uploads\/2024\/08\/cropped-VP-logo-piti.png","contentUrl":"https:\/\/velipost.com\/wp-content\/uploads\/2024\/08\/cropped-VP-logo-piti.png","width":201,"height":69,"caption":"VeliPost"},"image":{"@id":"https:\/\/velipost.com\/#\/schema\/logo\/image\/"},"sameAs":["https:\/\/www.facebook.com\/veliposthaiti","https:\/\/x.com\/veliposthaiti","https:\/\/www.instagram.com\/veliposthaiti"]},{"@type":"Person","@id":"https:\/\/velipost.com\/#\/schema\/person\/32ff49a53c9c1bb24302ee8ece058096","name":"VeliPost","image":{"@type":"ImageObject","inLanguage":"fr-FR","@id":"https:\/\/velipost.com\/#\/schema\/person\/image\/","url":"https:\/\/secure.gravatar.com\/avatar\/57c226c264de62f794185a89596d4a37b85a5ad20aca30d9d5a478b27d8c8d9d?s=96&d=mm&r=g","contentUrl":"https:\/\/secure.gravatar.com\/avatar\/57c226c264de62f794185a89596d4a37b85a5ad20aca30d9d5a478b27d8c8d9d?s=96&d=mm&r=g","caption":"VeliPost"},"sameAs":["https:\/\/velipost.com"],"url":"https:\/\/velipost.com\/?author=1"}]}},"views":0,"jetpack_publicize_connections":[],"uagb_featured_image_src":{"full":["https:\/\/velipost.com\/wp-content\/uploads\/2025\/09\/CARICOM.jpg",1170,603,false],"thumbnail":["https:\/\/velipost.com\/wp-content\/uploads\/2025\/09\/CARICOM-150x150.jpg",150,150,true],"medium":["https:\/\/velipost.com\/wp-content\/uploads\/2025\/09\/CARICOM-300x155.jpg",300,155,true],"medium_large":["https:\/\/velipost.com\/wp-content\/uploads\/2025\/09\/CARICOM-768x396.jpg",715,369,true],"large":["https:\/\/velipost.com\/wp-content\/uploads\/2025\/09\/CARICOM-1024x528.jpg",715,369,true],"1536x1536":["https:\/\/velipost.com\/wp-content\/uploads\/2025\/09\/CARICOM.jpg",1170,603,false],"2048x2048":["https:\/\/velipost.com\/wp-content\/uploads\/2025\/09\/CARICOM.jpg",1170,603,false],"colornews-big-slider":["https:\/\/velipost.com\/wp-content\/uploads\/2025\/09\/CARICOM-1070x470.jpg",1070,470,true],"colornews-big-slider-thumb":["https:\/\/velipost.com\/wp-content\/uploads\/2025\/09\/CARICOM-184x109.jpg",184,109,true],"colornews-featured-post-medium":["https:\/\/velipost.com\/wp-content\/uploads\/2025\/09\/CARICOM-345x265.jpg",345,265,true],"colornews-featured-post-small":["https:\/\/velipost.com\/wp-content\/uploads\/2025\/09\/CARICOM-115x73.jpg",115,73,true],"colornews-random-posts":["https:\/\/velipost.com\/wp-content\/uploads\/2025\/09\/CARICOM-215x215.jpg",215,215,true],"colornews-featured-image":["https:\/\/velipost.com\/wp-content\/uploads\/2025\/09\/CARICOM-715x400.jpg",715,400,true],"mailpoet_newsletter_max":["https:\/\/velipost.com\/wp-content\/uploads\/2025\/09\/CARICOM.jpg",1170,603,false]},"uagb_author_info":{"display_name":"VeliPost","author_link":"https:\/\/velipost.com\/?author=1"},"uagb_comment_info":0,"uagb_excerpt":"La Communaut\u00e9 des Cara\u00efbes (CARICOM) a exprim\u00e9 son soutien au projet de r\u00e9solution r\u00e9cemment d\u00e9pos\u00e9 au Conseil de s\u00e9curit\u00e9 des Nations Unies par les","_links":{"self":[{"href":"https:\/\/velipost.com\/index.php?rest_route=\/wp\/v2\/posts\/4124","targetHints":{"allow":["GET"]}}],"collection":[{"href":"https:\/\/velipost.com\/index.php?rest_route=\/wp\/v2\/posts"}],"about":[{"href":"https:\/\/velipost.com\/index.php?rest_route=\/wp\/v2\/types\/post"}],"author":[{"embeddable":true,"href":"https:\/\/velipost.com\/index.php?rest_route=\/wp\/v2\/users\/1"}],"replies":[{"embeddable":true,"href":"https:\/\/velipost.com\/index.php?rest_route=%2Fwp%2Fv2%2Fcomments&post=4124"}],"version-history":[{"count":1,"href":"https:\/\/velipost.com\/index.php?rest_route=\/wp\/v2\/posts\/4124\/revisions"}],"predecessor-version":[{"id":4126,"href":"https:\/\/velipost.com\/index.php?rest_route=\/wp\/v2\/posts\/4124\/revisions\/4126"}],"wp:featuredmedia":[{"embeddable":true,"href":"https:\/\/velipost.com\/index.php?rest_route=\/wp\/v2\/media\/4125"}],"wp:attachment":[{"href":"https:\/\/velipost.com\/index.php?rest_route=%2Fwp%2Fv2%2Fmedia&parent=4124"}],"wp:term":[{"taxonomy":"category","embeddable":true,"href":"https:\/\/velipost.com\/index.php?rest_route=%2Fwp%2Fv2%2Fcategories&post=4124"},{"taxonomy":"post_tag","embeddable":true,"href":"https:\/\/velipost.com\/index.php?rest_route=%2Fwp%2Fv2%2Ftags&post=4124"}],"curies":[{"name":"wp","href":"https:\/\/api.w.org\/{rel}","templated":true}]}}