{"id":4044,"date":"2025-09-03T03:18:23","date_gmt":"2025-09-03T01:18:23","guid":{"rendered":"https:\/\/velipost.com\/?p=4044"},"modified":"2025-09-03T03:18:41","modified_gmt":"2025-09-03T01:18:41","slug":"lead2change-haiti-le-forum-des-jeunes-leaders-illumine-le-cap-haitien","status":"publish","type":"post","link":"https:\/\/velipost.com\/?p=4044","title":{"rendered":"Lead2Change Ha\u00efti : le Forum des Jeunes Leaders illumine le Cap-Ha\u00eftien"},"content":{"rendered":"\n<p>La jeunesse ha\u00eftienne a pris rendez-vous avec l\u2019avenir. Depuis le 1\u1d49\u02b3 septembre, le Cap-Ha\u00eftien accueille la\u00a02\u1d49 \u00e9dition du Forum Annuel des Jeunes Leaders, une initiative de\u00a0Lead2Change Ha\u00efti\u00a0qui ambitionne de fa\u00e7onner une nouvelle g\u00e9n\u00e9ration de d\u00e9cideurs visionnaires. L\u2019\u00e9v\u00e9nement, qui s\u2019ach\u00e8vera le 3 septembre, rassemble plusieurs centaines de jeunes autour d\u2019un mot d\u2019ordre : b\u00e2tir un leadership \u00e9clair\u00e9 et transformateur pour Ha\u00efti.<\/p>\n\n\n\n<p>D\u00e8s l\u2019ouverture, l\u2019atmosph\u00e8re s\u2019est impos\u00e9e comme celle d\u2019un grand rendez-vous de r\u00e9flexion et d\u2019engagement. La premi\u00e8re journ\u00e9e a \u00e9t\u00e9 rythm\u00e9e par des interventions remarqu\u00e9es de&nbsp;<strong>Me Karlin Georges, Me Saintilus Rodney, Mme Gabrielle Aurel, Me Delcarme Bolivard et Me Sadrack Ordena<\/strong>. Tous ont insist\u00e9 sur l\u2019urgence d\u2019un leadership responsable, capable de d\u00e9passer les clivages et de proposer des solutions concr\u00e8tes aux d\u00e9fis du pays.<\/p>\n\n\n\n<p>Le 2 septembre, le forum a pris une dimension hybride, alternant conf\u00e9rences en pr\u00e9sentiel et en visioconf\u00e9rence. Des voix influentes comme\u00a0<strong>Me Marc-Lee Sainpreux, Me Lekendy Marcellus, Me Olivier Pierre, Me Gestin Ulysse, Me Duly Charles et Me Wendy Saint Fleur<\/strong>\u00a0ont enrichi les d\u00e9bats par leurs perspectives et exp\u00e9riences, suscitant un enthousiasme palpable parmi les participants.<\/p>\n\n\n\n<p>Au-del\u00e0 des discours, c\u2019est la soif de renouveau qui domine ce forum. Les jeunes pr\u00e9sents, venus de divers horizons, voient en Lead2Change Ha\u00efti une plateforme o\u00f9 leurs ambitions peuvent se transformer en projets concrets. Pour beaucoup, cette rencontre n\u2019est pas seulement un espace de formation, mais un tremplin vers une citoyennet\u00e9 active et une responsabilit\u00e9 accrue dans la reconstruction du pays.<\/p>\n\n\n\n<p>\u00c0 la veille de sa cl\u00f4ture, le Forum Annuel des Jeunes Leaders confirme son r\u00f4le central dans le paysage national. Plus qu\u2019un simple \u00e9v\u00e9nement, il s\u2019impose comme une\u00a0v\u00e9ritable \u00e9cole du leadership, o\u00f9 s\u2019\u00e9changent id\u00e9es, visions et strat\u00e9gies pour un futur plus juste et plus solidaire.<\/p>\n\n\n\n<p>Demain, 3 septembre, marquera la fin de cette deuxi\u00e8me \u00e9dition, mais d\u00e9j\u00e0, une certitude se dessine :\u00a0la rel\u00e8ve est en marche, et elle s\u2019organise au Cap-Ha\u00eftien.<\/p>\n\n    <div class=\"xs_social_share_widget xs_share_url after_content \t\tmain_content  wslu-style-3 wslu-share-box-shaped wslu-fill-brand-hover-colored wslu-share-m-5 wslu-none wslu-share-horizontal wslu-theme-font-no wslu-main_content\">\n\n\t\t\n        <ul>\n\t\t\t                    <li class=\"xs-share-li twitter                        wslu-no-extra-data\">\n                        <a href=\"javascript:void(0);\"\n                           id=\"xs_feed_twitter\"\n                           onclick=\"xs_social_sharer(this);\"\n                           data-pid=\"4044\"\n                           data-uri_hash=\"8a96efc8e8dbadc848ead2a329c72ba4\"\n                           data-key=\"twitter\"\n                           data-xs-href=\"https:\/\/twitter.com\/intent\/tweet?text=Lead2Change+Ha%C3%AFti+%3A+le+Forum+des+Jeunes+Leaders+illumine+le+Cap-Ha%C3%AFtien+https%3A%2F%2Fvelipost.com%2Findex.php%3Frest_route%3D%252Fwp%252Fv2%252Fposts%252F4044&amp;original_referer=https%3A%2F%2Fvelipost.com%2Findex.php%3Frest_route%3D%252Fwp%252Fv2%252Fposts%252F4044&amp;related=xpeedstudio\">\n\n                            <div class=\"xs-social-icon\">\n                                <span class=\"met-social met-social-twitter\"><\/span>\n                            <\/div>\n\n\t\t\t\t\t\t\t\n                            <div class=\"wslu-hover-content\">\n                                <div class=\"xs-social-followers\">\n\t\t\t\t\t\t\t\t\t10                                <\/div>\n                                <div class=\"xs-social-follower-text\">\n\t\t\t\t\t\t\t\t\tShare                                <\/div>\n                                <div class=\"xs-social-follower-label\">\n\t\t\t\t\t\t\t\t\tTwitter                                <\/div>\n                            <\/div>\n                        <\/a>\n                    <\/li>\n\t\t\t\t\t                    <li class=\"xs-share-li telegram                        wslu-no-extra-data\">\n                        <a href=\"javascript:void(0);\"\n                           id=\"xs_feed_telegram\"\n                           onclick=\"xs_social_sharer(this);\"\n                           data-pid=\"4044\"\n                           data-uri_hash=\"8a96efc8e8dbadc848ead2a329c72ba4\"\n                           data-key=\"telegram\"\n                           data-xs-href=\"https:\/\/telegram.me\/share\/url?url=https%3A%2F%2Fvelipost.com%2Findex.php%3Frest_route%3D%252Fwp%252Fv2%252Fposts%252F4044&amp;text=Lead2Change+Ha%C3%AFti+%3A+le+Forum+des+Jeunes+Leaders+illumine+le+Cap-Ha%C3%AFtien\">\n\n                            <div class=\"xs-social-icon\">\n                                <span class=\"met-social met-social-telegram\"><\/span>\n                            <\/div>\n\n\t\t\t\t\t\t\t\n                            <div class=\"wslu-hover-content\">\n                                <div class=\"xs-social-followers\">\n\t\t\t\t\t\t\t\t\t0                                <\/div>\n                                <div class=\"xs-social-follower-text\">\n\t\t\t\t\t\t\t\t\tShare                                <\/div>\n                                <div class=\"xs-social-follower-label\">\n\t\t\t\t\t\t\t\t\tTelegram                                <\/div>\n                            <\/div>\n                        <\/a>\n                    <\/li>\n\t\t\t\t\t                    <li class=\"xs-share-li email                        wslu-no-extra-data\">\n                        <a href=\"javascript:void(0);\"\n                           id=\"xs_feed_email\"\n                           onclick=\"xs_social_sharer(this);\"\n                           data-pid=\"4044\"\n                           data-uri_hash=\"8a96efc8e8dbadc848ead2a329c72ba4\"\n                           data-key=\"email\"\n                           data-xs-href=\"mailto:?body=Title%3A+Lead2Change+Ha%C3%AFti+%3A+le+Forum+des+Jeunes+Leaders+illumine+le+Cap-Ha%C3%AFtien+%5Cn%5Cn+URL%3A+https%3A%2F%2Fvelipost.com%2Findex.php%3Frest_route%3D%252Fwp%252Fv2%252Fposts%252F4044&amp;subject=Lead2Change+Ha%C3%AFti+%3A+le+Forum+des+Jeunes+Leaders+illumine+le+Cap-Ha%C3%AFtien\">\n\n                            <div class=\"xs-social-icon\">\n                                <span class=\"met-social met-social-email\"><\/span>\n                            <\/div>\n\n\t\t\t\t\t\t\t\n                            <div class=\"wslu-hover-content\">\n                                <div class=\"xs-social-followers\">\n\t\t\t\t\t\t\t\t\t0                                <\/div>\n                                <div class=\"xs-social-follower-text\">\n\t\t\t\t\t\t\t\t\tShare                                <\/div>\n                                <div class=\"xs-social-follower-label\">\n\t\t\t\t\t\t\t\t\tEmail                                <\/div>\n                            <\/div>\n                        <\/a>\n                    <\/li>\n\t\t\t\t\t        <\/ul>\n    <\/div> \n","protected":false},"excerpt":{"rendered":"<p>La jeunesse ha\u00eftienne a pris rendez-vous avec l\u2019avenir. Depuis le 1\u1d49\u02b3 septembre, le Cap-Ha\u00eftien accueille la\u00a02\u1d49 \u00e9dition du Forum Annuel des Jeunes Leaders, une<\/p>\n","protected":false},"author":1,"featured_media":4045,"comment_status":"open","ping_status":"open","sticky":false,"template":"","format":"standard","meta":{"_uag_custom_page_level_css":"","footnotes":"","jetpack_publicize_message":"","jetpack_publicize_feature_enabled":true,"jetpack_social_post_already_shared":true,"jetpack_social_options":{"image_generator_settings":{"template":"highway","default_image_id":0,"font":"","enabled":false},"version":2}},"categories":[3],"tags":[],"class_list":["post-4044","post","type-post","status-publish","format-standard","has-post-thumbnail","hentry","category-societe"],"yoast_head":"<!-- This site is optimized with the Yoast SEO plugin v25.3.1 - https:\/\/yoast.com\/wordpress\/plugins\/seo\/ -->\n<title>Lead2Change Ha\u00efti : le Forum des Jeunes Leaders illumine le Cap-Ha\u00eftien &#8211; VeliPost<\/title>\n<meta name=\"robots\" content=\"index, follow, max-snippet:-1, max-image-preview:large, max-video-preview:-1\" \/>\n<link rel=\"canonical\" href=\"https:\/\/velipost.com\/?p=4044\" \/>\n<meta property=\"og:locale\" content=\"fr_FR\" \/>\n<meta property=\"og:type\" content=\"article\" \/>\n<meta property=\"og:title\" content=\"Lead2Change Ha\u00efti : le Forum des Jeunes Leaders illumine le Cap-Ha\u00eftien &#8211; VeliPost\" \/>\n<meta property=\"og:description\" content=\"La jeunesse ha\u00eftienne a pris rendez-vous avec l\u2019avenir. Depuis le 1\u1d49\u02b3 septembre, le Cap-Ha\u00eftien accueille la\u00a02\u1d49 \u00e9dition du Forum Annuel des Jeunes Leaders, une\" \/>\n<meta property=\"og:url\" content=\"https:\/\/velipost.com\/?p=4044\" \/>\n<meta property=\"og:site_name\" content=\"VeliPost\" \/>\n<meta property=\"article:publisher\" content=\"https:\/\/www.facebook.com\/veliposthaiti\" \/>\n<meta property=\"article:published_time\" content=\"2025-09-03T01:18:23+00:00\" \/>\n<meta property=\"article:modified_time\" content=\"2025-09-03T01:18:41+00:00\" \/>\n<meta property=\"og:image\" content=\"https:\/\/velipost.com\/wp-content\/uploads\/2025\/09\/Lead2Change-Haiti.jpg\" \/>\n\t<meta property=\"og:image:width\" content=\"1170\" \/>\n\t<meta property=\"og:image:height\" content=\"603\" \/>\n\t<meta property=\"og:image:type\" content=\"image\/jpeg\" \/>\n<meta name=\"author\" content=\"VeliPost\" \/>\n<meta name=\"twitter:card\" content=\"summary_large_image\" \/>\n<meta name=\"twitter:creator\" content=\"@veliposthaiti\" \/>\n<meta name=\"twitter:site\" content=\"@veliposthaiti\" \/>\n<meta name=\"twitter:label1\" content=\"\u00c9crit par\" \/>\n\t<meta name=\"twitter:data1\" content=\"VeliPost\" \/>\n\t<meta name=\"twitter:label2\" content=\"Dur\u00e9e de lecture estim\u00e9e\" \/>\n\t<meta name=\"twitter:data2\" content=\"2 minutes\" \/>\n<script type=\"application\/ld+json\" class=\"yoast-schema-graph\">{\"@context\":\"https:\/\/schema.org\",\"@graph\":[{\"@type\":\"Article\",\"@id\":\"https:\/\/velipost.com\/?p=4044#article\",\"isPartOf\":{\"@id\":\"https:\/\/velipost.com\/?p=4044\"},\"author\":{\"name\":\"VeliPost\",\"@id\":\"https:\/\/velipost.com\/#\/schema\/person\/32ff49a53c9c1bb24302ee8ece058096\"},\"headline\":\"Lead2Change Ha\u00efti : le Forum des Jeunes Leaders illumine le Cap-Ha\u00eftien\",\"datePublished\":\"2025-09-03T01:18:23+00:00\",\"dateModified\":\"2025-09-03T01:18:41+00:00\",\"mainEntityOfPage\":{\"@id\":\"https:\/\/velipost.com\/?p=4044\"},\"wordCount\":383,\"commentCount\":0,\"publisher\":{\"@id\":\"https:\/\/velipost.com\/#organization\"},\"image\":{\"@id\":\"https:\/\/velipost.com\/?p=4044#primaryimage\"},\"thumbnailUrl\":\"https:\/\/velipost.com\/wp-content\/uploads\/2025\/09\/Lead2Change-Haiti.jpg\",\"articleSection\":[\"Soci\u00e9t\u00e9\"],\"inLanguage\":\"fr-FR\",\"potentialAction\":[{\"@type\":\"CommentAction\",\"name\":\"Comment\",\"target\":[\"https:\/\/velipost.com\/?p=4044#respond\"]}]},{\"@type\":\"WebPage\",\"@id\":\"https:\/\/velipost.com\/?p=4044\",\"url\":\"https:\/\/velipost.com\/?p=4044\",\"name\":\"Lead2Change Ha\u00efti : le Forum des Jeunes Leaders illumine le Cap-Ha\u00eftien &#8211; VeliPost\",\"isPartOf\":{\"@id\":\"https:\/\/velipost.com\/#website\"},\"primaryImageOfPage\":{\"@id\":\"https:\/\/velipost.com\/?p=4044#primaryimage\"},\"image\":{\"@id\":\"https:\/\/velipost.com\/?p=4044#primaryimage\"},\"thumbnailUrl\":\"https:\/\/velipost.com\/wp-content\/uploads\/2025\/09\/Lead2Change-Haiti.jpg\",\"datePublished\":\"2025-09-03T01:18:23+00:00\",\"dateModified\":\"2025-09-03T01:18:41+00:00\",\"breadcrumb\":{\"@id\":\"https:\/\/velipost.com\/?p=4044#breadcrumb\"},\"inLanguage\":\"fr-FR\",\"potentialAction\":[{\"@type\":\"ReadAction\",\"target\":[\"https:\/\/velipost.com\/?p=4044\"]}]},{\"@type\":\"ImageObject\",\"inLanguage\":\"fr-FR\",\"@id\":\"https:\/\/velipost.com\/?p=4044#primaryimage\",\"url\":\"https:\/\/velipost.com\/wp-content\/uploads\/2025\/09\/Lead2Change-Haiti.jpg\",\"contentUrl\":\"https:\/\/velipost.com\/wp-content\/uploads\/2025\/09\/Lead2Change-Haiti.jpg\",\"width\":1170,\"height\":603},{\"@type\":\"BreadcrumbList\",\"@id\":\"https:\/\/velipost.com\/?p=4044#breadcrumb\",\"itemListElement\":[{\"@type\":\"ListItem\",\"position\":1,\"name\":\"Accueil\",\"item\":\"https:\/\/velipost.com\/\"},{\"@type\":\"ListItem\",\"position\":2,\"name\":\"Lead2Change Ha\u00efti : le Forum des Jeunes Leaders illumine le Cap-Ha\u00eftien\"}]},{\"@type\":\"WebSite\",\"@id\":\"https:\/\/velipost.com\/#website\",\"url\":\"https:\/\/velipost.com\/\",\"name\":\"VeliPost\",\"description\":\"L\u2019info en un clic\",\"publisher\":{\"@id\":\"https:\/\/velipost.com\/#organization\"},\"potentialAction\":[{\"@type\":\"SearchAction\",\"target\":{\"@type\":\"EntryPoint\",\"urlTemplate\":\"https:\/\/velipost.com\/?s={search_term_string}\"},\"query-input\":{\"@type\":\"PropertyValueSpecification\",\"valueRequired\":true,\"valueName\":\"search_term_string\"}}],\"inLanguage\":\"fr-FR\"},{\"@type\":\"Organization\",\"@id\":\"https:\/\/velipost.com\/#organization\",\"name\":\"VeliPost\",\"url\":\"https:\/\/velipost.com\/\",\"logo\":{\"@type\":\"ImageObject\",\"inLanguage\":\"fr-FR\",\"@id\":\"https:\/\/velipost.com\/#\/schema\/logo\/image\/\",\"url\":\"https:\/\/velipost.com\/wp-content\/uploads\/2024\/08\/cropped-VP-logo-piti.png\",\"contentUrl\":\"https:\/\/velipost.com\/wp-content\/uploads\/2024\/08\/cropped-VP-logo-piti.png\",\"width\":201,\"height\":69,\"caption\":\"VeliPost\"},\"image\":{\"@id\":\"https:\/\/velipost.com\/#\/schema\/logo\/image\/\"},\"sameAs\":[\"https:\/\/www.facebook.com\/veliposthaiti\",\"https:\/\/x.com\/veliposthaiti\",\"https:\/\/www.instagram.com\/veliposthaiti\"]},{\"@type\":\"Person\",\"@id\":\"https:\/\/velipost.com\/#\/schema\/person\/32ff49a53c9c1bb24302ee8ece058096\",\"name\":\"VeliPost\",\"image\":{\"@type\":\"ImageObject\",\"inLanguage\":\"fr-FR\",\"@id\":\"https:\/\/velipost.com\/#\/schema\/person\/image\/\",\"url\":\"https:\/\/secure.gravatar.com\/avatar\/57c226c264de62f794185a89596d4a37b85a5ad20aca30d9d5a478b27d8c8d9d?s=96&d=mm&r=g\",\"contentUrl\":\"https:\/\/secure.gravatar.com\/avatar\/57c226c264de62f794185a89596d4a37b85a5ad20aca30d9d5a478b27d8c8d9d?s=96&d=mm&r=g\",\"caption\":\"VeliPost\"},\"sameAs\":[\"https:\/\/velipost.com\"],\"url\":\"https:\/\/velipost.com\/?author=1\"}]}<\/script>\n<!-- \/ Yoast SEO plugin. -->","yoast_head_json":{"title":"Lead2Change Ha\u00efti : le Forum des Jeunes Leaders illumine le Cap-Ha\u00eftien &#8211; VeliPost","robots":{"index":"index","follow":"follow","max-snippet":"max-snippet:-1","max-image-preview":"max-image-preview:large","max-video-preview":"max-video-preview:-1"},"canonical":"https:\/\/velipost.com\/?p=4044","og_locale":"fr_FR","og_type":"article","og_title":"Lead2Change Ha\u00efti : le Forum des Jeunes Leaders illumine le Cap-Ha\u00eftien &#8211; VeliPost","og_description":"La jeunesse ha\u00eftienne a pris rendez-vous avec l\u2019avenir. Depuis le 1\u1d49\u02b3 septembre, le Cap-Ha\u00eftien accueille la\u00a02\u1d49 \u00e9dition du Forum Annuel des Jeunes Leaders, une","og_url":"https:\/\/velipost.com\/?p=4044","og_site_name":"VeliPost","article_publisher":"https:\/\/www.facebook.com\/veliposthaiti","article_published_time":"2025-09-03T01:18:23+00:00","article_modified_time":"2025-09-03T01:18:41+00:00","og_image":[{"width":1170,"height":603,"url":"https:\/\/velipost.com\/wp-content\/uploads\/2025\/09\/Lead2Change-Haiti.jpg","type":"image\/jpeg"}],"author":"VeliPost","twitter_card":"summary_large_image","twitter_creator":"@veliposthaiti","twitter_site":"@veliposthaiti","twitter_misc":{"\u00c9crit par":"VeliPost","Dur\u00e9e de lecture estim\u00e9e":"2 minutes"},"schema":{"@context":"https:\/\/schema.org","@graph":[{"@type":"Article","@id":"https:\/\/velipost.com\/?p=4044#article","isPartOf":{"@id":"https:\/\/velipost.com\/?p=4044"},"author":{"name":"VeliPost","@id":"https:\/\/velipost.com\/#\/schema\/person\/32ff49a53c9c1bb24302ee8ece058096"},"headline":"Lead2Change Ha\u00efti : le Forum des Jeunes Leaders illumine le Cap-Ha\u00eftien","datePublished":"2025-09-03T01:18:23+00:00","dateModified":"2025-09-03T01:18:41+00:00","mainEntityOfPage":{"@id":"https:\/\/velipost.com\/?p=4044"},"wordCount":383,"commentCount":0,"publisher":{"@id":"https:\/\/velipost.com\/#organization"},"image":{"@id":"https:\/\/velipost.com\/?p=4044#primaryimage"},"thumbnailUrl":"https:\/\/velipost.com\/wp-content\/uploads\/2025\/09\/Lead2Change-Haiti.jpg","articleSection":["Soci\u00e9t\u00e9"],"inLanguage":"fr-FR","potentialAction":[{"@type":"CommentAction","name":"Comment","target":["https:\/\/velipost.com\/?p=4044#respond"]}]},{"@type":"WebPage","@id":"https:\/\/velipost.com\/?p=4044","url":"https:\/\/velipost.com\/?p=4044","name":"Lead2Change Ha\u00efti : le Forum des Jeunes Leaders illumine le Cap-Ha\u00eftien &#8211; VeliPost","isPartOf":{"@id":"https:\/\/velipost.com\/#website"},"primaryImageOfPage":{"@id":"https:\/\/velipost.com\/?p=4044#primaryimage"},"image":{"@id":"https:\/\/velipost.com\/?p=4044#primaryimage"},"thumbnailUrl":"https:\/\/velipost.com\/wp-content\/uploads\/2025\/09\/Lead2Change-Haiti.jpg","datePublished":"2025-09-03T01:18:23+00:00","dateModified":"2025-09-03T01:18:41+00:00","breadcrumb":{"@id":"https:\/\/velipost.com\/?p=4044#breadcrumb"},"inLanguage":"fr-FR","potentialAction":[{"@type":"ReadAction","target":["https:\/\/velipost.com\/?p=4044"]}]},{"@type":"ImageObject","inLanguage":"fr-FR","@id":"https:\/\/velipost.com\/?p=4044#primaryimage","url":"https:\/\/velipost.com\/wp-content\/uploads\/2025\/09\/Lead2Change-Haiti.jpg","contentUrl":"https:\/\/velipost.com\/wp-content\/uploads\/2025\/09\/Lead2Change-Haiti.jpg","width":1170,"height":603},{"@type":"BreadcrumbList","@id":"https:\/\/velipost.com\/?p=4044#breadcrumb","itemListElement":[{"@type":"ListItem","position":1,"name":"Accueil","item":"https:\/\/velipost.com\/"},{"@type":"ListItem","position":2,"name":"Lead2Change Ha\u00efti : le Forum des Jeunes Leaders illumine le Cap-Ha\u00eftien"}]},{"@type":"WebSite","@id":"https:\/\/velipost.com\/#website","url":"https:\/\/velipost.com\/","name":"VeliPost","description":"L\u2019info en un clic","publisher":{"@id":"https:\/\/velipost.com\/#organization"},"potentialAction":[{"@type":"SearchAction","target":{"@type":"EntryPoint","urlTemplate":"https:\/\/velipost.com\/?s={search_term_string}"},"query-input":{"@type":"PropertyValueSpecification","valueRequired":true,"valueName":"search_term_string"}}],"inLanguage":"fr-FR"},{"@type":"Organization","@id":"https:\/\/velipost.com\/#organization","name":"VeliPost","url":"https:\/\/velipost.com\/","logo":{"@type":"ImageObject","inLanguage":"fr-FR","@id":"https:\/\/velipost.com\/#\/schema\/logo\/image\/","url":"https:\/\/velipost.com\/wp-content\/uploads\/2024\/08\/cropped-VP-logo-piti.png","contentUrl":"https:\/\/velipost.com\/wp-content\/uploads\/2024\/08\/cropped-VP-logo-piti.png","width":201,"height":69,"caption":"VeliPost"},"image":{"@id":"https:\/\/velipost.com\/#\/schema\/logo\/image\/"},"sameAs":["https:\/\/www.facebook.com\/veliposthaiti","https:\/\/x.com\/veliposthaiti","https:\/\/www.instagram.com\/veliposthaiti"]},{"@type":"Person","@id":"https:\/\/velipost.com\/#\/schema\/person\/32ff49a53c9c1bb24302ee8ece058096","name":"VeliPost","image":{"@type":"ImageObject","inLanguage":"fr-FR","@id":"https:\/\/velipost.com\/#\/schema\/person\/image\/","url":"https:\/\/secure.gravatar.com\/avatar\/57c226c264de62f794185a89596d4a37b85a5ad20aca30d9d5a478b27d8c8d9d?s=96&d=mm&r=g","contentUrl":"https:\/\/secure.gravatar.com\/avatar\/57c226c264de62f794185a89596d4a37b85a5ad20aca30d9d5a478b27d8c8d9d?s=96&d=mm&r=g","caption":"VeliPost"},"sameAs":["https:\/\/velipost.com"],"url":"https:\/\/velipost.com\/?author=1"}]}},"views":0,"jetpack_publicize_connections":[],"uagb_featured_image_src":{"full":["https:\/\/velipost.com\/wp-content\/uploads\/2025\/09\/Lead2Change-Haiti.jpg",1170,603,false],"thumbnail":["https:\/\/velipost.com\/wp-content\/uploads\/2025\/09\/Lead2Change-Haiti-150x150.jpg",150,150,true],"medium":["https:\/\/velipost.com\/wp-content\/uploads\/2025\/09\/Lead2Change-Haiti-300x155.jpg",300,155,true],"medium_large":["https:\/\/velipost.com\/wp-content\/uploads\/2025\/09\/Lead2Change-Haiti-768x396.jpg",715,369,true],"large":["https:\/\/velipost.com\/wp-content\/uploads\/2025\/09\/Lead2Change-Haiti-1024x528.jpg",715,369,true],"1536x1536":["https:\/\/velipost.com\/wp-content\/uploads\/2025\/09\/Lead2Change-Haiti.jpg",1170,603,false],"2048x2048":["https:\/\/velipost.com\/wp-content\/uploads\/2025\/09\/Lead2Change-Haiti.jpg",1170,603,false],"colornews-big-slider":["https:\/\/velipost.com\/wp-content\/uploads\/2025\/09\/Lead2Change-Haiti-1070x470.jpg",1070,470,true],"colornews-big-slider-thumb":["https:\/\/velipost.com\/wp-content\/uploads\/2025\/09\/Lead2Change-Haiti-184x109.jpg",184,109,true],"colornews-featured-post-medium":["https:\/\/velipost.com\/wp-content\/uploads\/2025\/09\/Lead2Change-Haiti-345x265.jpg",345,265,true],"colornews-featured-post-small":["https:\/\/velipost.com\/wp-content\/uploads\/2025\/09\/Lead2Change-Haiti-115x73.jpg",115,73,true],"colornews-random-posts":["https:\/\/velipost.com\/wp-content\/uploads\/2025\/09\/Lead2Change-Haiti-215x215.jpg",215,215,true],"colornews-featured-image":["https:\/\/velipost.com\/wp-content\/uploads\/2025\/09\/Lead2Change-Haiti-715x400.jpg",715,400,true],"mailpoet_newsletter_max":["https:\/\/velipost.com\/wp-content\/uploads\/2025\/09\/Lead2Change-Haiti.jpg",1170,603,false]},"uagb_author_info":{"display_name":"VeliPost","author_link":"https:\/\/velipost.com\/?author=1"},"uagb_comment_info":0,"uagb_excerpt":"La jeunesse ha\u00eftienne a pris rendez-vous avec l\u2019avenir. Depuis le 1\u1d49\u02b3 septembre, le Cap-Ha\u00eftien accueille la\u00a02\u1d49 \u00e9dition du Forum Annuel des Jeunes Leaders, une","_links":{"self":[{"href":"https:\/\/velipost.com\/index.php?rest_route=\/wp\/v2\/posts\/4044","targetHints":{"allow":["GET"]}}],"collection":[{"href":"https:\/\/velipost.com\/index.php?rest_route=\/wp\/v2\/posts"}],"about":[{"href":"https:\/\/velipost.com\/index.php?rest_route=\/wp\/v2\/types\/post"}],"author":[{"embeddable":true,"href":"https:\/\/velipost.com\/index.php?rest_route=\/wp\/v2\/users\/1"}],"replies":[{"embeddable":true,"href":"https:\/\/velipost.com\/index.php?rest_route=%2Fwp%2Fv2%2Fcomments&post=4044"}],"version-history":[{"count":1,"href":"https:\/\/velipost.com\/index.php?rest_route=\/wp\/v2\/posts\/4044\/revisions"}],"predecessor-version":[{"id":4047,"href":"https:\/\/velipost.com\/index.php?rest_route=\/wp\/v2\/posts\/4044\/revisions\/4047"}],"wp:featuredmedia":[{"embeddable":true,"href":"https:\/\/velipost.com\/index.php?rest_route=\/wp\/v2\/media\/4045"}],"wp:attachment":[{"href":"https:\/\/velipost.com\/index.php?rest_route=%2Fwp%2Fv2%2Fmedia&parent=4044"}],"wp:term":[{"taxonomy":"category","embeddable":true,"href":"https:\/\/velipost.com\/index.php?rest_route=%2Fwp%2Fv2%2Fcategories&post=4044"},{"taxonomy":"post_tag","embeddable":true,"href":"https:\/\/velipost.com\/index.php?rest_route=%2Fwp%2Fv2%2Ftags&post=4044"}],"curies":[{"name":"wp","href":"https:\/\/api.w.org\/{rel}","templated":true}]}}