{"id":4001,"date":"2025-08-30T18:57:15","date_gmt":"2025-08-30T16:57:15","guid":{"rendered":"https:\/\/velipost.com\/?p=4001"},"modified":"2025-08-30T18:57:19","modified_gmt":"2025-08-30T16:57:19","slug":"liberation-de-la-missionnaire-irlandaise-gena-heraty-et-de-ses-compagnons-a-kenscoff","status":"publish","type":"post","link":"https:\/\/velipost.com\/?p=4001","title":{"rendered":"Lib\u00e9ration de la missionnaire irlandaise Gena Heraty et de ses compagnons \u00e0 Kenscoff"},"content":{"rendered":"\n<p>La missionnaire irlandaise Gena Heraty et huit autres personnes enlev\u00e9es d\u00e9but ao\u00fbt \u00e0 Kenscoff ont recouvr\u00e9 la libert\u00e9. La nouvelle a \u00e9t\u00e9 confirm\u00e9e ce vendredi 29 ao\u00fbt 2025 par le ministre irlandais des Affaires \u00e9trang\u00e8res, Simon Harris.<\/p>\n\n\n\n<p>Le rapt s\u2019\u00e9tait produit le 3 ao\u00fbt dans l\u2019enceinte de l\u2019orphelinat Sainte H\u00e9l\u00e8ne (Nos Petits Fr\u00e8res et S\u0153urs), o\u00f9 Gena Heraty \u0153uvre depuis de longues ann\u00e9es au service des enfants d\u00e9favoris\u00e9s. Parmi les victimes figuraient un enfant en situation de handicap et sept membres du personnel de l\u2019institution. Tous ont \u00e9t\u00e9 lib\u00e9r\u00e9s sains et saufs, selon les autorit\u00e9s irlandaises.<\/p>\n\n\n\n<p>Dans une d\u00e9claration officielle, Simon Harris a salu\u00e9 \u00ab un r\u00e9sultat esp\u00e9r\u00e9 par tous \u00bb, remerciant les autorit\u00e9s ha\u00eftiennes, les Nations Unies, les partenaires europ\u00e9ens ainsi que les coll\u00e8gues de la missionnaire pour leur contribution aux n\u00e9gociations. Il a \u00e9galement soulign\u00e9 le courage et la r\u00e9silience de la famille Heraty durant ces semaines d\u2019incertitude.<\/p>\n\n\n\n<p>Aucune pr\u00e9cision n\u2019a \u00e9t\u00e9 donn\u00e9e sur les conditions de la lib\u00e9ration, notamment sur le paiement \u00e9ventuel d\u2019une ran\u00e7on. Le gouvernement irlandais a toutefois rappel\u00e9 que cette affaire met en lumi\u00e8re la fragilit\u00e9 de la situation s\u00e9curitaire en Ha\u00efti, tout en rendant hommage au travail de Gena Heraty et de nombreux humanitaires \u0153uvrant dans des contextes de crise \u00e0 travers le monde.<\/p>\n\n    <div class=\"xs_social_share_widget xs_share_url after_content \t\tmain_content  wslu-style-3 wslu-share-box-shaped wslu-fill-brand-hover-colored wslu-share-m-5 wslu-none wslu-share-horizontal wslu-theme-font-no wslu-main_content\">\n\n\t\t\n        <ul>\n\t\t\t                    <li class=\"xs-share-li twitter                        wslu-no-extra-data\">\n                        <a href=\"javascript:void(0);\"\n                           id=\"xs_feed_twitter\"\n                           onclick=\"xs_social_sharer(this);\"\n                           data-pid=\"4001\"\n                           data-uri_hash=\"2e026730fecbe9b4a2a318a6b5426e88\"\n                           data-key=\"twitter\"\n                           data-xs-href=\"https:\/\/twitter.com\/intent\/tweet?text=Lib%C3%A9ration+de+la+missionnaire+irlandaise+Gena+Heraty+et+de+ses+compagnons+%C3%A0+Kenscoff+https%3A%2F%2Fvelipost.com%2Findex.php%3Frest_route%3D%252Fwp%252Fv2%252Fposts%252F4001&amp;original_referer=https%3A%2F%2Fvelipost.com%2Findex.php%3Frest_route%3D%252Fwp%252Fv2%252Fposts%252F4001&amp;related=xpeedstudio\">\n\n                            <div class=\"xs-social-icon\">\n                                <span class=\"met-social met-social-twitter\"><\/span>\n                            <\/div>\n\n\t\t\t\t\t\t\t\n                            <div class=\"wslu-hover-content\">\n                                <div class=\"xs-social-followers\">\n\t\t\t\t\t\t\t\t\t10                                <\/div>\n                                <div class=\"xs-social-follower-text\">\n\t\t\t\t\t\t\t\t\tShare                                <\/div>\n                                <div class=\"xs-social-follower-label\">\n\t\t\t\t\t\t\t\t\tTwitter                                <\/div>\n                            <\/div>\n                        <\/a>\n                    <\/li>\n\t\t\t\t\t                    <li class=\"xs-share-li telegram                        wslu-no-extra-data\">\n                        <a href=\"javascript:void(0);\"\n                           id=\"xs_feed_telegram\"\n                           onclick=\"xs_social_sharer(this);\"\n                           data-pid=\"4001\"\n                           data-uri_hash=\"2e026730fecbe9b4a2a318a6b5426e88\"\n                           data-key=\"telegram\"\n                           data-xs-href=\"https:\/\/telegram.me\/share\/url?url=https%3A%2F%2Fvelipost.com%2Findex.php%3Frest_route%3D%252Fwp%252Fv2%252Fposts%252F4001&amp;text=Lib%C3%A9ration+de+la+missionnaire+irlandaise+Gena+Heraty+et+de+ses+compagnons+%C3%A0+Kenscoff\">\n\n                            <div class=\"xs-social-icon\">\n                                <span class=\"met-social met-social-telegram\"><\/span>\n                            <\/div>\n\n\t\t\t\t\t\t\t\n                            <div class=\"wslu-hover-content\">\n                                <div class=\"xs-social-followers\">\n\t\t\t\t\t\t\t\t\t0                                <\/div>\n                                <div class=\"xs-social-follower-text\">\n\t\t\t\t\t\t\t\t\tShare                                <\/div>\n                                <div class=\"xs-social-follower-label\">\n\t\t\t\t\t\t\t\t\tTelegram                                <\/div>\n                            <\/div>\n                        <\/a>\n                    <\/li>\n\t\t\t\t\t                    <li class=\"xs-share-li email                        wslu-no-extra-data\">\n                        <a href=\"javascript:void(0);\"\n                           id=\"xs_feed_email\"\n                           onclick=\"xs_social_sharer(this);\"\n                           data-pid=\"4001\"\n                           data-uri_hash=\"2e026730fecbe9b4a2a318a6b5426e88\"\n                           data-key=\"email\"\n                           data-xs-href=\"mailto:?body=Title%3A+Lib%C3%A9ration+de+la+missionnaire+irlandaise+Gena+Heraty+et+de+ses+compagnons+%C3%A0+Kenscoff+%5Cn%5Cn+URL%3A+https%3A%2F%2Fvelipost.com%2Findex.php%3Frest_route%3D%252Fwp%252Fv2%252Fposts%252F4001&amp;subject=Lib%C3%A9ration+de+la+missionnaire+irlandaise+Gena+Heraty+et+de+ses+compagnons+%C3%A0+Kenscoff\">\n\n                            <div class=\"xs-social-icon\">\n                                <span class=\"met-social met-social-email\"><\/span>\n                            <\/div>\n\n\t\t\t\t\t\t\t\n                            <div class=\"wslu-hover-content\">\n                                <div class=\"xs-social-followers\">\n\t\t\t\t\t\t\t\t\t0                                <\/div>\n                                <div class=\"xs-social-follower-text\">\n\t\t\t\t\t\t\t\t\tShare                                <\/div>\n                                <div class=\"xs-social-follower-label\">\n\t\t\t\t\t\t\t\t\tEmail                                <\/div>\n                            <\/div>\n                        <\/a>\n                    <\/li>\n\t\t\t\t\t        <\/ul>\n    <\/div> \n","protected":false},"excerpt":{"rendered":"<p>La missionnaire irlandaise Gena Heraty et huit autres personnes enlev\u00e9es d\u00e9but ao\u00fbt \u00e0 Kenscoff ont recouvr\u00e9 la libert\u00e9. La nouvelle a \u00e9t\u00e9 confirm\u00e9e ce<\/p>\n","protected":false},"author":1,"featured_media":4002,"comment_status":"open","ping_status":"open","sticky":false,"template":"","format":"standard","meta":{"_uag_custom_page_level_css":"","footnotes":"","jetpack_publicize_message":"","jetpack_publicize_feature_enabled":true,"jetpack_social_post_already_shared":true,"jetpack_social_options":{"image_generator_settings":{"template":"highway","default_image_id":0,"font":"","enabled":false},"version":2}},"categories":[94],"tags":[],"class_list":["post-4001","post","type-post","status-publish","format-standard","has-post-thumbnail","hentry","category-a-la-une"],"yoast_head":"<!-- This site is optimized with the Yoast SEO plugin v25.3.1 - https:\/\/yoast.com\/wordpress\/plugins\/seo\/ -->\n<title>Lib\u00e9ration de la missionnaire irlandaise Gena Heraty et de ses compagnons \u00e0 Kenscoff &#8211; VeliPost<\/title>\n<meta name=\"robots\" content=\"index, follow, max-snippet:-1, max-image-preview:large, max-video-preview:-1\" \/>\n<link rel=\"canonical\" href=\"https:\/\/velipost.com\/?p=4001\" \/>\n<meta property=\"og:locale\" content=\"fr_FR\" \/>\n<meta property=\"og:type\" content=\"article\" \/>\n<meta property=\"og:title\" content=\"Lib\u00e9ration de la missionnaire irlandaise Gena Heraty et de ses compagnons \u00e0 Kenscoff &#8211; VeliPost\" \/>\n<meta property=\"og:description\" content=\"La missionnaire irlandaise Gena Heraty et huit autres personnes enlev\u00e9es d\u00e9but ao\u00fbt \u00e0 Kenscoff ont recouvr\u00e9 la libert\u00e9. La nouvelle a \u00e9t\u00e9 confirm\u00e9e ce\" \/>\n<meta property=\"og:url\" content=\"https:\/\/velipost.com\/?p=4001\" \/>\n<meta property=\"og:site_name\" content=\"VeliPost\" \/>\n<meta property=\"article:publisher\" content=\"https:\/\/www.facebook.com\/veliposthaiti\" \/>\n<meta property=\"article:published_time\" content=\"2025-08-30T16:57:15+00:00\" \/>\n<meta property=\"article:modified_time\" content=\"2025-08-30T16:57:19+00:00\" \/>\n<meta property=\"og:image\" content=\"https:\/\/velipost.com\/wp-content\/uploads\/2025\/08\/Liberation-de-la-missionnaire-irlandaise-Gena-Heraty.jpg\" \/>\n\t<meta property=\"og:image:width\" content=\"1170\" \/>\n\t<meta property=\"og:image:height\" content=\"603\" \/>\n\t<meta property=\"og:image:type\" content=\"image\/jpeg\" \/>\n<meta name=\"author\" content=\"VeliPost\" \/>\n<meta name=\"twitter:card\" content=\"summary_large_image\" \/>\n<meta name=\"twitter:creator\" content=\"@veliposthaiti\" \/>\n<meta name=\"twitter:site\" content=\"@veliposthaiti\" \/>\n<meta name=\"twitter:label1\" content=\"\u00c9crit par\" \/>\n\t<meta name=\"twitter:data1\" content=\"VeliPost\" \/>\n\t<meta name=\"twitter:label2\" content=\"Dur\u00e9e de lecture estim\u00e9e\" \/>\n\t<meta name=\"twitter:data2\" content=\"2 minutes\" \/>\n<script type=\"application\/ld+json\" class=\"yoast-schema-graph\">{\"@context\":\"https:\/\/schema.org\",\"@graph\":[{\"@type\":\"Article\",\"@id\":\"https:\/\/velipost.com\/?p=4001#article\",\"isPartOf\":{\"@id\":\"https:\/\/velipost.com\/?p=4001\"},\"author\":{\"name\":\"VeliPost\",\"@id\":\"https:\/\/velipost.com\/#\/schema\/person\/32ff49a53c9c1bb24302ee8ece058096\"},\"headline\":\"Lib\u00e9ration de la missionnaire irlandaise Gena Heraty et de ses compagnons \u00e0 Kenscoff\",\"datePublished\":\"2025-08-30T16:57:15+00:00\",\"dateModified\":\"2025-08-30T16:57:19+00:00\",\"mainEntityOfPage\":{\"@id\":\"https:\/\/velipost.com\/?p=4001\"},\"wordCount\":257,\"commentCount\":0,\"publisher\":{\"@id\":\"https:\/\/velipost.com\/#organization\"},\"image\":{\"@id\":\"https:\/\/velipost.com\/?p=4001#primaryimage\"},\"thumbnailUrl\":\"https:\/\/velipost.com\/wp-content\/uploads\/2025\/08\/Liberation-de-la-missionnaire-irlandaise-Gena-Heraty.jpg\",\"articleSection\":[\"A la Une\"],\"inLanguage\":\"fr-FR\",\"potentialAction\":[{\"@type\":\"CommentAction\",\"name\":\"Comment\",\"target\":[\"https:\/\/velipost.com\/?p=4001#respond\"]}]},{\"@type\":\"WebPage\",\"@id\":\"https:\/\/velipost.com\/?p=4001\",\"url\":\"https:\/\/velipost.com\/?p=4001\",\"name\":\"Lib\u00e9ration de la missionnaire irlandaise Gena Heraty et de ses compagnons \u00e0 Kenscoff &#8211; VeliPost\",\"isPartOf\":{\"@id\":\"https:\/\/velipost.com\/#website\"},\"primaryImageOfPage\":{\"@id\":\"https:\/\/velipost.com\/?p=4001#primaryimage\"},\"image\":{\"@id\":\"https:\/\/velipost.com\/?p=4001#primaryimage\"},\"thumbnailUrl\":\"https:\/\/velipost.com\/wp-content\/uploads\/2025\/08\/Liberation-de-la-missionnaire-irlandaise-Gena-Heraty.jpg\",\"datePublished\":\"2025-08-30T16:57:15+00:00\",\"dateModified\":\"2025-08-30T16:57:19+00:00\",\"breadcrumb\":{\"@id\":\"https:\/\/velipost.com\/?p=4001#breadcrumb\"},\"inLanguage\":\"fr-FR\",\"potentialAction\":[{\"@type\":\"ReadAction\",\"target\":[\"https:\/\/velipost.com\/?p=4001\"]}]},{\"@type\":\"ImageObject\",\"inLanguage\":\"fr-FR\",\"@id\":\"https:\/\/velipost.com\/?p=4001#primaryimage\",\"url\":\"https:\/\/velipost.com\/wp-content\/uploads\/2025\/08\/Liberation-de-la-missionnaire-irlandaise-Gena-Heraty.jpg\",\"contentUrl\":\"https:\/\/velipost.com\/wp-content\/uploads\/2025\/08\/Liberation-de-la-missionnaire-irlandaise-Gena-Heraty.jpg\",\"width\":1170,\"height\":603},{\"@type\":\"BreadcrumbList\",\"@id\":\"https:\/\/velipost.com\/?p=4001#breadcrumb\",\"itemListElement\":[{\"@type\":\"ListItem\",\"position\":1,\"name\":\"Accueil\",\"item\":\"https:\/\/velipost.com\/\"},{\"@type\":\"ListItem\",\"position\":2,\"name\":\"Lib\u00e9ration de la missionnaire irlandaise Gena Heraty et de ses compagnons \u00e0 Kenscoff\"}]},{\"@type\":\"WebSite\",\"@id\":\"https:\/\/velipost.com\/#website\",\"url\":\"https:\/\/velipost.com\/\",\"name\":\"VeliPost\",\"description\":\"L\u2019info en un clic\",\"publisher\":{\"@id\":\"https:\/\/velipost.com\/#organization\"},\"potentialAction\":[{\"@type\":\"SearchAction\",\"target\":{\"@type\":\"EntryPoint\",\"urlTemplate\":\"https:\/\/velipost.com\/?s={search_term_string}\"},\"query-input\":{\"@type\":\"PropertyValueSpecification\",\"valueRequired\":true,\"valueName\":\"search_term_string\"}}],\"inLanguage\":\"fr-FR\"},{\"@type\":\"Organization\",\"@id\":\"https:\/\/velipost.com\/#organization\",\"name\":\"VeliPost\",\"url\":\"https:\/\/velipost.com\/\",\"logo\":{\"@type\":\"ImageObject\",\"inLanguage\":\"fr-FR\",\"@id\":\"https:\/\/velipost.com\/#\/schema\/logo\/image\/\",\"url\":\"https:\/\/velipost.com\/wp-content\/uploads\/2024\/08\/cropped-VP-logo-piti.png\",\"contentUrl\":\"https:\/\/velipost.com\/wp-content\/uploads\/2024\/08\/cropped-VP-logo-piti.png\",\"width\":201,\"height\":69,\"caption\":\"VeliPost\"},\"image\":{\"@id\":\"https:\/\/velipost.com\/#\/schema\/logo\/image\/\"},\"sameAs\":[\"https:\/\/www.facebook.com\/veliposthaiti\",\"https:\/\/x.com\/veliposthaiti\",\"https:\/\/www.instagram.com\/veliposthaiti\"]},{\"@type\":\"Person\",\"@id\":\"https:\/\/velipost.com\/#\/schema\/person\/32ff49a53c9c1bb24302ee8ece058096\",\"name\":\"VeliPost\",\"image\":{\"@type\":\"ImageObject\",\"inLanguage\":\"fr-FR\",\"@id\":\"https:\/\/velipost.com\/#\/schema\/person\/image\/\",\"url\":\"https:\/\/secure.gravatar.com\/avatar\/57c226c264de62f794185a89596d4a37b85a5ad20aca30d9d5a478b27d8c8d9d?s=96&d=mm&r=g\",\"contentUrl\":\"https:\/\/secure.gravatar.com\/avatar\/57c226c264de62f794185a89596d4a37b85a5ad20aca30d9d5a478b27d8c8d9d?s=96&d=mm&r=g\",\"caption\":\"VeliPost\"},\"sameAs\":[\"https:\/\/velipost.com\"],\"url\":\"https:\/\/velipost.com\/?author=1\"}]}<\/script>\n<!-- \/ Yoast SEO plugin. -->","yoast_head_json":{"title":"Lib\u00e9ration de la missionnaire irlandaise Gena Heraty et de ses compagnons \u00e0 Kenscoff &#8211; VeliPost","robots":{"index":"index","follow":"follow","max-snippet":"max-snippet:-1","max-image-preview":"max-image-preview:large","max-video-preview":"max-video-preview:-1"},"canonical":"https:\/\/velipost.com\/?p=4001","og_locale":"fr_FR","og_type":"article","og_title":"Lib\u00e9ration de la missionnaire irlandaise Gena Heraty et de ses compagnons \u00e0 Kenscoff &#8211; VeliPost","og_description":"La missionnaire irlandaise Gena Heraty et huit autres personnes enlev\u00e9es d\u00e9but ao\u00fbt \u00e0 Kenscoff ont recouvr\u00e9 la libert\u00e9. La nouvelle a \u00e9t\u00e9 confirm\u00e9e ce","og_url":"https:\/\/velipost.com\/?p=4001","og_site_name":"VeliPost","article_publisher":"https:\/\/www.facebook.com\/veliposthaiti","article_published_time":"2025-08-30T16:57:15+00:00","article_modified_time":"2025-08-30T16:57:19+00:00","og_image":[{"width":1170,"height":603,"url":"https:\/\/velipost.com\/wp-content\/uploads\/2025\/08\/Liberation-de-la-missionnaire-irlandaise-Gena-Heraty.jpg","type":"image\/jpeg"}],"author":"VeliPost","twitter_card":"summary_large_image","twitter_creator":"@veliposthaiti","twitter_site":"@veliposthaiti","twitter_misc":{"\u00c9crit par":"VeliPost","Dur\u00e9e de lecture estim\u00e9e":"2 minutes"},"schema":{"@context":"https:\/\/schema.org","@graph":[{"@type":"Article","@id":"https:\/\/velipost.com\/?p=4001#article","isPartOf":{"@id":"https:\/\/velipost.com\/?p=4001"},"author":{"name":"VeliPost","@id":"https:\/\/velipost.com\/#\/schema\/person\/32ff49a53c9c1bb24302ee8ece058096"},"headline":"Lib\u00e9ration de la missionnaire irlandaise Gena Heraty et de ses compagnons \u00e0 Kenscoff","datePublished":"2025-08-30T16:57:15+00:00","dateModified":"2025-08-30T16:57:19+00:00","mainEntityOfPage":{"@id":"https:\/\/velipost.com\/?p=4001"},"wordCount":257,"commentCount":0,"publisher":{"@id":"https:\/\/velipost.com\/#organization"},"image":{"@id":"https:\/\/velipost.com\/?p=4001#primaryimage"},"thumbnailUrl":"https:\/\/velipost.com\/wp-content\/uploads\/2025\/08\/Liberation-de-la-missionnaire-irlandaise-Gena-Heraty.jpg","articleSection":["A la Une"],"inLanguage":"fr-FR","potentialAction":[{"@type":"CommentAction","name":"Comment","target":["https:\/\/velipost.com\/?p=4001#respond"]}]},{"@type":"WebPage","@id":"https:\/\/velipost.com\/?p=4001","url":"https:\/\/velipost.com\/?p=4001","name":"Lib\u00e9ration de la missionnaire irlandaise Gena Heraty et de ses compagnons \u00e0 Kenscoff &#8211; VeliPost","isPartOf":{"@id":"https:\/\/velipost.com\/#website"},"primaryImageOfPage":{"@id":"https:\/\/velipost.com\/?p=4001#primaryimage"},"image":{"@id":"https:\/\/velipost.com\/?p=4001#primaryimage"},"thumbnailUrl":"https:\/\/velipost.com\/wp-content\/uploads\/2025\/08\/Liberation-de-la-missionnaire-irlandaise-Gena-Heraty.jpg","datePublished":"2025-08-30T16:57:15+00:00","dateModified":"2025-08-30T16:57:19+00:00","breadcrumb":{"@id":"https:\/\/velipost.com\/?p=4001#breadcrumb"},"inLanguage":"fr-FR","potentialAction":[{"@type":"ReadAction","target":["https:\/\/velipost.com\/?p=4001"]}]},{"@type":"ImageObject","inLanguage":"fr-FR","@id":"https:\/\/velipost.com\/?p=4001#primaryimage","url":"https:\/\/velipost.com\/wp-content\/uploads\/2025\/08\/Liberation-de-la-missionnaire-irlandaise-Gena-Heraty.jpg","contentUrl":"https:\/\/velipost.com\/wp-content\/uploads\/2025\/08\/Liberation-de-la-missionnaire-irlandaise-Gena-Heraty.jpg","width":1170,"height":603},{"@type":"BreadcrumbList","@id":"https:\/\/velipost.com\/?p=4001#breadcrumb","itemListElement":[{"@type":"ListItem","position":1,"name":"Accueil","item":"https:\/\/velipost.com\/"},{"@type":"ListItem","position":2,"name":"Lib\u00e9ration de la missionnaire irlandaise Gena Heraty et de ses compagnons \u00e0 Kenscoff"}]},{"@type":"WebSite","@id":"https:\/\/velipost.com\/#website","url":"https:\/\/velipost.com\/","name":"VeliPost","description":"L\u2019info en un clic","publisher":{"@id":"https:\/\/velipost.com\/#organization"},"potentialAction":[{"@type":"SearchAction","target":{"@type":"EntryPoint","urlTemplate":"https:\/\/velipost.com\/?s={search_term_string}"},"query-input":{"@type":"PropertyValueSpecification","valueRequired":true,"valueName":"search_term_string"}}],"inLanguage":"fr-FR"},{"@type":"Organization","@id":"https:\/\/velipost.com\/#organization","name":"VeliPost","url":"https:\/\/velipost.com\/","logo":{"@type":"ImageObject","inLanguage":"fr-FR","@id":"https:\/\/velipost.com\/#\/schema\/logo\/image\/","url":"https:\/\/velipost.com\/wp-content\/uploads\/2024\/08\/cropped-VP-logo-piti.png","contentUrl":"https:\/\/velipost.com\/wp-content\/uploads\/2024\/08\/cropped-VP-logo-piti.png","width":201,"height":69,"caption":"VeliPost"},"image":{"@id":"https:\/\/velipost.com\/#\/schema\/logo\/image\/"},"sameAs":["https:\/\/www.facebook.com\/veliposthaiti","https:\/\/x.com\/veliposthaiti","https:\/\/www.instagram.com\/veliposthaiti"]},{"@type":"Person","@id":"https:\/\/velipost.com\/#\/schema\/person\/32ff49a53c9c1bb24302ee8ece058096","name":"VeliPost","image":{"@type":"ImageObject","inLanguage":"fr-FR","@id":"https:\/\/velipost.com\/#\/schema\/person\/image\/","url":"https:\/\/secure.gravatar.com\/avatar\/57c226c264de62f794185a89596d4a37b85a5ad20aca30d9d5a478b27d8c8d9d?s=96&d=mm&r=g","contentUrl":"https:\/\/secure.gravatar.com\/avatar\/57c226c264de62f794185a89596d4a37b85a5ad20aca30d9d5a478b27d8c8d9d?s=96&d=mm&r=g","caption":"VeliPost"},"sameAs":["https:\/\/velipost.com"],"url":"https:\/\/velipost.com\/?author=1"}]}},"views":0,"jetpack_publicize_connections":[],"uagb_featured_image_src":{"full":["https:\/\/velipost.com\/wp-content\/uploads\/2025\/08\/Liberation-de-la-missionnaire-irlandaise-Gena-Heraty.jpg",1170,603,false],"thumbnail":["https:\/\/velipost.com\/wp-content\/uploads\/2025\/08\/Liberation-de-la-missionnaire-irlandaise-Gena-Heraty-150x150.jpg",150,150,true],"medium":["https:\/\/velipost.com\/wp-content\/uploads\/2025\/08\/Liberation-de-la-missionnaire-irlandaise-Gena-Heraty-300x155.jpg",300,155,true],"medium_large":["https:\/\/velipost.com\/wp-content\/uploads\/2025\/08\/Liberation-de-la-missionnaire-irlandaise-Gena-Heraty-768x396.jpg",715,369,true],"large":["https:\/\/velipost.com\/wp-content\/uploads\/2025\/08\/Liberation-de-la-missionnaire-irlandaise-Gena-Heraty-1024x528.jpg",715,369,true],"1536x1536":["https:\/\/velipost.com\/wp-content\/uploads\/2025\/08\/Liberation-de-la-missionnaire-irlandaise-Gena-Heraty.jpg",1170,603,false],"2048x2048":["https:\/\/velipost.com\/wp-content\/uploads\/2025\/08\/Liberation-de-la-missionnaire-irlandaise-Gena-Heraty.jpg",1170,603,false],"colornews-big-slider":["https:\/\/velipost.com\/wp-content\/uploads\/2025\/08\/Liberation-de-la-missionnaire-irlandaise-Gena-Heraty-1070x470.jpg",1070,470,true],"colornews-big-slider-thumb":["https:\/\/velipost.com\/wp-content\/uploads\/2025\/08\/Liberation-de-la-missionnaire-irlandaise-Gena-Heraty-184x109.jpg",184,109,true],"colornews-featured-post-medium":["https:\/\/velipost.com\/wp-content\/uploads\/2025\/08\/Liberation-de-la-missionnaire-irlandaise-Gena-Heraty-345x265.jpg",345,265,true],"colornews-featured-post-small":["https:\/\/velipost.com\/wp-content\/uploads\/2025\/08\/Liberation-de-la-missionnaire-irlandaise-Gena-Heraty-115x73.jpg",115,73,true],"colornews-random-posts":["https:\/\/velipost.com\/wp-content\/uploads\/2025\/08\/Liberation-de-la-missionnaire-irlandaise-Gena-Heraty-215x215.jpg",215,215,true],"colornews-featured-image":["https:\/\/velipost.com\/wp-content\/uploads\/2025\/08\/Liberation-de-la-missionnaire-irlandaise-Gena-Heraty-715x400.jpg",715,400,true],"mailpoet_newsletter_max":["https:\/\/velipost.com\/wp-content\/uploads\/2025\/08\/Liberation-de-la-missionnaire-irlandaise-Gena-Heraty.jpg",1170,603,false]},"uagb_author_info":{"display_name":"VeliPost","author_link":"https:\/\/velipost.com\/?author=1"},"uagb_comment_info":0,"uagb_excerpt":"La missionnaire irlandaise Gena Heraty et huit autres personnes enlev\u00e9es d\u00e9but ao\u00fbt \u00e0 Kenscoff ont recouvr\u00e9 la libert\u00e9. La nouvelle a \u00e9t\u00e9 confirm\u00e9e ce","_links":{"self":[{"href":"https:\/\/velipost.com\/index.php?rest_route=\/wp\/v2\/posts\/4001","targetHints":{"allow":["GET"]}}],"collection":[{"href":"https:\/\/velipost.com\/index.php?rest_route=\/wp\/v2\/posts"}],"about":[{"href":"https:\/\/velipost.com\/index.php?rest_route=\/wp\/v2\/types\/post"}],"author":[{"embeddable":true,"href":"https:\/\/velipost.com\/index.php?rest_route=\/wp\/v2\/users\/1"}],"replies":[{"embeddable":true,"href":"https:\/\/velipost.com\/index.php?rest_route=%2Fwp%2Fv2%2Fcomments&post=4001"}],"version-history":[{"count":1,"href":"https:\/\/velipost.com\/index.php?rest_route=\/wp\/v2\/posts\/4001\/revisions"}],"predecessor-version":[{"id":4003,"href":"https:\/\/velipost.com\/index.php?rest_route=\/wp\/v2\/posts\/4001\/revisions\/4003"}],"wp:featuredmedia":[{"embeddable":true,"href":"https:\/\/velipost.com\/index.php?rest_route=\/wp\/v2\/media\/4002"}],"wp:attachment":[{"href":"https:\/\/velipost.com\/index.php?rest_route=%2Fwp%2Fv2%2Fmedia&parent=4001"}],"wp:term":[{"taxonomy":"category","embeddable":true,"href":"https:\/\/velipost.com\/index.php?rest_route=%2Fwp%2Fv2%2Fcategories&post=4001"},{"taxonomy":"post_tag","embeddable":true,"href":"https:\/\/velipost.com\/index.php?rest_route=%2Fwp%2Fv2%2Ftags&post=4001"}],"curies":[{"name":"wp","href":"https:\/\/api.w.org\/{rel}","templated":true}]}}