{"id":3996,"date":"2025-08-30T02:50:11","date_gmt":"2025-08-30T00:50:11","guid":{"rendered":"https:\/\/velipost.com\/?p=3996"},"modified":"2025-08-30T02:50:14","modified_gmt":"2025-08-30T00:50:14","slug":"le-menfp-impose-de-nouveaux-permis-aux-ecoles-privees-et-aux-directeurs-pedagogiques","status":"publish","type":"post","link":"https:\/\/velipost.com\/?p=3996","title":{"rendered":"Le MENFP impose de nouveaux permis aux \u00e9coles priv\u00e9es et aux directeurs p\u00e9dagogiques"},"content":{"rendered":"\n<p>Le Minist\u00e8re de l\u2019\u00c9ducation nationale et de la Formation professionnelle (MENFP) a publi\u00e9 une circulaire relative \u00e0 la distribution des permis de fonctionnement aux centres pr\u00e9scolaires et \u00e9tablissements scolaires priv\u00e9s, ainsi qu\u2019aux permis de diriger destin\u00e9s aux directeurs p\u00e9dagogiques. Ces mesures entreront en vigueur \u00e0 partir du 1er octobre 2025.<\/p>\n\n\n\n<p>Selon le document, les \u00e9tablissements priv\u00e9s d\u00e9j\u00e0 enregistr\u00e9s dans le Syst\u00e8me d\u2019information de gestion de l\u2019\u00e9ducation (SIGE) devront soumettre un dossier complet aupr\u00e8s des Directions d\u00e9partementales d\u2019\u00e9ducation (DDE) afin d\u2019obtenir un \u00ab permis de fonctionner \u00bb d\u2019une dur\u00e9e de trois ans, renouvelable une seule fois. Ce permis sera conditionn\u00e9 par l\u2019\u00e9valuation de l\u2019\u00e9cole et la d\u00e9livrance d\u2019un certificat d\u2019accr\u00e9ditation.<\/p>\n\n\n\n<p>Le MENFP pr\u00e9cise que les \u00e9coles qui pr\u00e9sentent des candidats aux examens officiels de 9e ann\u00e9e fondamentale ou de secondaire 4, mais qui n\u2019auront pas d\u00e9pos\u00e9 leur dossier, ne pourront b\u00e9n\u00e9ficier que d\u2019un permis provisoire valable un an. Pass\u00e9 ce d\u00e9lai, elles ne seront plus autoris\u00e9es \u00e0 inscrire leurs \u00e9l\u00e8ves aux examens officiels.<\/p>\n\n\n\n<p>La circulaire impose \u00e9galement \u00e0 chaque directeur p\u00e9dagogique d\u2019\u00eatre titulaire d\u2019un \u00ab permis de diriger \u00bb, d\u00e9livr\u00e9 sur la base des crit\u00e8res li\u00e9s \u00e0 la qualification acad\u00e9mique et \u00e0 l\u2019exp\u00e9rience professionnelle. Cette disposition devient obligatoire pour l\u2019exercice l\u00e9gal de cette fonction dans les \u00e9tablissements pr\u00e9scolaires et scolaires priv\u00e9s.<\/p>\n\n\n\n<p>Le minist\u00e8re confie aux Directions d\u00e9partementales d\u2019\u00e9ducation la mission d\u2019assurer la diffusion, le suivi et le contr\u00f4le de l\u2019application de ces mesures. En cas de non-respect, des sanctions pr\u00e9vues par la r\u00e9glementation en vigueur seront appliqu\u00e9es.<\/p>\n\n\n\n<p>Avec ces nouvelles dispositions, le MENFP affirme vouloir renforcer la gouvernance du syst\u00e8me \u00e9ducatif ha\u00eftien et assurer une meilleure r\u00e9gulation des \u00e9tablissements scolaires priv\u00e9s.<\/p>\n\n    <div class=\"xs_social_share_widget xs_share_url after_content \t\tmain_content  wslu-style-3 wslu-share-box-shaped wslu-fill-brand-hover-colored wslu-share-m-5 wslu-none wslu-share-horizontal wslu-theme-font-no wslu-main_content\">\n\n\t\t\n        <ul>\n\t\t\t                    <li class=\"xs-share-li twitter                        wslu-no-extra-data\">\n                        <a href=\"javascript:void(0);\"\n                           id=\"xs_feed_twitter\"\n                           onclick=\"xs_social_sharer(this);\"\n                           data-pid=\"3996\"\n                           data-uri_hash=\"a47322beaba61d881e5d3297d57a08cb\"\n                           data-key=\"twitter\"\n                           data-xs-href=\"https:\/\/twitter.com\/intent\/tweet?text=Le+MENFP+impose+de+nouveaux+permis+aux+%C3%A9coles+priv%C3%A9es+et+aux+directeurs+p%C3%A9dagogiques+https%3A%2F%2Fvelipost.com%2Findex.php%3Frest_route%3D%252Fwp%252Fv2%252Fposts%252F3996&amp;original_referer=https%3A%2F%2Fvelipost.com%2Findex.php%3Frest_route%3D%252Fwp%252Fv2%252Fposts%252F3996&amp;related=xpeedstudio\">\n\n                            <div class=\"xs-social-icon\">\n                                <span class=\"met-social met-social-twitter\"><\/span>\n                            <\/div>\n\n\t\t\t\t\t\t\t\n                            <div class=\"wslu-hover-content\">\n                                <div class=\"xs-social-followers\">\n\t\t\t\t\t\t\t\t\t10                                <\/div>\n                                <div class=\"xs-social-follower-text\">\n\t\t\t\t\t\t\t\t\tShare                                <\/div>\n                                <div class=\"xs-social-follower-label\">\n\t\t\t\t\t\t\t\t\tTwitter                                <\/div>\n                            <\/div>\n                        <\/a>\n                    <\/li>\n\t\t\t\t\t                    <li class=\"xs-share-li telegram                        wslu-no-extra-data\">\n                        <a href=\"javascript:void(0);\"\n                           id=\"xs_feed_telegram\"\n                           onclick=\"xs_social_sharer(this);\"\n                           data-pid=\"3996\"\n                           data-uri_hash=\"a47322beaba61d881e5d3297d57a08cb\"\n                           data-key=\"telegram\"\n                           data-xs-href=\"https:\/\/telegram.me\/share\/url?url=https%3A%2F%2Fvelipost.com%2Findex.php%3Frest_route%3D%252Fwp%252Fv2%252Fposts%252F3996&amp;text=Le+MENFP+impose+de+nouveaux+permis+aux+%C3%A9coles+priv%C3%A9es+et+aux+directeurs+p%C3%A9dagogiques\">\n\n                            <div class=\"xs-social-icon\">\n                                <span class=\"met-social met-social-telegram\"><\/span>\n                            <\/div>\n\n\t\t\t\t\t\t\t\n                            <div class=\"wslu-hover-content\">\n                                <div class=\"xs-social-followers\">\n\t\t\t\t\t\t\t\t\t0                                <\/div>\n                                <div class=\"xs-social-follower-text\">\n\t\t\t\t\t\t\t\t\tShare                                <\/div>\n                                <div class=\"xs-social-follower-label\">\n\t\t\t\t\t\t\t\t\tTelegram                                <\/div>\n                            <\/div>\n                        <\/a>\n                    <\/li>\n\t\t\t\t\t                    <li class=\"xs-share-li email                        wslu-no-extra-data\">\n                        <a href=\"javascript:void(0);\"\n                           id=\"xs_feed_email\"\n                           onclick=\"xs_social_sharer(this);\"\n                           data-pid=\"3996\"\n                           data-uri_hash=\"a47322beaba61d881e5d3297d57a08cb\"\n                           data-key=\"email\"\n                           data-xs-href=\"mailto:?body=Title%3A+Le+MENFP+impose+de+nouveaux+permis+aux+%C3%A9coles+priv%C3%A9es+et+aux+directeurs+p%C3%A9dagogiques+%5Cn%5Cn+URL%3A+https%3A%2F%2Fvelipost.com%2Findex.php%3Frest_route%3D%252Fwp%252Fv2%252Fposts%252F3996&amp;subject=Le+MENFP+impose+de+nouveaux+permis+aux+%C3%A9coles+priv%C3%A9es+et+aux+directeurs+p%C3%A9dagogiques\">\n\n                            <div class=\"xs-social-icon\">\n                                <span class=\"met-social met-social-email\"><\/span>\n                            <\/div>\n\n\t\t\t\t\t\t\t\n                            <div class=\"wslu-hover-content\">\n                                <div class=\"xs-social-followers\">\n\t\t\t\t\t\t\t\t\t0                                <\/div>\n                                <div class=\"xs-social-follower-text\">\n\t\t\t\t\t\t\t\t\tShare                                <\/div>\n                                <div class=\"xs-social-follower-label\">\n\t\t\t\t\t\t\t\t\tEmail                                <\/div>\n                            <\/div>\n                        <\/a>\n                    <\/li>\n\t\t\t\t\t        <\/ul>\n    <\/div> \n","protected":false},"excerpt":{"rendered":"<p>Le Minist\u00e8re de l\u2019\u00c9ducation nationale et de la Formation professionnelle (MENFP) a publi\u00e9 une circulaire relative \u00e0 la distribution des permis de fonctionnement aux<\/p>\n","protected":false},"author":1,"featured_media":3997,"comment_status":"open","ping_status":"open","sticky":false,"template":"","format":"standard","meta":{"_uag_custom_page_level_css":"","footnotes":"","jetpack_publicize_message":"","jetpack_publicize_feature_enabled":true,"jetpack_social_post_already_shared":true,"jetpack_social_options":{"image_generator_settings":{"template":"highway","default_image_id":0,"font":"","enabled":false},"version":2}},"categories":[260],"tags":[],"class_list":["post-3996","post","type-post","status-publish","format-standard","has-post-thumbnail","hentry","category-education"],"yoast_head":"<!-- This site is optimized with the Yoast SEO plugin v25.3.1 - https:\/\/yoast.com\/wordpress\/plugins\/seo\/ -->\n<title>Le MENFP impose de nouveaux permis aux \u00e9coles priv\u00e9es et aux directeurs p\u00e9dagogiques &#8211; VeliPost<\/title>\n<meta name=\"robots\" content=\"index, follow, max-snippet:-1, max-image-preview:large, max-video-preview:-1\" \/>\n<link rel=\"canonical\" href=\"https:\/\/velipost.com\/?p=3996\" \/>\n<meta property=\"og:locale\" content=\"fr_FR\" \/>\n<meta property=\"og:type\" content=\"article\" \/>\n<meta property=\"og:title\" content=\"Le MENFP impose de nouveaux permis aux \u00e9coles priv\u00e9es et aux directeurs p\u00e9dagogiques &#8211; VeliPost\" \/>\n<meta property=\"og:description\" content=\"Le Minist\u00e8re de l\u2019\u00c9ducation nationale et de la Formation professionnelle (MENFP) a publi\u00e9 une circulaire relative \u00e0 la distribution des permis de fonctionnement aux\" \/>\n<meta property=\"og:url\" content=\"https:\/\/velipost.com\/?p=3996\" \/>\n<meta property=\"og:site_name\" content=\"VeliPost\" \/>\n<meta property=\"article:publisher\" content=\"https:\/\/www.facebook.com\/veliposthaiti\" \/>\n<meta property=\"article:published_time\" content=\"2025-08-30T00:50:11+00:00\" \/>\n<meta property=\"article:modified_time\" content=\"2025-08-30T00:50:14+00:00\" \/>\n<meta property=\"og:image\" content=\"https:\/\/velipost.com\/wp-content\/uploads\/2025\/08\/MENFP.jpg\" \/>\n\t<meta property=\"og:image:width\" content=\"1170\" \/>\n\t<meta property=\"og:image:height\" content=\"603\" \/>\n\t<meta property=\"og:image:type\" content=\"image\/jpeg\" \/>\n<meta name=\"author\" content=\"VeliPost\" \/>\n<meta name=\"twitter:card\" content=\"summary_large_image\" \/>\n<meta name=\"twitter:creator\" content=\"@veliposthaiti\" \/>\n<meta name=\"twitter:site\" content=\"@veliposthaiti\" \/>\n<meta name=\"twitter:label1\" content=\"\u00c9crit par\" \/>\n\t<meta name=\"twitter:data1\" content=\"VeliPost\" \/>\n\t<meta name=\"twitter:label2\" content=\"Dur\u00e9e de lecture estim\u00e9e\" \/>\n\t<meta name=\"twitter:data2\" content=\"2 minutes\" \/>\n<script type=\"application\/ld+json\" class=\"yoast-schema-graph\">{\"@context\":\"https:\/\/schema.org\",\"@graph\":[{\"@type\":\"Article\",\"@id\":\"https:\/\/velipost.com\/?p=3996#article\",\"isPartOf\":{\"@id\":\"https:\/\/velipost.com\/?p=3996\"},\"author\":{\"name\":\"VeliPost\",\"@id\":\"https:\/\/velipost.com\/#\/schema\/person\/32ff49a53c9c1bb24302ee8ece058096\"},\"headline\":\"Le MENFP impose de nouveaux permis aux \u00e9coles priv\u00e9es et aux directeurs p\u00e9dagogiques\",\"datePublished\":\"2025-08-30T00:50:11+00:00\",\"dateModified\":\"2025-08-30T00:50:14+00:00\",\"mainEntityOfPage\":{\"@id\":\"https:\/\/velipost.com\/?p=3996\"},\"wordCount\":335,\"commentCount\":0,\"publisher\":{\"@id\":\"https:\/\/velipost.com\/#organization\"},\"image\":{\"@id\":\"https:\/\/velipost.com\/?p=3996#primaryimage\"},\"thumbnailUrl\":\"https:\/\/velipost.com\/wp-content\/uploads\/2025\/08\/MENFP.jpg\",\"articleSection\":[\"Education\"],\"inLanguage\":\"fr-FR\",\"potentialAction\":[{\"@type\":\"CommentAction\",\"name\":\"Comment\",\"target\":[\"https:\/\/velipost.com\/?p=3996#respond\"]}]},{\"@type\":\"WebPage\",\"@id\":\"https:\/\/velipost.com\/?p=3996\",\"url\":\"https:\/\/velipost.com\/?p=3996\",\"name\":\"Le MENFP impose de nouveaux permis aux \u00e9coles priv\u00e9es et aux directeurs p\u00e9dagogiques &#8211; VeliPost\",\"isPartOf\":{\"@id\":\"https:\/\/velipost.com\/#website\"},\"primaryImageOfPage\":{\"@id\":\"https:\/\/velipost.com\/?p=3996#primaryimage\"},\"image\":{\"@id\":\"https:\/\/velipost.com\/?p=3996#primaryimage\"},\"thumbnailUrl\":\"https:\/\/velipost.com\/wp-content\/uploads\/2025\/08\/MENFP.jpg\",\"datePublished\":\"2025-08-30T00:50:11+00:00\",\"dateModified\":\"2025-08-30T00:50:14+00:00\",\"breadcrumb\":{\"@id\":\"https:\/\/velipost.com\/?p=3996#breadcrumb\"},\"inLanguage\":\"fr-FR\",\"potentialAction\":[{\"@type\":\"ReadAction\",\"target\":[\"https:\/\/velipost.com\/?p=3996\"]}]},{\"@type\":\"ImageObject\",\"inLanguage\":\"fr-FR\",\"@id\":\"https:\/\/velipost.com\/?p=3996#primaryimage\",\"url\":\"https:\/\/velipost.com\/wp-content\/uploads\/2025\/08\/MENFP.jpg\",\"contentUrl\":\"https:\/\/velipost.com\/wp-content\/uploads\/2025\/08\/MENFP.jpg\",\"width\":1170,\"height\":603},{\"@type\":\"BreadcrumbList\",\"@id\":\"https:\/\/velipost.com\/?p=3996#breadcrumb\",\"itemListElement\":[{\"@type\":\"ListItem\",\"position\":1,\"name\":\"Accueil\",\"item\":\"https:\/\/velipost.com\/\"},{\"@type\":\"ListItem\",\"position\":2,\"name\":\"Le MENFP impose de nouveaux permis aux \u00e9coles priv\u00e9es et aux directeurs p\u00e9dagogiques\"}]},{\"@type\":\"WebSite\",\"@id\":\"https:\/\/velipost.com\/#website\",\"url\":\"https:\/\/velipost.com\/\",\"name\":\"VeliPost\",\"description\":\"L\u2019info en un clic\",\"publisher\":{\"@id\":\"https:\/\/velipost.com\/#organization\"},\"potentialAction\":[{\"@type\":\"SearchAction\",\"target\":{\"@type\":\"EntryPoint\",\"urlTemplate\":\"https:\/\/velipost.com\/?s={search_term_string}\"},\"query-input\":{\"@type\":\"PropertyValueSpecification\",\"valueRequired\":true,\"valueName\":\"search_term_string\"}}],\"inLanguage\":\"fr-FR\"},{\"@type\":\"Organization\",\"@id\":\"https:\/\/velipost.com\/#organization\",\"name\":\"VeliPost\",\"url\":\"https:\/\/velipost.com\/\",\"logo\":{\"@type\":\"ImageObject\",\"inLanguage\":\"fr-FR\",\"@id\":\"https:\/\/velipost.com\/#\/schema\/logo\/image\/\",\"url\":\"https:\/\/velipost.com\/wp-content\/uploads\/2024\/08\/cropped-VP-logo-piti.png\",\"contentUrl\":\"https:\/\/velipost.com\/wp-content\/uploads\/2024\/08\/cropped-VP-logo-piti.png\",\"width\":201,\"height\":69,\"caption\":\"VeliPost\"},\"image\":{\"@id\":\"https:\/\/velipost.com\/#\/schema\/logo\/image\/\"},\"sameAs\":[\"https:\/\/www.facebook.com\/veliposthaiti\",\"https:\/\/x.com\/veliposthaiti\",\"https:\/\/www.instagram.com\/veliposthaiti\"]},{\"@type\":\"Person\",\"@id\":\"https:\/\/velipost.com\/#\/schema\/person\/32ff49a53c9c1bb24302ee8ece058096\",\"name\":\"VeliPost\",\"image\":{\"@type\":\"ImageObject\",\"inLanguage\":\"fr-FR\",\"@id\":\"https:\/\/velipost.com\/#\/schema\/person\/image\/\",\"url\":\"https:\/\/secure.gravatar.com\/avatar\/57c226c264de62f794185a89596d4a37b85a5ad20aca30d9d5a478b27d8c8d9d?s=96&d=mm&r=g\",\"contentUrl\":\"https:\/\/secure.gravatar.com\/avatar\/57c226c264de62f794185a89596d4a37b85a5ad20aca30d9d5a478b27d8c8d9d?s=96&d=mm&r=g\",\"caption\":\"VeliPost\"},\"sameAs\":[\"https:\/\/velipost.com\"],\"url\":\"https:\/\/velipost.com\/?author=1\"}]}<\/script>\n<!-- \/ Yoast SEO plugin. -->","yoast_head_json":{"title":"Le MENFP impose de nouveaux permis aux \u00e9coles priv\u00e9es et aux directeurs p\u00e9dagogiques &#8211; VeliPost","robots":{"index":"index","follow":"follow","max-snippet":"max-snippet:-1","max-image-preview":"max-image-preview:large","max-video-preview":"max-video-preview:-1"},"canonical":"https:\/\/velipost.com\/?p=3996","og_locale":"fr_FR","og_type":"article","og_title":"Le MENFP impose de nouveaux permis aux \u00e9coles priv\u00e9es et aux directeurs p\u00e9dagogiques &#8211; VeliPost","og_description":"Le Minist\u00e8re de l\u2019\u00c9ducation nationale et de la Formation professionnelle (MENFP) a publi\u00e9 une circulaire relative \u00e0 la distribution des permis de fonctionnement aux","og_url":"https:\/\/velipost.com\/?p=3996","og_site_name":"VeliPost","article_publisher":"https:\/\/www.facebook.com\/veliposthaiti","article_published_time":"2025-08-30T00:50:11+00:00","article_modified_time":"2025-08-30T00:50:14+00:00","og_image":[{"width":1170,"height":603,"url":"https:\/\/velipost.com\/wp-content\/uploads\/2025\/08\/MENFP.jpg","type":"image\/jpeg"}],"author":"VeliPost","twitter_card":"summary_large_image","twitter_creator":"@veliposthaiti","twitter_site":"@veliposthaiti","twitter_misc":{"\u00c9crit par":"VeliPost","Dur\u00e9e de lecture estim\u00e9e":"2 minutes"},"schema":{"@context":"https:\/\/schema.org","@graph":[{"@type":"Article","@id":"https:\/\/velipost.com\/?p=3996#article","isPartOf":{"@id":"https:\/\/velipost.com\/?p=3996"},"author":{"name":"VeliPost","@id":"https:\/\/velipost.com\/#\/schema\/person\/32ff49a53c9c1bb24302ee8ece058096"},"headline":"Le MENFP impose de nouveaux permis aux \u00e9coles priv\u00e9es et aux directeurs p\u00e9dagogiques","datePublished":"2025-08-30T00:50:11+00:00","dateModified":"2025-08-30T00:50:14+00:00","mainEntityOfPage":{"@id":"https:\/\/velipost.com\/?p=3996"},"wordCount":335,"commentCount":0,"publisher":{"@id":"https:\/\/velipost.com\/#organization"},"image":{"@id":"https:\/\/velipost.com\/?p=3996#primaryimage"},"thumbnailUrl":"https:\/\/velipost.com\/wp-content\/uploads\/2025\/08\/MENFP.jpg","articleSection":["Education"],"inLanguage":"fr-FR","potentialAction":[{"@type":"CommentAction","name":"Comment","target":["https:\/\/velipost.com\/?p=3996#respond"]}]},{"@type":"WebPage","@id":"https:\/\/velipost.com\/?p=3996","url":"https:\/\/velipost.com\/?p=3996","name":"Le MENFP impose de nouveaux permis aux \u00e9coles priv\u00e9es et aux directeurs p\u00e9dagogiques &#8211; VeliPost","isPartOf":{"@id":"https:\/\/velipost.com\/#website"},"primaryImageOfPage":{"@id":"https:\/\/velipost.com\/?p=3996#primaryimage"},"image":{"@id":"https:\/\/velipost.com\/?p=3996#primaryimage"},"thumbnailUrl":"https:\/\/velipost.com\/wp-content\/uploads\/2025\/08\/MENFP.jpg","datePublished":"2025-08-30T00:50:11+00:00","dateModified":"2025-08-30T00:50:14+00:00","breadcrumb":{"@id":"https:\/\/velipost.com\/?p=3996#breadcrumb"},"inLanguage":"fr-FR","potentialAction":[{"@type":"ReadAction","target":["https:\/\/velipost.com\/?p=3996"]}]},{"@type":"ImageObject","inLanguage":"fr-FR","@id":"https:\/\/velipost.com\/?p=3996#primaryimage","url":"https:\/\/velipost.com\/wp-content\/uploads\/2025\/08\/MENFP.jpg","contentUrl":"https:\/\/velipost.com\/wp-content\/uploads\/2025\/08\/MENFP.jpg","width":1170,"height":603},{"@type":"BreadcrumbList","@id":"https:\/\/velipost.com\/?p=3996#breadcrumb","itemListElement":[{"@type":"ListItem","position":1,"name":"Accueil","item":"https:\/\/velipost.com\/"},{"@type":"ListItem","position":2,"name":"Le MENFP impose de nouveaux permis aux \u00e9coles priv\u00e9es et aux directeurs p\u00e9dagogiques"}]},{"@type":"WebSite","@id":"https:\/\/velipost.com\/#website","url":"https:\/\/velipost.com\/","name":"VeliPost","description":"L\u2019info en un clic","publisher":{"@id":"https:\/\/velipost.com\/#organization"},"potentialAction":[{"@type":"SearchAction","target":{"@type":"EntryPoint","urlTemplate":"https:\/\/velipost.com\/?s={search_term_string}"},"query-input":{"@type":"PropertyValueSpecification","valueRequired":true,"valueName":"search_term_string"}}],"inLanguage":"fr-FR"},{"@type":"Organization","@id":"https:\/\/velipost.com\/#organization","name":"VeliPost","url":"https:\/\/velipost.com\/","logo":{"@type":"ImageObject","inLanguage":"fr-FR","@id":"https:\/\/velipost.com\/#\/schema\/logo\/image\/","url":"https:\/\/velipost.com\/wp-content\/uploads\/2024\/08\/cropped-VP-logo-piti.png","contentUrl":"https:\/\/velipost.com\/wp-content\/uploads\/2024\/08\/cropped-VP-logo-piti.png","width":201,"height":69,"caption":"VeliPost"},"image":{"@id":"https:\/\/velipost.com\/#\/schema\/logo\/image\/"},"sameAs":["https:\/\/www.facebook.com\/veliposthaiti","https:\/\/x.com\/veliposthaiti","https:\/\/www.instagram.com\/veliposthaiti"]},{"@type":"Person","@id":"https:\/\/velipost.com\/#\/schema\/person\/32ff49a53c9c1bb24302ee8ece058096","name":"VeliPost","image":{"@type":"ImageObject","inLanguage":"fr-FR","@id":"https:\/\/velipost.com\/#\/schema\/person\/image\/","url":"https:\/\/secure.gravatar.com\/avatar\/57c226c264de62f794185a89596d4a37b85a5ad20aca30d9d5a478b27d8c8d9d?s=96&d=mm&r=g","contentUrl":"https:\/\/secure.gravatar.com\/avatar\/57c226c264de62f794185a89596d4a37b85a5ad20aca30d9d5a478b27d8c8d9d?s=96&d=mm&r=g","caption":"VeliPost"},"sameAs":["https:\/\/velipost.com"],"url":"https:\/\/velipost.com\/?author=1"}]}},"views":0,"jetpack_publicize_connections":[],"uagb_featured_image_src":{"full":["https:\/\/velipost.com\/wp-content\/uploads\/2025\/08\/MENFP.jpg",1170,603,false],"thumbnail":["https:\/\/velipost.com\/wp-content\/uploads\/2025\/08\/MENFP-150x150.jpg",150,150,true],"medium":["https:\/\/velipost.com\/wp-content\/uploads\/2025\/08\/MENFP-300x155.jpg",300,155,true],"medium_large":["https:\/\/velipost.com\/wp-content\/uploads\/2025\/08\/MENFP-768x396.jpg",715,369,true],"large":["https:\/\/velipost.com\/wp-content\/uploads\/2025\/08\/MENFP-1024x528.jpg",715,369,true],"1536x1536":["https:\/\/velipost.com\/wp-content\/uploads\/2025\/08\/MENFP.jpg",1170,603,false],"2048x2048":["https:\/\/velipost.com\/wp-content\/uploads\/2025\/08\/MENFP.jpg",1170,603,false],"colornews-big-slider":["https:\/\/velipost.com\/wp-content\/uploads\/2025\/08\/MENFP-1070x470.jpg",1070,470,true],"colornews-big-slider-thumb":["https:\/\/velipost.com\/wp-content\/uploads\/2025\/08\/MENFP-184x109.jpg",184,109,true],"colornews-featured-post-medium":["https:\/\/velipost.com\/wp-content\/uploads\/2025\/08\/MENFP-345x265.jpg",345,265,true],"colornews-featured-post-small":["https:\/\/velipost.com\/wp-content\/uploads\/2025\/08\/MENFP-115x73.jpg",115,73,true],"colornews-random-posts":["https:\/\/velipost.com\/wp-content\/uploads\/2025\/08\/MENFP-215x215.jpg",215,215,true],"colornews-featured-image":["https:\/\/velipost.com\/wp-content\/uploads\/2025\/08\/MENFP-715x400.jpg",715,400,true],"mailpoet_newsletter_max":["https:\/\/velipost.com\/wp-content\/uploads\/2025\/08\/MENFP.jpg",1170,603,false]},"uagb_author_info":{"display_name":"VeliPost","author_link":"https:\/\/velipost.com\/?author=1"},"uagb_comment_info":0,"uagb_excerpt":"Le Minist\u00e8re de l\u2019\u00c9ducation nationale et de la Formation professionnelle (MENFP) a publi\u00e9 une circulaire relative \u00e0 la distribution des permis de fonctionnement aux","_links":{"self":[{"href":"https:\/\/velipost.com\/index.php?rest_route=\/wp\/v2\/posts\/3996","targetHints":{"allow":["GET"]}}],"collection":[{"href":"https:\/\/velipost.com\/index.php?rest_route=\/wp\/v2\/posts"}],"about":[{"href":"https:\/\/velipost.com\/index.php?rest_route=\/wp\/v2\/types\/post"}],"author":[{"embeddable":true,"href":"https:\/\/velipost.com\/index.php?rest_route=\/wp\/v2\/users\/1"}],"replies":[{"embeddable":true,"href":"https:\/\/velipost.com\/index.php?rest_route=%2Fwp%2Fv2%2Fcomments&post=3996"}],"version-history":[{"count":1,"href":"https:\/\/velipost.com\/index.php?rest_route=\/wp\/v2\/posts\/3996\/revisions"}],"predecessor-version":[{"id":3998,"href":"https:\/\/velipost.com\/index.php?rest_route=\/wp\/v2\/posts\/3996\/revisions\/3998"}],"wp:featuredmedia":[{"embeddable":true,"href":"https:\/\/velipost.com\/index.php?rest_route=\/wp\/v2\/media\/3997"}],"wp:attachment":[{"href":"https:\/\/velipost.com\/index.php?rest_route=%2Fwp%2Fv2%2Fmedia&parent=3996"}],"wp:term":[{"taxonomy":"category","embeddable":true,"href":"https:\/\/velipost.com\/index.php?rest_route=%2Fwp%2Fv2%2Fcategories&post=3996"},{"taxonomy":"post_tag","embeddable":true,"href":"https:\/\/velipost.com\/index.php?rest_route=%2Fwp%2Fv2%2Ftags&post=3996"}],"curies":[{"name":"wp","href":"https:\/\/api.w.org\/{rel}","templated":true}]}}