{"id":3990,"date":"2025-08-30T02:44:06","date_gmt":"2025-08-30T00:44:06","guid":{"rendered":"https:\/\/velipost.com\/?p=3990"},"modified":"2025-08-30T02:45:00","modified_gmt":"2025-08-30T00:45:00","slug":"haiti-valorise-sa-culture-a-carifesta-2025-en-barbade","status":"publish","type":"post","link":"https:\/\/velipost.com\/?p=3990","title":{"rendered":"Ha\u00efti valorise sa culture \u00e0 Carifesta 2025 en Barbade"},"content":{"rendered":"\n<p>La R\u00e9publique d\u2019Ha\u00efti participe \u00e0 la quinzi\u00e8me \u00e9dition du Festival des Arts de la Cara\u00efbe (Carifesta XV), organis\u00e9e \u00e0 la Barbade du 22 au 31 ao\u00fbt 2025. Plac\u00e9 sous le th\u00e8me \u00ab Racines carib\u00e9ennes\u2026 Excellence mondiale \u00bb, l\u2019\u00e9v\u00e9nement r\u00e9unit les nations de la r\u00e9gion autour de la diversit\u00e9 artistique et culturelle.<\/p>\n\n\n\n<p>\u00c0 travers cette pr\u00e9sence, Ha\u00efti r\u00e9affirme son r\u00f4le de pionnier dans la pr\u00e9servation et la valorisation du patrimoine carib\u00e9en. La d\u00e9l\u00e9gation ha\u00eftienne, bien que restreinte, met en avant ses forces cr\u00e9atives dans la musique, la danse, l\u2019artisanat, la gastronomie et la mode. Trois axes guident cette participation : nos origines, nos r\u00e9ussites et notre avenir, symbolisant respectivement l\u2019h\u00e9ritage, l\u2019excellence et la r\u00e9silience.<\/p>\n\n\n\n<p>Les rendez-vous ha\u00eftiens s\u2019annoncent vari\u00e9s et riches. Le public d\u00e9couvrira des prestations musicales avec Erol Josu\u00e9, 21 Nanchon et Neges Fla Vaudou, ainsi que des expositions artisanales et des concours gastronomiques. Des artistes et artisans tels que Maelle David Figaro, Esperanta Delmas, Esterline Eustache ou encore les cr\u00e9ateurs de Noailles y pr\u00e9senteront leur savoir-faire.<\/p>\n\n\n\n<p>Pour le gouvernement ha\u00eftien, Carifesta 2025 est \u00e0 la fois un acte culturel et diplomatique. Il s\u2019agit de promouvoir la culture nationale, de renforcer les liens avec les autres pays carib\u00e9ens et de d\u00e9montrer que la culture reste un levier de d\u00e9veloppement et de fraternit\u00e9. Cette participation positionne Ha\u00efti comme un acteur incontournable du dialogue culturel r\u00e9gional et international.<\/p>\n\n\n\n<div class=\"wp-block-uagb-image uagb-block-cf7c20df wp-block-uagb-image--layout-default wp-block-uagb-image--effect-static wp-block-uagb-image--align-none\"><figure class=\"wp-block-uagb-image__figure\"><a class=\"\" href=\"https:\/\/velipost.com\/wp-content\/uploads\/2025\/08\/carifesta25.jpg\" target=\"\" rel=\"noopener\"><img loading=\"lazy\" decoding=\"async\" srcset=\"https:\/\/velipost.com\/wp-content\/uploads\/2025\/08\/carifesta25-1024x528.jpg ,https:\/\/velipost.com\/wp-content\/uploads\/2025\/08\/carifesta25.jpg 780w, https:\/\/velipost.com\/wp-content\/uploads\/2025\/08\/carifesta25.jpg 360w\" sizes=\"auto, (max-width: 480px) 150px\" src=\"https:\/\/velipost.com\/wp-content\/uploads\/2025\/08\/carifesta25-1024x528.jpg\" alt=\"\" class=\"uag-image-3992\" width=\"1024\" height=\"528\" title=\"carifesta25\" loading=\"lazy\" role=\"img\"\/><\/a><\/figure><\/div>\n\n    <div class=\"xs_social_share_widget xs_share_url after_content \t\tmain_content  wslu-style-3 wslu-share-box-shaped wslu-fill-brand-hover-colored wslu-share-m-5 wslu-none wslu-share-horizontal wslu-theme-font-no wslu-main_content\">\n\n\t\t\n        <ul>\n\t\t\t                    <li class=\"xs-share-li twitter                        wslu-no-extra-data\">\n                        <a href=\"javascript:void(0);\"\n                           id=\"xs_feed_twitter\"\n                           onclick=\"xs_social_sharer(this);\"\n                           data-pid=\"3990\"\n                           data-uri_hash=\"db320f8ca4793e150ff9236cc0ff0349\"\n                           data-key=\"twitter\"\n                           data-xs-href=\"https:\/\/twitter.com\/intent\/tweet?text=Ha%C3%AFti+valorise+sa+culture+%C3%A0+Carifesta+2025+en+Barbade+https%3A%2F%2Fvelipost.com%2Findex.php%3Frest_route%3D%252Fwp%252Fv2%252Fposts%252F3990&amp;original_referer=https%3A%2F%2Fvelipost.com%2Findex.php%3Frest_route%3D%252Fwp%252Fv2%252Fposts%252F3990&amp;related=xpeedstudio\">\n\n                            <div class=\"xs-social-icon\">\n                                <span class=\"met-social met-social-twitter\"><\/span>\n                            <\/div>\n\n\t\t\t\t\t\t\t\n                            <div class=\"wslu-hover-content\">\n                                <div class=\"xs-social-followers\">\n\t\t\t\t\t\t\t\t\t10                                <\/div>\n                                <div class=\"xs-social-follower-text\">\n\t\t\t\t\t\t\t\t\tShare                                <\/div>\n                                <div class=\"xs-social-follower-label\">\n\t\t\t\t\t\t\t\t\tTwitter                                <\/div>\n                            <\/div>\n                        <\/a>\n                    <\/li>\n\t\t\t\t\t                    <li class=\"xs-share-li telegram                        wslu-no-extra-data\">\n                        <a href=\"javascript:void(0);\"\n                           id=\"xs_feed_telegram\"\n                           onclick=\"xs_social_sharer(this);\"\n                           data-pid=\"3990\"\n                           data-uri_hash=\"db320f8ca4793e150ff9236cc0ff0349\"\n                           data-key=\"telegram\"\n                           data-xs-href=\"https:\/\/telegram.me\/share\/url?url=https%3A%2F%2Fvelipost.com%2Findex.php%3Frest_route%3D%252Fwp%252Fv2%252Fposts%252F3990&amp;text=Ha%C3%AFti+valorise+sa+culture+%C3%A0+Carifesta+2025+en+Barbade\">\n\n                            <div class=\"xs-social-icon\">\n                                <span class=\"met-social met-social-telegram\"><\/span>\n                            <\/div>\n\n\t\t\t\t\t\t\t\n                            <div class=\"wslu-hover-content\">\n                                <div class=\"xs-social-followers\">\n\t\t\t\t\t\t\t\t\t0                                <\/div>\n                                <div class=\"xs-social-follower-text\">\n\t\t\t\t\t\t\t\t\tShare                                <\/div>\n                                <div class=\"xs-social-follower-label\">\n\t\t\t\t\t\t\t\t\tTelegram                                <\/div>\n                            <\/div>\n                        <\/a>\n                    <\/li>\n\t\t\t\t\t                    <li class=\"xs-share-li email                        wslu-no-extra-data\">\n                        <a href=\"javascript:void(0);\"\n                           id=\"xs_feed_email\"\n                           onclick=\"xs_social_sharer(this);\"\n                           data-pid=\"3990\"\n                           data-uri_hash=\"db320f8ca4793e150ff9236cc0ff0349\"\n                           data-key=\"email\"\n                           data-xs-href=\"mailto:?body=Title%3A+Ha%C3%AFti+valorise+sa+culture+%C3%A0+Carifesta+2025+en+Barbade+%5Cn%5Cn+URL%3A+https%3A%2F%2Fvelipost.com%2Findex.php%3Frest_route%3D%252Fwp%252Fv2%252Fposts%252F3990&amp;subject=Ha%C3%AFti+valorise+sa+culture+%C3%A0+Carifesta+2025+en+Barbade\">\n\n                            <div class=\"xs-social-icon\">\n                                <span class=\"met-social met-social-email\"><\/span>\n                            <\/div>\n\n\t\t\t\t\t\t\t\n                            <div class=\"wslu-hover-content\">\n                                <div class=\"xs-social-followers\">\n\t\t\t\t\t\t\t\t\t0                                <\/div>\n                                <div class=\"xs-social-follower-text\">\n\t\t\t\t\t\t\t\t\tShare                                <\/div>\n                                <div class=\"xs-social-follower-label\">\n\t\t\t\t\t\t\t\t\tEmail                                <\/div>\n                            <\/div>\n                        <\/a>\n                    <\/li>\n\t\t\t\t\t        <\/ul>\n    <\/div> \n","protected":false},"excerpt":{"rendered":"<p>La R\u00e9publique d\u2019Ha\u00efti participe \u00e0 la quinzi\u00e8me \u00e9dition du Festival des Arts de la Cara\u00efbe (Carifesta XV), organis\u00e9e \u00e0 la Barbade du 22 au<\/p>\n","protected":false},"author":1,"featured_media":3991,"comment_status":"open","ping_status":"open","sticky":false,"template":"","format":"standard","meta":{"_uag_custom_page_level_css":"","footnotes":"","jetpack_publicize_message":"","jetpack_publicize_feature_enabled":true,"jetpack_social_post_already_shared":true,"jetpack_social_options":{"image_generator_settings":{"template":"highway","default_image_id":0,"font":"","enabled":false},"version":2}},"categories":[54],"tags":[],"class_list":["post-3990","post","type-post","status-publish","format-standard","has-post-thumbnail","hentry","category-culture"],"yoast_head":"<!-- This site is optimized with the Yoast SEO plugin v25.3.1 - https:\/\/yoast.com\/wordpress\/plugins\/seo\/ -->\n<title>Ha\u00efti valorise sa culture \u00e0 Carifesta 2025 en Barbade &#8211; VeliPost<\/title>\n<meta name=\"robots\" content=\"index, follow, max-snippet:-1, max-image-preview:large, max-video-preview:-1\" \/>\n<link rel=\"canonical\" href=\"https:\/\/velipost.com\/?p=3990\" \/>\n<meta property=\"og:locale\" content=\"fr_FR\" \/>\n<meta property=\"og:type\" content=\"article\" \/>\n<meta property=\"og:title\" content=\"Ha\u00efti valorise sa culture \u00e0 Carifesta 2025 en Barbade &#8211; VeliPost\" \/>\n<meta property=\"og:description\" content=\"La R\u00e9publique d\u2019Ha\u00efti participe \u00e0 la quinzi\u00e8me \u00e9dition du Festival des Arts de la Cara\u00efbe (Carifesta XV), organis\u00e9e \u00e0 la Barbade du 22 au\" \/>\n<meta property=\"og:url\" content=\"https:\/\/velipost.com\/?p=3990\" \/>\n<meta property=\"og:site_name\" content=\"VeliPost\" \/>\n<meta property=\"article:publisher\" content=\"https:\/\/www.facebook.com\/veliposthaiti\" \/>\n<meta property=\"article:published_time\" content=\"2025-08-30T00:44:06+00:00\" \/>\n<meta property=\"article:modified_time\" content=\"2025-08-30T00:45:00+00:00\" \/>\n<meta property=\"og:image\" content=\"https:\/\/velipost.com\/wp-content\/uploads\/2025\/08\/carifesta.jpg\" \/>\n\t<meta property=\"og:image:width\" content=\"1170\" \/>\n\t<meta property=\"og:image:height\" content=\"603\" \/>\n\t<meta property=\"og:image:type\" content=\"image\/jpeg\" \/>\n<meta name=\"author\" content=\"VeliPost\" \/>\n<meta name=\"twitter:card\" content=\"summary_large_image\" \/>\n<meta name=\"twitter:creator\" content=\"@veliposthaiti\" \/>\n<meta name=\"twitter:site\" content=\"@veliposthaiti\" \/>\n<meta name=\"twitter:label1\" content=\"\u00c9crit par\" \/>\n\t<meta name=\"twitter:data1\" content=\"VeliPost\" \/>\n\t<meta name=\"twitter:label2\" content=\"Dur\u00e9e de lecture estim\u00e9e\" \/>\n\t<meta name=\"twitter:data2\" content=\"2 minutes\" \/>\n<script type=\"application\/ld+json\" class=\"yoast-schema-graph\">{\"@context\":\"https:\/\/schema.org\",\"@graph\":[{\"@type\":\"Article\",\"@id\":\"https:\/\/velipost.com\/?p=3990#article\",\"isPartOf\":{\"@id\":\"https:\/\/velipost.com\/?p=3990\"},\"author\":{\"name\":\"VeliPost\",\"@id\":\"https:\/\/velipost.com\/#\/schema\/person\/32ff49a53c9c1bb24302ee8ece058096\"},\"headline\":\"Ha\u00efti valorise sa culture \u00e0 Carifesta 2025 en Barbade\",\"datePublished\":\"2025-08-30T00:44:06+00:00\",\"dateModified\":\"2025-08-30T00:45:00+00:00\",\"mainEntityOfPage\":{\"@id\":\"https:\/\/velipost.com\/?p=3990\"},\"wordCount\":264,\"commentCount\":0,\"publisher\":{\"@id\":\"https:\/\/velipost.com\/#organization\"},\"image\":{\"@id\":\"https:\/\/velipost.com\/?p=3990#primaryimage\"},\"thumbnailUrl\":\"https:\/\/velipost.com\/wp-content\/uploads\/2025\/08\/carifesta.jpg\",\"articleSection\":[\"Culture\"],\"inLanguage\":\"fr-FR\",\"potentialAction\":[{\"@type\":\"CommentAction\",\"name\":\"Comment\",\"target\":[\"https:\/\/velipost.com\/?p=3990#respond\"]}]},{\"@type\":\"WebPage\",\"@id\":\"https:\/\/velipost.com\/?p=3990\",\"url\":\"https:\/\/velipost.com\/?p=3990\",\"name\":\"Ha\u00efti valorise sa culture \u00e0 Carifesta 2025 en Barbade &#8211; VeliPost\",\"isPartOf\":{\"@id\":\"https:\/\/velipost.com\/#website\"},\"primaryImageOfPage\":{\"@id\":\"https:\/\/velipost.com\/?p=3990#primaryimage\"},\"image\":{\"@id\":\"https:\/\/velipost.com\/?p=3990#primaryimage\"},\"thumbnailUrl\":\"https:\/\/velipost.com\/wp-content\/uploads\/2025\/08\/carifesta.jpg\",\"datePublished\":\"2025-08-30T00:44:06+00:00\",\"dateModified\":\"2025-08-30T00:45:00+00:00\",\"breadcrumb\":{\"@id\":\"https:\/\/velipost.com\/?p=3990#breadcrumb\"},\"inLanguage\":\"fr-FR\",\"potentialAction\":[{\"@type\":\"ReadAction\",\"target\":[\"https:\/\/velipost.com\/?p=3990\"]}]},{\"@type\":\"ImageObject\",\"inLanguage\":\"fr-FR\",\"@id\":\"https:\/\/velipost.com\/?p=3990#primaryimage\",\"url\":\"https:\/\/velipost.com\/wp-content\/uploads\/2025\/08\/carifesta.jpg\",\"contentUrl\":\"https:\/\/velipost.com\/wp-content\/uploads\/2025\/08\/carifesta.jpg\",\"width\":1170,\"height\":603},{\"@type\":\"BreadcrumbList\",\"@id\":\"https:\/\/velipost.com\/?p=3990#breadcrumb\",\"itemListElement\":[{\"@type\":\"ListItem\",\"position\":1,\"name\":\"Accueil\",\"item\":\"https:\/\/velipost.com\/\"},{\"@type\":\"ListItem\",\"position\":2,\"name\":\"Ha\u00efti valorise sa culture \u00e0 Carifesta 2025 en Barbade\"}]},{\"@type\":\"WebSite\",\"@id\":\"https:\/\/velipost.com\/#website\",\"url\":\"https:\/\/velipost.com\/\",\"name\":\"VeliPost\",\"description\":\"L\u2019info en un clic\",\"publisher\":{\"@id\":\"https:\/\/velipost.com\/#organization\"},\"potentialAction\":[{\"@type\":\"SearchAction\",\"target\":{\"@type\":\"EntryPoint\",\"urlTemplate\":\"https:\/\/velipost.com\/?s={search_term_string}\"},\"query-input\":{\"@type\":\"PropertyValueSpecification\",\"valueRequired\":true,\"valueName\":\"search_term_string\"}}],\"inLanguage\":\"fr-FR\"},{\"@type\":\"Organization\",\"@id\":\"https:\/\/velipost.com\/#organization\",\"name\":\"VeliPost\",\"url\":\"https:\/\/velipost.com\/\",\"logo\":{\"@type\":\"ImageObject\",\"inLanguage\":\"fr-FR\",\"@id\":\"https:\/\/velipost.com\/#\/schema\/logo\/image\/\",\"url\":\"https:\/\/velipost.com\/wp-content\/uploads\/2024\/08\/cropped-VP-logo-piti.png\",\"contentUrl\":\"https:\/\/velipost.com\/wp-content\/uploads\/2024\/08\/cropped-VP-logo-piti.png\",\"width\":201,\"height\":69,\"caption\":\"VeliPost\"},\"image\":{\"@id\":\"https:\/\/velipost.com\/#\/schema\/logo\/image\/\"},\"sameAs\":[\"https:\/\/www.facebook.com\/veliposthaiti\",\"https:\/\/x.com\/veliposthaiti\",\"https:\/\/www.instagram.com\/veliposthaiti\"]},{\"@type\":\"Person\",\"@id\":\"https:\/\/velipost.com\/#\/schema\/person\/32ff49a53c9c1bb24302ee8ece058096\",\"name\":\"VeliPost\",\"image\":{\"@type\":\"ImageObject\",\"inLanguage\":\"fr-FR\",\"@id\":\"https:\/\/velipost.com\/#\/schema\/person\/image\/\",\"url\":\"https:\/\/secure.gravatar.com\/avatar\/57c226c264de62f794185a89596d4a37b85a5ad20aca30d9d5a478b27d8c8d9d?s=96&d=mm&r=g\",\"contentUrl\":\"https:\/\/secure.gravatar.com\/avatar\/57c226c264de62f794185a89596d4a37b85a5ad20aca30d9d5a478b27d8c8d9d?s=96&d=mm&r=g\",\"caption\":\"VeliPost\"},\"sameAs\":[\"https:\/\/velipost.com\"],\"url\":\"https:\/\/velipost.com\/?author=1\"}]}<\/script>\n<!-- \/ Yoast SEO plugin. -->","yoast_head_json":{"title":"Ha\u00efti valorise sa culture \u00e0 Carifesta 2025 en Barbade &#8211; VeliPost","robots":{"index":"index","follow":"follow","max-snippet":"max-snippet:-1","max-image-preview":"max-image-preview:large","max-video-preview":"max-video-preview:-1"},"canonical":"https:\/\/velipost.com\/?p=3990","og_locale":"fr_FR","og_type":"article","og_title":"Ha\u00efti valorise sa culture \u00e0 Carifesta 2025 en Barbade &#8211; VeliPost","og_description":"La R\u00e9publique d\u2019Ha\u00efti participe \u00e0 la quinzi\u00e8me \u00e9dition du Festival des Arts de la Cara\u00efbe (Carifesta XV), organis\u00e9e \u00e0 la Barbade du 22 au","og_url":"https:\/\/velipost.com\/?p=3990","og_site_name":"VeliPost","article_publisher":"https:\/\/www.facebook.com\/veliposthaiti","article_published_time":"2025-08-30T00:44:06+00:00","article_modified_time":"2025-08-30T00:45:00+00:00","og_image":[{"width":1170,"height":603,"url":"https:\/\/velipost.com\/wp-content\/uploads\/2025\/08\/carifesta.jpg","type":"image\/jpeg"}],"author":"VeliPost","twitter_card":"summary_large_image","twitter_creator":"@veliposthaiti","twitter_site":"@veliposthaiti","twitter_misc":{"\u00c9crit par":"VeliPost","Dur\u00e9e de lecture estim\u00e9e":"2 minutes"},"schema":{"@context":"https:\/\/schema.org","@graph":[{"@type":"Article","@id":"https:\/\/velipost.com\/?p=3990#article","isPartOf":{"@id":"https:\/\/velipost.com\/?p=3990"},"author":{"name":"VeliPost","@id":"https:\/\/velipost.com\/#\/schema\/person\/32ff49a53c9c1bb24302ee8ece058096"},"headline":"Ha\u00efti valorise sa culture \u00e0 Carifesta 2025 en Barbade","datePublished":"2025-08-30T00:44:06+00:00","dateModified":"2025-08-30T00:45:00+00:00","mainEntityOfPage":{"@id":"https:\/\/velipost.com\/?p=3990"},"wordCount":264,"commentCount":0,"publisher":{"@id":"https:\/\/velipost.com\/#organization"},"image":{"@id":"https:\/\/velipost.com\/?p=3990#primaryimage"},"thumbnailUrl":"https:\/\/velipost.com\/wp-content\/uploads\/2025\/08\/carifesta.jpg","articleSection":["Culture"],"inLanguage":"fr-FR","potentialAction":[{"@type":"CommentAction","name":"Comment","target":["https:\/\/velipost.com\/?p=3990#respond"]}]},{"@type":"WebPage","@id":"https:\/\/velipost.com\/?p=3990","url":"https:\/\/velipost.com\/?p=3990","name":"Ha\u00efti valorise sa culture \u00e0 Carifesta 2025 en Barbade &#8211; VeliPost","isPartOf":{"@id":"https:\/\/velipost.com\/#website"},"primaryImageOfPage":{"@id":"https:\/\/velipost.com\/?p=3990#primaryimage"},"image":{"@id":"https:\/\/velipost.com\/?p=3990#primaryimage"},"thumbnailUrl":"https:\/\/velipost.com\/wp-content\/uploads\/2025\/08\/carifesta.jpg","datePublished":"2025-08-30T00:44:06+00:00","dateModified":"2025-08-30T00:45:00+00:00","breadcrumb":{"@id":"https:\/\/velipost.com\/?p=3990#breadcrumb"},"inLanguage":"fr-FR","potentialAction":[{"@type":"ReadAction","target":["https:\/\/velipost.com\/?p=3990"]}]},{"@type":"ImageObject","inLanguage":"fr-FR","@id":"https:\/\/velipost.com\/?p=3990#primaryimage","url":"https:\/\/velipost.com\/wp-content\/uploads\/2025\/08\/carifesta.jpg","contentUrl":"https:\/\/velipost.com\/wp-content\/uploads\/2025\/08\/carifesta.jpg","width":1170,"height":603},{"@type":"BreadcrumbList","@id":"https:\/\/velipost.com\/?p=3990#breadcrumb","itemListElement":[{"@type":"ListItem","position":1,"name":"Accueil","item":"https:\/\/velipost.com\/"},{"@type":"ListItem","position":2,"name":"Ha\u00efti valorise sa culture \u00e0 Carifesta 2025 en Barbade"}]},{"@type":"WebSite","@id":"https:\/\/velipost.com\/#website","url":"https:\/\/velipost.com\/","name":"VeliPost","description":"L\u2019info en un clic","publisher":{"@id":"https:\/\/velipost.com\/#organization"},"potentialAction":[{"@type":"SearchAction","target":{"@type":"EntryPoint","urlTemplate":"https:\/\/velipost.com\/?s={search_term_string}"},"query-input":{"@type":"PropertyValueSpecification","valueRequired":true,"valueName":"search_term_string"}}],"inLanguage":"fr-FR"},{"@type":"Organization","@id":"https:\/\/velipost.com\/#organization","name":"VeliPost","url":"https:\/\/velipost.com\/","logo":{"@type":"ImageObject","inLanguage":"fr-FR","@id":"https:\/\/velipost.com\/#\/schema\/logo\/image\/","url":"https:\/\/velipost.com\/wp-content\/uploads\/2024\/08\/cropped-VP-logo-piti.png","contentUrl":"https:\/\/velipost.com\/wp-content\/uploads\/2024\/08\/cropped-VP-logo-piti.png","width":201,"height":69,"caption":"VeliPost"},"image":{"@id":"https:\/\/velipost.com\/#\/schema\/logo\/image\/"},"sameAs":["https:\/\/www.facebook.com\/veliposthaiti","https:\/\/x.com\/veliposthaiti","https:\/\/www.instagram.com\/veliposthaiti"]},{"@type":"Person","@id":"https:\/\/velipost.com\/#\/schema\/person\/32ff49a53c9c1bb24302ee8ece058096","name":"VeliPost","image":{"@type":"ImageObject","inLanguage":"fr-FR","@id":"https:\/\/velipost.com\/#\/schema\/person\/image\/","url":"https:\/\/secure.gravatar.com\/avatar\/57c226c264de62f794185a89596d4a37b85a5ad20aca30d9d5a478b27d8c8d9d?s=96&d=mm&r=g","contentUrl":"https:\/\/secure.gravatar.com\/avatar\/57c226c264de62f794185a89596d4a37b85a5ad20aca30d9d5a478b27d8c8d9d?s=96&d=mm&r=g","caption":"VeliPost"},"sameAs":["https:\/\/velipost.com"],"url":"https:\/\/velipost.com\/?author=1"}]}},"views":0,"jetpack_publicize_connections":[],"uagb_featured_image_src":{"full":["https:\/\/velipost.com\/wp-content\/uploads\/2025\/08\/carifesta.jpg",1170,603,false],"thumbnail":["https:\/\/velipost.com\/wp-content\/uploads\/2025\/08\/carifesta-150x150.jpg",150,150,true],"medium":["https:\/\/velipost.com\/wp-content\/uploads\/2025\/08\/carifesta-300x155.jpg",300,155,true],"medium_large":["https:\/\/velipost.com\/wp-content\/uploads\/2025\/08\/carifesta-768x396.jpg",715,369,true],"large":["https:\/\/velipost.com\/wp-content\/uploads\/2025\/08\/carifesta-1024x528.jpg",715,369,true],"1536x1536":["https:\/\/velipost.com\/wp-content\/uploads\/2025\/08\/carifesta.jpg",1170,603,false],"2048x2048":["https:\/\/velipost.com\/wp-content\/uploads\/2025\/08\/carifesta.jpg",1170,603,false],"colornews-big-slider":["https:\/\/velipost.com\/wp-content\/uploads\/2025\/08\/carifesta-1070x470.jpg",1070,470,true],"colornews-big-slider-thumb":["https:\/\/velipost.com\/wp-content\/uploads\/2025\/08\/carifesta-184x109.jpg",184,109,true],"colornews-featured-post-medium":["https:\/\/velipost.com\/wp-content\/uploads\/2025\/08\/carifesta-345x265.jpg",345,265,true],"colornews-featured-post-small":["https:\/\/velipost.com\/wp-content\/uploads\/2025\/08\/carifesta-115x73.jpg",115,73,true],"colornews-random-posts":["https:\/\/velipost.com\/wp-content\/uploads\/2025\/08\/carifesta-215x215.jpg",215,215,true],"colornews-featured-image":["https:\/\/velipost.com\/wp-content\/uploads\/2025\/08\/carifesta-715x400.jpg",715,400,true],"mailpoet_newsletter_max":["https:\/\/velipost.com\/wp-content\/uploads\/2025\/08\/carifesta.jpg",1170,603,false]},"uagb_author_info":{"display_name":"VeliPost","author_link":"https:\/\/velipost.com\/?author=1"},"uagb_comment_info":0,"uagb_excerpt":"La R\u00e9publique d\u2019Ha\u00efti participe \u00e0 la quinzi\u00e8me \u00e9dition du Festival des Arts de la Cara\u00efbe (Carifesta XV), organis\u00e9e \u00e0 la Barbade du 22 au","_links":{"self":[{"href":"https:\/\/velipost.com\/index.php?rest_route=\/wp\/v2\/posts\/3990","targetHints":{"allow":["GET"]}}],"collection":[{"href":"https:\/\/velipost.com\/index.php?rest_route=\/wp\/v2\/posts"}],"about":[{"href":"https:\/\/velipost.com\/index.php?rest_route=\/wp\/v2\/types\/post"}],"author":[{"embeddable":true,"href":"https:\/\/velipost.com\/index.php?rest_route=\/wp\/v2\/users\/1"}],"replies":[{"embeddable":true,"href":"https:\/\/velipost.com\/index.php?rest_route=%2Fwp%2Fv2%2Fcomments&post=3990"}],"version-history":[{"count":2,"href":"https:\/\/velipost.com\/index.php?rest_route=\/wp\/v2\/posts\/3990\/revisions"}],"predecessor-version":[{"id":3994,"href":"https:\/\/velipost.com\/index.php?rest_route=\/wp\/v2\/posts\/3990\/revisions\/3994"}],"wp:featuredmedia":[{"embeddable":true,"href":"https:\/\/velipost.com\/index.php?rest_route=\/wp\/v2\/media\/3991"}],"wp:attachment":[{"href":"https:\/\/velipost.com\/index.php?rest_route=%2Fwp%2Fv2%2Fmedia&parent=3990"}],"wp:term":[{"taxonomy":"category","embeddable":true,"href":"https:\/\/velipost.com\/index.php?rest_route=%2Fwp%2Fv2%2Fcategories&post=3990"},{"taxonomy":"post_tag","embeddable":true,"href":"https:\/\/velipost.com\/index.php?rest_route=%2Fwp%2Fv2%2Ftags&post=3990"}],"curies":[{"name":"wp","href":"https:\/\/api.w.org\/{rel}","templated":true}]}}