{"id":3983,"date":"2025-08-29T18:44:31","date_gmt":"2025-08-29T16:44:31","guid":{"rendered":"https:\/\/velipost.com\/?p=3983"},"modified":"2025-08-29T18:44:36","modified_gmt":"2025-08-29T16:44:36","slug":"universite-dete-un-discours-qui-redefinit-la-vision-politique-de-la-jeunesse","status":"publish","type":"post","link":"https:\/\/velipost.com\/?p=3983","title":{"rendered":"Universit\u00e9 d\u2019\u00e9t\u00e9 : un discours qui red\u00e9finit la vision politique de la jeunesse"},"content":{"rendered":"\n<p>Trois jours de formation, trois jours d\u2019\u00e9changes intenses et d\u2019ouverture d\u2019esprit. Du 20 au 22 ao\u00fbt 2025, le parti <strong>T\u00e8t Ansanm<\/strong> a organis\u00e9 son universit\u00e9 d\u2019\u00e9t\u00e9, r\u00e9unissant des dizaines de jeunes participants autour d\u2019ateliers et de conf\u00e9rences ax\u00e9s sur la compr\u00e9hension de l\u2019\u00c9tat, le r\u00f4le de la politique et la participation citoyenne. Lors de la cl\u00f4ture, Dorcil Shellcy K. a livr\u00e9 un discours marquant, appelant \u00e0 transformer la curiosit\u00e9 et l\u2019\u00e9nergie en actions concr\u00e8tes pour construire une soci\u00e9t\u00e9 plus organis\u00e9e et responsable.<\/p>\n\n\n\n<p>Son discours, \u00e0 la fois lucide et passionn\u00e9, a mis en lumi\u00e8re le contraste entre la perception traditionnelle de la politique et la nouvelle compr\u00e9hension acquise au cours de cette formation. Elle a rappel\u00e9 que, pour une grande partie de la jeunesse, la politique avait longtemps \u00e9t\u00e9 r\u00e9duite \u00e0 des manifestations de col\u00e8re et \u00e0 des actes de contestation. Or, cette exp\u00e9rience a permis de d\u00e9montrer que l\u2019action politique ne se limite pas \u00e0 la r\u00e9volte, mais qu\u2019elle consiste avant tout \u00e0 organiser la vie collective, \u00e0 b\u00e2tir des institutions solides et \u00e0 g\u00e9rer les biens communs avec une vision d\u2019avenir.<\/p>\n\n\n\n<p>L\u2019intervention de Dorcil Shellcy a aussi insist\u00e9 sur la n\u00e9cessit\u00e9 d\u2019un changement de posture : passer de la r\u00e9action impulsive \u00e0 l\u2019action r\u00e9fl\u00e9chie. Elle a soulign\u00e9 que la vraie transformation ne vient pas uniquement des slogans, mais d\u2019un travail collectif, patient et orient\u00e9 vers la construction. Cette approche, fond\u00e9e sur la r\u00e9flexion partag\u00e9e, propose un nouveau mod\u00e8le de militantisme o\u00f9 la connaissance prend la place de la col\u00e8re et o\u00f9 l\u2019\u00e9ducation civique devient une arme essentielle.<\/p>\n\n\n\n<blockquote class=\"wp-block-quote is-layout-flow wp-block-quote-is-layout-flow\">\n<p><strong>Notre plus grande fa\u00e7on de remercier ne sera pas dans nos mots d\u2019aujourd\u2019hui, mais dans nos actions de demain. <\/strong><\/p>\n<\/blockquote>\n\n\n\n<p>Au-del\u00e0 de la reconnaissance exprim\u00e9e envers les organisateurs, le message central \u00e9tait clair : la formation re\u00e7ue doit d\u00e9sormais se traduire par des actes concrets. Les participants se sont engag\u00e9s \u00e0 diffuser cette vision, \u00e0 contribuer activement \u00e0 la vie publique et \u00e0 b\u00e2tir, pas \u00e0 pas, une soci\u00e9t\u00e9 plus juste et mieux organis\u00e9e.<\/p>\n\n\n\n<p>Ce discours a ainsi servi de miroir \u00e0 une g\u00e9n\u00e9ration en qu\u00eate de rep\u00e8res, exprimant le d\u00e9sir de d\u00e9passer la logique de confrontation pour embrasser celle de la construction nationale. En appelant \u00e0 l\u2019unit\u00e9 et \u00e0 la responsabilit\u00e9, Dorcil Shellcy a donn\u00e9 une r\u00e9sonance particuli\u00e8re \u00e0 la cl\u00f4ture de cette universit\u00e9 d\u2019\u00e9t\u00e9, qui appara\u00eet d\u00e9j\u00e0 comme un jalon important dans le parcours de formation civique et politique de la jeunesse ha\u00eftienne.<\/p>\n\n    <div class=\"xs_social_share_widget xs_share_url after_content \t\tmain_content  wslu-style-3 wslu-share-box-shaped wslu-fill-brand-hover-colored wslu-share-m-5 wslu-none wslu-share-horizontal wslu-theme-font-no wslu-main_content\">\n\n\t\t\n        <ul>\n\t\t\t                    <li class=\"xs-share-li twitter                        wslu-no-extra-data\">\n                        <a href=\"javascript:void(0);\"\n                           id=\"xs_feed_twitter\"\n                           onclick=\"xs_social_sharer(this);\"\n                           data-pid=\"3983\"\n                           data-uri_hash=\"e200ef2ba89cc584f367090c9d78bb5d\"\n                           data-key=\"twitter\"\n                           data-xs-href=\"https:\/\/twitter.com\/intent\/tweet?text=Universit%C3%A9+d%E2%80%99%C3%A9t%C3%A9+%3A+un+discours+qui+red%C3%A9finit+la+vision+politique+de+la+jeunesse+https%3A%2F%2Fvelipost.com%2Findex.php%3Frest_route%3D%252Fwp%252Fv2%252Fposts%252F3983&amp;original_referer=https%3A%2F%2Fvelipost.com%2Findex.php%3Frest_route%3D%252Fwp%252Fv2%252Fposts%252F3983&amp;related=xpeedstudio\">\n\n                            <div class=\"xs-social-icon\">\n                                <span class=\"met-social met-social-twitter\"><\/span>\n                            <\/div>\n\n\t\t\t\t\t\t\t\n                            <div class=\"wslu-hover-content\">\n                                <div class=\"xs-social-followers\">\n\t\t\t\t\t\t\t\t\t10                                <\/div>\n                                <div class=\"xs-social-follower-text\">\n\t\t\t\t\t\t\t\t\tShare                                <\/div>\n                                <div class=\"xs-social-follower-label\">\n\t\t\t\t\t\t\t\t\tTwitter                                <\/div>\n                            <\/div>\n                        <\/a>\n                    <\/li>\n\t\t\t\t\t                    <li class=\"xs-share-li telegram                        wslu-no-extra-data\">\n                        <a href=\"javascript:void(0);\"\n                           id=\"xs_feed_telegram\"\n                           onclick=\"xs_social_sharer(this);\"\n                           data-pid=\"3983\"\n                           data-uri_hash=\"e200ef2ba89cc584f367090c9d78bb5d\"\n                           data-key=\"telegram\"\n                           data-xs-href=\"https:\/\/telegram.me\/share\/url?url=https%3A%2F%2Fvelipost.com%2Findex.php%3Frest_route%3D%252Fwp%252Fv2%252Fposts%252F3983&amp;text=Universit%C3%A9+d%E2%80%99%C3%A9t%C3%A9+%3A+un+discours+qui+red%C3%A9finit+la+vision+politique+de+la+jeunesse\">\n\n                            <div class=\"xs-social-icon\">\n                                <span class=\"met-social met-social-telegram\"><\/span>\n                            <\/div>\n\n\t\t\t\t\t\t\t\n                            <div class=\"wslu-hover-content\">\n                                <div class=\"xs-social-followers\">\n\t\t\t\t\t\t\t\t\t0                                <\/div>\n                                <div class=\"xs-social-follower-text\">\n\t\t\t\t\t\t\t\t\tShare                                <\/div>\n                                <div class=\"xs-social-follower-label\">\n\t\t\t\t\t\t\t\t\tTelegram                                <\/div>\n                            <\/div>\n                        <\/a>\n                    <\/li>\n\t\t\t\t\t                    <li class=\"xs-share-li email                        wslu-no-extra-data\">\n                        <a href=\"javascript:void(0);\"\n                           id=\"xs_feed_email\"\n                           onclick=\"xs_social_sharer(this);\"\n                           data-pid=\"3983\"\n                           data-uri_hash=\"e200ef2ba89cc584f367090c9d78bb5d\"\n                           data-key=\"email\"\n                           data-xs-href=\"mailto:?body=Title%3A+Universit%C3%A9+d%E2%80%99%C3%A9t%C3%A9+%3A+un+discours+qui+red%C3%A9finit+la+vision+politique+de+la+jeunesse+%5Cn%5Cn+URL%3A+https%3A%2F%2Fvelipost.com%2Findex.php%3Frest_route%3D%252Fwp%252Fv2%252Fposts%252F3983&amp;subject=Universit%C3%A9+d%E2%80%99%C3%A9t%C3%A9+%3A+un+discours+qui+red%C3%A9finit+la+vision+politique+de+la+jeunesse\">\n\n                            <div class=\"xs-social-icon\">\n                                <span class=\"met-social met-social-email\"><\/span>\n                            <\/div>\n\n\t\t\t\t\t\t\t\n                            <div class=\"wslu-hover-content\">\n                                <div class=\"xs-social-followers\">\n\t\t\t\t\t\t\t\t\t0                                <\/div>\n                                <div class=\"xs-social-follower-text\">\n\t\t\t\t\t\t\t\t\tShare                                <\/div>\n                                <div class=\"xs-social-follower-label\">\n\t\t\t\t\t\t\t\t\tEmail                                <\/div>\n                            <\/div>\n                        <\/a>\n                    <\/li>\n\t\t\t\t\t        <\/ul>\n    <\/div> \n","protected":false},"excerpt":{"rendered":"<p>Trois jours de formation, trois jours d\u2019\u00e9changes intenses et d\u2019ouverture d\u2019esprit. Du 20 au 22 ao\u00fbt 2025, le parti T\u00e8t Ansanm a organis\u00e9 son<\/p>\n","protected":false},"author":1,"featured_media":3984,"comment_status":"open","ping_status":"open","sticky":false,"template":"","format":"standard","meta":{"_uag_custom_page_level_css":"","footnotes":"","jetpack_publicize_message":"","jetpack_publicize_feature_enabled":true,"jetpack_social_post_already_shared":true,"jetpack_social_options":{"image_generator_settings":{"template":"highway","default_image_id":0,"font":"","enabled":false},"version":2}},"categories":[115],"tags":[],"class_list":["post-3983","post","type-post","status-publish","format-standard","has-post-thumbnail","hentry","category-politique"],"yoast_head":"<!-- This site is optimized with the Yoast SEO plugin v25.3.1 - https:\/\/yoast.com\/wordpress\/plugins\/seo\/ -->\n<title>Universit\u00e9 d\u2019\u00e9t\u00e9 : un discours qui red\u00e9finit la vision politique de la jeunesse &#8211; VeliPost<\/title>\n<meta name=\"robots\" content=\"index, follow, max-snippet:-1, max-image-preview:large, max-video-preview:-1\" \/>\n<link rel=\"canonical\" href=\"https:\/\/velipost.com\/?p=3983\" \/>\n<meta property=\"og:locale\" content=\"fr_FR\" \/>\n<meta property=\"og:type\" content=\"article\" \/>\n<meta property=\"og:title\" content=\"Universit\u00e9 d\u2019\u00e9t\u00e9 : un discours qui red\u00e9finit la vision politique de la jeunesse &#8211; VeliPost\" \/>\n<meta property=\"og:description\" content=\"Trois jours de formation, trois jours d\u2019\u00e9changes intenses et d\u2019ouverture d\u2019esprit. Du 20 au 22 ao\u00fbt 2025, le parti T\u00e8t Ansanm a organis\u00e9 son\" \/>\n<meta property=\"og:url\" content=\"https:\/\/velipost.com\/?p=3983\" \/>\n<meta property=\"og:site_name\" content=\"VeliPost\" \/>\n<meta property=\"article:publisher\" content=\"https:\/\/www.facebook.com\/veliposthaiti\" \/>\n<meta property=\"article:published_time\" content=\"2025-08-29T16:44:31+00:00\" \/>\n<meta property=\"article:modified_time\" content=\"2025-08-29T16:44:36+00:00\" \/>\n<meta property=\"og:image\" content=\"https:\/\/velipost.com\/wp-content\/uploads\/2025\/08\/tet.jpg\" \/>\n\t<meta property=\"og:image:width\" content=\"1170\" \/>\n\t<meta property=\"og:image:height\" content=\"603\" \/>\n\t<meta property=\"og:image:type\" content=\"image\/jpeg\" \/>\n<meta name=\"author\" content=\"VeliPost\" \/>\n<meta name=\"twitter:card\" content=\"summary_large_image\" \/>\n<meta name=\"twitter:creator\" content=\"@veliposthaiti\" \/>\n<meta name=\"twitter:site\" content=\"@veliposthaiti\" \/>\n<meta name=\"twitter:label1\" content=\"\u00c9crit par\" \/>\n\t<meta name=\"twitter:data1\" content=\"VeliPost\" \/>\n\t<meta name=\"twitter:label2\" content=\"Dur\u00e9e de lecture estim\u00e9e\" \/>\n\t<meta name=\"twitter:data2\" content=\"3 minutes\" \/>\n<script type=\"application\/ld+json\" class=\"yoast-schema-graph\">{\"@context\":\"https:\/\/schema.org\",\"@graph\":[{\"@type\":\"Article\",\"@id\":\"https:\/\/velipost.com\/?p=3983#article\",\"isPartOf\":{\"@id\":\"https:\/\/velipost.com\/?p=3983\"},\"author\":{\"name\":\"VeliPost\",\"@id\":\"https:\/\/velipost.com\/#\/schema\/person\/32ff49a53c9c1bb24302ee8ece058096\"},\"headline\":\"Universit\u00e9 d\u2019\u00e9t\u00e9 : un discours qui red\u00e9finit la vision politique de la jeunesse\",\"datePublished\":\"2025-08-29T16:44:31+00:00\",\"dateModified\":\"2025-08-29T16:44:36+00:00\",\"mainEntityOfPage\":{\"@id\":\"https:\/\/velipost.com\/?p=3983\"},\"wordCount\":462,\"commentCount\":0,\"publisher\":{\"@id\":\"https:\/\/velipost.com\/#organization\"},\"image\":{\"@id\":\"https:\/\/velipost.com\/?p=3983#primaryimage\"},\"thumbnailUrl\":\"https:\/\/velipost.com\/wp-content\/uploads\/2025\/08\/tet.jpg\",\"articleSection\":[\"Politique\"],\"inLanguage\":\"fr-FR\",\"potentialAction\":[{\"@type\":\"CommentAction\",\"name\":\"Comment\",\"target\":[\"https:\/\/velipost.com\/?p=3983#respond\"]}]},{\"@type\":\"WebPage\",\"@id\":\"https:\/\/velipost.com\/?p=3983\",\"url\":\"https:\/\/velipost.com\/?p=3983\",\"name\":\"Universit\u00e9 d\u2019\u00e9t\u00e9 : un discours qui red\u00e9finit la vision politique de la jeunesse &#8211; VeliPost\",\"isPartOf\":{\"@id\":\"https:\/\/velipost.com\/#website\"},\"primaryImageOfPage\":{\"@id\":\"https:\/\/velipost.com\/?p=3983#primaryimage\"},\"image\":{\"@id\":\"https:\/\/velipost.com\/?p=3983#primaryimage\"},\"thumbnailUrl\":\"https:\/\/velipost.com\/wp-content\/uploads\/2025\/08\/tet.jpg\",\"datePublished\":\"2025-08-29T16:44:31+00:00\",\"dateModified\":\"2025-08-29T16:44:36+00:00\",\"breadcrumb\":{\"@id\":\"https:\/\/velipost.com\/?p=3983#breadcrumb\"},\"inLanguage\":\"fr-FR\",\"potentialAction\":[{\"@type\":\"ReadAction\",\"target\":[\"https:\/\/velipost.com\/?p=3983\"]}]},{\"@type\":\"ImageObject\",\"inLanguage\":\"fr-FR\",\"@id\":\"https:\/\/velipost.com\/?p=3983#primaryimage\",\"url\":\"https:\/\/velipost.com\/wp-content\/uploads\/2025\/08\/tet.jpg\",\"contentUrl\":\"https:\/\/velipost.com\/wp-content\/uploads\/2025\/08\/tet.jpg\",\"width\":1170,\"height\":603},{\"@type\":\"BreadcrumbList\",\"@id\":\"https:\/\/velipost.com\/?p=3983#breadcrumb\",\"itemListElement\":[{\"@type\":\"ListItem\",\"position\":1,\"name\":\"Accueil\",\"item\":\"https:\/\/velipost.com\/\"},{\"@type\":\"ListItem\",\"position\":2,\"name\":\"Universit\u00e9 d\u2019\u00e9t\u00e9 : un discours qui red\u00e9finit la vision politique de la jeunesse\"}]},{\"@type\":\"WebSite\",\"@id\":\"https:\/\/velipost.com\/#website\",\"url\":\"https:\/\/velipost.com\/\",\"name\":\"VeliPost\",\"description\":\"L\u2019info en un clic\",\"publisher\":{\"@id\":\"https:\/\/velipost.com\/#organization\"},\"potentialAction\":[{\"@type\":\"SearchAction\",\"target\":{\"@type\":\"EntryPoint\",\"urlTemplate\":\"https:\/\/velipost.com\/?s={search_term_string}\"},\"query-input\":{\"@type\":\"PropertyValueSpecification\",\"valueRequired\":true,\"valueName\":\"search_term_string\"}}],\"inLanguage\":\"fr-FR\"},{\"@type\":\"Organization\",\"@id\":\"https:\/\/velipost.com\/#organization\",\"name\":\"VeliPost\",\"url\":\"https:\/\/velipost.com\/\",\"logo\":{\"@type\":\"ImageObject\",\"inLanguage\":\"fr-FR\",\"@id\":\"https:\/\/velipost.com\/#\/schema\/logo\/image\/\",\"url\":\"https:\/\/velipost.com\/wp-content\/uploads\/2024\/08\/cropped-VP-logo-piti.png\",\"contentUrl\":\"https:\/\/velipost.com\/wp-content\/uploads\/2024\/08\/cropped-VP-logo-piti.png\",\"width\":201,\"height\":69,\"caption\":\"VeliPost\"},\"image\":{\"@id\":\"https:\/\/velipost.com\/#\/schema\/logo\/image\/\"},\"sameAs\":[\"https:\/\/www.facebook.com\/veliposthaiti\",\"https:\/\/x.com\/veliposthaiti\",\"https:\/\/www.instagram.com\/veliposthaiti\"]},{\"@type\":\"Person\",\"@id\":\"https:\/\/velipost.com\/#\/schema\/person\/32ff49a53c9c1bb24302ee8ece058096\",\"name\":\"VeliPost\",\"image\":{\"@type\":\"ImageObject\",\"inLanguage\":\"fr-FR\",\"@id\":\"https:\/\/velipost.com\/#\/schema\/person\/image\/\",\"url\":\"https:\/\/secure.gravatar.com\/avatar\/57c226c264de62f794185a89596d4a37b85a5ad20aca30d9d5a478b27d8c8d9d?s=96&d=mm&r=g\",\"contentUrl\":\"https:\/\/secure.gravatar.com\/avatar\/57c226c264de62f794185a89596d4a37b85a5ad20aca30d9d5a478b27d8c8d9d?s=96&d=mm&r=g\",\"caption\":\"VeliPost\"},\"sameAs\":[\"https:\/\/velipost.com\"],\"url\":\"https:\/\/velipost.com\/?author=1\"}]}<\/script>\n<!-- \/ Yoast SEO plugin. -->","yoast_head_json":{"title":"Universit\u00e9 d\u2019\u00e9t\u00e9 : un discours qui red\u00e9finit la vision politique de la jeunesse &#8211; VeliPost","robots":{"index":"index","follow":"follow","max-snippet":"max-snippet:-1","max-image-preview":"max-image-preview:large","max-video-preview":"max-video-preview:-1"},"canonical":"https:\/\/velipost.com\/?p=3983","og_locale":"fr_FR","og_type":"article","og_title":"Universit\u00e9 d\u2019\u00e9t\u00e9 : un discours qui red\u00e9finit la vision politique de la jeunesse &#8211; VeliPost","og_description":"Trois jours de formation, trois jours d\u2019\u00e9changes intenses et d\u2019ouverture d\u2019esprit. Du 20 au 22 ao\u00fbt 2025, le parti T\u00e8t Ansanm a organis\u00e9 son","og_url":"https:\/\/velipost.com\/?p=3983","og_site_name":"VeliPost","article_publisher":"https:\/\/www.facebook.com\/veliposthaiti","article_published_time":"2025-08-29T16:44:31+00:00","article_modified_time":"2025-08-29T16:44:36+00:00","og_image":[{"width":1170,"height":603,"url":"https:\/\/velipost.com\/wp-content\/uploads\/2025\/08\/tet.jpg","type":"image\/jpeg"}],"author":"VeliPost","twitter_card":"summary_large_image","twitter_creator":"@veliposthaiti","twitter_site":"@veliposthaiti","twitter_misc":{"\u00c9crit par":"VeliPost","Dur\u00e9e de lecture estim\u00e9e":"3 minutes"},"schema":{"@context":"https:\/\/schema.org","@graph":[{"@type":"Article","@id":"https:\/\/velipost.com\/?p=3983#article","isPartOf":{"@id":"https:\/\/velipost.com\/?p=3983"},"author":{"name":"VeliPost","@id":"https:\/\/velipost.com\/#\/schema\/person\/32ff49a53c9c1bb24302ee8ece058096"},"headline":"Universit\u00e9 d\u2019\u00e9t\u00e9 : un discours qui red\u00e9finit la vision politique de la jeunesse","datePublished":"2025-08-29T16:44:31+00:00","dateModified":"2025-08-29T16:44:36+00:00","mainEntityOfPage":{"@id":"https:\/\/velipost.com\/?p=3983"},"wordCount":462,"commentCount":0,"publisher":{"@id":"https:\/\/velipost.com\/#organization"},"image":{"@id":"https:\/\/velipost.com\/?p=3983#primaryimage"},"thumbnailUrl":"https:\/\/velipost.com\/wp-content\/uploads\/2025\/08\/tet.jpg","articleSection":["Politique"],"inLanguage":"fr-FR","potentialAction":[{"@type":"CommentAction","name":"Comment","target":["https:\/\/velipost.com\/?p=3983#respond"]}]},{"@type":"WebPage","@id":"https:\/\/velipost.com\/?p=3983","url":"https:\/\/velipost.com\/?p=3983","name":"Universit\u00e9 d\u2019\u00e9t\u00e9 : un discours qui red\u00e9finit la vision politique de la jeunesse &#8211; VeliPost","isPartOf":{"@id":"https:\/\/velipost.com\/#website"},"primaryImageOfPage":{"@id":"https:\/\/velipost.com\/?p=3983#primaryimage"},"image":{"@id":"https:\/\/velipost.com\/?p=3983#primaryimage"},"thumbnailUrl":"https:\/\/velipost.com\/wp-content\/uploads\/2025\/08\/tet.jpg","datePublished":"2025-08-29T16:44:31+00:00","dateModified":"2025-08-29T16:44:36+00:00","breadcrumb":{"@id":"https:\/\/velipost.com\/?p=3983#breadcrumb"},"inLanguage":"fr-FR","potentialAction":[{"@type":"ReadAction","target":["https:\/\/velipost.com\/?p=3983"]}]},{"@type":"ImageObject","inLanguage":"fr-FR","@id":"https:\/\/velipost.com\/?p=3983#primaryimage","url":"https:\/\/velipost.com\/wp-content\/uploads\/2025\/08\/tet.jpg","contentUrl":"https:\/\/velipost.com\/wp-content\/uploads\/2025\/08\/tet.jpg","width":1170,"height":603},{"@type":"BreadcrumbList","@id":"https:\/\/velipost.com\/?p=3983#breadcrumb","itemListElement":[{"@type":"ListItem","position":1,"name":"Accueil","item":"https:\/\/velipost.com\/"},{"@type":"ListItem","position":2,"name":"Universit\u00e9 d\u2019\u00e9t\u00e9 : un discours qui red\u00e9finit la vision politique de la jeunesse"}]},{"@type":"WebSite","@id":"https:\/\/velipost.com\/#website","url":"https:\/\/velipost.com\/","name":"VeliPost","description":"L\u2019info en un clic","publisher":{"@id":"https:\/\/velipost.com\/#organization"},"potentialAction":[{"@type":"SearchAction","target":{"@type":"EntryPoint","urlTemplate":"https:\/\/velipost.com\/?s={search_term_string}"},"query-input":{"@type":"PropertyValueSpecification","valueRequired":true,"valueName":"search_term_string"}}],"inLanguage":"fr-FR"},{"@type":"Organization","@id":"https:\/\/velipost.com\/#organization","name":"VeliPost","url":"https:\/\/velipost.com\/","logo":{"@type":"ImageObject","inLanguage":"fr-FR","@id":"https:\/\/velipost.com\/#\/schema\/logo\/image\/","url":"https:\/\/velipost.com\/wp-content\/uploads\/2024\/08\/cropped-VP-logo-piti.png","contentUrl":"https:\/\/velipost.com\/wp-content\/uploads\/2024\/08\/cropped-VP-logo-piti.png","width":201,"height":69,"caption":"VeliPost"},"image":{"@id":"https:\/\/velipost.com\/#\/schema\/logo\/image\/"},"sameAs":["https:\/\/www.facebook.com\/veliposthaiti","https:\/\/x.com\/veliposthaiti","https:\/\/www.instagram.com\/veliposthaiti"]},{"@type":"Person","@id":"https:\/\/velipost.com\/#\/schema\/person\/32ff49a53c9c1bb24302ee8ece058096","name":"VeliPost","image":{"@type":"ImageObject","inLanguage":"fr-FR","@id":"https:\/\/velipost.com\/#\/schema\/person\/image\/","url":"https:\/\/secure.gravatar.com\/avatar\/57c226c264de62f794185a89596d4a37b85a5ad20aca30d9d5a478b27d8c8d9d?s=96&d=mm&r=g","contentUrl":"https:\/\/secure.gravatar.com\/avatar\/57c226c264de62f794185a89596d4a37b85a5ad20aca30d9d5a478b27d8c8d9d?s=96&d=mm&r=g","caption":"VeliPost"},"sameAs":["https:\/\/velipost.com"],"url":"https:\/\/velipost.com\/?author=1"}]}},"views":0,"jetpack_publicize_connections":[],"uagb_featured_image_src":{"full":["https:\/\/velipost.com\/wp-content\/uploads\/2025\/08\/tet.jpg",1170,603,false],"thumbnail":["https:\/\/velipost.com\/wp-content\/uploads\/2025\/08\/tet-150x150.jpg",150,150,true],"medium":["https:\/\/velipost.com\/wp-content\/uploads\/2025\/08\/tet-300x155.jpg",300,155,true],"medium_large":["https:\/\/velipost.com\/wp-content\/uploads\/2025\/08\/tet-768x396.jpg",715,369,true],"large":["https:\/\/velipost.com\/wp-content\/uploads\/2025\/08\/tet-1024x528.jpg",715,369,true],"1536x1536":["https:\/\/velipost.com\/wp-content\/uploads\/2025\/08\/tet.jpg",1170,603,false],"2048x2048":["https:\/\/velipost.com\/wp-content\/uploads\/2025\/08\/tet.jpg",1170,603,false],"colornews-big-slider":["https:\/\/velipost.com\/wp-content\/uploads\/2025\/08\/tet-1070x470.jpg",1070,470,true],"colornews-big-slider-thumb":["https:\/\/velipost.com\/wp-content\/uploads\/2025\/08\/tet-184x109.jpg",184,109,true],"colornews-featured-post-medium":["https:\/\/velipost.com\/wp-content\/uploads\/2025\/08\/tet-345x265.jpg",345,265,true],"colornews-featured-post-small":["https:\/\/velipost.com\/wp-content\/uploads\/2025\/08\/tet-115x73.jpg",115,73,true],"colornews-random-posts":["https:\/\/velipost.com\/wp-content\/uploads\/2025\/08\/tet-215x215.jpg",215,215,true],"colornews-featured-image":["https:\/\/velipost.com\/wp-content\/uploads\/2025\/08\/tet-715x400.jpg",715,400,true],"mailpoet_newsletter_max":["https:\/\/velipost.com\/wp-content\/uploads\/2025\/08\/tet.jpg",1170,603,false]},"uagb_author_info":{"display_name":"VeliPost","author_link":"https:\/\/velipost.com\/?author=1"},"uagb_comment_info":0,"uagb_excerpt":"Trois jours de formation, trois jours d\u2019\u00e9changes intenses et d\u2019ouverture d\u2019esprit. Du 20 au 22 ao\u00fbt 2025, le parti T\u00e8t Ansanm a organis\u00e9 son","_links":{"self":[{"href":"https:\/\/velipost.com\/index.php?rest_route=\/wp\/v2\/posts\/3983","targetHints":{"allow":["GET"]}}],"collection":[{"href":"https:\/\/velipost.com\/index.php?rest_route=\/wp\/v2\/posts"}],"about":[{"href":"https:\/\/velipost.com\/index.php?rest_route=\/wp\/v2\/types\/post"}],"author":[{"embeddable":true,"href":"https:\/\/velipost.com\/index.php?rest_route=\/wp\/v2\/users\/1"}],"replies":[{"embeddable":true,"href":"https:\/\/velipost.com\/index.php?rest_route=%2Fwp%2Fv2%2Fcomments&post=3983"}],"version-history":[{"count":1,"href":"https:\/\/velipost.com\/index.php?rest_route=\/wp\/v2\/posts\/3983\/revisions"}],"predecessor-version":[{"id":3985,"href":"https:\/\/velipost.com\/index.php?rest_route=\/wp\/v2\/posts\/3983\/revisions\/3985"}],"wp:featuredmedia":[{"embeddable":true,"href":"https:\/\/velipost.com\/index.php?rest_route=\/wp\/v2\/media\/3984"}],"wp:attachment":[{"href":"https:\/\/velipost.com\/index.php?rest_route=%2Fwp%2Fv2%2Fmedia&parent=3983"}],"wp:term":[{"taxonomy":"category","embeddable":true,"href":"https:\/\/velipost.com\/index.php?rest_route=%2Fwp%2Fv2%2Fcategories&post=3983"},{"taxonomy":"post_tag","embeddable":true,"href":"https:\/\/velipost.com\/index.php?rest_route=%2Fwp%2Fv2%2Ftags&post=3983"}],"curies":[{"name":"wp","href":"https:\/\/api.w.org\/{rel}","templated":true}]}}