{"id":3962,"date":"2025-08-28T17:43:06","date_gmt":"2025-08-28T15:43:06","guid":{"rendered":"https:\/\/velipost.com\/?p=3962"},"modified":"2025-08-28T17:43:10","modified_gmt":"2025-08-28T15:43:10","slug":"alix-didier-fils-aime-plaide-pour-un-soutien-international-renforce-lors-de-la-reunion-onu-caricom-oea","status":"publish","type":"post","link":"https:\/\/velipost.com\/?p=3962","title":{"rendered":"Alix Didier Fils-Aim\u00e9 plaide pour un soutien international renforc\u00e9 lors de la r\u00e9union ONU\/CARICOM-OEA"},"content":{"rendered":"\n<p>Le Premier ministre Alix Didier Fils-Aim\u00e9, a repr\u00e9sent\u00e9 le Conseil Pr\u00e9sidentiel de Transition et le gouvernement ha\u00eftien lors de la r\u00e9union tripartite organis\u00e9e \u00e0 Washington par l\u2019Organisation des \u00c9tats Am\u00e9ricains (OEA), en collaboration avec les Nations Unies, la CARICOM et le Groupe des \u00c9minentes Personnalit\u00e9s (GPE). Dans son allocution, il a exprim\u00e9 sa gratitude envers la communaut\u00e9 internationale pour son soutien constant et a salu\u00e9 la feuille de route propos\u00e9e par l\u2019OEA pour accompagner la transition et les efforts de stabilisation du pays.<\/p>\n\n\n\n<p>Le chef du gouvernement a rappel\u00e9 que la priorit\u00e9 du gouvernement reste la restauration de la s\u00e9curit\u00e9 sur tout le territoire national. Il a annonc\u00e9 des mesures pour s\u00e9curiser les grands axes routiers et renforcer les capacit\u00e9s de la Police nationale d\u2019Ha\u00efti et des Forces arm\u00e9es d\u2019Ha\u00efti. Ces initiatives s\u2019inscrivent dans le cadre d\u2019un plan global visant \u00e0 r\u00e9tablir l\u2019autorit\u00e9 de l\u2019\u00c9tat et \u00e0 prot\u00e9ger la population dans cette p\u00e9riode critique.<\/p>\n\n\n\n<p>Par ailleurs, le Premier ministre a r\u00e9affirm\u00e9 l\u2019engagement du gouvernement \u00e0 organiser des \u00e9lections libres, cr\u00e9dibles et inclusives. Il a pr\u00e9cis\u00e9 que plus de 85 % des centres de vote ont \u00e9t\u00e9 identifi\u00e9s, que 70 % du personnel \u00e9lectoral est mobilis\u00e9 et que 65 millions de dollars ont \u00e9t\u00e9 s\u00e9curis\u00e9s pour le financement national. Il a enfin lanc\u00e9 un appel \u00e0 la communaut\u00e9 internationale pour renforcer son soutien en mati\u00e8re de s\u00e9curit\u00e9, de gouvernance, d\u2019assistance humanitaire et de relance \u00e9conomique, afin de permettre au peuple ha\u00eftien de retrouver stabilit\u00e9 et espoir.<\/p>\n\n    <div class=\"xs_social_share_widget xs_share_url after_content \t\tmain_content  wslu-style-3 wslu-share-box-shaped wslu-fill-brand-hover-colored wslu-share-m-5 wslu-none wslu-share-horizontal wslu-theme-font-no wslu-main_content\">\n\n\t\t\n        <ul>\n\t\t\t                    <li class=\"xs-share-li twitter                        wslu-no-extra-data\">\n                        <a href=\"javascript:void(0);\"\n                           id=\"xs_feed_twitter\"\n                           onclick=\"xs_social_sharer(this);\"\n                           data-pid=\"3962\"\n                           data-uri_hash=\"8d550cf0e8703892361131bf3f1f12ac\"\n                           data-key=\"twitter\"\n                           data-xs-href=\"https:\/\/twitter.com\/intent\/tweet?text=Alix+Didier+Fils-Aim%C3%A9+plaide+pour+un+soutien+international+renforc%C3%A9+lors+de+la+r%C3%A9union+ONU%2FCARICOM-OEA+https%3A%2F%2Fvelipost.com%2Findex.php%3Frest_route%3D%252Fwp%252Fv2%252Fposts%252F3962&amp;original_referer=https%3A%2F%2Fvelipost.com%2Findex.php%3Frest_route%3D%252Fwp%252Fv2%252Fposts%252F3962&amp;related=xpeedstudio\">\n\n                            <div class=\"xs-social-icon\">\n                                <span class=\"met-social met-social-twitter\"><\/span>\n                            <\/div>\n\n\t\t\t\t\t\t\t\n                            <div class=\"wslu-hover-content\">\n                                <div class=\"xs-social-followers\">\n\t\t\t\t\t\t\t\t\t10                                <\/div>\n                                <div class=\"xs-social-follower-text\">\n\t\t\t\t\t\t\t\t\tShare                                <\/div>\n                                <div class=\"xs-social-follower-label\">\n\t\t\t\t\t\t\t\t\tTwitter                                <\/div>\n                            <\/div>\n                        <\/a>\n                    <\/li>\n\t\t\t\t\t                    <li class=\"xs-share-li telegram                        wslu-no-extra-data\">\n                        <a href=\"javascript:void(0);\"\n                           id=\"xs_feed_telegram\"\n                           onclick=\"xs_social_sharer(this);\"\n                           data-pid=\"3962\"\n                           data-uri_hash=\"8d550cf0e8703892361131bf3f1f12ac\"\n                           data-key=\"telegram\"\n                           data-xs-href=\"https:\/\/telegram.me\/share\/url?url=https%3A%2F%2Fvelipost.com%2Findex.php%3Frest_route%3D%252Fwp%252Fv2%252Fposts%252F3962&amp;text=Alix+Didier+Fils-Aim%C3%A9+plaide+pour+un+soutien+international+renforc%C3%A9+lors+de+la+r%C3%A9union+ONU%2FCARICOM-OEA\">\n\n                            <div class=\"xs-social-icon\">\n                                <span class=\"met-social met-social-telegram\"><\/span>\n                            <\/div>\n\n\t\t\t\t\t\t\t\n                            <div class=\"wslu-hover-content\">\n                                <div class=\"xs-social-followers\">\n\t\t\t\t\t\t\t\t\t0                                <\/div>\n                                <div class=\"xs-social-follower-text\">\n\t\t\t\t\t\t\t\t\tShare                                <\/div>\n                                <div class=\"xs-social-follower-label\">\n\t\t\t\t\t\t\t\t\tTelegram                                <\/div>\n                            <\/div>\n                        <\/a>\n                    <\/li>\n\t\t\t\t\t                    <li class=\"xs-share-li email                        wslu-no-extra-data\">\n                        <a href=\"javascript:void(0);\"\n                           id=\"xs_feed_email\"\n                           onclick=\"xs_social_sharer(this);\"\n                           data-pid=\"3962\"\n                           data-uri_hash=\"8d550cf0e8703892361131bf3f1f12ac\"\n                           data-key=\"email\"\n                           data-xs-href=\"mailto:?body=Title%3A+Alix+Didier+Fils-Aim%C3%A9+plaide+pour+un+soutien+international+renforc%C3%A9+lors+de+la+r%C3%A9union+ONU%2FCARICOM-OEA+%5Cn%5Cn+URL%3A+https%3A%2F%2Fvelipost.com%2Findex.php%3Frest_route%3D%252Fwp%252Fv2%252Fposts%252F3962&amp;subject=Alix+Didier+Fils-Aim%C3%A9+plaide+pour+un+soutien+international+renforc%C3%A9+lors+de+la+r%C3%A9union+ONU%2FCARICOM-OEA\">\n\n                            <div class=\"xs-social-icon\">\n                                <span class=\"met-social met-social-email\"><\/span>\n                            <\/div>\n\n\t\t\t\t\t\t\t\n                            <div class=\"wslu-hover-content\">\n                                <div class=\"xs-social-followers\">\n\t\t\t\t\t\t\t\t\t0                                <\/div>\n                                <div class=\"xs-social-follower-text\">\n\t\t\t\t\t\t\t\t\tShare                                <\/div>\n                                <div class=\"xs-social-follower-label\">\n\t\t\t\t\t\t\t\t\tEmail                                <\/div>\n                            <\/div>\n                        <\/a>\n                    <\/li>\n\t\t\t\t\t        <\/ul>\n    <\/div> \n","protected":false},"excerpt":{"rendered":"<p>Le Premier ministre Alix Didier Fils-Aim\u00e9, a repr\u00e9sent\u00e9 le Conseil Pr\u00e9sidentiel de Transition et le gouvernement ha\u00eftien lors de la r\u00e9union tripartite organis\u00e9e \u00e0<\/p>\n","protected":false},"author":1,"featured_media":3963,"comment_status":"open","ping_status":"open","sticky":false,"template":"","format":"standard","meta":{"_uag_custom_page_level_css":"","footnotes":"","jetpack_publicize_message":"","jetpack_publicize_feature_enabled":true,"jetpack_social_post_already_shared":true,"jetpack_social_options":{"image_generator_settings":{"template":"highway","default_image_id":0,"font":"","enabled":false},"version":2}},"categories":[94],"tags":[],"class_list":["post-3962","post","type-post","status-publish","format-standard","has-post-thumbnail","hentry","category-a-la-une"],"yoast_head":"<!-- This site is optimized with the Yoast SEO plugin v25.3.1 - https:\/\/yoast.com\/wordpress\/plugins\/seo\/ -->\n<title>Alix Didier Fils-Aim\u00e9 plaide pour un soutien international renforc\u00e9 lors de la r\u00e9union ONU\/CARICOM-OEA &#8211; VeliPost<\/title>\n<meta name=\"robots\" content=\"index, follow, max-snippet:-1, max-image-preview:large, max-video-preview:-1\" \/>\n<link rel=\"canonical\" href=\"https:\/\/velipost.com\/?p=3962\" \/>\n<meta property=\"og:locale\" content=\"fr_FR\" \/>\n<meta property=\"og:type\" content=\"article\" \/>\n<meta property=\"og:title\" content=\"Alix Didier Fils-Aim\u00e9 plaide pour un soutien international renforc\u00e9 lors de la r\u00e9union ONU\/CARICOM-OEA &#8211; VeliPost\" \/>\n<meta property=\"og:description\" content=\"Le Premier ministre Alix Didier Fils-Aim\u00e9, a repr\u00e9sent\u00e9 le Conseil Pr\u00e9sidentiel de Transition et le gouvernement ha\u00eftien lors de la r\u00e9union tripartite organis\u00e9e \u00e0\" \/>\n<meta property=\"og:url\" content=\"https:\/\/velipost.com\/?p=3962\" \/>\n<meta property=\"og:site_name\" content=\"VeliPost\" \/>\n<meta property=\"article:publisher\" content=\"https:\/\/www.facebook.com\/veliposthaiti\" \/>\n<meta property=\"article:published_time\" content=\"2025-08-28T15:43:06+00:00\" \/>\n<meta property=\"article:modified_time\" content=\"2025-08-28T15:43:10+00:00\" \/>\n<meta property=\"og:image\" content=\"https:\/\/velipost.com\/wp-content\/uploads\/2025\/08\/PM-USA.jpg\" \/>\n\t<meta property=\"og:image:width\" content=\"1170\" \/>\n\t<meta property=\"og:image:height\" content=\"603\" \/>\n\t<meta property=\"og:image:type\" content=\"image\/jpeg\" \/>\n<meta name=\"author\" content=\"VeliPost\" \/>\n<meta name=\"twitter:card\" content=\"summary_large_image\" \/>\n<meta name=\"twitter:creator\" content=\"@veliposthaiti\" \/>\n<meta name=\"twitter:site\" content=\"@veliposthaiti\" \/>\n<meta name=\"twitter:label1\" content=\"\u00c9crit par\" \/>\n\t<meta name=\"twitter:data1\" content=\"VeliPost\" \/>\n\t<meta name=\"twitter:label2\" content=\"Dur\u00e9e de lecture estim\u00e9e\" \/>\n\t<meta name=\"twitter:data2\" content=\"2 minutes\" \/>\n<script type=\"application\/ld+json\" class=\"yoast-schema-graph\">{\"@context\":\"https:\/\/schema.org\",\"@graph\":[{\"@type\":\"Article\",\"@id\":\"https:\/\/velipost.com\/?p=3962#article\",\"isPartOf\":{\"@id\":\"https:\/\/velipost.com\/?p=3962\"},\"author\":{\"name\":\"VeliPost\",\"@id\":\"https:\/\/velipost.com\/#\/schema\/person\/32ff49a53c9c1bb24302ee8ece058096\"},\"headline\":\"Alix Didier Fils-Aim\u00e9 plaide pour un soutien international renforc\u00e9 lors de la r\u00e9union ONU\/CARICOM-OEA\",\"datePublished\":\"2025-08-28T15:43:06+00:00\",\"dateModified\":\"2025-08-28T15:43:10+00:00\",\"mainEntityOfPage\":{\"@id\":\"https:\/\/velipost.com\/?p=3962\"},\"wordCount\":287,\"commentCount\":0,\"publisher\":{\"@id\":\"https:\/\/velipost.com\/#organization\"},\"image\":{\"@id\":\"https:\/\/velipost.com\/?p=3962#primaryimage\"},\"thumbnailUrl\":\"https:\/\/velipost.com\/wp-content\/uploads\/2025\/08\/PM-USA.jpg\",\"articleSection\":[\"A la Une\"],\"inLanguage\":\"fr-FR\",\"potentialAction\":[{\"@type\":\"CommentAction\",\"name\":\"Comment\",\"target\":[\"https:\/\/velipost.com\/?p=3962#respond\"]}]},{\"@type\":\"WebPage\",\"@id\":\"https:\/\/velipost.com\/?p=3962\",\"url\":\"https:\/\/velipost.com\/?p=3962\",\"name\":\"Alix Didier Fils-Aim\u00e9 plaide pour un soutien international renforc\u00e9 lors de la r\u00e9union ONU\/CARICOM-OEA &#8211; VeliPost\",\"isPartOf\":{\"@id\":\"https:\/\/velipost.com\/#website\"},\"primaryImageOfPage\":{\"@id\":\"https:\/\/velipost.com\/?p=3962#primaryimage\"},\"image\":{\"@id\":\"https:\/\/velipost.com\/?p=3962#primaryimage\"},\"thumbnailUrl\":\"https:\/\/velipost.com\/wp-content\/uploads\/2025\/08\/PM-USA.jpg\",\"datePublished\":\"2025-08-28T15:43:06+00:00\",\"dateModified\":\"2025-08-28T15:43:10+00:00\",\"breadcrumb\":{\"@id\":\"https:\/\/velipost.com\/?p=3962#breadcrumb\"},\"inLanguage\":\"fr-FR\",\"potentialAction\":[{\"@type\":\"ReadAction\",\"target\":[\"https:\/\/velipost.com\/?p=3962\"]}]},{\"@type\":\"ImageObject\",\"inLanguage\":\"fr-FR\",\"@id\":\"https:\/\/velipost.com\/?p=3962#primaryimage\",\"url\":\"https:\/\/velipost.com\/wp-content\/uploads\/2025\/08\/PM-USA.jpg\",\"contentUrl\":\"https:\/\/velipost.com\/wp-content\/uploads\/2025\/08\/PM-USA.jpg\",\"width\":1170,\"height\":603},{\"@type\":\"BreadcrumbList\",\"@id\":\"https:\/\/velipost.com\/?p=3962#breadcrumb\",\"itemListElement\":[{\"@type\":\"ListItem\",\"position\":1,\"name\":\"Accueil\",\"item\":\"https:\/\/velipost.com\/\"},{\"@type\":\"ListItem\",\"position\":2,\"name\":\"Alix Didier Fils-Aim\u00e9 plaide pour un soutien international renforc\u00e9 lors de la r\u00e9union ONU\/CARICOM-OEA\"}]},{\"@type\":\"WebSite\",\"@id\":\"https:\/\/velipost.com\/#website\",\"url\":\"https:\/\/velipost.com\/\",\"name\":\"VeliPost\",\"description\":\"L\u2019info en un clic\",\"publisher\":{\"@id\":\"https:\/\/velipost.com\/#organization\"},\"potentialAction\":[{\"@type\":\"SearchAction\",\"target\":{\"@type\":\"EntryPoint\",\"urlTemplate\":\"https:\/\/velipost.com\/?s={search_term_string}\"},\"query-input\":{\"@type\":\"PropertyValueSpecification\",\"valueRequired\":true,\"valueName\":\"search_term_string\"}}],\"inLanguage\":\"fr-FR\"},{\"@type\":\"Organization\",\"@id\":\"https:\/\/velipost.com\/#organization\",\"name\":\"VeliPost\",\"url\":\"https:\/\/velipost.com\/\",\"logo\":{\"@type\":\"ImageObject\",\"inLanguage\":\"fr-FR\",\"@id\":\"https:\/\/velipost.com\/#\/schema\/logo\/image\/\",\"url\":\"https:\/\/velipost.com\/wp-content\/uploads\/2024\/08\/cropped-VP-logo-piti.png\",\"contentUrl\":\"https:\/\/velipost.com\/wp-content\/uploads\/2024\/08\/cropped-VP-logo-piti.png\",\"width\":201,\"height\":69,\"caption\":\"VeliPost\"},\"image\":{\"@id\":\"https:\/\/velipost.com\/#\/schema\/logo\/image\/\"},\"sameAs\":[\"https:\/\/www.facebook.com\/veliposthaiti\",\"https:\/\/x.com\/veliposthaiti\",\"https:\/\/www.instagram.com\/veliposthaiti\"]},{\"@type\":\"Person\",\"@id\":\"https:\/\/velipost.com\/#\/schema\/person\/32ff49a53c9c1bb24302ee8ece058096\",\"name\":\"VeliPost\",\"image\":{\"@type\":\"ImageObject\",\"inLanguage\":\"fr-FR\",\"@id\":\"https:\/\/velipost.com\/#\/schema\/person\/image\/\",\"url\":\"https:\/\/secure.gravatar.com\/avatar\/57c226c264de62f794185a89596d4a37b85a5ad20aca30d9d5a478b27d8c8d9d?s=96&d=mm&r=g\",\"contentUrl\":\"https:\/\/secure.gravatar.com\/avatar\/57c226c264de62f794185a89596d4a37b85a5ad20aca30d9d5a478b27d8c8d9d?s=96&d=mm&r=g\",\"caption\":\"VeliPost\"},\"sameAs\":[\"https:\/\/velipost.com\"],\"url\":\"https:\/\/velipost.com\/?author=1\"}]}<\/script>\n<!-- \/ Yoast SEO plugin. -->","yoast_head_json":{"title":"Alix Didier Fils-Aim\u00e9 plaide pour un soutien international renforc\u00e9 lors de la r\u00e9union ONU\/CARICOM-OEA &#8211; VeliPost","robots":{"index":"index","follow":"follow","max-snippet":"max-snippet:-1","max-image-preview":"max-image-preview:large","max-video-preview":"max-video-preview:-1"},"canonical":"https:\/\/velipost.com\/?p=3962","og_locale":"fr_FR","og_type":"article","og_title":"Alix Didier Fils-Aim\u00e9 plaide pour un soutien international renforc\u00e9 lors de la r\u00e9union ONU\/CARICOM-OEA &#8211; VeliPost","og_description":"Le Premier ministre Alix Didier Fils-Aim\u00e9, a repr\u00e9sent\u00e9 le Conseil Pr\u00e9sidentiel de Transition et le gouvernement ha\u00eftien lors de la r\u00e9union tripartite organis\u00e9e \u00e0","og_url":"https:\/\/velipost.com\/?p=3962","og_site_name":"VeliPost","article_publisher":"https:\/\/www.facebook.com\/veliposthaiti","article_published_time":"2025-08-28T15:43:06+00:00","article_modified_time":"2025-08-28T15:43:10+00:00","og_image":[{"width":1170,"height":603,"url":"https:\/\/velipost.com\/wp-content\/uploads\/2025\/08\/PM-USA.jpg","type":"image\/jpeg"}],"author":"VeliPost","twitter_card":"summary_large_image","twitter_creator":"@veliposthaiti","twitter_site":"@veliposthaiti","twitter_misc":{"\u00c9crit par":"VeliPost","Dur\u00e9e de lecture estim\u00e9e":"2 minutes"},"schema":{"@context":"https:\/\/schema.org","@graph":[{"@type":"Article","@id":"https:\/\/velipost.com\/?p=3962#article","isPartOf":{"@id":"https:\/\/velipost.com\/?p=3962"},"author":{"name":"VeliPost","@id":"https:\/\/velipost.com\/#\/schema\/person\/32ff49a53c9c1bb24302ee8ece058096"},"headline":"Alix Didier Fils-Aim\u00e9 plaide pour un soutien international renforc\u00e9 lors de la r\u00e9union ONU\/CARICOM-OEA","datePublished":"2025-08-28T15:43:06+00:00","dateModified":"2025-08-28T15:43:10+00:00","mainEntityOfPage":{"@id":"https:\/\/velipost.com\/?p=3962"},"wordCount":287,"commentCount":0,"publisher":{"@id":"https:\/\/velipost.com\/#organization"},"image":{"@id":"https:\/\/velipost.com\/?p=3962#primaryimage"},"thumbnailUrl":"https:\/\/velipost.com\/wp-content\/uploads\/2025\/08\/PM-USA.jpg","articleSection":["A la Une"],"inLanguage":"fr-FR","potentialAction":[{"@type":"CommentAction","name":"Comment","target":["https:\/\/velipost.com\/?p=3962#respond"]}]},{"@type":"WebPage","@id":"https:\/\/velipost.com\/?p=3962","url":"https:\/\/velipost.com\/?p=3962","name":"Alix Didier Fils-Aim\u00e9 plaide pour un soutien international renforc\u00e9 lors de la r\u00e9union ONU\/CARICOM-OEA &#8211; VeliPost","isPartOf":{"@id":"https:\/\/velipost.com\/#website"},"primaryImageOfPage":{"@id":"https:\/\/velipost.com\/?p=3962#primaryimage"},"image":{"@id":"https:\/\/velipost.com\/?p=3962#primaryimage"},"thumbnailUrl":"https:\/\/velipost.com\/wp-content\/uploads\/2025\/08\/PM-USA.jpg","datePublished":"2025-08-28T15:43:06+00:00","dateModified":"2025-08-28T15:43:10+00:00","breadcrumb":{"@id":"https:\/\/velipost.com\/?p=3962#breadcrumb"},"inLanguage":"fr-FR","potentialAction":[{"@type":"ReadAction","target":["https:\/\/velipost.com\/?p=3962"]}]},{"@type":"ImageObject","inLanguage":"fr-FR","@id":"https:\/\/velipost.com\/?p=3962#primaryimage","url":"https:\/\/velipost.com\/wp-content\/uploads\/2025\/08\/PM-USA.jpg","contentUrl":"https:\/\/velipost.com\/wp-content\/uploads\/2025\/08\/PM-USA.jpg","width":1170,"height":603},{"@type":"BreadcrumbList","@id":"https:\/\/velipost.com\/?p=3962#breadcrumb","itemListElement":[{"@type":"ListItem","position":1,"name":"Accueil","item":"https:\/\/velipost.com\/"},{"@type":"ListItem","position":2,"name":"Alix Didier Fils-Aim\u00e9 plaide pour un soutien international renforc\u00e9 lors de la r\u00e9union ONU\/CARICOM-OEA"}]},{"@type":"WebSite","@id":"https:\/\/velipost.com\/#website","url":"https:\/\/velipost.com\/","name":"VeliPost","description":"L\u2019info en un clic","publisher":{"@id":"https:\/\/velipost.com\/#organization"},"potentialAction":[{"@type":"SearchAction","target":{"@type":"EntryPoint","urlTemplate":"https:\/\/velipost.com\/?s={search_term_string}"},"query-input":{"@type":"PropertyValueSpecification","valueRequired":true,"valueName":"search_term_string"}}],"inLanguage":"fr-FR"},{"@type":"Organization","@id":"https:\/\/velipost.com\/#organization","name":"VeliPost","url":"https:\/\/velipost.com\/","logo":{"@type":"ImageObject","inLanguage":"fr-FR","@id":"https:\/\/velipost.com\/#\/schema\/logo\/image\/","url":"https:\/\/velipost.com\/wp-content\/uploads\/2024\/08\/cropped-VP-logo-piti.png","contentUrl":"https:\/\/velipost.com\/wp-content\/uploads\/2024\/08\/cropped-VP-logo-piti.png","width":201,"height":69,"caption":"VeliPost"},"image":{"@id":"https:\/\/velipost.com\/#\/schema\/logo\/image\/"},"sameAs":["https:\/\/www.facebook.com\/veliposthaiti","https:\/\/x.com\/veliposthaiti","https:\/\/www.instagram.com\/veliposthaiti"]},{"@type":"Person","@id":"https:\/\/velipost.com\/#\/schema\/person\/32ff49a53c9c1bb24302ee8ece058096","name":"VeliPost","image":{"@type":"ImageObject","inLanguage":"fr-FR","@id":"https:\/\/velipost.com\/#\/schema\/person\/image\/","url":"https:\/\/secure.gravatar.com\/avatar\/57c226c264de62f794185a89596d4a37b85a5ad20aca30d9d5a478b27d8c8d9d?s=96&d=mm&r=g","contentUrl":"https:\/\/secure.gravatar.com\/avatar\/57c226c264de62f794185a89596d4a37b85a5ad20aca30d9d5a478b27d8c8d9d?s=96&d=mm&r=g","caption":"VeliPost"},"sameAs":["https:\/\/velipost.com"],"url":"https:\/\/velipost.com\/?author=1"}]}},"views":0,"jetpack_publicize_connections":[],"uagb_featured_image_src":{"full":["https:\/\/velipost.com\/wp-content\/uploads\/2025\/08\/PM-USA.jpg",1170,603,false],"thumbnail":["https:\/\/velipost.com\/wp-content\/uploads\/2025\/08\/PM-USA-150x150.jpg",150,150,true],"medium":["https:\/\/velipost.com\/wp-content\/uploads\/2025\/08\/PM-USA-300x155.jpg",300,155,true],"medium_large":["https:\/\/velipost.com\/wp-content\/uploads\/2025\/08\/PM-USA-768x396.jpg",715,369,true],"large":["https:\/\/velipost.com\/wp-content\/uploads\/2025\/08\/PM-USA-1024x528.jpg",715,369,true],"1536x1536":["https:\/\/velipost.com\/wp-content\/uploads\/2025\/08\/PM-USA.jpg",1170,603,false],"2048x2048":["https:\/\/velipost.com\/wp-content\/uploads\/2025\/08\/PM-USA.jpg",1170,603,false],"colornews-big-slider":["https:\/\/velipost.com\/wp-content\/uploads\/2025\/08\/PM-USA-1070x470.jpg",1070,470,true],"colornews-big-slider-thumb":["https:\/\/velipost.com\/wp-content\/uploads\/2025\/08\/PM-USA-184x109.jpg",184,109,true],"colornews-featured-post-medium":["https:\/\/velipost.com\/wp-content\/uploads\/2025\/08\/PM-USA-345x265.jpg",345,265,true],"colornews-featured-post-small":["https:\/\/velipost.com\/wp-content\/uploads\/2025\/08\/PM-USA-115x73.jpg",115,73,true],"colornews-random-posts":["https:\/\/velipost.com\/wp-content\/uploads\/2025\/08\/PM-USA-215x215.jpg",215,215,true],"colornews-featured-image":["https:\/\/velipost.com\/wp-content\/uploads\/2025\/08\/PM-USA-715x400.jpg",715,400,true],"mailpoet_newsletter_max":["https:\/\/velipost.com\/wp-content\/uploads\/2025\/08\/PM-USA.jpg",1170,603,false]},"uagb_author_info":{"display_name":"VeliPost","author_link":"https:\/\/velipost.com\/?author=1"},"uagb_comment_info":0,"uagb_excerpt":"Le Premier ministre Alix Didier Fils-Aim\u00e9, a repr\u00e9sent\u00e9 le Conseil Pr\u00e9sidentiel de Transition et le gouvernement ha\u00eftien lors de la r\u00e9union tripartite organis\u00e9e \u00e0","_links":{"self":[{"href":"https:\/\/velipost.com\/index.php?rest_route=\/wp\/v2\/posts\/3962","targetHints":{"allow":["GET"]}}],"collection":[{"href":"https:\/\/velipost.com\/index.php?rest_route=\/wp\/v2\/posts"}],"about":[{"href":"https:\/\/velipost.com\/index.php?rest_route=\/wp\/v2\/types\/post"}],"author":[{"embeddable":true,"href":"https:\/\/velipost.com\/index.php?rest_route=\/wp\/v2\/users\/1"}],"replies":[{"embeddable":true,"href":"https:\/\/velipost.com\/index.php?rest_route=%2Fwp%2Fv2%2Fcomments&post=3962"}],"version-history":[{"count":1,"href":"https:\/\/velipost.com\/index.php?rest_route=\/wp\/v2\/posts\/3962\/revisions"}],"predecessor-version":[{"id":3964,"href":"https:\/\/velipost.com\/index.php?rest_route=\/wp\/v2\/posts\/3962\/revisions\/3964"}],"wp:featuredmedia":[{"embeddable":true,"href":"https:\/\/velipost.com\/index.php?rest_route=\/wp\/v2\/media\/3963"}],"wp:attachment":[{"href":"https:\/\/velipost.com\/index.php?rest_route=%2Fwp%2Fv2%2Fmedia&parent=3962"}],"wp:term":[{"taxonomy":"category","embeddable":true,"href":"https:\/\/velipost.com\/index.php?rest_route=%2Fwp%2Fv2%2Fcategories&post=3962"},{"taxonomy":"post_tag","embeddable":true,"href":"https:\/\/velipost.com\/index.php?rest_route=%2Fwp%2Fv2%2Ftags&post=3962"}],"curies":[{"name":"wp","href":"https:\/\/api.w.org\/{rel}","templated":true}]}}