{"id":3936,"date":"2025-08-25T23:40:18","date_gmt":"2025-08-25T21:40:18","guid":{"rendered":"https:\/\/velipost.com\/?p=3936"},"modified":"2025-08-25T23:40:25","modified_gmt":"2025-08-25T21:40:25","slug":"un-haitiano-americain-condamne-a-30-mois-de-prison-pour-trafic-darmes-vers-haiti","status":"publish","type":"post","link":"https:\/\/velipost.com\/?p=3936","title":{"rendered":"Un Ha\u00eftiano-Am\u00e9ricain condamn\u00e9 \u00e0 30 mois de prison pour trafic d\u2019armes vers Ha\u00efti"},"content":{"rendered":"\n<p>Un tribunal f\u00e9d\u00e9ral am\u00e9ricain a condamn\u00e9, ce lundi, Jean Wiltene Eugene, 57 ans, r\u00e9sident de Key West en Floride et originaire d\u2019Ha\u00efti, \u00e0 30 mois de prison et \u00e0 une amende de 20 000 dollars pour son implication dans une op\u00e9ration de contrebande d\u2019armes \u00e0 feu vers Ha\u00efti.<\/p>\n\n\n\n<p>Selon la procureure am\u00e9ricaine Jeanine Ferris Pirro, Eugene avait plaid\u00e9 coupable le 11 avril 2025 d\u2019un chef d\u2019accusation de contrebande. Outre sa peine d\u2019emprisonnement, le juge Carl J. Nichols lui a \u00e9galement impos\u00e9 24 mois de libert\u00e9 surveill\u00e9e.<\/p>\n\n\n\n<p>Les documents judiciaires r\u00e9v\u00e8lent qu\u2019Eugene a ill\u00e9galement export\u00e9 plusieurs armes \u00e0 feu vers Ha\u00efti en septembre 2021, sans licence pr\u00e9alable, en violation de l\u2019Export Administration Regulations et de la loi am\u00e9ricaine de 2018 sur le contr\u00f4le des exportations. L\u2019accus\u00e9 aurait dissimul\u00e9 les armes dans des v\u00e9hicules exp\u00e9di\u00e9s par une soci\u00e9t\u00e9 bas\u00e9e en Floride, en masquant les cargaisons avec de la nourriture et divers articles pour tromper les contr\u00f4les frontaliers.<\/p>\n\n\n\n<p>Lors de son arrestation, survenue le 4 mai 2024 \u00e0 Key West, Eugene a reconnu avoir exp\u00e9di\u00e9 des v\u00e9hicules contenant des armes entre 2020 et 2021. Il a \u00e9galement admis que neuf armes \u00e0 feu achet\u00e9es en Floride sous son nom se trouvaient en Ha\u00efti, \u00e0 sa station-service, et non aux \u00c9tats-Unis.<\/p>\n\n\n\n<p>L\u2019affaire a \u00e9t\u00e9 instruite par le FBI de Miami avec l\u2019appui du Bureau de l\u2019alcool, du tabac, des armes \u00e0 feu et des explosifs (ATF), ainsi que du Bureau de la lutte contre les exportations du D\u00e9partement du Commerce. La poursuite a \u00e9t\u00e9 men\u00e9e par la procureure adjointe Kimberly Paschall et l\u2019avocat g\u00e9n\u00e9ral Beau Barnes, en collaboration avec plusieurs autres repr\u00e9sentants du minist\u00e8re de la Justice.<\/p>\n\n\n\n<p>Cette condamnation intervient alors que les autorit\u00e9s am\u00e9ricaines affirment renforcer leur lutte contre le trafic d\u2019armes vers Ha\u00efti, un ph\u00e9nom\u00e8ne qui alimente directement l\u2019ins\u00e9curit\u00e9 et les violences dans le pays.<\/p>\n\n    <div class=\"xs_social_share_widget xs_share_url after_content \t\tmain_content  wslu-style-3 wslu-share-box-shaped wslu-fill-brand-hover-colored wslu-share-m-5 wslu-none wslu-share-horizontal wslu-theme-font-no wslu-main_content\">\n\n\t\t\n        <ul>\n\t\t\t                    <li class=\"xs-share-li twitter                        wslu-no-extra-data\">\n                        <a href=\"javascript:void(0);\"\n                           id=\"xs_feed_twitter\"\n                           onclick=\"xs_social_sharer(this);\"\n                           data-pid=\"3936\"\n                           data-uri_hash=\"7fc7880ef9c6bf0ed5901d7e2a17025d\"\n                           data-key=\"twitter\"\n                           data-xs-href=\"https:\/\/twitter.com\/intent\/tweet?text=Un+Ha%C3%AFtiano-Am%C3%A9ricain+condamn%C3%A9+%C3%A0+30+mois+de+prison+pour+trafic+d%E2%80%99armes+vers+Ha%C3%AFti+https%3A%2F%2Fvelipost.com%2Findex.php%3Frest_route%3D%252Fwp%252Fv2%252Fposts%252F3936&amp;original_referer=https%3A%2F%2Fvelipost.com%2Findex.php%3Frest_route%3D%252Fwp%252Fv2%252Fposts%252F3936&amp;related=xpeedstudio\">\n\n                            <div class=\"xs-social-icon\">\n                                <span class=\"met-social met-social-twitter\"><\/span>\n                            <\/div>\n\n\t\t\t\t\t\t\t\n                            <div class=\"wslu-hover-content\">\n                                <div class=\"xs-social-followers\">\n\t\t\t\t\t\t\t\t\t10                                <\/div>\n                                <div class=\"xs-social-follower-text\">\n\t\t\t\t\t\t\t\t\tShare                                <\/div>\n                                <div class=\"xs-social-follower-label\">\n\t\t\t\t\t\t\t\t\tTwitter                                <\/div>\n                            <\/div>\n                        <\/a>\n                    <\/li>\n\t\t\t\t\t                    <li class=\"xs-share-li telegram                        wslu-no-extra-data\">\n                        <a href=\"javascript:void(0);\"\n                           id=\"xs_feed_telegram\"\n                           onclick=\"xs_social_sharer(this);\"\n                           data-pid=\"3936\"\n                           data-uri_hash=\"7fc7880ef9c6bf0ed5901d7e2a17025d\"\n                           data-key=\"telegram\"\n                           data-xs-href=\"https:\/\/telegram.me\/share\/url?url=https%3A%2F%2Fvelipost.com%2Findex.php%3Frest_route%3D%252Fwp%252Fv2%252Fposts%252F3936&amp;text=Un+Ha%C3%AFtiano-Am%C3%A9ricain+condamn%C3%A9+%C3%A0+30+mois+de+prison+pour+trafic+d%E2%80%99armes+vers+Ha%C3%AFti\">\n\n                            <div class=\"xs-social-icon\">\n                                <span class=\"met-social met-social-telegram\"><\/span>\n                            <\/div>\n\n\t\t\t\t\t\t\t\n                            <div class=\"wslu-hover-content\">\n                                <div class=\"xs-social-followers\">\n\t\t\t\t\t\t\t\t\t0                                <\/div>\n                                <div class=\"xs-social-follower-text\">\n\t\t\t\t\t\t\t\t\tShare                                <\/div>\n                                <div class=\"xs-social-follower-label\">\n\t\t\t\t\t\t\t\t\tTelegram                                <\/div>\n                            <\/div>\n                        <\/a>\n                    <\/li>\n\t\t\t\t\t                    <li class=\"xs-share-li email                        wslu-no-extra-data\">\n                        <a href=\"javascript:void(0);\"\n                           id=\"xs_feed_email\"\n                           onclick=\"xs_social_sharer(this);\"\n                           data-pid=\"3936\"\n                           data-uri_hash=\"7fc7880ef9c6bf0ed5901d7e2a17025d\"\n                           data-key=\"email\"\n                           data-xs-href=\"mailto:?body=Title%3A+Un+Ha%C3%AFtiano-Am%C3%A9ricain+condamn%C3%A9+%C3%A0+30+mois+de+prison+pour+trafic+d%E2%80%99armes+vers+Ha%C3%AFti+%5Cn%5Cn+URL%3A+https%3A%2F%2Fvelipost.com%2Findex.php%3Frest_route%3D%252Fwp%252Fv2%252Fposts%252F3936&amp;subject=Un+Ha%C3%AFtiano-Am%C3%A9ricain+condamn%C3%A9+%C3%A0+30+mois+de+prison+pour+trafic+d%E2%80%99armes+vers+Ha%C3%AFti\">\n\n                            <div class=\"xs-social-icon\">\n                                <span class=\"met-social met-social-email\"><\/span>\n                            <\/div>\n\n\t\t\t\t\t\t\t\n                            <div class=\"wslu-hover-content\">\n                                <div class=\"xs-social-followers\">\n\t\t\t\t\t\t\t\t\t0                                <\/div>\n                                <div class=\"xs-social-follower-text\">\n\t\t\t\t\t\t\t\t\tShare                                <\/div>\n                                <div class=\"xs-social-follower-label\">\n\t\t\t\t\t\t\t\t\tEmail                                <\/div>\n                            <\/div>\n                        <\/a>\n                    <\/li>\n\t\t\t\t\t        <\/ul>\n    <\/div> \n","protected":false},"excerpt":{"rendered":"<p>Un tribunal f\u00e9d\u00e9ral am\u00e9ricain a condamn\u00e9, ce lundi, Jean Wiltene Eugene, 57 ans, r\u00e9sident de Key West en Floride et originaire d\u2019Ha\u00efti, \u00e0 30<\/p>\n","protected":false},"author":1,"featured_media":3937,"comment_status":"open","ping_status":"open","sticky":false,"template":"","format":"standard","meta":{"_uag_custom_page_level_css":"","footnotes":"","jetpack_publicize_message":"","jetpack_publicize_feature_enabled":true,"jetpack_social_post_already_shared":true,"jetpack_social_options":{"image_generator_settings":{"template":"highway","default_image_id":0,"font":"","enabled":false},"version":2}},"categories":[259],"tags":[],"class_list":["post-3936","post","type-post","status-publish","format-standard","has-post-thumbnail","hentry","category-justice"],"yoast_head":"<!-- This site is optimized with the Yoast SEO plugin v25.3.1 - https:\/\/yoast.com\/wordpress\/plugins\/seo\/ -->\n<title>Un Ha\u00eftiano-Am\u00e9ricain condamn\u00e9 \u00e0 30 mois de prison pour trafic d\u2019armes vers Ha\u00efti &#8211; VeliPost<\/title>\n<meta name=\"robots\" content=\"index, follow, max-snippet:-1, max-image-preview:large, max-video-preview:-1\" \/>\n<link rel=\"canonical\" href=\"https:\/\/velipost.com\/?p=3936\" \/>\n<meta property=\"og:locale\" content=\"fr_FR\" \/>\n<meta property=\"og:type\" content=\"article\" \/>\n<meta property=\"og:title\" content=\"Un Ha\u00eftiano-Am\u00e9ricain condamn\u00e9 \u00e0 30 mois de prison pour trafic d\u2019armes vers Ha\u00efti &#8211; VeliPost\" \/>\n<meta property=\"og:description\" content=\"Un tribunal f\u00e9d\u00e9ral am\u00e9ricain a condamn\u00e9, ce lundi, Jean Wiltene Eugene, 57 ans, r\u00e9sident de Key West en Floride et originaire d\u2019Ha\u00efti, \u00e0 30\" \/>\n<meta property=\"og:url\" content=\"https:\/\/velipost.com\/?p=3936\" \/>\n<meta property=\"og:site_name\" content=\"VeliPost\" \/>\n<meta property=\"article:publisher\" content=\"https:\/\/www.facebook.com\/veliposthaiti\" \/>\n<meta property=\"article:published_time\" content=\"2025-08-25T21:40:18+00:00\" \/>\n<meta property=\"article:modified_time\" content=\"2025-08-25T21:40:25+00:00\" \/>\n<meta property=\"og:image\" content=\"https:\/\/velipost.com\/wp-content\/uploads\/2025\/08\/Jean-Wiltene-Eugene.jpg\" \/>\n\t<meta property=\"og:image:width\" content=\"1170\" \/>\n\t<meta property=\"og:image:height\" content=\"603\" \/>\n\t<meta property=\"og:image:type\" content=\"image\/jpeg\" \/>\n<meta name=\"author\" content=\"VeliPost\" \/>\n<meta name=\"twitter:card\" content=\"summary_large_image\" \/>\n<meta name=\"twitter:creator\" content=\"@veliposthaiti\" \/>\n<meta name=\"twitter:site\" content=\"@veliposthaiti\" \/>\n<meta name=\"twitter:label1\" content=\"\u00c9crit par\" \/>\n\t<meta name=\"twitter:data1\" content=\"VeliPost\" \/>\n\t<meta name=\"twitter:label2\" content=\"Dur\u00e9e de lecture estim\u00e9e\" \/>\n\t<meta name=\"twitter:data2\" content=\"2 minutes\" \/>\n<script type=\"application\/ld+json\" class=\"yoast-schema-graph\">{\"@context\":\"https:\/\/schema.org\",\"@graph\":[{\"@type\":\"Article\",\"@id\":\"https:\/\/velipost.com\/?p=3936#article\",\"isPartOf\":{\"@id\":\"https:\/\/velipost.com\/?p=3936\"},\"author\":{\"name\":\"VeliPost\",\"@id\":\"https:\/\/velipost.com\/#\/schema\/person\/32ff49a53c9c1bb24302ee8ece058096\"},\"headline\":\"Un Ha\u00eftiano-Am\u00e9ricain condamn\u00e9 \u00e0 30 mois de prison pour trafic d\u2019armes vers Ha\u00efti\",\"datePublished\":\"2025-08-25T21:40:18+00:00\",\"dateModified\":\"2025-08-25T21:40:25+00:00\",\"mainEntityOfPage\":{\"@id\":\"https:\/\/velipost.com\/?p=3936\"},\"wordCount\":349,\"commentCount\":0,\"publisher\":{\"@id\":\"https:\/\/velipost.com\/#organization\"},\"image\":{\"@id\":\"https:\/\/velipost.com\/?p=3936#primaryimage\"},\"thumbnailUrl\":\"https:\/\/velipost.com\/wp-content\/uploads\/2025\/08\/Jean-Wiltene-Eugene.jpg\",\"articleSection\":[\"Justice\"],\"inLanguage\":\"fr-FR\",\"potentialAction\":[{\"@type\":\"CommentAction\",\"name\":\"Comment\",\"target\":[\"https:\/\/velipost.com\/?p=3936#respond\"]}]},{\"@type\":\"WebPage\",\"@id\":\"https:\/\/velipost.com\/?p=3936\",\"url\":\"https:\/\/velipost.com\/?p=3936\",\"name\":\"Un Ha\u00eftiano-Am\u00e9ricain condamn\u00e9 \u00e0 30 mois de prison pour trafic d\u2019armes vers Ha\u00efti &#8211; VeliPost\",\"isPartOf\":{\"@id\":\"https:\/\/velipost.com\/#website\"},\"primaryImageOfPage\":{\"@id\":\"https:\/\/velipost.com\/?p=3936#primaryimage\"},\"image\":{\"@id\":\"https:\/\/velipost.com\/?p=3936#primaryimage\"},\"thumbnailUrl\":\"https:\/\/velipost.com\/wp-content\/uploads\/2025\/08\/Jean-Wiltene-Eugene.jpg\",\"datePublished\":\"2025-08-25T21:40:18+00:00\",\"dateModified\":\"2025-08-25T21:40:25+00:00\",\"breadcrumb\":{\"@id\":\"https:\/\/velipost.com\/?p=3936#breadcrumb\"},\"inLanguage\":\"fr-FR\",\"potentialAction\":[{\"@type\":\"ReadAction\",\"target\":[\"https:\/\/velipost.com\/?p=3936\"]}]},{\"@type\":\"ImageObject\",\"inLanguage\":\"fr-FR\",\"@id\":\"https:\/\/velipost.com\/?p=3936#primaryimage\",\"url\":\"https:\/\/velipost.com\/wp-content\/uploads\/2025\/08\/Jean-Wiltene-Eugene.jpg\",\"contentUrl\":\"https:\/\/velipost.com\/wp-content\/uploads\/2025\/08\/Jean-Wiltene-Eugene.jpg\",\"width\":1170,\"height\":603},{\"@type\":\"BreadcrumbList\",\"@id\":\"https:\/\/velipost.com\/?p=3936#breadcrumb\",\"itemListElement\":[{\"@type\":\"ListItem\",\"position\":1,\"name\":\"Accueil\",\"item\":\"https:\/\/velipost.com\/\"},{\"@type\":\"ListItem\",\"position\":2,\"name\":\"Un Ha\u00eftiano-Am\u00e9ricain condamn\u00e9 \u00e0 30 mois de prison pour trafic d\u2019armes vers Ha\u00efti\"}]},{\"@type\":\"WebSite\",\"@id\":\"https:\/\/velipost.com\/#website\",\"url\":\"https:\/\/velipost.com\/\",\"name\":\"VeliPost\",\"description\":\"L\u2019info en un clic\",\"publisher\":{\"@id\":\"https:\/\/velipost.com\/#organization\"},\"potentialAction\":[{\"@type\":\"SearchAction\",\"target\":{\"@type\":\"EntryPoint\",\"urlTemplate\":\"https:\/\/velipost.com\/?s={search_term_string}\"},\"query-input\":{\"@type\":\"PropertyValueSpecification\",\"valueRequired\":true,\"valueName\":\"search_term_string\"}}],\"inLanguage\":\"fr-FR\"},{\"@type\":\"Organization\",\"@id\":\"https:\/\/velipost.com\/#organization\",\"name\":\"VeliPost\",\"url\":\"https:\/\/velipost.com\/\",\"logo\":{\"@type\":\"ImageObject\",\"inLanguage\":\"fr-FR\",\"@id\":\"https:\/\/velipost.com\/#\/schema\/logo\/image\/\",\"url\":\"https:\/\/velipost.com\/wp-content\/uploads\/2024\/08\/cropped-VP-logo-piti.png\",\"contentUrl\":\"https:\/\/velipost.com\/wp-content\/uploads\/2024\/08\/cropped-VP-logo-piti.png\",\"width\":201,\"height\":69,\"caption\":\"VeliPost\"},\"image\":{\"@id\":\"https:\/\/velipost.com\/#\/schema\/logo\/image\/\"},\"sameAs\":[\"https:\/\/www.facebook.com\/veliposthaiti\",\"https:\/\/x.com\/veliposthaiti\",\"https:\/\/www.instagram.com\/veliposthaiti\"]},{\"@type\":\"Person\",\"@id\":\"https:\/\/velipost.com\/#\/schema\/person\/32ff49a53c9c1bb24302ee8ece058096\",\"name\":\"VeliPost\",\"image\":{\"@type\":\"ImageObject\",\"inLanguage\":\"fr-FR\",\"@id\":\"https:\/\/velipost.com\/#\/schema\/person\/image\/\",\"url\":\"https:\/\/secure.gravatar.com\/avatar\/57c226c264de62f794185a89596d4a37b85a5ad20aca30d9d5a478b27d8c8d9d?s=96&d=mm&r=g\",\"contentUrl\":\"https:\/\/secure.gravatar.com\/avatar\/57c226c264de62f794185a89596d4a37b85a5ad20aca30d9d5a478b27d8c8d9d?s=96&d=mm&r=g\",\"caption\":\"VeliPost\"},\"sameAs\":[\"https:\/\/velipost.com\"],\"url\":\"https:\/\/velipost.com\/?author=1\"}]}<\/script>\n<!-- \/ Yoast SEO plugin. -->","yoast_head_json":{"title":"Un Ha\u00eftiano-Am\u00e9ricain condamn\u00e9 \u00e0 30 mois de prison pour trafic d\u2019armes vers Ha\u00efti &#8211; VeliPost","robots":{"index":"index","follow":"follow","max-snippet":"max-snippet:-1","max-image-preview":"max-image-preview:large","max-video-preview":"max-video-preview:-1"},"canonical":"https:\/\/velipost.com\/?p=3936","og_locale":"fr_FR","og_type":"article","og_title":"Un Ha\u00eftiano-Am\u00e9ricain condamn\u00e9 \u00e0 30 mois de prison pour trafic d\u2019armes vers Ha\u00efti &#8211; VeliPost","og_description":"Un tribunal f\u00e9d\u00e9ral am\u00e9ricain a condamn\u00e9, ce lundi, Jean Wiltene Eugene, 57 ans, r\u00e9sident de Key West en Floride et originaire d\u2019Ha\u00efti, \u00e0 30","og_url":"https:\/\/velipost.com\/?p=3936","og_site_name":"VeliPost","article_publisher":"https:\/\/www.facebook.com\/veliposthaiti","article_published_time":"2025-08-25T21:40:18+00:00","article_modified_time":"2025-08-25T21:40:25+00:00","og_image":[{"width":1170,"height":603,"url":"https:\/\/velipost.com\/wp-content\/uploads\/2025\/08\/Jean-Wiltene-Eugene.jpg","type":"image\/jpeg"}],"author":"VeliPost","twitter_card":"summary_large_image","twitter_creator":"@veliposthaiti","twitter_site":"@veliposthaiti","twitter_misc":{"\u00c9crit par":"VeliPost","Dur\u00e9e de lecture estim\u00e9e":"2 minutes"},"schema":{"@context":"https:\/\/schema.org","@graph":[{"@type":"Article","@id":"https:\/\/velipost.com\/?p=3936#article","isPartOf":{"@id":"https:\/\/velipost.com\/?p=3936"},"author":{"name":"VeliPost","@id":"https:\/\/velipost.com\/#\/schema\/person\/32ff49a53c9c1bb24302ee8ece058096"},"headline":"Un Ha\u00eftiano-Am\u00e9ricain condamn\u00e9 \u00e0 30 mois de prison pour trafic d\u2019armes vers Ha\u00efti","datePublished":"2025-08-25T21:40:18+00:00","dateModified":"2025-08-25T21:40:25+00:00","mainEntityOfPage":{"@id":"https:\/\/velipost.com\/?p=3936"},"wordCount":349,"commentCount":0,"publisher":{"@id":"https:\/\/velipost.com\/#organization"},"image":{"@id":"https:\/\/velipost.com\/?p=3936#primaryimage"},"thumbnailUrl":"https:\/\/velipost.com\/wp-content\/uploads\/2025\/08\/Jean-Wiltene-Eugene.jpg","articleSection":["Justice"],"inLanguage":"fr-FR","potentialAction":[{"@type":"CommentAction","name":"Comment","target":["https:\/\/velipost.com\/?p=3936#respond"]}]},{"@type":"WebPage","@id":"https:\/\/velipost.com\/?p=3936","url":"https:\/\/velipost.com\/?p=3936","name":"Un Ha\u00eftiano-Am\u00e9ricain condamn\u00e9 \u00e0 30 mois de prison pour trafic d\u2019armes vers Ha\u00efti &#8211; VeliPost","isPartOf":{"@id":"https:\/\/velipost.com\/#website"},"primaryImageOfPage":{"@id":"https:\/\/velipost.com\/?p=3936#primaryimage"},"image":{"@id":"https:\/\/velipost.com\/?p=3936#primaryimage"},"thumbnailUrl":"https:\/\/velipost.com\/wp-content\/uploads\/2025\/08\/Jean-Wiltene-Eugene.jpg","datePublished":"2025-08-25T21:40:18+00:00","dateModified":"2025-08-25T21:40:25+00:00","breadcrumb":{"@id":"https:\/\/velipost.com\/?p=3936#breadcrumb"},"inLanguage":"fr-FR","potentialAction":[{"@type":"ReadAction","target":["https:\/\/velipost.com\/?p=3936"]}]},{"@type":"ImageObject","inLanguage":"fr-FR","@id":"https:\/\/velipost.com\/?p=3936#primaryimage","url":"https:\/\/velipost.com\/wp-content\/uploads\/2025\/08\/Jean-Wiltene-Eugene.jpg","contentUrl":"https:\/\/velipost.com\/wp-content\/uploads\/2025\/08\/Jean-Wiltene-Eugene.jpg","width":1170,"height":603},{"@type":"BreadcrumbList","@id":"https:\/\/velipost.com\/?p=3936#breadcrumb","itemListElement":[{"@type":"ListItem","position":1,"name":"Accueil","item":"https:\/\/velipost.com\/"},{"@type":"ListItem","position":2,"name":"Un Ha\u00eftiano-Am\u00e9ricain condamn\u00e9 \u00e0 30 mois de prison pour trafic d\u2019armes vers Ha\u00efti"}]},{"@type":"WebSite","@id":"https:\/\/velipost.com\/#website","url":"https:\/\/velipost.com\/","name":"VeliPost","description":"L\u2019info en un clic","publisher":{"@id":"https:\/\/velipost.com\/#organization"},"potentialAction":[{"@type":"SearchAction","target":{"@type":"EntryPoint","urlTemplate":"https:\/\/velipost.com\/?s={search_term_string}"},"query-input":{"@type":"PropertyValueSpecification","valueRequired":true,"valueName":"search_term_string"}}],"inLanguage":"fr-FR"},{"@type":"Organization","@id":"https:\/\/velipost.com\/#organization","name":"VeliPost","url":"https:\/\/velipost.com\/","logo":{"@type":"ImageObject","inLanguage":"fr-FR","@id":"https:\/\/velipost.com\/#\/schema\/logo\/image\/","url":"https:\/\/velipost.com\/wp-content\/uploads\/2024\/08\/cropped-VP-logo-piti.png","contentUrl":"https:\/\/velipost.com\/wp-content\/uploads\/2024\/08\/cropped-VP-logo-piti.png","width":201,"height":69,"caption":"VeliPost"},"image":{"@id":"https:\/\/velipost.com\/#\/schema\/logo\/image\/"},"sameAs":["https:\/\/www.facebook.com\/veliposthaiti","https:\/\/x.com\/veliposthaiti","https:\/\/www.instagram.com\/veliposthaiti"]},{"@type":"Person","@id":"https:\/\/velipost.com\/#\/schema\/person\/32ff49a53c9c1bb24302ee8ece058096","name":"VeliPost","image":{"@type":"ImageObject","inLanguage":"fr-FR","@id":"https:\/\/velipost.com\/#\/schema\/person\/image\/","url":"https:\/\/secure.gravatar.com\/avatar\/57c226c264de62f794185a89596d4a37b85a5ad20aca30d9d5a478b27d8c8d9d?s=96&d=mm&r=g","contentUrl":"https:\/\/secure.gravatar.com\/avatar\/57c226c264de62f794185a89596d4a37b85a5ad20aca30d9d5a478b27d8c8d9d?s=96&d=mm&r=g","caption":"VeliPost"},"sameAs":["https:\/\/velipost.com"],"url":"https:\/\/velipost.com\/?author=1"}]}},"views":0,"jetpack_publicize_connections":[],"uagb_featured_image_src":{"full":["https:\/\/velipost.com\/wp-content\/uploads\/2025\/08\/Jean-Wiltene-Eugene.jpg",1170,603,false],"thumbnail":["https:\/\/velipost.com\/wp-content\/uploads\/2025\/08\/Jean-Wiltene-Eugene-150x150.jpg",150,150,true],"medium":["https:\/\/velipost.com\/wp-content\/uploads\/2025\/08\/Jean-Wiltene-Eugene-300x155.jpg",300,155,true],"medium_large":["https:\/\/velipost.com\/wp-content\/uploads\/2025\/08\/Jean-Wiltene-Eugene-768x396.jpg",715,369,true],"large":["https:\/\/velipost.com\/wp-content\/uploads\/2025\/08\/Jean-Wiltene-Eugene-1024x528.jpg",715,369,true],"1536x1536":["https:\/\/velipost.com\/wp-content\/uploads\/2025\/08\/Jean-Wiltene-Eugene.jpg",1170,603,false],"2048x2048":["https:\/\/velipost.com\/wp-content\/uploads\/2025\/08\/Jean-Wiltene-Eugene.jpg",1170,603,false],"colornews-big-slider":["https:\/\/velipost.com\/wp-content\/uploads\/2025\/08\/Jean-Wiltene-Eugene-1070x470.jpg",1070,470,true],"colornews-big-slider-thumb":["https:\/\/velipost.com\/wp-content\/uploads\/2025\/08\/Jean-Wiltene-Eugene-184x109.jpg",184,109,true],"colornews-featured-post-medium":["https:\/\/velipost.com\/wp-content\/uploads\/2025\/08\/Jean-Wiltene-Eugene-345x265.jpg",345,265,true],"colornews-featured-post-small":["https:\/\/velipost.com\/wp-content\/uploads\/2025\/08\/Jean-Wiltene-Eugene-115x73.jpg",115,73,true],"colornews-random-posts":["https:\/\/velipost.com\/wp-content\/uploads\/2025\/08\/Jean-Wiltene-Eugene-215x215.jpg",215,215,true],"colornews-featured-image":["https:\/\/velipost.com\/wp-content\/uploads\/2025\/08\/Jean-Wiltene-Eugene-715x400.jpg",715,400,true],"mailpoet_newsletter_max":["https:\/\/velipost.com\/wp-content\/uploads\/2025\/08\/Jean-Wiltene-Eugene.jpg",1170,603,false]},"uagb_author_info":{"display_name":"VeliPost","author_link":"https:\/\/velipost.com\/?author=1"},"uagb_comment_info":0,"uagb_excerpt":"Un tribunal f\u00e9d\u00e9ral am\u00e9ricain a condamn\u00e9, ce lundi, Jean Wiltene Eugene, 57 ans, r\u00e9sident de Key West en Floride et originaire d\u2019Ha\u00efti, \u00e0 30","_links":{"self":[{"href":"https:\/\/velipost.com\/index.php?rest_route=\/wp\/v2\/posts\/3936","targetHints":{"allow":["GET"]}}],"collection":[{"href":"https:\/\/velipost.com\/index.php?rest_route=\/wp\/v2\/posts"}],"about":[{"href":"https:\/\/velipost.com\/index.php?rest_route=\/wp\/v2\/types\/post"}],"author":[{"embeddable":true,"href":"https:\/\/velipost.com\/index.php?rest_route=\/wp\/v2\/users\/1"}],"replies":[{"embeddable":true,"href":"https:\/\/velipost.com\/index.php?rest_route=%2Fwp%2Fv2%2Fcomments&post=3936"}],"version-history":[{"count":1,"href":"https:\/\/velipost.com\/index.php?rest_route=\/wp\/v2\/posts\/3936\/revisions"}],"predecessor-version":[{"id":3938,"href":"https:\/\/velipost.com\/index.php?rest_route=\/wp\/v2\/posts\/3936\/revisions\/3938"}],"wp:featuredmedia":[{"embeddable":true,"href":"https:\/\/velipost.com\/index.php?rest_route=\/wp\/v2\/media\/3937"}],"wp:attachment":[{"href":"https:\/\/velipost.com\/index.php?rest_route=%2Fwp%2Fv2%2Fmedia&parent=3936"}],"wp:term":[{"taxonomy":"category","embeddable":true,"href":"https:\/\/velipost.com\/index.php?rest_route=%2Fwp%2Fv2%2Fcategories&post=3936"},{"taxonomy":"post_tag","embeddable":true,"href":"https:\/\/velipost.com\/index.php?rest_route=%2Fwp%2Fv2%2Ftags&post=3936"}],"curies":[{"name":"wp","href":"https:\/\/api.w.org\/{rel}","templated":true}]}}