{"id":3921,"date":"2025-08-22T02:07:00","date_gmt":"2025-08-22T00:07:00","guid":{"rendered":"https:\/\/velipost.com\/?p=3921"},"modified":"2025-08-22T02:07:03","modified_gmt":"2025-08-22T00:07:03","slug":"le-collectif-kenbe-kapow-rejette-la-nomination-du-nouveau-cartel-municipal-au-cap-haitien","status":"publish","type":"post","link":"https:\/\/velipost.com\/?p=3921","title":{"rendered":"Le Collectif Kenbe Kap\u00f2w rejette la nomination du nouveau cartel municipal au Cap-Ha\u00eftien"},"content":{"rendered":"\n<p> Le Collectif citoyen\u00a0Kenbe Kap\u00f2w\u00a0s\u2019\u00e9l\u00e8ve vigoureusement contre la d\u00e9cision du Conseil Pr\u00e9sidentiel de Transition (CPT) de nommer un nouveau cartel municipal \u00e0 la t\u00eate de la mairie du Cap-Ha\u00eftien. Dans une d\u00e9claration rendue publique, le regroupement d\u00e9nonce un choix \u00ab contraire aux aspirations de la population \u00bb et demande une r\u00e9vision urgente de cette d\u00e9cision.<\/p>\n\n\n\n<p>Le collectif rappelle avoir d\u00e9j\u00e0 d\u00e9fini plusieurs crit\u00e8res devant guider la s\u00e9lection des nouveaux responsables municipaux, parmi lesquels : une repr\u00e9sentativit\u00e9 claire dans la communaut\u00e9, une bonne connaissance de l\u2019administration publique, une compr\u00e9hension approfondie de la ville du Cap-Ha\u00eftien, un leadership visionnaire, ainsi qu\u2019une r\u00e9putation irr\u00e9prochable.<\/p>\n\n\n\n<p>Or, selon Kenbe Kap\u00f2w, les personnes d\u00e9sign\u00e9es par le CPT ne r\u00e9pondent pas \u00e0 ces exigences.<\/p>\n\n\n\n<ul class=\"wp-block-list\">\n<li><strong>Patrick Almonor<\/strong>\u00a0est accus\u00e9 d\u2019avoir contribu\u00e9 \u00e0 la d\u00e9gradation de l\u2019image et de la fiert\u00e9 de la cit\u00e9 christophienne lors de son passage \u00e0 la mairie, au point qu\u2019il devrait faire l\u2019objet d\u2019enqu\u00eates plut\u00f4t que d\u2019une nomination.<\/li>\n\n\n\n<li><strong>Angie Bell<\/strong>, fondatrice de l\u2019entreprise\u00a0<em>Bien Nettoyer<\/em>, charg\u00e9e du ramassage d\u2019ordures dans la ville, est critiqu\u00e9e pour n\u2019avoir jamais rempli correctement sa mission, ce qui aurait renforc\u00e9 les probl\u00e8mes d\u2019insalubrit\u00e9.<\/li>\n\n\n\n<li><strong>Isaac Pierre-Louis<\/strong>\u00a0est qualifi\u00e9 de \u00ab grand inconnu \u00bb pour les habitants du Cap-Ha\u00eftien, n\u2019ayant jamais pris position publiquement sur les enjeux de la ville.<\/li>\n<\/ul>\n\n\n\n<p>\u00ab Nou p ap pran g\u00f2l ak men ank\u00f2 \u00bb, mart\u00e8le le collectif, qui estime que ces choix compromettent les efforts pour redonner un nouveau visage au Cap-Ha\u00eftien.<\/p>\n\n\n\n<p>Kenbe Kap\u00f2w invite donc le Conseil Pr\u00e9sidentiel de Transition \u00e0 revoir sans d\u00e9lai sa d\u00e9cision et \u00e0 nommer des personnalit\u00e9s comp\u00e9tentes, int\u00e8gres et visionnaires, capables de r\u00e9pondre aux attentes de la population et de restaurer l\u2019image du Cap-Ha\u00eftien.<\/p>\n\n    <div class=\"xs_social_share_widget xs_share_url after_content \t\tmain_content  wslu-style-3 wslu-share-box-shaped wslu-fill-brand-hover-colored wslu-share-m-5 wslu-none wslu-share-horizontal wslu-theme-font-no wslu-main_content\">\n\n\t\t\n        <ul>\n\t\t\t                    <li class=\"xs-share-li twitter                        wslu-no-extra-data\">\n                        <a href=\"javascript:void(0);\"\n                           id=\"xs_feed_twitter\"\n                           onclick=\"xs_social_sharer(this);\"\n                           data-pid=\"3921\"\n                           data-uri_hash=\"c60bbe28be74b44aaa764201fd74f18e\"\n                           data-key=\"twitter\"\n                           data-xs-href=\"https:\/\/twitter.com\/intent\/tweet?text=Le+Collectif+Kenbe+Kap%C3%B2w+rejette+la+nomination+du+nouveau+cartel+municipal+au+Cap-Ha%C3%AFtien+https%3A%2F%2Fvelipost.com%2Findex.php%3Frest_route%3D%252Fwp%252Fv2%252Fposts%252F3921&amp;original_referer=https%3A%2F%2Fvelipost.com%2Findex.php%3Frest_route%3D%252Fwp%252Fv2%252Fposts%252F3921&amp;related=xpeedstudio\">\n\n                            <div class=\"xs-social-icon\">\n                                <span class=\"met-social met-social-twitter\"><\/span>\n                            <\/div>\n\n\t\t\t\t\t\t\t\n                            <div class=\"wslu-hover-content\">\n                                <div class=\"xs-social-followers\">\n\t\t\t\t\t\t\t\t\t10                                <\/div>\n                                <div class=\"xs-social-follower-text\">\n\t\t\t\t\t\t\t\t\tShare                                <\/div>\n                                <div class=\"xs-social-follower-label\">\n\t\t\t\t\t\t\t\t\tTwitter                                <\/div>\n                            <\/div>\n                        <\/a>\n                    <\/li>\n\t\t\t\t\t                    <li class=\"xs-share-li telegram                        wslu-no-extra-data\">\n                        <a href=\"javascript:void(0);\"\n                           id=\"xs_feed_telegram\"\n                           onclick=\"xs_social_sharer(this);\"\n                           data-pid=\"3921\"\n                           data-uri_hash=\"c60bbe28be74b44aaa764201fd74f18e\"\n                           data-key=\"telegram\"\n                           data-xs-href=\"https:\/\/telegram.me\/share\/url?url=https%3A%2F%2Fvelipost.com%2Findex.php%3Frest_route%3D%252Fwp%252Fv2%252Fposts%252F3921&amp;text=Le+Collectif+Kenbe+Kap%C3%B2w+rejette+la+nomination+du+nouveau+cartel+municipal+au+Cap-Ha%C3%AFtien\">\n\n                            <div class=\"xs-social-icon\">\n                                <span class=\"met-social met-social-telegram\"><\/span>\n                            <\/div>\n\n\t\t\t\t\t\t\t\n                            <div class=\"wslu-hover-content\">\n                                <div class=\"xs-social-followers\">\n\t\t\t\t\t\t\t\t\t0                                <\/div>\n                                <div class=\"xs-social-follower-text\">\n\t\t\t\t\t\t\t\t\tShare                                <\/div>\n                                <div class=\"xs-social-follower-label\">\n\t\t\t\t\t\t\t\t\tTelegram                                <\/div>\n                            <\/div>\n                        <\/a>\n                    <\/li>\n\t\t\t\t\t                    <li class=\"xs-share-li email                        wslu-no-extra-data\">\n                        <a href=\"javascript:void(0);\"\n                           id=\"xs_feed_email\"\n                           onclick=\"xs_social_sharer(this);\"\n                           data-pid=\"3921\"\n                           data-uri_hash=\"c60bbe28be74b44aaa764201fd74f18e\"\n                           data-key=\"email\"\n                           data-xs-href=\"mailto:?body=Title%3A+Le+Collectif+Kenbe+Kap%C3%B2w+rejette+la+nomination+du+nouveau+cartel+municipal+au+Cap-Ha%C3%AFtien+%5Cn%5Cn+URL%3A+https%3A%2F%2Fvelipost.com%2Findex.php%3Frest_route%3D%252Fwp%252Fv2%252Fposts%252F3921&amp;subject=Le+Collectif+Kenbe+Kap%C3%B2w+rejette+la+nomination+du+nouveau+cartel+municipal+au+Cap-Ha%C3%AFtien\">\n\n                            <div class=\"xs-social-icon\">\n                                <span class=\"met-social met-social-email\"><\/span>\n                            <\/div>\n\n\t\t\t\t\t\t\t\n                            <div class=\"wslu-hover-content\">\n                                <div class=\"xs-social-followers\">\n\t\t\t\t\t\t\t\t\t0                                <\/div>\n                                <div class=\"xs-social-follower-text\">\n\t\t\t\t\t\t\t\t\tShare                                <\/div>\n                                <div class=\"xs-social-follower-label\">\n\t\t\t\t\t\t\t\t\tEmail                                <\/div>\n                            <\/div>\n                        <\/a>\n                    <\/li>\n\t\t\t\t\t        <\/ul>\n    <\/div> \n","protected":false},"excerpt":{"rendered":"<p>Le Collectif citoyen\u00a0Kenbe Kap\u00f2w\u00a0s\u2019\u00e9l\u00e8ve vigoureusement contre la d\u00e9cision du Conseil Pr\u00e9sidentiel de Transition (CPT) de nommer un nouveau cartel municipal \u00e0 la t\u00eate de<\/p>\n","protected":false},"author":1,"featured_media":3922,"comment_status":"open","ping_status":"open","sticky":false,"template":"","format":"standard","meta":{"_uag_custom_page_level_css":"","footnotes":"","jetpack_publicize_message":"","jetpack_publicize_feature_enabled":true,"jetpack_social_post_already_shared":true,"jetpack_social_options":{"image_generator_settings":{"template":"highway","default_image_id":0,"font":"","enabled":false},"version":2}},"categories":[3],"tags":[],"class_list":["post-3921","post","type-post","status-publish","format-standard","has-post-thumbnail","hentry","category-societe"],"yoast_head":"<!-- This site is optimized with the Yoast SEO plugin v25.3.1 - https:\/\/yoast.com\/wordpress\/plugins\/seo\/ -->\n<title>Le Collectif Kenbe Kap\u00f2w rejette la nomination du nouveau cartel municipal au Cap-Ha\u00eftien &#8211; VeliPost<\/title>\n<meta name=\"robots\" content=\"index, follow, max-snippet:-1, max-image-preview:large, max-video-preview:-1\" \/>\n<link rel=\"canonical\" href=\"https:\/\/velipost.com\/?p=3921\" \/>\n<meta property=\"og:locale\" content=\"fr_FR\" \/>\n<meta property=\"og:type\" content=\"article\" \/>\n<meta property=\"og:title\" content=\"Le Collectif Kenbe Kap\u00f2w rejette la nomination du nouveau cartel municipal au Cap-Ha\u00eftien &#8211; VeliPost\" \/>\n<meta property=\"og:description\" content=\"Le Collectif citoyen\u00a0Kenbe Kap\u00f2w\u00a0s\u2019\u00e9l\u00e8ve vigoureusement contre la d\u00e9cision du Conseil Pr\u00e9sidentiel de Transition (CPT) de nommer un nouveau cartel municipal \u00e0 la t\u00eate de\" \/>\n<meta property=\"og:url\" content=\"https:\/\/velipost.com\/?p=3921\" \/>\n<meta property=\"og:site_name\" content=\"VeliPost\" \/>\n<meta property=\"article:publisher\" content=\"https:\/\/www.facebook.com\/veliposthaiti\" \/>\n<meta property=\"article:published_time\" content=\"2025-08-22T00:07:00+00:00\" \/>\n<meta property=\"article:modified_time\" content=\"2025-08-22T00:07:03+00:00\" \/>\n<meta property=\"og:image\" content=\"https:\/\/velipost.com\/wp-content\/uploads\/2025\/08\/munici.jpg\" \/>\n\t<meta property=\"og:image:width\" content=\"1170\" \/>\n\t<meta property=\"og:image:height\" content=\"603\" \/>\n\t<meta property=\"og:image:type\" content=\"image\/jpeg\" \/>\n<meta name=\"author\" content=\"VeliPost\" \/>\n<meta name=\"twitter:card\" content=\"summary_large_image\" \/>\n<meta name=\"twitter:creator\" content=\"@veliposthaiti\" \/>\n<meta name=\"twitter:site\" content=\"@veliposthaiti\" \/>\n<meta name=\"twitter:label1\" content=\"\u00c9crit par\" \/>\n\t<meta name=\"twitter:data1\" content=\"VeliPost\" \/>\n\t<meta name=\"twitter:label2\" content=\"Dur\u00e9e de lecture estim\u00e9e\" \/>\n\t<meta name=\"twitter:data2\" content=\"2 minutes\" \/>\n<script type=\"application\/ld+json\" class=\"yoast-schema-graph\">{\"@context\":\"https:\/\/schema.org\",\"@graph\":[{\"@type\":\"Article\",\"@id\":\"https:\/\/velipost.com\/?p=3921#article\",\"isPartOf\":{\"@id\":\"https:\/\/velipost.com\/?p=3921\"},\"author\":{\"name\":\"VeliPost\",\"@id\":\"https:\/\/velipost.com\/#\/schema\/person\/32ff49a53c9c1bb24302ee8ece058096\"},\"headline\":\"Le Collectif Kenbe Kap\u00f2w rejette la nomination du nouveau cartel municipal au Cap-Ha\u00eftien\",\"datePublished\":\"2025-08-22T00:07:00+00:00\",\"dateModified\":\"2025-08-22T00:07:03+00:00\",\"mainEntityOfPage\":{\"@id\":\"https:\/\/velipost.com\/?p=3921\"},\"wordCount\":335,\"commentCount\":0,\"publisher\":{\"@id\":\"https:\/\/velipost.com\/#organization\"},\"image\":{\"@id\":\"https:\/\/velipost.com\/?p=3921#primaryimage\"},\"thumbnailUrl\":\"https:\/\/velipost.com\/wp-content\/uploads\/2025\/08\/munici.jpg\",\"articleSection\":[\"Soci\u00e9t\u00e9\"],\"inLanguage\":\"fr-FR\",\"potentialAction\":[{\"@type\":\"CommentAction\",\"name\":\"Comment\",\"target\":[\"https:\/\/velipost.com\/?p=3921#respond\"]}]},{\"@type\":\"WebPage\",\"@id\":\"https:\/\/velipost.com\/?p=3921\",\"url\":\"https:\/\/velipost.com\/?p=3921\",\"name\":\"Le Collectif Kenbe Kap\u00f2w rejette la nomination du nouveau cartel municipal au Cap-Ha\u00eftien &#8211; VeliPost\",\"isPartOf\":{\"@id\":\"https:\/\/velipost.com\/#website\"},\"primaryImageOfPage\":{\"@id\":\"https:\/\/velipost.com\/?p=3921#primaryimage\"},\"image\":{\"@id\":\"https:\/\/velipost.com\/?p=3921#primaryimage\"},\"thumbnailUrl\":\"https:\/\/velipost.com\/wp-content\/uploads\/2025\/08\/munici.jpg\",\"datePublished\":\"2025-08-22T00:07:00+00:00\",\"dateModified\":\"2025-08-22T00:07:03+00:00\",\"breadcrumb\":{\"@id\":\"https:\/\/velipost.com\/?p=3921#breadcrumb\"},\"inLanguage\":\"fr-FR\",\"potentialAction\":[{\"@type\":\"ReadAction\",\"target\":[\"https:\/\/velipost.com\/?p=3921\"]}]},{\"@type\":\"ImageObject\",\"inLanguage\":\"fr-FR\",\"@id\":\"https:\/\/velipost.com\/?p=3921#primaryimage\",\"url\":\"https:\/\/velipost.com\/wp-content\/uploads\/2025\/08\/munici.jpg\",\"contentUrl\":\"https:\/\/velipost.com\/wp-content\/uploads\/2025\/08\/munici.jpg\",\"width\":1170,\"height\":603},{\"@type\":\"BreadcrumbList\",\"@id\":\"https:\/\/velipost.com\/?p=3921#breadcrumb\",\"itemListElement\":[{\"@type\":\"ListItem\",\"position\":1,\"name\":\"Accueil\",\"item\":\"https:\/\/velipost.com\/\"},{\"@type\":\"ListItem\",\"position\":2,\"name\":\"Le Collectif Kenbe Kap\u00f2w rejette la nomination du nouveau cartel municipal au Cap-Ha\u00eftien\"}]},{\"@type\":\"WebSite\",\"@id\":\"https:\/\/velipost.com\/#website\",\"url\":\"https:\/\/velipost.com\/\",\"name\":\"VeliPost\",\"description\":\"L\u2019info en un clic\",\"publisher\":{\"@id\":\"https:\/\/velipost.com\/#organization\"},\"potentialAction\":[{\"@type\":\"SearchAction\",\"target\":{\"@type\":\"EntryPoint\",\"urlTemplate\":\"https:\/\/velipost.com\/?s={search_term_string}\"},\"query-input\":{\"@type\":\"PropertyValueSpecification\",\"valueRequired\":true,\"valueName\":\"search_term_string\"}}],\"inLanguage\":\"fr-FR\"},{\"@type\":\"Organization\",\"@id\":\"https:\/\/velipost.com\/#organization\",\"name\":\"VeliPost\",\"url\":\"https:\/\/velipost.com\/\",\"logo\":{\"@type\":\"ImageObject\",\"inLanguage\":\"fr-FR\",\"@id\":\"https:\/\/velipost.com\/#\/schema\/logo\/image\/\",\"url\":\"https:\/\/velipost.com\/wp-content\/uploads\/2024\/08\/cropped-VP-logo-piti.png\",\"contentUrl\":\"https:\/\/velipost.com\/wp-content\/uploads\/2024\/08\/cropped-VP-logo-piti.png\",\"width\":201,\"height\":69,\"caption\":\"VeliPost\"},\"image\":{\"@id\":\"https:\/\/velipost.com\/#\/schema\/logo\/image\/\"},\"sameAs\":[\"https:\/\/www.facebook.com\/veliposthaiti\",\"https:\/\/x.com\/veliposthaiti\",\"https:\/\/www.instagram.com\/veliposthaiti\"]},{\"@type\":\"Person\",\"@id\":\"https:\/\/velipost.com\/#\/schema\/person\/32ff49a53c9c1bb24302ee8ece058096\",\"name\":\"VeliPost\",\"image\":{\"@type\":\"ImageObject\",\"inLanguage\":\"fr-FR\",\"@id\":\"https:\/\/velipost.com\/#\/schema\/person\/image\/\",\"url\":\"https:\/\/secure.gravatar.com\/avatar\/57c226c264de62f794185a89596d4a37b85a5ad20aca30d9d5a478b27d8c8d9d?s=96&d=mm&r=g\",\"contentUrl\":\"https:\/\/secure.gravatar.com\/avatar\/57c226c264de62f794185a89596d4a37b85a5ad20aca30d9d5a478b27d8c8d9d?s=96&d=mm&r=g\",\"caption\":\"VeliPost\"},\"sameAs\":[\"https:\/\/velipost.com\"],\"url\":\"https:\/\/velipost.com\/?author=1\"}]}<\/script>\n<!-- \/ Yoast SEO plugin. -->","yoast_head_json":{"title":"Le Collectif Kenbe Kap\u00f2w rejette la nomination du nouveau cartel municipal au Cap-Ha\u00eftien &#8211; VeliPost","robots":{"index":"index","follow":"follow","max-snippet":"max-snippet:-1","max-image-preview":"max-image-preview:large","max-video-preview":"max-video-preview:-1"},"canonical":"https:\/\/velipost.com\/?p=3921","og_locale":"fr_FR","og_type":"article","og_title":"Le Collectif Kenbe Kap\u00f2w rejette la nomination du nouveau cartel municipal au Cap-Ha\u00eftien &#8211; VeliPost","og_description":"Le Collectif citoyen\u00a0Kenbe Kap\u00f2w\u00a0s\u2019\u00e9l\u00e8ve vigoureusement contre la d\u00e9cision du Conseil Pr\u00e9sidentiel de Transition (CPT) de nommer un nouveau cartel municipal \u00e0 la t\u00eate de","og_url":"https:\/\/velipost.com\/?p=3921","og_site_name":"VeliPost","article_publisher":"https:\/\/www.facebook.com\/veliposthaiti","article_published_time":"2025-08-22T00:07:00+00:00","article_modified_time":"2025-08-22T00:07:03+00:00","og_image":[{"width":1170,"height":603,"url":"https:\/\/velipost.com\/wp-content\/uploads\/2025\/08\/munici.jpg","type":"image\/jpeg"}],"author":"VeliPost","twitter_card":"summary_large_image","twitter_creator":"@veliposthaiti","twitter_site":"@veliposthaiti","twitter_misc":{"\u00c9crit par":"VeliPost","Dur\u00e9e de lecture estim\u00e9e":"2 minutes"},"schema":{"@context":"https:\/\/schema.org","@graph":[{"@type":"Article","@id":"https:\/\/velipost.com\/?p=3921#article","isPartOf":{"@id":"https:\/\/velipost.com\/?p=3921"},"author":{"name":"VeliPost","@id":"https:\/\/velipost.com\/#\/schema\/person\/32ff49a53c9c1bb24302ee8ece058096"},"headline":"Le Collectif Kenbe Kap\u00f2w rejette la nomination du nouveau cartel municipal au Cap-Ha\u00eftien","datePublished":"2025-08-22T00:07:00+00:00","dateModified":"2025-08-22T00:07:03+00:00","mainEntityOfPage":{"@id":"https:\/\/velipost.com\/?p=3921"},"wordCount":335,"commentCount":0,"publisher":{"@id":"https:\/\/velipost.com\/#organization"},"image":{"@id":"https:\/\/velipost.com\/?p=3921#primaryimage"},"thumbnailUrl":"https:\/\/velipost.com\/wp-content\/uploads\/2025\/08\/munici.jpg","articleSection":["Soci\u00e9t\u00e9"],"inLanguage":"fr-FR","potentialAction":[{"@type":"CommentAction","name":"Comment","target":["https:\/\/velipost.com\/?p=3921#respond"]}]},{"@type":"WebPage","@id":"https:\/\/velipost.com\/?p=3921","url":"https:\/\/velipost.com\/?p=3921","name":"Le Collectif Kenbe Kap\u00f2w rejette la nomination du nouveau cartel municipal au Cap-Ha\u00eftien &#8211; VeliPost","isPartOf":{"@id":"https:\/\/velipost.com\/#website"},"primaryImageOfPage":{"@id":"https:\/\/velipost.com\/?p=3921#primaryimage"},"image":{"@id":"https:\/\/velipost.com\/?p=3921#primaryimage"},"thumbnailUrl":"https:\/\/velipost.com\/wp-content\/uploads\/2025\/08\/munici.jpg","datePublished":"2025-08-22T00:07:00+00:00","dateModified":"2025-08-22T00:07:03+00:00","breadcrumb":{"@id":"https:\/\/velipost.com\/?p=3921#breadcrumb"},"inLanguage":"fr-FR","potentialAction":[{"@type":"ReadAction","target":["https:\/\/velipost.com\/?p=3921"]}]},{"@type":"ImageObject","inLanguage":"fr-FR","@id":"https:\/\/velipost.com\/?p=3921#primaryimage","url":"https:\/\/velipost.com\/wp-content\/uploads\/2025\/08\/munici.jpg","contentUrl":"https:\/\/velipost.com\/wp-content\/uploads\/2025\/08\/munici.jpg","width":1170,"height":603},{"@type":"BreadcrumbList","@id":"https:\/\/velipost.com\/?p=3921#breadcrumb","itemListElement":[{"@type":"ListItem","position":1,"name":"Accueil","item":"https:\/\/velipost.com\/"},{"@type":"ListItem","position":2,"name":"Le Collectif Kenbe Kap\u00f2w rejette la nomination du nouveau cartel municipal au Cap-Ha\u00eftien"}]},{"@type":"WebSite","@id":"https:\/\/velipost.com\/#website","url":"https:\/\/velipost.com\/","name":"VeliPost","description":"L\u2019info en un clic","publisher":{"@id":"https:\/\/velipost.com\/#organization"},"potentialAction":[{"@type":"SearchAction","target":{"@type":"EntryPoint","urlTemplate":"https:\/\/velipost.com\/?s={search_term_string}"},"query-input":{"@type":"PropertyValueSpecification","valueRequired":true,"valueName":"search_term_string"}}],"inLanguage":"fr-FR"},{"@type":"Organization","@id":"https:\/\/velipost.com\/#organization","name":"VeliPost","url":"https:\/\/velipost.com\/","logo":{"@type":"ImageObject","inLanguage":"fr-FR","@id":"https:\/\/velipost.com\/#\/schema\/logo\/image\/","url":"https:\/\/velipost.com\/wp-content\/uploads\/2024\/08\/cropped-VP-logo-piti.png","contentUrl":"https:\/\/velipost.com\/wp-content\/uploads\/2024\/08\/cropped-VP-logo-piti.png","width":201,"height":69,"caption":"VeliPost"},"image":{"@id":"https:\/\/velipost.com\/#\/schema\/logo\/image\/"},"sameAs":["https:\/\/www.facebook.com\/veliposthaiti","https:\/\/x.com\/veliposthaiti","https:\/\/www.instagram.com\/veliposthaiti"]},{"@type":"Person","@id":"https:\/\/velipost.com\/#\/schema\/person\/32ff49a53c9c1bb24302ee8ece058096","name":"VeliPost","image":{"@type":"ImageObject","inLanguage":"fr-FR","@id":"https:\/\/velipost.com\/#\/schema\/person\/image\/","url":"https:\/\/secure.gravatar.com\/avatar\/57c226c264de62f794185a89596d4a37b85a5ad20aca30d9d5a478b27d8c8d9d?s=96&d=mm&r=g","contentUrl":"https:\/\/secure.gravatar.com\/avatar\/57c226c264de62f794185a89596d4a37b85a5ad20aca30d9d5a478b27d8c8d9d?s=96&d=mm&r=g","caption":"VeliPost"},"sameAs":["https:\/\/velipost.com"],"url":"https:\/\/velipost.com\/?author=1"}]}},"views":1,"jetpack_publicize_connections":[],"uagb_featured_image_src":{"full":["https:\/\/velipost.com\/wp-content\/uploads\/2025\/08\/munici.jpg",1170,603,false],"thumbnail":["https:\/\/velipost.com\/wp-content\/uploads\/2025\/08\/munici-150x150.jpg",150,150,true],"medium":["https:\/\/velipost.com\/wp-content\/uploads\/2025\/08\/munici-300x155.jpg",300,155,true],"medium_large":["https:\/\/velipost.com\/wp-content\/uploads\/2025\/08\/munici-768x396.jpg",715,369,true],"large":["https:\/\/velipost.com\/wp-content\/uploads\/2025\/08\/munici-1024x528.jpg",715,369,true],"1536x1536":["https:\/\/velipost.com\/wp-content\/uploads\/2025\/08\/munici.jpg",1170,603,false],"2048x2048":["https:\/\/velipost.com\/wp-content\/uploads\/2025\/08\/munici.jpg",1170,603,false],"colornews-big-slider":["https:\/\/velipost.com\/wp-content\/uploads\/2025\/08\/munici-1070x470.jpg",1070,470,true],"colornews-big-slider-thumb":["https:\/\/velipost.com\/wp-content\/uploads\/2025\/08\/munici-184x109.jpg",184,109,true],"colornews-featured-post-medium":["https:\/\/velipost.com\/wp-content\/uploads\/2025\/08\/munici-345x265.jpg",345,265,true],"colornews-featured-post-small":["https:\/\/velipost.com\/wp-content\/uploads\/2025\/08\/munici-115x73.jpg",115,73,true],"colornews-random-posts":["https:\/\/velipost.com\/wp-content\/uploads\/2025\/08\/munici-215x215.jpg",215,215,true],"colornews-featured-image":["https:\/\/velipost.com\/wp-content\/uploads\/2025\/08\/munici-715x400.jpg",715,400,true],"mailpoet_newsletter_max":["https:\/\/velipost.com\/wp-content\/uploads\/2025\/08\/munici.jpg",1170,603,false]},"uagb_author_info":{"display_name":"VeliPost","author_link":"https:\/\/velipost.com\/?author=1"},"uagb_comment_info":0,"uagb_excerpt":"Le Collectif citoyen\u00a0Kenbe Kap\u00f2w\u00a0s\u2019\u00e9l\u00e8ve vigoureusement contre la d\u00e9cision du Conseil Pr\u00e9sidentiel de Transition (CPT) de nommer un nouveau cartel municipal \u00e0 la t\u00eate de","_links":{"self":[{"href":"https:\/\/velipost.com\/index.php?rest_route=\/wp\/v2\/posts\/3921","targetHints":{"allow":["GET"]}}],"collection":[{"href":"https:\/\/velipost.com\/index.php?rest_route=\/wp\/v2\/posts"}],"about":[{"href":"https:\/\/velipost.com\/index.php?rest_route=\/wp\/v2\/types\/post"}],"author":[{"embeddable":true,"href":"https:\/\/velipost.com\/index.php?rest_route=\/wp\/v2\/users\/1"}],"replies":[{"embeddable":true,"href":"https:\/\/velipost.com\/index.php?rest_route=%2Fwp%2Fv2%2Fcomments&post=3921"}],"version-history":[{"count":1,"href":"https:\/\/velipost.com\/index.php?rest_route=\/wp\/v2\/posts\/3921\/revisions"}],"predecessor-version":[{"id":3923,"href":"https:\/\/velipost.com\/index.php?rest_route=\/wp\/v2\/posts\/3921\/revisions\/3923"}],"wp:featuredmedia":[{"embeddable":true,"href":"https:\/\/velipost.com\/index.php?rest_route=\/wp\/v2\/media\/3922"}],"wp:attachment":[{"href":"https:\/\/velipost.com\/index.php?rest_route=%2Fwp%2Fv2%2Fmedia&parent=3921"}],"wp:term":[{"taxonomy":"category","embeddable":true,"href":"https:\/\/velipost.com\/index.php?rest_route=%2Fwp%2Fv2%2Fcategories&post=3921"},{"taxonomy":"post_tag","embeddable":true,"href":"https:\/\/velipost.com\/index.php?rest_route=%2Fwp%2Fv2%2Ftags&post=3921"}],"curies":[{"name":"wp","href":"https:\/\/api.w.org\/{rel}","templated":true}]}}