{"id":3902,"date":"2025-08-20T15:10:17","date_gmt":"2025-08-20T13:10:17","guid":{"rendered":"https:\/\/velipost.com\/?p=3902"},"modified":"2025-08-20T15:10:20","modified_gmt":"2025-08-20T13:10:20","slug":"le-president-du-cpt-et-le-premier-ministre-visitent-le-cep-pour-faire-le-point-sur-les-elections-et-le-referendum","status":"publish","type":"post","link":"https:\/\/velipost.com\/?p=3902","title":{"rendered":"Le Pr\u00e9sident du CPT et le Premier ministre visitent le CEP pour faire le point sur les \u00e9lections et le r\u00e9f\u00e9rendum"},"content":{"rendered":"\n<p>Le Pr\u00e9sident du Conseil Pr\u00e9sidentiel de Transition (CPT), Laurent Saint-Cyr, accompagn\u00e9 du Conseiller Pr\u00e9sident Frinel Joseph et du Premier ministre Alix Didier Fils-Aim\u00e9, s\u2019est rendu ce mardi au si\u00e8ge du Conseil \u00c9lectoral Provisoire (CEP) \u00e0 P\u00e9tion-Ville.<\/p>\n\n\n\n<p>Cette visite a permis aux autorit\u00e9s d\u2019\u00e9changer avec les membres du CEP sur l\u2019avancement des pr\u00e9paratifs du r\u00e9f\u00e9rendum constitutionnel et des prochaines \u00e9lections nationales. Les discussions ont \u00e9galement port\u00e9 sur les d\u00e9fis logistiques et financiers auxquels le CEP doit faire face pour garantir un processus \u00e9lectoral cr\u00e9dible.<\/p>\n\n\n\n<p>Le Conseiller Pr\u00e9sident Frinel Joseph a rappel\u00e9 le r\u00f4le essentiel du CEP, institution ind\u00e9pendante, pour la r\u00e9ussite de la transition. Le Premier ministre Alix Didier Fils-Aim\u00e9, quant \u00e0 lui, a r\u00e9affirm\u00e9 l\u2019engagement du Gouvernement \u00e0 soutenir l\u2019institution en traitant rapidement les difficult\u00e9s relevant de sa responsabilit\u00e9.<\/p>\n\n\n\n<p>Le Pr\u00e9sident Laurent Saint-Cyr a insist\u00e9 sur le respect de l\u2019ind\u00e9pendance du CEP. \u00ab L\u2019organisation des \u00e9lections rel\u00e8ve exclusivement de sa responsabilit\u00e9. L\u2019Ex\u00e9cutif n\u2019entend nullement s\u2019immiscer dans ses pr\u00e9rogatives \u00bb, a-t-il d\u00e9clar\u00e9, tout en soulignant la volont\u00e9 du Gouvernement de garantir un environnement s\u00e9curitaire et institutionnel propice \u00e0 des \u00e9lections libres et inclusives.<\/p>\n\n    <div class=\"xs_social_share_widget xs_share_url after_content \t\tmain_content  wslu-style-3 wslu-share-box-shaped wslu-fill-brand-hover-colored wslu-share-m-5 wslu-none wslu-share-horizontal wslu-theme-font-no wslu-main_content\">\n\n\t\t\n        <ul>\n\t\t\t                    <li class=\"xs-share-li twitter                        wslu-no-extra-data\">\n                        <a href=\"javascript:void(0);\"\n                           id=\"xs_feed_twitter\"\n                           onclick=\"xs_social_sharer(this);\"\n                           data-pid=\"3902\"\n                           data-uri_hash=\"036bd0a97f55b64dfef292abab61f857\"\n                           data-key=\"twitter\"\n                           data-xs-href=\"https:\/\/twitter.com\/intent\/tweet?text=Le+Pr%C3%A9sident+du+CPT+et+le+Premier+ministre+visitent+le+CEP+pour+faire+le+point+sur+les+%C3%A9lections+et+le+r%C3%A9f%C3%A9rendum+https%3A%2F%2Fvelipost.com%2Findex.php%3Frest_route%3D%252Fwp%252Fv2%252Fposts%252F3902&amp;original_referer=https%3A%2F%2Fvelipost.com%2Findex.php%3Frest_route%3D%252Fwp%252Fv2%252Fposts%252F3902&amp;related=xpeedstudio\">\n\n                            <div class=\"xs-social-icon\">\n                                <span class=\"met-social met-social-twitter\"><\/span>\n                            <\/div>\n\n\t\t\t\t\t\t\t\n                            <div class=\"wslu-hover-content\">\n                                <div class=\"xs-social-followers\">\n\t\t\t\t\t\t\t\t\t10                                <\/div>\n                                <div class=\"xs-social-follower-text\">\n\t\t\t\t\t\t\t\t\tShare                                <\/div>\n                                <div class=\"xs-social-follower-label\">\n\t\t\t\t\t\t\t\t\tTwitter                                <\/div>\n                            <\/div>\n                        <\/a>\n                    <\/li>\n\t\t\t\t\t                    <li class=\"xs-share-li telegram                        wslu-no-extra-data\">\n                        <a href=\"javascript:void(0);\"\n                           id=\"xs_feed_telegram\"\n                           onclick=\"xs_social_sharer(this);\"\n                           data-pid=\"3902\"\n                           data-uri_hash=\"036bd0a97f55b64dfef292abab61f857\"\n                           data-key=\"telegram\"\n                           data-xs-href=\"https:\/\/telegram.me\/share\/url?url=https%3A%2F%2Fvelipost.com%2Findex.php%3Frest_route%3D%252Fwp%252Fv2%252Fposts%252F3902&amp;text=Le+Pr%C3%A9sident+du+CPT+et+le+Premier+ministre+visitent+le+CEP+pour+faire+le+point+sur+les+%C3%A9lections+et+le+r%C3%A9f%C3%A9rendum\">\n\n                            <div class=\"xs-social-icon\">\n                                <span class=\"met-social met-social-telegram\"><\/span>\n                            <\/div>\n\n\t\t\t\t\t\t\t\n                            <div class=\"wslu-hover-content\">\n                                <div class=\"xs-social-followers\">\n\t\t\t\t\t\t\t\t\t0                                <\/div>\n                                <div class=\"xs-social-follower-text\">\n\t\t\t\t\t\t\t\t\tShare                                <\/div>\n                                <div class=\"xs-social-follower-label\">\n\t\t\t\t\t\t\t\t\tTelegram                                <\/div>\n                            <\/div>\n                        <\/a>\n                    <\/li>\n\t\t\t\t\t                    <li class=\"xs-share-li email                        wslu-no-extra-data\">\n                        <a href=\"javascript:void(0);\"\n                           id=\"xs_feed_email\"\n                           onclick=\"xs_social_sharer(this);\"\n                           data-pid=\"3902\"\n                           data-uri_hash=\"036bd0a97f55b64dfef292abab61f857\"\n                           data-key=\"email\"\n                           data-xs-href=\"mailto:?body=Title%3A+Le+Pr%C3%A9sident+du+CPT+et+le+Premier+ministre+visitent+le+CEP+pour+faire+le+point+sur+les+%C3%A9lections+et+le+r%C3%A9f%C3%A9rendum+%5Cn%5Cn+URL%3A+https%3A%2F%2Fvelipost.com%2Findex.php%3Frest_route%3D%252Fwp%252Fv2%252Fposts%252F3902&amp;subject=Le+Pr%C3%A9sident+du+CPT+et+le+Premier+ministre+visitent+le+CEP+pour+faire+le+point+sur+les+%C3%A9lections+et+le+r%C3%A9f%C3%A9rendum\">\n\n                            <div class=\"xs-social-icon\">\n                                <span class=\"met-social met-social-email\"><\/span>\n                            <\/div>\n\n\t\t\t\t\t\t\t\n                            <div class=\"wslu-hover-content\">\n                                <div class=\"xs-social-followers\">\n\t\t\t\t\t\t\t\t\t0                                <\/div>\n                                <div class=\"xs-social-follower-text\">\n\t\t\t\t\t\t\t\t\tShare                                <\/div>\n                                <div class=\"xs-social-follower-label\">\n\t\t\t\t\t\t\t\t\tEmail                                <\/div>\n                            <\/div>\n                        <\/a>\n                    <\/li>\n\t\t\t\t\t        <\/ul>\n    <\/div> \n","protected":false},"excerpt":{"rendered":"<p>Le Pr\u00e9sident du Conseil Pr\u00e9sidentiel de Transition (CPT), Laurent Saint-Cyr, accompagn\u00e9 du Conseiller Pr\u00e9sident Frinel Joseph et du Premier ministre Alix Didier Fils-Aim\u00e9, s\u2019est<\/p>\n","protected":false},"author":1,"featured_media":3903,"comment_status":"open","ping_status":"open","sticky":false,"template":"","format":"standard","meta":{"_uag_custom_page_level_css":"","footnotes":"","jetpack_publicize_message":"","jetpack_publicize_feature_enabled":true,"jetpack_social_post_already_shared":true,"jetpack_social_options":{"image_generator_settings":{"template":"highway","default_image_id":0,"font":"","enabled":false},"version":2}},"categories":[257],"tags":[],"class_list":["post-3902","post","type-post","status-publish","format-standard","has-post-thumbnail","hentry","category-elections-haitienne"],"yoast_head":"<!-- This site is optimized with the Yoast SEO plugin v25.3.1 - https:\/\/yoast.com\/wordpress\/plugins\/seo\/ -->\n<title>Le Pr\u00e9sident du CPT et le Premier ministre visitent le CEP pour faire le point sur les \u00e9lections et le r\u00e9f\u00e9rendum &#8211; VeliPost<\/title>\n<meta name=\"robots\" content=\"index, follow, max-snippet:-1, max-image-preview:large, max-video-preview:-1\" \/>\n<link rel=\"canonical\" href=\"https:\/\/velipost.com\/?p=3902\" \/>\n<meta property=\"og:locale\" content=\"fr_FR\" \/>\n<meta property=\"og:type\" content=\"article\" \/>\n<meta property=\"og:title\" content=\"Le Pr\u00e9sident du CPT et le Premier ministre visitent le CEP pour faire le point sur les \u00e9lections et le r\u00e9f\u00e9rendum &#8211; VeliPost\" \/>\n<meta property=\"og:description\" content=\"Le Pr\u00e9sident du Conseil Pr\u00e9sidentiel de Transition (CPT), Laurent Saint-Cyr, accompagn\u00e9 du Conseiller Pr\u00e9sident Frinel Joseph et du Premier ministre Alix Didier Fils-Aim\u00e9, s\u2019est\" \/>\n<meta property=\"og:url\" content=\"https:\/\/velipost.com\/?p=3902\" \/>\n<meta property=\"og:site_name\" content=\"VeliPost\" \/>\n<meta property=\"article:publisher\" content=\"https:\/\/www.facebook.com\/veliposthaiti\" \/>\n<meta property=\"article:published_time\" content=\"2025-08-20T13:10:17+00:00\" \/>\n<meta property=\"article:modified_time\" content=\"2025-08-20T13:10:20+00:00\" \/>\n<meta property=\"og:image\" content=\"https:\/\/velipost.com\/wp-content\/uploads\/2025\/08\/cep-pm-cp.jpg\" \/>\n\t<meta property=\"og:image:width\" content=\"1170\" \/>\n\t<meta property=\"og:image:height\" content=\"603\" \/>\n\t<meta property=\"og:image:type\" content=\"image\/jpeg\" \/>\n<meta name=\"author\" content=\"VeliPost\" \/>\n<meta name=\"twitter:card\" content=\"summary_large_image\" \/>\n<meta name=\"twitter:creator\" content=\"@veliposthaiti\" \/>\n<meta name=\"twitter:site\" content=\"@veliposthaiti\" \/>\n<meta name=\"twitter:label1\" content=\"\u00c9crit par\" \/>\n\t<meta name=\"twitter:data1\" content=\"VeliPost\" \/>\n\t<meta name=\"twitter:label2\" content=\"Dur\u00e9e de lecture estim\u00e9e\" \/>\n\t<meta name=\"twitter:data2\" content=\"2 minutes\" \/>\n<script type=\"application\/ld+json\" class=\"yoast-schema-graph\">{\"@context\":\"https:\/\/schema.org\",\"@graph\":[{\"@type\":\"Article\",\"@id\":\"https:\/\/velipost.com\/?p=3902#article\",\"isPartOf\":{\"@id\":\"https:\/\/velipost.com\/?p=3902\"},\"author\":{\"name\":\"VeliPost\",\"@id\":\"https:\/\/velipost.com\/#\/schema\/person\/32ff49a53c9c1bb24302ee8ece058096\"},\"headline\":\"Le Pr\u00e9sident du CPT et le Premier ministre visitent le CEP pour faire le point sur les \u00e9lections et le r\u00e9f\u00e9rendum\",\"datePublished\":\"2025-08-20T13:10:17+00:00\",\"dateModified\":\"2025-08-20T13:10:20+00:00\",\"mainEntityOfPage\":{\"@id\":\"https:\/\/velipost.com\/?p=3902\"},\"wordCount\":234,\"commentCount\":0,\"publisher\":{\"@id\":\"https:\/\/velipost.com\/#organization\"},\"image\":{\"@id\":\"https:\/\/velipost.com\/?p=3902#primaryimage\"},\"thumbnailUrl\":\"https:\/\/velipost.com\/wp-content\/uploads\/2025\/08\/cep-pm-cp.jpg\",\"articleSection\":[\"\u00c9lections Ha\u00eftienne\"],\"inLanguage\":\"fr-FR\",\"potentialAction\":[{\"@type\":\"CommentAction\",\"name\":\"Comment\",\"target\":[\"https:\/\/velipost.com\/?p=3902#respond\"]}]},{\"@type\":\"WebPage\",\"@id\":\"https:\/\/velipost.com\/?p=3902\",\"url\":\"https:\/\/velipost.com\/?p=3902\",\"name\":\"Le Pr\u00e9sident du CPT et le Premier ministre visitent le CEP pour faire le point sur les \u00e9lections et le r\u00e9f\u00e9rendum &#8211; VeliPost\",\"isPartOf\":{\"@id\":\"https:\/\/velipost.com\/#website\"},\"primaryImageOfPage\":{\"@id\":\"https:\/\/velipost.com\/?p=3902#primaryimage\"},\"image\":{\"@id\":\"https:\/\/velipost.com\/?p=3902#primaryimage\"},\"thumbnailUrl\":\"https:\/\/velipost.com\/wp-content\/uploads\/2025\/08\/cep-pm-cp.jpg\",\"datePublished\":\"2025-08-20T13:10:17+00:00\",\"dateModified\":\"2025-08-20T13:10:20+00:00\",\"breadcrumb\":{\"@id\":\"https:\/\/velipost.com\/?p=3902#breadcrumb\"},\"inLanguage\":\"fr-FR\",\"potentialAction\":[{\"@type\":\"ReadAction\",\"target\":[\"https:\/\/velipost.com\/?p=3902\"]}]},{\"@type\":\"ImageObject\",\"inLanguage\":\"fr-FR\",\"@id\":\"https:\/\/velipost.com\/?p=3902#primaryimage\",\"url\":\"https:\/\/velipost.com\/wp-content\/uploads\/2025\/08\/cep-pm-cp.jpg\",\"contentUrl\":\"https:\/\/velipost.com\/wp-content\/uploads\/2025\/08\/cep-pm-cp.jpg\",\"width\":1170,\"height\":603},{\"@type\":\"BreadcrumbList\",\"@id\":\"https:\/\/velipost.com\/?p=3902#breadcrumb\",\"itemListElement\":[{\"@type\":\"ListItem\",\"position\":1,\"name\":\"Accueil\",\"item\":\"https:\/\/velipost.com\/\"},{\"@type\":\"ListItem\",\"position\":2,\"name\":\"Le Pr\u00e9sident du CPT et le Premier ministre visitent le CEP pour faire le point sur les \u00e9lections et le r\u00e9f\u00e9rendum\"}]},{\"@type\":\"WebSite\",\"@id\":\"https:\/\/velipost.com\/#website\",\"url\":\"https:\/\/velipost.com\/\",\"name\":\"VeliPost\",\"description\":\"L\u2019info en un clic\",\"publisher\":{\"@id\":\"https:\/\/velipost.com\/#organization\"},\"potentialAction\":[{\"@type\":\"SearchAction\",\"target\":{\"@type\":\"EntryPoint\",\"urlTemplate\":\"https:\/\/velipost.com\/?s={search_term_string}\"},\"query-input\":{\"@type\":\"PropertyValueSpecification\",\"valueRequired\":true,\"valueName\":\"search_term_string\"}}],\"inLanguage\":\"fr-FR\"},{\"@type\":\"Organization\",\"@id\":\"https:\/\/velipost.com\/#organization\",\"name\":\"VeliPost\",\"url\":\"https:\/\/velipost.com\/\",\"logo\":{\"@type\":\"ImageObject\",\"inLanguage\":\"fr-FR\",\"@id\":\"https:\/\/velipost.com\/#\/schema\/logo\/image\/\",\"url\":\"https:\/\/velipost.com\/wp-content\/uploads\/2024\/08\/cropped-VP-logo-piti.png\",\"contentUrl\":\"https:\/\/velipost.com\/wp-content\/uploads\/2024\/08\/cropped-VP-logo-piti.png\",\"width\":201,\"height\":69,\"caption\":\"VeliPost\"},\"image\":{\"@id\":\"https:\/\/velipost.com\/#\/schema\/logo\/image\/\"},\"sameAs\":[\"https:\/\/www.facebook.com\/veliposthaiti\",\"https:\/\/x.com\/veliposthaiti\",\"https:\/\/www.instagram.com\/veliposthaiti\"]},{\"@type\":\"Person\",\"@id\":\"https:\/\/velipost.com\/#\/schema\/person\/32ff49a53c9c1bb24302ee8ece058096\",\"name\":\"VeliPost\",\"image\":{\"@type\":\"ImageObject\",\"inLanguage\":\"fr-FR\",\"@id\":\"https:\/\/velipost.com\/#\/schema\/person\/image\/\",\"url\":\"https:\/\/secure.gravatar.com\/avatar\/57c226c264de62f794185a89596d4a37b85a5ad20aca30d9d5a478b27d8c8d9d?s=96&d=mm&r=g\",\"contentUrl\":\"https:\/\/secure.gravatar.com\/avatar\/57c226c264de62f794185a89596d4a37b85a5ad20aca30d9d5a478b27d8c8d9d?s=96&d=mm&r=g\",\"caption\":\"VeliPost\"},\"sameAs\":[\"https:\/\/velipost.com\"],\"url\":\"https:\/\/velipost.com\/?author=1\"}]}<\/script>\n<!-- \/ Yoast SEO plugin. -->","yoast_head_json":{"title":"Le Pr\u00e9sident du CPT et le Premier ministre visitent le CEP pour faire le point sur les \u00e9lections et le r\u00e9f\u00e9rendum &#8211; VeliPost","robots":{"index":"index","follow":"follow","max-snippet":"max-snippet:-1","max-image-preview":"max-image-preview:large","max-video-preview":"max-video-preview:-1"},"canonical":"https:\/\/velipost.com\/?p=3902","og_locale":"fr_FR","og_type":"article","og_title":"Le Pr\u00e9sident du CPT et le Premier ministre visitent le CEP pour faire le point sur les \u00e9lections et le r\u00e9f\u00e9rendum &#8211; VeliPost","og_description":"Le Pr\u00e9sident du Conseil Pr\u00e9sidentiel de Transition (CPT), Laurent Saint-Cyr, accompagn\u00e9 du Conseiller Pr\u00e9sident Frinel Joseph et du Premier ministre Alix Didier Fils-Aim\u00e9, s\u2019est","og_url":"https:\/\/velipost.com\/?p=3902","og_site_name":"VeliPost","article_publisher":"https:\/\/www.facebook.com\/veliposthaiti","article_published_time":"2025-08-20T13:10:17+00:00","article_modified_time":"2025-08-20T13:10:20+00:00","og_image":[{"width":1170,"height":603,"url":"https:\/\/velipost.com\/wp-content\/uploads\/2025\/08\/cep-pm-cp.jpg","type":"image\/jpeg"}],"author":"VeliPost","twitter_card":"summary_large_image","twitter_creator":"@veliposthaiti","twitter_site":"@veliposthaiti","twitter_misc":{"\u00c9crit par":"VeliPost","Dur\u00e9e de lecture estim\u00e9e":"2 minutes"},"schema":{"@context":"https:\/\/schema.org","@graph":[{"@type":"Article","@id":"https:\/\/velipost.com\/?p=3902#article","isPartOf":{"@id":"https:\/\/velipost.com\/?p=3902"},"author":{"name":"VeliPost","@id":"https:\/\/velipost.com\/#\/schema\/person\/32ff49a53c9c1bb24302ee8ece058096"},"headline":"Le Pr\u00e9sident du CPT et le Premier ministre visitent le CEP pour faire le point sur les \u00e9lections et le r\u00e9f\u00e9rendum","datePublished":"2025-08-20T13:10:17+00:00","dateModified":"2025-08-20T13:10:20+00:00","mainEntityOfPage":{"@id":"https:\/\/velipost.com\/?p=3902"},"wordCount":234,"commentCount":0,"publisher":{"@id":"https:\/\/velipost.com\/#organization"},"image":{"@id":"https:\/\/velipost.com\/?p=3902#primaryimage"},"thumbnailUrl":"https:\/\/velipost.com\/wp-content\/uploads\/2025\/08\/cep-pm-cp.jpg","articleSection":["\u00c9lections Ha\u00eftienne"],"inLanguage":"fr-FR","potentialAction":[{"@type":"CommentAction","name":"Comment","target":["https:\/\/velipost.com\/?p=3902#respond"]}]},{"@type":"WebPage","@id":"https:\/\/velipost.com\/?p=3902","url":"https:\/\/velipost.com\/?p=3902","name":"Le Pr\u00e9sident du CPT et le Premier ministre visitent le CEP pour faire le point sur les \u00e9lections et le r\u00e9f\u00e9rendum &#8211; VeliPost","isPartOf":{"@id":"https:\/\/velipost.com\/#website"},"primaryImageOfPage":{"@id":"https:\/\/velipost.com\/?p=3902#primaryimage"},"image":{"@id":"https:\/\/velipost.com\/?p=3902#primaryimage"},"thumbnailUrl":"https:\/\/velipost.com\/wp-content\/uploads\/2025\/08\/cep-pm-cp.jpg","datePublished":"2025-08-20T13:10:17+00:00","dateModified":"2025-08-20T13:10:20+00:00","breadcrumb":{"@id":"https:\/\/velipost.com\/?p=3902#breadcrumb"},"inLanguage":"fr-FR","potentialAction":[{"@type":"ReadAction","target":["https:\/\/velipost.com\/?p=3902"]}]},{"@type":"ImageObject","inLanguage":"fr-FR","@id":"https:\/\/velipost.com\/?p=3902#primaryimage","url":"https:\/\/velipost.com\/wp-content\/uploads\/2025\/08\/cep-pm-cp.jpg","contentUrl":"https:\/\/velipost.com\/wp-content\/uploads\/2025\/08\/cep-pm-cp.jpg","width":1170,"height":603},{"@type":"BreadcrumbList","@id":"https:\/\/velipost.com\/?p=3902#breadcrumb","itemListElement":[{"@type":"ListItem","position":1,"name":"Accueil","item":"https:\/\/velipost.com\/"},{"@type":"ListItem","position":2,"name":"Le Pr\u00e9sident du CPT et le Premier ministre visitent le CEP pour faire le point sur les \u00e9lections et le r\u00e9f\u00e9rendum"}]},{"@type":"WebSite","@id":"https:\/\/velipost.com\/#website","url":"https:\/\/velipost.com\/","name":"VeliPost","description":"L\u2019info en un clic","publisher":{"@id":"https:\/\/velipost.com\/#organization"},"potentialAction":[{"@type":"SearchAction","target":{"@type":"EntryPoint","urlTemplate":"https:\/\/velipost.com\/?s={search_term_string}"},"query-input":{"@type":"PropertyValueSpecification","valueRequired":true,"valueName":"search_term_string"}}],"inLanguage":"fr-FR"},{"@type":"Organization","@id":"https:\/\/velipost.com\/#organization","name":"VeliPost","url":"https:\/\/velipost.com\/","logo":{"@type":"ImageObject","inLanguage":"fr-FR","@id":"https:\/\/velipost.com\/#\/schema\/logo\/image\/","url":"https:\/\/velipost.com\/wp-content\/uploads\/2024\/08\/cropped-VP-logo-piti.png","contentUrl":"https:\/\/velipost.com\/wp-content\/uploads\/2024\/08\/cropped-VP-logo-piti.png","width":201,"height":69,"caption":"VeliPost"},"image":{"@id":"https:\/\/velipost.com\/#\/schema\/logo\/image\/"},"sameAs":["https:\/\/www.facebook.com\/veliposthaiti","https:\/\/x.com\/veliposthaiti","https:\/\/www.instagram.com\/veliposthaiti"]},{"@type":"Person","@id":"https:\/\/velipost.com\/#\/schema\/person\/32ff49a53c9c1bb24302ee8ece058096","name":"VeliPost","image":{"@type":"ImageObject","inLanguage":"fr-FR","@id":"https:\/\/velipost.com\/#\/schema\/person\/image\/","url":"https:\/\/secure.gravatar.com\/avatar\/57c226c264de62f794185a89596d4a37b85a5ad20aca30d9d5a478b27d8c8d9d?s=96&d=mm&r=g","contentUrl":"https:\/\/secure.gravatar.com\/avatar\/57c226c264de62f794185a89596d4a37b85a5ad20aca30d9d5a478b27d8c8d9d?s=96&d=mm&r=g","caption":"VeliPost"},"sameAs":["https:\/\/velipost.com"],"url":"https:\/\/velipost.com\/?author=1"}]}},"views":2,"jetpack_publicize_connections":[],"uagb_featured_image_src":{"full":["https:\/\/velipost.com\/wp-content\/uploads\/2025\/08\/cep-pm-cp.jpg",1170,603,false],"thumbnail":["https:\/\/velipost.com\/wp-content\/uploads\/2025\/08\/cep-pm-cp-150x150.jpg",150,150,true],"medium":["https:\/\/velipost.com\/wp-content\/uploads\/2025\/08\/cep-pm-cp-300x155.jpg",300,155,true],"medium_large":["https:\/\/velipost.com\/wp-content\/uploads\/2025\/08\/cep-pm-cp-768x396.jpg",715,369,true],"large":["https:\/\/velipost.com\/wp-content\/uploads\/2025\/08\/cep-pm-cp-1024x528.jpg",715,369,true],"1536x1536":["https:\/\/velipost.com\/wp-content\/uploads\/2025\/08\/cep-pm-cp.jpg",1170,603,false],"2048x2048":["https:\/\/velipost.com\/wp-content\/uploads\/2025\/08\/cep-pm-cp.jpg",1170,603,false],"colornews-big-slider":["https:\/\/velipost.com\/wp-content\/uploads\/2025\/08\/cep-pm-cp-1070x470.jpg",1070,470,true],"colornews-big-slider-thumb":["https:\/\/velipost.com\/wp-content\/uploads\/2025\/08\/cep-pm-cp-184x109.jpg",184,109,true],"colornews-featured-post-medium":["https:\/\/velipost.com\/wp-content\/uploads\/2025\/08\/cep-pm-cp-345x265.jpg",345,265,true],"colornews-featured-post-small":["https:\/\/velipost.com\/wp-content\/uploads\/2025\/08\/cep-pm-cp-115x73.jpg",115,73,true],"colornews-random-posts":["https:\/\/velipost.com\/wp-content\/uploads\/2025\/08\/cep-pm-cp-215x215.jpg",215,215,true],"colornews-featured-image":["https:\/\/velipost.com\/wp-content\/uploads\/2025\/08\/cep-pm-cp-715x400.jpg",715,400,true],"mailpoet_newsletter_max":["https:\/\/velipost.com\/wp-content\/uploads\/2025\/08\/cep-pm-cp.jpg",1170,603,false]},"uagb_author_info":{"display_name":"VeliPost","author_link":"https:\/\/velipost.com\/?author=1"},"uagb_comment_info":0,"uagb_excerpt":"Le Pr\u00e9sident du Conseil Pr\u00e9sidentiel de Transition (CPT), Laurent Saint-Cyr, accompagn\u00e9 du Conseiller Pr\u00e9sident Frinel Joseph et du Premier ministre Alix Didier Fils-Aim\u00e9, s\u2019est","_links":{"self":[{"href":"https:\/\/velipost.com\/index.php?rest_route=\/wp\/v2\/posts\/3902","targetHints":{"allow":["GET"]}}],"collection":[{"href":"https:\/\/velipost.com\/index.php?rest_route=\/wp\/v2\/posts"}],"about":[{"href":"https:\/\/velipost.com\/index.php?rest_route=\/wp\/v2\/types\/post"}],"author":[{"embeddable":true,"href":"https:\/\/velipost.com\/index.php?rest_route=\/wp\/v2\/users\/1"}],"replies":[{"embeddable":true,"href":"https:\/\/velipost.com\/index.php?rest_route=%2Fwp%2Fv2%2Fcomments&post=3902"}],"version-history":[{"count":1,"href":"https:\/\/velipost.com\/index.php?rest_route=\/wp\/v2\/posts\/3902\/revisions"}],"predecessor-version":[{"id":3904,"href":"https:\/\/velipost.com\/index.php?rest_route=\/wp\/v2\/posts\/3902\/revisions\/3904"}],"wp:featuredmedia":[{"embeddable":true,"href":"https:\/\/velipost.com\/index.php?rest_route=\/wp\/v2\/media\/3903"}],"wp:attachment":[{"href":"https:\/\/velipost.com\/index.php?rest_route=%2Fwp%2Fv2%2Fmedia&parent=3902"}],"wp:term":[{"taxonomy":"category","embeddable":true,"href":"https:\/\/velipost.com\/index.php?rest_route=%2Fwp%2Fv2%2Fcategories&post=3902"},{"taxonomy":"post_tag","embeddable":true,"href":"https:\/\/velipost.com\/index.php?rest_route=%2Fwp%2Fv2%2Ftags&post=3902"}],"curies":[{"name":"wp","href":"https:\/\/api.w.org\/{rel}","templated":true}]}}